{"id":94978,"date":"2023-09-12T19:14:15","date_gmt":"2023-09-12T22:14:15","guid":{"rendered":"https:\/\/regiaonews.net.br\/2022\/?p=94978"},"modified":"2023-09-12T19:14:15","modified_gmt":"2023-09-12T22:14:15","slug":"camara-agenda-homenagem-a-renato-lima-de-oliveira-presidente-geral-internacional-dos-vicentinos","status":"publish","type":"post","link":"https:\/\/regiaonews.net.br\/2022\/2023\/09\/12\/camara-agenda-homenagem-a-renato-lima-de-oliveira-presidente-geral-internacional-dos-vicentinos\/","title":{"rendered":"C\u00e2mara agenda homenagem a Renato Lima de Oliveira, Presidente Geral Internacional dos Vicentinos"},"content":{"rendered":"<p>Homenagem foi proposta pelo Vice-Presidente da C\u00e2mara, vereador Gabriel Uchida (UNI\u00c3O)<\/p>\n<p>A C\u00e2mara de Barretos agendou para o dia\u00a0<strong>22 de setembro<\/strong>\u00a0(sexta-feira),<strong>\u00a0\u00e0s 19h<\/strong>,\u00a0<strong>Sess\u00e3o Solene\u00a0<\/strong>para a\u00a0<strong>entrega do T\u00edtulo de Cidad\u00e3o Honor\u00e1rio da Est\u00e2ncia Tur\u00edstica de Barretos<\/strong>\u00a0ao 16\u00ba\u00a0Presidente Geral Internacional da Sociedade S\u00e3o Vicente de Paulo entre 2016-2023,\u00a0<strong>Renato Lima de Oliveira.<\/strong><\/p>\n<p>&nbsp;<\/p>\n<p>A homenagem foi proposta pelo vice-Presidente da C\u00e2mara, vereador\u00a0<strong>Gabriel Uchida (UNI\u00c3O)<\/strong>, por meio do\u00a0<a title=\"\" href=\"http:\/\/consulta.camarabarretos.sp.gov.br\/Documentos\/Documento\/390120\" target=\"_blank\" rel=\"noopener\" data-original-title=\"\"><strong>Projeto de Decreto Legislativo n\u00ba 19\/2023<\/strong><\/a><a title=\"\" href=\"http:\/\/consulta.camarabarretos.sp.gov.br\/Documentos\/Documento\/394212\" target=\"_blank\" rel=\"noopener\" data-original-title=\"\"><strong>,<\/strong>\u00a0<\/a>aprovado por todos os vereadores.<\/p>\n<p>&nbsp;<\/p>\n<p>Autoridades locais, profissionais de imprensa, familiares, amigos e admiradores de Renato Lima, bem como todos os assistidos pelos &#8220;Vicentinos&#8221; de Barretos e regi\u00e3o\u00a0est\u00e3o convidados a acompanhar a homenagem presencialmente na C\u00e2mara.<\/p>\n<p>&nbsp;<\/p>\n<p>A solenidade ter\u00e1 transmiss\u00e3o ao vivo pela\u00a0<strong>TV C\u00e2mara<\/strong>\u00a0no\u00a0<strong>canal 31.3,\u00a0<a title=\"\" href=\"https:\/\/www.facebook.com\/tvcamarabarretos\/videos\" target=\"_blank\" rel=\"noopener\" data-original-title=\"\">Facebook<\/a>\u00a0e\u00a0<a title=\"\" href=\"https:\/\/www.youtube.com\/tvcamarabarretos\" target=\"_blank\" rel=\"noopener\" data-original-title=\"\">Youtube<\/a><\/strong>, al\u00e9m de resumo\u00a0no<strong><a title=\"\" href=\"https:\/\/www.instagram.com\/camarabarretos\/\" target=\"_blank\" rel=\"noopener\" data-original-title=\"\">\u00a0Instagram<\/a>.<\/strong><\/p>\n<p><strong>SOBRE A SSVP &#8211; SOCIEDADE S\u00c3O VICENTE DE PAULO<\/strong><\/p>\n<p>&nbsp;<\/p>\n<p>A\u00a0<strong>Sociedade S\u00e3o Vicente de Paulo<\/strong>\u00a0\u00e9 uma organiza\u00e7\u00e3o cat\u00f3lica de caridade que tem como objetivo\u00a0<strong>ajudar pessoas em situa\u00e7\u00e3o de vulnerabilidade social.\u00a0\u00a0<\/strong><\/p>\n<p>&nbsp;<\/p>\n<p>Foi fundada em 1833, na Fran\u00e7a, por sete jovens com idade entre 19 a 23 anos, dentre eles\u00a0Ant\u00f4nio Frederico Ozanam (1813-1853). Um ano depois, escolheu o santo padre franc\u00eas Vicente de Paulo (1581-1660) para ser o patrono.<\/p>\n<p>&nbsp;<\/p>\n<p><strong>Em Barretos, a primeira Confer\u00eancia da SSVP\u00a0 foi fundada aos 11 de maio de 1911, na matriz do Divino Esp\u00edrito Santo, sendo uma das mais antigas associa\u00e7\u00f5es religiosas da regi\u00e3o.\u00a0<\/strong><\/p>\n<p>&nbsp;<\/p>\n<p><strong>Os trabalhadores da SSVP s\u00e3o popularmente chamados de &#8220;Vicentinos&#8221;<\/strong><\/p>\n<p><strong>O HOMENAGEADO<\/strong><\/p>\n<p>&nbsp;<\/p>\n<p><strong>Renato Lima de Oliveira<\/strong>\u00a0tem 52 anos e nasceu na cidade do Rio de Janeiro\/RJ. \u00c9\u00a0 casado com Andrea Bueno e pai de\u00a0\u00a0Gustavo e Bianca.<\/p>\n<p>&nbsp;<\/p>\n<p>Formado em Jornalismo, Renato\u00a0possui tr\u00eas p\u00f3s-gradua\u00e7\u00f5es:\u00a0Marketing, Assessoria Parlamentar e Regula\u00e7\u00e3o das Telecomunica\u00e7\u00f5es;\u00a0 \u00c9 Mestre em Ci\u00eancia Pol\u00edtica e Douturado\u00a0em Ci\u00eancias Pol\u00edticas pela Universidade de Lisboa\/ Portugal.<\/p>\n<p>&nbsp;<\/p>\n<p><strong>Ingressou na SSVP (Sociedade S\u00e3o Vicente de Paulo) aos 16 anos (1986)\u00a0na Confer\u00eancia Santo Tom\u00e1s de Aquino,\u00a0 em Campinas, S\u00e3o Paulo, da\u00a0qual faz parte at\u00e9 hoje.<\/strong><\/p>\n<p>&nbsp;<\/p>\n<p>Entre os cargos e as fun\u00e7\u00f5es j\u00e1 desempenhados na SSVP est\u00e3o:\u00a0\u00a01986-1988 = Secret\u00e1rio da Confer\u00eancia Santo Tom\u00e1s de Aquino (Campinas, S\u00e3o Paulo, Brasil); 1990-1994 = Coordenador da Comiss\u00e3o de Jovens do Conselho Particular Nossa Senhora das Gra\u00e7as, Asa Norte, Bras\u00edlia;\u00a0\u00a01994-1998 = Coordenador da Comiss\u00e3o de Jovens do Conselho Central Divino Esp\u00edrito Santo;\u00a0\u00a01994-2001 = Editor do Jornal Convincente; 2001-2004 = Presidente da Confer\u00eancia S\u00e3o Francisco de Assis ;\u00a0\u00a02002-2006 = Coordenador da Escola de Capacita\u00e7\u00e3o Ant\u00f4nio-Frederico Ozanam, da \u00e1rea do Conselho Central Divino Esp\u00edrito Santo;\u00a0 2006-2010 = Presidente do Conselho Central Divino Esp\u00edrito Santo (com 80 Confer\u00eancias e 8 Conselhos Particulares); 2013-2016 = Secret\u00e1rio da Confer\u00eancia S\u00e3o Francisco de Assis (Bras\u00edlia);\u00a0\u00a02016-2022 = Secret\u00e1rio da Confer\u00eancia Nossa Senhora de F\u00e1tima (CruzeiroDF).<\/p>\n<p>&nbsp;<\/p>\n<p>No Conselho Geral Internacional teve atua\u00e7\u00e3o nas seguintes \u00e1reas:\u00a0\u00a02001-2002 = Consultor de Comunica\u00e7\u00e3o do Conselho Geral;\u00a0\u00a02008-2016 = Vice-presidente Territorial Internacional Am\u00e9rica 3 (Am\u00e9rica do Sul); 2008-2016 = Membro efetivo da Se\u00e7\u00e3o Permanente do Conselho Geral;\u00a0\u00a02013-2016 = Representante do Conselho Geral na Comiss\u00e3o de Colabora\u00e7\u00e3o da Fam\u00edlia Vicentina Internacional;\u00a0<strong>\u00a02016-2023 = 16\u00ba Presidente-Geral Internacional. Desde 4 de abril de 2023 = Secret\u00e1rio da Confer\u00eancia M\u00e3e da Divina Miseric\u00f3rdia (Asa Norte) Bras\u00edlia-DF.<\/strong><\/p>\n<p>&nbsp;<\/p>\n<p>Renato Lima tamb\u00e9m \u00e9 servidor p\u00fablico da ANATEL &#8211; Ag\u00eancia Nacional de Telecomunica\u00e7\u00f5es e autor dos livros vicentinos em portugu\u00eas: \u00a0<strong>&#8220;Cr\u00f4nicas Vicentinas&#8221; (2006);\u00a0 &#8220;Outras Cr\u00f4nicas Vicentinas&#8221; (2010); &#8220;Novas Cr\u00f4nicas Vicentinas&#8221; (2013) ; &#8220;Cr\u00f4nicas Vicentinas IV&#8221; (2015); &#8220;Cr\u00f4nicas Vicentinas V&#8221; (2021); e\u00a0&#8220;Cartas Circulares&#8221; (2023); em espanhol:\u00a0<\/strong><strong>\u201cApasionados por la caridade y la justicia\u201d (2017);\u00a0al\u00e9m de ser o organizador do livro &#8220;Os Vicentinos e o Parlamento Brasileiro&#8221; (2012) e coautor do livro &#8220;Rela\u00e7\u00f5es Governamentaris sobre pol\u00edtica&#8221; (2013).<\/strong><\/p>\n<p>&nbsp;<\/p>\n<p>J\u00e1 fez parte dos seguintes movimentos ou pastorais:\u00a0<strong>SEGUE-ME (jovens), EMA\u00daS (jovens adultos), PASTORAL DA SA\u00daDE (visita a enfermos) e PASTORAL UNIVERSIT\u00c1RIA (mobiliza\u00e7\u00e3o de estudantes).<\/strong><\/p>\n<p>&nbsp;<\/p>\n<p><strong>Al\u00e9m de Barretos\/SP, Renato \u00e9 cidad\u00e3o honor\u00e1rio nas cidades de Goi\u00e2nia (GO), Recife (PE), S\u00e3o Carlos (SP), V\u00e1rzea Alegre (CE), Limeira (SP), Bras\u00edlia (DF), Bauru (SP), Mar\u00edlia (SP), Taubat\u00e9 (SP), Barbacena (MG), Navarro (Argentina) e Salamanca (Espanha).<\/strong><\/p>\n<p>&nbsp;<\/p>\n<p>Recebeu tamb\u00e9m a &#8220;<strong>Medalha do M\u00e9rito Legislativo&#8221; em\u00a0Goi\u00e2nia (GO) e no Congresso Nacional (DF);<\/strong>\u00a0a\u00a0<strong>Comenda &#8220;Ordem do Rio Branco&#8221; (grau de comendador) no\u00a0Minist\u00e9rio das Rela\u00e7\u00f5es Exteriores (DF) em 2022\u00a0 e\u00a0 a &#8220;Medalha do M\u00e9rito da Seguran\u00e7a P\u00fablica&#8221; no DF\u00a0 em 2022.<\/strong><\/p>\n<p>&nbsp;<\/p>\n","protected":false},"excerpt":{"rendered":"<p>Homenagem foi proposta pelo Vice-Presidente da C\u00e2mara, vereador Gabriel Uchida<\/p>\n","protected":false},"author":2,"featured_media":94979,"comment_status":"open","ping_status":"open","sticky":false,"template":"","format":"standard","meta":{"footnotes":""},"categories":[14,3],"tags":[],"class_list":["post-94978","post","type-post","status-publish","format-standard","has-post-thumbnail","hentry","category-barretos","category-geral"],"yoast_head":"<!-- This site is optimized with the Yoast SEO plugin v27.4 - https:\/\/yoast.com\/product\/yoast-seo-wordpress\/ -->\n<title>C\u00e2mara agenda homenagem a Renato Lima de Oliveira, Presidente Geral Internacional dos Vicentinos - Regi\u00e3o News<\/title>\n<meta name=\"robots\" content=\"index, follow, max-snippet:-1, max-image-preview:large, max-video-preview:-1\" \/>\n<link rel=\"canonical\" href=\"https:\/\/regiaonews.net.br\/2022\/2023\/09\/12\/camara-agenda-homenagem-a-renato-lima-de-oliveira-presidente-geral-internacional-dos-vicentinos\/\" \/>\n<meta property=\"og:locale\" content=\"pt_BR\" \/>\n<meta property=\"og:type\" content=\"article\" \/>\n<meta property=\"og:title\" content=\"C\u00e2mara agenda homenagem a Renato Lima de Oliveira, Presidente Geral Internacional dos Vicentinos - Regi\u00e3o News\" \/>\n<meta property=\"og:description\" content=\"Homenagem foi proposta pelo Vice-Presidente da C\u00e2mara, vereador Gabriel Uchida\" \/>\n<meta property=\"og:url\" content=\"https:\/\/regiaonews.net.br\/2022\/2023\/09\/12\/camara-agenda-homenagem-a-renato-lima-de-oliveira-presidente-geral-internacional-dos-vicentinos\/\" \/>\n<meta property=\"og:site_name\" content=\"Regi\u00e3o News\" \/>\n<meta property=\"article:published_time\" content=\"2023-09-12T22:14:15+00:00\" \/>\n<meta property=\"og:image\" content=\"https:\/\/regiaonews.net.br\/2022\/wp-content\/uploads\/2023\/09\/alta_169435461264fdccb440dc8.jpg\" \/>\n\t<meta property=\"og:image:width\" content=\"1080\" \/>\n\t<meta property=\"og:image:height\" content=\"1080\" \/>\n\t<meta property=\"og:image:type\" content=\"image\/jpeg\" \/>\n<meta name=\"author\" content=\"Roberto\" \/>\n<meta name=\"twitter:card\" content=\"summary_large_image\" \/>\n<meta name=\"twitter:label1\" content=\"Escrito por\" \/>\n\t<meta name=\"twitter:data1\" content=\"Roberto\" \/>\n\t<meta name=\"twitter:label2\" content=\"Est. tempo de leitura\" \/>\n\t<meta name=\"twitter:data2\" content=\"4 minutos\" \/>\n<script type=\"application\/ld+json\" class=\"yoast-schema-graph\">{\"@context\":\"https:\\\/\\\/schema.org\",\"@graph\":[{\"@type\":\"Article\",\"@id\":\"https:\\\/\\\/regiaonews.net.br\\\/2022\\\/2023\\\/09\\\/12\\\/camara-agenda-homenagem-a-renato-lima-de-oliveira-presidente-geral-internacional-dos-vicentinos\\\/#article\",\"isPartOf\":{\"@id\":\"https:\\\/\\\/regiaonews.net.br\\\/2022\\\/2023\\\/09\\\/12\\\/camara-agenda-homenagem-a-renato-lima-de-oliveira-presidente-geral-internacional-dos-vicentinos\\\/\"},\"author\":{\"name\":\"Roberto\",\"@id\":\"https:\\\/\\\/regiaonews.net.br\\\/2022\\\/#\\\/schema\\\/person\\\/2d205a608a5aa97ac279d7a5e6d89ad8\"},\"headline\":\"C\u00e2mara agenda homenagem a Renato Lima de Oliveira, Presidente Geral Internacional dos Vicentinos\",\"datePublished\":\"2023-09-12T22:14:15+00:00\",\"mainEntityOfPage\":{\"@id\":\"https:\\\/\\\/regiaonews.net.br\\\/2022\\\/2023\\\/09\\\/12\\\/camara-agenda-homenagem-a-renato-lima-de-oliveira-presidente-geral-internacional-dos-vicentinos\\\/\"},\"wordCount\":805,\"commentCount\":0,\"publisher\":{\"@id\":\"https:\\\/\\\/regiaonews.net.br\\\/2022\\\/#organization\"},\"image\":{\"@id\":\"https:\\\/\\\/regiaonews.net.br\\\/2022\\\/2023\\\/09\\\/12\\\/camara-agenda-homenagem-a-renato-lima-de-oliveira-presidente-geral-internacional-dos-vicentinos\\\/#primaryimage\"},\"thumbnailUrl\":\"https:\\\/\\\/regiaonews.net.br\\\/2022\\\/wp-content\\\/uploads\\\/2023\\\/09\\\/alta_169435461264fdccb440dc8.jpg\",\"articleSection\":[\"Barretos\",\"Geral\"],\"inLanguage\":\"pt-BR\",\"potentialAction\":[{\"@type\":\"CommentAction\",\"name\":\"Comment\",\"target\":[\"https:\\\/\\\/regiaonews.net.br\\\/2022\\\/2023\\\/09\\\/12\\\/camara-agenda-homenagem-a-renato-lima-de-oliveira-presidente-geral-internacional-dos-vicentinos\\\/#respond\"]}]},{\"@type\":\"WebPage\",\"@id\":\"https:\\\/\\\/regiaonews.net.br\\\/2022\\\/2023\\\/09\\\/12\\\/camara-agenda-homenagem-a-renato-lima-de-oliveira-presidente-geral-internacional-dos-vicentinos\\\/\",\"url\":\"https:\\\/\\\/regiaonews.net.br\\\/2022\\\/2023\\\/09\\\/12\\\/camara-agenda-homenagem-a-renato-lima-de-oliveira-presidente-geral-internacional-dos-vicentinos\\\/\",\"name\":\"C\u00e2mara agenda homenagem a Renato Lima de Oliveira, Presidente Geral Internacional dos Vicentinos - Regi\u00e3o News\",\"isPartOf\":{\"@id\":\"https:\\\/\\\/regiaonews.net.br\\\/2022\\\/#website\"},\"primaryImageOfPage\":{\"@id\":\"https:\\\/\\\/regiaonews.net.br\\\/2022\\\/2023\\\/09\\\/12\\\/camara-agenda-homenagem-a-renato-lima-de-oliveira-presidente-geral-internacional-dos-vicentinos\\\/#primaryimage\"},\"image\":{\"@id\":\"https:\\\/\\\/regiaonews.net.br\\\/2022\\\/2023\\\/09\\\/12\\\/camara-agenda-homenagem-a-renato-lima-de-oliveira-presidente-geral-internacional-dos-vicentinos\\\/#primaryimage\"},\"thumbnailUrl\":\"https:\\\/\\\/regiaonews.net.br\\\/2022\\\/wp-content\\\/uploads\\\/2023\\\/09\\\/alta_169435461264fdccb440dc8.jpg\",\"datePublished\":\"2023-09-12T22:14:15+00:00\",\"breadcrumb\":{\"@id\":\"https:\\\/\\\/regiaonews.net.br\\\/2022\\\/2023\\\/09\\\/12\\\/camara-agenda-homenagem-a-renato-lima-de-oliveira-presidente-geral-internacional-dos-vicentinos\\\/#breadcrumb\"},\"inLanguage\":\"pt-BR\",\"potentialAction\":[{\"@type\":\"ReadAction\",\"target\":[\"https:\\\/\\\/regiaonews.net.br\\\/2022\\\/2023\\\/09\\\/12\\\/camara-agenda-homenagem-a-renato-lima-de-oliveira-presidente-geral-internacional-dos-vicentinos\\\/\"]}]},{\"@type\":\"ImageObject\",\"inLanguage\":\"pt-BR\",\"@id\":\"https:\\\/\\\/regiaonews.net.br\\\/2022\\\/2023\\\/09\\\/12\\\/camara-agenda-homenagem-a-renato-lima-de-oliveira-presidente-geral-internacional-dos-vicentinos\\\/#primaryimage\",\"url\":\"https:\\\/\\\/regiaonews.net.br\\\/2022\\\/wp-content\\\/uploads\\\/2023\\\/09\\\/alta_169435461264fdccb440dc8.jpg\",\"contentUrl\":\"https:\\\/\\\/regiaonews.net.br\\\/2022\\\/wp-content\\\/uploads\\\/2023\\\/09\\\/alta_169435461264fdccb440dc8.jpg\",\"width\":1080,\"height\":1080},{\"@type\":\"BreadcrumbList\",\"@id\":\"https:\\\/\\\/regiaonews.net.br\\\/2022\\\/2023\\\/09\\\/12\\\/camara-agenda-homenagem-a-renato-lima-de-oliveira-presidente-geral-internacional-dos-vicentinos\\\/#breadcrumb\",\"itemListElement\":[{\"@type\":\"ListItem\",\"position\":1,\"name\":\"In\u00edcio\",\"item\":\"https:\\\/\\\/regiaonews.net.br\\\/2022\\\/\"},{\"@type\":\"ListItem\",\"position\":2,\"name\":\"C\u00e2mara agenda homenagem a Renato Lima de Oliveira, Presidente Geral Internacional dos Vicentinos\"}]},{\"@type\":\"WebSite\",\"@id\":\"https:\\\/\\\/regiaonews.net.br\\\/2022\\\/#website\",\"url\":\"https:\\\/\\\/regiaonews.net.br\\\/2022\\\/\",\"name\":\"Regi\u00e3o News\",\"description\":\"Site de Not\u00edcias de Barretos e regi\u00e3o\",\"publisher\":{\"@id\":\"https:\\\/\\\/regiaonews.net.br\\\/2022\\\/#organization\"},\"potentialAction\":[{\"@type\":\"SearchAction\",\"target\":{\"@type\":\"EntryPoint\",\"urlTemplate\":\"https:\\\/\\\/regiaonews.net.br\\\/2022\\\/?s={search_term_string}\"},\"query-input\":{\"@type\":\"PropertyValueSpecification\",\"valueRequired\":true,\"valueName\":\"search_term_string\"}}],\"inLanguage\":\"pt-BR\"},{\"@type\":\"Organization\",\"@id\":\"https:\\\/\\\/regiaonews.net.br\\\/2022\\\/#organization\",\"name\":\"Regi\u00e3o News\",\"url\":\"https:\\\/\\\/regiaonews.net.br\\\/2022\\\/\",\"logo\":{\"@type\":\"ImageObject\",\"inLanguage\":\"pt-BR\",\"@id\":\"https:\\\/\\\/regiaonews.net.br\\\/2022\\\/#\\\/schema\\\/logo\\\/image\\\/\",\"url\":\"https:\\\/\\\/regiaonews.net.br\\\/2022\\\/wp-content\\\/uploads\\\/2026\\\/03\\\/regiao-13-anos-scaled.jpg\",\"contentUrl\":\"https:\\\/\\\/regiaonews.net.br\\\/2022\\\/wp-content\\\/uploads\\\/2026\\\/03\\\/regiao-13-anos-scaled.jpg\",\"width\":2560,\"height\":635,\"caption\":\"Regi\u00e3o News\"},\"image\":{\"@id\":\"https:\\\/\\\/regiaonews.net.br\\\/2022\\\/#\\\/schema\\\/logo\\\/image\\\/\"}},{\"@type\":\"Person\",\"@id\":\"https:\\\/\\\/regiaonews.net.br\\\/2022\\\/#\\\/schema\\\/person\\\/2d205a608a5aa97ac279d7a5e6d89ad8\",\"name\":\"Roberto\",\"image\":{\"@type\":\"ImageObject\",\"inLanguage\":\"pt-BR\",\"@id\":\"https:\\\/\\\/secure.gravatar.com\\\/avatar\\\/42749d8b712ff9d59ca93dc150494e5b55a44134482993f5baeb97e61b7ecc89?s=96&d=mm&r=g\",\"url\":\"https:\\\/\\\/secure.gravatar.com\\\/avatar\\\/42749d8b712ff9d59ca93dc150494e5b55a44134482993f5baeb97e61b7ecc89?s=96&d=mm&r=g\",\"contentUrl\":\"https:\\\/\\\/secure.gravatar.com\\\/avatar\\\/42749d8b712ff9d59ca93dc150494e5b55a44134482993f5baeb97e61b7ecc89?s=96&d=mm&r=g\",\"caption\":\"Roberto\"},\"url\":\"https:\\\/\\\/regiaonews.net.br\\\/2022\\\/author\\\/roberto\\\/\"}]}<\/script>\n<!-- \/ Yoast SEO plugin. -->","yoast_head_json":{"title":"C\u00e2mara agenda homenagem a Renato Lima de Oliveira, Presidente Geral Internacional dos Vicentinos - Regi\u00e3o News","robots":{"index":"index","follow":"follow","max-snippet":"max-snippet:-1","max-image-preview":"max-image-preview:large","max-video-preview":"max-video-preview:-1"},"canonical":"https:\/\/regiaonews.net.br\/2022\/2023\/09\/12\/camara-agenda-homenagem-a-renato-lima-de-oliveira-presidente-geral-internacional-dos-vicentinos\/","og_locale":"pt_BR","og_type":"article","og_title":"C\u00e2mara agenda homenagem a Renato Lima de Oliveira, Presidente Geral Internacional dos Vicentinos - Regi\u00e3o News","og_description":"Homenagem foi proposta pelo Vice-Presidente da C\u00e2mara, vereador Gabriel Uchida","og_url":"https:\/\/regiaonews.net.br\/2022\/2023\/09\/12\/camara-agenda-homenagem-a-renato-lima-de-oliveira-presidente-geral-internacional-dos-vicentinos\/","og_site_name":"Regi\u00e3o News","article_published_time":"2023-09-12T22:14:15+00:00","og_image":[{"width":1080,"height":1080,"url":"https:\/\/regiaonews.net.br\/2022\/wp-content\/uploads\/2023\/09\/alta_169435461264fdccb440dc8.jpg","type":"image\/jpeg"}],"author":"Roberto","twitter_card":"summary_large_image","twitter_misc":{"Escrito por":"Roberto","Est. tempo de leitura":"4 minutos"},"schema":{"@context":"https:\/\/schema.org","@graph":[{"@type":"Article","@id":"https:\/\/regiaonews.net.br\/2022\/2023\/09\/12\/camara-agenda-homenagem-a-renato-lima-de-oliveira-presidente-geral-internacional-dos-vicentinos\/#article","isPartOf":{"@id":"https:\/\/regiaonews.net.br\/2022\/2023\/09\/12\/camara-agenda-homenagem-a-renato-lima-de-oliveira-presidente-geral-internacional-dos-vicentinos\/"},"author":{"name":"Roberto","@id":"https:\/\/regiaonews.net.br\/2022\/#\/schema\/person\/2d205a608a5aa97ac279d7a5e6d89ad8"},"headline":"C\u00e2mara agenda homenagem a Renato Lima de Oliveira, Presidente Geral Internacional dos Vicentinos","datePublished":"2023-09-12T22:14:15+00:00","mainEntityOfPage":{"@id":"https:\/\/regiaonews.net.br\/2022\/2023\/09\/12\/camara-agenda-homenagem-a-renato-lima-de-oliveira-presidente-geral-internacional-dos-vicentinos\/"},"wordCount":805,"commentCount":0,"publisher":{"@id":"https:\/\/regiaonews.net.br\/2022\/#organization"},"image":{"@id":"https:\/\/regiaonews.net.br\/2022\/2023\/09\/12\/camara-agenda-homenagem-a-renato-lima-de-oliveira-presidente-geral-internacional-dos-vicentinos\/#primaryimage"},"thumbnailUrl":"https:\/\/regiaonews.net.br\/2022\/wp-content\/uploads\/2023\/09\/alta_169435461264fdccb440dc8.jpg","articleSection":["Barretos","Geral"],"inLanguage":"pt-BR","potentialAction":[{"@type":"CommentAction","name":"Comment","target":["https:\/\/regiaonews.net.br\/2022\/2023\/09\/12\/camara-agenda-homenagem-a-renato-lima-de-oliveira-presidente-geral-internacional-dos-vicentinos\/#respond"]}]},{"@type":"WebPage","@id":"https:\/\/regiaonews.net.br\/2022\/2023\/09\/12\/camara-agenda-homenagem-a-renato-lima-de-oliveira-presidente-geral-internacional-dos-vicentinos\/","url":"https:\/\/regiaonews.net.br\/2022\/2023\/09\/12\/camara-agenda-homenagem-a-renato-lima-de-oliveira-presidente-geral-internacional-dos-vicentinos\/","name":"C\u00e2mara agenda homenagem a Renato Lima de Oliveira, Presidente Geral Internacional dos Vicentinos - Regi\u00e3o News","isPartOf":{"@id":"https:\/\/regiaonews.net.br\/2022\/#website"},"primaryImageOfPage":{"@id":"https:\/\/regiaonews.net.br\/2022\/2023\/09\/12\/camara-agenda-homenagem-a-renato-lima-de-oliveira-presidente-geral-internacional-dos-vicentinos\/#primaryimage"},"image":{"@id":"https:\/\/regiaonews.net.br\/2022\/2023\/09\/12\/camara-agenda-homenagem-a-renato-lima-de-oliveira-presidente-geral-internacional-dos-vicentinos\/#primaryimage"},"thumbnailUrl":"https:\/\/regiaonews.net.br\/2022\/wp-content\/uploads\/2023\/09\/alta_169435461264fdccb440dc8.jpg","datePublished":"2023-09-12T22:14:15+00:00","breadcrumb":{"@id":"https:\/\/regiaonews.net.br\/2022\/2023\/09\/12\/camara-agenda-homenagem-a-renato-lima-de-oliveira-presidente-geral-internacional-dos-vicentinos\/#breadcrumb"},"inLanguage":"pt-BR","potentialAction":[{"@type":"ReadAction","target":["https:\/\/regiaonews.net.br\/2022\/2023\/09\/12\/camara-agenda-homenagem-a-renato-lima-de-oliveira-presidente-geral-internacional-dos-vicentinos\/"]}]},{"@type":"ImageObject","inLanguage":"pt-BR","@id":"https:\/\/regiaonews.net.br\/2022\/2023\/09\/12\/camara-agenda-homenagem-a-renato-lima-de-oliveira-presidente-geral-internacional-dos-vicentinos\/#primaryimage","url":"https:\/\/regiaonews.net.br\/2022\/wp-content\/uploads\/2023\/09\/alta_169435461264fdccb440dc8.jpg","contentUrl":"https:\/\/regiaonews.net.br\/2022\/wp-content\/uploads\/2023\/09\/alta_169435461264fdccb440dc8.jpg","width":1080,"height":1080},{"@type":"BreadcrumbList","@id":"https:\/\/regiaonews.net.br\/2022\/2023\/09\/12\/camara-agenda-homenagem-a-renato-lima-de-oliveira-presidente-geral-internacional-dos-vicentinos\/#breadcrumb","itemListElement":[{"@type":"ListItem","position":1,"name":"In\u00edcio","item":"https:\/\/regiaonews.net.br\/2022\/"},{"@type":"ListItem","position":2,"name":"C\u00e2mara agenda homenagem a Renato Lima de Oliveira, Presidente Geral Internacional dos Vicentinos"}]},{"@type":"WebSite","@id":"https:\/\/regiaonews.net.br\/2022\/#website","url":"https:\/\/regiaonews.net.br\/2022\/","name":"Regi\u00e3o News","description":"Site de Not\u00edcias de Barretos e regi\u00e3o","publisher":{"@id":"https:\/\/regiaonews.net.br\/2022\/#organization"},"potentialAction":[{"@type":"SearchAction","target":{"@type":"EntryPoint","urlTemplate":"https:\/\/regiaonews.net.br\/2022\/?s={search_term_string}"},"query-input":{"@type":"PropertyValueSpecification","valueRequired":true,"valueName":"search_term_string"}}],"inLanguage":"pt-BR"},{"@type":"Organization","@id":"https:\/\/regiaonews.net.br\/2022\/#organization","name":"Regi\u00e3o News","url":"https:\/\/regiaonews.net.br\/2022\/","logo":{"@type":"ImageObject","inLanguage":"pt-BR","@id":"https:\/\/regiaonews.net.br\/2022\/#\/schema\/logo\/image\/","url":"https:\/\/regiaonews.net.br\/2022\/wp-content\/uploads\/2026\/03\/regiao-13-anos-scaled.jpg","contentUrl":"https:\/\/regiaonews.net.br\/2022\/wp-content\/uploads\/2026\/03\/regiao-13-anos-scaled.jpg","width":2560,"height":635,"caption":"Regi\u00e3o News"},"image":{"@id":"https:\/\/regiaonews.net.br\/2022\/#\/schema\/logo\/image\/"}},{"@type":"Person","@id":"https:\/\/regiaonews.net.br\/2022\/#\/schema\/person\/2d205a608a5aa97ac279d7a5e6d89ad8","name":"Roberto","image":{"@type":"ImageObject","inLanguage":"pt-BR","@id":"https:\/\/secure.gravatar.com\/avatar\/42749d8b712ff9d59ca93dc150494e5b55a44134482993f5baeb97e61b7ecc89?s=96&d=mm&r=g","url":"https:\/\/secure.gravatar.com\/avatar\/42749d8b712ff9d59ca93dc150494e5b55a44134482993f5baeb97e61b7ecc89?s=96&d=mm&r=g","contentUrl":"https:\/\/secure.gravatar.com\/avatar\/42749d8b712ff9d59ca93dc150494e5b55a44134482993f5baeb97e61b7ecc89?s=96&d=mm&r=g","caption":"Roberto"},"url":"https:\/\/regiaonews.net.br\/2022\/author\/roberto\/"}]}},"publishpress_future_action":{"enabled":false,"date":"2026-05-04 22:26:29","action":"change-status","newStatus":"draft","terms":[],"taxonomy":"category","extraData":[]},"publishpress_future_workflow_manual_trigger":{"enabledWorkflows":[]},"_links":{"self":[{"href":"https:\/\/regiaonews.net.br\/2022\/wp-json\/wp\/v2\/posts\/94978","targetHints":{"allow":["GET"]}}],"collection":[{"href":"https:\/\/regiaonews.net.br\/2022\/wp-json\/wp\/v2\/posts"}],"about":[{"href":"https:\/\/regiaonews.net.br\/2022\/wp-json\/wp\/v2\/types\/post"}],"author":[{"embeddable":true,"href":"https:\/\/regiaonews.net.br\/2022\/wp-json\/wp\/v2\/users\/2"}],"replies":[{"embeddable":true,"href":"https:\/\/regiaonews.net.br\/2022\/wp-json\/wp\/v2\/comments?post=94978"}],"version-history":[{"count":1,"href":"https:\/\/regiaonews.net.br\/2022\/wp-json\/wp\/v2\/posts\/94978\/revisions"}],"predecessor-version":[{"id":94980,"href":"https:\/\/regiaonews.net.br\/2022\/wp-json\/wp\/v2\/posts\/94978\/revisions\/94980"}],"wp:featuredmedia":[{"embeddable":true,"href":"https:\/\/regiaonews.net.br\/2022\/wp-json\/wp\/v2\/media\/94979"}],"wp:attachment":[{"href":"https:\/\/regiaonews.net.br\/2022\/wp-json\/wp\/v2\/media?parent=94978"}],"wp:term":[{"taxonomy":"category","embeddable":true,"href":"https:\/\/regiaonews.net.br\/2022\/wp-json\/wp\/v2\/categories?post=94978"},{"taxonomy":"post_tag","embeddable":true,"href":"https:\/\/regiaonews.net.br\/2022\/wp-json\/wp\/v2\/tags?post=94978"}],"curies":[{"name":"wp","href":"https:\/\/api.w.org\/{rel}","templated":true}]}}