{"id":94975,"date":"2023-09-12T19:10:14","date_gmt":"2023-09-12T22:10:14","guid":{"rendered":"https:\/\/regiaonews.net.br\/2022\/?p=94975"},"modified":"2023-09-12T19:10:14","modified_gmt":"2023-09-12T22:10:14","slug":"substituicao-de-emissario-da-ete-1-de-barretos-beneficia-moradores-e-promove-impacto-ambiental-positivo","status":"publish","type":"post","link":"https:\/\/regiaonews.net.br\/2022\/2023\/09\/12\/substituicao-de-emissario-da-ete-1-de-barretos-beneficia-moradores-e-promove-impacto-ambiental-positivo\/","title":{"rendered":"Substitui\u00e7\u00e3o de emiss\u00e1rio da ETE 1 de Barretos beneficia moradores e promove impacto ambiental positivo"},"content":{"rendered":"<p>&nbsp;<\/p>\n<p>Com aproximadamente 2 km de extens\u00e3o, a obra total foi dividida em tr\u00eas etapas, e agora entra na etapa final<\/p>\n<p>O SAAE Barretos deu in\u00edcio nesta segunda-feira (11), \u00e0 obra de substitui\u00e7\u00e3o do trecho final do emiss\u00e1rio da Esta\u00e7\u00e3o de Tratamento de Esgoto ETE 1. Com aproximadamente 2 km de extens\u00e3o, a obra total foi dividida em tr\u00eas etapas, e agora entra na etapa final com 330 metros. Esta iniciativa, financiada com recursos do FEHIDRO (Fundo Estadual de Recursos H\u00eddricos), envolve a substitui\u00e7\u00e3o do tubo de concreto de 300 mil\u00edmetros por tubos de 450 mil\u00edmetros de PEAD e a constru\u00e7\u00e3o de cinco po\u00e7os de visita. Este trecho final est\u00e1 localizado nos fundos do bairro Leda Am\u00eandola.<\/p>\n<p>A ETE 1 desempenha um papel fundamental na cidade, recebendo esgoto de diversos bairros como Zequinha Amendola, Leda Am\u00eandola, Jardim Etemp, Bairro Santana, Bom Jesus, Calif\u00f3rnia dentre outros. A amplia\u00e7\u00e3o desta esta\u00e7\u00e3o de tratamento traz uma s\u00e9rie de benef\u00edcios significativos para os moradores locais e tem um impacto ambiental positivo not\u00e1vel.<\/p>\n<p>\u201cAl\u00e9m dos benef\u00edcios imediatos para a comunidade, a substitui\u00e7\u00e3o do trecho deste emiss\u00e1rio da ETE 1 tamb\u00e9m tem um impacto ambiental positivo. O tratamento adequado do esgoto contribui para a preserva\u00e7\u00e3o dos recursos h\u00eddricos e reduz a polui\u00e7\u00e3o ambiental\u201d, explica Dionatan Sousa &#8211; chefe de Se\u00e7\u00e3o de Manuten\u00e7\u00e3o da Rede de Esgoto.<\/p>\n<p>O superintendente Marcelo Borges destaca os benef\u00edcios dessa importante obra para a comunidade dizendo que &#8220;com a substitui\u00e7\u00e3o do tubo de concreto e a constru\u00e7\u00e3o dos po\u00e7os de visita, teremos um sistema de tratamento de esgoto mais eficiente e confi\u00e1vel\u201d. \u201cIsso significa uma redu\u00e7\u00e3o significativa nos riscos de vazamentos e transbordamentos, melhorando a qualidade de vida dos moradores e evitando impactos ambientais&#8221;, aponta.<\/p>\n<p>Com essa obra, a Prefeitura da Est\u00e2ncia Tur\u00edstica de Barretos, por meio do SAAEB, reafirma seu compromisso com o bem-estar da popula\u00e7\u00e3o e a prote\u00e7\u00e3o do meio ambiente.<\/p>\n","protected":false},"excerpt":{"rendered":"<p>&nbsp; Com aproximadamente 2 km de extens\u00e3o, a obra total<\/p>\n","protected":false},"author":2,"featured_media":94976,"comment_status":"open","ping_status":"open","sticky":false,"template":"","format":"standard","meta":{"footnotes":""},"categories":[14,25],"tags":[],"class_list":["post-94975","post","type-post","status-publish","format-standard","has-post-thumbnail","hentry","category-barretos","category-cidades"],"yoast_head":"<!-- This site is optimized with the Yoast SEO plugin v27.4 - https:\/\/yoast.com\/product\/yoast-seo-wordpress\/ -->\n<title>Substitui\u00e7\u00e3o de emiss\u00e1rio da ETE 1 de Barretos beneficia moradores e promove impacto ambiental positivo - Regi\u00e3o News<\/title>\n<meta name=\"robots\" content=\"index, follow, max-snippet:-1, max-image-preview:large, max-video-preview:-1\" \/>\n<link rel=\"canonical\" href=\"https:\/\/regiaonews.net.br\/2022\/2023\/09\/12\/substituicao-de-emissario-da-ete-1-de-barretos-beneficia-moradores-e-promove-impacto-ambiental-positivo\/\" \/>\n<meta property=\"og:locale\" content=\"pt_BR\" \/>\n<meta property=\"og:type\" content=\"article\" \/>\n<meta property=\"og:title\" content=\"Substitui\u00e7\u00e3o de emiss\u00e1rio da ETE 1 de Barretos beneficia moradores e promove impacto ambiental positivo - Regi\u00e3o News\" \/>\n<meta property=\"og:description\" content=\"&nbsp; Com aproximadamente 2 km de extens\u00e3o, a obra total\" \/>\n<meta property=\"og:url\" content=\"https:\/\/regiaonews.net.br\/2022\/2023\/09\/12\/substituicao-de-emissario-da-ete-1-de-barretos-beneficia-moradores-e-promove-impacto-ambiental-positivo\/\" \/>\n<meta property=\"og:site_name\" content=\"Regi\u00e3o News\" \/>\n<meta property=\"article:published_time\" content=\"2023-09-12T22:10:14+00:00\" \/>\n<meta property=\"og:image\" content=\"https:\/\/regiaonews.net.br\/2022\/wp-content\/uploads\/2023\/09\/WhatsApp-Image-2023-09-12-at-17.59.16.jpeg\" \/>\n\t<meta property=\"og:image:width\" content=\"1600\" \/>\n\t<meta property=\"og:image:height\" content=\"900\" \/>\n\t<meta property=\"og:image:type\" content=\"image\/jpeg\" \/>\n<meta name=\"author\" content=\"Roberto\" \/>\n<meta name=\"twitter:card\" content=\"summary_large_image\" \/>\n<meta name=\"twitter:label1\" content=\"Escrito por\" \/>\n\t<meta name=\"twitter:data1\" content=\"Roberto\" \/>\n\t<meta name=\"twitter:label2\" content=\"Est. tempo de leitura\" \/>\n\t<meta name=\"twitter:data2\" content=\"2 minutos\" \/>\n<script type=\"application\/ld+json\" class=\"yoast-schema-graph\">{\"@context\":\"https:\\\/\\\/schema.org\",\"@graph\":[{\"@type\":\"Article\",\"@id\":\"https:\\\/\\\/regiaonews.net.br\\\/2022\\\/2023\\\/09\\\/12\\\/substituicao-de-emissario-da-ete-1-de-barretos-beneficia-moradores-e-promove-impacto-ambiental-positivo\\\/#article\",\"isPartOf\":{\"@id\":\"https:\\\/\\\/regiaonews.net.br\\\/2022\\\/2023\\\/09\\\/12\\\/substituicao-de-emissario-da-ete-1-de-barretos-beneficia-moradores-e-promove-impacto-ambiental-positivo\\\/\"},\"author\":{\"name\":\"Roberto\",\"@id\":\"https:\\\/\\\/regiaonews.net.br\\\/2022\\\/#\\\/schema\\\/person\\\/2d205a608a5aa97ac279d7a5e6d89ad8\"},\"headline\":\"Substitui\u00e7\u00e3o de emiss\u00e1rio da ETE 1 de Barretos beneficia moradores e promove impacto ambiental positivo\",\"datePublished\":\"2023-09-12T22:10:14+00:00\",\"mainEntityOfPage\":{\"@id\":\"https:\\\/\\\/regiaonews.net.br\\\/2022\\\/2023\\\/09\\\/12\\\/substituicao-de-emissario-da-ete-1-de-barretos-beneficia-moradores-e-promove-impacto-ambiental-positivo\\\/\"},\"wordCount\":359,\"commentCount\":0,\"publisher\":{\"@id\":\"https:\\\/\\\/regiaonews.net.br\\\/2022\\\/#organization\"},\"image\":{\"@id\":\"https:\\\/\\\/regiaonews.net.br\\\/2022\\\/2023\\\/09\\\/12\\\/substituicao-de-emissario-da-ete-1-de-barretos-beneficia-moradores-e-promove-impacto-ambiental-positivo\\\/#primaryimage\"},\"thumbnailUrl\":\"https:\\\/\\\/regiaonews.net.br\\\/2022\\\/wp-content\\\/uploads\\\/2023\\\/09\\\/WhatsApp-Image-2023-09-12-at-17.59.16.jpeg\",\"articleSection\":[\"Barretos\",\"Cidades\"],\"inLanguage\":\"pt-BR\",\"potentialAction\":[{\"@type\":\"CommentAction\",\"name\":\"Comment\",\"target\":[\"https:\\\/\\\/regiaonews.net.br\\\/2022\\\/2023\\\/09\\\/12\\\/substituicao-de-emissario-da-ete-1-de-barretos-beneficia-moradores-e-promove-impacto-ambiental-positivo\\\/#respond\"]}]},{\"@type\":\"WebPage\",\"@id\":\"https:\\\/\\\/regiaonews.net.br\\\/2022\\\/2023\\\/09\\\/12\\\/substituicao-de-emissario-da-ete-1-de-barretos-beneficia-moradores-e-promove-impacto-ambiental-positivo\\\/\",\"url\":\"https:\\\/\\\/regiaonews.net.br\\\/2022\\\/2023\\\/09\\\/12\\\/substituicao-de-emissario-da-ete-1-de-barretos-beneficia-moradores-e-promove-impacto-ambiental-positivo\\\/\",\"name\":\"Substitui\u00e7\u00e3o de emiss\u00e1rio da ETE 1 de Barretos beneficia moradores e promove impacto ambiental positivo - Regi\u00e3o News\",\"isPartOf\":{\"@id\":\"https:\\\/\\\/regiaonews.net.br\\\/2022\\\/#website\"},\"primaryImageOfPage\":{\"@id\":\"https:\\\/\\\/regiaonews.net.br\\\/2022\\\/2023\\\/09\\\/12\\\/substituicao-de-emissario-da-ete-1-de-barretos-beneficia-moradores-e-promove-impacto-ambiental-positivo\\\/#primaryimage\"},\"image\":{\"@id\":\"https:\\\/\\\/regiaonews.net.br\\\/2022\\\/2023\\\/09\\\/12\\\/substituicao-de-emissario-da-ete-1-de-barretos-beneficia-moradores-e-promove-impacto-ambiental-positivo\\\/#primaryimage\"},\"thumbnailUrl\":\"https:\\\/\\\/regiaonews.net.br\\\/2022\\\/wp-content\\\/uploads\\\/2023\\\/09\\\/WhatsApp-Image-2023-09-12-at-17.59.16.jpeg\",\"datePublished\":\"2023-09-12T22:10:14+00:00\",\"breadcrumb\":{\"@id\":\"https:\\\/\\\/regiaonews.net.br\\\/2022\\\/2023\\\/09\\\/12\\\/substituicao-de-emissario-da-ete-1-de-barretos-beneficia-moradores-e-promove-impacto-ambiental-positivo\\\/#breadcrumb\"},\"inLanguage\":\"pt-BR\",\"potentialAction\":[{\"@type\":\"ReadAction\",\"target\":[\"https:\\\/\\\/regiaonews.net.br\\\/2022\\\/2023\\\/09\\\/12\\\/substituicao-de-emissario-da-ete-1-de-barretos-beneficia-moradores-e-promove-impacto-ambiental-positivo\\\/\"]}]},{\"@type\":\"ImageObject\",\"inLanguage\":\"pt-BR\",\"@id\":\"https:\\\/\\\/regiaonews.net.br\\\/2022\\\/2023\\\/09\\\/12\\\/substituicao-de-emissario-da-ete-1-de-barretos-beneficia-moradores-e-promove-impacto-ambiental-positivo\\\/#primaryimage\",\"url\":\"https:\\\/\\\/regiaonews.net.br\\\/2022\\\/wp-content\\\/uploads\\\/2023\\\/09\\\/WhatsApp-Image-2023-09-12-at-17.59.16.jpeg\",\"contentUrl\":\"https:\\\/\\\/regiaonews.net.br\\\/2022\\\/wp-content\\\/uploads\\\/2023\\\/09\\\/WhatsApp-Image-2023-09-12-at-17.59.16.jpeg\",\"width\":1600,\"height\":900},{\"@type\":\"BreadcrumbList\",\"@id\":\"https:\\\/\\\/regiaonews.net.br\\\/2022\\\/2023\\\/09\\\/12\\\/substituicao-de-emissario-da-ete-1-de-barretos-beneficia-moradores-e-promove-impacto-ambiental-positivo\\\/#breadcrumb\",\"itemListElement\":[{\"@type\":\"ListItem\",\"position\":1,\"name\":\"In\u00edcio\",\"item\":\"https:\\\/\\\/regiaonews.net.br\\\/2022\\\/\"},{\"@type\":\"ListItem\",\"position\":2,\"name\":\"Substitui\u00e7\u00e3o de emiss\u00e1rio da ETE 1 de Barretos beneficia moradores e promove impacto ambiental positivo\"}]},{\"@type\":\"WebSite\",\"@id\":\"https:\\\/\\\/regiaonews.net.br\\\/2022\\\/#website\",\"url\":\"https:\\\/\\\/regiaonews.net.br\\\/2022\\\/\",\"name\":\"Regi\u00e3o News\",\"description\":\"Site de Not\u00edcias de Barretos e regi\u00e3o\",\"publisher\":{\"@id\":\"https:\\\/\\\/regiaonews.net.br\\\/2022\\\/#organization\"},\"potentialAction\":[{\"@type\":\"SearchAction\",\"target\":{\"@type\":\"EntryPoint\",\"urlTemplate\":\"https:\\\/\\\/regiaonews.net.br\\\/2022\\\/?s={search_term_string}\"},\"query-input\":{\"@type\":\"PropertyValueSpecification\",\"valueRequired\":true,\"valueName\":\"search_term_string\"}}],\"inLanguage\":\"pt-BR\"},{\"@type\":\"Organization\",\"@id\":\"https:\\\/\\\/regiaonews.net.br\\\/2022\\\/#organization\",\"name\":\"Regi\u00e3o News\",\"url\":\"https:\\\/\\\/regiaonews.net.br\\\/2022\\\/\",\"logo\":{\"@type\":\"ImageObject\",\"inLanguage\":\"pt-BR\",\"@id\":\"https:\\\/\\\/regiaonews.net.br\\\/2022\\\/#\\\/schema\\\/logo\\\/image\\\/\",\"url\":\"https:\\\/\\\/regiaonews.net.br\\\/2022\\\/wp-content\\\/uploads\\\/2026\\\/03\\\/regiao-13-anos-scaled.jpg\",\"contentUrl\":\"https:\\\/\\\/regiaonews.net.br\\\/2022\\\/wp-content\\\/uploads\\\/2026\\\/03\\\/regiao-13-anos-scaled.jpg\",\"width\":2560,\"height\":635,\"caption\":\"Regi\u00e3o News\"},\"image\":{\"@id\":\"https:\\\/\\\/regiaonews.net.br\\\/2022\\\/#\\\/schema\\\/logo\\\/image\\\/\"}},{\"@type\":\"Person\",\"@id\":\"https:\\\/\\\/regiaonews.net.br\\\/2022\\\/#\\\/schema\\\/person\\\/2d205a608a5aa97ac279d7a5e6d89ad8\",\"name\":\"Roberto\",\"image\":{\"@type\":\"ImageObject\",\"inLanguage\":\"pt-BR\",\"@id\":\"https:\\\/\\\/secure.gravatar.com\\\/avatar\\\/42749d8b712ff9d59ca93dc150494e5b55a44134482993f5baeb97e61b7ecc89?s=96&d=mm&r=g\",\"url\":\"https:\\\/\\\/secure.gravatar.com\\\/avatar\\\/42749d8b712ff9d59ca93dc150494e5b55a44134482993f5baeb97e61b7ecc89?s=96&d=mm&r=g\",\"contentUrl\":\"https:\\\/\\\/secure.gravatar.com\\\/avatar\\\/42749d8b712ff9d59ca93dc150494e5b55a44134482993f5baeb97e61b7ecc89?s=96&d=mm&r=g\",\"caption\":\"Roberto\"},\"url\":\"https:\\\/\\\/regiaonews.net.br\\\/2022\\\/author\\\/roberto\\\/\"}]}<\/script>\n<!-- \/ Yoast SEO plugin. -->","yoast_head_json":{"title":"Substitui\u00e7\u00e3o de emiss\u00e1rio da ETE 1 de Barretos beneficia moradores e promove impacto ambiental positivo - Regi\u00e3o News","robots":{"index":"index","follow":"follow","max-snippet":"max-snippet:-1","max-image-preview":"max-image-preview:large","max-video-preview":"max-video-preview:-1"},"canonical":"https:\/\/regiaonews.net.br\/2022\/2023\/09\/12\/substituicao-de-emissario-da-ete-1-de-barretos-beneficia-moradores-e-promove-impacto-ambiental-positivo\/","og_locale":"pt_BR","og_type":"article","og_title":"Substitui\u00e7\u00e3o de emiss\u00e1rio da ETE 1 de Barretos beneficia moradores e promove impacto ambiental positivo - Regi\u00e3o News","og_description":"&nbsp; Com aproximadamente 2 km de extens\u00e3o, a obra total","og_url":"https:\/\/regiaonews.net.br\/2022\/2023\/09\/12\/substituicao-de-emissario-da-ete-1-de-barretos-beneficia-moradores-e-promove-impacto-ambiental-positivo\/","og_site_name":"Regi\u00e3o News","article_published_time":"2023-09-12T22:10:14+00:00","og_image":[{"width":1600,"height":900,"url":"https:\/\/regiaonews.net.br\/2022\/wp-content\/uploads\/2023\/09\/WhatsApp-Image-2023-09-12-at-17.59.16.jpeg","type":"image\/jpeg"}],"author":"Roberto","twitter_card":"summary_large_image","twitter_misc":{"Escrito por":"Roberto","Est. tempo de leitura":"2 minutos"},"schema":{"@context":"https:\/\/schema.org","@graph":[{"@type":"Article","@id":"https:\/\/regiaonews.net.br\/2022\/2023\/09\/12\/substituicao-de-emissario-da-ete-1-de-barretos-beneficia-moradores-e-promove-impacto-ambiental-positivo\/#article","isPartOf":{"@id":"https:\/\/regiaonews.net.br\/2022\/2023\/09\/12\/substituicao-de-emissario-da-ete-1-de-barretos-beneficia-moradores-e-promove-impacto-ambiental-positivo\/"},"author":{"name":"Roberto","@id":"https:\/\/regiaonews.net.br\/2022\/#\/schema\/person\/2d205a608a5aa97ac279d7a5e6d89ad8"},"headline":"Substitui\u00e7\u00e3o de emiss\u00e1rio da ETE 1 de Barretos beneficia moradores e promove impacto ambiental positivo","datePublished":"2023-09-12T22:10:14+00:00","mainEntityOfPage":{"@id":"https:\/\/regiaonews.net.br\/2022\/2023\/09\/12\/substituicao-de-emissario-da-ete-1-de-barretos-beneficia-moradores-e-promove-impacto-ambiental-positivo\/"},"wordCount":359,"commentCount":0,"publisher":{"@id":"https:\/\/regiaonews.net.br\/2022\/#organization"},"image":{"@id":"https:\/\/regiaonews.net.br\/2022\/2023\/09\/12\/substituicao-de-emissario-da-ete-1-de-barretos-beneficia-moradores-e-promove-impacto-ambiental-positivo\/#primaryimage"},"thumbnailUrl":"https:\/\/regiaonews.net.br\/2022\/wp-content\/uploads\/2023\/09\/WhatsApp-Image-2023-09-12-at-17.59.16.jpeg","articleSection":["Barretos","Cidades"],"inLanguage":"pt-BR","potentialAction":[{"@type":"CommentAction","name":"Comment","target":["https:\/\/regiaonews.net.br\/2022\/2023\/09\/12\/substituicao-de-emissario-da-ete-1-de-barretos-beneficia-moradores-e-promove-impacto-ambiental-positivo\/#respond"]}]},{"@type":"WebPage","@id":"https:\/\/regiaonews.net.br\/2022\/2023\/09\/12\/substituicao-de-emissario-da-ete-1-de-barretos-beneficia-moradores-e-promove-impacto-ambiental-positivo\/","url":"https:\/\/regiaonews.net.br\/2022\/2023\/09\/12\/substituicao-de-emissario-da-ete-1-de-barretos-beneficia-moradores-e-promove-impacto-ambiental-positivo\/","name":"Substitui\u00e7\u00e3o de emiss\u00e1rio da ETE 1 de Barretos beneficia moradores e promove impacto ambiental positivo - Regi\u00e3o News","isPartOf":{"@id":"https:\/\/regiaonews.net.br\/2022\/#website"},"primaryImageOfPage":{"@id":"https:\/\/regiaonews.net.br\/2022\/2023\/09\/12\/substituicao-de-emissario-da-ete-1-de-barretos-beneficia-moradores-e-promove-impacto-ambiental-positivo\/#primaryimage"},"image":{"@id":"https:\/\/regiaonews.net.br\/2022\/2023\/09\/12\/substituicao-de-emissario-da-ete-1-de-barretos-beneficia-moradores-e-promove-impacto-ambiental-positivo\/#primaryimage"},"thumbnailUrl":"https:\/\/regiaonews.net.br\/2022\/wp-content\/uploads\/2023\/09\/WhatsApp-Image-2023-09-12-at-17.59.16.jpeg","datePublished":"2023-09-12T22:10:14+00:00","breadcrumb":{"@id":"https:\/\/regiaonews.net.br\/2022\/2023\/09\/12\/substituicao-de-emissario-da-ete-1-de-barretos-beneficia-moradores-e-promove-impacto-ambiental-positivo\/#breadcrumb"},"inLanguage":"pt-BR","potentialAction":[{"@type":"ReadAction","target":["https:\/\/regiaonews.net.br\/2022\/2023\/09\/12\/substituicao-de-emissario-da-ete-1-de-barretos-beneficia-moradores-e-promove-impacto-ambiental-positivo\/"]}]},{"@type":"ImageObject","inLanguage":"pt-BR","@id":"https:\/\/regiaonews.net.br\/2022\/2023\/09\/12\/substituicao-de-emissario-da-ete-1-de-barretos-beneficia-moradores-e-promove-impacto-ambiental-positivo\/#primaryimage","url":"https:\/\/regiaonews.net.br\/2022\/wp-content\/uploads\/2023\/09\/WhatsApp-Image-2023-09-12-at-17.59.16.jpeg","contentUrl":"https:\/\/regiaonews.net.br\/2022\/wp-content\/uploads\/2023\/09\/WhatsApp-Image-2023-09-12-at-17.59.16.jpeg","width":1600,"height":900},{"@type":"BreadcrumbList","@id":"https:\/\/regiaonews.net.br\/2022\/2023\/09\/12\/substituicao-de-emissario-da-ete-1-de-barretos-beneficia-moradores-e-promove-impacto-ambiental-positivo\/#breadcrumb","itemListElement":[{"@type":"ListItem","position":1,"name":"In\u00edcio","item":"https:\/\/regiaonews.net.br\/2022\/"},{"@type":"ListItem","position":2,"name":"Substitui\u00e7\u00e3o de emiss\u00e1rio da ETE 1 de Barretos beneficia moradores e promove impacto ambiental positivo"}]},{"@type":"WebSite","@id":"https:\/\/regiaonews.net.br\/2022\/#website","url":"https:\/\/regiaonews.net.br\/2022\/","name":"Regi\u00e3o News","description":"Site de Not\u00edcias de Barretos e regi\u00e3o","publisher":{"@id":"https:\/\/regiaonews.net.br\/2022\/#organization"},"potentialAction":[{"@type":"SearchAction","target":{"@type":"EntryPoint","urlTemplate":"https:\/\/regiaonews.net.br\/2022\/?s={search_term_string}"},"query-input":{"@type":"PropertyValueSpecification","valueRequired":true,"valueName":"search_term_string"}}],"inLanguage":"pt-BR"},{"@type":"Organization","@id":"https:\/\/regiaonews.net.br\/2022\/#organization","name":"Regi\u00e3o News","url":"https:\/\/regiaonews.net.br\/2022\/","logo":{"@type":"ImageObject","inLanguage":"pt-BR","@id":"https:\/\/regiaonews.net.br\/2022\/#\/schema\/logo\/image\/","url":"https:\/\/regiaonews.net.br\/2022\/wp-content\/uploads\/2026\/03\/regiao-13-anos-scaled.jpg","contentUrl":"https:\/\/regiaonews.net.br\/2022\/wp-content\/uploads\/2026\/03\/regiao-13-anos-scaled.jpg","width":2560,"height":635,"caption":"Regi\u00e3o News"},"image":{"@id":"https:\/\/regiaonews.net.br\/2022\/#\/schema\/logo\/image\/"}},{"@type":"Person","@id":"https:\/\/regiaonews.net.br\/2022\/#\/schema\/person\/2d205a608a5aa97ac279d7a5e6d89ad8","name":"Roberto","image":{"@type":"ImageObject","inLanguage":"pt-BR","@id":"https:\/\/secure.gravatar.com\/avatar\/42749d8b712ff9d59ca93dc150494e5b55a44134482993f5baeb97e61b7ecc89?s=96&d=mm&r=g","url":"https:\/\/secure.gravatar.com\/avatar\/42749d8b712ff9d59ca93dc150494e5b55a44134482993f5baeb97e61b7ecc89?s=96&d=mm&r=g","contentUrl":"https:\/\/secure.gravatar.com\/avatar\/42749d8b712ff9d59ca93dc150494e5b55a44134482993f5baeb97e61b7ecc89?s=96&d=mm&r=g","caption":"Roberto"},"url":"https:\/\/regiaonews.net.br\/2022\/author\/roberto\/"}]}},"publishpress_future_action":{"enabled":false,"date":"2026-05-04 20:47:23","action":"change-status","newStatus":"draft","terms":[],"taxonomy":"category","extraData":[]},"publishpress_future_workflow_manual_trigger":{"enabledWorkflows":[]},"_links":{"self":[{"href":"https:\/\/regiaonews.net.br\/2022\/wp-json\/wp\/v2\/posts\/94975","targetHints":{"allow":["GET"]}}],"collection":[{"href":"https:\/\/regiaonews.net.br\/2022\/wp-json\/wp\/v2\/posts"}],"about":[{"href":"https:\/\/regiaonews.net.br\/2022\/wp-json\/wp\/v2\/types\/post"}],"author":[{"embeddable":true,"href":"https:\/\/regiaonews.net.br\/2022\/wp-json\/wp\/v2\/users\/2"}],"replies":[{"embeddable":true,"href":"https:\/\/regiaonews.net.br\/2022\/wp-json\/wp\/v2\/comments?post=94975"}],"version-history":[{"count":1,"href":"https:\/\/regiaonews.net.br\/2022\/wp-json\/wp\/v2\/posts\/94975\/revisions"}],"predecessor-version":[{"id":94977,"href":"https:\/\/regiaonews.net.br\/2022\/wp-json\/wp\/v2\/posts\/94975\/revisions\/94977"}],"wp:featuredmedia":[{"embeddable":true,"href":"https:\/\/regiaonews.net.br\/2022\/wp-json\/wp\/v2\/media\/94976"}],"wp:attachment":[{"href":"https:\/\/regiaonews.net.br\/2022\/wp-json\/wp\/v2\/media?parent=94975"}],"wp:term":[{"taxonomy":"category","embeddable":true,"href":"https:\/\/regiaonews.net.br\/2022\/wp-json\/wp\/v2\/categories?post=94975"},{"taxonomy":"post_tag","embeddable":true,"href":"https:\/\/regiaonews.net.br\/2022\/wp-json\/wp\/v2\/tags?post=94975"}],"curies":[{"name":"wp","href":"https:\/\/api.w.org\/{rel}","templated":true}]}}