{"id":94966,"date":"2023-09-12T16:49:13","date_gmt":"2023-09-12T19:49:13","guid":{"rendered":"https:\/\/regiaonews.net.br\/2022\/?p=94966"},"modified":"2023-09-12T18:38:53","modified_gmt":"2023-09-12T21:38:53","slug":"incendio-no-aeroporto-e-controlado-pelos-bombeiros-e-defesa-civil","status":"publish","type":"post","link":"https:\/\/regiaonews.net.br\/2022\/2023\/09\/12\/incendio-no-aeroporto-e-controlado-pelos-bombeiros-e-defesa-civil\/","title":{"rendered":"Inc\u00eandio no Aeroporto \u00e9 controlado pelos Bombeiros e Defesa Civil"},"content":{"rendered":"<p>Foto &#8211; Leandro Campos<\/p>\n<p>Um inc\u00eandio de grandes propor\u00e7\u00f5es atingiu o Aeroporto de Barretos nesta ter\u00e7a-feira (12), necessitando da interven\u00e7\u00e3o das equipes do Corpo de Bombeiros, Defesa Civil, Bombeiros Municipais, Usina Tereos, SAAE, Ronda Municipal e Agentes de Tr\u00e2nsito para conter as chamas. O inc\u00eandio atingiu uma grande \u00e1rea de vegeta\u00e7\u00e3o existente no Aeroporto e propriedades vizinhas, e o combate foi realizado entre \u00e0s 12h30 at\u00e9 16h.<\/p>\n<p>Segundo o secret\u00e1rio de Defesa Civil, Eduardo do Mercado, a grande preocupa\u00e7\u00e3o do inc\u00eandio, era combater o inc\u00eandio no aeroporto, j\u00e1 que existe um posto de combust\u00edvel onde\u00a0 as aeronaves s\u00e3o abastecidas.<\/p>\n<p>Concession\u00e1ria<\/p>\n<p>A ASP &#8211; Aeroportos Paulistas informou que controlou, por volta das 16h desta ter\u00e7a-feira (12), um inc\u00eandio iniciado nas imedia\u00e7\u00f5es do Aeroporto de Barretos. Apesar de o fogo ter avan\u00e7ado o aceiro do s\u00edtio aeroportu\u00e1rio em raz\u00e3o do vento, nenhum impacto \u00e0s opera\u00e7\u00f5es ou equipamentos foi registrado. A ASP lamenta o incidente, cujas causas ser\u00e3o apuradas por \u00f3rg\u00e3os competentes, e destaca que mant\u00e9m r\u00edgido cronograma de manuten\u00e7\u00e3o de \u00e1reas verdes e m\u00e9todo de conten\u00e7\u00e3o contra inc\u00eandios em torno de toda a \u00e1rea patrimonial do Aeroporto.<\/p>\n<p>Fotos e videos &#8211; Divulga\u00e7\u00e3o Defesa Civil<\/p>\n<p><a href=\"https:\/\/regiaonews.net.br\/2022\/wp-content\/uploads\/2023\/09\/WhatsApp-Image-2023-09-12-at-16.20.09.jpeg\"><img loading=\"lazy\" decoding=\"async\" class=\"alignnone size-medium wp-image-94970\" src=\"https:\/\/regiaonews.net.br\/2022\/wp-content\/uploads\/2023\/09\/WhatsApp-Image-2023-09-12-at-16.20.09-300x225.jpeg\" alt=\"\" width=\"300\" height=\"225\" srcset=\"https:\/\/regiaonews.net.br\/2022\/wp-content\/uploads\/2023\/09\/WhatsApp-Image-2023-09-12-at-16.20.09-300x225.jpeg 300w, https:\/\/regiaonews.net.br\/2022\/wp-content\/uploads\/2023\/09\/WhatsApp-Image-2023-09-12-at-16.20.09-1024x768.jpeg 1024w, https:\/\/regiaonews.net.br\/2022\/wp-content\/uploads\/2023\/09\/WhatsApp-Image-2023-09-12-at-16.20.09-768x576.jpeg 768w, https:\/\/regiaonews.net.br\/2022\/wp-content\/uploads\/2023\/09\/WhatsApp-Image-2023-09-12-at-16.20.09-1536x1152.jpeg 1536w, https:\/\/regiaonews.net.br\/2022\/wp-content\/uploads\/2023\/09\/WhatsApp-Image-2023-09-12-at-16.20.09-250x188.jpeg 250w, https:\/\/regiaonews.net.br\/2022\/wp-content\/uploads\/2023\/09\/WhatsApp-Image-2023-09-12-at-16.20.09-200x150.jpeg 200w, https:\/\/regiaonews.net.br\/2022\/wp-content\/uploads\/2023\/09\/WhatsApp-Image-2023-09-12-at-16.20.09.jpeg 1600w\" sizes=\"auto, (max-width: 300px) 100vw, 300px\" \/><\/a><\/p>\n<div style=\"width: 640px;\" class=\"wp-video\"><video class=\"wp-video-shortcode\" id=\"video-94966-1\" width=\"640\" height=\"362\" preload=\"metadata\" controls=\"controls\"><source type=\"video\/mp4\" src=\"https:\/\/regiaonews.net.br\/2022\/wp-content\/uploads\/2023\/09\/WhatsApp-Video-2023-09-12-at-16.20.08-1.mp4?_=1\" \/><a href=\"https:\/\/regiaonews.net.br\/2022\/wp-content\/uploads\/2023\/09\/WhatsApp-Video-2023-09-12-at-16.20.08-1.mp4\">https:\/\/regiaonews.net.br\/2022\/wp-content\/uploads\/2023\/09\/WhatsApp-Video-2023-09-12-at-16.20.08-1.mp4<\/a><\/video><\/div>\n<div style=\"width: 640px;\" class=\"wp-video\"><video class=\"wp-video-shortcode\" id=\"video-94966-2\" width=\"640\" height=\"362\" preload=\"metadata\" controls=\"controls\"><source type=\"video\/mp4\" src=\"https:\/\/regiaonews.net.br\/2022\/wp-content\/uploads\/2023\/09\/WhatsApp-Video-2023-09-12-at-16.20.08.mp4?_=2\" \/><a href=\"https:\/\/regiaonews.net.br\/2022\/wp-content\/uploads\/2023\/09\/WhatsApp-Video-2023-09-12-at-16.20.08.mp4\">https:\/\/regiaonews.net.br\/2022\/wp-content\/uploads\/2023\/09\/WhatsApp-Video-2023-09-12-at-16.20.08.mp4<\/a><\/video><\/div>\n<p>&nbsp;<\/p>\n","protected":false},"excerpt":{"rendered":"<p>Foto &#8211; Leandro Campos Um inc\u00eandio de grandes propor\u00e7\u00f5es atingiu<\/p>\n","protected":false},"author":2,"featured_media":94967,"comment_status":"open","ping_status":"open","sticky":false,"template":"","format":"standard","meta":{"footnotes":""},"categories":[14,23],"tags":[],"class_list":["post-94966","post","type-post","status-publish","format-standard","has-post-thumbnail","hentry","category-barretos","category-policia"],"yoast_head":"<!-- This site is optimized with the Yoast SEO plugin v27.4 - https:\/\/yoast.com\/product\/yoast-seo-wordpress\/ -->\n<title>Inc\u00eandio no Aeroporto \u00e9 combatido pelos Bombeiros e Defesa Civil<\/title>\n<meta name=\"description\" content=\"Um inc\u00eandio de grandes propor\u00e7\u00f5es atingiu o Aeroporto de Barretos nesta ter\u00e7a-feira (12), necessitando da interven\u00e7\u00e3o das equipes do Corpo\" \/>\n<meta name=\"robots\" content=\"index, follow, max-snippet:-1, max-image-preview:large, max-video-preview:-1\" \/>\n<link rel=\"canonical\" href=\"https:\/\/regiaonews.net.br\/2022\/2023\/09\/12\/incendio-no-aeroporto-e-controlado-pelos-bombeiros-e-defesa-civil\/\" \/>\n<meta property=\"og:locale\" content=\"pt_BR\" \/>\n<meta property=\"og:type\" content=\"article\" \/>\n<meta property=\"og:title\" content=\"Inc\u00eandio no Aeroporto \u00e9 combatido pelos Bombeiros e Defesa Civil\" \/>\n<meta property=\"og:description\" content=\"Um inc\u00eandio de grandes propor\u00e7\u00f5es atingiu o Aeroporto de Barretos nesta ter\u00e7a-feira (12), necessitando da interven\u00e7\u00e3o das equipes do Corpo\" \/>\n<meta property=\"og:url\" content=\"https:\/\/regiaonews.net.br\/2022\/2023\/09\/12\/incendio-no-aeroporto-e-controlado-pelos-bombeiros-e-defesa-civil\/\" \/>\n<meta property=\"og:site_name\" content=\"Regi\u00e3o News\" \/>\n<meta property=\"article:published_time\" content=\"2023-09-12T19:49:13+00:00\" \/>\n<meta property=\"article:modified_time\" content=\"2023-09-12T21:38:53+00:00\" \/>\n<meta property=\"og:image\" content=\"https:\/\/regiaonews.net.br\/2022\/wp-content\/uploads\/2023\/09\/WhatsApp-Image-2023-09-12-at-16.09.18.jpeg\" \/>\n\t<meta property=\"og:image:width\" content=\"1600\" \/>\n\t<meta property=\"og:image:height\" content=\"900\" \/>\n\t<meta property=\"og:image:type\" content=\"image\/jpeg\" \/>\n<meta name=\"author\" content=\"Roberto\" \/>\n<meta name=\"twitter:card\" content=\"summary_large_image\" \/>\n<meta name=\"twitter:label1\" content=\"Escrito por\" \/>\n\t<meta name=\"twitter:data1\" content=\"Roberto\" \/>\n\t<meta name=\"twitter:label2\" content=\"Est. tempo de leitura\" \/>\n\t<meta name=\"twitter:data2\" content=\"2 minutos\" \/>\n<script type=\"application\/ld+json\" class=\"yoast-schema-graph\">{\"@context\":\"https:\\\/\\\/schema.org\",\"@graph\":[{\"@type\":\"Article\",\"@id\":\"https:\\\/\\\/regiaonews.net.br\\\/2022\\\/2023\\\/09\\\/12\\\/incendio-no-aeroporto-e-controlado-pelos-bombeiros-e-defesa-civil\\\/#article\",\"isPartOf\":{\"@id\":\"https:\\\/\\\/regiaonews.net.br\\\/2022\\\/2023\\\/09\\\/12\\\/incendio-no-aeroporto-e-controlado-pelos-bombeiros-e-defesa-civil\\\/\"},\"author\":{\"name\":\"Roberto\",\"@id\":\"https:\\\/\\\/regiaonews.net.br\\\/2022\\\/#\\\/schema\\\/person\\\/2d205a608a5aa97ac279d7a5e6d89ad8\"},\"headline\":\"Inc\u00eandio no Aeroporto \u00e9 controlado pelos Bombeiros e Defesa Civil\",\"datePublished\":\"2023-09-12T19:49:13+00:00\",\"dateModified\":\"2023-09-12T21:38:53+00:00\",\"mainEntityOfPage\":{\"@id\":\"https:\\\/\\\/regiaonews.net.br\\\/2022\\\/2023\\\/09\\\/12\\\/incendio-no-aeroporto-e-controlado-pelos-bombeiros-e-defesa-civil\\\/\"},\"wordCount\":265,\"commentCount\":0,\"publisher\":{\"@id\":\"https:\\\/\\\/regiaonews.net.br\\\/2022\\\/#organization\"},\"image\":{\"@id\":\"https:\\\/\\\/regiaonews.net.br\\\/2022\\\/2023\\\/09\\\/12\\\/incendio-no-aeroporto-e-controlado-pelos-bombeiros-e-defesa-civil\\\/#primaryimage\"},\"thumbnailUrl\":\"https:\\\/\\\/regiaonews.net.br\\\/2022\\\/wp-content\\\/uploads\\\/2023\\\/09\\\/WhatsApp-Image-2023-09-12-at-16.09.18.jpeg\",\"articleSection\":[\"Barretos\",\"Policia\"],\"inLanguage\":\"pt-BR\",\"potentialAction\":[{\"@type\":\"CommentAction\",\"name\":\"Comment\",\"target\":[\"https:\\\/\\\/regiaonews.net.br\\\/2022\\\/2023\\\/09\\\/12\\\/incendio-no-aeroporto-e-controlado-pelos-bombeiros-e-defesa-civil\\\/#respond\"]}]},{\"@type\":\"WebPage\",\"@id\":\"https:\\\/\\\/regiaonews.net.br\\\/2022\\\/2023\\\/09\\\/12\\\/incendio-no-aeroporto-e-controlado-pelos-bombeiros-e-defesa-civil\\\/\",\"url\":\"https:\\\/\\\/regiaonews.net.br\\\/2022\\\/2023\\\/09\\\/12\\\/incendio-no-aeroporto-e-controlado-pelos-bombeiros-e-defesa-civil\\\/\",\"name\":\"Inc\u00eandio no Aeroporto \u00e9 combatido pelos Bombeiros e Defesa Civil\",\"isPartOf\":{\"@id\":\"https:\\\/\\\/regiaonews.net.br\\\/2022\\\/#website\"},\"primaryImageOfPage\":{\"@id\":\"https:\\\/\\\/regiaonews.net.br\\\/2022\\\/2023\\\/09\\\/12\\\/incendio-no-aeroporto-e-controlado-pelos-bombeiros-e-defesa-civil\\\/#primaryimage\"},\"image\":{\"@id\":\"https:\\\/\\\/regiaonews.net.br\\\/2022\\\/2023\\\/09\\\/12\\\/incendio-no-aeroporto-e-controlado-pelos-bombeiros-e-defesa-civil\\\/#primaryimage\"},\"thumbnailUrl\":\"https:\\\/\\\/regiaonews.net.br\\\/2022\\\/wp-content\\\/uploads\\\/2023\\\/09\\\/WhatsApp-Image-2023-09-12-at-16.09.18.jpeg\",\"datePublished\":\"2023-09-12T19:49:13+00:00\",\"dateModified\":\"2023-09-12T21:38:53+00:00\",\"description\":\"Um inc\u00eandio de grandes propor\u00e7\u00f5es atingiu o Aeroporto de Barretos nesta ter\u00e7a-feira (12), necessitando da interven\u00e7\u00e3o das equipes do Corpo\",\"breadcrumb\":{\"@id\":\"https:\\\/\\\/regiaonews.net.br\\\/2022\\\/2023\\\/09\\\/12\\\/incendio-no-aeroporto-e-controlado-pelos-bombeiros-e-defesa-civil\\\/#breadcrumb\"},\"inLanguage\":\"pt-BR\",\"potentialAction\":[{\"@type\":\"ReadAction\",\"target\":[\"https:\\\/\\\/regiaonews.net.br\\\/2022\\\/2023\\\/09\\\/12\\\/incendio-no-aeroporto-e-controlado-pelos-bombeiros-e-defesa-civil\\\/\"]}]},{\"@type\":\"ImageObject\",\"inLanguage\":\"pt-BR\",\"@id\":\"https:\\\/\\\/regiaonews.net.br\\\/2022\\\/2023\\\/09\\\/12\\\/incendio-no-aeroporto-e-controlado-pelos-bombeiros-e-defesa-civil\\\/#primaryimage\",\"url\":\"https:\\\/\\\/regiaonews.net.br\\\/2022\\\/wp-content\\\/uploads\\\/2023\\\/09\\\/WhatsApp-Image-2023-09-12-at-16.09.18.jpeg\",\"contentUrl\":\"https:\\\/\\\/regiaonews.net.br\\\/2022\\\/wp-content\\\/uploads\\\/2023\\\/09\\\/WhatsApp-Image-2023-09-12-at-16.09.18.jpeg\",\"width\":1600,\"height\":900},{\"@type\":\"BreadcrumbList\",\"@id\":\"https:\\\/\\\/regiaonews.net.br\\\/2022\\\/2023\\\/09\\\/12\\\/incendio-no-aeroporto-e-controlado-pelos-bombeiros-e-defesa-civil\\\/#breadcrumb\",\"itemListElement\":[{\"@type\":\"ListItem\",\"position\":1,\"name\":\"In\u00edcio\",\"item\":\"https:\\\/\\\/regiaonews.net.br\\\/2022\\\/\"},{\"@type\":\"ListItem\",\"position\":2,\"name\":\"Inc\u00eandio no Aeroporto \u00e9 controlado pelos Bombeiros e Defesa Civil\"}]},{\"@type\":\"WebSite\",\"@id\":\"https:\\\/\\\/regiaonews.net.br\\\/2022\\\/#website\",\"url\":\"https:\\\/\\\/regiaonews.net.br\\\/2022\\\/\",\"name\":\"Regi\u00e3o News\",\"description\":\"Site de Not\u00edcias de Barretos e regi\u00e3o\",\"publisher\":{\"@id\":\"https:\\\/\\\/regiaonews.net.br\\\/2022\\\/#organization\"},\"potentialAction\":[{\"@type\":\"SearchAction\",\"target\":{\"@type\":\"EntryPoint\",\"urlTemplate\":\"https:\\\/\\\/regiaonews.net.br\\\/2022\\\/?s={search_term_string}\"},\"query-input\":{\"@type\":\"PropertyValueSpecification\",\"valueRequired\":true,\"valueName\":\"search_term_string\"}}],\"inLanguage\":\"pt-BR\"},{\"@type\":\"Organization\",\"@id\":\"https:\\\/\\\/regiaonews.net.br\\\/2022\\\/#organization\",\"name\":\"Regi\u00e3o News\",\"url\":\"https:\\\/\\\/regiaonews.net.br\\\/2022\\\/\",\"logo\":{\"@type\":\"ImageObject\",\"inLanguage\":\"pt-BR\",\"@id\":\"https:\\\/\\\/regiaonews.net.br\\\/2022\\\/#\\\/schema\\\/logo\\\/image\\\/\",\"url\":\"https:\\\/\\\/regiaonews.net.br\\\/2022\\\/wp-content\\\/uploads\\\/2026\\\/03\\\/regiao-13-anos-scaled.jpg\",\"contentUrl\":\"https:\\\/\\\/regiaonews.net.br\\\/2022\\\/wp-content\\\/uploads\\\/2026\\\/03\\\/regiao-13-anos-scaled.jpg\",\"width\":2560,\"height\":635,\"caption\":\"Regi\u00e3o News\"},\"image\":{\"@id\":\"https:\\\/\\\/regiaonews.net.br\\\/2022\\\/#\\\/schema\\\/logo\\\/image\\\/\"}},{\"@type\":\"Person\",\"@id\":\"https:\\\/\\\/regiaonews.net.br\\\/2022\\\/#\\\/schema\\\/person\\\/2d205a608a5aa97ac279d7a5e6d89ad8\",\"name\":\"Roberto\",\"image\":{\"@type\":\"ImageObject\",\"inLanguage\":\"pt-BR\",\"@id\":\"https:\\\/\\\/secure.gravatar.com\\\/avatar\\\/42749d8b712ff9d59ca93dc150494e5b55a44134482993f5baeb97e61b7ecc89?s=96&d=mm&r=g\",\"url\":\"https:\\\/\\\/secure.gravatar.com\\\/avatar\\\/42749d8b712ff9d59ca93dc150494e5b55a44134482993f5baeb97e61b7ecc89?s=96&d=mm&r=g\",\"contentUrl\":\"https:\\\/\\\/secure.gravatar.com\\\/avatar\\\/42749d8b712ff9d59ca93dc150494e5b55a44134482993f5baeb97e61b7ecc89?s=96&d=mm&r=g\",\"caption\":\"Roberto\"},\"url\":\"https:\\\/\\\/regiaonews.net.br\\\/2022\\\/author\\\/roberto\\\/\"}]}<\/script>\n<!-- \/ Yoast SEO plugin. -->","yoast_head_json":{"title":"Inc\u00eandio no Aeroporto \u00e9 combatido pelos Bombeiros e Defesa Civil","description":"Um inc\u00eandio de grandes propor\u00e7\u00f5es atingiu o Aeroporto de Barretos nesta ter\u00e7a-feira (12), necessitando da interven\u00e7\u00e3o das equipes do Corpo","robots":{"index":"index","follow":"follow","max-snippet":"max-snippet:-1","max-image-preview":"max-image-preview:large","max-video-preview":"max-video-preview:-1"},"canonical":"https:\/\/regiaonews.net.br\/2022\/2023\/09\/12\/incendio-no-aeroporto-e-controlado-pelos-bombeiros-e-defesa-civil\/","og_locale":"pt_BR","og_type":"article","og_title":"Inc\u00eandio no Aeroporto \u00e9 combatido pelos Bombeiros e Defesa Civil","og_description":"Um inc\u00eandio de grandes propor\u00e7\u00f5es atingiu o Aeroporto de Barretos nesta ter\u00e7a-feira (12), necessitando da interven\u00e7\u00e3o das equipes do Corpo","og_url":"https:\/\/regiaonews.net.br\/2022\/2023\/09\/12\/incendio-no-aeroporto-e-controlado-pelos-bombeiros-e-defesa-civil\/","og_site_name":"Regi\u00e3o News","article_published_time":"2023-09-12T19:49:13+00:00","article_modified_time":"2023-09-12T21:38:53+00:00","og_image":[{"width":1600,"height":900,"url":"https:\/\/regiaonews.net.br\/2022\/wp-content\/uploads\/2023\/09\/WhatsApp-Image-2023-09-12-at-16.09.18.jpeg","type":"image\/jpeg"}],"author":"Roberto","twitter_card":"summary_large_image","twitter_misc":{"Escrito por":"Roberto","Est. tempo de leitura":"2 minutos"},"schema":{"@context":"https:\/\/schema.org","@graph":[{"@type":"Article","@id":"https:\/\/regiaonews.net.br\/2022\/2023\/09\/12\/incendio-no-aeroporto-e-controlado-pelos-bombeiros-e-defesa-civil\/#article","isPartOf":{"@id":"https:\/\/regiaonews.net.br\/2022\/2023\/09\/12\/incendio-no-aeroporto-e-controlado-pelos-bombeiros-e-defesa-civil\/"},"author":{"name":"Roberto","@id":"https:\/\/regiaonews.net.br\/2022\/#\/schema\/person\/2d205a608a5aa97ac279d7a5e6d89ad8"},"headline":"Inc\u00eandio no Aeroporto \u00e9 controlado pelos Bombeiros e Defesa Civil","datePublished":"2023-09-12T19:49:13+00:00","dateModified":"2023-09-12T21:38:53+00:00","mainEntityOfPage":{"@id":"https:\/\/regiaonews.net.br\/2022\/2023\/09\/12\/incendio-no-aeroporto-e-controlado-pelos-bombeiros-e-defesa-civil\/"},"wordCount":265,"commentCount":0,"publisher":{"@id":"https:\/\/regiaonews.net.br\/2022\/#organization"},"image":{"@id":"https:\/\/regiaonews.net.br\/2022\/2023\/09\/12\/incendio-no-aeroporto-e-controlado-pelos-bombeiros-e-defesa-civil\/#primaryimage"},"thumbnailUrl":"https:\/\/regiaonews.net.br\/2022\/wp-content\/uploads\/2023\/09\/WhatsApp-Image-2023-09-12-at-16.09.18.jpeg","articleSection":["Barretos","Policia"],"inLanguage":"pt-BR","potentialAction":[{"@type":"CommentAction","name":"Comment","target":["https:\/\/regiaonews.net.br\/2022\/2023\/09\/12\/incendio-no-aeroporto-e-controlado-pelos-bombeiros-e-defesa-civil\/#respond"]}]},{"@type":"WebPage","@id":"https:\/\/regiaonews.net.br\/2022\/2023\/09\/12\/incendio-no-aeroporto-e-controlado-pelos-bombeiros-e-defesa-civil\/","url":"https:\/\/regiaonews.net.br\/2022\/2023\/09\/12\/incendio-no-aeroporto-e-controlado-pelos-bombeiros-e-defesa-civil\/","name":"Inc\u00eandio no Aeroporto \u00e9 combatido pelos Bombeiros e Defesa Civil","isPartOf":{"@id":"https:\/\/regiaonews.net.br\/2022\/#website"},"primaryImageOfPage":{"@id":"https:\/\/regiaonews.net.br\/2022\/2023\/09\/12\/incendio-no-aeroporto-e-controlado-pelos-bombeiros-e-defesa-civil\/#primaryimage"},"image":{"@id":"https:\/\/regiaonews.net.br\/2022\/2023\/09\/12\/incendio-no-aeroporto-e-controlado-pelos-bombeiros-e-defesa-civil\/#primaryimage"},"thumbnailUrl":"https:\/\/regiaonews.net.br\/2022\/wp-content\/uploads\/2023\/09\/WhatsApp-Image-2023-09-12-at-16.09.18.jpeg","datePublished":"2023-09-12T19:49:13+00:00","dateModified":"2023-09-12T21:38:53+00:00","description":"Um inc\u00eandio de grandes propor\u00e7\u00f5es atingiu o Aeroporto de Barretos nesta ter\u00e7a-feira (12), necessitando da interven\u00e7\u00e3o das equipes do Corpo","breadcrumb":{"@id":"https:\/\/regiaonews.net.br\/2022\/2023\/09\/12\/incendio-no-aeroporto-e-controlado-pelos-bombeiros-e-defesa-civil\/#breadcrumb"},"inLanguage":"pt-BR","potentialAction":[{"@type":"ReadAction","target":["https:\/\/regiaonews.net.br\/2022\/2023\/09\/12\/incendio-no-aeroporto-e-controlado-pelos-bombeiros-e-defesa-civil\/"]}]},{"@type":"ImageObject","inLanguage":"pt-BR","@id":"https:\/\/regiaonews.net.br\/2022\/2023\/09\/12\/incendio-no-aeroporto-e-controlado-pelos-bombeiros-e-defesa-civil\/#primaryimage","url":"https:\/\/regiaonews.net.br\/2022\/wp-content\/uploads\/2023\/09\/WhatsApp-Image-2023-09-12-at-16.09.18.jpeg","contentUrl":"https:\/\/regiaonews.net.br\/2022\/wp-content\/uploads\/2023\/09\/WhatsApp-Image-2023-09-12-at-16.09.18.jpeg","width":1600,"height":900},{"@type":"BreadcrumbList","@id":"https:\/\/regiaonews.net.br\/2022\/2023\/09\/12\/incendio-no-aeroporto-e-controlado-pelos-bombeiros-e-defesa-civil\/#breadcrumb","itemListElement":[{"@type":"ListItem","position":1,"name":"In\u00edcio","item":"https:\/\/regiaonews.net.br\/2022\/"},{"@type":"ListItem","position":2,"name":"Inc\u00eandio no Aeroporto \u00e9 controlado pelos Bombeiros e Defesa Civil"}]},{"@type":"WebSite","@id":"https:\/\/regiaonews.net.br\/2022\/#website","url":"https:\/\/regiaonews.net.br\/2022\/","name":"Regi\u00e3o News","description":"Site de Not\u00edcias de Barretos e regi\u00e3o","publisher":{"@id":"https:\/\/regiaonews.net.br\/2022\/#organization"},"potentialAction":[{"@type":"SearchAction","target":{"@type":"EntryPoint","urlTemplate":"https:\/\/regiaonews.net.br\/2022\/?s={search_term_string}"},"query-input":{"@type":"PropertyValueSpecification","valueRequired":true,"valueName":"search_term_string"}}],"inLanguage":"pt-BR"},{"@type":"Organization","@id":"https:\/\/regiaonews.net.br\/2022\/#organization","name":"Regi\u00e3o News","url":"https:\/\/regiaonews.net.br\/2022\/","logo":{"@type":"ImageObject","inLanguage":"pt-BR","@id":"https:\/\/regiaonews.net.br\/2022\/#\/schema\/logo\/image\/","url":"https:\/\/regiaonews.net.br\/2022\/wp-content\/uploads\/2026\/03\/regiao-13-anos-scaled.jpg","contentUrl":"https:\/\/regiaonews.net.br\/2022\/wp-content\/uploads\/2026\/03\/regiao-13-anos-scaled.jpg","width":2560,"height":635,"caption":"Regi\u00e3o News"},"image":{"@id":"https:\/\/regiaonews.net.br\/2022\/#\/schema\/logo\/image\/"}},{"@type":"Person","@id":"https:\/\/regiaonews.net.br\/2022\/#\/schema\/person\/2d205a608a5aa97ac279d7a5e6d89ad8","name":"Roberto","image":{"@type":"ImageObject","inLanguage":"pt-BR","@id":"https:\/\/secure.gravatar.com\/avatar\/42749d8b712ff9d59ca93dc150494e5b55a44134482993f5baeb97e61b7ecc89?s=96&d=mm&r=g","url":"https:\/\/secure.gravatar.com\/avatar\/42749d8b712ff9d59ca93dc150494e5b55a44134482993f5baeb97e61b7ecc89?s=96&d=mm&r=g","contentUrl":"https:\/\/secure.gravatar.com\/avatar\/42749d8b712ff9d59ca93dc150494e5b55a44134482993f5baeb97e61b7ecc89?s=96&d=mm&r=g","caption":"Roberto"},"url":"https:\/\/regiaonews.net.br\/2022\/author\/roberto\/"}]}},"publishpress_future_action":{"enabled":false,"date":"2026-05-04 20:47:42","action":"change-status","newStatus":"draft","terms":[],"taxonomy":"category","extraData":[]},"publishpress_future_workflow_manual_trigger":{"enabledWorkflows":[]},"_links":{"self":[{"href":"https:\/\/regiaonews.net.br\/2022\/wp-json\/wp\/v2\/posts\/94966","targetHints":{"allow":["GET"]}}],"collection":[{"href":"https:\/\/regiaonews.net.br\/2022\/wp-json\/wp\/v2\/posts"}],"about":[{"href":"https:\/\/regiaonews.net.br\/2022\/wp-json\/wp\/v2\/types\/post"}],"author":[{"embeddable":true,"href":"https:\/\/regiaonews.net.br\/2022\/wp-json\/wp\/v2\/users\/2"}],"replies":[{"embeddable":true,"href":"https:\/\/regiaonews.net.br\/2022\/wp-json\/wp\/v2\/comments?post=94966"}],"version-history":[{"count":4,"href":"https:\/\/regiaonews.net.br\/2022\/wp-json\/wp\/v2\/posts\/94966\/revisions"}],"predecessor-version":[{"id":94974,"href":"https:\/\/regiaonews.net.br\/2022\/wp-json\/wp\/v2\/posts\/94966\/revisions\/94974"}],"wp:featuredmedia":[{"embeddable":true,"href":"https:\/\/regiaonews.net.br\/2022\/wp-json\/wp\/v2\/media\/94967"}],"wp:attachment":[{"href":"https:\/\/regiaonews.net.br\/2022\/wp-json\/wp\/v2\/media?parent=94966"}],"wp:term":[{"taxonomy":"category","embeddable":true,"href":"https:\/\/regiaonews.net.br\/2022\/wp-json\/wp\/v2\/categories?post=94966"},{"taxonomy":"post_tag","embeddable":true,"href":"https:\/\/regiaonews.net.br\/2022\/wp-json\/wp\/v2\/tags?post=94966"}],"curies":[{"name":"wp","href":"https:\/\/api.w.org\/{rel}","templated":true}]}}