{"id":94958,"date":"2023-09-12T12:27:47","date_gmt":"2023-09-12T15:27:47","guid":{"rendered":"https:\/\/regiaonews.net.br\/2022\/?p=94958"},"modified":"2023-09-12T14:57:39","modified_gmt":"2023-09-12T17:57:39","slug":"assaltantes-explodem-carro-forte-na-rodovia-anhanguera-em-limeira","status":"publish","type":"post","link":"https:\/\/regiaonews.net.br\/2022\/2023\/09\/12\/assaltantes-explodem-carro-forte-na-rodovia-anhanguera-em-limeira\/","title":{"rendered":"Assaltantes explodem carro-forte na Rodovia Anhanguera, em Limeira"},"content":{"rendered":"<div class=\"row content-head non-featured \">\n<div class=\"medium-centered subtitle\">\n<p class=\"content-head__subtitle\" style=\"text-align: center;\">Segundo empresa respons\u00e1vel pelo ve\u00edculo de transporte de valores, nenhum funcion\u00e1rio ficou ferido. Trecho registra congestionamento.<\/p>\n<div id=\"chunk-4qfou\">\n<div class=\"mc-column content-text active-extra-styles \" data-block-type=\"unstyled\" data-block-weight=\"37\" data-block-id=\"5\">\n<p class=\"content-text__container \" data-track-category=\"Link no Texto\" data-track-links=\"\">O crime aconteceu no quil\u00f4metro 136, sentido capital, \u00e0s 18h15. O ve\u00edculo de transporte de valores ficou completamente destru\u00eddo com a explos\u00e3o, o que assustou quem estava nas proximidades. Al\u00e9m disso, houve disparos de arma de fogo.<\/p>\n<\/div>\n<\/div>\n<div id=\"chunk-a4p15\">\n<div class=\"mc-column content-text active-extra-styles \" data-block-type=\"unstyled\" data-block-weight=\"23\" data-block-id=\"6\">\n<p class=\"content-text__container \" data-track-category=\"Link no Texto\" data-track-links=\"\">Segundo a empresa Blue Angels, respons\u00e1vel pelo carro-forte, nenhum funcion\u00e1rio ficou ferido. N\u00e3o foi informado se foi levado o dinheiro que era transportado.<\/p>\n<div id=\"chunk-4bkik\">\n<div class=\"mc-column content-text active-extra-styles \" data-block-type=\"unstyled\" data-block-weight=\"23\" data-block-id=\"9\">\n<p class=\"content-text__container \" data-track-category=\"Link no Texto\" data-track-links=\"\">Em v\u00eddeos que circulam em redes sociais \u00e9 poss\u00edvel ver a movimenta\u00e7\u00e3o de assaltantes e o momento da explos\u00e3o.<\/p>\n<\/div>\n<\/div>\n<div id=\"chunk-fpck\">\n<div class=\"mc-column content-text active-extra-styles \" data-block-type=\"unstyled\" data-block-weight=\"18\" data-block-id=\"10\">\n<p class=\"content-text__container \" data-track-category=\"Link no Texto\" data-track-links=\"\">Segundo a CCR AutoBAn, concession\u00e1ria respons\u00e1vel pelo trecho da rodovia, o trecho ficou com 4 quil\u00f4metros de congestionamento.<\/p>\n<\/div>\n<\/div>\n<div id=\"chunk-e2d29\">\n<div class=\"mc-column content-text active-extra-styles \" data-block-type=\"unstyled\" data-block-weight=\"22\" data-block-id=\"11\">\n<p class=\"content-text__container \" data-track-category=\"Link no Texto\" data-track-links=\"\">Equipes da Pol\u00edcia Militar Rodovi\u00e1ria, Pol\u00edcia Civil e da concession\u00e1ria atenderam a ocorr\u00eancia. At\u00e9 a \u00faltima atualiza\u00e7\u00e3o eram colhidas provas no local.<\/p>\n<\/div>\n<\/div>\n<div id=\"chunk-dt7th\">\n<div class=\"mc-column content-text active-extra-styles \" data-block-type=\"unstyled\" data-block-weight=\"13\" data-block-id=\"12\">\n<p class=\"content-text__container \" data-track-category=\"Link no Texto\" data-track-links=\"\">Al\u00e9m disso, equipes policiais realizam buscas por toda a regi\u00e3o, segundo a PM.<\/p>\n<div id=\"chunk-ucph\">\n<div class=\"mc-column content-text active-extra-styles\" data-block-type=\"raw\" data-block-weight=\"5\" data-block-id=\"14\">\n<div class=\"content-intertitle\">\n<p>Terceiro caso em quatro meses<\/p>\n<\/div>\n<p>Esse \u00e9 terceiro ataque a carro forte que ocorre na regi\u00e3o de Piracicaba nos \u00faltimos quatro meses.<\/p>\n<\/div>\n<\/div>\n<div id=\"chunk-btkvj\">\n<div class=\"mc-column content-text active-extra-styles \" data-block-type=\"unstyled\" data-block-weight=\"38\" data-block-id=\"16\">\n<p class=\"content-text__container \" data-track-category=\"Link no Texto\" data-track-links=\"\">No dia 17 de maio,\u00a0<a class=\"\" href=\"https:\/\/g1.globo.com\/sp\/piracicaba-regiao\/noticia\/2023\/05\/16\/carro-forte-e-alvo-de-assaltantes-em-santa-barbara-doeste-diz-pm.ghtml\"><strong>dois passageiros de um \u00f4nibus fretado ficaram feridos durante o ataque de uma quadrilha a um ve\u00edculo de transporte de valores<\/strong><\/a>\u00a0na Rodovia Luiz de Queiroz (SP-304), em Santa B\u00e1rbara d&#8217;Oeste (SP).<\/p>\n<\/div>\n<\/div>\n<div id=\"chunk-6pop6\">Os criminosos fugiram com R$ 2 milh\u00f5es. O \u00f4nibus foi utilizado pelos criminosos para bloquear a via e facilitar o roubo.<\/div>\n<div id=\"chunk-euuj9\">\n<div class=\"mc-column content-text active-extra-styles \" data-block-type=\"unstyled\" data-block-weight=\"25\" data-block-id=\"19\">\n<p class=\"content-text__container \" data-track-category=\"Link no Texto\" data-track-links=\"\">J\u00e1 no dia 15 de agosto,\u00a0<a class=\"\" href=\"https:\/\/g1.globo.com\/sp\/piracicaba-regiao\/noticia\/2023\/08\/15\/roubo-a-carro-forte-mobiliza-pm-na-rodovia-dos-bandeirantes-em-santa-barbara-doeste.ghtml\"><strong>o roubo a outro carro-forte deixou cinco feridos na Rodovia dos Bandeirantes (SP-348)<\/strong><\/a>, tamb\u00e9m em Santa B\u00e1rbara d&#8217;Oeste.<\/p>\n<\/div>\n<\/div>\n<div id=\"chunk-cuk1n\">\n<div class=\"mc-column content-text active-extra-styles \" data-block-type=\"unstyled\" data-block-weight=\"17\" data-block-id=\"20\">\n<p class=\"content-text__container \" data-track-category=\"Link no Texto\" data-track-links=\"\">O ve\u00edculo atacado ficou em chamas. Neste caso,\u00a0<a class=\"\" href=\"https:\/\/g1.globo.com\/sp\/piracicaba-regiao\/noticia\/2023\/08\/16\/criminosos-roubaram-r-2-milhoes-em-ataque-a-carro-forte-na-rodovia-dos-bandeirantes-diz-policia-civil.ghtml\"><strong>o preju\u00edzo gerado tamb\u00e9m foi de R$ 2 milh\u00f5es<\/strong><\/a>.<\/p>\n<p data-track-category=\"Link no Texto\" data-track-links=\"\">Fonte &#8211; G1\u00a0 &#8211; Foto: Carlos Gomide\/ Educadora Limeira<\/p>\n<\/div>\n<\/div>\n<\/div>\n<\/div>\n<\/div>\n<\/div>\n<\/div>\n<\/div>\n<div class=\"content__signa-share\">\n<div class=\"content__signature\">\n<div class=\"content-publication-data\">\n<div class=\"content-publication-data__text\"><\/div>\n<\/div>\n<\/div>\n<\/div>\n","protected":false},"excerpt":{"rendered":"<p>Segundo empresa respons\u00e1vel pelo ve\u00edculo de transporte de valores, nenhum<\/p>\n","protected":false},"author":2,"featured_media":94959,"comment_status":"open","ping_status":"open","sticky":false,"template":"","format":"standard","meta":{"footnotes":""},"categories":[3,23],"tags":[],"class_list":["post-94958","post","type-post","status-publish","format-standard","has-post-thumbnail","hentry","category-geral","category-policia"],"yoast_head":"<!-- This site is optimized with the Yoast SEO plugin v27.4 - https:\/\/yoast.com\/product\/yoast-seo-wordpress\/ -->\n<title>Assaltantes explodem carro-forte na Rodovia<\/title>\n<meta name=\"description\" content=\"O crime aconteceu no quil\u00f4metro 136, sentido capital, \u00e0s 18h15. O ve\u00edculo de transporte de valores ficou completamente destru\u00eddo com a\" \/>\n<meta name=\"robots\" content=\"index, follow, max-snippet:-1, max-image-preview:large, max-video-preview:-1\" \/>\n<link rel=\"canonical\" href=\"https:\/\/regiaonews.net.br\/2022\/2023\/09\/12\/assaltantes-explodem-carro-forte-na-rodovia-anhanguera-em-limeira\/\" \/>\n<meta property=\"og:locale\" content=\"pt_BR\" \/>\n<meta property=\"og:type\" content=\"article\" \/>\n<meta property=\"og:title\" content=\"Assaltantes explodem carro-forte na Rodovia\" \/>\n<meta property=\"og:description\" content=\"O crime aconteceu no quil\u00f4metro 136, sentido capital, \u00e0s 18h15. O ve\u00edculo de transporte de valores ficou completamente destru\u00eddo com a\" \/>\n<meta property=\"og:url\" content=\"https:\/\/regiaonews.net.br\/2022\/2023\/09\/12\/assaltantes-explodem-carro-forte-na-rodovia-anhanguera-em-limeira\/\" \/>\n<meta property=\"og:site_name\" content=\"Regi\u00e3o News\" \/>\n<meta property=\"article:published_time\" content=\"2023-09-12T15:27:47+00:00\" \/>\n<meta property=\"article:modified_time\" content=\"2023-09-12T17:57:39+00:00\" \/>\n<meta property=\"og:image\" content=\"https:\/\/regiaonews.net.br\/2022\/wp-content\/uploads\/2023\/09\/Imagem-do-WhatsApp-de-2023-09-12-as-11.51.49.jpg\" \/>\n\t<meta property=\"og:image:width\" content=\"720\" \/>\n\t<meta property=\"og:image:height\" content=\"361\" \/>\n\t<meta property=\"og:image:type\" content=\"image\/jpeg\" \/>\n<meta name=\"author\" content=\"Roberto\" \/>\n<meta name=\"twitter:card\" content=\"summary_large_image\" \/>\n<meta name=\"twitter:label1\" content=\"Escrito por\" \/>\n\t<meta name=\"twitter:data1\" content=\"Roberto\" \/>\n\t<meta name=\"twitter:label2\" content=\"Est. tempo de leitura\" \/>\n\t<meta name=\"twitter:data2\" content=\"2 minutos\" \/>\n<script type=\"application\/ld+json\" class=\"yoast-schema-graph\">{\"@context\":\"https:\\\/\\\/schema.org\",\"@graph\":[{\"@type\":\"Article\",\"@id\":\"https:\\\/\\\/regiaonews.net.br\\\/2022\\\/2023\\\/09\\\/12\\\/assaltantes-explodem-carro-forte-na-rodovia-anhanguera-em-limeira\\\/#article\",\"isPartOf\":{\"@id\":\"https:\\\/\\\/regiaonews.net.br\\\/2022\\\/2023\\\/09\\\/12\\\/assaltantes-explodem-carro-forte-na-rodovia-anhanguera-em-limeira\\\/\"},\"author\":{\"name\":\"Roberto\",\"@id\":\"https:\\\/\\\/regiaonews.net.br\\\/2022\\\/#\\\/schema\\\/person\\\/2d205a608a5aa97ac279d7a5e6d89ad8\"},\"headline\":\"Assaltantes explodem carro-forte na Rodovia Anhanguera, em Limeira\",\"datePublished\":\"2023-09-12T15:27:47+00:00\",\"dateModified\":\"2023-09-12T17:57:39+00:00\",\"mainEntityOfPage\":{\"@id\":\"https:\\\/\\\/regiaonews.net.br\\\/2022\\\/2023\\\/09\\\/12\\\/assaltantes-explodem-carro-forte-na-rodovia-anhanguera-em-limeira\\\/\"},\"wordCount\":316,\"commentCount\":0,\"publisher\":{\"@id\":\"https:\\\/\\\/regiaonews.net.br\\\/2022\\\/#organization\"},\"image\":{\"@id\":\"https:\\\/\\\/regiaonews.net.br\\\/2022\\\/2023\\\/09\\\/12\\\/assaltantes-explodem-carro-forte-na-rodovia-anhanguera-em-limeira\\\/#primaryimage\"},\"thumbnailUrl\":\"https:\\\/\\\/regiaonews.net.br\\\/2022\\\/wp-content\\\/uploads\\\/2023\\\/09\\\/Imagem-do-WhatsApp-de-2023-09-12-as-11.51.49.jpg\",\"articleSection\":[\"Geral\",\"Policia\"],\"inLanguage\":\"pt-BR\",\"potentialAction\":[{\"@type\":\"CommentAction\",\"name\":\"Comment\",\"target\":[\"https:\\\/\\\/regiaonews.net.br\\\/2022\\\/2023\\\/09\\\/12\\\/assaltantes-explodem-carro-forte-na-rodovia-anhanguera-em-limeira\\\/#respond\"]}]},{\"@type\":\"WebPage\",\"@id\":\"https:\\\/\\\/regiaonews.net.br\\\/2022\\\/2023\\\/09\\\/12\\\/assaltantes-explodem-carro-forte-na-rodovia-anhanguera-em-limeira\\\/\",\"url\":\"https:\\\/\\\/regiaonews.net.br\\\/2022\\\/2023\\\/09\\\/12\\\/assaltantes-explodem-carro-forte-na-rodovia-anhanguera-em-limeira\\\/\",\"name\":\"Assaltantes explodem carro-forte na Rodovia\",\"isPartOf\":{\"@id\":\"https:\\\/\\\/regiaonews.net.br\\\/2022\\\/#website\"},\"primaryImageOfPage\":{\"@id\":\"https:\\\/\\\/regiaonews.net.br\\\/2022\\\/2023\\\/09\\\/12\\\/assaltantes-explodem-carro-forte-na-rodovia-anhanguera-em-limeira\\\/#primaryimage\"},\"image\":{\"@id\":\"https:\\\/\\\/regiaonews.net.br\\\/2022\\\/2023\\\/09\\\/12\\\/assaltantes-explodem-carro-forte-na-rodovia-anhanguera-em-limeira\\\/#primaryimage\"},\"thumbnailUrl\":\"https:\\\/\\\/regiaonews.net.br\\\/2022\\\/wp-content\\\/uploads\\\/2023\\\/09\\\/Imagem-do-WhatsApp-de-2023-09-12-as-11.51.49.jpg\",\"datePublished\":\"2023-09-12T15:27:47+00:00\",\"dateModified\":\"2023-09-12T17:57:39+00:00\",\"description\":\"O crime aconteceu no quil\u00f4metro 136, sentido capital, \u00e0s 18h15. O ve\u00edculo de transporte de valores ficou completamente destru\u00eddo com a\",\"breadcrumb\":{\"@id\":\"https:\\\/\\\/regiaonews.net.br\\\/2022\\\/2023\\\/09\\\/12\\\/assaltantes-explodem-carro-forte-na-rodovia-anhanguera-em-limeira\\\/#breadcrumb\"},\"inLanguage\":\"pt-BR\",\"potentialAction\":[{\"@type\":\"ReadAction\",\"target\":[\"https:\\\/\\\/regiaonews.net.br\\\/2022\\\/2023\\\/09\\\/12\\\/assaltantes-explodem-carro-forte-na-rodovia-anhanguera-em-limeira\\\/\"]}]},{\"@type\":\"ImageObject\",\"inLanguage\":\"pt-BR\",\"@id\":\"https:\\\/\\\/regiaonews.net.br\\\/2022\\\/2023\\\/09\\\/12\\\/assaltantes-explodem-carro-forte-na-rodovia-anhanguera-em-limeira\\\/#primaryimage\",\"url\":\"https:\\\/\\\/regiaonews.net.br\\\/2022\\\/wp-content\\\/uploads\\\/2023\\\/09\\\/Imagem-do-WhatsApp-de-2023-09-12-as-11.51.49.jpg\",\"contentUrl\":\"https:\\\/\\\/regiaonews.net.br\\\/2022\\\/wp-content\\\/uploads\\\/2023\\\/09\\\/Imagem-do-WhatsApp-de-2023-09-12-as-11.51.49.jpg\",\"width\":720,\"height\":361},{\"@type\":\"BreadcrumbList\",\"@id\":\"https:\\\/\\\/regiaonews.net.br\\\/2022\\\/2023\\\/09\\\/12\\\/assaltantes-explodem-carro-forte-na-rodovia-anhanguera-em-limeira\\\/#breadcrumb\",\"itemListElement\":[{\"@type\":\"ListItem\",\"position\":1,\"name\":\"In\u00edcio\",\"item\":\"https:\\\/\\\/regiaonews.net.br\\\/2022\\\/\"},{\"@type\":\"ListItem\",\"position\":2,\"name\":\"Assaltantes explodem carro-forte na Rodovia Anhanguera, em Limeira\"}]},{\"@type\":\"WebSite\",\"@id\":\"https:\\\/\\\/regiaonews.net.br\\\/2022\\\/#website\",\"url\":\"https:\\\/\\\/regiaonews.net.br\\\/2022\\\/\",\"name\":\"Regi\u00e3o News\",\"description\":\"Site de Not\u00edcias de Barretos e regi\u00e3o\",\"publisher\":{\"@id\":\"https:\\\/\\\/regiaonews.net.br\\\/2022\\\/#organization\"},\"potentialAction\":[{\"@type\":\"SearchAction\",\"target\":{\"@type\":\"EntryPoint\",\"urlTemplate\":\"https:\\\/\\\/regiaonews.net.br\\\/2022\\\/?s={search_term_string}\"},\"query-input\":{\"@type\":\"PropertyValueSpecification\",\"valueRequired\":true,\"valueName\":\"search_term_string\"}}],\"inLanguage\":\"pt-BR\"},{\"@type\":\"Organization\",\"@id\":\"https:\\\/\\\/regiaonews.net.br\\\/2022\\\/#organization\",\"name\":\"Regi\u00e3o News\",\"url\":\"https:\\\/\\\/regiaonews.net.br\\\/2022\\\/\",\"logo\":{\"@type\":\"ImageObject\",\"inLanguage\":\"pt-BR\",\"@id\":\"https:\\\/\\\/regiaonews.net.br\\\/2022\\\/#\\\/schema\\\/logo\\\/image\\\/\",\"url\":\"https:\\\/\\\/regiaonews.net.br\\\/2022\\\/wp-content\\\/uploads\\\/2026\\\/03\\\/regiao-13-anos-scaled.jpg\",\"contentUrl\":\"https:\\\/\\\/regiaonews.net.br\\\/2022\\\/wp-content\\\/uploads\\\/2026\\\/03\\\/regiao-13-anos-scaled.jpg\",\"width\":2560,\"height\":635,\"caption\":\"Regi\u00e3o News\"},\"image\":{\"@id\":\"https:\\\/\\\/regiaonews.net.br\\\/2022\\\/#\\\/schema\\\/logo\\\/image\\\/\"}},{\"@type\":\"Person\",\"@id\":\"https:\\\/\\\/regiaonews.net.br\\\/2022\\\/#\\\/schema\\\/person\\\/2d205a608a5aa97ac279d7a5e6d89ad8\",\"name\":\"Roberto\",\"image\":{\"@type\":\"ImageObject\",\"inLanguage\":\"pt-BR\",\"@id\":\"https:\\\/\\\/secure.gravatar.com\\\/avatar\\\/42749d8b712ff9d59ca93dc150494e5b55a44134482993f5baeb97e61b7ecc89?s=96&d=mm&r=g\",\"url\":\"https:\\\/\\\/secure.gravatar.com\\\/avatar\\\/42749d8b712ff9d59ca93dc150494e5b55a44134482993f5baeb97e61b7ecc89?s=96&d=mm&r=g\",\"contentUrl\":\"https:\\\/\\\/secure.gravatar.com\\\/avatar\\\/42749d8b712ff9d59ca93dc150494e5b55a44134482993f5baeb97e61b7ecc89?s=96&d=mm&r=g\",\"caption\":\"Roberto\"},\"url\":\"https:\\\/\\\/regiaonews.net.br\\\/2022\\\/author\\\/roberto\\\/\"}]}<\/script>\n<!-- \/ Yoast SEO plugin. -->","yoast_head_json":{"title":"Assaltantes explodem carro-forte na Rodovia","description":"O crime aconteceu no quil\u00f4metro 136, sentido capital, \u00e0s 18h15. O ve\u00edculo de transporte de valores ficou completamente destru\u00eddo com a","robots":{"index":"index","follow":"follow","max-snippet":"max-snippet:-1","max-image-preview":"max-image-preview:large","max-video-preview":"max-video-preview:-1"},"canonical":"https:\/\/regiaonews.net.br\/2022\/2023\/09\/12\/assaltantes-explodem-carro-forte-na-rodovia-anhanguera-em-limeira\/","og_locale":"pt_BR","og_type":"article","og_title":"Assaltantes explodem carro-forte na Rodovia","og_description":"O crime aconteceu no quil\u00f4metro 136, sentido capital, \u00e0s 18h15. O ve\u00edculo de transporte de valores ficou completamente destru\u00eddo com a","og_url":"https:\/\/regiaonews.net.br\/2022\/2023\/09\/12\/assaltantes-explodem-carro-forte-na-rodovia-anhanguera-em-limeira\/","og_site_name":"Regi\u00e3o News","article_published_time":"2023-09-12T15:27:47+00:00","article_modified_time":"2023-09-12T17:57:39+00:00","og_image":[{"width":720,"height":361,"url":"https:\/\/regiaonews.net.br\/2022\/wp-content\/uploads\/2023\/09\/Imagem-do-WhatsApp-de-2023-09-12-as-11.51.49.jpg","type":"image\/jpeg"}],"author":"Roberto","twitter_card":"summary_large_image","twitter_misc":{"Escrito por":"Roberto","Est. tempo de leitura":"2 minutos"},"schema":{"@context":"https:\/\/schema.org","@graph":[{"@type":"Article","@id":"https:\/\/regiaonews.net.br\/2022\/2023\/09\/12\/assaltantes-explodem-carro-forte-na-rodovia-anhanguera-em-limeira\/#article","isPartOf":{"@id":"https:\/\/regiaonews.net.br\/2022\/2023\/09\/12\/assaltantes-explodem-carro-forte-na-rodovia-anhanguera-em-limeira\/"},"author":{"name":"Roberto","@id":"https:\/\/regiaonews.net.br\/2022\/#\/schema\/person\/2d205a608a5aa97ac279d7a5e6d89ad8"},"headline":"Assaltantes explodem carro-forte na Rodovia Anhanguera, em Limeira","datePublished":"2023-09-12T15:27:47+00:00","dateModified":"2023-09-12T17:57:39+00:00","mainEntityOfPage":{"@id":"https:\/\/regiaonews.net.br\/2022\/2023\/09\/12\/assaltantes-explodem-carro-forte-na-rodovia-anhanguera-em-limeira\/"},"wordCount":316,"commentCount":0,"publisher":{"@id":"https:\/\/regiaonews.net.br\/2022\/#organization"},"image":{"@id":"https:\/\/regiaonews.net.br\/2022\/2023\/09\/12\/assaltantes-explodem-carro-forte-na-rodovia-anhanguera-em-limeira\/#primaryimage"},"thumbnailUrl":"https:\/\/regiaonews.net.br\/2022\/wp-content\/uploads\/2023\/09\/Imagem-do-WhatsApp-de-2023-09-12-as-11.51.49.jpg","articleSection":["Geral","Policia"],"inLanguage":"pt-BR","potentialAction":[{"@type":"CommentAction","name":"Comment","target":["https:\/\/regiaonews.net.br\/2022\/2023\/09\/12\/assaltantes-explodem-carro-forte-na-rodovia-anhanguera-em-limeira\/#respond"]}]},{"@type":"WebPage","@id":"https:\/\/regiaonews.net.br\/2022\/2023\/09\/12\/assaltantes-explodem-carro-forte-na-rodovia-anhanguera-em-limeira\/","url":"https:\/\/regiaonews.net.br\/2022\/2023\/09\/12\/assaltantes-explodem-carro-forte-na-rodovia-anhanguera-em-limeira\/","name":"Assaltantes explodem carro-forte na Rodovia","isPartOf":{"@id":"https:\/\/regiaonews.net.br\/2022\/#website"},"primaryImageOfPage":{"@id":"https:\/\/regiaonews.net.br\/2022\/2023\/09\/12\/assaltantes-explodem-carro-forte-na-rodovia-anhanguera-em-limeira\/#primaryimage"},"image":{"@id":"https:\/\/regiaonews.net.br\/2022\/2023\/09\/12\/assaltantes-explodem-carro-forte-na-rodovia-anhanguera-em-limeira\/#primaryimage"},"thumbnailUrl":"https:\/\/regiaonews.net.br\/2022\/wp-content\/uploads\/2023\/09\/Imagem-do-WhatsApp-de-2023-09-12-as-11.51.49.jpg","datePublished":"2023-09-12T15:27:47+00:00","dateModified":"2023-09-12T17:57:39+00:00","description":"O crime aconteceu no quil\u00f4metro 136, sentido capital, \u00e0s 18h15. O ve\u00edculo de transporte de valores ficou completamente destru\u00eddo com a","breadcrumb":{"@id":"https:\/\/regiaonews.net.br\/2022\/2023\/09\/12\/assaltantes-explodem-carro-forte-na-rodovia-anhanguera-em-limeira\/#breadcrumb"},"inLanguage":"pt-BR","potentialAction":[{"@type":"ReadAction","target":["https:\/\/regiaonews.net.br\/2022\/2023\/09\/12\/assaltantes-explodem-carro-forte-na-rodovia-anhanguera-em-limeira\/"]}]},{"@type":"ImageObject","inLanguage":"pt-BR","@id":"https:\/\/regiaonews.net.br\/2022\/2023\/09\/12\/assaltantes-explodem-carro-forte-na-rodovia-anhanguera-em-limeira\/#primaryimage","url":"https:\/\/regiaonews.net.br\/2022\/wp-content\/uploads\/2023\/09\/Imagem-do-WhatsApp-de-2023-09-12-as-11.51.49.jpg","contentUrl":"https:\/\/regiaonews.net.br\/2022\/wp-content\/uploads\/2023\/09\/Imagem-do-WhatsApp-de-2023-09-12-as-11.51.49.jpg","width":720,"height":361},{"@type":"BreadcrumbList","@id":"https:\/\/regiaonews.net.br\/2022\/2023\/09\/12\/assaltantes-explodem-carro-forte-na-rodovia-anhanguera-em-limeira\/#breadcrumb","itemListElement":[{"@type":"ListItem","position":1,"name":"In\u00edcio","item":"https:\/\/regiaonews.net.br\/2022\/"},{"@type":"ListItem","position":2,"name":"Assaltantes explodem carro-forte na Rodovia Anhanguera, em Limeira"}]},{"@type":"WebSite","@id":"https:\/\/regiaonews.net.br\/2022\/#website","url":"https:\/\/regiaonews.net.br\/2022\/","name":"Regi\u00e3o News","description":"Site de Not\u00edcias de Barretos e regi\u00e3o","publisher":{"@id":"https:\/\/regiaonews.net.br\/2022\/#organization"},"potentialAction":[{"@type":"SearchAction","target":{"@type":"EntryPoint","urlTemplate":"https:\/\/regiaonews.net.br\/2022\/?s={search_term_string}"},"query-input":{"@type":"PropertyValueSpecification","valueRequired":true,"valueName":"search_term_string"}}],"inLanguage":"pt-BR"},{"@type":"Organization","@id":"https:\/\/regiaonews.net.br\/2022\/#organization","name":"Regi\u00e3o News","url":"https:\/\/regiaonews.net.br\/2022\/","logo":{"@type":"ImageObject","inLanguage":"pt-BR","@id":"https:\/\/regiaonews.net.br\/2022\/#\/schema\/logo\/image\/","url":"https:\/\/regiaonews.net.br\/2022\/wp-content\/uploads\/2026\/03\/regiao-13-anos-scaled.jpg","contentUrl":"https:\/\/regiaonews.net.br\/2022\/wp-content\/uploads\/2026\/03\/regiao-13-anos-scaled.jpg","width":2560,"height":635,"caption":"Regi\u00e3o News"},"image":{"@id":"https:\/\/regiaonews.net.br\/2022\/#\/schema\/logo\/image\/"}},{"@type":"Person","@id":"https:\/\/regiaonews.net.br\/2022\/#\/schema\/person\/2d205a608a5aa97ac279d7a5e6d89ad8","name":"Roberto","image":{"@type":"ImageObject","inLanguage":"pt-BR","@id":"https:\/\/secure.gravatar.com\/avatar\/42749d8b712ff9d59ca93dc150494e5b55a44134482993f5baeb97e61b7ecc89?s=96&d=mm&r=g","url":"https:\/\/secure.gravatar.com\/avatar\/42749d8b712ff9d59ca93dc150494e5b55a44134482993f5baeb97e61b7ecc89?s=96&d=mm&r=g","contentUrl":"https:\/\/secure.gravatar.com\/avatar\/42749d8b712ff9d59ca93dc150494e5b55a44134482993f5baeb97e61b7ecc89?s=96&d=mm&r=g","caption":"Roberto"},"url":"https:\/\/regiaonews.net.br\/2022\/author\/roberto\/"}]}},"publishpress_future_action":{"enabled":false,"date":"2026-05-04 19:12:50","action":"change-status","newStatus":"draft","terms":[],"taxonomy":"category","extraData":[]},"publishpress_future_workflow_manual_trigger":{"enabledWorkflows":[]},"_links":{"self":[{"href":"https:\/\/regiaonews.net.br\/2022\/wp-json\/wp\/v2\/posts\/94958","targetHints":{"allow":["GET"]}}],"collection":[{"href":"https:\/\/regiaonews.net.br\/2022\/wp-json\/wp\/v2\/posts"}],"about":[{"href":"https:\/\/regiaonews.net.br\/2022\/wp-json\/wp\/v2\/types\/post"}],"author":[{"embeddable":true,"href":"https:\/\/regiaonews.net.br\/2022\/wp-json\/wp\/v2\/users\/2"}],"replies":[{"embeddable":true,"href":"https:\/\/regiaonews.net.br\/2022\/wp-json\/wp\/v2\/comments?post=94958"}],"version-history":[{"count":3,"href":"https:\/\/regiaonews.net.br\/2022\/wp-json\/wp\/v2\/posts\/94958\/revisions"}],"predecessor-version":[{"id":94962,"href":"https:\/\/regiaonews.net.br\/2022\/wp-json\/wp\/v2\/posts\/94958\/revisions\/94962"}],"wp:featuredmedia":[{"embeddable":true,"href":"https:\/\/regiaonews.net.br\/2022\/wp-json\/wp\/v2\/media\/94959"}],"wp:attachment":[{"href":"https:\/\/regiaonews.net.br\/2022\/wp-json\/wp\/v2\/media?parent=94958"}],"wp:term":[{"taxonomy":"category","embeddable":true,"href":"https:\/\/regiaonews.net.br\/2022\/wp-json\/wp\/v2\/categories?post=94958"},{"taxonomy":"post_tag","embeddable":true,"href":"https:\/\/regiaonews.net.br\/2022\/wp-json\/wp\/v2\/tags?post=94958"}],"curies":[{"name":"wp","href":"https:\/\/api.w.org\/{rel}","templated":true}]}}