{"id":94956,"date":"2023-09-12T12:26:22","date_gmt":"2023-09-12T15:26:22","guid":{"rendered":"https:\/\/regiaonews.net.br\/2022\/?p=94956"},"modified":"2023-09-12T12:26:22","modified_gmt":"2023-09-12T15:26:22","slug":"brasil-encara-o-peru-pela-segunda-rodada-das-eliminatorias-da-copa-de-2026","status":"publish","type":"post","link":"https:\/\/regiaonews.net.br\/2022\/2023\/09\/12\/brasil-encara-o-peru-pela-segunda-rodada-das-eliminatorias-da-copa-de-2026\/","title":{"rendered":"Brasil encara o Peru pela segunda rodada das Eliminat\u00f3rias da Copa de 2026"},"content":{"rendered":"<p>O Brasil enfrenta hoje (12), \u00e0s 23h, a Sele\u00e7\u00e3o do Peru no est\u00e1dio Nacional de Lima, na capital peruana. Em entrevista, o volante Bruno Guimar\u00e3es, destacou o bom ambiente da sele\u00e7\u00e3o, ap\u00f3s a vit\u00f3ria sobre a Bol\u00edvia por 5 a 1. \u201cQuem conhece o [Fernando] Diniz sabe o qu\u00e3o especial ele v\u00ea o futebol, enxerga o futebol de uma maneira diferente, \u00e9 um cara diferenciado\u201d, disse Bruno Guimar\u00e3es.<br \/>\nO atleta tamb\u00e9m avaliou o trabalho de Fernando Diniz na Sele\u00e7\u00e3o Brasileira ap\u00f3s uma goleada na estreia. \u201cSem bem sincero, o ambiente est\u00e1 muito bom e est\u00e1 todo mundo feliz e gostando do novo estilo, do que a gente tem trabalhado. \u00c9 diferente, \u00e9 novo&#8230; Est\u00e1 dando vontade\u201d, pontuou.<br \/>\nConfira os jogos da 2\u00aa rodada, agendados para hoje (12): 17h00 \u2013 Bol\u00edvia x Argentina, 18h00 \u2013 Equador x Uruguai, 19h00 \u2013 Venerzuela x Paraguai, 21h30 \u2013 Chile x Col\u00f4mbia e 23h00 \u2013\u00a0Peru\u00a0x\u00a0Brasil.<\/p>\n","protected":false},"excerpt":{"rendered":"<p>O Brasil enfrenta hoje (12), \u00e0s 23h, a Sele\u00e7\u00e3o do<\/p>\n","protected":false},"author":2,"featured_media":48102,"comment_status":"open","ping_status":"open","sticky":false,"template":"","format":"standard","meta":{"footnotes":""},"categories":[24,21],"tags":[],"class_list":["post-94956","post","type-post","status-publish","format-standard","has-post-thumbnail","hentry","category-brasil","category-esporte"],"yoast_head":"<!-- This site is optimized with the Yoast SEO plugin v27.4 - https:\/\/yoast.com\/product\/yoast-seo-wordpress\/ -->\n<title>Brasil encara o Peru pela segunda rodada das Eliminat\u00f3rias da Copa de 2026 - Regi\u00e3o News<\/title>\n<meta name=\"robots\" content=\"index, follow, max-snippet:-1, max-image-preview:large, max-video-preview:-1\" \/>\n<link rel=\"canonical\" href=\"https:\/\/regiaonews.net.br\/2022\/2023\/09\/12\/brasil-encara-o-peru-pela-segunda-rodada-das-eliminatorias-da-copa-de-2026\/\" \/>\n<meta property=\"og:locale\" content=\"pt_BR\" \/>\n<meta property=\"og:type\" content=\"article\" \/>\n<meta property=\"og:title\" content=\"Brasil encara o Peru pela segunda rodada das Eliminat\u00f3rias da Copa de 2026 - Regi\u00e3o News\" \/>\n<meta property=\"og:description\" content=\"O Brasil enfrenta hoje (12), \u00e0s 23h, a Sele\u00e7\u00e3o do\" \/>\n<meta property=\"og:url\" content=\"https:\/\/regiaonews.net.br\/2022\/2023\/09\/12\/brasil-encara-o-peru-pela-segunda-rodada-das-eliminatorias-da-copa-de-2026\/\" \/>\n<meta property=\"og:site_name\" content=\"Regi\u00e3o News\" \/>\n<meta property=\"article:published_time\" content=\"2023-09-12T15:26:22+00:00\" \/>\n<meta property=\"og:image\" content=\"https:\/\/regiaonews.net.br\/2022\/wp-content\/uploads\/2021\/06\/selecao-brasileira-venceu-com-gol-de-richarlison.jpeg\" \/>\n\t<meta property=\"og:image:width\" content=\"355\" \/>\n\t<meta property=\"og:image:height\" content=\"200\" \/>\n\t<meta property=\"og:image:type\" content=\"image\/jpeg\" \/>\n<meta name=\"author\" content=\"Roberto\" \/>\n<meta name=\"twitter:card\" content=\"summary_large_image\" \/>\n<meta name=\"twitter:label1\" content=\"Escrito por\" \/>\n\t<meta name=\"twitter:data1\" content=\"Roberto\" \/>\n\t<meta name=\"twitter:label2\" content=\"Est. tempo de leitura\" \/>\n\t<meta name=\"twitter:data2\" content=\"1 minuto\" \/>\n<script type=\"application\/ld+json\" class=\"yoast-schema-graph\">{\"@context\":\"https:\\\/\\\/schema.org\",\"@graph\":[{\"@type\":\"Article\",\"@id\":\"https:\\\/\\\/regiaonews.net.br\\\/2022\\\/2023\\\/09\\\/12\\\/brasil-encara-o-peru-pela-segunda-rodada-das-eliminatorias-da-copa-de-2026\\\/#article\",\"isPartOf\":{\"@id\":\"https:\\\/\\\/regiaonews.net.br\\\/2022\\\/2023\\\/09\\\/12\\\/brasil-encara-o-peru-pela-segunda-rodada-das-eliminatorias-da-copa-de-2026\\\/\"},\"author\":{\"name\":\"Roberto\",\"@id\":\"https:\\\/\\\/regiaonews.net.br\\\/2022\\\/#\\\/schema\\\/person\\\/2d205a608a5aa97ac279d7a5e6d89ad8\"},\"headline\":\"Brasil encara o Peru pela segunda rodada das Eliminat\u00f3rias da Copa de 2026\",\"datePublished\":\"2023-09-12T15:26:22+00:00\",\"mainEntityOfPage\":{\"@id\":\"https:\\\/\\\/regiaonews.net.br\\\/2022\\\/2023\\\/09\\\/12\\\/brasil-encara-o-peru-pela-segunda-rodada-das-eliminatorias-da-copa-de-2026\\\/\"},\"wordCount\":167,\"commentCount\":0,\"publisher\":{\"@id\":\"https:\\\/\\\/regiaonews.net.br\\\/2022\\\/#organization\"},\"image\":{\"@id\":\"https:\\\/\\\/regiaonews.net.br\\\/2022\\\/2023\\\/09\\\/12\\\/brasil-encara-o-peru-pela-segunda-rodada-das-eliminatorias-da-copa-de-2026\\\/#primaryimage\"},\"thumbnailUrl\":\"https:\\\/\\\/regiaonews.net.br\\\/2022\\\/wp-content\\\/uploads\\\/2021\\\/06\\\/selecao-brasileira-venceu-com-gol-de-richarlison.jpeg\",\"articleSection\":[\"Brasil\",\"Esporte\"],\"inLanguage\":\"pt-BR\",\"potentialAction\":[{\"@type\":\"CommentAction\",\"name\":\"Comment\",\"target\":[\"https:\\\/\\\/regiaonews.net.br\\\/2022\\\/2023\\\/09\\\/12\\\/brasil-encara-o-peru-pela-segunda-rodada-das-eliminatorias-da-copa-de-2026\\\/#respond\"]}]},{\"@type\":\"WebPage\",\"@id\":\"https:\\\/\\\/regiaonews.net.br\\\/2022\\\/2023\\\/09\\\/12\\\/brasil-encara-o-peru-pela-segunda-rodada-das-eliminatorias-da-copa-de-2026\\\/\",\"url\":\"https:\\\/\\\/regiaonews.net.br\\\/2022\\\/2023\\\/09\\\/12\\\/brasil-encara-o-peru-pela-segunda-rodada-das-eliminatorias-da-copa-de-2026\\\/\",\"name\":\"Brasil encara o Peru pela segunda rodada das Eliminat\u00f3rias da Copa de 2026 - Regi\u00e3o News\",\"isPartOf\":{\"@id\":\"https:\\\/\\\/regiaonews.net.br\\\/2022\\\/#website\"},\"primaryImageOfPage\":{\"@id\":\"https:\\\/\\\/regiaonews.net.br\\\/2022\\\/2023\\\/09\\\/12\\\/brasil-encara-o-peru-pela-segunda-rodada-das-eliminatorias-da-copa-de-2026\\\/#primaryimage\"},\"image\":{\"@id\":\"https:\\\/\\\/regiaonews.net.br\\\/2022\\\/2023\\\/09\\\/12\\\/brasil-encara-o-peru-pela-segunda-rodada-das-eliminatorias-da-copa-de-2026\\\/#primaryimage\"},\"thumbnailUrl\":\"https:\\\/\\\/regiaonews.net.br\\\/2022\\\/wp-content\\\/uploads\\\/2021\\\/06\\\/selecao-brasileira-venceu-com-gol-de-richarlison.jpeg\",\"datePublished\":\"2023-09-12T15:26:22+00:00\",\"breadcrumb\":{\"@id\":\"https:\\\/\\\/regiaonews.net.br\\\/2022\\\/2023\\\/09\\\/12\\\/brasil-encara-o-peru-pela-segunda-rodada-das-eliminatorias-da-copa-de-2026\\\/#breadcrumb\"},\"inLanguage\":\"pt-BR\",\"potentialAction\":[{\"@type\":\"ReadAction\",\"target\":[\"https:\\\/\\\/regiaonews.net.br\\\/2022\\\/2023\\\/09\\\/12\\\/brasil-encara-o-peru-pela-segunda-rodada-das-eliminatorias-da-copa-de-2026\\\/\"]}]},{\"@type\":\"ImageObject\",\"inLanguage\":\"pt-BR\",\"@id\":\"https:\\\/\\\/regiaonews.net.br\\\/2022\\\/2023\\\/09\\\/12\\\/brasil-encara-o-peru-pela-segunda-rodada-das-eliminatorias-da-copa-de-2026\\\/#primaryimage\",\"url\":\"https:\\\/\\\/regiaonews.net.br\\\/2022\\\/wp-content\\\/uploads\\\/2021\\\/06\\\/selecao-brasileira-venceu-com-gol-de-richarlison.jpeg\",\"contentUrl\":\"https:\\\/\\\/regiaonews.net.br\\\/2022\\\/wp-content\\\/uploads\\\/2021\\\/06\\\/selecao-brasileira-venceu-com-gol-de-richarlison.jpeg\",\"width\":355,\"height\":200},{\"@type\":\"BreadcrumbList\",\"@id\":\"https:\\\/\\\/regiaonews.net.br\\\/2022\\\/2023\\\/09\\\/12\\\/brasil-encara-o-peru-pela-segunda-rodada-das-eliminatorias-da-copa-de-2026\\\/#breadcrumb\",\"itemListElement\":[{\"@type\":\"ListItem\",\"position\":1,\"name\":\"In\u00edcio\",\"item\":\"https:\\\/\\\/regiaonews.net.br\\\/2022\\\/\"},{\"@type\":\"ListItem\",\"position\":2,\"name\":\"Brasil encara o Peru pela segunda rodada das Eliminat\u00f3rias da Copa de 2026\"}]},{\"@type\":\"WebSite\",\"@id\":\"https:\\\/\\\/regiaonews.net.br\\\/2022\\\/#website\",\"url\":\"https:\\\/\\\/regiaonews.net.br\\\/2022\\\/\",\"name\":\"Regi\u00e3o News\",\"description\":\"Site de Not\u00edcias de Barretos e regi\u00e3o\",\"publisher\":{\"@id\":\"https:\\\/\\\/regiaonews.net.br\\\/2022\\\/#organization\"},\"potentialAction\":[{\"@type\":\"SearchAction\",\"target\":{\"@type\":\"EntryPoint\",\"urlTemplate\":\"https:\\\/\\\/regiaonews.net.br\\\/2022\\\/?s={search_term_string}\"},\"query-input\":{\"@type\":\"PropertyValueSpecification\",\"valueRequired\":true,\"valueName\":\"search_term_string\"}}],\"inLanguage\":\"pt-BR\"},{\"@type\":\"Organization\",\"@id\":\"https:\\\/\\\/regiaonews.net.br\\\/2022\\\/#organization\",\"name\":\"Regi\u00e3o News\",\"url\":\"https:\\\/\\\/regiaonews.net.br\\\/2022\\\/\",\"logo\":{\"@type\":\"ImageObject\",\"inLanguage\":\"pt-BR\",\"@id\":\"https:\\\/\\\/regiaonews.net.br\\\/2022\\\/#\\\/schema\\\/logo\\\/image\\\/\",\"url\":\"https:\\\/\\\/regiaonews.net.br\\\/2022\\\/wp-content\\\/uploads\\\/2026\\\/03\\\/regiao-13-anos-scaled.jpg\",\"contentUrl\":\"https:\\\/\\\/regiaonews.net.br\\\/2022\\\/wp-content\\\/uploads\\\/2026\\\/03\\\/regiao-13-anos-scaled.jpg\",\"width\":2560,\"height\":635,\"caption\":\"Regi\u00e3o News\"},\"image\":{\"@id\":\"https:\\\/\\\/regiaonews.net.br\\\/2022\\\/#\\\/schema\\\/logo\\\/image\\\/\"}},{\"@type\":\"Person\",\"@id\":\"https:\\\/\\\/regiaonews.net.br\\\/2022\\\/#\\\/schema\\\/person\\\/2d205a608a5aa97ac279d7a5e6d89ad8\",\"name\":\"Roberto\",\"image\":{\"@type\":\"ImageObject\",\"inLanguage\":\"pt-BR\",\"@id\":\"https:\\\/\\\/secure.gravatar.com\\\/avatar\\\/42749d8b712ff9d59ca93dc150494e5b55a44134482993f5baeb97e61b7ecc89?s=96&d=mm&r=g\",\"url\":\"https:\\\/\\\/secure.gravatar.com\\\/avatar\\\/42749d8b712ff9d59ca93dc150494e5b55a44134482993f5baeb97e61b7ecc89?s=96&d=mm&r=g\",\"contentUrl\":\"https:\\\/\\\/secure.gravatar.com\\\/avatar\\\/42749d8b712ff9d59ca93dc150494e5b55a44134482993f5baeb97e61b7ecc89?s=96&d=mm&r=g\",\"caption\":\"Roberto\"},\"url\":\"https:\\\/\\\/regiaonews.net.br\\\/2022\\\/author\\\/roberto\\\/\"}]}<\/script>\n<!-- \/ Yoast SEO plugin. -->","yoast_head_json":{"title":"Brasil encara o Peru pela segunda rodada das Eliminat\u00f3rias da Copa de 2026 - Regi\u00e3o News","robots":{"index":"index","follow":"follow","max-snippet":"max-snippet:-1","max-image-preview":"max-image-preview:large","max-video-preview":"max-video-preview:-1"},"canonical":"https:\/\/regiaonews.net.br\/2022\/2023\/09\/12\/brasil-encara-o-peru-pela-segunda-rodada-das-eliminatorias-da-copa-de-2026\/","og_locale":"pt_BR","og_type":"article","og_title":"Brasil encara o Peru pela segunda rodada das Eliminat\u00f3rias da Copa de 2026 - Regi\u00e3o News","og_description":"O Brasil enfrenta hoje (12), \u00e0s 23h, a Sele\u00e7\u00e3o do","og_url":"https:\/\/regiaonews.net.br\/2022\/2023\/09\/12\/brasil-encara-o-peru-pela-segunda-rodada-das-eliminatorias-da-copa-de-2026\/","og_site_name":"Regi\u00e3o News","article_published_time":"2023-09-12T15:26:22+00:00","og_image":[{"width":355,"height":200,"url":"https:\/\/regiaonews.net.br\/2022\/wp-content\/uploads\/2021\/06\/selecao-brasileira-venceu-com-gol-de-richarlison.jpeg","type":"image\/jpeg"}],"author":"Roberto","twitter_card":"summary_large_image","twitter_misc":{"Escrito por":"Roberto","Est. tempo de leitura":"1 minuto"},"schema":{"@context":"https:\/\/schema.org","@graph":[{"@type":"Article","@id":"https:\/\/regiaonews.net.br\/2022\/2023\/09\/12\/brasil-encara-o-peru-pela-segunda-rodada-das-eliminatorias-da-copa-de-2026\/#article","isPartOf":{"@id":"https:\/\/regiaonews.net.br\/2022\/2023\/09\/12\/brasil-encara-o-peru-pela-segunda-rodada-das-eliminatorias-da-copa-de-2026\/"},"author":{"name":"Roberto","@id":"https:\/\/regiaonews.net.br\/2022\/#\/schema\/person\/2d205a608a5aa97ac279d7a5e6d89ad8"},"headline":"Brasil encara o Peru pela segunda rodada das Eliminat\u00f3rias da Copa de 2026","datePublished":"2023-09-12T15:26:22+00:00","mainEntityOfPage":{"@id":"https:\/\/regiaonews.net.br\/2022\/2023\/09\/12\/brasil-encara-o-peru-pela-segunda-rodada-das-eliminatorias-da-copa-de-2026\/"},"wordCount":167,"commentCount":0,"publisher":{"@id":"https:\/\/regiaonews.net.br\/2022\/#organization"},"image":{"@id":"https:\/\/regiaonews.net.br\/2022\/2023\/09\/12\/brasil-encara-o-peru-pela-segunda-rodada-das-eliminatorias-da-copa-de-2026\/#primaryimage"},"thumbnailUrl":"https:\/\/regiaonews.net.br\/2022\/wp-content\/uploads\/2021\/06\/selecao-brasileira-venceu-com-gol-de-richarlison.jpeg","articleSection":["Brasil","Esporte"],"inLanguage":"pt-BR","potentialAction":[{"@type":"CommentAction","name":"Comment","target":["https:\/\/regiaonews.net.br\/2022\/2023\/09\/12\/brasil-encara-o-peru-pela-segunda-rodada-das-eliminatorias-da-copa-de-2026\/#respond"]}]},{"@type":"WebPage","@id":"https:\/\/regiaonews.net.br\/2022\/2023\/09\/12\/brasil-encara-o-peru-pela-segunda-rodada-das-eliminatorias-da-copa-de-2026\/","url":"https:\/\/regiaonews.net.br\/2022\/2023\/09\/12\/brasil-encara-o-peru-pela-segunda-rodada-das-eliminatorias-da-copa-de-2026\/","name":"Brasil encara o Peru pela segunda rodada das Eliminat\u00f3rias da Copa de 2026 - Regi\u00e3o News","isPartOf":{"@id":"https:\/\/regiaonews.net.br\/2022\/#website"},"primaryImageOfPage":{"@id":"https:\/\/regiaonews.net.br\/2022\/2023\/09\/12\/brasil-encara-o-peru-pela-segunda-rodada-das-eliminatorias-da-copa-de-2026\/#primaryimage"},"image":{"@id":"https:\/\/regiaonews.net.br\/2022\/2023\/09\/12\/brasil-encara-o-peru-pela-segunda-rodada-das-eliminatorias-da-copa-de-2026\/#primaryimage"},"thumbnailUrl":"https:\/\/regiaonews.net.br\/2022\/wp-content\/uploads\/2021\/06\/selecao-brasileira-venceu-com-gol-de-richarlison.jpeg","datePublished":"2023-09-12T15:26:22+00:00","breadcrumb":{"@id":"https:\/\/regiaonews.net.br\/2022\/2023\/09\/12\/brasil-encara-o-peru-pela-segunda-rodada-das-eliminatorias-da-copa-de-2026\/#breadcrumb"},"inLanguage":"pt-BR","potentialAction":[{"@type":"ReadAction","target":["https:\/\/regiaonews.net.br\/2022\/2023\/09\/12\/brasil-encara-o-peru-pela-segunda-rodada-das-eliminatorias-da-copa-de-2026\/"]}]},{"@type":"ImageObject","inLanguage":"pt-BR","@id":"https:\/\/regiaonews.net.br\/2022\/2023\/09\/12\/brasil-encara-o-peru-pela-segunda-rodada-das-eliminatorias-da-copa-de-2026\/#primaryimage","url":"https:\/\/regiaonews.net.br\/2022\/wp-content\/uploads\/2021\/06\/selecao-brasileira-venceu-com-gol-de-richarlison.jpeg","contentUrl":"https:\/\/regiaonews.net.br\/2022\/wp-content\/uploads\/2021\/06\/selecao-brasileira-venceu-com-gol-de-richarlison.jpeg","width":355,"height":200},{"@type":"BreadcrumbList","@id":"https:\/\/regiaonews.net.br\/2022\/2023\/09\/12\/brasil-encara-o-peru-pela-segunda-rodada-das-eliminatorias-da-copa-de-2026\/#breadcrumb","itemListElement":[{"@type":"ListItem","position":1,"name":"In\u00edcio","item":"https:\/\/regiaonews.net.br\/2022\/"},{"@type":"ListItem","position":2,"name":"Brasil encara o Peru pela segunda rodada das Eliminat\u00f3rias da Copa de 2026"}]},{"@type":"WebSite","@id":"https:\/\/regiaonews.net.br\/2022\/#website","url":"https:\/\/regiaonews.net.br\/2022\/","name":"Regi\u00e3o News","description":"Site de Not\u00edcias de Barretos e regi\u00e3o","publisher":{"@id":"https:\/\/regiaonews.net.br\/2022\/#organization"},"potentialAction":[{"@type":"SearchAction","target":{"@type":"EntryPoint","urlTemplate":"https:\/\/regiaonews.net.br\/2022\/?s={search_term_string}"},"query-input":{"@type":"PropertyValueSpecification","valueRequired":true,"valueName":"search_term_string"}}],"inLanguage":"pt-BR"},{"@type":"Organization","@id":"https:\/\/regiaonews.net.br\/2022\/#organization","name":"Regi\u00e3o News","url":"https:\/\/regiaonews.net.br\/2022\/","logo":{"@type":"ImageObject","inLanguage":"pt-BR","@id":"https:\/\/regiaonews.net.br\/2022\/#\/schema\/logo\/image\/","url":"https:\/\/regiaonews.net.br\/2022\/wp-content\/uploads\/2026\/03\/regiao-13-anos-scaled.jpg","contentUrl":"https:\/\/regiaonews.net.br\/2022\/wp-content\/uploads\/2026\/03\/regiao-13-anos-scaled.jpg","width":2560,"height":635,"caption":"Regi\u00e3o News"},"image":{"@id":"https:\/\/regiaonews.net.br\/2022\/#\/schema\/logo\/image\/"}},{"@type":"Person","@id":"https:\/\/regiaonews.net.br\/2022\/#\/schema\/person\/2d205a608a5aa97ac279d7a5e6d89ad8","name":"Roberto","image":{"@type":"ImageObject","inLanguage":"pt-BR","@id":"https:\/\/secure.gravatar.com\/avatar\/42749d8b712ff9d59ca93dc150494e5b55a44134482993f5baeb97e61b7ecc89?s=96&d=mm&r=g","url":"https:\/\/secure.gravatar.com\/avatar\/42749d8b712ff9d59ca93dc150494e5b55a44134482993f5baeb97e61b7ecc89?s=96&d=mm&r=g","contentUrl":"https:\/\/secure.gravatar.com\/avatar\/42749d8b712ff9d59ca93dc150494e5b55a44134482993f5baeb97e61b7ecc89?s=96&d=mm&r=g","caption":"Roberto"},"url":"https:\/\/regiaonews.net.br\/2022\/author\/roberto\/"}]}},"publishpress_future_action":{"enabled":false,"date":"2026-05-04 20:47:41","action":"change-status","newStatus":"draft","terms":[],"taxonomy":"category","extraData":[]},"publishpress_future_workflow_manual_trigger":{"enabledWorkflows":[]},"_links":{"self":[{"href":"https:\/\/regiaonews.net.br\/2022\/wp-json\/wp\/v2\/posts\/94956","targetHints":{"allow":["GET"]}}],"collection":[{"href":"https:\/\/regiaonews.net.br\/2022\/wp-json\/wp\/v2\/posts"}],"about":[{"href":"https:\/\/regiaonews.net.br\/2022\/wp-json\/wp\/v2\/types\/post"}],"author":[{"embeddable":true,"href":"https:\/\/regiaonews.net.br\/2022\/wp-json\/wp\/v2\/users\/2"}],"replies":[{"embeddable":true,"href":"https:\/\/regiaonews.net.br\/2022\/wp-json\/wp\/v2\/comments?post=94956"}],"version-history":[{"count":1,"href":"https:\/\/regiaonews.net.br\/2022\/wp-json\/wp\/v2\/posts\/94956\/revisions"}],"predecessor-version":[{"id":94957,"href":"https:\/\/regiaonews.net.br\/2022\/wp-json\/wp\/v2\/posts\/94956\/revisions\/94957"}],"wp:featuredmedia":[{"embeddable":true,"href":"https:\/\/regiaonews.net.br\/2022\/wp-json\/wp\/v2\/media\/48102"}],"wp:attachment":[{"href":"https:\/\/regiaonews.net.br\/2022\/wp-json\/wp\/v2\/media?parent=94956"}],"wp:term":[{"taxonomy":"category","embeddable":true,"href":"https:\/\/regiaonews.net.br\/2022\/wp-json\/wp\/v2\/categories?post=94956"},{"taxonomy":"post_tag","embeddable":true,"href":"https:\/\/regiaonews.net.br\/2022\/wp-json\/wp\/v2\/tags?post=94956"}],"curies":[{"name":"wp","href":"https:\/\/api.w.org\/{rel}","templated":true}]}}