{"id":94941,"date":"2023-09-12T07:55:40","date_gmt":"2023-09-12T10:55:40","guid":{"rendered":"https:\/\/regiaonews.net.br\/2022\/?p=94941"},"modified":"2023-09-12T07:55:40","modified_gmt":"2023-09-12T10:55:40","slug":"iii-conferencia-municipal-da-juventude-sera-realizada-nesta-sexta-feira-dia-15","status":"publish","type":"post","link":"https:\/\/regiaonews.net.br\/2022\/2023\/09\/12\/iii-conferencia-municipal-da-juventude-sera-realizada-nesta-sexta-feira-dia-15\/","title":{"rendered":"III Confer\u00eancia Municipal da Juventude ser\u00e1 realizada nesta sexta-feira, dia 15"},"content":{"rendered":"<div id=\"m_-5912814550290278303divRplyFwdMsg\" dir=\"ltr\">\n<h3 style=\"text-align: center;\">Evento ocorre na Funda\u00e7\u00e3o LVF, no Jardim Universit\u00e1rio, e discute as pol\u00edticas de interesse da popula\u00e7\u00e3o jovem. Toda a sociedade est\u00e1 convidada a participar.<\/h3>\n<\/div>\n<div>\n<div><\/div>\n<div>A III Confer\u00eancia Municipal da Juventude ser\u00e1 realizada nesta sexta-feira, 15 de setembro. O evento foi convocado pela Prefeitura Municipal da Est\u00e2ncia Tur\u00edstica de Barretos, conforme disp\u00f5e a legisla\u00e7\u00e3o vigente. O tema desta edi\u00e7\u00e3o \u00e9 \u201cReconstruir no presente, Construir o Futuro: Desenvolvimento, Direitos, Participa\u00e7\u00e3o e Bem Viver\u201d.<\/div>\n<div><\/div>\n<div>Realizada em conjunto pela Prefeitura; pela Casa da Juventude, vinculada \u00e0 Secretaria Municipal de Assist\u00eancia Social e Desenvolvimento Humano; e pelo Conselho Municipal da Juventude de Barretos (CMJ), a Confer\u00eancia ocorre das 8 \u00e0s 12h, na Funda\u00e7\u00e3o Lugar de Viver Feliz (LVF), na Rua Jer\u00f4nimo Alves Pereira, n. 500, no Jd. Universit\u00e1rio. At\u00e9 quarta-feira, dia 13, toda a popula\u00e7\u00e3o a partir de 15 anos de idade pode realizar a inscri\u00e7\u00e3o pr\u00e9via para participar, pelo link:\u00a0<a href=\"https:\/\/forms.gle\/8gXQafL7oBvPxFct5.\" target=\"_blank\" rel=\"noopener\" data-saferedirecturl=\"https:\/\/www.google.com\/url?q=https:\/\/forms.gle\/8gXQafL7oBvPxFct5.&amp;source=gmail&amp;ust=1694602457760000&amp;usg=AOvVaw0_wDOQ8uw5ZeWGbD4ERVZJ\">https:\/\/forms.gle\/<wbr \/>8gXQafL7oBvPxFct5.<\/a><\/div>\n<div><\/div>\n<div>Vit\u00f3ria Saretta, secret\u00e1ria municipal de Assist\u00eancia Social e Desenvolvimento Humano, refor\u00e7a que a Confer\u00eancia da Juventude \u00e9 um importante espa\u00e7o de debate coletivo para fortalecer a rela\u00e7\u00e3o entre Poder P\u00fablico e Sociedade Civil. \u201cEsse instrumento assegura momentos para discuss\u00e3o e avalia\u00e7\u00e3o das a\u00e7\u00f5es governamentais no intuito de promover uma maior efetividade da formula\u00e7\u00e3o, execu\u00e7\u00e3o e fiscaliza\u00e7\u00e3o da Pol\u00edtica da Juventude\u201d, ressaltou.<\/div>\n<div><\/div>\n<div>Est\u00e3o entre os objetivos da Confer\u00eancia discutir formas de se assegurar os Direitos \u00e0 Cidadania, \u00e0 Participa\u00e7\u00e3o Social e Pol\u00edtica e \u00e0 Representa\u00e7\u00e3o Juvenil; \u00e0 Educa\u00e7\u00e3o; \u00e0 Profissionaliza\u00e7\u00e3o, ao Trabalho e \u00e0 Renda; \u00e0 Diversidade e \u00e0 Igualdade; \u00e0 Sa\u00fade; \u00e0 Cultura; \u00e0 Comunica\u00e7\u00e3o e \u00e0 Liberdade de Express\u00e3o; ao Desporto e ao Lazer; \u00e0 Sustentabilidade e ao Meio Ambiente; ao Territ\u00f3rio e \u00e0 Mobilidade; \u00e0 Seguran\u00e7a P\u00fablica e ao Acesso \u00e0 Justi\u00e7a.<\/div>\n<div><\/div>\n<div>Participa das discuss\u00f5es Daniele de Oliveira, psic\u00f3loga com atua\u00e7\u00e3o em Pol\u00edticas P\u00fablicas de atendimento a crian\u00e7as e adolescentes em situa\u00e7\u00e3o de vulnerabilidade social (2017-2020) e atualmente como psic\u00f3loga do Centro de Refer\u00eancia Especializado de Assist\u00eancia Social (CREAS) de Gua\u00edra, com \u00eanfase nos atendimentos a crian\u00e7as e adolescentes v\u00edtimas ou testemunhas de viol\u00eancia e suas fam\u00edlias e Membro do Conselho Municipal dos Direitos da Crian\u00e7a e do Adolescente de Gua\u00edra.<\/div>\n<div><\/div>\n<div>Tamb\u00e9m estar\u00e1 presente Camila Vieira, assistente social, doutoranda e Mestre em Servi\u00e7o Social e especialista em Educa\u00e7\u00e3o em Direitos Humanos no contexto da Diversidade Cultural. Ela atua no SUAS desde 2012, com experi\u00eancia na Prote\u00e7\u00e3o Social B\u00e1sica e Especial, desde a inf\u00e2ncia at\u00e9 \u00e0 velhice; \u00e9 pesquisadora na \u00e1rea da Pol\u00edtica de Assist\u00eancia Social; membro de grupo de estudo e pesquisa sobre Gest\u00e3o de Pol\u00edticas P\u00fablicas e a interface com a Quest\u00e3o Socioambiental \u2013 GESTA (UNESP).<\/div>\n<\/div>\n","protected":false},"excerpt":{"rendered":"<p>Evento ocorre na Funda\u00e7\u00e3o LVF, no Jardim Universit\u00e1rio, e discute<\/p>\n","protected":false},"author":2,"featured_media":94942,"comment_status":"open","ping_status":"open","sticky":false,"template":"","format":"standard","meta":{"footnotes":""},"categories":[14,3],"tags":[],"class_list":["post-94941","post","type-post","status-publish","format-standard","has-post-thumbnail","hentry","category-barretos","category-geral"],"yoast_head":"<!-- This site is optimized with the Yoast SEO plugin v27.4 - https:\/\/yoast.com\/product\/yoast-seo-wordpress\/ -->\n<title>III Confer\u00eancia Municipal da Juventude ser\u00e1 realizada nesta sexta-feira, dia 15 - Regi\u00e3o News<\/title>\n<meta name=\"robots\" content=\"index, follow, max-snippet:-1, max-image-preview:large, max-video-preview:-1\" \/>\n<link rel=\"canonical\" href=\"https:\/\/regiaonews.net.br\/2022\/2023\/09\/12\/iii-conferencia-municipal-da-juventude-sera-realizada-nesta-sexta-feira-dia-15\/\" \/>\n<meta property=\"og:locale\" content=\"pt_BR\" \/>\n<meta property=\"og:type\" content=\"article\" \/>\n<meta property=\"og:title\" content=\"III Confer\u00eancia Municipal da Juventude ser\u00e1 realizada nesta sexta-feira, dia 15 - Regi\u00e3o News\" \/>\n<meta property=\"og:description\" content=\"Evento ocorre na Funda\u00e7\u00e3o LVF, no Jardim Universit\u00e1rio, e discute\" \/>\n<meta property=\"og:url\" content=\"https:\/\/regiaonews.net.br\/2022\/2023\/09\/12\/iii-conferencia-municipal-da-juventude-sera-realizada-nesta-sexta-feira-dia-15\/\" \/>\n<meta property=\"og:site_name\" content=\"Regi\u00e3o News\" \/>\n<meta property=\"article:published_time\" content=\"2023-09-12T10:55:40+00:00\" \/>\n<meta property=\"og:image\" content=\"https:\/\/regiaonews.net.br\/2022\/wp-content\/uploads\/2023\/09\/42a0e188f5033bc65bf8d78622277c4e.jpeg\" \/>\n\t<meta property=\"og:image:width\" content=\"1080\" \/>\n\t<meta property=\"og:image:height\" content=\"1080\" \/>\n\t<meta property=\"og:image:type\" content=\"image\/jpeg\" \/>\n<meta name=\"author\" content=\"Roberto\" \/>\n<meta name=\"twitter:card\" content=\"summary_large_image\" \/>\n<meta name=\"twitter:label1\" content=\"Escrito por\" \/>\n\t<meta name=\"twitter:data1\" content=\"Roberto\" \/>\n\t<meta name=\"twitter:label2\" content=\"Est. tempo de leitura\" \/>\n\t<meta name=\"twitter:data2\" content=\"3 minutos\" \/>\n<script type=\"application\/ld+json\" class=\"yoast-schema-graph\">{\"@context\":\"https:\\\/\\\/schema.org\",\"@graph\":[{\"@type\":\"Article\",\"@id\":\"https:\\\/\\\/regiaonews.net.br\\\/2022\\\/2023\\\/09\\\/12\\\/iii-conferencia-municipal-da-juventude-sera-realizada-nesta-sexta-feira-dia-15\\\/#article\",\"isPartOf\":{\"@id\":\"https:\\\/\\\/regiaonews.net.br\\\/2022\\\/2023\\\/09\\\/12\\\/iii-conferencia-municipal-da-juventude-sera-realizada-nesta-sexta-feira-dia-15\\\/\"},\"author\":{\"name\":\"Roberto\",\"@id\":\"https:\\\/\\\/regiaonews.net.br\\\/2022\\\/#\\\/schema\\\/person\\\/2d205a608a5aa97ac279d7a5e6d89ad8\"},\"headline\":\"III Confer\u00eancia Municipal da Juventude ser\u00e1 realizada nesta sexta-feira, dia 15\",\"datePublished\":\"2023-09-12T10:55:40+00:00\",\"mainEntityOfPage\":{\"@id\":\"https:\\\/\\\/regiaonews.net.br\\\/2022\\\/2023\\\/09\\\/12\\\/iii-conferencia-municipal-da-juventude-sera-realizada-nesta-sexta-feira-dia-15\\\/\"},\"wordCount\":491,\"commentCount\":0,\"publisher\":{\"@id\":\"https:\\\/\\\/regiaonews.net.br\\\/2022\\\/#organization\"},\"image\":{\"@id\":\"https:\\\/\\\/regiaonews.net.br\\\/2022\\\/2023\\\/09\\\/12\\\/iii-conferencia-municipal-da-juventude-sera-realizada-nesta-sexta-feira-dia-15\\\/#primaryimage\"},\"thumbnailUrl\":\"https:\\\/\\\/regiaonews.net.br\\\/2022\\\/wp-content\\\/uploads\\\/2023\\\/09\\\/42a0e188f5033bc65bf8d78622277c4e.jpeg\",\"articleSection\":[\"Barretos\",\"Geral\"],\"inLanguage\":\"pt-BR\",\"potentialAction\":[{\"@type\":\"CommentAction\",\"name\":\"Comment\",\"target\":[\"https:\\\/\\\/regiaonews.net.br\\\/2022\\\/2023\\\/09\\\/12\\\/iii-conferencia-municipal-da-juventude-sera-realizada-nesta-sexta-feira-dia-15\\\/#respond\"]}]},{\"@type\":\"WebPage\",\"@id\":\"https:\\\/\\\/regiaonews.net.br\\\/2022\\\/2023\\\/09\\\/12\\\/iii-conferencia-municipal-da-juventude-sera-realizada-nesta-sexta-feira-dia-15\\\/\",\"url\":\"https:\\\/\\\/regiaonews.net.br\\\/2022\\\/2023\\\/09\\\/12\\\/iii-conferencia-municipal-da-juventude-sera-realizada-nesta-sexta-feira-dia-15\\\/\",\"name\":\"III Confer\u00eancia Municipal da Juventude ser\u00e1 realizada nesta sexta-feira, dia 15 - Regi\u00e3o News\",\"isPartOf\":{\"@id\":\"https:\\\/\\\/regiaonews.net.br\\\/2022\\\/#website\"},\"primaryImageOfPage\":{\"@id\":\"https:\\\/\\\/regiaonews.net.br\\\/2022\\\/2023\\\/09\\\/12\\\/iii-conferencia-municipal-da-juventude-sera-realizada-nesta-sexta-feira-dia-15\\\/#primaryimage\"},\"image\":{\"@id\":\"https:\\\/\\\/regiaonews.net.br\\\/2022\\\/2023\\\/09\\\/12\\\/iii-conferencia-municipal-da-juventude-sera-realizada-nesta-sexta-feira-dia-15\\\/#primaryimage\"},\"thumbnailUrl\":\"https:\\\/\\\/regiaonews.net.br\\\/2022\\\/wp-content\\\/uploads\\\/2023\\\/09\\\/42a0e188f5033bc65bf8d78622277c4e.jpeg\",\"datePublished\":\"2023-09-12T10:55:40+00:00\",\"breadcrumb\":{\"@id\":\"https:\\\/\\\/regiaonews.net.br\\\/2022\\\/2023\\\/09\\\/12\\\/iii-conferencia-municipal-da-juventude-sera-realizada-nesta-sexta-feira-dia-15\\\/#breadcrumb\"},\"inLanguage\":\"pt-BR\",\"potentialAction\":[{\"@type\":\"ReadAction\",\"target\":[\"https:\\\/\\\/regiaonews.net.br\\\/2022\\\/2023\\\/09\\\/12\\\/iii-conferencia-municipal-da-juventude-sera-realizada-nesta-sexta-feira-dia-15\\\/\"]}]},{\"@type\":\"ImageObject\",\"inLanguage\":\"pt-BR\",\"@id\":\"https:\\\/\\\/regiaonews.net.br\\\/2022\\\/2023\\\/09\\\/12\\\/iii-conferencia-municipal-da-juventude-sera-realizada-nesta-sexta-feira-dia-15\\\/#primaryimage\",\"url\":\"https:\\\/\\\/regiaonews.net.br\\\/2022\\\/wp-content\\\/uploads\\\/2023\\\/09\\\/42a0e188f5033bc65bf8d78622277c4e.jpeg\",\"contentUrl\":\"https:\\\/\\\/regiaonews.net.br\\\/2022\\\/wp-content\\\/uploads\\\/2023\\\/09\\\/42a0e188f5033bc65bf8d78622277c4e.jpeg\",\"width\":1080,\"height\":1080},{\"@type\":\"BreadcrumbList\",\"@id\":\"https:\\\/\\\/regiaonews.net.br\\\/2022\\\/2023\\\/09\\\/12\\\/iii-conferencia-municipal-da-juventude-sera-realizada-nesta-sexta-feira-dia-15\\\/#breadcrumb\",\"itemListElement\":[{\"@type\":\"ListItem\",\"position\":1,\"name\":\"In\u00edcio\",\"item\":\"https:\\\/\\\/regiaonews.net.br\\\/2022\\\/\"},{\"@type\":\"ListItem\",\"position\":2,\"name\":\"III Confer\u00eancia Municipal da Juventude ser\u00e1 realizada nesta sexta-feira, dia 15\"}]},{\"@type\":\"WebSite\",\"@id\":\"https:\\\/\\\/regiaonews.net.br\\\/2022\\\/#website\",\"url\":\"https:\\\/\\\/regiaonews.net.br\\\/2022\\\/\",\"name\":\"Regi\u00e3o News\",\"description\":\"Site de Not\u00edcias de Barretos e regi\u00e3o\",\"publisher\":{\"@id\":\"https:\\\/\\\/regiaonews.net.br\\\/2022\\\/#organization\"},\"potentialAction\":[{\"@type\":\"SearchAction\",\"target\":{\"@type\":\"EntryPoint\",\"urlTemplate\":\"https:\\\/\\\/regiaonews.net.br\\\/2022\\\/?s={search_term_string}\"},\"query-input\":{\"@type\":\"PropertyValueSpecification\",\"valueRequired\":true,\"valueName\":\"search_term_string\"}}],\"inLanguage\":\"pt-BR\"},{\"@type\":\"Organization\",\"@id\":\"https:\\\/\\\/regiaonews.net.br\\\/2022\\\/#organization\",\"name\":\"Regi\u00e3o News\",\"url\":\"https:\\\/\\\/regiaonews.net.br\\\/2022\\\/\",\"logo\":{\"@type\":\"ImageObject\",\"inLanguage\":\"pt-BR\",\"@id\":\"https:\\\/\\\/regiaonews.net.br\\\/2022\\\/#\\\/schema\\\/logo\\\/image\\\/\",\"url\":\"https:\\\/\\\/regiaonews.net.br\\\/2022\\\/wp-content\\\/uploads\\\/2026\\\/03\\\/regiao-13-anos-scaled.jpg\",\"contentUrl\":\"https:\\\/\\\/regiaonews.net.br\\\/2022\\\/wp-content\\\/uploads\\\/2026\\\/03\\\/regiao-13-anos-scaled.jpg\",\"width\":2560,\"height\":635,\"caption\":\"Regi\u00e3o News\"},\"image\":{\"@id\":\"https:\\\/\\\/regiaonews.net.br\\\/2022\\\/#\\\/schema\\\/logo\\\/image\\\/\"}},{\"@type\":\"Person\",\"@id\":\"https:\\\/\\\/regiaonews.net.br\\\/2022\\\/#\\\/schema\\\/person\\\/2d205a608a5aa97ac279d7a5e6d89ad8\",\"name\":\"Roberto\",\"image\":{\"@type\":\"ImageObject\",\"inLanguage\":\"pt-BR\",\"@id\":\"https:\\\/\\\/secure.gravatar.com\\\/avatar\\\/42749d8b712ff9d59ca93dc150494e5b55a44134482993f5baeb97e61b7ecc89?s=96&d=mm&r=g\",\"url\":\"https:\\\/\\\/secure.gravatar.com\\\/avatar\\\/42749d8b712ff9d59ca93dc150494e5b55a44134482993f5baeb97e61b7ecc89?s=96&d=mm&r=g\",\"contentUrl\":\"https:\\\/\\\/secure.gravatar.com\\\/avatar\\\/42749d8b712ff9d59ca93dc150494e5b55a44134482993f5baeb97e61b7ecc89?s=96&d=mm&r=g\",\"caption\":\"Roberto\"},\"url\":\"https:\\\/\\\/regiaonews.net.br\\\/2022\\\/author\\\/roberto\\\/\"}]}<\/script>\n<!-- \/ Yoast SEO plugin. -->","yoast_head_json":{"title":"III Confer\u00eancia Municipal da Juventude ser\u00e1 realizada nesta sexta-feira, dia 15 - Regi\u00e3o News","robots":{"index":"index","follow":"follow","max-snippet":"max-snippet:-1","max-image-preview":"max-image-preview:large","max-video-preview":"max-video-preview:-1"},"canonical":"https:\/\/regiaonews.net.br\/2022\/2023\/09\/12\/iii-conferencia-municipal-da-juventude-sera-realizada-nesta-sexta-feira-dia-15\/","og_locale":"pt_BR","og_type":"article","og_title":"III Confer\u00eancia Municipal da Juventude ser\u00e1 realizada nesta sexta-feira, dia 15 - Regi\u00e3o News","og_description":"Evento ocorre na Funda\u00e7\u00e3o LVF, no Jardim Universit\u00e1rio, e discute","og_url":"https:\/\/regiaonews.net.br\/2022\/2023\/09\/12\/iii-conferencia-municipal-da-juventude-sera-realizada-nesta-sexta-feira-dia-15\/","og_site_name":"Regi\u00e3o News","article_published_time":"2023-09-12T10:55:40+00:00","og_image":[{"width":1080,"height":1080,"url":"https:\/\/regiaonews.net.br\/2022\/wp-content\/uploads\/2023\/09\/42a0e188f5033bc65bf8d78622277c4e.jpeg","type":"image\/jpeg"}],"author":"Roberto","twitter_card":"summary_large_image","twitter_misc":{"Escrito por":"Roberto","Est. tempo de leitura":"3 minutos"},"schema":{"@context":"https:\/\/schema.org","@graph":[{"@type":"Article","@id":"https:\/\/regiaonews.net.br\/2022\/2023\/09\/12\/iii-conferencia-municipal-da-juventude-sera-realizada-nesta-sexta-feira-dia-15\/#article","isPartOf":{"@id":"https:\/\/regiaonews.net.br\/2022\/2023\/09\/12\/iii-conferencia-municipal-da-juventude-sera-realizada-nesta-sexta-feira-dia-15\/"},"author":{"name":"Roberto","@id":"https:\/\/regiaonews.net.br\/2022\/#\/schema\/person\/2d205a608a5aa97ac279d7a5e6d89ad8"},"headline":"III Confer\u00eancia Municipal da Juventude ser\u00e1 realizada nesta sexta-feira, dia 15","datePublished":"2023-09-12T10:55:40+00:00","mainEntityOfPage":{"@id":"https:\/\/regiaonews.net.br\/2022\/2023\/09\/12\/iii-conferencia-municipal-da-juventude-sera-realizada-nesta-sexta-feira-dia-15\/"},"wordCount":491,"commentCount":0,"publisher":{"@id":"https:\/\/regiaonews.net.br\/2022\/#organization"},"image":{"@id":"https:\/\/regiaonews.net.br\/2022\/2023\/09\/12\/iii-conferencia-municipal-da-juventude-sera-realizada-nesta-sexta-feira-dia-15\/#primaryimage"},"thumbnailUrl":"https:\/\/regiaonews.net.br\/2022\/wp-content\/uploads\/2023\/09\/42a0e188f5033bc65bf8d78622277c4e.jpeg","articleSection":["Barretos","Geral"],"inLanguage":"pt-BR","potentialAction":[{"@type":"CommentAction","name":"Comment","target":["https:\/\/regiaonews.net.br\/2022\/2023\/09\/12\/iii-conferencia-municipal-da-juventude-sera-realizada-nesta-sexta-feira-dia-15\/#respond"]}]},{"@type":"WebPage","@id":"https:\/\/regiaonews.net.br\/2022\/2023\/09\/12\/iii-conferencia-municipal-da-juventude-sera-realizada-nesta-sexta-feira-dia-15\/","url":"https:\/\/regiaonews.net.br\/2022\/2023\/09\/12\/iii-conferencia-municipal-da-juventude-sera-realizada-nesta-sexta-feira-dia-15\/","name":"III Confer\u00eancia Municipal da Juventude ser\u00e1 realizada nesta sexta-feira, dia 15 - Regi\u00e3o News","isPartOf":{"@id":"https:\/\/regiaonews.net.br\/2022\/#website"},"primaryImageOfPage":{"@id":"https:\/\/regiaonews.net.br\/2022\/2023\/09\/12\/iii-conferencia-municipal-da-juventude-sera-realizada-nesta-sexta-feira-dia-15\/#primaryimage"},"image":{"@id":"https:\/\/regiaonews.net.br\/2022\/2023\/09\/12\/iii-conferencia-municipal-da-juventude-sera-realizada-nesta-sexta-feira-dia-15\/#primaryimage"},"thumbnailUrl":"https:\/\/regiaonews.net.br\/2022\/wp-content\/uploads\/2023\/09\/42a0e188f5033bc65bf8d78622277c4e.jpeg","datePublished":"2023-09-12T10:55:40+00:00","breadcrumb":{"@id":"https:\/\/regiaonews.net.br\/2022\/2023\/09\/12\/iii-conferencia-municipal-da-juventude-sera-realizada-nesta-sexta-feira-dia-15\/#breadcrumb"},"inLanguage":"pt-BR","potentialAction":[{"@type":"ReadAction","target":["https:\/\/regiaonews.net.br\/2022\/2023\/09\/12\/iii-conferencia-municipal-da-juventude-sera-realizada-nesta-sexta-feira-dia-15\/"]}]},{"@type":"ImageObject","inLanguage":"pt-BR","@id":"https:\/\/regiaonews.net.br\/2022\/2023\/09\/12\/iii-conferencia-municipal-da-juventude-sera-realizada-nesta-sexta-feira-dia-15\/#primaryimage","url":"https:\/\/regiaonews.net.br\/2022\/wp-content\/uploads\/2023\/09\/42a0e188f5033bc65bf8d78622277c4e.jpeg","contentUrl":"https:\/\/regiaonews.net.br\/2022\/wp-content\/uploads\/2023\/09\/42a0e188f5033bc65bf8d78622277c4e.jpeg","width":1080,"height":1080},{"@type":"BreadcrumbList","@id":"https:\/\/regiaonews.net.br\/2022\/2023\/09\/12\/iii-conferencia-municipal-da-juventude-sera-realizada-nesta-sexta-feira-dia-15\/#breadcrumb","itemListElement":[{"@type":"ListItem","position":1,"name":"In\u00edcio","item":"https:\/\/regiaonews.net.br\/2022\/"},{"@type":"ListItem","position":2,"name":"III Confer\u00eancia Municipal da Juventude ser\u00e1 realizada nesta sexta-feira, dia 15"}]},{"@type":"WebSite","@id":"https:\/\/regiaonews.net.br\/2022\/#website","url":"https:\/\/regiaonews.net.br\/2022\/","name":"Regi\u00e3o News","description":"Site de Not\u00edcias de Barretos e regi\u00e3o","publisher":{"@id":"https:\/\/regiaonews.net.br\/2022\/#organization"},"potentialAction":[{"@type":"SearchAction","target":{"@type":"EntryPoint","urlTemplate":"https:\/\/regiaonews.net.br\/2022\/?s={search_term_string}"},"query-input":{"@type":"PropertyValueSpecification","valueRequired":true,"valueName":"search_term_string"}}],"inLanguage":"pt-BR"},{"@type":"Organization","@id":"https:\/\/regiaonews.net.br\/2022\/#organization","name":"Regi\u00e3o News","url":"https:\/\/regiaonews.net.br\/2022\/","logo":{"@type":"ImageObject","inLanguage":"pt-BR","@id":"https:\/\/regiaonews.net.br\/2022\/#\/schema\/logo\/image\/","url":"https:\/\/regiaonews.net.br\/2022\/wp-content\/uploads\/2026\/03\/regiao-13-anos-scaled.jpg","contentUrl":"https:\/\/regiaonews.net.br\/2022\/wp-content\/uploads\/2026\/03\/regiao-13-anos-scaled.jpg","width":2560,"height":635,"caption":"Regi\u00e3o News"},"image":{"@id":"https:\/\/regiaonews.net.br\/2022\/#\/schema\/logo\/image\/"}},{"@type":"Person","@id":"https:\/\/regiaonews.net.br\/2022\/#\/schema\/person\/2d205a608a5aa97ac279d7a5e6d89ad8","name":"Roberto","image":{"@type":"ImageObject","inLanguage":"pt-BR","@id":"https:\/\/secure.gravatar.com\/avatar\/42749d8b712ff9d59ca93dc150494e5b55a44134482993f5baeb97e61b7ecc89?s=96&d=mm&r=g","url":"https:\/\/secure.gravatar.com\/avatar\/42749d8b712ff9d59ca93dc150494e5b55a44134482993f5baeb97e61b7ecc89?s=96&d=mm&r=g","contentUrl":"https:\/\/secure.gravatar.com\/avatar\/42749d8b712ff9d59ca93dc150494e5b55a44134482993f5baeb97e61b7ecc89?s=96&d=mm&r=g","caption":"Roberto"},"url":"https:\/\/regiaonews.net.br\/2022\/author\/roberto\/"}]}},"publishpress_future_action":{"enabled":false,"date":"2026-05-05 01:34:57","action":"change-status","newStatus":"draft","terms":[],"taxonomy":"category","extraData":[]},"publishpress_future_workflow_manual_trigger":{"enabledWorkflows":[]},"_links":{"self":[{"href":"https:\/\/regiaonews.net.br\/2022\/wp-json\/wp\/v2\/posts\/94941","targetHints":{"allow":["GET"]}}],"collection":[{"href":"https:\/\/regiaonews.net.br\/2022\/wp-json\/wp\/v2\/posts"}],"about":[{"href":"https:\/\/regiaonews.net.br\/2022\/wp-json\/wp\/v2\/types\/post"}],"author":[{"embeddable":true,"href":"https:\/\/regiaonews.net.br\/2022\/wp-json\/wp\/v2\/users\/2"}],"replies":[{"embeddable":true,"href":"https:\/\/regiaonews.net.br\/2022\/wp-json\/wp\/v2\/comments?post=94941"}],"version-history":[{"count":1,"href":"https:\/\/regiaonews.net.br\/2022\/wp-json\/wp\/v2\/posts\/94941\/revisions"}],"predecessor-version":[{"id":94943,"href":"https:\/\/regiaonews.net.br\/2022\/wp-json\/wp\/v2\/posts\/94941\/revisions\/94943"}],"wp:featuredmedia":[{"embeddable":true,"href":"https:\/\/regiaonews.net.br\/2022\/wp-json\/wp\/v2\/media\/94942"}],"wp:attachment":[{"href":"https:\/\/regiaonews.net.br\/2022\/wp-json\/wp\/v2\/media?parent=94941"}],"wp:term":[{"taxonomy":"category","embeddable":true,"href":"https:\/\/regiaonews.net.br\/2022\/wp-json\/wp\/v2\/categories?post=94941"},{"taxonomy":"post_tag","embeddable":true,"href":"https:\/\/regiaonews.net.br\/2022\/wp-json\/wp\/v2\/tags?post=94941"}],"curies":[{"name":"wp","href":"https:\/\/api.w.org\/{rel}","templated":true}]}}