{"id":94927,"date":"2023-09-11T21:38:25","date_gmt":"2023-09-12T00:38:25","guid":{"rendered":"https:\/\/regiaonews.net.br\/2022\/?p=94927"},"modified":"2023-09-11T21:39:29","modified_gmt":"2023-09-12T00:39:29","slug":"casa-das-estrelas-realiza-jantar-solidario-dancante-para-arrecadar-fundos","status":"publish","type":"post","link":"https:\/\/regiaonews.net.br\/2022\/2023\/09\/11\/casa-das-estrelas-realiza-jantar-solidario-dancante-para-arrecadar-fundos\/","title":{"rendered":"Casa das Estrelas realiza Jantar Solid\u00e1rio Dan\u00e7ante para arrecadar fundos"},"content":{"rendered":"<table role=\"presentation\" border=\"0\" width=\"100%\" cellspacing=\"0\" cellpadding=\"0\">\n<tbody>\n<tr>\n<td align=\"left\"><\/td>\n<\/tr>\n<tr>\n<td align=\"left\">\n<div>\n<p><em>Com show da Banda Cama Brasileira, evento acontece no dia 30 de setembro, na Ch\u00e1cara Fraternidade, em Barretos<\/em><\/p>\n<\/div>\n<\/td>\n<\/tr>\n<tr>\n<td align=\"left\">\n<div>\n<p>Boa comida, boa bebida, m\u00fasica de qualidade e uma pista de dan\u00e7a para a divers\u00e3o garantida a noite toda, tudo isso em um ambiente bonito, com gente que gosta de fazer o bem. Essa \u00e9 a proposta do Jantar Solid\u00e1rio que a diretoria da Casa das Estrelas realiza no pr\u00f3ximo dia 30 de setembro, a partir das 20h, na Ch\u00e1cara Fraternidade, em Barretos. A principal atra\u00e7\u00e3o da noite \u00e9 o show da Banda Cama Brasileira, que tem mais de 15 anos de estrada, fazendo sucesso nos mais diferentes eventos.<\/p>\n<p><a href=\"https:\/\/regiaonews.net.br\/2022\/wp-content\/uploads\/2023\/09\/6f670332-0ef9-4f0e-9cb7-553d9b3edb57.jpeg\"><img loading=\"lazy\" decoding=\"async\" class=\"alignnone size-medium wp-image-94930\" src=\"https:\/\/regiaonews.net.br\/2022\/wp-content\/uploads\/2023\/09\/6f670332-0ef9-4f0e-9cb7-553d9b3edb57-292x300.jpeg\" alt=\"\" width=\"292\" height=\"300\" srcset=\"https:\/\/regiaonews.net.br\/2022\/wp-content\/uploads\/2023\/09\/6f670332-0ef9-4f0e-9cb7-553d9b3edb57-292x300.jpeg 292w, https:\/\/regiaonews.net.br\/2022\/wp-content\/uploads\/2023\/09\/6f670332-0ef9-4f0e-9cb7-553d9b3edb57-250x257.jpeg 250w, https:\/\/regiaonews.net.br\/2022\/wp-content\/uploads\/2023\/09\/6f670332-0ef9-4f0e-9cb7-553d9b3edb57.jpeg 765w\" sizes=\"auto, (max-width: 292px) 100vw, 292px\" \/><\/a><\/p>\n<p>O ingresso ao evento d\u00e1 direito ao jantar completo, com bebidas, e a todas as atra\u00e7\u00f5es da noite, que contar\u00e1 tamb\u00e9m com DJ. Toda renda obtida ser\u00e1 revertida \u00e0s obras da Casa das Estrelas, que est\u00e1 em fase de mobiliar os 13 novos apartamentos conclu\u00eddos recentemente.<\/p>\n<p>Para adquirir o ingresso, basta entrar em contato com o n\u00famero 017 98126-4351, e falar com a Cleude, presidente da Casa das Estrelas. O pre\u00e7o de primeiro lote \u00e9 R$ 160,00.<\/p>\n<p>A Casa das Estrelas<\/p>\n<p>A Casa das Estrelas \u00e9 uma institui\u00e7\u00e3o filantr\u00f3pica que hospeda gratuitamente membros, ou seus familiares, da Ordem da Estrela do Oriente, Ma\u00e7onaria, Meninas Arco-\u00edris e Filha de J\u00f3, que estejam em tratamento no Hospital de Amor de Barretos.<\/p>\n<p>A institui\u00e7\u00e3o possui 11 apartamentos em funcionamento, todos eles mobiliados, com ar-condicionado, televis\u00e3o e frigobar. Um deles \u00e9 exclusivo para hospedagem das crian\u00e7as. E, h\u00e1 ainda outros 13 apartamentos em fase final de acabamento e mobili\u00e1rio.<\/p>\n<p>A institui\u00e7\u00e3o se mant\u00e9m por meio de doa\u00e7\u00f5es e com a renda de promo\u00e7\u00f5es e eventos, como o Jantar Solid\u00e1rio do pr\u00f3ximo dia 30. Todo o lucro ser\u00e1 destinado \u00e0s obras da Casa e para as despesas necess\u00e1rias ao acolhimento das fam\u00edlias que ali se hospedam gratuitamente.<\/p>\n<\/div>\n<\/td>\n<\/tr>\n<\/tbody>\n<\/table>\n","protected":false},"excerpt":{"rendered":"<p>Com show da Banda Cama Brasileira, evento acontece no dia<\/p>\n","protected":false},"author":2,"featured_media":94928,"comment_status":"open","ping_status":"open","sticky":false,"template":"","format":"standard","meta":{"footnotes":""},"categories":[14,25],"tags":[],"class_list":["post-94927","post","type-post","status-publish","format-standard","has-post-thumbnail","hentry","category-barretos","category-cidades"],"yoast_head":"<!-- This site is optimized with the Yoast SEO plugin v27.4 - https:\/\/yoast.com\/product\/yoast-seo-wordpress\/ -->\n<title>Casa das Estrelas realiza Jantar Solid\u00e1rio Dan\u00e7ante para arrecadar fundos - Regi\u00e3o News<\/title>\n<meta name=\"robots\" content=\"index, follow, max-snippet:-1, max-image-preview:large, max-video-preview:-1\" \/>\n<link rel=\"canonical\" href=\"https:\/\/regiaonews.net.br\/2022\/2023\/09\/11\/casa-das-estrelas-realiza-jantar-solidario-dancante-para-arrecadar-fundos\/\" \/>\n<meta property=\"og:locale\" content=\"pt_BR\" \/>\n<meta property=\"og:type\" content=\"article\" \/>\n<meta property=\"og:title\" content=\"Casa das Estrelas realiza Jantar Solid\u00e1rio Dan\u00e7ante para arrecadar fundos - Regi\u00e3o News\" \/>\n<meta property=\"og:description\" content=\"Com show da Banda Cama Brasileira, evento acontece no dia\" \/>\n<meta property=\"og:url\" content=\"https:\/\/regiaonews.net.br\/2022\/2023\/09\/11\/casa-das-estrelas-realiza-jantar-solidario-dancante-para-arrecadar-fundos\/\" \/>\n<meta property=\"og:site_name\" content=\"Regi\u00e3o News\" \/>\n<meta property=\"article:published_time\" content=\"2023-09-12T00:38:25+00:00\" \/>\n<meta property=\"article:modified_time\" content=\"2023-09-12T00:39:29+00:00\" \/>\n<meta property=\"og:image\" content=\"https:\/\/regiaonews.net.br\/2022\/wp-content\/uploads\/2023\/09\/ad2de9c3-3852-41fc-8d70-89c4c70238f8.jpeg\" \/>\n\t<meta property=\"og:image:width\" content=\"959\" \/>\n\t<meta property=\"og:image:height\" content=\"640\" \/>\n\t<meta property=\"og:image:type\" content=\"image\/jpeg\" \/>\n<meta name=\"author\" content=\"Roberto\" \/>\n<meta name=\"twitter:card\" content=\"summary_large_image\" \/>\n<meta name=\"twitter:label1\" content=\"Escrito por\" \/>\n\t<meta name=\"twitter:data1\" content=\"Roberto\" \/>\n\t<meta name=\"twitter:label2\" content=\"Est. tempo de leitura\" \/>\n\t<meta name=\"twitter:data2\" content=\"2 minutos\" \/>\n<script type=\"application\/ld+json\" class=\"yoast-schema-graph\">{\"@context\":\"https:\\\/\\\/schema.org\",\"@graph\":[{\"@type\":\"Article\",\"@id\":\"https:\\\/\\\/regiaonews.net.br\\\/2022\\\/2023\\\/09\\\/11\\\/casa-das-estrelas-realiza-jantar-solidario-dancante-para-arrecadar-fundos\\\/#article\",\"isPartOf\":{\"@id\":\"https:\\\/\\\/regiaonews.net.br\\\/2022\\\/2023\\\/09\\\/11\\\/casa-das-estrelas-realiza-jantar-solidario-dancante-para-arrecadar-fundos\\\/\"},\"author\":{\"name\":\"Roberto\",\"@id\":\"https:\\\/\\\/regiaonews.net.br\\\/2022\\\/#\\\/schema\\\/person\\\/2d205a608a5aa97ac279d7a5e6d89ad8\"},\"headline\":\"Casa das Estrelas realiza Jantar Solid\u00e1rio Dan\u00e7ante para arrecadar fundos\",\"datePublished\":\"2023-09-12T00:38:25+00:00\",\"dateModified\":\"2023-09-12T00:39:29+00:00\",\"mainEntityOfPage\":{\"@id\":\"https:\\\/\\\/regiaonews.net.br\\\/2022\\\/2023\\\/09\\\/11\\\/casa-das-estrelas-realiza-jantar-solidario-dancante-para-arrecadar-fundos\\\/\"},\"wordCount\":336,\"commentCount\":0,\"publisher\":{\"@id\":\"https:\\\/\\\/regiaonews.net.br\\\/2022\\\/#organization\"},\"image\":{\"@id\":\"https:\\\/\\\/regiaonews.net.br\\\/2022\\\/2023\\\/09\\\/11\\\/casa-das-estrelas-realiza-jantar-solidario-dancante-para-arrecadar-fundos\\\/#primaryimage\"},\"thumbnailUrl\":\"https:\\\/\\\/regiaonews.net.br\\\/2022\\\/wp-content\\\/uploads\\\/2023\\\/09\\\/ad2de9c3-3852-41fc-8d70-89c4c70238f8.jpeg\",\"articleSection\":[\"Barretos\",\"Cidades\"],\"inLanguage\":\"pt-BR\",\"potentialAction\":[{\"@type\":\"CommentAction\",\"name\":\"Comment\",\"target\":[\"https:\\\/\\\/regiaonews.net.br\\\/2022\\\/2023\\\/09\\\/11\\\/casa-das-estrelas-realiza-jantar-solidario-dancante-para-arrecadar-fundos\\\/#respond\"]}]},{\"@type\":\"WebPage\",\"@id\":\"https:\\\/\\\/regiaonews.net.br\\\/2022\\\/2023\\\/09\\\/11\\\/casa-das-estrelas-realiza-jantar-solidario-dancante-para-arrecadar-fundos\\\/\",\"url\":\"https:\\\/\\\/regiaonews.net.br\\\/2022\\\/2023\\\/09\\\/11\\\/casa-das-estrelas-realiza-jantar-solidario-dancante-para-arrecadar-fundos\\\/\",\"name\":\"Casa das Estrelas realiza Jantar Solid\u00e1rio Dan\u00e7ante para arrecadar fundos - Regi\u00e3o News\",\"isPartOf\":{\"@id\":\"https:\\\/\\\/regiaonews.net.br\\\/2022\\\/#website\"},\"primaryImageOfPage\":{\"@id\":\"https:\\\/\\\/regiaonews.net.br\\\/2022\\\/2023\\\/09\\\/11\\\/casa-das-estrelas-realiza-jantar-solidario-dancante-para-arrecadar-fundos\\\/#primaryimage\"},\"image\":{\"@id\":\"https:\\\/\\\/regiaonews.net.br\\\/2022\\\/2023\\\/09\\\/11\\\/casa-das-estrelas-realiza-jantar-solidario-dancante-para-arrecadar-fundos\\\/#primaryimage\"},\"thumbnailUrl\":\"https:\\\/\\\/regiaonews.net.br\\\/2022\\\/wp-content\\\/uploads\\\/2023\\\/09\\\/ad2de9c3-3852-41fc-8d70-89c4c70238f8.jpeg\",\"datePublished\":\"2023-09-12T00:38:25+00:00\",\"dateModified\":\"2023-09-12T00:39:29+00:00\",\"breadcrumb\":{\"@id\":\"https:\\\/\\\/regiaonews.net.br\\\/2022\\\/2023\\\/09\\\/11\\\/casa-das-estrelas-realiza-jantar-solidario-dancante-para-arrecadar-fundos\\\/#breadcrumb\"},\"inLanguage\":\"pt-BR\",\"potentialAction\":[{\"@type\":\"ReadAction\",\"target\":[\"https:\\\/\\\/regiaonews.net.br\\\/2022\\\/2023\\\/09\\\/11\\\/casa-das-estrelas-realiza-jantar-solidario-dancante-para-arrecadar-fundos\\\/\"]}]},{\"@type\":\"ImageObject\",\"inLanguage\":\"pt-BR\",\"@id\":\"https:\\\/\\\/regiaonews.net.br\\\/2022\\\/2023\\\/09\\\/11\\\/casa-das-estrelas-realiza-jantar-solidario-dancante-para-arrecadar-fundos\\\/#primaryimage\",\"url\":\"https:\\\/\\\/regiaonews.net.br\\\/2022\\\/wp-content\\\/uploads\\\/2023\\\/09\\\/ad2de9c3-3852-41fc-8d70-89c4c70238f8.jpeg\",\"contentUrl\":\"https:\\\/\\\/regiaonews.net.br\\\/2022\\\/wp-content\\\/uploads\\\/2023\\\/09\\\/ad2de9c3-3852-41fc-8d70-89c4c70238f8.jpeg\",\"width\":959,\"height\":640},{\"@type\":\"BreadcrumbList\",\"@id\":\"https:\\\/\\\/regiaonews.net.br\\\/2022\\\/2023\\\/09\\\/11\\\/casa-das-estrelas-realiza-jantar-solidario-dancante-para-arrecadar-fundos\\\/#breadcrumb\",\"itemListElement\":[{\"@type\":\"ListItem\",\"position\":1,\"name\":\"In\u00edcio\",\"item\":\"https:\\\/\\\/regiaonews.net.br\\\/2022\\\/\"},{\"@type\":\"ListItem\",\"position\":2,\"name\":\"Casa das Estrelas realiza Jantar Solid\u00e1rio Dan\u00e7ante para arrecadar fundos\"}]},{\"@type\":\"WebSite\",\"@id\":\"https:\\\/\\\/regiaonews.net.br\\\/2022\\\/#website\",\"url\":\"https:\\\/\\\/regiaonews.net.br\\\/2022\\\/\",\"name\":\"Regi\u00e3o News\",\"description\":\"Site de Not\u00edcias de Barretos e regi\u00e3o\",\"publisher\":{\"@id\":\"https:\\\/\\\/regiaonews.net.br\\\/2022\\\/#organization\"},\"potentialAction\":[{\"@type\":\"SearchAction\",\"target\":{\"@type\":\"EntryPoint\",\"urlTemplate\":\"https:\\\/\\\/regiaonews.net.br\\\/2022\\\/?s={search_term_string}\"},\"query-input\":{\"@type\":\"PropertyValueSpecification\",\"valueRequired\":true,\"valueName\":\"search_term_string\"}}],\"inLanguage\":\"pt-BR\"},{\"@type\":\"Organization\",\"@id\":\"https:\\\/\\\/regiaonews.net.br\\\/2022\\\/#organization\",\"name\":\"Regi\u00e3o News\",\"url\":\"https:\\\/\\\/regiaonews.net.br\\\/2022\\\/\",\"logo\":{\"@type\":\"ImageObject\",\"inLanguage\":\"pt-BR\",\"@id\":\"https:\\\/\\\/regiaonews.net.br\\\/2022\\\/#\\\/schema\\\/logo\\\/image\\\/\",\"url\":\"https:\\\/\\\/regiaonews.net.br\\\/2022\\\/wp-content\\\/uploads\\\/2026\\\/03\\\/regiao-13-anos-scaled.jpg\",\"contentUrl\":\"https:\\\/\\\/regiaonews.net.br\\\/2022\\\/wp-content\\\/uploads\\\/2026\\\/03\\\/regiao-13-anos-scaled.jpg\",\"width\":2560,\"height\":635,\"caption\":\"Regi\u00e3o News\"},\"image\":{\"@id\":\"https:\\\/\\\/regiaonews.net.br\\\/2022\\\/#\\\/schema\\\/logo\\\/image\\\/\"}},{\"@type\":\"Person\",\"@id\":\"https:\\\/\\\/regiaonews.net.br\\\/2022\\\/#\\\/schema\\\/person\\\/2d205a608a5aa97ac279d7a5e6d89ad8\",\"name\":\"Roberto\",\"image\":{\"@type\":\"ImageObject\",\"inLanguage\":\"pt-BR\",\"@id\":\"https:\\\/\\\/secure.gravatar.com\\\/avatar\\\/42749d8b712ff9d59ca93dc150494e5b55a44134482993f5baeb97e61b7ecc89?s=96&d=mm&r=g\",\"url\":\"https:\\\/\\\/secure.gravatar.com\\\/avatar\\\/42749d8b712ff9d59ca93dc150494e5b55a44134482993f5baeb97e61b7ecc89?s=96&d=mm&r=g\",\"contentUrl\":\"https:\\\/\\\/secure.gravatar.com\\\/avatar\\\/42749d8b712ff9d59ca93dc150494e5b55a44134482993f5baeb97e61b7ecc89?s=96&d=mm&r=g\",\"caption\":\"Roberto\"},\"url\":\"https:\\\/\\\/regiaonews.net.br\\\/2022\\\/author\\\/roberto\\\/\"}]}<\/script>\n<!-- \/ Yoast SEO plugin. -->","yoast_head_json":{"title":"Casa das Estrelas realiza Jantar Solid\u00e1rio Dan\u00e7ante para arrecadar fundos - Regi\u00e3o News","robots":{"index":"index","follow":"follow","max-snippet":"max-snippet:-1","max-image-preview":"max-image-preview:large","max-video-preview":"max-video-preview:-1"},"canonical":"https:\/\/regiaonews.net.br\/2022\/2023\/09\/11\/casa-das-estrelas-realiza-jantar-solidario-dancante-para-arrecadar-fundos\/","og_locale":"pt_BR","og_type":"article","og_title":"Casa das Estrelas realiza Jantar Solid\u00e1rio Dan\u00e7ante para arrecadar fundos - Regi\u00e3o News","og_description":"Com show da Banda Cama Brasileira, evento acontece no dia","og_url":"https:\/\/regiaonews.net.br\/2022\/2023\/09\/11\/casa-das-estrelas-realiza-jantar-solidario-dancante-para-arrecadar-fundos\/","og_site_name":"Regi\u00e3o News","article_published_time":"2023-09-12T00:38:25+00:00","article_modified_time":"2023-09-12T00:39:29+00:00","og_image":[{"width":959,"height":640,"url":"https:\/\/regiaonews.net.br\/2022\/wp-content\/uploads\/2023\/09\/ad2de9c3-3852-41fc-8d70-89c4c70238f8.jpeg","type":"image\/jpeg"}],"author":"Roberto","twitter_card":"summary_large_image","twitter_misc":{"Escrito por":"Roberto","Est. tempo de leitura":"2 minutos"},"schema":{"@context":"https:\/\/schema.org","@graph":[{"@type":"Article","@id":"https:\/\/regiaonews.net.br\/2022\/2023\/09\/11\/casa-das-estrelas-realiza-jantar-solidario-dancante-para-arrecadar-fundos\/#article","isPartOf":{"@id":"https:\/\/regiaonews.net.br\/2022\/2023\/09\/11\/casa-das-estrelas-realiza-jantar-solidario-dancante-para-arrecadar-fundos\/"},"author":{"name":"Roberto","@id":"https:\/\/regiaonews.net.br\/2022\/#\/schema\/person\/2d205a608a5aa97ac279d7a5e6d89ad8"},"headline":"Casa das Estrelas realiza Jantar Solid\u00e1rio Dan\u00e7ante para arrecadar fundos","datePublished":"2023-09-12T00:38:25+00:00","dateModified":"2023-09-12T00:39:29+00:00","mainEntityOfPage":{"@id":"https:\/\/regiaonews.net.br\/2022\/2023\/09\/11\/casa-das-estrelas-realiza-jantar-solidario-dancante-para-arrecadar-fundos\/"},"wordCount":336,"commentCount":0,"publisher":{"@id":"https:\/\/regiaonews.net.br\/2022\/#organization"},"image":{"@id":"https:\/\/regiaonews.net.br\/2022\/2023\/09\/11\/casa-das-estrelas-realiza-jantar-solidario-dancante-para-arrecadar-fundos\/#primaryimage"},"thumbnailUrl":"https:\/\/regiaonews.net.br\/2022\/wp-content\/uploads\/2023\/09\/ad2de9c3-3852-41fc-8d70-89c4c70238f8.jpeg","articleSection":["Barretos","Cidades"],"inLanguage":"pt-BR","potentialAction":[{"@type":"CommentAction","name":"Comment","target":["https:\/\/regiaonews.net.br\/2022\/2023\/09\/11\/casa-das-estrelas-realiza-jantar-solidario-dancante-para-arrecadar-fundos\/#respond"]}]},{"@type":"WebPage","@id":"https:\/\/regiaonews.net.br\/2022\/2023\/09\/11\/casa-das-estrelas-realiza-jantar-solidario-dancante-para-arrecadar-fundos\/","url":"https:\/\/regiaonews.net.br\/2022\/2023\/09\/11\/casa-das-estrelas-realiza-jantar-solidario-dancante-para-arrecadar-fundos\/","name":"Casa das Estrelas realiza Jantar Solid\u00e1rio Dan\u00e7ante para arrecadar fundos - Regi\u00e3o News","isPartOf":{"@id":"https:\/\/regiaonews.net.br\/2022\/#website"},"primaryImageOfPage":{"@id":"https:\/\/regiaonews.net.br\/2022\/2023\/09\/11\/casa-das-estrelas-realiza-jantar-solidario-dancante-para-arrecadar-fundos\/#primaryimage"},"image":{"@id":"https:\/\/regiaonews.net.br\/2022\/2023\/09\/11\/casa-das-estrelas-realiza-jantar-solidario-dancante-para-arrecadar-fundos\/#primaryimage"},"thumbnailUrl":"https:\/\/regiaonews.net.br\/2022\/wp-content\/uploads\/2023\/09\/ad2de9c3-3852-41fc-8d70-89c4c70238f8.jpeg","datePublished":"2023-09-12T00:38:25+00:00","dateModified":"2023-09-12T00:39:29+00:00","breadcrumb":{"@id":"https:\/\/regiaonews.net.br\/2022\/2023\/09\/11\/casa-das-estrelas-realiza-jantar-solidario-dancante-para-arrecadar-fundos\/#breadcrumb"},"inLanguage":"pt-BR","potentialAction":[{"@type":"ReadAction","target":["https:\/\/regiaonews.net.br\/2022\/2023\/09\/11\/casa-das-estrelas-realiza-jantar-solidario-dancante-para-arrecadar-fundos\/"]}]},{"@type":"ImageObject","inLanguage":"pt-BR","@id":"https:\/\/regiaonews.net.br\/2022\/2023\/09\/11\/casa-das-estrelas-realiza-jantar-solidario-dancante-para-arrecadar-fundos\/#primaryimage","url":"https:\/\/regiaonews.net.br\/2022\/wp-content\/uploads\/2023\/09\/ad2de9c3-3852-41fc-8d70-89c4c70238f8.jpeg","contentUrl":"https:\/\/regiaonews.net.br\/2022\/wp-content\/uploads\/2023\/09\/ad2de9c3-3852-41fc-8d70-89c4c70238f8.jpeg","width":959,"height":640},{"@type":"BreadcrumbList","@id":"https:\/\/regiaonews.net.br\/2022\/2023\/09\/11\/casa-das-estrelas-realiza-jantar-solidario-dancante-para-arrecadar-fundos\/#breadcrumb","itemListElement":[{"@type":"ListItem","position":1,"name":"In\u00edcio","item":"https:\/\/regiaonews.net.br\/2022\/"},{"@type":"ListItem","position":2,"name":"Casa das Estrelas realiza Jantar Solid\u00e1rio Dan\u00e7ante para arrecadar fundos"}]},{"@type":"WebSite","@id":"https:\/\/regiaonews.net.br\/2022\/#website","url":"https:\/\/regiaonews.net.br\/2022\/","name":"Regi\u00e3o News","description":"Site de Not\u00edcias de Barretos e regi\u00e3o","publisher":{"@id":"https:\/\/regiaonews.net.br\/2022\/#organization"},"potentialAction":[{"@type":"SearchAction","target":{"@type":"EntryPoint","urlTemplate":"https:\/\/regiaonews.net.br\/2022\/?s={search_term_string}"},"query-input":{"@type":"PropertyValueSpecification","valueRequired":true,"valueName":"search_term_string"}}],"inLanguage":"pt-BR"},{"@type":"Organization","@id":"https:\/\/regiaonews.net.br\/2022\/#organization","name":"Regi\u00e3o News","url":"https:\/\/regiaonews.net.br\/2022\/","logo":{"@type":"ImageObject","inLanguage":"pt-BR","@id":"https:\/\/regiaonews.net.br\/2022\/#\/schema\/logo\/image\/","url":"https:\/\/regiaonews.net.br\/2022\/wp-content\/uploads\/2026\/03\/regiao-13-anos-scaled.jpg","contentUrl":"https:\/\/regiaonews.net.br\/2022\/wp-content\/uploads\/2026\/03\/regiao-13-anos-scaled.jpg","width":2560,"height":635,"caption":"Regi\u00e3o News"},"image":{"@id":"https:\/\/regiaonews.net.br\/2022\/#\/schema\/logo\/image\/"}},{"@type":"Person","@id":"https:\/\/regiaonews.net.br\/2022\/#\/schema\/person\/2d205a608a5aa97ac279d7a5e6d89ad8","name":"Roberto","image":{"@type":"ImageObject","inLanguage":"pt-BR","@id":"https:\/\/secure.gravatar.com\/avatar\/42749d8b712ff9d59ca93dc150494e5b55a44134482993f5baeb97e61b7ecc89?s=96&d=mm&r=g","url":"https:\/\/secure.gravatar.com\/avatar\/42749d8b712ff9d59ca93dc150494e5b55a44134482993f5baeb97e61b7ecc89?s=96&d=mm&r=g","contentUrl":"https:\/\/secure.gravatar.com\/avatar\/42749d8b712ff9d59ca93dc150494e5b55a44134482993f5baeb97e61b7ecc89?s=96&d=mm&r=g","caption":"Roberto"},"url":"https:\/\/regiaonews.net.br\/2022\/author\/roberto\/"}]}},"publishpress_future_action":{"enabled":false,"date":"2026-05-04 22:27:31","action":"change-status","newStatus":"draft","terms":[],"taxonomy":"category","extraData":[]},"publishpress_future_workflow_manual_trigger":{"enabledWorkflows":[]},"_links":{"self":[{"href":"https:\/\/regiaonews.net.br\/2022\/wp-json\/wp\/v2\/posts\/94927","targetHints":{"allow":["GET"]}}],"collection":[{"href":"https:\/\/regiaonews.net.br\/2022\/wp-json\/wp\/v2\/posts"}],"about":[{"href":"https:\/\/regiaonews.net.br\/2022\/wp-json\/wp\/v2\/types\/post"}],"author":[{"embeddable":true,"href":"https:\/\/regiaonews.net.br\/2022\/wp-json\/wp\/v2\/users\/2"}],"replies":[{"embeddable":true,"href":"https:\/\/regiaonews.net.br\/2022\/wp-json\/wp\/v2\/comments?post=94927"}],"version-history":[{"count":2,"href":"https:\/\/regiaonews.net.br\/2022\/wp-json\/wp\/v2\/posts\/94927\/revisions"}],"predecessor-version":[{"id":94931,"href":"https:\/\/regiaonews.net.br\/2022\/wp-json\/wp\/v2\/posts\/94927\/revisions\/94931"}],"wp:featuredmedia":[{"embeddable":true,"href":"https:\/\/regiaonews.net.br\/2022\/wp-json\/wp\/v2\/media\/94928"}],"wp:attachment":[{"href":"https:\/\/regiaonews.net.br\/2022\/wp-json\/wp\/v2\/media?parent=94927"}],"wp:term":[{"taxonomy":"category","embeddable":true,"href":"https:\/\/regiaonews.net.br\/2022\/wp-json\/wp\/v2\/categories?post=94927"},{"taxonomy":"post_tag","embeddable":true,"href":"https:\/\/regiaonews.net.br\/2022\/wp-json\/wp\/v2\/tags?post=94927"}],"curies":[{"name":"wp","href":"https:\/\/api.w.org\/{rel}","templated":true}]}}