{"id":94918,"date":"2023-09-11T21:25:26","date_gmt":"2023-09-12T00:25:26","guid":{"rendered":"https:\/\/regiaonews.net.br\/2022\/?p=94918"},"modified":"2023-09-11T21:27:05","modified_gmt":"2023-09-12T00:27:05","slug":"dia-do-cerrado-celebrando-a-biodiversidade-e-a-paisagem-da-regiao-do-comite-da-bacia-hidrografica-do-baixo-pardo-grande","status":"publish","type":"post","link":"https:\/\/regiaonews.net.br\/2022\/2023\/09\/11\/dia-do-cerrado-celebrando-a-biodiversidade-e-a-paisagem-da-regiao-do-comite-da-bacia-hidrografica-do-baixo-pardo-grande\/","title":{"rendered":"Dia do Cerrado: Celebrando a biodiversidade e a paisagem da regi\u00e3o do Comit\u00ea da Bacia Hidrogr\u00e1fica do Baixo Pardo\/Grande"},"content":{"rendered":"<p><a href=\"https:\/\/regiaonews.net.br\/2022\/wp-content\/uploads\/2023\/09\/WhatsApp-Image-2023-09-11-at-20.21.39.jpeg\"><img loading=\"lazy\" decoding=\"async\" class=\"alignnone size-medium wp-image-94920\" src=\"https:\/\/regiaonews.net.br\/2022\/wp-content\/uploads\/2023\/09\/WhatsApp-Image-2023-09-11-at-20.21.39-300x200.jpeg\" alt=\"\" width=\"300\" height=\"200\" srcset=\"https:\/\/regiaonews.net.br\/2022\/wp-content\/uploads\/2023\/09\/WhatsApp-Image-2023-09-11-at-20.21.39-300x200.jpeg 300w, https:\/\/regiaonews.net.br\/2022\/wp-content\/uploads\/2023\/09\/WhatsApp-Image-2023-09-11-at-20.21.39-768x512.jpeg 768w, https:\/\/regiaonews.net.br\/2022\/wp-content\/uploads\/2023\/09\/WhatsApp-Image-2023-09-11-at-20.21.39-250x167.jpeg 250w, https:\/\/regiaonews.net.br\/2022\/wp-content\/uploads\/2023\/09\/WhatsApp-Image-2023-09-11-at-20.21.39-900x600.jpeg 900w, https:\/\/regiaonews.net.br\/2022\/wp-content\/uploads\/2023\/09\/WhatsApp-Image-2023-09-11-at-20.21.39.jpeg 996w\" sizes=\"auto, (max-width: 300px) 100vw, 300px\" \/><\/a><a href=\"https:\/\/regiaonews.net.br\/2022\/wp-content\/uploads\/2023\/09\/WhatsApp-Image-2023-09-11-at-20.21.38.jpeg\"><img loading=\"lazy\" decoding=\"async\" class=\"alignnone size-medium wp-image-94922\" src=\"https:\/\/regiaonews.net.br\/2022\/wp-content\/uploads\/2023\/09\/WhatsApp-Image-2023-09-11-at-20.21.38-300x200.jpeg\" alt=\"\" width=\"300\" height=\"200\" srcset=\"https:\/\/regiaonews.net.br\/2022\/wp-content\/uploads\/2023\/09\/WhatsApp-Image-2023-09-11-at-20.21.38-300x200.jpeg 300w, https:\/\/regiaonews.net.br\/2022\/wp-content\/uploads\/2023\/09\/WhatsApp-Image-2023-09-11-at-20.21.38-250x167.jpeg 250w, https:\/\/regiaonews.net.br\/2022\/wp-content\/uploads\/2023\/09\/WhatsApp-Image-2023-09-11-at-20.21.38.jpeg 626w\" sizes=\"auto, (max-width: 300px) 100vw, 300px\" \/><\/a><a href=\"https:\/\/regiaonews.net.br\/2022\/wp-content\/uploads\/2023\/09\/WhatsApp-Image-2023-09-11-at-20.21.39-2.jpeg\"><img loading=\"lazy\" decoding=\"async\" class=\"alignnone size-medium wp-image-94923\" src=\"https:\/\/regiaonews.net.br\/2022\/wp-content\/uploads\/2023\/09\/WhatsApp-Image-2023-09-11-at-20.21.39-2-300x200.jpeg\" alt=\"\" width=\"300\" height=\"200\" srcset=\"https:\/\/regiaonews.net.br\/2022\/wp-content\/uploads\/2023\/09\/WhatsApp-Image-2023-09-11-at-20.21.39-2-300x200.jpeg 300w, https:\/\/regiaonews.net.br\/2022\/wp-content\/uploads\/2023\/09\/WhatsApp-Image-2023-09-11-at-20.21.39-2-768x512.jpeg 768w, https:\/\/regiaonews.net.br\/2022\/wp-content\/uploads\/2023\/09\/WhatsApp-Image-2023-09-11-at-20.21.39-2-250x167.jpeg 250w, https:\/\/regiaonews.net.br\/2022\/wp-content\/uploads\/2023\/09\/WhatsApp-Image-2023-09-11-at-20.21.39-2-900x600.jpeg 900w, https:\/\/regiaonews.net.br\/2022\/wp-content\/uploads\/2023\/09\/WhatsApp-Image-2023-09-11-at-20.21.39-2.jpeg 996w\" sizes=\"auto, (max-width: 300px) 100vw, 300px\" \/><\/a><\/p>\n<p>O Dia do Cerrado \u00e9 uma data de celebra\u00e7\u00e3o e reflex\u00e3o sobre a riqueza da biodiversidade e a paisagem que caracteriza grande parte territorial do Comit\u00ea da Bacia Hidrogr\u00e1fica do Baixo Pardo\/Grande, formada por 13 munic\u00edpios.<\/p>\n<p>Nesta ocasi\u00e3o, destacamos a import\u00e2ncia desse bioma, sua fauna e flora excepcionais, bem como a relev\u00e2ncia do Comit\u00ea da Bacia Hidrogr\u00e1fica do Baixo Pardo\/Grande (CBH-BPG) na preserva\u00e7\u00e3o desses tesouros naturais.<\/p>\n<p>A riqueza da Fauna e Flora<br \/>\nA regi\u00e3o do CBH-BPG \u00e9 aben\u00e7oada com uma diversidade extraordin\u00e1ria de animais e plantas que se adaptaram ao cerrado, um bioma caracterizado por extensas plan\u00edcies cobertas de vegeta\u00e7\u00e3o exuberante. Entre as esp\u00e9cies emblem\u00e1ticas da fauna encontradas aqui est\u00e3o o lobo-guar\u00e1, a anta, o tatu-canastra e uma variedade de aves como o tucano e o arara-azul-pequena. Esses animais desempenham pap\u00e9is cruciais na manuten\u00e7\u00e3o do equil\u00edbrio ecol\u00f3gico.<\/p>\n<p>A vegeta\u00e7\u00e3o e tipos de \u00e1rvores na regi\u00e3o<br \/>\nA vegeta\u00e7\u00e3o do cerrado na regi\u00e3o do CBH-BPG \u00e9 diversificada e singular. Dentre as \u00e1rvores not\u00e1veis da regi\u00e3o, destacam-se o ip\u00ea-amarelo, cujas flores deslumbrantes enfeitam a paisagem durante a primavera, o buriti, que fornece alimentos e abrigo para diversas esp\u00e9cies, e o pequi, uma fruta ic\u00f4nica do cerrado. Essas \u00e1rvores, junto com muitas outras, desempenham um papel essencial na manuten\u00e7\u00e3o do ecossistema e na preserva\u00e7\u00e3o da qualidade da \u00e1gua dos rios locais.<\/p>\n<p>O Compromisso do CBH-BPG<br \/>\nO Comit\u00ea da Bacia Hidrogr\u00e1fica do Baixo Pardo\/Grande (CBH-BPG) \u00e9 um importante ator na prote\u00e7\u00e3o desses recursos naturais. Por meio de suas a\u00e7\u00f5es e pol\u00edticas de gest\u00e3o sustent\u00e1vel dos recursos h\u00eddricos, o CBH-BPG contribui para a conserva\u00e7\u00e3o do cerrado, garantindo que as \u00e1guas dos rios que cortam a regi\u00e3o dos 13 munic\u00edpios permane\u00e7am limpas e dispon\u00edveis para as comunidades locais.<\/p>\n<p>&#8220;\u00c0 medida que celebramos o Dia do Cerrado, reconhecemos que a preserva\u00e7\u00e3o dessa paisagem \u00e9 uma responsabilidade coletiva. O nosso Comit\u00ea est\u00e1 comprometido em liderar esfor\u00e7os para garantir que o cerrado da nossa continue a prosperar&#8221;, enfatiza Cal Ribeiro, Presidente do Comit\u00ea e tamb\u00e9m prefeito de Viradouro.<\/p>\n<p>O CBH-BPG \u00e9 formado pelos munic\u00edpios de Altair, Barretos, Bebedouro, Colina, Col\u00f4mbia, Gua\u00edra, Guaraci, Ic\u00e9m, Jaborandi, Morro Agudo, Orl\u00e2ndia, Terra Roxa e Viradouro.<\/p>\n<p>Cr\u00e9dito das imagens: Freepik<\/p>\n","protected":false},"excerpt":{"rendered":"<p>O Dia do Cerrado \u00e9 uma data de celebra\u00e7\u00e3o e<\/p>\n","protected":false},"author":2,"featured_media":94919,"comment_status":"open","ping_status":"open","sticky":false,"template":"","format":"standard","meta":{"footnotes":""},"categories":[25,30],"tags":[],"class_list":["post-94918","post","type-post","status-publish","format-standard","has-post-thumbnail","hentry","category-cidades","category-regiao"],"yoast_head":"<!-- This site is optimized with the Yoast SEO plugin v27.4 - https:\/\/yoast.com\/product\/yoast-seo-wordpress\/ -->\n<title>Dia do Cerrado: Celebrando a biodiversidade e a paisagem da regi\u00e3o do Comit\u00ea da Bacia Hidrogr\u00e1fica do Baixo Pardo\/Grande - Regi\u00e3o News<\/title>\n<meta name=\"robots\" content=\"index, follow, max-snippet:-1, max-image-preview:large, max-video-preview:-1\" \/>\n<link rel=\"canonical\" href=\"https:\/\/regiaonews.net.br\/2022\/2023\/09\/11\/dia-do-cerrado-celebrando-a-biodiversidade-e-a-paisagem-da-regiao-do-comite-da-bacia-hidrografica-do-baixo-pardo-grande\/\" \/>\n<meta property=\"og:locale\" content=\"pt_BR\" \/>\n<meta property=\"og:type\" content=\"article\" \/>\n<meta property=\"og:title\" content=\"Dia do Cerrado: Celebrando a biodiversidade e a paisagem da regi\u00e3o do Comit\u00ea da Bacia Hidrogr\u00e1fica do Baixo Pardo\/Grande - Regi\u00e3o News\" \/>\n<meta property=\"og:description\" content=\"O Dia do Cerrado \u00e9 uma data de celebra\u00e7\u00e3o e\" \/>\n<meta property=\"og:url\" content=\"https:\/\/regiaonews.net.br\/2022\/2023\/09\/11\/dia-do-cerrado-celebrando-a-biodiversidade-e-a-paisagem-da-regiao-do-comite-da-bacia-hidrografica-do-baixo-pardo-grande\/\" \/>\n<meta property=\"og:site_name\" content=\"Regi\u00e3o News\" \/>\n<meta property=\"article:published_time\" content=\"2023-09-12T00:25:26+00:00\" \/>\n<meta property=\"article:modified_time\" content=\"2023-09-12T00:27:05+00:00\" \/>\n<meta property=\"og:image\" content=\"https:\/\/regiaonews.net.br\/2022\/wp-content\/uploads\/2023\/09\/WhatsApp-Image-2023-09-11-at-20.21.39-1.jpeg\" \/>\n\t<meta property=\"og:image:width\" content=\"996\" \/>\n\t<meta property=\"og:image:height\" content=\"664\" \/>\n\t<meta property=\"og:image:type\" content=\"image\/jpeg\" \/>\n<meta name=\"author\" content=\"Roberto\" \/>\n<meta name=\"twitter:card\" content=\"summary_large_image\" \/>\n<meta name=\"twitter:label1\" content=\"Escrito por\" \/>\n\t<meta name=\"twitter:data1\" content=\"Roberto\" \/>\n\t<meta name=\"twitter:label2\" content=\"Est. tempo de leitura\" \/>\n\t<meta name=\"twitter:data2\" content=\"3 minutos\" \/>\n<script type=\"application\/ld+json\" class=\"yoast-schema-graph\">{\"@context\":\"https:\\\/\\\/schema.org\",\"@graph\":[{\"@type\":\"Article\",\"@id\":\"https:\\\/\\\/regiaonews.net.br\\\/2022\\\/2023\\\/09\\\/11\\\/dia-do-cerrado-celebrando-a-biodiversidade-e-a-paisagem-da-regiao-do-comite-da-bacia-hidrografica-do-baixo-pardo-grande\\\/#article\",\"isPartOf\":{\"@id\":\"https:\\\/\\\/regiaonews.net.br\\\/2022\\\/2023\\\/09\\\/11\\\/dia-do-cerrado-celebrando-a-biodiversidade-e-a-paisagem-da-regiao-do-comite-da-bacia-hidrografica-do-baixo-pardo-grande\\\/\"},\"author\":{\"name\":\"Roberto\",\"@id\":\"https:\\\/\\\/regiaonews.net.br\\\/2022\\\/#\\\/schema\\\/person\\\/2d205a608a5aa97ac279d7a5e6d89ad8\"},\"headline\":\"Dia do Cerrado: Celebrando a biodiversidade e a paisagem da regi\u00e3o do Comit\u00ea da Bacia Hidrogr\u00e1fica do Baixo Pardo\\\/Grande\",\"datePublished\":\"2023-09-12T00:25:26+00:00\",\"dateModified\":\"2023-09-12T00:27:05+00:00\",\"mainEntityOfPage\":{\"@id\":\"https:\\\/\\\/regiaonews.net.br\\\/2022\\\/2023\\\/09\\\/11\\\/dia-do-cerrado-celebrando-a-biodiversidade-e-a-paisagem-da-regiao-do-comite-da-bacia-hidrografica-do-baixo-pardo-grande\\\/\"},\"wordCount\":424,\"commentCount\":0,\"publisher\":{\"@id\":\"https:\\\/\\\/regiaonews.net.br\\\/2022\\\/#organization\"},\"image\":{\"@id\":\"https:\\\/\\\/regiaonews.net.br\\\/2022\\\/2023\\\/09\\\/11\\\/dia-do-cerrado-celebrando-a-biodiversidade-e-a-paisagem-da-regiao-do-comite-da-bacia-hidrografica-do-baixo-pardo-grande\\\/#primaryimage\"},\"thumbnailUrl\":\"https:\\\/\\\/regiaonews.net.br\\\/2022\\\/wp-content\\\/uploads\\\/2023\\\/09\\\/WhatsApp-Image-2023-09-11-at-20.21.39-1.jpeg\",\"articleSection\":[\"Cidades\",\"Regi\u00e3o\"],\"inLanguage\":\"pt-BR\",\"potentialAction\":[{\"@type\":\"CommentAction\",\"name\":\"Comment\",\"target\":[\"https:\\\/\\\/regiaonews.net.br\\\/2022\\\/2023\\\/09\\\/11\\\/dia-do-cerrado-celebrando-a-biodiversidade-e-a-paisagem-da-regiao-do-comite-da-bacia-hidrografica-do-baixo-pardo-grande\\\/#respond\"]}]},{\"@type\":\"WebPage\",\"@id\":\"https:\\\/\\\/regiaonews.net.br\\\/2022\\\/2023\\\/09\\\/11\\\/dia-do-cerrado-celebrando-a-biodiversidade-e-a-paisagem-da-regiao-do-comite-da-bacia-hidrografica-do-baixo-pardo-grande\\\/\",\"url\":\"https:\\\/\\\/regiaonews.net.br\\\/2022\\\/2023\\\/09\\\/11\\\/dia-do-cerrado-celebrando-a-biodiversidade-e-a-paisagem-da-regiao-do-comite-da-bacia-hidrografica-do-baixo-pardo-grande\\\/\",\"name\":\"Dia do Cerrado: Celebrando a biodiversidade e a paisagem da regi\u00e3o do Comit\u00ea da Bacia Hidrogr\u00e1fica do Baixo Pardo\\\/Grande - Regi\u00e3o News\",\"isPartOf\":{\"@id\":\"https:\\\/\\\/regiaonews.net.br\\\/2022\\\/#website\"},\"primaryImageOfPage\":{\"@id\":\"https:\\\/\\\/regiaonews.net.br\\\/2022\\\/2023\\\/09\\\/11\\\/dia-do-cerrado-celebrando-a-biodiversidade-e-a-paisagem-da-regiao-do-comite-da-bacia-hidrografica-do-baixo-pardo-grande\\\/#primaryimage\"},\"image\":{\"@id\":\"https:\\\/\\\/regiaonews.net.br\\\/2022\\\/2023\\\/09\\\/11\\\/dia-do-cerrado-celebrando-a-biodiversidade-e-a-paisagem-da-regiao-do-comite-da-bacia-hidrografica-do-baixo-pardo-grande\\\/#primaryimage\"},\"thumbnailUrl\":\"https:\\\/\\\/regiaonews.net.br\\\/2022\\\/wp-content\\\/uploads\\\/2023\\\/09\\\/WhatsApp-Image-2023-09-11-at-20.21.39-1.jpeg\",\"datePublished\":\"2023-09-12T00:25:26+00:00\",\"dateModified\":\"2023-09-12T00:27:05+00:00\",\"breadcrumb\":{\"@id\":\"https:\\\/\\\/regiaonews.net.br\\\/2022\\\/2023\\\/09\\\/11\\\/dia-do-cerrado-celebrando-a-biodiversidade-e-a-paisagem-da-regiao-do-comite-da-bacia-hidrografica-do-baixo-pardo-grande\\\/#breadcrumb\"},\"inLanguage\":\"pt-BR\",\"potentialAction\":[{\"@type\":\"ReadAction\",\"target\":[\"https:\\\/\\\/regiaonews.net.br\\\/2022\\\/2023\\\/09\\\/11\\\/dia-do-cerrado-celebrando-a-biodiversidade-e-a-paisagem-da-regiao-do-comite-da-bacia-hidrografica-do-baixo-pardo-grande\\\/\"]}]},{\"@type\":\"ImageObject\",\"inLanguage\":\"pt-BR\",\"@id\":\"https:\\\/\\\/regiaonews.net.br\\\/2022\\\/2023\\\/09\\\/11\\\/dia-do-cerrado-celebrando-a-biodiversidade-e-a-paisagem-da-regiao-do-comite-da-bacia-hidrografica-do-baixo-pardo-grande\\\/#primaryimage\",\"url\":\"https:\\\/\\\/regiaonews.net.br\\\/2022\\\/wp-content\\\/uploads\\\/2023\\\/09\\\/WhatsApp-Image-2023-09-11-at-20.21.39-1.jpeg\",\"contentUrl\":\"https:\\\/\\\/regiaonews.net.br\\\/2022\\\/wp-content\\\/uploads\\\/2023\\\/09\\\/WhatsApp-Image-2023-09-11-at-20.21.39-1.jpeg\",\"width\":996,\"height\":664},{\"@type\":\"BreadcrumbList\",\"@id\":\"https:\\\/\\\/regiaonews.net.br\\\/2022\\\/2023\\\/09\\\/11\\\/dia-do-cerrado-celebrando-a-biodiversidade-e-a-paisagem-da-regiao-do-comite-da-bacia-hidrografica-do-baixo-pardo-grande\\\/#breadcrumb\",\"itemListElement\":[{\"@type\":\"ListItem\",\"position\":1,\"name\":\"In\u00edcio\",\"item\":\"https:\\\/\\\/regiaonews.net.br\\\/2022\\\/\"},{\"@type\":\"ListItem\",\"position\":2,\"name\":\"Dia do Cerrado: Celebrando a biodiversidade e a paisagem da regi\u00e3o do Comit\u00ea da Bacia Hidrogr\u00e1fica do Baixo Pardo\\\/Grande\"}]},{\"@type\":\"WebSite\",\"@id\":\"https:\\\/\\\/regiaonews.net.br\\\/2022\\\/#website\",\"url\":\"https:\\\/\\\/regiaonews.net.br\\\/2022\\\/\",\"name\":\"Regi\u00e3o News\",\"description\":\"Site de Not\u00edcias de Barretos e regi\u00e3o\",\"publisher\":{\"@id\":\"https:\\\/\\\/regiaonews.net.br\\\/2022\\\/#organization\"},\"potentialAction\":[{\"@type\":\"SearchAction\",\"target\":{\"@type\":\"EntryPoint\",\"urlTemplate\":\"https:\\\/\\\/regiaonews.net.br\\\/2022\\\/?s={search_term_string}\"},\"query-input\":{\"@type\":\"PropertyValueSpecification\",\"valueRequired\":true,\"valueName\":\"search_term_string\"}}],\"inLanguage\":\"pt-BR\"},{\"@type\":\"Organization\",\"@id\":\"https:\\\/\\\/regiaonews.net.br\\\/2022\\\/#organization\",\"name\":\"Regi\u00e3o News\",\"url\":\"https:\\\/\\\/regiaonews.net.br\\\/2022\\\/\",\"logo\":{\"@type\":\"ImageObject\",\"inLanguage\":\"pt-BR\",\"@id\":\"https:\\\/\\\/regiaonews.net.br\\\/2022\\\/#\\\/schema\\\/logo\\\/image\\\/\",\"url\":\"https:\\\/\\\/regiaonews.net.br\\\/2022\\\/wp-content\\\/uploads\\\/2026\\\/03\\\/regiao-13-anos-scaled.jpg\",\"contentUrl\":\"https:\\\/\\\/regiaonews.net.br\\\/2022\\\/wp-content\\\/uploads\\\/2026\\\/03\\\/regiao-13-anos-scaled.jpg\",\"width\":2560,\"height\":635,\"caption\":\"Regi\u00e3o News\"},\"image\":{\"@id\":\"https:\\\/\\\/regiaonews.net.br\\\/2022\\\/#\\\/schema\\\/logo\\\/image\\\/\"}},{\"@type\":\"Person\",\"@id\":\"https:\\\/\\\/regiaonews.net.br\\\/2022\\\/#\\\/schema\\\/person\\\/2d205a608a5aa97ac279d7a5e6d89ad8\",\"name\":\"Roberto\",\"image\":{\"@type\":\"ImageObject\",\"inLanguage\":\"pt-BR\",\"@id\":\"https:\\\/\\\/secure.gravatar.com\\\/avatar\\\/42749d8b712ff9d59ca93dc150494e5b55a44134482993f5baeb97e61b7ecc89?s=96&d=mm&r=g\",\"url\":\"https:\\\/\\\/secure.gravatar.com\\\/avatar\\\/42749d8b712ff9d59ca93dc150494e5b55a44134482993f5baeb97e61b7ecc89?s=96&d=mm&r=g\",\"contentUrl\":\"https:\\\/\\\/secure.gravatar.com\\\/avatar\\\/42749d8b712ff9d59ca93dc150494e5b55a44134482993f5baeb97e61b7ecc89?s=96&d=mm&r=g\",\"caption\":\"Roberto\"},\"url\":\"https:\\\/\\\/regiaonews.net.br\\\/2022\\\/author\\\/roberto\\\/\"}]}<\/script>\n<!-- \/ Yoast SEO plugin. -->","yoast_head_json":{"title":"Dia do Cerrado: Celebrando a biodiversidade e a paisagem da regi\u00e3o do Comit\u00ea da Bacia Hidrogr\u00e1fica do Baixo Pardo\/Grande - Regi\u00e3o News","robots":{"index":"index","follow":"follow","max-snippet":"max-snippet:-1","max-image-preview":"max-image-preview:large","max-video-preview":"max-video-preview:-1"},"canonical":"https:\/\/regiaonews.net.br\/2022\/2023\/09\/11\/dia-do-cerrado-celebrando-a-biodiversidade-e-a-paisagem-da-regiao-do-comite-da-bacia-hidrografica-do-baixo-pardo-grande\/","og_locale":"pt_BR","og_type":"article","og_title":"Dia do Cerrado: Celebrando a biodiversidade e a paisagem da regi\u00e3o do Comit\u00ea da Bacia Hidrogr\u00e1fica do Baixo Pardo\/Grande - Regi\u00e3o News","og_description":"O Dia do Cerrado \u00e9 uma data de celebra\u00e7\u00e3o e","og_url":"https:\/\/regiaonews.net.br\/2022\/2023\/09\/11\/dia-do-cerrado-celebrando-a-biodiversidade-e-a-paisagem-da-regiao-do-comite-da-bacia-hidrografica-do-baixo-pardo-grande\/","og_site_name":"Regi\u00e3o News","article_published_time":"2023-09-12T00:25:26+00:00","article_modified_time":"2023-09-12T00:27:05+00:00","og_image":[{"width":996,"height":664,"url":"https:\/\/regiaonews.net.br\/2022\/wp-content\/uploads\/2023\/09\/WhatsApp-Image-2023-09-11-at-20.21.39-1.jpeg","type":"image\/jpeg"}],"author":"Roberto","twitter_card":"summary_large_image","twitter_misc":{"Escrito por":"Roberto","Est. tempo de leitura":"3 minutos"},"schema":{"@context":"https:\/\/schema.org","@graph":[{"@type":"Article","@id":"https:\/\/regiaonews.net.br\/2022\/2023\/09\/11\/dia-do-cerrado-celebrando-a-biodiversidade-e-a-paisagem-da-regiao-do-comite-da-bacia-hidrografica-do-baixo-pardo-grande\/#article","isPartOf":{"@id":"https:\/\/regiaonews.net.br\/2022\/2023\/09\/11\/dia-do-cerrado-celebrando-a-biodiversidade-e-a-paisagem-da-regiao-do-comite-da-bacia-hidrografica-do-baixo-pardo-grande\/"},"author":{"name":"Roberto","@id":"https:\/\/regiaonews.net.br\/2022\/#\/schema\/person\/2d205a608a5aa97ac279d7a5e6d89ad8"},"headline":"Dia do Cerrado: Celebrando a biodiversidade e a paisagem da regi\u00e3o do Comit\u00ea da Bacia Hidrogr\u00e1fica do Baixo Pardo\/Grande","datePublished":"2023-09-12T00:25:26+00:00","dateModified":"2023-09-12T00:27:05+00:00","mainEntityOfPage":{"@id":"https:\/\/regiaonews.net.br\/2022\/2023\/09\/11\/dia-do-cerrado-celebrando-a-biodiversidade-e-a-paisagem-da-regiao-do-comite-da-bacia-hidrografica-do-baixo-pardo-grande\/"},"wordCount":424,"commentCount":0,"publisher":{"@id":"https:\/\/regiaonews.net.br\/2022\/#organization"},"image":{"@id":"https:\/\/regiaonews.net.br\/2022\/2023\/09\/11\/dia-do-cerrado-celebrando-a-biodiversidade-e-a-paisagem-da-regiao-do-comite-da-bacia-hidrografica-do-baixo-pardo-grande\/#primaryimage"},"thumbnailUrl":"https:\/\/regiaonews.net.br\/2022\/wp-content\/uploads\/2023\/09\/WhatsApp-Image-2023-09-11-at-20.21.39-1.jpeg","articleSection":["Cidades","Regi\u00e3o"],"inLanguage":"pt-BR","potentialAction":[{"@type":"CommentAction","name":"Comment","target":["https:\/\/regiaonews.net.br\/2022\/2023\/09\/11\/dia-do-cerrado-celebrando-a-biodiversidade-e-a-paisagem-da-regiao-do-comite-da-bacia-hidrografica-do-baixo-pardo-grande\/#respond"]}]},{"@type":"WebPage","@id":"https:\/\/regiaonews.net.br\/2022\/2023\/09\/11\/dia-do-cerrado-celebrando-a-biodiversidade-e-a-paisagem-da-regiao-do-comite-da-bacia-hidrografica-do-baixo-pardo-grande\/","url":"https:\/\/regiaonews.net.br\/2022\/2023\/09\/11\/dia-do-cerrado-celebrando-a-biodiversidade-e-a-paisagem-da-regiao-do-comite-da-bacia-hidrografica-do-baixo-pardo-grande\/","name":"Dia do Cerrado: Celebrando a biodiversidade e a paisagem da regi\u00e3o do Comit\u00ea da Bacia Hidrogr\u00e1fica do Baixo Pardo\/Grande - Regi\u00e3o News","isPartOf":{"@id":"https:\/\/regiaonews.net.br\/2022\/#website"},"primaryImageOfPage":{"@id":"https:\/\/regiaonews.net.br\/2022\/2023\/09\/11\/dia-do-cerrado-celebrando-a-biodiversidade-e-a-paisagem-da-regiao-do-comite-da-bacia-hidrografica-do-baixo-pardo-grande\/#primaryimage"},"image":{"@id":"https:\/\/regiaonews.net.br\/2022\/2023\/09\/11\/dia-do-cerrado-celebrando-a-biodiversidade-e-a-paisagem-da-regiao-do-comite-da-bacia-hidrografica-do-baixo-pardo-grande\/#primaryimage"},"thumbnailUrl":"https:\/\/regiaonews.net.br\/2022\/wp-content\/uploads\/2023\/09\/WhatsApp-Image-2023-09-11-at-20.21.39-1.jpeg","datePublished":"2023-09-12T00:25:26+00:00","dateModified":"2023-09-12T00:27:05+00:00","breadcrumb":{"@id":"https:\/\/regiaonews.net.br\/2022\/2023\/09\/11\/dia-do-cerrado-celebrando-a-biodiversidade-e-a-paisagem-da-regiao-do-comite-da-bacia-hidrografica-do-baixo-pardo-grande\/#breadcrumb"},"inLanguage":"pt-BR","potentialAction":[{"@type":"ReadAction","target":["https:\/\/regiaonews.net.br\/2022\/2023\/09\/11\/dia-do-cerrado-celebrando-a-biodiversidade-e-a-paisagem-da-regiao-do-comite-da-bacia-hidrografica-do-baixo-pardo-grande\/"]}]},{"@type":"ImageObject","inLanguage":"pt-BR","@id":"https:\/\/regiaonews.net.br\/2022\/2023\/09\/11\/dia-do-cerrado-celebrando-a-biodiversidade-e-a-paisagem-da-regiao-do-comite-da-bacia-hidrografica-do-baixo-pardo-grande\/#primaryimage","url":"https:\/\/regiaonews.net.br\/2022\/wp-content\/uploads\/2023\/09\/WhatsApp-Image-2023-09-11-at-20.21.39-1.jpeg","contentUrl":"https:\/\/regiaonews.net.br\/2022\/wp-content\/uploads\/2023\/09\/WhatsApp-Image-2023-09-11-at-20.21.39-1.jpeg","width":996,"height":664},{"@type":"BreadcrumbList","@id":"https:\/\/regiaonews.net.br\/2022\/2023\/09\/11\/dia-do-cerrado-celebrando-a-biodiversidade-e-a-paisagem-da-regiao-do-comite-da-bacia-hidrografica-do-baixo-pardo-grande\/#breadcrumb","itemListElement":[{"@type":"ListItem","position":1,"name":"In\u00edcio","item":"https:\/\/regiaonews.net.br\/2022\/"},{"@type":"ListItem","position":2,"name":"Dia do Cerrado: Celebrando a biodiversidade e a paisagem da regi\u00e3o do Comit\u00ea da Bacia Hidrogr\u00e1fica do Baixo Pardo\/Grande"}]},{"@type":"WebSite","@id":"https:\/\/regiaonews.net.br\/2022\/#website","url":"https:\/\/regiaonews.net.br\/2022\/","name":"Regi\u00e3o News","description":"Site de Not\u00edcias de Barretos e regi\u00e3o","publisher":{"@id":"https:\/\/regiaonews.net.br\/2022\/#organization"},"potentialAction":[{"@type":"SearchAction","target":{"@type":"EntryPoint","urlTemplate":"https:\/\/regiaonews.net.br\/2022\/?s={search_term_string}"},"query-input":{"@type":"PropertyValueSpecification","valueRequired":true,"valueName":"search_term_string"}}],"inLanguage":"pt-BR"},{"@type":"Organization","@id":"https:\/\/regiaonews.net.br\/2022\/#organization","name":"Regi\u00e3o News","url":"https:\/\/regiaonews.net.br\/2022\/","logo":{"@type":"ImageObject","inLanguage":"pt-BR","@id":"https:\/\/regiaonews.net.br\/2022\/#\/schema\/logo\/image\/","url":"https:\/\/regiaonews.net.br\/2022\/wp-content\/uploads\/2026\/03\/regiao-13-anos-scaled.jpg","contentUrl":"https:\/\/regiaonews.net.br\/2022\/wp-content\/uploads\/2026\/03\/regiao-13-anos-scaled.jpg","width":2560,"height":635,"caption":"Regi\u00e3o News"},"image":{"@id":"https:\/\/regiaonews.net.br\/2022\/#\/schema\/logo\/image\/"}},{"@type":"Person","@id":"https:\/\/regiaonews.net.br\/2022\/#\/schema\/person\/2d205a608a5aa97ac279d7a5e6d89ad8","name":"Roberto","image":{"@type":"ImageObject","inLanguage":"pt-BR","@id":"https:\/\/secure.gravatar.com\/avatar\/42749d8b712ff9d59ca93dc150494e5b55a44134482993f5baeb97e61b7ecc89?s=96&d=mm&r=g","url":"https:\/\/secure.gravatar.com\/avatar\/42749d8b712ff9d59ca93dc150494e5b55a44134482993f5baeb97e61b7ecc89?s=96&d=mm&r=g","contentUrl":"https:\/\/secure.gravatar.com\/avatar\/42749d8b712ff9d59ca93dc150494e5b55a44134482993f5baeb97e61b7ecc89?s=96&d=mm&r=g","caption":"Roberto"},"url":"https:\/\/regiaonews.net.br\/2022\/author\/roberto\/"}]}},"publishpress_future_action":{"enabled":false,"date":"2026-05-04 20:47:43","action":"change-status","newStatus":"draft","terms":[],"taxonomy":"category","extraData":[]},"publishpress_future_workflow_manual_trigger":{"enabledWorkflows":[]},"_links":{"self":[{"href":"https:\/\/regiaonews.net.br\/2022\/wp-json\/wp\/v2\/posts\/94918","targetHints":{"allow":["GET"]}}],"collection":[{"href":"https:\/\/regiaonews.net.br\/2022\/wp-json\/wp\/v2\/posts"}],"about":[{"href":"https:\/\/regiaonews.net.br\/2022\/wp-json\/wp\/v2\/types\/post"}],"author":[{"embeddable":true,"href":"https:\/\/regiaonews.net.br\/2022\/wp-json\/wp\/v2\/users\/2"}],"replies":[{"embeddable":true,"href":"https:\/\/regiaonews.net.br\/2022\/wp-json\/wp\/v2\/comments?post=94918"}],"version-history":[{"count":3,"href":"https:\/\/regiaonews.net.br\/2022\/wp-json\/wp\/v2\/posts\/94918\/revisions"}],"predecessor-version":[{"id":94925,"href":"https:\/\/regiaonews.net.br\/2022\/wp-json\/wp\/v2\/posts\/94918\/revisions\/94925"}],"wp:featuredmedia":[{"embeddable":true,"href":"https:\/\/regiaonews.net.br\/2022\/wp-json\/wp\/v2\/media\/94919"}],"wp:attachment":[{"href":"https:\/\/regiaonews.net.br\/2022\/wp-json\/wp\/v2\/media?parent=94918"}],"wp:term":[{"taxonomy":"category","embeddable":true,"href":"https:\/\/regiaonews.net.br\/2022\/wp-json\/wp\/v2\/categories?post=94918"},{"taxonomy":"post_tag","embeddable":true,"href":"https:\/\/regiaonews.net.br\/2022\/wp-json\/wp\/v2\/tags?post=94918"}],"curies":[{"name":"wp","href":"https:\/\/api.w.org\/{rel}","templated":true}]}}