{"id":94912,"date":"2023-09-11T21:19:42","date_gmt":"2023-09-12T00:19:42","guid":{"rendered":"https:\/\/regiaonews.net.br\/2022\/?p=94912"},"modified":"2023-09-11T21:22:04","modified_gmt":"2023-09-12T00:22:04","slug":"policia-civil-de-bebedouro-recolhe-cavalo-em-situacao-de-maus-tratos","status":"publish","type":"post","link":"https:\/\/regiaonews.net.br\/2022\/2023\/09\/11\/policia-civil-de-bebedouro-recolhe-cavalo-em-situacao-de-maus-tratos\/","title":{"rendered":"Pol\u00edcia Civil de Bebedouro recolhe cavalo em situa\u00e7\u00e3o de maus-tratos"},"content":{"rendered":"<p>&nbsp;<\/p>\n<p>A Pol\u00edcia Civil em Bebedouro, atrav\u00e9s do Setor de Prote\u00e7\u00e3o aos Animais (SPA) que funciona junto ao 1\u00ba Distrito Policial, no in\u00edcio da tarde do \u00faltimo dia 6, ap\u00f3s receber uma den\u00fancia an\u00f4nima, localizara e recolhera no Jardim Calif\u00f3rnia um cavalo que apresentava vis\u00edveis caracter\u00edsticas de maus-tratos que, inclusive, foram logo depois confirmadas por profissional m\u00e9dico-veterin\u00e1rio.<\/p>\n<p>Os agentes encontram o equino bem debilitado e amarrado com uma corrente sem praticamente nenhuma folga para que pudesse se movimentar.<\/p>\n<p>Dessa forma, foi subsequentemente recambiado para um local seguro e apropriado, onde j\u00e1 est\u00e1 recebendo o devido e necess\u00e1rio atendimento e tratamento.<\/p>\n<p>Posteriormente, a Pol\u00edcia Civil conseguiu ainda identificar quem seria a poss\u00edvel propriet\u00e1ria do animal como sendo a sexagen\u00e1ria A. A. S. D., de 65 anos de idade que, segundo o agente Iguatemy B. M. Camargo, inclusive, j\u00e1 fora anteriormente investigada pela pr\u00e1tica do crime de maus-tratos contra animais pelo pr\u00f3prio Setor de Prote\u00e7\u00e3o aos Animais.<\/p>\n","protected":false},"excerpt":{"rendered":"<p>&nbsp; A Pol\u00edcia Civil em Bebedouro, atrav\u00e9s do Setor de<\/p>\n","protected":false},"author":2,"featured_media":94913,"comment_status":"open","ping_status":"open","sticky":false,"template":"","format":"standard","meta":{"footnotes":""},"categories":[4,23],"tags":[],"class_list":["post-94912","post","type-post","status-publish","format-standard","has-post-thumbnail","hentry","category-bebedouro","category-policia"],"yoast_head":"<!-- This site is optimized with the Yoast SEO plugin v27.4 - https:\/\/yoast.com\/product\/yoast-seo-wordpress\/ -->\n<title>Pol\u00edcia Civil de Bebedouro recolhe cavalo em situa\u00e7\u00e3o<\/title>\n<meta name=\"description\" content=\"A Pol\u00edcia Civil em Bebedouro, atrav\u00e9s do Setor de Prote\u00e7\u00e3o aos Animais (SPA) que funciona junto ao 1\u00ba Distrito Policial, no in\u00edcio da\" \/>\n<meta name=\"robots\" content=\"index, follow, max-snippet:-1, max-image-preview:large, max-video-preview:-1\" \/>\n<link rel=\"canonical\" href=\"https:\/\/regiaonews.net.br\/2022\/2023\/09\/11\/policia-civil-de-bebedouro-recolhe-cavalo-em-situacao-de-maus-tratos\/\" \/>\n<meta property=\"og:locale\" content=\"pt_BR\" \/>\n<meta property=\"og:type\" content=\"article\" \/>\n<meta property=\"og:title\" content=\"Pol\u00edcia Civil de Bebedouro recolhe cavalo em situa\u00e7\u00e3o\" \/>\n<meta property=\"og:description\" content=\"A Pol\u00edcia Civil em Bebedouro, atrav\u00e9s do Setor de Prote\u00e7\u00e3o aos Animais (SPA) que funciona junto ao 1\u00ba Distrito Policial, no in\u00edcio da\" \/>\n<meta property=\"og:url\" content=\"https:\/\/regiaonews.net.br\/2022\/2023\/09\/11\/policia-civil-de-bebedouro-recolhe-cavalo-em-situacao-de-maus-tratos\/\" \/>\n<meta property=\"og:site_name\" content=\"Regi\u00e3o News\" \/>\n<meta property=\"article:published_time\" content=\"2023-09-12T00:19:42+00:00\" \/>\n<meta property=\"article:modified_time\" content=\"2023-09-12T00:22:04+00:00\" \/>\n<meta property=\"og:image\" content=\"https:\/\/regiaonews.net.br\/2022\/wp-content\/uploads\/2023\/09\/WhatsApp-Image-2023-09-11-at-14.45.21.jpeg\" \/>\n\t<meta property=\"og:image:width\" content=\"1600\" \/>\n\t<meta property=\"og:image:height\" content=\"1200\" \/>\n\t<meta property=\"og:image:type\" content=\"image\/jpeg\" \/>\n<meta name=\"author\" content=\"Roberto\" \/>\n<meta name=\"twitter:card\" content=\"summary_large_image\" \/>\n<meta name=\"twitter:label1\" content=\"Escrito por\" \/>\n\t<meta name=\"twitter:data1\" content=\"Roberto\" \/>\n\t<meta name=\"twitter:label2\" content=\"Est. tempo de leitura\" \/>\n\t<meta name=\"twitter:data2\" content=\"1 minuto\" \/>\n<script type=\"application\/ld+json\" class=\"yoast-schema-graph\">{\"@context\":\"https:\\\/\\\/schema.org\",\"@graph\":[{\"@type\":\"Article\",\"@id\":\"https:\\\/\\\/regiaonews.net.br\\\/2022\\\/2023\\\/09\\\/11\\\/policia-civil-de-bebedouro-recolhe-cavalo-em-situacao-de-maus-tratos\\\/#article\",\"isPartOf\":{\"@id\":\"https:\\\/\\\/regiaonews.net.br\\\/2022\\\/2023\\\/09\\\/11\\\/policia-civil-de-bebedouro-recolhe-cavalo-em-situacao-de-maus-tratos\\\/\"},\"author\":{\"name\":\"Roberto\",\"@id\":\"https:\\\/\\\/regiaonews.net.br\\\/2022\\\/#\\\/schema\\\/person\\\/2d205a608a5aa97ac279d7a5e6d89ad8\"},\"headline\":\"Pol\u00edcia Civil de Bebedouro recolhe cavalo em situa\u00e7\u00e3o de maus-tratos\",\"datePublished\":\"2023-09-12T00:19:42+00:00\",\"dateModified\":\"2023-09-12T00:22:04+00:00\",\"mainEntityOfPage\":{\"@id\":\"https:\\\/\\\/regiaonews.net.br\\\/2022\\\/2023\\\/09\\\/11\\\/policia-civil-de-bebedouro-recolhe-cavalo-em-situacao-de-maus-tratos\\\/\"},\"wordCount\":184,\"commentCount\":0,\"publisher\":{\"@id\":\"https:\\\/\\\/regiaonews.net.br\\\/2022\\\/#organization\"},\"image\":{\"@id\":\"https:\\\/\\\/regiaonews.net.br\\\/2022\\\/2023\\\/09\\\/11\\\/policia-civil-de-bebedouro-recolhe-cavalo-em-situacao-de-maus-tratos\\\/#primaryimage\"},\"thumbnailUrl\":\"https:\\\/\\\/regiaonews.net.br\\\/2022\\\/wp-content\\\/uploads\\\/2023\\\/09\\\/WhatsApp-Image-2023-09-11-at-14.45.21.jpeg\",\"articleSection\":[\"Bebedouro\",\"Policia\"],\"inLanguage\":\"pt-BR\",\"potentialAction\":[{\"@type\":\"CommentAction\",\"name\":\"Comment\",\"target\":[\"https:\\\/\\\/regiaonews.net.br\\\/2022\\\/2023\\\/09\\\/11\\\/policia-civil-de-bebedouro-recolhe-cavalo-em-situacao-de-maus-tratos\\\/#respond\"]}]},{\"@type\":\"WebPage\",\"@id\":\"https:\\\/\\\/regiaonews.net.br\\\/2022\\\/2023\\\/09\\\/11\\\/policia-civil-de-bebedouro-recolhe-cavalo-em-situacao-de-maus-tratos\\\/\",\"url\":\"https:\\\/\\\/regiaonews.net.br\\\/2022\\\/2023\\\/09\\\/11\\\/policia-civil-de-bebedouro-recolhe-cavalo-em-situacao-de-maus-tratos\\\/\",\"name\":\"Pol\u00edcia Civil de Bebedouro recolhe cavalo em situa\u00e7\u00e3o\",\"isPartOf\":{\"@id\":\"https:\\\/\\\/regiaonews.net.br\\\/2022\\\/#website\"},\"primaryImageOfPage\":{\"@id\":\"https:\\\/\\\/regiaonews.net.br\\\/2022\\\/2023\\\/09\\\/11\\\/policia-civil-de-bebedouro-recolhe-cavalo-em-situacao-de-maus-tratos\\\/#primaryimage\"},\"image\":{\"@id\":\"https:\\\/\\\/regiaonews.net.br\\\/2022\\\/2023\\\/09\\\/11\\\/policia-civil-de-bebedouro-recolhe-cavalo-em-situacao-de-maus-tratos\\\/#primaryimage\"},\"thumbnailUrl\":\"https:\\\/\\\/regiaonews.net.br\\\/2022\\\/wp-content\\\/uploads\\\/2023\\\/09\\\/WhatsApp-Image-2023-09-11-at-14.45.21.jpeg\",\"datePublished\":\"2023-09-12T00:19:42+00:00\",\"dateModified\":\"2023-09-12T00:22:04+00:00\",\"description\":\"A Pol\u00edcia Civil em Bebedouro, atrav\u00e9s do Setor de Prote\u00e7\u00e3o aos Animais (SPA) que funciona junto ao 1\u00ba Distrito Policial, no in\u00edcio da\",\"breadcrumb\":{\"@id\":\"https:\\\/\\\/regiaonews.net.br\\\/2022\\\/2023\\\/09\\\/11\\\/policia-civil-de-bebedouro-recolhe-cavalo-em-situacao-de-maus-tratos\\\/#breadcrumb\"},\"inLanguage\":\"pt-BR\",\"potentialAction\":[{\"@type\":\"ReadAction\",\"target\":[\"https:\\\/\\\/regiaonews.net.br\\\/2022\\\/2023\\\/09\\\/11\\\/policia-civil-de-bebedouro-recolhe-cavalo-em-situacao-de-maus-tratos\\\/\"]}]},{\"@type\":\"ImageObject\",\"inLanguage\":\"pt-BR\",\"@id\":\"https:\\\/\\\/regiaonews.net.br\\\/2022\\\/2023\\\/09\\\/11\\\/policia-civil-de-bebedouro-recolhe-cavalo-em-situacao-de-maus-tratos\\\/#primaryimage\",\"url\":\"https:\\\/\\\/regiaonews.net.br\\\/2022\\\/wp-content\\\/uploads\\\/2023\\\/09\\\/WhatsApp-Image-2023-09-11-at-14.45.21.jpeg\",\"contentUrl\":\"https:\\\/\\\/regiaonews.net.br\\\/2022\\\/wp-content\\\/uploads\\\/2023\\\/09\\\/WhatsApp-Image-2023-09-11-at-14.45.21.jpeg\",\"width\":1600,\"height\":1200},{\"@type\":\"BreadcrumbList\",\"@id\":\"https:\\\/\\\/regiaonews.net.br\\\/2022\\\/2023\\\/09\\\/11\\\/policia-civil-de-bebedouro-recolhe-cavalo-em-situacao-de-maus-tratos\\\/#breadcrumb\",\"itemListElement\":[{\"@type\":\"ListItem\",\"position\":1,\"name\":\"In\u00edcio\",\"item\":\"https:\\\/\\\/regiaonews.net.br\\\/2022\\\/\"},{\"@type\":\"ListItem\",\"position\":2,\"name\":\"Pol\u00edcia Civil de Bebedouro recolhe cavalo em situa\u00e7\u00e3o de maus-tratos\"}]},{\"@type\":\"WebSite\",\"@id\":\"https:\\\/\\\/regiaonews.net.br\\\/2022\\\/#website\",\"url\":\"https:\\\/\\\/regiaonews.net.br\\\/2022\\\/\",\"name\":\"Regi\u00e3o News\",\"description\":\"Site de Not\u00edcias de Barretos e regi\u00e3o\",\"publisher\":{\"@id\":\"https:\\\/\\\/regiaonews.net.br\\\/2022\\\/#organization\"},\"potentialAction\":[{\"@type\":\"SearchAction\",\"target\":{\"@type\":\"EntryPoint\",\"urlTemplate\":\"https:\\\/\\\/regiaonews.net.br\\\/2022\\\/?s={search_term_string}\"},\"query-input\":{\"@type\":\"PropertyValueSpecification\",\"valueRequired\":true,\"valueName\":\"search_term_string\"}}],\"inLanguage\":\"pt-BR\"},{\"@type\":\"Organization\",\"@id\":\"https:\\\/\\\/regiaonews.net.br\\\/2022\\\/#organization\",\"name\":\"Regi\u00e3o News\",\"url\":\"https:\\\/\\\/regiaonews.net.br\\\/2022\\\/\",\"logo\":{\"@type\":\"ImageObject\",\"inLanguage\":\"pt-BR\",\"@id\":\"https:\\\/\\\/regiaonews.net.br\\\/2022\\\/#\\\/schema\\\/logo\\\/image\\\/\",\"url\":\"https:\\\/\\\/regiaonews.net.br\\\/2022\\\/wp-content\\\/uploads\\\/2026\\\/03\\\/regiao-13-anos-scaled.jpg\",\"contentUrl\":\"https:\\\/\\\/regiaonews.net.br\\\/2022\\\/wp-content\\\/uploads\\\/2026\\\/03\\\/regiao-13-anos-scaled.jpg\",\"width\":2560,\"height\":635,\"caption\":\"Regi\u00e3o News\"},\"image\":{\"@id\":\"https:\\\/\\\/regiaonews.net.br\\\/2022\\\/#\\\/schema\\\/logo\\\/image\\\/\"}},{\"@type\":\"Person\",\"@id\":\"https:\\\/\\\/regiaonews.net.br\\\/2022\\\/#\\\/schema\\\/person\\\/2d205a608a5aa97ac279d7a5e6d89ad8\",\"name\":\"Roberto\",\"image\":{\"@type\":\"ImageObject\",\"inLanguage\":\"pt-BR\",\"@id\":\"https:\\\/\\\/secure.gravatar.com\\\/avatar\\\/42749d8b712ff9d59ca93dc150494e5b55a44134482993f5baeb97e61b7ecc89?s=96&d=mm&r=g\",\"url\":\"https:\\\/\\\/secure.gravatar.com\\\/avatar\\\/42749d8b712ff9d59ca93dc150494e5b55a44134482993f5baeb97e61b7ecc89?s=96&d=mm&r=g\",\"contentUrl\":\"https:\\\/\\\/secure.gravatar.com\\\/avatar\\\/42749d8b712ff9d59ca93dc150494e5b55a44134482993f5baeb97e61b7ecc89?s=96&d=mm&r=g\",\"caption\":\"Roberto\"},\"url\":\"https:\\\/\\\/regiaonews.net.br\\\/2022\\\/author\\\/roberto\\\/\"}]}<\/script>\n<!-- \/ Yoast SEO plugin. -->","yoast_head_json":{"title":"Pol\u00edcia Civil de Bebedouro recolhe cavalo em situa\u00e7\u00e3o","description":"A Pol\u00edcia Civil em Bebedouro, atrav\u00e9s do Setor de Prote\u00e7\u00e3o aos Animais (SPA) que funciona junto ao 1\u00ba Distrito Policial, no in\u00edcio da","robots":{"index":"index","follow":"follow","max-snippet":"max-snippet:-1","max-image-preview":"max-image-preview:large","max-video-preview":"max-video-preview:-1"},"canonical":"https:\/\/regiaonews.net.br\/2022\/2023\/09\/11\/policia-civil-de-bebedouro-recolhe-cavalo-em-situacao-de-maus-tratos\/","og_locale":"pt_BR","og_type":"article","og_title":"Pol\u00edcia Civil de Bebedouro recolhe cavalo em situa\u00e7\u00e3o","og_description":"A Pol\u00edcia Civil em Bebedouro, atrav\u00e9s do Setor de Prote\u00e7\u00e3o aos Animais (SPA) que funciona junto ao 1\u00ba Distrito Policial, no in\u00edcio da","og_url":"https:\/\/regiaonews.net.br\/2022\/2023\/09\/11\/policia-civil-de-bebedouro-recolhe-cavalo-em-situacao-de-maus-tratos\/","og_site_name":"Regi\u00e3o News","article_published_time":"2023-09-12T00:19:42+00:00","article_modified_time":"2023-09-12T00:22:04+00:00","og_image":[{"width":1600,"height":1200,"url":"https:\/\/regiaonews.net.br\/2022\/wp-content\/uploads\/2023\/09\/WhatsApp-Image-2023-09-11-at-14.45.21.jpeg","type":"image\/jpeg"}],"author":"Roberto","twitter_card":"summary_large_image","twitter_misc":{"Escrito por":"Roberto","Est. tempo de leitura":"1 minuto"},"schema":{"@context":"https:\/\/schema.org","@graph":[{"@type":"Article","@id":"https:\/\/regiaonews.net.br\/2022\/2023\/09\/11\/policia-civil-de-bebedouro-recolhe-cavalo-em-situacao-de-maus-tratos\/#article","isPartOf":{"@id":"https:\/\/regiaonews.net.br\/2022\/2023\/09\/11\/policia-civil-de-bebedouro-recolhe-cavalo-em-situacao-de-maus-tratos\/"},"author":{"name":"Roberto","@id":"https:\/\/regiaonews.net.br\/2022\/#\/schema\/person\/2d205a608a5aa97ac279d7a5e6d89ad8"},"headline":"Pol\u00edcia Civil de Bebedouro recolhe cavalo em situa\u00e7\u00e3o de maus-tratos","datePublished":"2023-09-12T00:19:42+00:00","dateModified":"2023-09-12T00:22:04+00:00","mainEntityOfPage":{"@id":"https:\/\/regiaonews.net.br\/2022\/2023\/09\/11\/policia-civil-de-bebedouro-recolhe-cavalo-em-situacao-de-maus-tratos\/"},"wordCount":184,"commentCount":0,"publisher":{"@id":"https:\/\/regiaonews.net.br\/2022\/#organization"},"image":{"@id":"https:\/\/regiaonews.net.br\/2022\/2023\/09\/11\/policia-civil-de-bebedouro-recolhe-cavalo-em-situacao-de-maus-tratos\/#primaryimage"},"thumbnailUrl":"https:\/\/regiaonews.net.br\/2022\/wp-content\/uploads\/2023\/09\/WhatsApp-Image-2023-09-11-at-14.45.21.jpeg","articleSection":["Bebedouro","Policia"],"inLanguage":"pt-BR","potentialAction":[{"@type":"CommentAction","name":"Comment","target":["https:\/\/regiaonews.net.br\/2022\/2023\/09\/11\/policia-civil-de-bebedouro-recolhe-cavalo-em-situacao-de-maus-tratos\/#respond"]}]},{"@type":"WebPage","@id":"https:\/\/regiaonews.net.br\/2022\/2023\/09\/11\/policia-civil-de-bebedouro-recolhe-cavalo-em-situacao-de-maus-tratos\/","url":"https:\/\/regiaonews.net.br\/2022\/2023\/09\/11\/policia-civil-de-bebedouro-recolhe-cavalo-em-situacao-de-maus-tratos\/","name":"Pol\u00edcia Civil de Bebedouro recolhe cavalo em situa\u00e7\u00e3o","isPartOf":{"@id":"https:\/\/regiaonews.net.br\/2022\/#website"},"primaryImageOfPage":{"@id":"https:\/\/regiaonews.net.br\/2022\/2023\/09\/11\/policia-civil-de-bebedouro-recolhe-cavalo-em-situacao-de-maus-tratos\/#primaryimage"},"image":{"@id":"https:\/\/regiaonews.net.br\/2022\/2023\/09\/11\/policia-civil-de-bebedouro-recolhe-cavalo-em-situacao-de-maus-tratos\/#primaryimage"},"thumbnailUrl":"https:\/\/regiaonews.net.br\/2022\/wp-content\/uploads\/2023\/09\/WhatsApp-Image-2023-09-11-at-14.45.21.jpeg","datePublished":"2023-09-12T00:19:42+00:00","dateModified":"2023-09-12T00:22:04+00:00","description":"A Pol\u00edcia Civil em Bebedouro, atrav\u00e9s do Setor de Prote\u00e7\u00e3o aos Animais (SPA) que funciona junto ao 1\u00ba Distrito Policial, no in\u00edcio da","breadcrumb":{"@id":"https:\/\/regiaonews.net.br\/2022\/2023\/09\/11\/policia-civil-de-bebedouro-recolhe-cavalo-em-situacao-de-maus-tratos\/#breadcrumb"},"inLanguage":"pt-BR","potentialAction":[{"@type":"ReadAction","target":["https:\/\/regiaonews.net.br\/2022\/2023\/09\/11\/policia-civil-de-bebedouro-recolhe-cavalo-em-situacao-de-maus-tratos\/"]}]},{"@type":"ImageObject","inLanguage":"pt-BR","@id":"https:\/\/regiaonews.net.br\/2022\/2023\/09\/11\/policia-civil-de-bebedouro-recolhe-cavalo-em-situacao-de-maus-tratos\/#primaryimage","url":"https:\/\/regiaonews.net.br\/2022\/wp-content\/uploads\/2023\/09\/WhatsApp-Image-2023-09-11-at-14.45.21.jpeg","contentUrl":"https:\/\/regiaonews.net.br\/2022\/wp-content\/uploads\/2023\/09\/WhatsApp-Image-2023-09-11-at-14.45.21.jpeg","width":1600,"height":1200},{"@type":"BreadcrumbList","@id":"https:\/\/regiaonews.net.br\/2022\/2023\/09\/11\/policia-civil-de-bebedouro-recolhe-cavalo-em-situacao-de-maus-tratos\/#breadcrumb","itemListElement":[{"@type":"ListItem","position":1,"name":"In\u00edcio","item":"https:\/\/regiaonews.net.br\/2022\/"},{"@type":"ListItem","position":2,"name":"Pol\u00edcia Civil de Bebedouro recolhe cavalo em situa\u00e7\u00e3o de maus-tratos"}]},{"@type":"WebSite","@id":"https:\/\/regiaonews.net.br\/2022\/#website","url":"https:\/\/regiaonews.net.br\/2022\/","name":"Regi\u00e3o News","description":"Site de Not\u00edcias de Barretos e regi\u00e3o","publisher":{"@id":"https:\/\/regiaonews.net.br\/2022\/#organization"},"potentialAction":[{"@type":"SearchAction","target":{"@type":"EntryPoint","urlTemplate":"https:\/\/regiaonews.net.br\/2022\/?s={search_term_string}"},"query-input":{"@type":"PropertyValueSpecification","valueRequired":true,"valueName":"search_term_string"}}],"inLanguage":"pt-BR"},{"@type":"Organization","@id":"https:\/\/regiaonews.net.br\/2022\/#organization","name":"Regi\u00e3o News","url":"https:\/\/regiaonews.net.br\/2022\/","logo":{"@type":"ImageObject","inLanguage":"pt-BR","@id":"https:\/\/regiaonews.net.br\/2022\/#\/schema\/logo\/image\/","url":"https:\/\/regiaonews.net.br\/2022\/wp-content\/uploads\/2026\/03\/regiao-13-anos-scaled.jpg","contentUrl":"https:\/\/regiaonews.net.br\/2022\/wp-content\/uploads\/2026\/03\/regiao-13-anos-scaled.jpg","width":2560,"height":635,"caption":"Regi\u00e3o News"},"image":{"@id":"https:\/\/regiaonews.net.br\/2022\/#\/schema\/logo\/image\/"}},{"@type":"Person","@id":"https:\/\/regiaonews.net.br\/2022\/#\/schema\/person\/2d205a608a5aa97ac279d7a5e6d89ad8","name":"Roberto","image":{"@type":"ImageObject","inLanguage":"pt-BR","@id":"https:\/\/secure.gravatar.com\/avatar\/42749d8b712ff9d59ca93dc150494e5b55a44134482993f5baeb97e61b7ecc89?s=96&d=mm&r=g","url":"https:\/\/secure.gravatar.com\/avatar\/42749d8b712ff9d59ca93dc150494e5b55a44134482993f5baeb97e61b7ecc89?s=96&d=mm&r=g","contentUrl":"https:\/\/secure.gravatar.com\/avatar\/42749d8b712ff9d59ca93dc150494e5b55a44134482993f5baeb97e61b7ecc89?s=96&d=mm&r=g","caption":"Roberto"},"url":"https:\/\/regiaonews.net.br\/2022\/author\/roberto\/"}]}},"publishpress_future_action":{"enabled":false,"date":"2026-05-04 19:12:18","action":"change-status","newStatus":"draft","terms":[],"taxonomy":"category","extraData":[]},"publishpress_future_workflow_manual_trigger":{"enabledWorkflows":[]},"_links":{"self":[{"href":"https:\/\/regiaonews.net.br\/2022\/wp-json\/wp\/v2\/posts\/94912","targetHints":{"allow":["GET"]}}],"collection":[{"href":"https:\/\/regiaonews.net.br\/2022\/wp-json\/wp\/v2\/posts"}],"about":[{"href":"https:\/\/regiaonews.net.br\/2022\/wp-json\/wp\/v2\/types\/post"}],"author":[{"embeddable":true,"href":"https:\/\/regiaonews.net.br\/2022\/wp-json\/wp\/v2\/users\/2"}],"replies":[{"embeddable":true,"href":"https:\/\/regiaonews.net.br\/2022\/wp-json\/wp\/v2\/comments?post=94912"}],"version-history":[{"count":1,"href":"https:\/\/regiaonews.net.br\/2022\/wp-json\/wp\/v2\/posts\/94912\/revisions"}],"predecessor-version":[{"id":94917,"href":"https:\/\/regiaonews.net.br\/2022\/wp-json\/wp\/v2\/posts\/94912\/revisions\/94917"}],"wp:featuredmedia":[{"embeddable":true,"href":"https:\/\/regiaonews.net.br\/2022\/wp-json\/wp\/v2\/media\/94913"}],"wp:attachment":[{"href":"https:\/\/regiaonews.net.br\/2022\/wp-json\/wp\/v2\/media?parent=94912"}],"wp:term":[{"taxonomy":"category","embeddable":true,"href":"https:\/\/regiaonews.net.br\/2022\/wp-json\/wp\/v2\/categories?post=94912"},{"taxonomy":"post_tag","embeddable":true,"href":"https:\/\/regiaonews.net.br\/2022\/wp-json\/wp\/v2\/tags?post=94912"}],"curies":[{"name":"wp","href":"https:\/\/api.w.org\/{rel}","templated":true}]}}