{"id":94889,"date":"2023-09-11T09:42:18","date_gmt":"2023-09-11T12:42:18","guid":{"rendered":"https:\/\/regiaonews.net.br\/2022\/?p=94889"},"modified":"2023-09-11T09:42:18","modified_gmt":"2023-09-11T12:42:18","slug":"inscricoes-abertas-para-35-mil-vagas-para-as-carreiras-da-policia-civil-e-policia-tecnico-cientifica","status":"publish","type":"post","link":"https:\/\/regiaonews.net.br\/2022\/2023\/09\/11\/inscricoes-abertas-para-35-mil-vagas-para-as-carreiras-da-policia-civil-e-policia-tecnico-cientifica\/","title":{"rendered":"Inscri\u00e7\u00f5es abertas para 3,5 mil vagas para as carreiras da Pol\u00edcia Civil e Pol\u00edcia T\u00e9cnico-Cient\u00edfica"},"content":{"rendered":"<div>\n<p class=\"titulopreto ng-binding\">O per\u00edodo para inscri\u00e7\u00e3o vai at\u00e9 10 de outubro<\/p>\n<\/div>\n<div id=\"notCorpo\" class=\"ng-binding\">Come\u00e7a \u00e0s 10h (hor\u00e1rio de Bras\u00edlia) desta segunda-feira (11) o per\u00edodo de inscri\u00e7\u00f5es para preencher 3,5 mil vagas de carreiras das Pol\u00edcias Civil e T\u00e9cnico-Cient\u00edfica. Eles ter\u00e3o que ser feitas, exclusivamente, pelo site da Vunesp (www.vunesp.com.br). O edital foi lan\u00e7ado, no \u00faltimo dia 1, no Di\u00e1rio Oficial do Estado (DOE). Este s\u00e3o os primeiros certames para estas carreiras desde janeiro deste ano.<\/p>\n<p>\u201cNosso plano \u00e9 cumprir aquilo que prometemos, de aumento salarial, de refor\u00e7o do efetivo da pol\u00edcia. Com concurso em andamento de 2,9 mil vagas, mais essas 3,5 mil, s\u00e3o 6,4 mil vagas para os policiais civis que v\u00e3o contribuir e muito para proteger as pessoas do estado de S\u00e3o Paulo\u201d, afirmou o secret\u00e1rio da Seguran\u00e7a P\u00fablica, Guilherme Derrite.<\/p>\n<p>Para o delegado de 3\u00ba classe, ser\u00e3o 552 vagas, com sal\u00e1rio inicial de R$ 15 mil. J\u00e1 para a carreira de investigador e de escriv\u00e3o, que ter\u00e3o 1.250 e 1.333 vagas, respectivamente, o sal\u00e1rio inicial ser\u00e1 de R$ 5,8 mil.<\/p>\n<p>J\u00e1 na Pol\u00edcia T\u00e9cnico-Cient\u00edfica, ser\u00e3o 116 cargos para preencher de m\u00e9dico-legista e 249 para peritos criminais, ambos com provimentos a partir de R$ 12,9 mil.<\/p>\n<p>Os editais podem ser conferidos na \u00edntegra no site da realizadora dos concursos que \u00e9 a Funda\u00e7\u00e3o Vunesp clicando nesse\u00a0<a href=\"https:\/\/www.vunesp.com.br\/busca\/concurso\/proximo\">link<\/a>\u00a0e tamb\u00e9m no DOE da edi\u00e7\u00e3o do \u00faltimo dia 1, a partir da p\u00e1gina 164, Executivo &#8211; Se\u00e7\u00e3o III &#8211; Concursos.\u00a0 As inscri\u00e7\u00f5es terminam \u00e0s 23h59, hor\u00e1rio de Bras\u00edlia, do dia 10 de outubro deste ano.<\/p>\n<p>Com o novo concurso, a previs\u00e3o \u00e9 de que os d\u00e9ficits nos efetivos da Pol\u00edcia Civil e Superintend\u00eancia da Pol\u00edcia T\u00e9cnico-Cient\u00edfica, que est\u00e3o, respectivamente, em 33,7% e 26%, caiam para 16,2% e 13,9%.<\/p><\/div>\n","protected":false},"excerpt":{"rendered":"<p>O per\u00edodo para inscri\u00e7\u00e3o vai at\u00e9 10 de outubro Come\u00e7a<\/p>\n","protected":false},"author":2,"featured_media":54500,"comment_status":"open","ping_status":"open","sticky":false,"template":"","format":"standard","meta":{"footnotes":""},"categories":[25,23],"tags":[],"class_list":["post-94889","post","type-post","status-publish","format-standard","has-post-thumbnail","hentry","category-cidades","category-policia"],"yoast_head":"<!-- This site is optimized with the Yoast SEO plugin v27.4 - https:\/\/yoast.com\/product\/yoast-seo-wordpress\/ -->\n<title>Inscri\u00e7\u00f5es abertas para 3,5 mil vagas para as carreiras da Pol\u00edcia<\/title>\n<meta name=\"description\" content=\"Come\u00e7a \u00e0s 10h (hor\u00e1rio de Bras\u00edlia) desta segunda-feira (11) o per\u00edodo de inscri\u00e7\u00f5es para preencher 3,5 mil vagas de carreiras das\" \/>\n<meta name=\"robots\" content=\"index, follow, max-snippet:-1, max-image-preview:large, max-video-preview:-1\" \/>\n<link rel=\"canonical\" href=\"https:\/\/regiaonews.net.br\/2022\/2023\/09\/11\/inscricoes-abertas-para-35-mil-vagas-para-as-carreiras-da-policia-civil-e-policia-tecnico-cientifica\/\" \/>\n<meta property=\"og:locale\" content=\"pt_BR\" \/>\n<meta property=\"og:type\" content=\"article\" \/>\n<meta property=\"og:title\" content=\"Inscri\u00e7\u00f5es abertas para 3,5 mil vagas para as carreiras da Pol\u00edcia\" \/>\n<meta property=\"og:description\" content=\"Come\u00e7a \u00e0s 10h (hor\u00e1rio de Bras\u00edlia) desta segunda-feira (11) o per\u00edodo de inscri\u00e7\u00f5es para preencher 3,5 mil vagas de carreiras das\" \/>\n<meta property=\"og:url\" content=\"https:\/\/regiaonews.net.br\/2022\/2023\/09\/11\/inscricoes-abertas-para-35-mil-vagas-para-as-carreiras-da-policia-civil-e-policia-tecnico-cientifica\/\" \/>\n<meta property=\"og:site_name\" content=\"Regi\u00e3o News\" \/>\n<meta property=\"article:published_time\" content=\"2023-09-11T12:42:18+00:00\" \/>\n<meta property=\"og:image\" content=\"https:\/\/regiaonews.net.br\/2022\/wp-content\/uploads\/2021\/10\/policia-cientifica.jpg\" \/>\n\t<meta property=\"og:image:width\" content=\"271\" \/>\n\t<meta property=\"og:image:height\" content=\"186\" \/>\n\t<meta property=\"og:image:type\" content=\"image\/jpeg\" \/>\n<meta name=\"author\" content=\"Roberto\" \/>\n<meta name=\"twitter:card\" content=\"summary_large_image\" \/>\n<meta name=\"twitter:label1\" content=\"Escrito por\" \/>\n\t<meta name=\"twitter:data1\" content=\"Roberto\" \/>\n\t<meta name=\"twitter:label2\" content=\"Est. tempo de leitura\" \/>\n\t<meta name=\"twitter:data2\" content=\"2 minutos\" \/>\n<script type=\"application\/ld+json\" class=\"yoast-schema-graph\">{\"@context\":\"https:\\\/\\\/schema.org\",\"@graph\":[{\"@type\":\"Article\",\"@id\":\"https:\\\/\\\/regiaonews.net.br\\\/2022\\\/2023\\\/09\\\/11\\\/inscricoes-abertas-para-35-mil-vagas-para-as-carreiras-da-policia-civil-e-policia-tecnico-cientifica\\\/#article\",\"isPartOf\":{\"@id\":\"https:\\\/\\\/regiaonews.net.br\\\/2022\\\/2023\\\/09\\\/11\\\/inscricoes-abertas-para-35-mil-vagas-para-as-carreiras-da-policia-civil-e-policia-tecnico-cientifica\\\/\"},\"author\":{\"name\":\"Roberto\",\"@id\":\"https:\\\/\\\/regiaonews.net.br\\\/2022\\\/#\\\/schema\\\/person\\\/2d205a608a5aa97ac279d7a5e6d89ad8\"},\"headline\":\"Inscri\u00e7\u00f5es abertas para 3,5 mil vagas para as carreiras da Pol\u00edcia Civil e Pol\u00edcia T\u00e9cnico-Cient\u00edfica\",\"datePublished\":\"2023-09-11T12:42:18+00:00\",\"mainEntityOfPage\":{\"@id\":\"https:\\\/\\\/regiaonews.net.br\\\/2022\\\/2023\\\/09\\\/11\\\/inscricoes-abertas-para-35-mil-vagas-para-as-carreiras-da-policia-civil-e-policia-tecnico-cientifica\\\/\"},\"wordCount\":328,\"commentCount\":0,\"publisher\":{\"@id\":\"https:\\\/\\\/regiaonews.net.br\\\/2022\\\/#organization\"},\"image\":{\"@id\":\"https:\\\/\\\/regiaonews.net.br\\\/2022\\\/2023\\\/09\\\/11\\\/inscricoes-abertas-para-35-mil-vagas-para-as-carreiras-da-policia-civil-e-policia-tecnico-cientifica\\\/#primaryimage\"},\"thumbnailUrl\":\"https:\\\/\\\/regiaonews.net.br\\\/2022\\\/wp-content\\\/uploads\\\/2021\\\/10\\\/policia-cientifica.jpg\",\"articleSection\":[\"Cidades\",\"Policia\"],\"inLanguage\":\"pt-BR\",\"potentialAction\":[{\"@type\":\"CommentAction\",\"name\":\"Comment\",\"target\":[\"https:\\\/\\\/regiaonews.net.br\\\/2022\\\/2023\\\/09\\\/11\\\/inscricoes-abertas-para-35-mil-vagas-para-as-carreiras-da-policia-civil-e-policia-tecnico-cientifica\\\/#respond\"]}]},{\"@type\":\"WebPage\",\"@id\":\"https:\\\/\\\/regiaonews.net.br\\\/2022\\\/2023\\\/09\\\/11\\\/inscricoes-abertas-para-35-mil-vagas-para-as-carreiras-da-policia-civil-e-policia-tecnico-cientifica\\\/\",\"url\":\"https:\\\/\\\/regiaonews.net.br\\\/2022\\\/2023\\\/09\\\/11\\\/inscricoes-abertas-para-35-mil-vagas-para-as-carreiras-da-policia-civil-e-policia-tecnico-cientifica\\\/\",\"name\":\"Inscri\u00e7\u00f5es abertas para 3,5 mil vagas para as carreiras da Pol\u00edcia\",\"isPartOf\":{\"@id\":\"https:\\\/\\\/regiaonews.net.br\\\/2022\\\/#website\"},\"primaryImageOfPage\":{\"@id\":\"https:\\\/\\\/regiaonews.net.br\\\/2022\\\/2023\\\/09\\\/11\\\/inscricoes-abertas-para-35-mil-vagas-para-as-carreiras-da-policia-civil-e-policia-tecnico-cientifica\\\/#primaryimage\"},\"image\":{\"@id\":\"https:\\\/\\\/regiaonews.net.br\\\/2022\\\/2023\\\/09\\\/11\\\/inscricoes-abertas-para-35-mil-vagas-para-as-carreiras-da-policia-civil-e-policia-tecnico-cientifica\\\/#primaryimage\"},\"thumbnailUrl\":\"https:\\\/\\\/regiaonews.net.br\\\/2022\\\/wp-content\\\/uploads\\\/2021\\\/10\\\/policia-cientifica.jpg\",\"datePublished\":\"2023-09-11T12:42:18+00:00\",\"description\":\"Come\u00e7a \u00e0s 10h (hor\u00e1rio de Bras\u00edlia) desta segunda-feira (11) o per\u00edodo de inscri\u00e7\u00f5es para preencher 3,5 mil vagas de carreiras das\",\"breadcrumb\":{\"@id\":\"https:\\\/\\\/regiaonews.net.br\\\/2022\\\/2023\\\/09\\\/11\\\/inscricoes-abertas-para-35-mil-vagas-para-as-carreiras-da-policia-civil-e-policia-tecnico-cientifica\\\/#breadcrumb\"},\"inLanguage\":\"pt-BR\",\"potentialAction\":[{\"@type\":\"ReadAction\",\"target\":[\"https:\\\/\\\/regiaonews.net.br\\\/2022\\\/2023\\\/09\\\/11\\\/inscricoes-abertas-para-35-mil-vagas-para-as-carreiras-da-policia-civil-e-policia-tecnico-cientifica\\\/\"]}]},{\"@type\":\"ImageObject\",\"inLanguage\":\"pt-BR\",\"@id\":\"https:\\\/\\\/regiaonews.net.br\\\/2022\\\/2023\\\/09\\\/11\\\/inscricoes-abertas-para-35-mil-vagas-para-as-carreiras-da-policia-civil-e-policia-tecnico-cientifica\\\/#primaryimage\",\"url\":\"https:\\\/\\\/regiaonews.net.br\\\/2022\\\/wp-content\\\/uploads\\\/2021\\\/10\\\/policia-cientifica.jpg\",\"contentUrl\":\"https:\\\/\\\/regiaonews.net.br\\\/2022\\\/wp-content\\\/uploads\\\/2021\\\/10\\\/policia-cientifica.jpg\",\"width\":271,\"height\":186},{\"@type\":\"BreadcrumbList\",\"@id\":\"https:\\\/\\\/regiaonews.net.br\\\/2022\\\/2023\\\/09\\\/11\\\/inscricoes-abertas-para-35-mil-vagas-para-as-carreiras-da-policia-civil-e-policia-tecnico-cientifica\\\/#breadcrumb\",\"itemListElement\":[{\"@type\":\"ListItem\",\"position\":1,\"name\":\"In\u00edcio\",\"item\":\"https:\\\/\\\/regiaonews.net.br\\\/2022\\\/\"},{\"@type\":\"ListItem\",\"position\":2,\"name\":\"Inscri\u00e7\u00f5es abertas para 3,5 mil vagas para as carreiras da Pol\u00edcia Civil e Pol\u00edcia T\u00e9cnico-Cient\u00edfica\"}]},{\"@type\":\"WebSite\",\"@id\":\"https:\\\/\\\/regiaonews.net.br\\\/2022\\\/#website\",\"url\":\"https:\\\/\\\/regiaonews.net.br\\\/2022\\\/\",\"name\":\"Regi\u00e3o News\",\"description\":\"Site de Not\u00edcias de Barretos e regi\u00e3o\",\"publisher\":{\"@id\":\"https:\\\/\\\/regiaonews.net.br\\\/2022\\\/#organization\"},\"potentialAction\":[{\"@type\":\"SearchAction\",\"target\":{\"@type\":\"EntryPoint\",\"urlTemplate\":\"https:\\\/\\\/regiaonews.net.br\\\/2022\\\/?s={search_term_string}\"},\"query-input\":{\"@type\":\"PropertyValueSpecification\",\"valueRequired\":true,\"valueName\":\"search_term_string\"}}],\"inLanguage\":\"pt-BR\"},{\"@type\":\"Organization\",\"@id\":\"https:\\\/\\\/regiaonews.net.br\\\/2022\\\/#organization\",\"name\":\"Regi\u00e3o News\",\"url\":\"https:\\\/\\\/regiaonews.net.br\\\/2022\\\/\",\"logo\":{\"@type\":\"ImageObject\",\"inLanguage\":\"pt-BR\",\"@id\":\"https:\\\/\\\/regiaonews.net.br\\\/2022\\\/#\\\/schema\\\/logo\\\/image\\\/\",\"url\":\"https:\\\/\\\/regiaonews.net.br\\\/2022\\\/wp-content\\\/uploads\\\/2026\\\/03\\\/regiao-13-anos-scaled.jpg\",\"contentUrl\":\"https:\\\/\\\/regiaonews.net.br\\\/2022\\\/wp-content\\\/uploads\\\/2026\\\/03\\\/regiao-13-anos-scaled.jpg\",\"width\":2560,\"height\":635,\"caption\":\"Regi\u00e3o News\"},\"image\":{\"@id\":\"https:\\\/\\\/regiaonews.net.br\\\/2022\\\/#\\\/schema\\\/logo\\\/image\\\/\"}},{\"@type\":\"Person\",\"@id\":\"https:\\\/\\\/regiaonews.net.br\\\/2022\\\/#\\\/schema\\\/person\\\/2d205a608a5aa97ac279d7a5e6d89ad8\",\"name\":\"Roberto\",\"image\":{\"@type\":\"ImageObject\",\"inLanguage\":\"pt-BR\",\"@id\":\"https:\\\/\\\/secure.gravatar.com\\\/avatar\\\/42749d8b712ff9d59ca93dc150494e5b55a44134482993f5baeb97e61b7ecc89?s=96&d=mm&r=g\",\"url\":\"https:\\\/\\\/secure.gravatar.com\\\/avatar\\\/42749d8b712ff9d59ca93dc150494e5b55a44134482993f5baeb97e61b7ecc89?s=96&d=mm&r=g\",\"contentUrl\":\"https:\\\/\\\/secure.gravatar.com\\\/avatar\\\/42749d8b712ff9d59ca93dc150494e5b55a44134482993f5baeb97e61b7ecc89?s=96&d=mm&r=g\",\"caption\":\"Roberto\"},\"url\":\"https:\\\/\\\/regiaonews.net.br\\\/2022\\\/author\\\/roberto\\\/\"}]}<\/script>\n<!-- \/ Yoast SEO plugin. -->","yoast_head_json":{"title":"Inscri\u00e7\u00f5es abertas para 3,5 mil vagas para as carreiras da Pol\u00edcia","description":"Come\u00e7a \u00e0s 10h (hor\u00e1rio de Bras\u00edlia) desta segunda-feira (11) o per\u00edodo de inscri\u00e7\u00f5es para preencher 3,5 mil vagas de carreiras das","robots":{"index":"index","follow":"follow","max-snippet":"max-snippet:-1","max-image-preview":"max-image-preview:large","max-video-preview":"max-video-preview:-1"},"canonical":"https:\/\/regiaonews.net.br\/2022\/2023\/09\/11\/inscricoes-abertas-para-35-mil-vagas-para-as-carreiras-da-policia-civil-e-policia-tecnico-cientifica\/","og_locale":"pt_BR","og_type":"article","og_title":"Inscri\u00e7\u00f5es abertas para 3,5 mil vagas para as carreiras da Pol\u00edcia","og_description":"Come\u00e7a \u00e0s 10h (hor\u00e1rio de Bras\u00edlia) desta segunda-feira (11) o per\u00edodo de inscri\u00e7\u00f5es para preencher 3,5 mil vagas de carreiras das","og_url":"https:\/\/regiaonews.net.br\/2022\/2023\/09\/11\/inscricoes-abertas-para-35-mil-vagas-para-as-carreiras-da-policia-civil-e-policia-tecnico-cientifica\/","og_site_name":"Regi\u00e3o News","article_published_time":"2023-09-11T12:42:18+00:00","og_image":[{"width":271,"height":186,"url":"https:\/\/regiaonews.net.br\/2022\/wp-content\/uploads\/2021\/10\/policia-cientifica.jpg","type":"image\/jpeg"}],"author":"Roberto","twitter_card":"summary_large_image","twitter_misc":{"Escrito por":"Roberto","Est. tempo de leitura":"2 minutos"},"schema":{"@context":"https:\/\/schema.org","@graph":[{"@type":"Article","@id":"https:\/\/regiaonews.net.br\/2022\/2023\/09\/11\/inscricoes-abertas-para-35-mil-vagas-para-as-carreiras-da-policia-civil-e-policia-tecnico-cientifica\/#article","isPartOf":{"@id":"https:\/\/regiaonews.net.br\/2022\/2023\/09\/11\/inscricoes-abertas-para-35-mil-vagas-para-as-carreiras-da-policia-civil-e-policia-tecnico-cientifica\/"},"author":{"name":"Roberto","@id":"https:\/\/regiaonews.net.br\/2022\/#\/schema\/person\/2d205a608a5aa97ac279d7a5e6d89ad8"},"headline":"Inscri\u00e7\u00f5es abertas para 3,5 mil vagas para as carreiras da Pol\u00edcia Civil e Pol\u00edcia T\u00e9cnico-Cient\u00edfica","datePublished":"2023-09-11T12:42:18+00:00","mainEntityOfPage":{"@id":"https:\/\/regiaonews.net.br\/2022\/2023\/09\/11\/inscricoes-abertas-para-35-mil-vagas-para-as-carreiras-da-policia-civil-e-policia-tecnico-cientifica\/"},"wordCount":328,"commentCount":0,"publisher":{"@id":"https:\/\/regiaonews.net.br\/2022\/#organization"},"image":{"@id":"https:\/\/regiaonews.net.br\/2022\/2023\/09\/11\/inscricoes-abertas-para-35-mil-vagas-para-as-carreiras-da-policia-civil-e-policia-tecnico-cientifica\/#primaryimage"},"thumbnailUrl":"https:\/\/regiaonews.net.br\/2022\/wp-content\/uploads\/2021\/10\/policia-cientifica.jpg","articleSection":["Cidades","Policia"],"inLanguage":"pt-BR","potentialAction":[{"@type":"CommentAction","name":"Comment","target":["https:\/\/regiaonews.net.br\/2022\/2023\/09\/11\/inscricoes-abertas-para-35-mil-vagas-para-as-carreiras-da-policia-civil-e-policia-tecnico-cientifica\/#respond"]}]},{"@type":"WebPage","@id":"https:\/\/regiaonews.net.br\/2022\/2023\/09\/11\/inscricoes-abertas-para-35-mil-vagas-para-as-carreiras-da-policia-civil-e-policia-tecnico-cientifica\/","url":"https:\/\/regiaonews.net.br\/2022\/2023\/09\/11\/inscricoes-abertas-para-35-mil-vagas-para-as-carreiras-da-policia-civil-e-policia-tecnico-cientifica\/","name":"Inscri\u00e7\u00f5es abertas para 3,5 mil vagas para as carreiras da Pol\u00edcia","isPartOf":{"@id":"https:\/\/regiaonews.net.br\/2022\/#website"},"primaryImageOfPage":{"@id":"https:\/\/regiaonews.net.br\/2022\/2023\/09\/11\/inscricoes-abertas-para-35-mil-vagas-para-as-carreiras-da-policia-civil-e-policia-tecnico-cientifica\/#primaryimage"},"image":{"@id":"https:\/\/regiaonews.net.br\/2022\/2023\/09\/11\/inscricoes-abertas-para-35-mil-vagas-para-as-carreiras-da-policia-civil-e-policia-tecnico-cientifica\/#primaryimage"},"thumbnailUrl":"https:\/\/regiaonews.net.br\/2022\/wp-content\/uploads\/2021\/10\/policia-cientifica.jpg","datePublished":"2023-09-11T12:42:18+00:00","description":"Come\u00e7a \u00e0s 10h (hor\u00e1rio de Bras\u00edlia) desta segunda-feira (11) o per\u00edodo de inscri\u00e7\u00f5es para preencher 3,5 mil vagas de carreiras das","breadcrumb":{"@id":"https:\/\/regiaonews.net.br\/2022\/2023\/09\/11\/inscricoes-abertas-para-35-mil-vagas-para-as-carreiras-da-policia-civil-e-policia-tecnico-cientifica\/#breadcrumb"},"inLanguage":"pt-BR","potentialAction":[{"@type":"ReadAction","target":["https:\/\/regiaonews.net.br\/2022\/2023\/09\/11\/inscricoes-abertas-para-35-mil-vagas-para-as-carreiras-da-policia-civil-e-policia-tecnico-cientifica\/"]}]},{"@type":"ImageObject","inLanguage":"pt-BR","@id":"https:\/\/regiaonews.net.br\/2022\/2023\/09\/11\/inscricoes-abertas-para-35-mil-vagas-para-as-carreiras-da-policia-civil-e-policia-tecnico-cientifica\/#primaryimage","url":"https:\/\/regiaonews.net.br\/2022\/wp-content\/uploads\/2021\/10\/policia-cientifica.jpg","contentUrl":"https:\/\/regiaonews.net.br\/2022\/wp-content\/uploads\/2021\/10\/policia-cientifica.jpg","width":271,"height":186},{"@type":"BreadcrumbList","@id":"https:\/\/regiaonews.net.br\/2022\/2023\/09\/11\/inscricoes-abertas-para-35-mil-vagas-para-as-carreiras-da-policia-civil-e-policia-tecnico-cientifica\/#breadcrumb","itemListElement":[{"@type":"ListItem","position":1,"name":"In\u00edcio","item":"https:\/\/regiaonews.net.br\/2022\/"},{"@type":"ListItem","position":2,"name":"Inscri\u00e7\u00f5es abertas para 3,5 mil vagas para as carreiras da Pol\u00edcia Civil e Pol\u00edcia T\u00e9cnico-Cient\u00edfica"}]},{"@type":"WebSite","@id":"https:\/\/regiaonews.net.br\/2022\/#website","url":"https:\/\/regiaonews.net.br\/2022\/","name":"Regi\u00e3o News","description":"Site de Not\u00edcias de Barretos e regi\u00e3o","publisher":{"@id":"https:\/\/regiaonews.net.br\/2022\/#organization"},"potentialAction":[{"@type":"SearchAction","target":{"@type":"EntryPoint","urlTemplate":"https:\/\/regiaonews.net.br\/2022\/?s={search_term_string}"},"query-input":{"@type":"PropertyValueSpecification","valueRequired":true,"valueName":"search_term_string"}}],"inLanguage":"pt-BR"},{"@type":"Organization","@id":"https:\/\/regiaonews.net.br\/2022\/#organization","name":"Regi\u00e3o News","url":"https:\/\/regiaonews.net.br\/2022\/","logo":{"@type":"ImageObject","inLanguage":"pt-BR","@id":"https:\/\/regiaonews.net.br\/2022\/#\/schema\/logo\/image\/","url":"https:\/\/regiaonews.net.br\/2022\/wp-content\/uploads\/2026\/03\/regiao-13-anos-scaled.jpg","contentUrl":"https:\/\/regiaonews.net.br\/2022\/wp-content\/uploads\/2026\/03\/regiao-13-anos-scaled.jpg","width":2560,"height":635,"caption":"Regi\u00e3o News"},"image":{"@id":"https:\/\/regiaonews.net.br\/2022\/#\/schema\/logo\/image\/"}},{"@type":"Person","@id":"https:\/\/regiaonews.net.br\/2022\/#\/schema\/person\/2d205a608a5aa97ac279d7a5e6d89ad8","name":"Roberto","image":{"@type":"ImageObject","inLanguage":"pt-BR","@id":"https:\/\/secure.gravatar.com\/avatar\/42749d8b712ff9d59ca93dc150494e5b55a44134482993f5baeb97e61b7ecc89?s=96&d=mm&r=g","url":"https:\/\/secure.gravatar.com\/avatar\/42749d8b712ff9d59ca93dc150494e5b55a44134482993f5baeb97e61b7ecc89?s=96&d=mm&r=g","contentUrl":"https:\/\/secure.gravatar.com\/avatar\/42749d8b712ff9d59ca93dc150494e5b55a44134482993f5baeb97e61b7ecc89?s=96&d=mm&r=g","caption":"Roberto"},"url":"https:\/\/regiaonews.net.br\/2022\/author\/roberto\/"}]}},"publishpress_future_action":{"enabled":false,"date":"2026-05-04 20:48:57","action":"change-status","newStatus":"draft","terms":[],"taxonomy":"category","extraData":[]},"publishpress_future_workflow_manual_trigger":{"enabledWorkflows":[]},"_links":{"self":[{"href":"https:\/\/regiaonews.net.br\/2022\/wp-json\/wp\/v2\/posts\/94889","targetHints":{"allow":["GET"]}}],"collection":[{"href":"https:\/\/regiaonews.net.br\/2022\/wp-json\/wp\/v2\/posts"}],"about":[{"href":"https:\/\/regiaonews.net.br\/2022\/wp-json\/wp\/v2\/types\/post"}],"author":[{"embeddable":true,"href":"https:\/\/regiaonews.net.br\/2022\/wp-json\/wp\/v2\/users\/2"}],"replies":[{"embeddable":true,"href":"https:\/\/regiaonews.net.br\/2022\/wp-json\/wp\/v2\/comments?post=94889"}],"version-history":[{"count":1,"href":"https:\/\/regiaonews.net.br\/2022\/wp-json\/wp\/v2\/posts\/94889\/revisions"}],"predecessor-version":[{"id":94890,"href":"https:\/\/regiaonews.net.br\/2022\/wp-json\/wp\/v2\/posts\/94889\/revisions\/94890"}],"wp:featuredmedia":[{"embeddable":true,"href":"https:\/\/regiaonews.net.br\/2022\/wp-json\/wp\/v2\/media\/54500"}],"wp:attachment":[{"href":"https:\/\/regiaonews.net.br\/2022\/wp-json\/wp\/v2\/media?parent=94889"}],"wp:term":[{"taxonomy":"category","embeddable":true,"href":"https:\/\/regiaonews.net.br\/2022\/wp-json\/wp\/v2\/categories?post=94889"},{"taxonomy":"post_tag","embeddable":true,"href":"https:\/\/regiaonews.net.br\/2022\/wp-json\/wp\/v2\/tags?post=94889"}],"curies":[{"name":"wp","href":"https:\/\/api.w.org\/{rel}","templated":true}]}}