{"id":94878,"date":"2023-09-10T21:30:29","date_gmt":"2023-09-11T00:30:29","guid":{"rendered":"https:\/\/regiaonews.net.br\/2022\/?p=94878"},"modified":"2023-09-10T21:55:17","modified_gmt":"2023-09-11T00:55:17","slug":"governo-federal-anuncia-r-741-milhoes-para-cidades-do-rs-afetadas-por-ciclone","status":"publish","type":"post","link":"https:\/\/regiaonews.net.br\/2022\/2023\/09\/10\/governo-federal-anuncia-r-741-milhoes-para-cidades-do-rs-afetadas-por-ciclone\/","title":{"rendered":"Governo Federal anuncia R$ 741 milh\u00f5es para cidades do RS afetadas por ciclone"},"content":{"rendered":"<header class=\"header-static navbar-sticky navbar-light navbar-sticky-on\">\n<nav class=\"navbar\">\n<div class=\"container nav-item dropdown megamenu\">\n<div class=\"offset-1 navbar-brand flex-grow-1\"><\/div>\n<\/div>\n<\/nav>\n<\/header>\n<div class=\"container\"><\/div>\n<div class=\"region region-content\">\n<article class=\"container\">\n<div class=\"row\">\n<div class=\"col-lg-12 mb-3\">\n<div class=\"post-image\"><a href=\"https:\/\/agenciabrasil.ebc.com.br\/internacional\/noticia\/2023-09\/alckmin-anuncia-r-741-milhoes-para-cidades-do-rs-afetadas-pela-chuva#\">m\u00a9 Cadu Gomes\/VPR<\/a><\/div>\n<\/div>\n<div class=\"col-lg-12 mb-3\">\n<div class=\"row\">\n<div class=\"col-10 offset-1 animated fadeInDown dealy-1100 alt-font text-center\"><a href=\"https:\/\/agenciabrasil.ebc.com.br\/geral\"><span class=\"badge badge-pill badge-warning\">Geral<\/span><\/a><\/div>\n<\/div>\n<div class=\"row\">\n<div id=\"tts-container\" class=\"col-xl-7 offset-xl-1 col-lg-8 offset-lg-0 col-md-10 offset-md-1 mb-3\" style=\"text-align: center;\"><\/div>\n<\/div>\n<\/div>\n<div class=\"col-xl-7 offset-xl-1 col-lg-8 offset-lg-0 col-md-10 offset-md-1 mb-3\">\n<div class=\"post-item alt-font\">\n<div class=\"post-item-wrap\">\n<p>O presidente da Rep\u00fablica em exerc\u00edcio, Geraldo Alckmin, anunciou no in\u00edcio da tarde deste domingo\u00a0(10) que o governo federal ir\u00e1\u00a0disponibilizar\u00a0R$ 741 milh\u00f5es em ajuda ao estado do Rio Grande do Sul, atingido por fortes chuvas e enchentes\u00a0desde a \u00faltima segunda-feira (4) ap\u00f3s a passagem de um ciclone extratropical.\u00a0 Alckmin fez o an\u00fancio em Lajeado (RS), na Universidade do Vale do Taquari (Univates), onde se reuniu com prefeitos locais, ministros e o governador Eduardo Leite.\u00a0<img decoding=\"async\" src=\"https:\/\/agenciabrasil.ebc.com.br\/ebc.png?id=1554272&amp;o=node\" \/><img decoding=\"async\" src=\"https:\/\/agenciabrasil.ebc.com.br\/ebc.gif?id=1554272&amp;o=node\" \/><\/p>\n<p>Os recursos ser\u00e3o distribu\u00eddos da seguinte forma:\u00a0R$ 26 milh\u00f5es para o Minist\u00e9rio da Defesa, para o uso de helic\u00f3pteros e demais maquin\u00e1rios na regi\u00e3o nas buscas e reconstru\u00e7\u00e3o; R$ 80 milh\u00f5es para\u00a0Minist\u00e9rio da Sa\u00fade, que montou um hospital de campanha em Roca Sales (RS) e reconstru\u00e7\u00e3o de\u00a0unidades de sa\u00fade destru\u00eddas, al\u00e9m da atua\u00e7\u00e3o das equipes da For\u00e7a Nacional de Sa\u00fade na regi\u00e3o.<\/p>\n<p>O Minist\u00e9rio dos Transportes ter\u00e1 R$ 116 milh\u00f5es\u00a0para reconstruir um trecho da BR 116, no km 96, na regi\u00e3o do Rio das Antas; o Minist\u00e9rio do Desenvolvimento e Assist\u00eancia Social e Minist\u00e9rio do Desenvolvimento Agr\u00e1rio aplicar\u00e1\u00a0R$ 125 milh\u00f5es no Programa de Aquisi\u00e7\u00e3o de Alimentos (PAA).<\/p>\n<p>Por meio do\u00a0Minist\u00e9rio das Cidades,\u00a0R$ 195 milh\u00f5es ser\u00e3o usados para a constru\u00e7\u00e3o de moradias.\u00a0J\u00e1 o Minist\u00e9rio da Integra\u00e7\u00e3o Nacional receber\u00e1 R$ 185 milh\u00f5es para ajuda humanit\u00e1ria e reconstru\u00e7\u00e3o de ruas, estradas, limpeza e pavimenta\u00e7\u00e3o dos munic\u00edpios. O Minist\u00e9rio da Previd\u00eancia Social tamb\u00e9m receber\u00e1 recursos, ainda sem detalhamento.<\/p>\n<h2>Saque do FGTS<\/h2>\n<p>O governo federal, conforme Alckmin, ir\u00e1 liberar o saque do FGTS, no valor de at\u00e9 R$ 6.220, para as pessoas atingidas diretamente pelas chuvas \u2013 os recursos j\u00e1 est\u00e3o inclu\u00eddos no montante recebido pelos minist\u00e9rios.<\/p>\n<h2>Bolsa Fam\u00edlia<\/h2>\n<p>Ser\u00e1\u00a0antecipado\u00a0tamb\u00e9m os repasses do Bolsa Fam\u00edlia para os afetados, que ocorrer\u00e1 no pr\u00f3ximo dia 18,\u00a0e do Benef\u00edcio de Presta\u00e7\u00e3o Continuada, no\u00a0dia 25. As prefeituras ainda dever\u00e3o receber R$ 800 por habitante\u00a0atingido. Para os interessados, tamb\u00e9m ser\u00e1 liberado o valor de um\u00a0sal\u00e1rio m\u00ednimo pelo BPC &#8211; o valor dever\u00e1 ser pago em at\u00e9 36 meses sem corre\u00e7\u00e3o.<\/p>\n<p>O governo federal adiou\u00a0do pagamento de tributos federais.<\/p>\n<p>A previs\u00e3o \u00e9 que o\u00a0n\u00famero de munic\u00edpios com reconhecimento do\u00a0estado de calamidade p\u00fablica na regi\u00e3o dever\u00e1 aumentar de 79 para 88, a partir de decreto que ser\u00e1 publicado na manh\u00e3 desta segunda-feira (11).<\/p>\n<p>O presidente da Rep\u00fablica em exerc\u00edcio, Geraldo Alckmin, e uma comitiva de ministros foram ao Rio Grande do Sul neste domingo (10), e percorreram a\u00a0regi\u00e3o do Vale do Taquari, a mais afetada pelas chuvas e inunda\u00e7\u00f5es.<\/p>\n<p>O governo do Rio Grande do Sul atualizou, na manh\u00e3 deste domingo\u00a0(10), para\u00a0<a href=\"https:\/\/agenciabrasil.ebc.com.br\/geral\/noticia\/2023-09\/rio-grande-do-sul-confirma-43-mortes-causadas-por-ciclone\" target=\"_blank\" rel=\"noopener\">43 a quantidade de pessoas mortas em decorr\u00eancia das chuvas e inunda\u00e7\u00f5es<\/a>\u00a0que atingem o estado desde a \u00faltima segunda-feira (4). O n\u00famero de\u00a0desaparecidos chega a 46.<\/p>\n<p>A maioria das mortes ocorreu em Mu\u00e7um (16), seguido de Roca Sales (dez), Cruzeiro do Sul (cinco), Lajeado (tr\u00eas), Estrela (dois), Ibiraiaras (dois) e em Encantado, Imigrante, Mato Castelhano, Passo Fundo\u00a0e Santa Tereza, uma morte em cada munic\u00edpio.<\/p>\n<p>No cidade\u00a0de Mu\u00e7um, est\u00e1 tamb\u00e9m a maioria dos desaparecidos (30), seguido de Lajeado (oito)\u00a0e Arroio do Meio (oito).<\/p>\n<p>Segundo o governo estadual, 3.130 pessoas foram resgatadas; 224 est\u00e3o feridas; 3.798 est\u00e3o desabrigadas; e 11.642, desalojadqs. No total, 150.341 pessoas foram afetadas pelas chuvas e inunda\u00e7\u00f5es em 88 munic\u00edpios.<\/p>\n<\/div>\n<\/div>\n<\/div>\n<\/div>\n<\/article>\n<\/div>\n","protected":false},"excerpt":{"rendered":"<p>m\u00a9 Cadu Gomes\/VPR Geral O presidente da Rep\u00fablica em exerc\u00edcio,<\/p>\n","protected":false},"author":2,"featured_media":94880,"comment_status":"open","ping_status":"open","sticky":false,"template":"","format":"standard","meta":{"footnotes":""},"categories":[24,3],"tags":[],"class_list":["post-94878","post","type-post","status-publish","format-standard","has-post-thumbnail","hentry","category-brasil","category-geral"],"yoast_head":"<!-- This site is optimized with the Yoast SEO plugin v27.4 - https:\/\/yoast.com\/product\/yoast-seo-wordpress\/ -->\n<title>Governo Federal anuncia R$ 741 milh\u00f5es para cidades do RS afetadas por ciclone - Regi\u00e3o News<\/title>\n<meta name=\"robots\" content=\"index, follow, max-snippet:-1, max-image-preview:large, max-video-preview:-1\" \/>\n<link rel=\"canonical\" href=\"https:\/\/regiaonews.net.br\/2022\/2023\/09\/10\/governo-federal-anuncia-r-741-milhoes-para-cidades-do-rs-afetadas-por-ciclone\/\" \/>\n<meta property=\"og:locale\" content=\"pt_BR\" \/>\n<meta property=\"og:type\" content=\"article\" \/>\n<meta property=\"og:title\" content=\"Governo Federal anuncia R$ 741 milh\u00f5es para cidades do RS afetadas por ciclone - Regi\u00e3o News\" \/>\n<meta property=\"og:description\" content=\"m\u00a9 Cadu Gomes\/VPR Geral O presidente da Rep\u00fablica em exerc\u00edcio,\" \/>\n<meta property=\"og:url\" content=\"https:\/\/regiaonews.net.br\/2022\/2023\/09\/10\/governo-federal-anuncia-r-741-milhoes-para-cidades-do-rs-afetadas-por-ciclone\/\" \/>\n<meta property=\"og:site_name\" content=\"Regi\u00e3o News\" \/>\n<meta property=\"article:published_time\" content=\"2023-09-11T00:30:29+00:00\" \/>\n<meta property=\"article:modified_time\" content=\"2023-09-11T00:55:17+00:00\" \/>\n<meta property=\"og:image\" content=\"https:\/\/regiaonews.net.br\/2022\/wp-content\/uploads\/2023\/09\/53177463144_cb03065c7a_o.jpg\" \/>\n\t<meta property=\"og:image:width\" content=\"1170\" \/>\n\t<meta property=\"og:image:height\" content=\"700\" \/>\n\t<meta property=\"og:image:type\" content=\"image\/jpeg\" \/>\n<meta name=\"author\" content=\"Roberto\" \/>\n<meta name=\"twitter:card\" content=\"summary_large_image\" \/>\n<meta name=\"twitter:label1\" content=\"Escrito por\" \/>\n\t<meta name=\"twitter:data1\" content=\"Roberto\" \/>\n\t<meta name=\"twitter:label2\" content=\"Est. tempo de leitura\" \/>\n\t<meta name=\"twitter:data2\" content=\"4 minutos\" \/>\n<script type=\"application\/ld+json\" class=\"yoast-schema-graph\">{\"@context\":\"https:\\\/\\\/schema.org\",\"@graph\":[{\"@type\":\"Article\",\"@id\":\"https:\\\/\\\/regiaonews.net.br\\\/2022\\\/2023\\\/09\\\/10\\\/governo-federal-anuncia-r-741-milhoes-para-cidades-do-rs-afetadas-por-ciclone\\\/#article\",\"isPartOf\":{\"@id\":\"https:\\\/\\\/regiaonews.net.br\\\/2022\\\/2023\\\/09\\\/10\\\/governo-federal-anuncia-r-741-milhoes-para-cidades-do-rs-afetadas-por-ciclone\\\/\"},\"author\":{\"name\":\"Roberto\",\"@id\":\"https:\\\/\\\/regiaonews.net.br\\\/2022\\\/#\\\/schema\\\/person\\\/2d205a608a5aa97ac279d7a5e6d89ad8\"},\"headline\":\"Governo Federal anuncia R$ 741 milh\u00f5es para cidades do RS afetadas por ciclone\",\"datePublished\":\"2023-09-11T00:30:29+00:00\",\"dateModified\":\"2023-09-11T00:55:17+00:00\",\"mainEntityOfPage\":{\"@id\":\"https:\\\/\\\/regiaonews.net.br\\\/2022\\\/2023\\\/09\\\/10\\\/governo-federal-anuncia-r-741-milhoes-para-cidades-do-rs-afetadas-por-ciclone\\\/\"},\"wordCount\":621,\"commentCount\":0,\"publisher\":{\"@id\":\"https:\\\/\\\/regiaonews.net.br\\\/2022\\\/#organization\"},\"image\":{\"@id\":\"https:\\\/\\\/regiaonews.net.br\\\/2022\\\/2023\\\/09\\\/10\\\/governo-federal-anuncia-r-741-milhoes-para-cidades-do-rs-afetadas-por-ciclone\\\/#primaryimage\"},\"thumbnailUrl\":\"https:\\\/\\\/regiaonews.net.br\\\/2022\\\/wp-content\\\/uploads\\\/2023\\\/09\\\/53177463144_cb03065c7a_o.jpg\",\"articleSection\":[\"Brasil\",\"Geral\"],\"inLanguage\":\"pt-BR\",\"potentialAction\":[{\"@type\":\"CommentAction\",\"name\":\"Comment\",\"target\":[\"https:\\\/\\\/regiaonews.net.br\\\/2022\\\/2023\\\/09\\\/10\\\/governo-federal-anuncia-r-741-milhoes-para-cidades-do-rs-afetadas-por-ciclone\\\/#respond\"]}]},{\"@type\":\"WebPage\",\"@id\":\"https:\\\/\\\/regiaonews.net.br\\\/2022\\\/2023\\\/09\\\/10\\\/governo-federal-anuncia-r-741-milhoes-para-cidades-do-rs-afetadas-por-ciclone\\\/\",\"url\":\"https:\\\/\\\/regiaonews.net.br\\\/2022\\\/2023\\\/09\\\/10\\\/governo-federal-anuncia-r-741-milhoes-para-cidades-do-rs-afetadas-por-ciclone\\\/\",\"name\":\"Governo Federal anuncia R$ 741 milh\u00f5es para cidades do RS afetadas por ciclone - Regi\u00e3o News\",\"isPartOf\":{\"@id\":\"https:\\\/\\\/regiaonews.net.br\\\/2022\\\/#website\"},\"primaryImageOfPage\":{\"@id\":\"https:\\\/\\\/regiaonews.net.br\\\/2022\\\/2023\\\/09\\\/10\\\/governo-federal-anuncia-r-741-milhoes-para-cidades-do-rs-afetadas-por-ciclone\\\/#primaryimage\"},\"image\":{\"@id\":\"https:\\\/\\\/regiaonews.net.br\\\/2022\\\/2023\\\/09\\\/10\\\/governo-federal-anuncia-r-741-milhoes-para-cidades-do-rs-afetadas-por-ciclone\\\/#primaryimage\"},\"thumbnailUrl\":\"https:\\\/\\\/regiaonews.net.br\\\/2022\\\/wp-content\\\/uploads\\\/2023\\\/09\\\/53177463144_cb03065c7a_o.jpg\",\"datePublished\":\"2023-09-11T00:30:29+00:00\",\"dateModified\":\"2023-09-11T00:55:17+00:00\",\"breadcrumb\":{\"@id\":\"https:\\\/\\\/regiaonews.net.br\\\/2022\\\/2023\\\/09\\\/10\\\/governo-federal-anuncia-r-741-milhoes-para-cidades-do-rs-afetadas-por-ciclone\\\/#breadcrumb\"},\"inLanguage\":\"pt-BR\",\"potentialAction\":[{\"@type\":\"ReadAction\",\"target\":[\"https:\\\/\\\/regiaonews.net.br\\\/2022\\\/2023\\\/09\\\/10\\\/governo-federal-anuncia-r-741-milhoes-para-cidades-do-rs-afetadas-por-ciclone\\\/\"]}]},{\"@type\":\"ImageObject\",\"inLanguage\":\"pt-BR\",\"@id\":\"https:\\\/\\\/regiaonews.net.br\\\/2022\\\/2023\\\/09\\\/10\\\/governo-federal-anuncia-r-741-milhoes-para-cidades-do-rs-afetadas-por-ciclone\\\/#primaryimage\",\"url\":\"https:\\\/\\\/regiaonews.net.br\\\/2022\\\/wp-content\\\/uploads\\\/2023\\\/09\\\/53177463144_cb03065c7a_o.jpg\",\"contentUrl\":\"https:\\\/\\\/regiaonews.net.br\\\/2022\\\/wp-content\\\/uploads\\\/2023\\\/09\\\/53177463144_cb03065c7a_o.jpg\",\"width\":1170,\"height\":700,\"caption\":\"Rio Grande do Sul, 10.09.2023 - Presidente da Rep\u00fablica em Exerc\u00edcio Geraldo Alckmin, visita \u00e1reas destru\u00eddas pelas chuvas no Rio Grande do Sul e anuncia medidas de ajuda. Foto Cadu Gomes\\\/VPR\"},{\"@type\":\"BreadcrumbList\",\"@id\":\"https:\\\/\\\/regiaonews.net.br\\\/2022\\\/2023\\\/09\\\/10\\\/governo-federal-anuncia-r-741-milhoes-para-cidades-do-rs-afetadas-por-ciclone\\\/#breadcrumb\",\"itemListElement\":[{\"@type\":\"ListItem\",\"position\":1,\"name\":\"In\u00edcio\",\"item\":\"https:\\\/\\\/regiaonews.net.br\\\/2022\\\/\"},{\"@type\":\"ListItem\",\"position\":2,\"name\":\"Governo Federal anuncia R$ 741 milh\u00f5es para cidades do RS afetadas por ciclone\"}]},{\"@type\":\"WebSite\",\"@id\":\"https:\\\/\\\/regiaonews.net.br\\\/2022\\\/#website\",\"url\":\"https:\\\/\\\/regiaonews.net.br\\\/2022\\\/\",\"name\":\"Regi\u00e3o News\",\"description\":\"Site de Not\u00edcias de Barretos e regi\u00e3o\",\"publisher\":{\"@id\":\"https:\\\/\\\/regiaonews.net.br\\\/2022\\\/#organization\"},\"potentialAction\":[{\"@type\":\"SearchAction\",\"target\":{\"@type\":\"EntryPoint\",\"urlTemplate\":\"https:\\\/\\\/regiaonews.net.br\\\/2022\\\/?s={search_term_string}\"},\"query-input\":{\"@type\":\"PropertyValueSpecification\",\"valueRequired\":true,\"valueName\":\"search_term_string\"}}],\"inLanguage\":\"pt-BR\"},{\"@type\":\"Organization\",\"@id\":\"https:\\\/\\\/regiaonews.net.br\\\/2022\\\/#organization\",\"name\":\"Regi\u00e3o News\",\"url\":\"https:\\\/\\\/regiaonews.net.br\\\/2022\\\/\",\"logo\":{\"@type\":\"ImageObject\",\"inLanguage\":\"pt-BR\",\"@id\":\"https:\\\/\\\/regiaonews.net.br\\\/2022\\\/#\\\/schema\\\/logo\\\/image\\\/\",\"url\":\"https:\\\/\\\/regiaonews.net.br\\\/2022\\\/wp-content\\\/uploads\\\/2026\\\/03\\\/regiao-13-anos-scaled.jpg\",\"contentUrl\":\"https:\\\/\\\/regiaonews.net.br\\\/2022\\\/wp-content\\\/uploads\\\/2026\\\/03\\\/regiao-13-anos-scaled.jpg\",\"width\":2560,\"height\":635,\"caption\":\"Regi\u00e3o News\"},\"image\":{\"@id\":\"https:\\\/\\\/regiaonews.net.br\\\/2022\\\/#\\\/schema\\\/logo\\\/image\\\/\"}},{\"@type\":\"Person\",\"@id\":\"https:\\\/\\\/regiaonews.net.br\\\/2022\\\/#\\\/schema\\\/person\\\/2d205a608a5aa97ac279d7a5e6d89ad8\",\"name\":\"Roberto\",\"image\":{\"@type\":\"ImageObject\",\"inLanguage\":\"pt-BR\",\"@id\":\"https:\\\/\\\/secure.gravatar.com\\\/avatar\\\/42749d8b712ff9d59ca93dc150494e5b55a44134482993f5baeb97e61b7ecc89?s=96&d=mm&r=g\",\"url\":\"https:\\\/\\\/secure.gravatar.com\\\/avatar\\\/42749d8b712ff9d59ca93dc150494e5b55a44134482993f5baeb97e61b7ecc89?s=96&d=mm&r=g\",\"contentUrl\":\"https:\\\/\\\/secure.gravatar.com\\\/avatar\\\/42749d8b712ff9d59ca93dc150494e5b55a44134482993f5baeb97e61b7ecc89?s=96&d=mm&r=g\",\"caption\":\"Roberto\"},\"url\":\"https:\\\/\\\/regiaonews.net.br\\\/2022\\\/author\\\/roberto\\\/\"}]}<\/script>\n<!-- \/ Yoast SEO plugin. -->","yoast_head_json":{"title":"Governo Federal anuncia R$ 741 milh\u00f5es para cidades do RS afetadas por ciclone - Regi\u00e3o News","robots":{"index":"index","follow":"follow","max-snippet":"max-snippet:-1","max-image-preview":"max-image-preview:large","max-video-preview":"max-video-preview:-1"},"canonical":"https:\/\/regiaonews.net.br\/2022\/2023\/09\/10\/governo-federal-anuncia-r-741-milhoes-para-cidades-do-rs-afetadas-por-ciclone\/","og_locale":"pt_BR","og_type":"article","og_title":"Governo Federal anuncia R$ 741 milh\u00f5es para cidades do RS afetadas por ciclone - Regi\u00e3o News","og_description":"m\u00a9 Cadu Gomes\/VPR Geral O presidente da Rep\u00fablica em exerc\u00edcio,","og_url":"https:\/\/regiaonews.net.br\/2022\/2023\/09\/10\/governo-federal-anuncia-r-741-milhoes-para-cidades-do-rs-afetadas-por-ciclone\/","og_site_name":"Regi\u00e3o News","article_published_time":"2023-09-11T00:30:29+00:00","article_modified_time":"2023-09-11T00:55:17+00:00","og_image":[{"width":1170,"height":700,"url":"https:\/\/regiaonews.net.br\/2022\/wp-content\/uploads\/2023\/09\/53177463144_cb03065c7a_o.jpg","type":"image\/jpeg"}],"author":"Roberto","twitter_card":"summary_large_image","twitter_misc":{"Escrito por":"Roberto","Est. tempo de leitura":"4 minutos"},"schema":{"@context":"https:\/\/schema.org","@graph":[{"@type":"Article","@id":"https:\/\/regiaonews.net.br\/2022\/2023\/09\/10\/governo-federal-anuncia-r-741-milhoes-para-cidades-do-rs-afetadas-por-ciclone\/#article","isPartOf":{"@id":"https:\/\/regiaonews.net.br\/2022\/2023\/09\/10\/governo-federal-anuncia-r-741-milhoes-para-cidades-do-rs-afetadas-por-ciclone\/"},"author":{"name":"Roberto","@id":"https:\/\/regiaonews.net.br\/2022\/#\/schema\/person\/2d205a608a5aa97ac279d7a5e6d89ad8"},"headline":"Governo Federal anuncia R$ 741 milh\u00f5es para cidades do RS afetadas por ciclone","datePublished":"2023-09-11T00:30:29+00:00","dateModified":"2023-09-11T00:55:17+00:00","mainEntityOfPage":{"@id":"https:\/\/regiaonews.net.br\/2022\/2023\/09\/10\/governo-federal-anuncia-r-741-milhoes-para-cidades-do-rs-afetadas-por-ciclone\/"},"wordCount":621,"commentCount":0,"publisher":{"@id":"https:\/\/regiaonews.net.br\/2022\/#organization"},"image":{"@id":"https:\/\/regiaonews.net.br\/2022\/2023\/09\/10\/governo-federal-anuncia-r-741-milhoes-para-cidades-do-rs-afetadas-por-ciclone\/#primaryimage"},"thumbnailUrl":"https:\/\/regiaonews.net.br\/2022\/wp-content\/uploads\/2023\/09\/53177463144_cb03065c7a_o.jpg","articleSection":["Brasil","Geral"],"inLanguage":"pt-BR","potentialAction":[{"@type":"CommentAction","name":"Comment","target":["https:\/\/regiaonews.net.br\/2022\/2023\/09\/10\/governo-federal-anuncia-r-741-milhoes-para-cidades-do-rs-afetadas-por-ciclone\/#respond"]}]},{"@type":"WebPage","@id":"https:\/\/regiaonews.net.br\/2022\/2023\/09\/10\/governo-federal-anuncia-r-741-milhoes-para-cidades-do-rs-afetadas-por-ciclone\/","url":"https:\/\/regiaonews.net.br\/2022\/2023\/09\/10\/governo-federal-anuncia-r-741-milhoes-para-cidades-do-rs-afetadas-por-ciclone\/","name":"Governo Federal anuncia R$ 741 milh\u00f5es para cidades do RS afetadas por ciclone - Regi\u00e3o News","isPartOf":{"@id":"https:\/\/regiaonews.net.br\/2022\/#website"},"primaryImageOfPage":{"@id":"https:\/\/regiaonews.net.br\/2022\/2023\/09\/10\/governo-federal-anuncia-r-741-milhoes-para-cidades-do-rs-afetadas-por-ciclone\/#primaryimage"},"image":{"@id":"https:\/\/regiaonews.net.br\/2022\/2023\/09\/10\/governo-federal-anuncia-r-741-milhoes-para-cidades-do-rs-afetadas-por-ciclone\/#primaryimage"},"thumbnailUrl":"https:\/\/regiaonews.net.br\/2022\/wp-content\/uploads\/2023\/09\/53177463144_cb03065c7a_o.jpg","datePublished":"2023-09-11T00:30:29+00:00","dateModified":"2023-09-11T00:55:17+00:00","breadcrumb":{"@id":"https:\/\/regiaonews.net.br\/2022\/2023\/09\/10\/governo-federal-anuncia-r-741-milhoes-para-cidades-do-rs-afetadas-por-ciclone\/#breadcrumb"},"inLanguage":"pt-BR","potentialAction":[{"@type":"ReadAction","target":["https:\/\/regiaonews.net.br\/2022\/2023\/09\/10\/governo-federal-anuncia-r-741-milhoes-para-cidades-do-rs-afetadas-por-ciclone\/"]}]},{"@type":"ImageObject","inLanguage":"pt-BR","@id":"https:\/\/regiaonews.net.br\/2022\/2023\/09\/10\/governo-federal-anuncia-r-741-milhoes-para-cidades-do-rs-afetadas-por-ciclone\/#primaryimage","url":"https:\/\/regiaonews.net.br\/2022\/wp-content\/uploads\/2023\/09\/53177463144_cb03065c7a_o.jpg","contentUrl":"https:\/\/regiaonews.net.br\/2022\/wp-content\/uploads\/2023\/09\/53177463144_cb03065c7a_o.jpg","width":1170,"height":700,"caption":"Rio Grande do Sul, 10.09.2023 - Presidente da Rep\u00fablica em Exerc\u00edcio Geraldo Alckmin, visita \u00e1reas destru\u00eddas pelas chuvas no Rio Grande do Sul e anuncia medidas de ajuda. Foto Cadu Gomes\/VPR"},{"@type":"BreadcrumbList","@id":"https:\/\/regiaonews.net.br\/2022\/2023\/09\/10\/governo-federal-anuncia-r-741-milhoes-para-cidades-do-rs-afetadas-por-ciclone\/#breadcrumb","itemListElement":[{"@type":"ListItem","position":1,"name":"In\u00edcio","item":"https:\/\/regiaonews.net.br\/2022\/"},{"@type":"ListItem","position":2,"name":"Governo Federal anuncia R$ 741 milh\u00f5es para cidades do RS afetadas por ciclone"}]},{"@type":"WebSite","@id":"https:\/\/regiaonews.net.br\/2022\/#website","url":"https:\/\/regiaonews.net.br\/2022\/","name":"Regi\u00e3o News","description":"Site de Not\u00edcias de Barretos e regi\u00e3o","publisher":{"@id":"https:\/\/regiaonews.net.br\/2022\/#organization"},"potentialAction":[{"@type":"SearchAction","target":{"@type":"EntryPoint","urlTemplate":"https:\/\/regiaonews.net.br\/2022\/?s={search_term_string}"},"query-input":{"@type":"PropertyValueSpecification","valueRequired":true,"valueName":"search_term_string"}}],"inLanguage":"pt-BR"},{"@type":"Organization","@id":"https:\/\/regiaonews.net.br\/2022\/#organization","name":"Regi\u00e3o News","url":"https:\/\/regiaonews.net.br\/2022\/","logo":{"@type":"ImageObject","inLanguage":"pt-BR","@id":"https:\/\/regiaonews.net.br\/2022\/#\/schema\/logo\/image\/","url":"https:\/\/regiaonews.net.br\/2022\/wp-content\/uploads\/2026\/03\/regiao-13-anos-scaled.jpg","contentUrl":"https:\/\/regiaonews.net.br\/2022\/wp-content\/uploads\/2026\/03\/regiao-13-anos-scaled.jpg","width":2560,"height":635,"caption":"Regi\u00e3o News"},"image":{"@id":"https:\/\/regiaonews.net.br\/2022\/#\/schema\/logo\/image\/"}},{"@type":"Person","@id":"https:\/\/regiaonews.net.br\/2022\/#\/schema\/person\/2d205a608a5aa97ac279d7a5e6d89ad8","name":"Roberto","image":{"@type":"ImageObject","inLanguage":"pt-BR","@id":"https:\/\/secure.gravatar.com\/avatar\/42749d8b712ff9d59ca93dc150494e5b55a44134482993f5baeb97e61b7ecc89?s=96&d=mm&r=g","url":"https:\/\/secure.gravatar.com\/avatar\/42749d8b712ff9d59ca93dc150494e5b55a44134482993f5baeb97e61b7ecc89?s=96&d=mm&r=g","contentUrl":"https:\/\/secure.gravatar.com\/avatar\/42749d8b712ff9d59ca93dc150494e5b55a44134482993f5baeb97e61b7ecc89?s=96&d=mm&r=g","caption":"Roberto"},"url":"https:\/\/regiaonews.net.br\/2022\/author\/roberto\/"}]}},"publishpress_future_action":{"enabled":false,"date":"2026-05-04 20:48:56","action":"change-status","newStatus":"draft","terms":[],"taxonomy":"category","extraData":[]},"publishpress_future_workflow_manual_trigger":{"enabledWorkflows":[]},"_links":{"self":[{"href":"https:\/\/regiaonews.net.br\/2022\/wp-json\/wp\/v2\/posts\/94878","targetHints":{"allow":["GET"]}}],"collection":[{"href":"https:\/\/regiaonews.net.br\/2022\/wp-json\/wp\/v2\/posts"}],"about":[{"href":"https:\/\/regiaonews.net.br\/2022\/wp-json\/wp\/v2\/types\/post"}],"author":[{"embeddable":true,"href":"https:\/\/regiaonews.net.br\/2022\/wp-json\/wp\/v2\/users\/2"}],"replies":[{"embeddable":true,"href":"https:\/\/regiaonews.net.br\/2022\/wp-json\/wp\/v2\/comments?post=94878"}],"version-history":[{"count":1,"href":"https:\/\/regiaonews.net.br\/2022\/wp-json\/wp\/v2\/posts\/94878\/revisions"}],"predecessor-version":[{"id":94881,"href":"https:\/\/regiaonews.net.br\/2022\/wp-json\/wp\/v2\/posts\/94878\/revisions\/94881"}],"wp:featuredmedia":[{"embeddable":true,"href":"https:\/\/regiaonews.net.br\/2022\/wp-json\/wp\/v2\/media\/94880"}],"wp:attachment":[{"href":"https:\/\/regiaonews.net.br\/2022\/wp-json\/wp\/v2\/media?parent=94878"}],"wp:term":[{"taxonomy":"category","embeddable":true,"href":"https:\/\/regiaonews.net.br\/2022\/wp-json\/wp\/v2\/categories?post=94878"},{"taxonomy":"post_tag","embeddable":true,"href":"https:\/\/regiaonews.net.br\/2022\/wp-json\/wp\/v2\/tags?post=94878"}],"curies":[{"name":"wp","href":"https:\/\/api.w.org\/{rel}","templated":true}]}}