{"id":94764,"date":"2023-09-07T22:43:17","date_gmt":"2023-09-08T01:43:17","guid":{"rendered":"https:\/\/regiaonews.net.br\/2022\/?p=94764"},"modified":"2023-09-07T22:45:03","modified_gmt":"2023-09-08T01:45:03","slug":"grito-dos-excluidos-acontece-em-todo-o-pais","status":"publish","type":"post","link":"https:\/\/regiaonews.net.br\/2022\/2023\/09\/07\/grito-dos-excluidos-acontece-em-todo-o-pais\/","title":{"rendered":"Grito dos Exclu\u00eddos acontece em todo o pa\u00eds"},"content":{"rendered":"<header class=\"header-static navbar-sticky navbar-light navbar-sticky-on\">\n<nav class=\"navbar\">\n<div class=\"container nav-item dropdown megamenu\">\n<div class=\"offset-1 navbar-brand flex-grow-1\"><\/div>\n<\/div>\n<\/nav>\n<\/header>\n<div class=\"sticky-space\"><\/div>\n<div class=\"container\"><\/div>\n<div class=\"region region-content\">\n<article class=\"container\">\n<div class=\"row\">\n<div class=\"col-lg-12 mb-3\">\n<div class=\"post-image\"><a href=\"https:\/\/agenciabrasil.ebc.com.br\/direitos-humanos\/noticia\/2023-09\/grito-dos-excluidos-diz-que-movimentos-de-base-nao-estao-adormecidos#\"><img decoding=\"async\" id=\"media-346441\" class=\"rounded-lg shadow-sm w-100\" title=\"Rovena Rosa\/Ag\u00eancia Brasil\" src=\"https:\/\/imagens.ebc.com.br\/WyJMWJIsjui5rgJVw7Gvh0KwtIM=\/1170x700\/smart\/https:\/\/agenciabrasil.ebc.com.br\/sites\/default\/files\/thumbnails\/image\/img_9505.jpg?itok=KP4-CWMW\" alt=\"S\u00e3o Paulo (SP), 07\/09\/2023 - Marcha do 29\u00ba Grito dos Exclu\u00eddo e das Exclu\u00eddas na rua Tut\u00f3ia, no Para\u00edso. Foto: Rovena Rosa\/Ag\u00eancia Brasil\" \/>\u00a9 Rovena Rosa\/Ag\u00eancia Brasil<\/a><\/div>\n<\/div>\n<div class=\"col-lg-12 mb-3\">\n<div class=\"row\">\n<div class=\"col-10 offset-1 animated fadeInDown dealy-1100 alt-font text-center\"><\/div>\n<\/div>\n<div class=\"row\">\n<div id=\"tts-container\" class=\"col-xl-7 offset-xl-1 col-lg-8 offset-lg-0 col-md-10 offset-md-1 mb-3\">\n<h4 class=\"alt-font font-italic small text-info text-left\"><\/h4>\n<\/div>\n<\/div>\n<\/div>\n<div class=\"col-xl-7 offset-xl-1 col-lg-8 offset-lg-0 col-md-10 offset-md-1 mb-3\">\n<div class=\"post-item alt-font\">\n<div class=\"post-item-wrap\">\n<p>Integrantes do\u00a029\u00ba Grito\u00a0dos Exclu\u00eddos e das Exclu\u00eddas fizeram nesta quinta-feira (7), em S\u00e3o Paulo, uma caminhada por reivindica\u00e7\u00f5es. A a\u00e7\u00e3o durou cerca de uma hora e meia e reuniu grande n\u00famero de pessoas, inclusive crian\u00e7as, ocorrendo sem problemas ou interrup\u00e7\u00f5es. Eles pediram que o governo federal pare de ceder espa\u00e7o em minist\u00e9rios ao centr\u00e3o (conjunto de partidos pol\u00edticos que n\u00e3o se identificam necessariamente com o governo ou com a oposi\u00e7\u00e3o) .<img decoding=\"async\" src=\"https:\/\/agenciabrasil.ebc.com.br\/ebc.png?id=1553916&amp;o=node\" \/><img decoding=\"async\" src=\"https:\/\/agenciabrasil.ebc.com.br\/ebc.gif?id=1553916&amp;o=node\" \/><\/p>\n<p>Eles se reuniram por volta do meio-dia no Monumento \u00e0s Bandeiras, nas proximidades da Assembleia Legislativa e do Parque Ibirapuera para encerrar o ato.\u00a0V\u00e1rias faixas foram estendidas com\u00a0frases como: &#8220;Independ\u00eancia sem direitos n\u00e3o \u00e9 independ\u00eancia, \u00e9 morte&#8221;. Antes de come\u00e7ar a caminhada, uma lideran\u00e7a do movimento\u00a0afirmou que os movimentos de base n\u00e3o est\u00e3o adormecidos.<\/p>\n<p>O ato contou com a presen\u00e7a de pol\u00edticos, entre eles\u00a0o\u00a0deputado estadual Eduardo Suplicy (PT). O parlamentar\u00a0leu uma uma carta, que disse ter enviado ao presidente Luiz In\u00e1cio Lula da Silva, aproveitando a viagem dele \u00e0 \u00cdndia\u00a0para participar da C\u00fapula do\u00a0G20. Em seguida,\u00a0os grupos que participaram da manifesta\u00e7\u00e3o\u00a0tamb\u00e9m divulgaram o teor da carta que re\u00fane suas reivindica\u00e7\u00f5es.<\/p>\n<p>Em discurso\u00a0durante a marcha, outra\u00a0lideran\u00e7a\u00a0fez\u00a0cr\u00edticas ao governo estadual, de Tarc\u00edsio de Freitas. Uma das reclama\u00e7\u00f5es dizia respeito ao pr\u00f3prio percurso dos manifestantes, que, este ano, n\u00e3o puderam transitar pela Avenida Paulista, o que daria mais visibilidade ao protesto. Ap\u00f3s ordem do governo paulista, houve mudan\u00e7a no itiner\u00e1rio e, por isso, desviaram pelas ruas Dr. Rafael de Barros, Tutoia, Brigadeiro Lu\u00eds Ant\u00f4nio e Marechal Est\u00eanio A. Lima, at\u00e9 chegar ao local de destino.<\/p>\n<p>Em alguns momentos, os manifestantes foram alvo de provoca\u00e7\u00f5es de apoiadores do ex-presidente Jair Bolsonaro. Moradores de pr\u00e9dios agitaram bandeiras do Brasil, ao que os participantes do ato responderam com palavras de ordem, como &#8220;Arreia, arreia, arreia, arreia, arreia. O povo est\u00e1 na rua e Bolsonaro na cadeia&#8221;.<\/p>\n<p>Quadra ap\u00f3s quadra, policiais militares mantiveram a vigil\u00e2ncia sobre os manifestantes. Os agentes formaram um cord\u00e3o nas cal\u00e7adas, empunhando escudos.<\/p>\n<p>Em nota, a Secretaria da Seguran\u00e7a P\u00fablica esclareceu que o policiamento foi refor\u00e7ado na Avenida Paulista e na Pra\u00e7a Oswaldo Cruz, por meio das equipes da For\u00e7a T\u00e1tica, do Comando de Choque e dos batalh\u00f5es de A\u00e7\u00f5es Especiais. Os policiais fizeram o patrulhamento tanto a p\u00e9 quanto em motocicletas e viaturas para garantir a seguran\u00e7a. As equipes do Comando de Policiamento de Tr\u00e2nsito tamb\u00e9m atuaram, em apoio \u00e0 Companhia de Engenharia de Tr\u00e1fego,\u00a0para assegurar o fluxo vi\u00e1rio. Al\u00e9m disso, a Base Comunit\u00e1ria M\u00f3vel foi posicionada na Pra\u00e7a Oswaldo Cruz para adequar melhor o espa\u00e7o a fim de proteger os manifestantes.<\/p>\n<\/div>\n<\/div>\n<\/div>\n<\/div>\n<\/article>\n<\/div>\n","protected":false},"excerpt":{"rendered":"<p>\u00a9 Rovena Rosa\/Ag\u00eancia Brasil Integrantes do\u00a029\u00ba Grito\u00a0dos Exclu\u00eddos e das<\/p>\n","protected":false},"author":2,"featured_media":94765,"comment_status":"open","ping_status":"open","sticky":false,"template":"","format":"standard","meta":{"footnotes":""},"categories":[24,25],"tags":[],"class_list":["post-94764","post","type-post","status-publish","format-standard","has-post-thumbnail","hentry","category-brasil","category-cidades"],"yoast_head":"<!-- This site is optimized with the Yoast SEO plugin v27.4 - https:\/\/yoast.com\/product\/yoast-seo-wordpress\/ -->\n<title>Grito dos Exclu\u00eddos acontece em todo o pa\u00eds<\/title>\n<meta name=\"description\" content=\"Integrantes do\u00a029\u00ba Grito\u00a0dos Exclu\u00eddos e das Exclu\u00eddas fizeram nesta quinta-feira (7), em S\u00e3o Paulo, uma caminhada por reivindica\u00e7\u00f5es.\" \/>\n<meta name=\"robots\" content=\"index, follow, max-snippet:-1, max-image-preview:large, max-video-preview:-1\" \/>\n<link rel=\"canonical\" href=\"https:\/\/regiaonews.net.br\/2022\/2023\/09\/07\/grito-dos-excluidos-acontece-em-todo-o-pais\/\" \/>\n<meta property=\"og:locale\" content=\"pt_BR\" \/>\n<meta property=\"og:type\" content=\"article\" \/>\n<meta property=\"og:title\" content=\"Grito dos Exclu\u00eddos acontece em todo o pa\u00eds\" \/>\n<meta property=\"og:description\" content=\"Integrantes do\u00a029\u00ba Grito\u00a0dos Exclu\u00eddos e das Exclu\u00eddas fizeram nesta quinta-feira (7), em S\u00e3o Paulo, uma caminhada por reivindica\u00e7\u00f5es.\" \/>\n<meta property=\"og:url\" content=\"https:\/\/regiaonews.net.br\/2022\/2023\/09\/07\/grito-dos-excluidos-acontece-em-todo-o-pais\/\" \/>\n<meta property=\"og:site_name\" content=\"Regi\u00e3o News\" \/>\n<meta property=\"article:published_time\" content=\"2023-09-08T01:43:17+00:00\" \/>\n<meta property=\"article:modified_time\" content=\"2023-09-08T01:45:03+00:00\" \/>\n<meta property=\"og:image\" content=\"https:\/\/regiaonews.net.br\/2022\/wp-content\/uploads\/2023\/09\/img_9705.jpg\" \/>\n\t<meta property=\"og:image:width\" content=\"390\" \/>\n\t<meta property=\"og:image:height\" content=\"240\" \/>\n\t<meta property=\"og:image:type\" content=\"image\/jpeg\" \/>\n<meta name=\"author\" content=\"Roberto\" \/>\n<meta name=\"twitter:card\" content=\"summary_large_image\" \/>\n<meta name=\"twitter:label1\" content=\"Escrito por\" \/>\n\t<meta name=\"twitter:data1\" content=\"Roberto\" \/>\n\t<meta name=\"twitter:label2\" content=\"Est. tempo de leitura\" \/>\n\t<meta name=\"twitter:data2\" content=\"4 minutos\" \/>\n<script type=\"application\/ld+json\" class=\"yoast-schema-graph\">{\"@context\":\"https:\\\/\\\/schema.org\",\"@graph\":[{\"@type\":\"Article\",\"@id\":\"https:\\\/\\\/regiaonews.net.br\\\/2022\\\/2023\\\/09\\\/07\\\/grito-dos-excluidos-acontece-em-todo-o-pais\\\/#article\",\"isPartOf\":{\"@id\":\"https:\\\/\\\/regiaonews.net.br\\\/2022\\\/2023\\\/09\\\/07\\\/grito-dos-excluidos-acontece-em-todo-o-pais\\\/\"},\"author\":{\"name\":\"Roberto\",\"@id\":\"https:\\\/\\\/regiaonews.net.br\\\/2022\\\/#\\\/schema\\\/person\\\/2d205a608a5aa97ac279d7a5e6d89ad8\"},\"headline\":\"Grito dos Exclu\u00eddos acontece em todo o pa\u00eds\",\"datePublished\":\"2023-09-08T01:43:17+00:00\",\"dateModified\":\"2023-09-08T01:45:03+00:00\",\"mainEntityOfPage\":{\"@id\":\"https:\\\/\\\/regiaonews.net.br\\\/2022\\\/2023\\\/09\\\/07\\\/grito-dos-excluidos-acontece-em-todo-o-pais\\\/\"},\"wordCount\":512,\"commentCount\":0,\"publisher\":{\"@id\":\"https:\\\/\\\/regiaonews.net.br\\\/2022\\\/#organization\"},\"image\":{\"@id\":\"https:\\\/\\\/regiaonews.net.br\\\/2022\\\/2023\\\/09\\\/07\\\/grito-dos-excluidos-acontece-em-todo-o-pais\\\/#primaryimage\"},\"thumbnailUrl\":\"https:\\\/\\\/regiaonews.net.br\\\/2022\\\/wp-content\\\/uploads\\\/2023\\\/09\\\/img_9705.jpg\",\"articleSection\":[\"Brasil\",\"Cidades\"],\"inLanguage\":\"pt-BR\",\"potentialAction\":[{\"@type\":\"CommentAction\",\"name\":\"Comment\",\"target\":[\"https:\\\/\\\/regiaonews.net.br\\\/2022\\\/2023\\\/09\\\/07\\\/grito-dos-excluidos-acontece-em-todo-o-pais\\\/#respond\"]}]},{\"@type\":\"WebPage\",\"@id\":\"https:\\\/\\\/regiaonews.net.br\\\/2022\\\/2023\\\/09\\\/07\\\/grito-dos-excluidos-acontece-em-todo-o-pais\\\/\",\"url\":\"https:\\\/\\\/regiaonews.net.br\\\/2022\\\/2023\\\/09\\\/07\\\/grito-dos-excluidos-acontece-em-todo-o-pais\\\/\",\"name\":\"Grito dos Exclu\u00eddos acontece em todo o pa\u00eds\",\"isPartOf\":{\"@id\":\"https:\\\/\\\/regiaonews.net.br\\\/2022\\\/#website\"},\"primaryImageOfPage\":{\"@id\":\"https:\\\/\\\/regiaonews.net.br\\\/2022\\\/2023\\\/09\\\/07\\\/grito-dos-excluidos-acontece-em-todo-o-pais\\\/#primaryimage\"},\"image\":{\"@id\":\"https:\\\/\\\/regiaonews.net.br\\\/2022\\\/2023\\\/09\\\/07\\\/grito-dos-excluidos-acontece-em-todo-o-pais\\\/#primaryimage\"},\"thumbnailUrl\":\"https:\\\/\\\/regiaonews.net.br\\\/2022\\\/wp-content\\\/uploads\\\/2023\\\/09\\\/img_9705.jpg\",\"datePublished\":\"2023-09-08T01:43:17+00:00\",\"dateModified\":\"2023-09-08T01:45:03+00:00\",\"description\":\"Integrantes do\u00a029\u00ba Grito\u00a0dos Exclu\u00eddos e das Exclu\u00eddas fizeram nesta quinta-feira (7), em S\u00e3o Paulo, uma caminhada por reivindica\u00e7\u00f5es.\",\"breadcrumb\":{\"@id\":\"https:\\\/\\\/regiaonews.net.br\\\/2022\\\/2023\\\/09\\\/07\\\/grito-dos-excluidos-acontece-em-todo-o-pais\\\/#breadcrumb\"},\"inLanguage\":\"pt-BR\",\"potentialAction\":[{\"@type\":\"ReadAction\",\"target\":[\"https:\\\/\\\/regiaonews.net.br\\\/2022\\\/2023\\\/09\\\/07\\\/grito-dos-excluidos-acontece-em-todo-o-pais\\\/\"]}]},{\"@type\":\"ImageObject\",\"inLanguage\":\"pt-BR\",\"@id\":\"https:\\\/\\\/regiaonews.net.br\\\/2022\\\/2023\\\/09\\\/07\\\/grito-dos-excluidos-acontece-em-todo-o-pais\\\/#primaryimage\",\"url\":\"https:\\\/\\\/regiaonews.net.br\\\/2022\\\/wp-content\\\/uploads\\\/2023\\\/09\\\/img_9705.jpg\",\"contentUrl\":\"https:\\\/\\\/regiaonews.net.br\\\/2022\\\/wp-content\\\/uploads\\\/2023\\\/09\\\/img_9705.jpg\",\"width\":390,\"height\":240,\"caption\":\"29\u00ba Grito dos Exclu\u00eddos e das Exclu\u00eddas\"},{\"@type\":\"BreadcrumbList\",\"@id\":\"https:\\\/\\\/regiaonews.net.br\\\/2022\\\/2023\\\/09\\\/07\\\/grito-dos-excluidos-acontece-em-todo-o-pais\\\/#breadcrumb\",\"itemListElement\":[{\"@type\":\"ListItem\",\"position\":1,\"name\":\"In\u00edcio\",\"item\":\"https:\\\/\\\/regiaonews.net.br\\\/2022\\\/\"},{\"@type\":\"ListItem\",\"position\":2,\"name\":\"Grito dos Exclu\u00eddos acontece em todo o pa\u00eds\"}]},{\"@type\":\"WebSite\",\"@id\":\"https:\\\/\\\/regiaonews.net.br\\\/2022\\\/#website\",\"url\":\"https:\\\/\\\/regiaonews.net.br\\\/2022\\\/\",\"name\":\"Regi\u00e3o News\",\"description\":\"Site de Not\u00edcias de Barretos e regi\u00e3o\",\"publisher\":{\"@id\":\"https:\\\/\\\/regiaonews.net.br\\\/2022\\\/#organization\"},\"potentialAction\":[{\"@type\":\"SearchAction\",\"target\":{\"@type\":\"EntryPoint\",\"urlTemplate\":\"https:\\\/\\\/regiaonews.net.br\\\/2022\\\/?s={search_term_string}\"},\"query-input\":{\"@type\":\"PropertyValueSpecification\",\"valueRequired\":true,\"valueName\":\"search_term_string\"}}],\"inLanguage\":\"pt-BR\"},{\"@type\":\"Organization\",\"@id\":\"https:\\\/\\\/regiaonews.net.br\\\/2022\\\/#organization\",\"name\":\"Regi\u00e3o News\",\"url\":\"https:\\\/\\\/regiaonews.net.br\\\/2022\\\/\",\"logo\":{\"@type\":\"ImageObject\",\"inLanguage\":\"pt-BR\",\"@id\":\"https:\\\/\\\/regiaonews.net.br\\\/2022\\\/#\\\/schema\\\/logo\\\/image\\\/\",\"url\":\"https:\\\/\\\/regiaonews.net.br\\\/2022\\\/wp-content\\\/uploads\\\/2026\\\/03\\\/regiao-13-anos-scaled.jpg\",\"contentUrl\":\"https:\\\/\\\/regiaonews.net.br\\\/2022\\\/wp-content\\\/uploads\\\/2026\\\/03\\\/regiao-13-anos-scaled.jpg\",\"width\":2560,\"height\":635,\"caption\":\"Regi\u00e3o News\"},\"image\":{\"@id\":\"https:\\\/\\\/regiaonews.net.br\\\/2022\\\/#\\\/schema\\\/logo\\\/image\\\/\"}},{\"@type\":\"Person\",\"@id\":\"https:\\\/\\\/regiaonews.net.br\\\/2022\\\/#\\\/schema\\\/person\\\/2d205a608a5aa97ac279d7a5e6d89ad8\",\"name\":\"Roberto\",\"image\":{\"@type\":\"ImageObject\",\"inLanguage\":\"pt-BR\",\"@id\":\"https:\\\/\\\/secure.gravatar.com\\\/avatar\\\/42749d8b712ff9d59ca93dc150494e5b55a44134482993f5baeb97e61b7ecc89?s=96&d=mm&r=g\",\"url\":\"https:\\\/\\\/secure.gravatar.com\\\/avatar\\\/42749d8b712ff9d59ca93dc150494e5b55a44134482993f5baeb97e61b7ecc89?s=96&d=mm&r=g\",\"contentUrl\":\"https:\\\/\\\/secure.gravatar.com\\\/avatar\\\/42749d8b712ff9d59ca93dc150494e5b55a44134482993f5baeb97e61b7ecc89?s=96&d=mm&r=g\",\"caption\":\"Roberto\"},\"url\":\"https:\\\/\\\/regiaonews.net.br\\\/2022\\\/author\\\/roberto\\\/\"}]}<\/script>\n<!-- \/ Yoast SEO plugin. -->","yoast_head_json":{"title":"Grito dos Exclu\u00eddos acontece em todo o pa\u00eds","description":"Integrantes do\u00a029\u00ba Grito\u00a0dos Exclu\u00eddos e das Exclu\u00eddas fizeram nesta quinta-feira (7), em S\u00e3o Paulo, uma caminhada por reivindica\u00e7\u00f5es.","robots":{"index":"index","follow":"follow","max-snippet":"max-snippet:-1","max-image-preview":"max-image-preview:large","max-video-preview":"max-video-preview:-1"},"canonical":"https:\/\/regiaonews.net.br\/2022\/2023\/09\/07\/grito-dos-excluidos-acontece-em-todo-o-pais\/","og_locale":"pt_BR","og_type":"article","og_title":"Grito dos Exclu\u00eddos acontece em todo o pa\u00eds","og_description":"Integrantes do\u00a029\u00ba Grito\u00a0dos Exclu\u00eddos e das Exclu\u00eddas fizeram nesta quinta-feira (7), em S\u00e3o Paulo, uma caminhada por reivindica\u00e7\u00f5es.","og_url":"https:\/\/regiaonews.net.br\/2022\/2023\/09\/07\/grito-dos-excluidos-acontece-em-todo-o-pais\/","og_site_name":"Regi\u00e3o News","article_published_time":"2023-09-08T01:43:17+00:00","article_modified_time":"2023-09-08T01:45:03+00:00","og_image":[{"width":390,"height":240,"url":"https:\/\/regiaonews.net.br\/2022\/wp-content\/uploads\/2023\/09\/img_9705.jpg","type":"image\/jpeg"}],"author":"Roberto","twitter_card":"summary_large_image","twitter_misc":{"Escrito por":"Roberto","Est. tempo de leitura":"4 minutos"},"schema":{"@context":"https:\/\/schema.org","@graph":[{"@type":"Article","@id":"https:\/\/regiaonews.net.br\/2022\/2023\/09\/07\/grito-dos-excluidos-acontece-em-todo-o-pais\/#article","isPartOf":{"@id":"https:\/\/regiaonews.net.br\/2022\/2023\/09\/07\/grito-dos-excluidos-acontece-em-todo-o-pais\/"},"author":{"name":"Roberto","@id":"https:\/\/regiaonews.net.br\/2022\/#\/schema\/person\/2d205a608a5aa97ac279d7a5e6d89ad8"},"headline":"Grito dos Exclu\u00eddos acontece em todo o pa\u00eds","datePublished":"2023-09-08T01:43:17+00:00","dateModified":"2023-09-08T01:45:03+00:00","mainEntityOfPage":{"@id":"https:\/\/regiaonews.net.br\/2022\/2023\/09\/07\/grito-dos-excluidos-acontece-em-todo-o-pais\/"},"wordCount":512,"commentCount":0,"publisher":{"@id":"https:\/\/regiaonews.net.br\/2022\/#organization"},"image":{"@id":"https:\/\/regiaonews.net.br\/2022\/2023\/09\/07\/grito-dos-excluidos-acontece-em-todo-o-pais\/#primaryimage"},"thumbnailUrl":"https:\/\/regiaonews.net.br\/2022\/wp-content\/uploads\/2023\/09\/img_9705.jpg","articleSection":["Brasil","Cidades"],"inLanguage":"pt-BR","potentialAction":[{"@type":"CommentAction","name":"Comment","target":["https:\/\/regiaonews.net.br\/2022\/2023\/09\/07\/grito-dos-excluidos-acontece-em-todo-o-pais\/#respond"]}]},{"@type":"WebPage","@id":"https:\/\/regiaonews.net.br\/2022\/2023\/09\/07\/grito-dos-excluidos-acontece-em-todo-o-pais\/","url":"https:\/\/regiaonews.net.br\/2022\/2023\/09\/07\/grito-dos-excluidos-acontece-em-todo-o-pais\/","name":"Grito dos Exclu\u00eddos acontece em todo o pa\u00eds","isPartOf":{"@id":"https:\/\/regiaonews.net.br\/2022\/#website"},"primaryImageOfPage":{"@id":"https:\/\/regiaonews.net.br\/2022\/2023\/09\/07\/grito-dos-excluidos-acontece-em-todo-o-pais\/#primaryimage"},"image":{"@id":"https:\/\/regiaonews.net.br\/2022\/2023\/09\/07\/grito-dos-excluidos-acontece-em-todo-o-pais\/#primaryimage"},"thumbnailUrl":"https:\/\/regiaonews.net.br\/2022\/wp-content\/uploads\/2023\/09\/img_9705.jpg","datePublished":"2023-09-08T01:43:17+00:00","dateModified":"2023-09-08T01:45:03+00:00","description":"Integrantes do\u00a029\u00ba Grito\u00a0dos Exclu\u00eddos e das Exclu\u00eddas fizeram nesta quinta-feira (7), em S\u00e3o Paulo, uma caminhada por reivindica\u00e7\u00f5es.","breadcrumb":{"@id":"https:\/\/regiaonews.net.br\/2022\/2023\/09\/07\/grito-dos-excluidos-acontece-em-todo-o-pais\/#breadcrumb"},"inLanguage":"pt-BR","potentialAction":[{"@type":"ReadAction","target":["https:\/\/regiaonews.net.br\/2022\/2023\/09\/07\/grito-dos-excluidos-acontece-em-todo-o-pais\/"]}]},{"@type":"ImageObject","inLanguage":"pt-BR","@id":"https:\/\/regiaonews.net.br\/2022\/2023\/09\/07\/grito-dos-excluidos-acontece-em-todo-o-pais\/#primaryimage","url":"https:\/\/regiaonews.net.br\/2022\/wp-content\/uploads\/2023\/09\/img_9705.jpg","contentUrl":"https:\/\/regiaonews.net.br\/2022\/wp-content\/uploads\/2023\/09\/img_9705.jpg","width":390,"height":240,"caption":"29\u00ba Grito dos Exclu\u00eddos e das Exclu\u00eddas"},{"@type":"BreadcrumbList","@id":"https:\/\/regiaonews.net.br\/2022\/2023\/09\/07\/grito-dos-excluidos-acontece-em-todo-o-pais\/#breadcrumb","itemListElement":[{"@type":"ListItem","position":1,"name":"In\u00edcio","item":"https:\/\/regiaonews.net.br\/2022\/"},{"@type":"ListItem","position":2,"name":"Grito dos Exclu\u00eddos acontece em todo o pa\u00eds"}]},{"@type":"WebSite","@id":"https:\/\/regiaonews.net.br\/2022\/#website","url":"https:\/\/regiaonews.net.br\/2022\/","name":"Regi\u00e3o News","description":"Site de Not\u00edcias de Barretos e regi\u00e3o","publisher":{"@id":"https:\/\/regiaonews.net.br\/2022\/#organization"},"potentialAction":[{"@type":"SearchAction","target":{"@type":"EntryPoint","urlTemplate":"https:\/\/regiaonews.net.br\/2022\/?s={search_term_string}"},"query-input":{"@type":"PropertyValueSpecification","valueRequired":true,"valueName":"search_term_string"}}],"inLanguage":"pt-BR"},{"@type":"Organization","@id":"https:\/\/regiaonews.net.br\/2022\/#organization","name":"Regi\u00e3o News","url":"https:\/\/regiaonews.net.br\/2022\/","logo":{"@type":"ImageObject","inLanguage":"pt-BR","@id":"https:\/\/regiaonews.net.br\/2022\/#\/schema\/logo\/image\/","url":"https:\/\/regiaonews.net.br\/2022\/wp-content\/uploads\/2026\/03\/regiao-13-anos-scaled.jpg","contentUrl":"https:\/\/regiaonews.net.br\/2022\/wp-content\/uploads\/2026\/03\/regiao-13-anos-scaled.jpg","width":2560,"height":635,"caption":"Regi\u00e3o News"},"image":{"@id":"https:\/\/regiaonews.net.br\/2022\/#\/schema\/logo\/image\/"}},{"@type":"Person","@id":"https:\/\/regiaonews.net.br\/2022\/#\/schema\/person\/2d205a608a5aa97ac279d7a5e6d89ad8","name":"Roberto","image":{"@type":"ImageObject","inLanguage":"pt-BR","@id":"https:\/\/secure.gravatar.com\/avatar\/42749d8b712ff9d59ca93dc150494e5b55a44134482993f5baeb97e61b7ecc89?s=96&d=mm&r=g","url":"https:\/\/secure.gravatar.com\/avatar\/42749d8b712ff9d59ca93dc150494e5b55a44134482993f5baeb97e61b7ecc89?s=96&d=mm&r=g","contentUrl":"https:\/\/secure.gravatar.com\/avatar\/42749d8b712ff9d59ca93dc150494e5b55a44134482993f5baeb97e61b7ecc89?s=96&d=mm&r=g","caption":"Roberto"},"url":"https:\/\/regiaonews.net.br\/2022\/author\/roberto\/"}]}},"publishpress_future_action":{"enabled":false,"date":"2026-05-03 16:05:58","action":"change-status","newStatus":"draft","terms":[],"taxonomy":"category","extraData":[]},"publishpress_future_workflow_manual_trigger":{"enabledWorkflows":[]},"_links":{"self":[{"href":"https:\/\/regiaonews.net.br\/2022\/wp-json\/wp\/v2\/posts\/94764","targetHints":{"allow":["GET"]}}],"collection":[{"href":"https:\/\/regiaonews.net.br\/2022\/wp-json\/wp\/v2\/posts"}],"about":[{"href":"https:\/\/regiaonews.net.br\/2022\/wp-json\/wp\/v2\/types\/post"}],"author":[{"embeddable":true,"href":"https:\/\/regiaonews.net.br\/2022\/wp-json\/wp\/v2\/users\/2"}],"replies":[{"embeddable":true,"href":"https:\/\/regiaonews.net.br\/2022\/wp-json\/wp\/v2\/comments?post=94764"}],"version-history":[{"count":1,"href":"https:\/\/regiaonews.net.br\/2022\/wp-json\/wp\/v2\/posts\/94764\/revisions"}],"predecessor-version":[{"id":94766,"href":"https:\/\/regiaonews.net.br\/2022\/wp-json\/wp\/v2\/posts\/94764\/revisions\/94766"}],"wp:featuredmedia":[{"embeddable":true,"href":"https:\/\/regiaonews.net.br\/2022\/wp-json\/wp\/v2\/media\/94765"}],"wp:attachment":[{"href":"https:\/\/regiaonews.net.br\/2022\/wp-json\/wp\/v2\/media?parent=94764"}],"wp:term":[{"taxonomy":"category","embeddable":true,"href":"https:\/\/regiaonews.net.br\/2022\/wp-json\/wp\/v2\/categories?post=94764"},{"taxonomy":"post_tag","embeddable":true,"href":"https:\/\/regiaonews.net.br\/2022\/wp-json\/wp\/v2\/tags?post=94764"}],"curies":[{"name":"wp","href":"https:\/\/api.w.org\/{rel}","templated":true}]}}