{"id":94762,"date":"2023-09-07T22:33:33","date_gmt":"2023-09-08T01:33:33","guid":{"rendered":"https:\/\/regiaonews.net.br\/2022\/?p=94762"},"modified":"2023-09-08T15:16:34","modified_gmt":"2023-09-08T18:16:34","slug":"mortes-no-rio-grande-do-sul-chegam-a-41-por-causa-de-ciclone","status":"publish","type":"post","link":"https:\/\/regiaonews.net.br\/2022\/2023\/09\/07\/mortes-no-rio-grande-do-sul-chegam-a-41-por-causa-de-ciclone\/","title":{"rendered":"Mortes no Rio Grande do Sul chegam a 41 por causa de ciclone"},"content":{"rendered":"<div class=\"col-lg-12 mb-3\">\n<div class=\"row\">\n<h2 class=\"col-10 offset-1 animated fadeInDown dealy-750 display-6 display-md-4 display-lg-5 font-weight-bold alt-font text-center my-1\"><\/h2>\n<\/div>\n<div class=\"row\">\n<div id=\"tts-container\" class=\"col-xl-7 offset-xl-1 col-lg-8 offset-lg-0 col-md-10 offset-md-1 mb-3\"><\/div>\n<\/div>\n<\/div>\n<div class=\"col-xl-7 offset-xl-1 col-lg-8 offset-lg-0 col-md-10 offset-md-1 mb-3\">\n<div class=\"post-item alt-font\">\n<div class=\"post-item-wrap\">\n<p>O governo do Rio Grande do Sul informou que o n\u00famero de mortos subiu para 41 em raz\u00e3o das enchentes que atingiram dezenas de cidades. Os dados foram divulgados \u00e0s 19h desta quinta-feira (7).\u00a0<img decoding=\"async\" src=\"https:\/\/agenciabrasil.ebc.com.br\/ebc.png?id=1553992&amp;o=node\" \/><img decoding=\"async\" src=\"https:\/\/agenciabrasil.ebc.com.br\/ebc.gif?id=1553992&amp;o=node\" \/><\/p>\n<p>Das 41 mortes, a maioria, 15, foi\u00a0registrada\u00a0na cidade de Mu\u00e7um. Os demais \u00f3bitos ocorreram em Roca Sales (10), Cruzeiro do Sul (quatro), Lajeado (tr\u00eas), Ibiraiaras\u00a0(duas), Estrela (duas) e Encantado, Imigrante, Mato Castelhano, Passo Fundo e Santa Tereza (uma morte em cada cidade).<\/p>\n<p>De acordo com governo estadual, 25 pessoas permanecem desaparecidas. Os desabrigados somam 2.944 e os desalojados, 7.607. No total, 122.992 foram atingidas\u00a0de alguma forma\u00a0pelas chuvas fortes causadas pela passagem de um ciclone extratropical.<\/p>\n<p>O n\u00famero de munic\u00edpios tamb\u00e9m aumentou para 83. Mais cedo, o governo federal\u00a0<a href=\"https:\/\/agenciabrasil.ebc.com.br\/geral\/noticia\/2023-09\/governo-federal-reconhece-estado-de-calamidade-de-79-cidades-no-rs\" target=\"_blank\" rel=\"noopener\">reconheceu o estado de calamidade p\u00fablica em 79 cidades<\/a>.<\/p>\n<p>Rodovias bloqueadas<\/p>\n<p>O estado tem, pelo menos, 16 rodovias com\u00a0<a href=\"https:\/\/agenciabrasil.ebc.com.br\/geral\/noticia\/2023-09\/rio-grande-do-sul-tem-16-rodovias-bloqueadas-por-causa-das-chuvas\" target=\"_blank\" rel=\"noopener\">bloqueios totais ou parciais<\/a>\u00a0por causa das fortes chuvas, conforme \u00faltimo balan\u00e7o divulgado pelo governo do estado na manh\u00e3 desta quinta-feira (7).<\/p>\n<p>De acordo com o Departamento Aut\u00f4nomo de Estradas de Rodagem (Daer), a Empresa Ga\u00facha de Rodovias (EGR) e a Brigada Militar, duas pontes foram destru\u00eddas pelas chuvas:\u00a0uma na ERS-448, entre Farroupilha e Nova Roma do Sul;\u00a0e a outra na ERS-431, em Bento Gon\u00e7alves, no limite com S\u00e3o Valentim do Sul.\u00a0 V\u00e1rias pistas est\u00e3o alagadas no estado em raz\u00e3o do transbordamento dos rios pelo excesso de \u00e1gua.<\/p>\n<p>Pessoas ilhadas<\/p>\n<p>A Marinha do Brasil informou que est\u00e1 apoiando\u00a0o resgate de pessoas que estavam\u00a0<a href=\"https:\/\/agenciabrasil.ebc.com.br\/geral\/noticia\/2023-09\/marinha-resgata-pessoas-ilhadas-no-rio-grande-do-sul-apos-ciclone\" target=\"_blank\" rel=\"noopener\">ilhadas no telhado de casas e em pr\u00e9dios<\/a>. As embarca\u00e7\u00f5es tamb\u00e9m fazem o transporte de material de apoio e suprimento para as v\u00edtimas.<\/p>\n<p>Fonte &#8211; Ag\u00eancia Brasil<\/p>\n<p>Foto &#8211; Marinha do Brasil<\/p>\n<\/div>\n<\/div>\n<\/div>\n","protected":false},"excerpt":{"rendered":"<p>O governo do Rio Grande do Sul informou que o<\/p>\n","protected":false},"author":2,"featured_media":94783,"comment_status":"open","ping_status":"open","sticky":false,"template":"","format":"standard","meta":{"footnotes":""},"categories":[24,25],"tags":[],"class_list":["post-94762","post","type-post","status-publish","format-standard","has-post-thumbnail","hentry","category-brasil","category-cidades"],"yoast_head":"<!-- This site is optimized with the Yoast SEO plugin v27.4 - https:\/\/yoast.com\/product\/yoast-seo-wordpress\/ -->\n<title>Mortes no Rio Grande do Sul chegam a 41 por causa de ciclone<\/title>\n<meta name=\"description\" content=\"O governo do Rio Grande do Sul informou que o n\u00famero de mortos subiu para 41 em raz\u00e3o das enchentes que atingiram dezenas de cidades.\" \/>\n<meta name=\"robots\" content=\"index, follow, max-snippet:-1, max-image-preview:large, max-video-preview:-1\" \/>\n<link rel=\"canonical\" href=\"https:\/\/regiaonews.net.br\/2022\/2023\/09\/07\/mortes-no-rio-grande-do-sul-chegam-a-41-por-causa-de-ciclone\/\" \/>\n<meta property=\"og:locale\" content=\"pt_BR\" \/>\n<meta property=\"og:type\" content=\"article\" \/>\n<meta property=\"og:title\" content=\"Mortes no Rio Grande do Sul chegam a 41 por causa de ciclone\" \/>\n<meta property=\"og:description\" content=\"O governo do Rio Grande do Sul informou que o n\u00famero de mortos subiu para 41 em raz\u00e3o das enchentes que atingiram dezenas de cidades.\" \/>\n<meta property=\"og:url\" content=\"https:\/\/regiaonews.net.br\/2022\/2023\/09\/07\/mortes-no-rio-grande-do-sul-chegam-a-41-por-causa-de-ciclone\/\" \/>\n<meta property=\"og:site_name\" content=\"Regi\u00e3o News\" \/>\n<meta property=\"article:published_time\" content=\"2023-09-08T01:33:33+00:00\" \/>\n<meta property=\"article:modified_time\" content=\"2023-09-08T18:16:34+00:00\" \/>\n<meta property=\"og:image\" content=\"https:\/\/regiaonews.net.br\/2022\/wp-content\/uploads\/2023\/09\/chuvas.jpg\" \/>\n\t<meta property=\"og:image:width\" content=\"1170\" \/>\n\t<meta property=\"og:image:height\" content=\"700\" \/>\n\t<meta property=\"og:image:type\" content=\"image\/jpeg\" \/>\n<meta name=\"author\" content=\"Roberto\" \/>\n<meta name=\"twitter:card\" content=\"summary_large_image\" \/>\n<meta name=\"twitter:label1\" content=\"Escrito por\" \/>\n\t<meta name=\"twitter:data1\" content=\"Roberto\" \/>\n\t<meta name=\"twitter:label2\" content=\"Est. tempo de leitura\" \/>\n\t<meta name=\"twitter:data2\" content=\"2 minutos\" \/>\n<script type=\"application\/ld+json\" class=\"yoast-schema-graph\">{\"@context\":\"https:\\\/\\\/schema.org\",\"@graph\":[{\"@type\":\"Article\",\"@id\":\"https:\\\/\\\/regiaonews.net.br\\\/2022\\\/2023\\\/09\\\/07\\\/mortes-no-rio-grande-do-sul-chegam-a-41-por-causa-de-ciclone\\\/#article\",\"isPartOf\":{\"@id\":\"https:\\\/\\\/regiaonews.net.br\\\/2022\\\/2023\\\/09\\\/07\\\/mortes-no-rio-grande-do-sul-chegam-a-41-por-causa-de-ciclone\\\/\"},\"author\":{\"name\":\"Roberto\",\"@id\":\"https:\\\/\\\/regiaonews.net.br\\\/2022\\\/#\\\/schema\\\/person\\\/2d205a608a5aa97ac279d7a5e6d89ad8\"},\"headline\":\"Mortes no Rio Grande do Sul chegam a 41 por causa de ciclone\",\"datePublished\":\"2023-09-08T01:33:33+00:00\",\"dateModified\":\"2023-09-08T18:16:34+00:00\",\"mainEntityOfPage\":{\"@id\":\"https:\\\/\\\/regiaonews.net.br\\\/2022\\\/2023\\\/09\\\/07\\\/mortes-no-rio-grande-do-sul-chegam-a-41-por-causa-de-ciclone\\\/\"},\"wordCount\":305,\"commentCount\":0,\"publisher\":{\"@id\":\"https:\\\/\\\/regiaonews.net.br\\\/2022\\\/#organization\"},\"image\":{\"@id\":\"https:\\\/\\\/regiaonews.net.br\\\/2022\\\/2023\\\/09\\\/07\\\/mortes-no-rio-grande-do-sul-chegam-a-41-por-causa-de-ciclone\\\/#primaryimage\"},\"thumbnailUrl\":\"https:\\\/\\\/regiaonews.net.br\\\/2022\\\/wp-content\\\/uploads\\\/2023\\\/09\\\/chuvas.jpg\",\"articleSection\":[\"Brasil\",\"Cidades\"],\"inLanguage\":\"pt-BR\",\"potentialAction\":[{\"@type\":\"CommentAction\",\"name\":\"Comment\",\"target\":[\"https:\\\/\\\/regiaonews.net.br\\\/2022\\\/2023\\\/09\\\/07\\\/mortes-no-rio-grande-do-sul-chegam-a-41-por-causa-de-ciclone\\\/#respond\"]}]},{\"@type\":\"WebPage\",\"@id\":\"https:\\\/\\\/regiaonews.net.br\\\/2022\\\/2023\\\/09\\\/07\\\/mortes-no-rio-grande-do-sul-chegam-a-41-por-causa-de-ciclone\\\/\",\"url\":\"https:\\\/\\\/regiaonews.net.br\\\/2022\\\/2023\\\/09\\\/07\\\/mortes-no-rio-grande-do-sul-chegam-a-41-por-causa-de-ciclone\\\/\",\"name\":\"Mortes no Rio Grande do Sul chegam a 41 por causa de ciclone\",\"isPartOf\":{\"@id\":\"https:\\\/\\\/regiaonews.net.br\\\/2022\\\/#website\"},\"primaryImageOfPage\":{\"@id\":\"https:\\\/\\\/regiaonews.net.br\\\/2022\\\/2023\\\/09\\\/07\\\/mortes-no-rio-grande-do-sul-chegam-a-41-por-causa-de-ciclone\\\/#primaryimage\"},\"image\":{\"@id\":\"https:\\\/\\\/regiaonews.net.br\\\/2022\\\/2023\\\/09\\\/07\\\/mortes-no-rio-grande-do-sul-chegam-a-41-por-causa-de-ciclone\\\/#primaryimage\"},\"thumbnailUrl\":\"https:\\\/\\\/regiaonews.net.br\\\/2022\\\/wp-content\\\/uploads\\\/2023\\\/09\\\/chuvas.jpg\",\"datePublished\":\"2023-09-08T01:33:33+00:00\",\"dateModified\":\"2023-09-08T18:16:34+00:00\",\"description\":\"O governo do Rio Grande do Sul informou que o n\u00famero de mortos subiu para 41 em raz\u00e3o das enchentes que atingiram dezenas de cidades.\",\"breadcrumb\":{\"@id\":\"https:\\\/\\\/regiaonews.net.br\\\/2022\\\/2023\\\/09\\\/07\\\/mortes-no-rio-grande-do-sul-chegam-a-41-por-causa-de-ciclone\\\/#breadcrumb\"},\"inLanguage\":\"pt-BR\",\"potentialAction\":[{\"@type\":\"ReadAction\",\"target\":[\"https:\\\/\\\/regiaonews.net.br\\\/2022\\\/2023\\\/09\\\/07\\\/mortes-no-rio-grande-do-sul-chegam-a-41-por-causa-de-ciclone\\\/\"]}]},{\"@type\":\"ImageObject\",\"inLanguage\":\"pt-BR\",\"@id\":\"https:\\\/\\\/regiaonews.net.br\\\/2022\\\/2023\\\/09\\\/07\\\/mortes-no-rio-grande-do-sul-chegam-a-41-por-causa-de-ciclone\\\/#primaryimage\",\"url\":\"https:\\\/\\\/regiaonews.net.br\\\/2022\\\/wp-content\\\/uploads\\\/2023\\\/09\\\/chuvas.jpg\",\"contentUrl\":\"https:\\\/\\\/regiaonews.net.br\\\/2022\\\/wp-content\\\/uploads\\\/2023\\\/09\\\/chuvas.jpg\",\"width\":1170,\"height\":700,\"caption\":\"Rio Grande do Sul \u2013 Ciclone \u2013 Sobrevoo, assist\u00eancia e resgate de pessoas ilhadas em Bom Retiro do Sul (RS). Foto: Marinha do Brasil\\\/RS\"},{\"@type\":\"BreadcrumbList\",\"@id\":\"https:\\\/\\\/regiaonews.net.br\\\/2022\\\/2023\\\/09\\\/07\\\/mortes-no-rio-grande-do-sul-chegam-a-41-por-causa-de-ciclone\\\/#breadcrumb\",\"itemListElement\":[{\"@type\":\"ListItem\",\"position\":1,\"name\":\"In\u00edcio\",\"item\":\"https:\\\/\\\/regiaonews.net.br\\\/2022\\\/\"},{\"@type\":\"ListItem\",\"position\":2,\"name\":\"Mortes no Rio Grande do Sul chegam a 41 por causa de ciclone\"}]},{\"@type\":\"WebSite\",\"@id\":\"https:\\\/\\\/regiaonews.net.br\\\/2022\\\/#website\",\"url\":\"https:\\\/\\\/regiaonews.net.br\\\/2022\\\/\",\"name\":\"Regi\u00e3o News\",\"description\":\"Site de Not\u00edcias de Barretos e regi\u00e3o\",\"publisher\":{\"@id\":\"https:\\\/\\\/regiaonews.net.br\\\/2022\\\/#organization\"},\"potentialAction\":[{\"@type\":\"SearchAction\",\"target\":{\"@type\":\"EntryPoint\",\"urlTemplate\":\"https:\\\/\\\/regiaonews.net.br\\\/2022\\\/?s={search_term_string}\"},\"query-input\":{\"@type\":\"PropertyValueSpecification\",\"valueRequired\":true,\"valueName\":\"search_term_string\"}}],\"inLanguage\":\"pt-BR\"},{\"@type\":\"Organization\",\"@id\":\"https:\\\/\\\/regiaonews.net.br\\\/2022\\\/#organization\",\"name\":\"Regi\u00e3o News\",\"url\":\"https:\\\/\\\/regiaonews.net.br\\\/2022\\\/\",\"logo\":{\"@type\":\"ImageObject\",\"inLanguage\":\"pt-BR\",\"@id\":\"https:\\\/\\\/regiaonews.net.br\\\/2022\\\/#\\\/schema\\\/logo\\\/image\\\/\",\"url\":\"https:\\\/\\\/regiaonews.net.br\\\/2022\\\/wp-content\\\/uploads\\\/2026\\\/03\\\/regiao-13-anos-scaled.jpg\",\"contentUrl\":\"https:\\\/\\\/regiaonews.net.br\\\/2022\\\/wp-content\\\/uploads\\\/2026\\\/03\\\/regiao-13-anos-scaled.jpg\",\"width\":2560,\"height\":635,\"caption\":\"Regi\u00e3o News\"},\"image\":{\"@id\":\"https:\\\/\\\/regiaonews.net.br\\\/2022\\\/#\\\/schema\\\/logo\\\/image\\\/\"}},{\"@type\":\"Person\",\"@id\":\"https:\\\/\\\/regiaonews.net.br\\\/2022\\\/#\\\/schema\\\/person\\\/2d205a608a5aa97ac279d7a5e6d89ad8\",\"name\":\"Roberto\",\"image\":{\"@type\":\"ImageObject\",\"inLanguage\":\"pt-BR\",\"@id\":\"https:\\\/\\\/secure.gravatar.com\\\/avatar\\\/42749d8b712ff9d59ca93dc150494e5b55a44134482993f5baeb97e61b7ecc89?s=96&d=mm&r=g\",\"url\":\"https:\\\/\\\/secure.gravatar.com\\\/avatar\\\/42749d8b712ff9d59ca93dc150494e5b55a44134482993f5baeb97e61b7ecc89?s=96&d=mm&r=g\",\"contentUrl\":\"https:\\\/\\\/secure.gravatar.com\\\/avatar\\\/42749d8b712ff9d59ca93dc150494e5b55a44134482993f5baeb97e61b7ecc89?s=96&d=mm&r=g\",\"caption\":\"Roberto\"},\"url\":\"https:\\\/\\\/regiaonews.net.br\\\/2022\\\/author\\\/roberto\\\/\"}]}<\/script>\n<!-- \/ Yoast SEO plugin. -->","yoast_head_json":{"title":"Mortes no Rio Grande do Sul chegam a 41 por causa de ciclone","description":"O governo do Rio Grande do Sul informou que o n\u00famero de mortos subiu para 41 em raz\u00e3o das enchentes que atingiram dezenas de cidades.","robots":{"index":"index","follow":"follow","max-snippet":"max-snippet:-1","max-image-preview":"max-image-preview:large","max-video-preview":"max-video-preview:-1"},"canonical":"https:\/\/regiaonews.net.br\/2022\/2023\/09\/07\/mortes-no-rio-grande-do-sul-chegam-a-41-por-causa-de-ciclone\/","og_locale":"pt_BR","og_type":"article","og_title":"Mortes no Rio Grande do Sul chegam a 41 por causa de ciclone","og_description":"O governo do Rio Grande do Sul informou que o n\u00famero de mortos subiu para 41 em raz\u00e3o das enchentes que atingiram dezenas de cidades.","og_url":"https:\/\/regiaonews.net.br\/2022\/2023\/09\/07\/mortes-no-rio-grande-do-sul-chegam-a-41-por-causa-de-ciclone\/","og_site_name":"Regi\u00e3o News","article_published_time":"2023-09-08T01:33:33+00:00","article_modified_time":"2023-09-08T18:16:34+00:00","og_image":[{"width":1170,"height":700,"url":"https:\/\/regiaonews.net.br\/2022\/wp-content\/uploads\/2023\/09\/chuvas.jpg","type":"image\/jpeg"}],"author":"Roberto","twitter_card":"summary_large_image","twitter_misc":{"Escrito por":"Roberto","Est. tempo de leitura":"2 minutos"},"schema":{"@context":"https:\/\/schema.org","@graph":[{"@type":"Article","@id":"https:\/\/regiaonews.net.br\/2022\/2023\/09\/07\/mortes-no-rio-grande-do-sul-chegam-a-41-por-causa-de-ciclone\/#article","isPartOf":{"@id":"https:\/\/regiaonews.net.br\/2022\/2023\/09\/07\/mortes-no-rio-grande-do-sul-chegam-a-41-por-causa-de-ciclone\/"},"author":{"name":"Roberto","@id":"https:\/\/regiaonews.net.br\/2022\/#\/schema\/person\/2d205a608a5aa97ac279d7a5e6d89ad8"},"headline":"Mortes no Rio Grande do Sul chegam a 41 por causa de ciclone","datePublished":"2023-09-08T01:33:33+00:00","dateModified":"2023-09-08T18:16:34+00:00","mainEntityOfPage":{"@id":"https:\/\/regiaonews.net.br\/2022\/2023\/09\/07\/mortes-no-rio-grande-do-sul-chegam-a-41-por-causa-de-ciclone\/"},"wordCount":305,"commentCount":0,"publisher":{"@id":"https:\/\/regiaonews.net.br\/2022\/#organization"},"image":{"@id":"https:\/\/regiaonews.net.br\/2022\/2023\/09\/07\/mortes-no-rio-grande-do-sul-chegam-a-41-por-causa-de-ciclone\/#primaryimage"},"thumbnailUrl":"https:\/\/regiaonews.net.br\/2022\/wp-content\/uploads\/2023\/09\/chuvas.jpg","articleSection":["Brasil","Cidades"],"inLanguage":"pt-BR","potentialAction":[{"@type":"CommentAction","name":"Comment","target":["https:\/\/regiaonews.net.br\/2022\/2023\/09\/07\/mortes-no-rio-grande-do-sul-chegam-a-41-por-causa-de-ciclone\/#respond"]}]},{"@type":"WebPage","@id":"https:\/\/regiaonews.net.br\/2022\/2023\/09\/07\/mortes-no-rio-grande-do-sul-chegam-a-41-por-causa-de-ciclone\/","url":"https:\/\/regiaonews.net.br\/2022\/2023\/09\/07\/mortes-no-rio-grande-do-sul-chegam-a-41-por-causa-de-ciclone\/","name":"Mortes no Rio Grande do Sul chegam a 41 por causa de ciclone","isPartOf":{"@id":"https:\/\/regiaonews.net.br\/2022\/#website"},"primaryImageOfPage":{"@id":"https:\/\/regiaonews.net.br\/2022\/2023\/09\/07\/mortes-no-rio-grande-do-sul-chegam-a-41-por-causa-de-ciclone\/#primaryimage"},"image":{"@id":"https:\/\/regiaonews.net.br\/2022\/2023\/09\/07\/mortes-no-rio-grande-do-sul-chegam-a-41-por-causa-de-ciclone\/#primaryimage"},"thumbnailUrl":"https:\/\/regiaonews.net.br\/2022\/wp-content\/uploads\/2023\/09\/chuvas.jpg","datePublished":"2023-09-08T01:33:33+00:00","dateModified":"2023-09-08T18:16:34+00:00","description":"O governo do Rio Grande do Sul informou que o n\u00famero de mortos subiu para 41 em raz\u00e3o das enchentes que atingiram dezenas de cidades.","breadcrumb":{"@id":"https:\/\/regiaonews.net.br\/2022\/2023\/09\/07\/mortes-no-rio-grande-do-sul-chegam-a-41-por-causa-de-ciclone\/#breadcrumb"},"inLanguage":"pt-BR","potentialAction":[{"@type":"ReadAction","target":["https:\/\/regiaonews.net.br\/2022\/2023\/09\/07\/mortes-no-rio-grande-do-sul-chegam-a-41-por-causa-de-ciclone\/"]}]},{"@type":"ImageObject","inLanguage":"pt-BR","@id":"https:\/\/regiaonews.net.br\/2022\/2023\/09\/07\/mortes-no-rio-grande-do-sul-chegam-a-41-por-causa-de-ciclone\/#primaryimage","url":"https:\/\/regiaonews.net.br\/2022\/wp-content\/uploads\/2023\/09\/chuvas.jpg","contentUrl":"https:\/\/regiaonews.net.br\/2022\/wp-content\/uploads\/2023\/09\/chuvas.jpg","width":1170,"height":700,"caption":"Rio Grande do Sul \u2013 Ciclone \u2013 Sobrevoo, assist\u00eancia e resgate de pessoas ilhadas em Bom Retiro do Sul (RS). Foto: Marinha do Brasil\/RS"},{"@type":"BreadcrumbList","@id":"https:\/\/regiaonews.net.br\/2022\/2023\/09\/07\/mortes-no-rio-grande-do-sul-chegam-a-41-por-causa-de-ciclone\/#breadcrumb","itemListElement":[{"@type":"ListItem","position":1,"name":"In\u00edcio","item":"https:\/\/regiaonews.net.br\/2022\/"},{"@type":"ListItem","position":2,"name":"Mortes no Rio Grande do Sul chegam a 41 por causa de ciclone"}]},{"@type":"WebSite","@id":"https:\/\/regiaonews.net.br\/2022\/#website","url":"https:\/\/regiaonews.net.br\/2022\/","name":"Regi\u00e3o News","description":"Site de Not\u00edcias de Barretos e regi\u00e3o","publisher":{"@id":"https:\/\/regiaonews.net.br\/2022\/#organization"},"potentialAction":[{"@type":"SearchAction","target":{"@type":"EntryPoint","urlTemplate":"https:\/\/regiaonews.net.br\/2022\/?s={search_term_string}"},"query-input":{"@type":"PropertyValueSpecification","valueRequired":true,"valueName":"search_term_string"}}],"inLanguage":"pt-BR"},{"@type":"Organization","@id":"https:\/\/regiaonews.net.br\/2022\/#organization","name":"Regi\u00e3o News","url":"https:\/\/regiaonews.net.br\/2022\/","logo":{"@type":"ImageObject","inLanguage":"pt-BR","@id":"https:\/\/regiaonews.net.br\/2022\/#\/schema\/logo\/image\/","url":"https:\/\/regiaonews.net.br\/2022\/wp-content\/uploads\/2026\/03\/regiao-13-anos-scaled.jpg","contentUrl":"https:\/\/regiaonews.net.br\/2022\/wp-content\/uploads\/2026\/03\/regiao-13-anos-scaled.jpg","width":2560,"height":635,"caption":"Regi\u00e3o News"},"image":{"@id":"https:\/\/regiaonews.net.br\/2022\/#\/schema\/logo\/image\/"}},{"@type":"Person","@id":"https:\/\/regiaonews.net.br\/2022\/#\/schema\/person\/2d205a608a5aa97ac279d7a5e6d89ad8","name":"Roberto","image":{"@type":"ImageObject","inLanguage":"pt-BR","@id":"https:\/\/secure.gravatar.com\/avatar\/42749d8b712ff9d59ca93dc150494e5b55a44134482993f5baeb97e61b7ecc89?s=96&d=mm&r=g","url":"https:\/\/secure.gravatar.com\/avatar\/42749d8b712ff9d59ca93dc150494e5b55a44134482993f5baeb97e61b7ecc89?s=96&d=mm&r=g","contentUrl":"https:\/\/secure.gravatar.com\/avatar\/42749d8b712ff9d59ca93dc150494e5b55a44134482993f5baeb97e61b7ecc89?s=96&d=mm&r=g","caption":"Roberto"},"url":"https:\/\/regiaonews.net.br\/2022\/author\/roberto\/"}]}},"publishpress_future_action":{"enabled":false,"date":"2026-05-03 14:20:52","action":"change-status","newStatus":"draft","terms":[],"taxonomy":"category","extraData":[]},"publishpress_future_workflow_manual_trigger":{"enabledWorkflows":[]},"_links":{"self":[{"href":"https:\/\/regiaonews.net.br\/2022\/wp-json\/wp\/v2\/posts\/94762","targetHints":{"allow":["GET"]}}],"collection":[{"href":"https:\/\/regiaonews.net.br\/2022\/wp-json\/wp\/v2\/posts"}],"about":[{"href":"https:\/\/regiaonews.net.br\/2022\/wp-json\/wp\/v2\/types\/post"}],"author":[{"embeddable":true,"href":"https:\/\/regiaonews.net.br\/2022\/wp-json\/wp\/v2\/users\/2"}],"replies":[{"embeddable":true,"href":"https:\/\/regiaonews.net.br\/2022\/wp-json\/wp\/v2\/comments?post=94762"}],"version-history":[{"count":1,"href":"https:\/\/regiaonews.net.br\/2022\/wp-json\/wp\/v2\/posts\/94762\/revisions"}],"predecessor-version":[{"id":94763,"href":"https:\/\/regiaonews.net.br\/2022\/wp-json\/wp\/v2\/posts\/94762\/revisions\/94763"}],"wp:featuredmedia":[{"embeddable":true,"href":"https:\/\/regiaonews.net.br\/2022\/wp-json\/wp\/v2\/media\/94783"}],"wp:attachment":[{"href":"https:\/\/regiaonews.net.br\/2022\/wp-json\/wp\/v2\/media?parent=94762"}],"wp:term":[{"taxonomy":"category","embeddable":true,"href":"https:\/\/regiaonews.net.br\/2022\/wp-json\/wp\/v2\/categories?post=94762"},{"taxonomy":"post_tag","embeddable":true,"href":"https:\/\/regiaonews.net.br\/2022\/wp-json\/wp\/v2\/tags?post=94762"}],"curies":[{"name":"wp","href":"https:\/\/api.w.org\/{rel}","templated":true}]}}