{"id":94743,"date":"2023-09-07T11:14:43","date_gmt":"2023-09-07T14:14:43","guid":{"rendered":"https:\/\/regiaonews.net.br\/2022\/?p=94743"},"modified":"2023-09-07T11:16:03","modified_gmt":"2023-09-07T14:16:03","slug":"administracao-esclarece-lei-do-comercio-aprovada-pela-camara","status":"publish","type":"post","link":"https:\/\/regiaonews.net.br\/2022\/2023\/09\/07\/administracao-esclarece-lei-do-comercio-aprovada-pela-camara\/","title":{"rendered":"Administra\u00e7\u00e3o esclarece Lei do Com\u00e9rcio aprovada pela C\u00e2mara"},"content":{"rendered":"<p>Ap\u00f3s a C\u00e2mara Municipal de Barretos aprovar a Lei Municipal que permite o funcionamento do com\u00e9rcio das 8 \u00e0s 22 horas, o projeto agora est\u00e1 sendo encaminhado para o Poder Executivo, para a san\u00e7\u00e3o da prefeita Paula Lemos. O projeto tramitou durante 1 ano no Legislativo e est\u00e1 sendo considerado como um novo marco para a cidade de Barretos, principalmente para atender os turistas. Em coletiva de imprensa, o Procurador Jur\u00eddico da Prefeitura de Barretos, dr. Rafael dos Anjos, juntamente com o secret\u00e1rio de Ind\u00fastria e Com\u00e9rcio, dr. Roberto Arutim e o secret\u00e1rio de Finan\u00e7as, Fernando Soares explicaram a import\u00e2ncia desta nova lei para a cidade.<br \/>\nSegundo o Procurador Jur\u00eddico, dr. Rafael dos Anjos, a compet\u00eancia do munic\u00edpio \u00e9 de apenas fixar o hor\u00e1rio de funcionamento, e a lei n\u00e3o obriga abrir as empresas. \u201c\u00c9 uma mudan\u00e7a de paradigma, para que o empreendedor possa trazer renda para a cidade. O munic\u00edpio n\u00e3o vai entrar na legisla\u00e7\u00e3o trabalhista, o que estamos tratando \u00e9 apenas a abertura do com\u00e9rcio\u201d, explicou o procurador.<br \/>\nPara o secret\u00e1rio de Ind\u00fastria e Com\u00e9rcio, Dr. Roberto Arutim, a lei vai fortalecer ainda mais o potencial de Barretos como polo regional de compras. \u201cEu estou muito feliz com esse projeto aprovado. Em Ol\u00edmpia, aprovamos um projeto semelhante em 15 dias, aqui demorou um pouco mais, mas foi aprovado. \u201cO que precisa ficar bem claro que \u00e9 facultativo e que empresa nenhuma \u00e9 obrigada a trabalhar at\u00e9 as 22 horas. A empresa que desejar um segundo turno, ter\u00e1 que contratar mais trabalhadores\u201d, afirmou Arutim.<br \/>\nJ\u00e1 o secret\u00e1rio de Finan\u00e7as, Fernando Soares, esta \u00e9 mais uma das leis que ir\u00e1 representar muito para a evolu\u00e7\u00e3o dos neg\u00f3cios da cidade, que estou chamando de Plano Real de Barretos. \u201cDaqui 4 a 5 anos, quando Barretos come\u00e7ar a crescer e gerando empregos, vai ver o quanto essa gest\u00e3o mexeu na infraestrutura do Distrito Industrial para a vinda de empresas e melhorando o ambiente de neg\u00f3cios, com a lei de incentivo fiscais, ProBarretos e a Lei de Liberdade Econ\u00f4mica e agora o hor\u00e1rio alternativo para o com\u00e9rcio\u201d, explicou Fernando.<\/p>\n<p>Foto &#8211; Tininho J\u00fanior<\/p>\n","protected":false},"excerpt":{"rendered":"<p>Ap\u00f3s a C\u00e2mara Municipal de Barretos aprovar a Lei Municipal<\/p>\n","protected":false},"author":2,"featured_media":94744,"comment_status":"open","ping_status":"open","sticky":false,"template":"","format":"standard","meta":{"footnotes":""},"categories":[14,25],"tags":[],"class_list":["post-94743","post","type-post","status-publish","format-standard","has-post-thumbnail","hentry","category-barretos","category-cidades"],"yoast_head":"<!-- This site is optimized with the Yoast SEO plugin v27.4 - https:\/\/yoast.com\/product\/yoast-seo-wordpress\/ -->\n<title>Administra\u00e7\u00e3o esclarece Lei do Com\u00e9rcio aprovada pela C\u00e2mara<\/title>\n<meta name=\"description\" content=\"Ap\u00f3s a C\u00e2mara Municipal de Barretos aprovar a Lei Municipal que permite o funcionamento do com\u00e9rcio das 8 \u00e0s 22 horas\" \/>\n<meta name=\"robots\" content=\"index, follow, max-snippet:-1, max-image-preview:large, max-video-preview:-1\" \/>\n<link rel=\"canonical\" href=\"https:\/\/regiaonews.net.br\/2022\/2023\/09\/07\/administracao-esclarece-lei-do-comercio-aprovada-pela-camara\/\" \/>\n<meta property=\"og:locale\" content=\"pt_BR\" \/>\n<meta property=\"og:type\" content=\"article\" \/>\n<meta property=\"og:title\" content=\"Administra\u00e7\u00e3o esclarece Lei do Com\u00e9rcio aprovada pela C\u00e2mara\" \/>\n<meta property=\"og:description\" content=\"Ap\u00f3s a C\u00e2mara Municipal de Barretos aprovar a Lei Municipal que permite o funcionamento do com\u00e9rcio das 8 \u00e0s 22 horas\" \/>\n<meta property=\"og:url\" content=\"https:\/\/regiaonews.net.br\/2022\/2023\/09\/07\/administracao-esclarece-lei-do-comercio-aprovada-pela-camara\/\" \/>\n<meta property=\"og:site_name\" content=\"Regi\u00e3o News\" \/>\n<meta property=\"article:published_time\" content=\"2023-09-07T14:14:43+00:00\" \/>\n<meta property=\"article:modified_time\" content=\"2023-09-07T14:16:03+00:00\" \/>\n<meta property=\"og:image\" content=\"https:\/\/regiaonews.net.br\/2022\/wp-content\/uploads\/2023\/09\/IMG-20230906-WA0336.jpg\" \/>\n\t<meta property=\"og:image:width\" content=\"1600\" \/>\n\t<meta property=\"og:image:height\" content=\"1066\" \/>\n\t<meta property=\"og:image:type\" content=\"image\/jpeg\" \/>\n<meta name=\"author\" content=\"Roberto\" \/>\n<meta name=\"twitter:card\" content=\"summary_large_image\" \/>\n<meta name=\"twitter:label1\" content=\"Escrito por\" \/>\n\t<meta name=\"twitter:data1\" content=\"Roberto\" \/>\n\t<meta name=\"twitter:label2\" content=\"Est. tempo de leitura\" \/>\n\t<meta name=\"twitter:data2\" content=\"2 minutos\" \/>\n<script type=\"application\/ld+json\" class=\"yoast-schema-graph\">{\"@context\":\"https:\\\/\\\/schema.org\",\"@graph\":[{\"@type\":\"Article\",\"@id\":\"https:\\\/\\\/regiaonews.net.br\\\/2022\\\/2023\\\/09\\\/07\\\/administracao-esclarece-lei-do-comercio-aprovada-pela-camara\\\/#article\",\"isPartOf\":{\"@id\":\"https:\\\/\\\/regiaonews.net.br\\\/2022\\\/2023\\\/09\\\/07\\\/administracao-esclarece-lei-do-comercio-aprovada-pela-camara\\\/\"},\"author\":{\"name\":\"Roberto\",\"@id\":\"https:\\\/\\\/regiaonews.net.br\\\/2022\\\/#\\\/schema\\\/person\\\/2d205a608a5aa97ac279d7a5e6d89ad8\"},\"headline\":\"Administra\u00e7\u00e3o esclarece Lei do Com\u00e9rcio aprovada pela C\u00e2mara\",\"datePublished\":\"2023-09-07T14:14:43+00:00\",\"dateModified\":\"2023-09-07T14:16:03+00:00\",\"mainEntityOfPage\":{\"@id\":\"https:\\\/\\\/regiaonews.net.br\\\/2022\\\/2023\\\/09\\\/07\\\/administracao-esclarece-lei-do-comercio-aprovada-pela-camara\\\/\"},\"wordCount\":384,\"commentCount\":0,\"publisher\":{\"@id\":\"https:\\\/\\\/regiaonews.net.br\\\/2022\\\/#organization\"},\"image\":{\"@id\":\"https:\\\/\\\/regiaonews.net.br\\\/2022\\\/2023\\\/09\\\/07\\\/administracao-esclarece-lei-do-comercio-aprovada-pela-camara\\\/#primaryimage\"},\"thumbnailUrl\":\"https:\\\/\\\/regiaonews.net.br\\\/2022\\\/wp-content\\\/uploads\\\/2023\\\/09\\\/IMG-20230906-WA0336.jpg\",\"articleSection\":[\"Barretos\",\"Cidades\"],\"inLanguage\":\"pt-BR\",\"potentialAction\":[{\"@type\":\"CommentAction\",\"name\":\"Comment\",\"target\":[\"https:\\\/\\\/regiaonews.net.br\\\/2022\\\/2023\\\/09\\\/07\\\/administracao-esclarece-lei-do-comercio-aprovada-pela-camara\\\/#respond\"]}]},{\"@type\":\"WebPage\",\"@id\":\"https:\\\/\\\/regiaonews.net.br\\\/2022\\\/2023\\\/09\\\/07\\\/administracao-esclarece-lei-do-comercio-aprovada-pela-camara\\\/\",\"url\":\"https:\\\/\\\/regiaonews.net.br\\\/2022\\\/2023\\\/09\\\/07\\\/administracao-esclarece-lei-do-comercio-aprovada-pela-camara\\\/\",\"name\":\"Administra\u00e7\u00e3o esclarece Lei do Com\u00e9rcio aprovada pela C\u00e2mara\",\"isPartOf\":{\"@id\":\"https:\\\/\\\/regiaonews.net.br\\\/2022\\\/#website\"},\"primaryImageOfPage\":{\"@id\":\"https:\\\/\\\/regiaonews.net.br\\\/2022\\\/2023\\\/09\\\/07\\\/administracao-esclarece-lei-do-comercio-aprovada-pela-camara\\\/#primaryimage\"},\"image\":{\"@id\":\"https:\\\/\\\/regiaonews.net.br\\\/2022\\\/2023\\\/09\\\/07\\\/administracao-esclarece-lei-do-comercio-aprovada-pela-camara\\\/#primaryimage\"},\"thumbnailUrl\":\"https:\\\/\\\/regiaonews.net.br\\\/2022\\\/wp-content\\\/uploads\\\/2023\\\/09\\\/IMG-20230906-WA0336.jpg\",\"datePublished\":\"2023-09-07T14:14:43+00:00\",\"dateModified\":\"2023-09-07T14:16:03+00:00\",\"description\":\"Ap\u00f3s a C\u00e2mara Municipal de Barretos aprovar a Lei Municipal que permite o funcionamento do com\u00e9rcio das 8 \u00e0s 22 horas\",\"breadcrumb\":{\"@id\":\"https:\\\/\\\/regiaonews.net.br\\\/2022\\\/2023\\\/09\\\/07\\\/administracao-esclarece-lei-do-comercio-aprovada-pela-camara\\\/#breadcrumb\"},\"inLanguage\":\"pt-BR\",\"potentialAction\":[{\"@type\":\"ReadAction\",\"target\":[\"https:\\\/\\\/regiaonews.net.br\\\/2022\\\/2023\\\/09\\\/07\\\/administracao-esclarece-lei-do-comercio-aprovada-pela-camara\\\/\"]}]},{\"@type\":\"ImageObject\",\"inLanguage\":\"pt-BR\",\"@id\":\"https:\\\/\\\/regiaonews.net.br\\\/2022\\\/2023\\\/09\\\/07\\\/administracao-esclarece-lei-do-comercio-aprovada-pela-camara\\\/#primaryimage\",\"url\":\"https:\\\/\\\/regiaonews.net.br\\\/2022\\\/wp-content\\\/uploads\\\/2023\\\/09\\\/IMG-20230906-WA0336.jpg\",\"contentUrl\":\"https:\\\/\\\/regiaonews.net.br\\\/2022\\\/wp-content\\\/uploads\\\/2023\\\/09\\\/IMG-20230906-WA0336.jpg\",\"width\":1600,\"height\":1066},{\"@type\":\"BreadcrumbList\",\"@id\":\"https:\\\/\\\/regiaonews.net.br\\\/2022\\\/2023\\\/09\\\/07\\\/administracao-esclarece-lei-do-comercio-aprovada-pela-camara\\\/#breadcrumb\",\"itemListElement\":[{\"@type\":\"ListItem\",\"position\":1,\"name\":\"In\u00edcio\",\"item\":\"https:\\\/\\\/regiaonews.net.br\\\/2022\\\/\"},{\"@type\":\"ListItem\",\"position\":2,\"name\":\"Administra\u00e7\u00e3o esclarece Lei do Com\u00e9rcio aprovada pela C\u00e2mara\"}]},{\"@type\":\"WebSite\",\"@id\":\"https:\\\/\\\/regiaonews.net.br\\\/2022\\\/#website\",\"url\":\"https:\\\/\\\/regiaonews.net.br\\\/2022\\\/\",\"name\":\"Regi\u00e3o News\",\"description\":\"Site de Not\u00edcias de Barretos e regi\u00e3o\",\"publisher\":{\"@id\":\"https:\\\/\\\/regiaonews.net.br\\\/2022\\\/#organization\"},\"potentialAction\":[{\"@type\":\"SearchAction\",\"target\":{\"@type\":\"EntryPoint\",\"urlTemplate\":\"https:\\\/\\\/regiaonews.net.br\\\/2022\\\/?s={search_term_string}\"},\"query-input\":{\"@type\":\"PropertyValueSpecification\",\"valueRequired\":true,\"valueName\":\"search_term_string\"}}],\"inLanguage\":\"pt-BR\"},{\"@type\":\"Organization\",\"@id\":\"https:\\\/\\\/regiaonews.net.br\\\/2022\\\/#organization\",\"name\":\"Regi\u00e3o News\",\"url\":\"https:\\\/\\\/regiaonews.net.br\\\/2022\\\/\",\"logo\":{\"@type\":\"ImageObject\",\"inLanguage\":\"pt-BR\",\"@id\":\"https:\\\/\\\/regiaonews.net.br\\\/2022\\\/#\\\/schema\\\/logo\\\/image\\\/\",\"url\":\"https:\\\/\\\/regiaonews.net.br\\\/2022\\\/wp-content\\\/uploads\\\/2026\\\/03\\\/regiao-13-anos-scaled.jpg\",\"contentUrl\":\"https:\\\/\\\/regiaonews.net.br\\\/2022\\\/wp-content\\\/uploads\\\/2026\\\/03\\\/regiao-13-anos-scaled.jpg\",\"width\":2560,\"height\":635,\"caption\":\"Regi\u00e3o News\"},\"image\":{\"@id\":\"https:\\\/\\\/regiaonews.net.br\\\/2022\\\/#\\\/schema\\\/logo\\\/image\\\/\"}},{\"@type\":\"Person\",\"@id\":\"https:\\\/\\\/regiaonews.net.br\\\/2022\\\/#\\\/schema\\\/person\\\/2d205a608a5aa97ac279d7a5e6d89ad8\",\"name\":\"Roberto\",\"image\":{\"@type\":\"ImageObject\",\"inLanguage\":\"pt-BR\",\"@id\":\"https:\\\/\\\/secure.gravatar.com\\\/avatar\\\/42749d8b712ff9d59ca93dc150494e5b55a44134482993f5baeb97e61b7ecc89?s=96&d=mm&r=g\",\"url\":\"https:\\\/\\\/secure.gravatar.com\\\/avatar\\\/42749d8b712ff9d59ca93dc150494e5b55a44134482993f5baeb97e61b7ecc89?s=96&d=mm&r=g\",\"contentUrl\":\"https:\\\/\\\/secure.gravatar.com\\\/avatar\\\/42749d8b712ff9d59ca93dc150494e5b55a44134482993f5baeb97e61b7ecc89?s=96&d=mm&r=g\",\"caption\":\"Roberto\"},\"url\":\"https:\\\/\\\/regiaonews.net.br\\\/2022\\\/author\\\/roberto\\\/\"}]}<\/script>\n<!-- \/ Yoast SEO plugin. -->","yoast_head_json":{"title":"Administra\u00e7\u00e3o esclarece Lei do Com\u00e9rcio aprovada pela C\u00e2mara","description":"Ap\u00f3s a C\u00e2mara Municipal de Barretos aprovar a Lei Municipal que permite o funcionamento do com\u00e9rcio das 8 \u00e0s 22 horas","robots":{"index":"index","follow":"follow","max-snippet":"max-snippet:-1","max-image-preview":"max-image-preview:large","max-video-preview":"max-video-preview:-1"},"canonical":"https:\/\/regiaonews.net.br\/2022\/2023\/09\/07\/administracao-esclarece-lei-do-comercio-aprovada-pela-camara\/","og_locale":"pt_BR","og_type":"article","og_title":"Administra\u00e7\u00e3o esclarece Lei do Com\u00e9rcio aprovada pela C\u00e2mara","og_description":"Ap\u00f3s a C\u00e2mara Municipal de Barretos aprovar a Lei Municipal que permite o funcionamento do com\u00e9rcio das 8 \u00e0s 22 horas","og_url":"https:\/\/regiaonews.net.br\/2022\/2023\/09\/07\/administracao-esclarece-lei-do-comercio-aprovada-pela-camara\/","og_site_name":"Regi\u00e3o News","article_published_time":"2023-09-07T14:14:43+00:00","article_modified_time":"2023-09-07T14:16:03+00:00","og_image":[{"width":1600,"height":1066,"url":"https:\/\/regiaonews.net.br\/2022\/wp-content\/uploads\/2023\/09\/IMG-20230906-WA0336.jpg","type":"image\/jpeg"}],"author":"Roberto","twitter_card":"summary_large_image","twitter_misc":{"Escrito por":"Roberto","Est. tempo de leitura":"2 minutos"},"schema":{"@context":"https:\/\/schema.org","@graph":[{"@type":"Article","@id":"https:\/\/regiaonews.net.br\/2022\/2023\/09\/07\/administracao-esclarece-lei-do-comercio-aprovada-pela-camara\/#article","isPartOf":{"@id":"https:\/\/regiaonews.net.br\/2022\/2023\/09\/07\/administracao-esclarece-lei-do-comercio-aprovada-pela-camara\/"},"author":{"name":"Roberto","@id":"https:\/\/regiaonews.net.br\/2022\/#\/schema\/person\/2d205a608a5aa97ac279d7a5e6d89ad8"},"headline":"Administra\u00e7\u00e3o esclarece Lei do Com\u00e9rcio aprovada pela C\u00e2mara","datePublished":"2023-09-07T14:14:43+00:00","dateModified":"2023-09-07T14:16:03+00:00","mainEntityOfPage":{"@id":"https:\/\/regiaonews.net.br\/2022\/2023\/09\/07\/administracao-esclarece-lei-do-comercio-aprovada-pela-camara\/"},"wordCount":384,"commentCount":0,"publisher":{"@id":"https:\/\/regiaonews.net.br\/2022\/#organization"},"image":{"@id":"https:\/\/regiaonews.net.br\/2022\/2023\/09\/07\/administracao-esclarece-lei-do-comercio-aprovada-pela-camara\/#primaryimage"},"thumbnailUrl":"https:\/\/regiaonews.net.br\/2022\/wp-content\/uploads\/2023\/09\/IMG-20230906-WA0336.jpg","articleSection":["Barretos","Cidades"],"inLanguage":"pt-BR","potentialAction":[{"@type":"CommentAction","name":"Comment","target":["https:\/\/regiaonews.net.br\/2022\/2023\/09\/07\/administracao-esclarece-lei-do-comercio-aprovada-pela-camara\/#respond"]}]},{"@type":"WebPage","@id":"https:\/\/regiaonews.net.br\/2022\/2023\/09\/07\/administracao-esclarece-lei-do-comercio-aprovada-pela-camara\/","url":"https:\/\/regiaonews.net.br\/2022\/2023\/09\/07\/administracao-esclarece-lei-do-comercio-aprovada-pela-camara\/","name":"Administra\u00e7\u00e3o esclarece Lei do Com\u00e9rcio aprovada pela C\u00e2mara","isPartOf":{"@id":"https:\/\/regiaonews.net.br\/2022\/#website"},"primaryImageOfPage":{"@id":"https:\/\/regiaonews.net.br\/2022\/2023\/09\/07\/administracao-esclarece-lei-do-comercio-aprovada-pela-camara\/#primaryimage"},"image":{"@id":"https:\/\/regiaonews.net.br\/2022\/2023\/09\/07\/administracao-esclarece-lei-do-comercio-aprovada-pela-camara\/#primaryimage"},"thumbnailUrl":"https:\/\/regiaonews.net.br\/2022\/wp-content\/uploads\/2023\/09\/IMG-20230906-WA0336.jpg","datePublished":"2023-09-07T14:14:43+00:00","dateModified":"2023-09-07T14:16:03+00:00","description":"Ap\u00f3s a C\u00e2mara Municipal de Barretos aprovar a Lei Municipal que permite o funcionamento do com\u00e9rcio das 8 \u00e0s 22 horas","breadcrumb":{"@id":"https:\/\/regiaonews.net.br\/2022\/2023\/09\/07\/administracao-esclarece-lei-do-comercio-aprovada-pela-camara\/#breadcrumb"},"inLanguage":"pt-BR","potentialAction":[{"@type":"ReadAction","target":["https:\/\/regiaonews.net.br\/2022\/2023\/09\/07\/administracao-esclarece-lei-do-comercio-aprovada-pela-camara\/"]}]},{"@type":"ImageObject","inLanguage":"pt-BR","@id":"https:\/\/regiaonews.net.br\/2022\/2023\/09\/07\/administracao-esclarece-lei-do-comercio-aprovada-pela-camara\/#primaryimage","url":"https:\/\/regiaonews.net.br\/2022\/wp-content\/uploads\/2023\/09\/IMG-20230906-WA0336.jpg","contentUrl":"https:\/\/regiaonews.net.br\/2022\/wp-content\/uploads\/2023\/09\/IMG-20230906-WA0336.jpg","width":1600,"height":1066},{"@type":"BreadcrumbList","@id":"https:\/\/regiaonews.net.br\/2022\/2023\/09\/07\/administracao-esclarece-lei-do-comercio-aprovada-pela-camara\/#breadcrumb","itemListElement":[{"@type":"ListItem","position":1,"name":"In\u00edcio","item":"https:\/\/regiaonews.net.br\/2022\/"},{"@type":"ListItem","position":2,"name":"Administra\u00e7\u00e3o esclarece Lei do Com\u00e9rcio aprovada pela C\u00e2mara"}]},{"@type":"WebSite","@id":"https:\/\/regiaonews.net.br\/2022\/#website","url":"https:\/\/regiaonews.net.br\/2022\/","name":"Regi\u00e3o News","description":"Site de Not\u00edcias de Barretos e regi\u00e3o","publisher":{"@id":"https:\/\/regiaonews.net.br\/2022\/#organization"},"potentialAction":[{"@type":"SearchAction","target":{"@type":"EntryPoint","urlTemplate":"https:\/\/regiaonews.net.br\/2022\/?s={search_term_string}"},"query-input":{"@type":"PropertyValueSpecification","valueRequired":true,"valueName":"search_term_string"}}],"inLanguage":"pt-BR"},{"@type":"Organization","@id":"https:\/\/regiaonews.net.br\/2022\/#organization","name":"Regi\u00e3o News","url":"https:\/\/regiaonews.net.br\/2022\/","logo":{"@type":"ImageObject","inLanguage":"pt-BR","@id":"https:\/\/regiaonews.net.br\/2022\/#\/schema\/logo\/image\/","url":"https:\/\/regiaonews.net.br\/2022\/wp-content\/uploads\/2026\/03\/regiao-13-anos-scaled.jpg","contentUrl":"https:\/\/regiaonews.net.br\/2022\/wp-content\/uploads\/2026\/03\/regiao-13-anos-scaled.jpg","width":2560,"height":635,"caption":"Regi\u00e3o News"},"image":{"@id":"https:\/\/regiaonews.net.br\/2022\/#\/schema\/logo\/image\/"}},{"@type":"Person","@id":"https:\/\/regiaonews.net.br\/2022\/#\/schema\/person\/2d205a608a5aa97ac279d7a5e6d89ad8","name":"Roberto","image":{"@type":"ImageObject","inLanguage":"pt-BR","@id":"https:\/\/secure.gravatar.com\/avatar\/42749d8b712ff9d59ca93dc150494e5b55a44134482993f5baeb97e61b7ecc89?s=96&d=mm&r=g","url":"https:\/\/secure.gravatar.com\/avatar\/42749d8b712ff9d59ca93dc150494e5b55a44134482993f5baeb97e61b7ecc89?s=96&d=mm&r=g","contentUrl":"https:\/\/secure.gravatar.com\/avatar\/42749d8b712ff9d59ca93dc150494e5b55a44134482993f5baeb97e61b7ecc89?s=96&d=mm&r=g","caption":"Roberto"},"url":"https:\/\/regiaonews.net.br\/2022\/author\/roberto\/"}]}},"publishpress_future_action":{"enabled":false,"date":"2026-05-03 08:15:05","action":"change-status","newStatus":"draft","terms":[],"taxonomy":"category","extraData":[]},"publishpress_future_workflow_manual_trigger":{"enabledWorkflows":[]},"_links":{"self":[{"href":"https:\/\/regiaonews.net.br\/2022\/wp-json\/wp\/v2\/posts\/94743","targetHints":{"allow":["GET"]}}],"collection":[{"href":"https:\/\/regiaonews.net.br\/2022\/wp-json\/wp\/v2\/posts"}],"about":[{"href":"https:\/\/regiaonews.net.br\/2022\/wp-json\/wp\/v2\/types\/post"}],"author":[{"embeddable":true,"href":"https:\/\/regiaonews.net.br\/2022\/wp-json\/wp\/v2\/users\/2"}],"replies":[{"embeddable":true,"href":"https:\/\/regiaonews.net.br\/2022\/wp-json\/wp\/v2\/comments?post=94743"}],"version-history":[{"count":1,"href":"https:\/\/regiaonews.net.br\/2022\/wp-json\/wp\/v2\/posts\/94743\/revisions"}],"predecessor-version":[{"id":94745,"href":"https:\/\/regiaonews.net.br\/2022\/wp-json\/wp\/v2\/posts\/94743\/revisions\/94745"}],"wp:featuredmedia":[{"embeddable":true,"href":"https:\/\/regiaonews.net.br\/2022\/wp-json\/wp\/v2\/media\/94744"}],"wp:attachment":[{"href":"https:\/\/regiaonews.net.br\/2022\/wp-json\/wp\/v2\/media?parent=94743"}],"wp:term":[{"taxonomy":"category","embeddable":true,"href":"https:\/\/regiaonews.net.br\/2022\/wp-json\/wp\/v2\/categories?post=94743"},{"taxonomy":"post_tag","embeddable":true,"href":"https:\/\/regiaonews.net.br\/2022\/wp-json\/wp\/v2\/tags?post=94743"}],"curies":[{"name":"wp","href":"https:\/\/api.w.org\/{rel}","templated":true}]}}