{"id":94725,"date":"2023-09-06T22:49:06","date_gmt":"2023-09-07T01:49:06","guid":{"rendered":"https:\/\/regiaonews.net.br\/2022\/?p=94725"},"modified":"2023-09-07T07:52:20","modified_gmt":"2023-09-07T10:52:20","slug":"conselho-do-bec-elege-novos-membros-e-aprova-mudancas-no-estatuto","status":"publish","type":"post","link":"https:\/\/regiaonews.net.br\/2022\/2023\/09\/06\/conselho-do-bec-elege-novos-membros-e-aprova-mudancas-no-estatuto\/","title":{"rendered":"Conselho do BEC elege novos membros e aprova mudan\u00e7as no estatuto"},"content":{"rendered":"<p>&nbsp;<\/p>\n<p>&nbsp;<\/p>\n<p>Em reuni\u00e3o realizada na noite desta quarta-feira (6), no sagu\u00e3o do Est\u00e1dio Fortaleza, foram eleitos os\u00a0 novos conselheiros do Barretos Esporte Clube e aprovadas mudan\u00e7as no estatuto do clube, entre elas, composi\u00e7\u00e3o do Conselho Deliberativo com 12 membros titulares e tr\u00eas suplentes, defini\u00e7\u00e3o da diretoria do clube com presidente, vice-presidente, tesoureiro e secret\u00e1rio e altera\u00e7\u00e3o da data das elei\u00e7\u00f5es para a segunda quinzena de julho.<\/p>\n<p>A\u00a0 reuni\u00e3o teve 22 presentes, onde 19 concorreram as 12 vagas de conselheiros titulares e tr\u00eas de suplentes, sendo o fot\u00f3grafo j\u00e2nio Munhoz, eleito o conselheiro mais votado com 8 votos.<\/p>\n<p>Ap\u00f3s a defini\u00e7\u00e3o dos conselheiros, foi eleito presidente Conselho Deliberativo,\u00a0 Giovane Ferreira Cruz e como secret\u00e1rio Omar Jamal, tendo ainda como integrantes do Conselho Fiscal, Daniel Casagrande, J\u00e2nio Munhoz e Quirino J\u00fanior.<\/p>\n<p>Em seguida, foi aberta a elei\u00e7\u00e3o para a inscri\u00e7\u00e3o de chapas, com o advogado Jailton Rodrigues colocando o seu nome a disposi\u00e7\u00e3o, com o apoio do coordenador das categorias de base, Silvando Souza. Contudo, o candidato e seu poss\u00edvel grupo pediu um prazo para defini\u00e7\u00e3o, que dentro do edital est\u00e1 previsto 15 dias. &#8220;Desta forma estamos remarcando a elei\u00e7\u00e3o da Diretoria Executiva para o dia 20 de setembro, onde iremos abrir novamente para inscri\u00e7\u00e3o das chapas&#8217;, afirmou o presidente do Conselho Deliberativo eleito, Giovane Ferreira.<\/p>\n<p>At\u00e9 que ocorra novas elei\u00e7\u00f5es, o advogado J\u00falio Samara, permanece na fun\u00e7\u00e3o de presidente at\u00e9 o dia 31 de dezembro.<\/p>\n<p>&nbsp;<\/p>\n<p><a href=\"https:\/\/regiaonews.net.br\/2022\/wp-content\/uploads\/2023\/09\/WhatsApp-Image-2023-09-06-at-19.06.34.jpeg\"><img loading=\"lazy\" decoding=\"async\" class=\"alignnone size-medium wp-image-94727\" src=\"https:\/\/regiaonews.net.br\/2022\/wp-content\/uploads\/2023\/09\/WhatsApp-Image-2023-09-06-at-19.06.34-300x225.jpeg\" alt=\"\" width=\"300\" height=\"225\" srcset=\"https:\/\/regiaonews.net.br\/2022\/wp-content\/uploads\/2023\/09\/WhatsApp-Image-2023-09-06-at-19.06.34-300x225.jpeg 300w, https:\/\/regiaonews.net.br\/2022\/wp-content\/uploads\/2023\/09\/WhatsApp-Image-2023-09-06-at-19.06.34-1024x768.jpeg 1024w, https:\/\/regiaonews.net.br\/2022\/wp-content\/uploads\/2023\/09\/WhatsApp-Image-2023-09-06-at-19.06.34-768x576.jpeg 768w, https:\/\/regiaonews.net.br\/2022\/wp-content\/uploads\/2023\/09\/WhatsApp-Image-2023-09-06-at-19.06.34-1536x1152.jpeg 1536w, https:\/\/regiaonews.net.br\/2022\/wp-content\/uploads\/2023\/09\/WhatsApp-Image-2023-09-06-at-19.06.34-250x188.jpeg 250w, https:\/\/regiaonews.net.br\/2022\/wp-content\/uploads\/2023\/09\/WhatsApp-Image-2023-09-06-at-19.06.34-200x150.jpeg 200w, https:\/\/regiaonews.net.br\/2022\/wp-content\/uploads\/2023\/09\/WhatsApp-Image-2023-09-06-at-19.06.34.jpeg 1600w\" sizes=\"auto, (max-width: 300px) 100vw, 300px\" \/><\/a><a href=\"https:\/\/regiaonews.net.br\/2022\/wp-content\/uploads\/2023\/09\/676f89ed-c655-4659-9b14-ea8139b4d0a7.jpg\"><img loading=\"lazy\" decoding=\"async\" class=\"alignnone size-medium wp-image-94731\" src=\"https:\/\/regiaonews.net.br\/2022\/wp-content\/uploads\/2023\/09\/676f89ed-c655-4659-9b14-ea8139b4d0a7-300x225.jpg\" alt=\"\" width=\"300\" height=\"225\" srcset=\"https:\/\/regiaonews.net.br\/2022\/wp-content\/uploads\/2023\/09\/676f89ed-c655-4659-9b14-ea8139b4d0a7-300x225.jpg 300w, https:\/\/regiaonews.net.br\/2022\/wp-content\/uploads\/2023\/09\/676f89ed-c655-4659-9b14-ea8139b4d0a7-1024x768.jpg 1024w, https:\/\/regiaonews.net.br\/2022\/wp-content\/uploads\/2023\/09\/676f89ed-c655-4659-9b14-ea8139b4d0a7-768x576.jpg 768w, https:\/\/regiaonews.net.br\/2022\/wp-content\/uploads\/2023\/09\/676f89ed-c655-4659-9b14-ea8139b4d0a7-1536x1152.jpg 1536w, https:\/\/regiaonews.net.br\/2022\/wp-content\/uploads\/2023\/09\/676f89ed-c655-4659-9b14-ea8139b4d0a7-250x188.jpg 250w, https:\/\/regiaonews.net.br\/2022\/wp-content\/uploads\/2023\/09\/676f89ed-c655-4659-9b14-ea8139b4d0a7-200x150.jpg 200w, https:\/\/regiaonews.net.br\/2022\/wp-content\/uploads\/2023\/09\/676f89ed-c655-4659-9b14-ea8139b4d0a7.jpg 1600w\" sizes=\"auto, (max-width: 300px) 100vw, 300px\" \/><\/a><\/p>\n<p>&nbsp;<\/p>\n<p>&nbsp;<\/p>\n<p>&nbsp;<\/p>\n","protected":false},"excerpt":{"rendered":"<p>&nbsp; &nbsp; Em reuni\u00e3o realizada na noite desta quarta-feira (6),<\/p>\n","protected":false},"author":2,"featured_media":94728,"comment_status":"open","ping_status":"open","sticky":false,"template":"","format":"standard","meta":{"footnotes":""},"categories":[14,21],"tags":[],"class_list":["post-94725","post","type-post","status-publish","format-standard","has-post-thumbnail","hentry","category-barretos","category-esporte"],"yoast_head":"<!-- This site is optimized with the Yoast SEO plugin v27.4 - https:\/\/yoast.com\/product\/yoast-seo-wordpress\/ -->\n<title>Conselho do BEC elege novos membros e aprova mudan\u00e7as<\/title>\n<meta name=\"description\" content=\"Em reuni\u00e3o realizada na noite desta quarta-feira (6), no sagu\u00e3o do Est\u00e1dio Fortaleza, foram eleitos os\u00a0 novos conselheiros do Barretos Esporte\" \/>\n<meta name=\"robots\" content=\"index, follow, max-snippet:-1, max-image-preview:large, max-video-preview:-1\" \/>\n<link rel=\"canonical\" href=\"https:\/\/regiaonews.net.br\/2022\/2023\/09\/06\/conselho-do-bec-elege-novos-membros-e-aprova-mudancas-no-estatuto\/\" \/>\n<meta property=\"og:locale\" content=\"pt_BR\" \/>\n<meta property=\"og:type\" content=\"article\" \/>\n<meta property=\"og:title\" content=\"Conselho do BEC elege novos membros e aprova mudan\u00e7as\" \/>\n<meta property=\"og:description\" content=\"Em reuni\u00e3o realizada na noite desta quarta-feira (6), no sagu\u00e3o do Est\u00e1dio Fortaleza, foram eleitos os\u00a0 novos conselheiros do Barretos Esporte\" \/>\n<meta property=\"og:url\" content=\"https:\/\/regiaonews.net.br\/2022\/2023\/09\/06\/conselho-do-bec-elege-novos-membros-e-aprova-mudancas-no-estatuto\/\" \/>\n<meta property=\"og:site_name\" content=\"Regi\u00e3o News\" \/>\n<meta property=\"article:published_time\" content=\"2023-09-07T01:49:06+00:00\" \/>\n<meta property=\"article:modified_time\" content=\"2023-09-07T10:52:20+00:00\" \/>\n<meta property=\"og:image\" content=\"https:\/\/regiaonews.net.br\/2022\/wp-content\/uploads\/2023\/09\/WhatsApp-Image-2023-09-06-at-22.59.53.jpeg\" \/>\n\t<meta property=\"og:image:width\" content=\"1600\" \/>\n\t<meta property=\"og:image:height\" content=\"1200\" \/>\n\t<meta property=\"og:image:type\" content=\"image\/jpeg\" \/>\n<meta name=\"author\" content=\"Roberto\" \/>\n<meta name=\"twitter:card\" content=\"summary_large_image\" \/>\n<meta name=\"twitter:label1\" content=\"Escrito por\" \/>\n\t<meta name=\"twitter:data1\" content=\"Roberto\" \/>\n\t<meta name=\"twitter:label2\" content=\"Est. tempo de leitura\" \/>\n\t<meta name=\"twitter:data2\" content=\"2 minutos\" \/>\n<script type=\"application\/ld+json\" class=\"yoast-schema-graph\">{\"@context\":\"https:\\\/\\\/schema.org\",\"@graph\":[{\"@type\":\"Article\",\"@id\":\"https:\\\/\\\/regiaonews.net.br\\\/2022\\\/2023\\\/09\\\/06\\\/conselho-do-bec-elege-novos-membros-e-aprova-mudancas-no-estatuto\\\/#article\",\"isPartOf\":{\"@id\":\"https:\\\/\\\/regiaonews.net.br\\\/2022\\\/2023\\\/09\\\/06\\\/conselho-do-bec-elege-novos-membros-e-aprova-mudancas-no-estatuto\\\/\"},\"author\":{\"name\":\"Roberto\",\"@id\":\"https:\\\/\\\/regiaonews.net.br\\\/2022\\\/#\\\/schema\\\/person\\\/2d205a608a5aa97ac279d7a5e6d89ad8\"},\"headline\":\"Conselho do BEC elege novos membros e aprova mudan\u00e7as no estatuto\",\"datePublished\":\"2023-09-07T01:49:06+00:00\",\"dateModified\":\"2023-09-07T10:52:20+00:00\",\"mainEntityOfPage\":{\"@id\":\"https:\\\/\\\/regiaonews.net.br\\\/2022\\\/2023\\\/09\\\/06\\\/conselho-do-bec-elege-novos-membros-e-aprova-mudancas-no-estatuto\\\/\"},\"wordCount\":271,\"commentCount\":0,\"publisher\":{\"@id\":\"https:\\\/\\\/regiaonews.net.br\\\/2022\\\/#organization\"},\"image\":{\"@id\":\"https:\\\/\\\/regiaonews.net.br\\\/2022\\\/2023\\\/09\\\/06\\\/conselho-do-bec-elege-novos-membros-e-aprova-mudancas-no-estatuto\\\/#primaryimage\"},\"thumbnailUrl\":\"https:\\\/\\\/regiaonews.net.br\\\/2022\\\/wp-content\\\/uploads\\\/2023\\\/09\\\/WhatsApp-Image-2023-09-06-at-22.59.53.jpeg\",\"articleSection\":[\"Barretos\",\"Esporte\"],\"inLanguage\":\"pt-BR\",\"potentialAction\":[{\"@type\":\"CommentAction\",\"name\":\"Comment\",\"target\":[\"https:\\\/\\\/regiaonews.net.br\\\/2022\\\/2023\\\/09\\\/06\\\/conselho-do-bec-elege-novos-membros-e-aprova-mudancas-no-estatuto\\\/#respond\"]}]},{\"@type\":\"WebPage\",\"@id\":\"https:\\\/\\\/regiaonews.net.br\\\/2022\\\/2023\\\/09\\\/06\\\/conselho-do-bec-elege-novos-membros-e-aprova-mudancas-no-estatuto\\\/\",\"url\":\"https:\\\/\\\/regiaonews.net.br\\\/2022\\\/2023\\\/09\\\/06\\\/conselho-do-bec-elege-novos-membros-e-aprova-mudancas-no-estatuto\\\/\",\"name\":\"Conselho do BEC elege novos membros e aprova mudan\u00e7as\",\"isPartOf\":{\"@id\":\"https:\\\/\\\/regiaonews.net.br\\\/2022\\\/#website\"},\"primaryImageOfPage\":{\"@id\":\"https:\\\/\\\/regiaonews.net.br\\\/2022\\\/2023\\\/09\\\/06\\\/conselho-do-bec-elege-novos-membros-e-aprova-mudancas-no-estatuto\\\/#primaryimage\"},\"image\":{\"@id\":\"https:\\\/\\\/regiaonews.net.br\\\/2022\\\/2023\\\/09\\\/06\\\/conselho-do-bec-elege-novos-membros-e-aprova-mudancas-no-estatuto\\\/#primaryimage\"},\"thumbnailUrl\":\"https:\\\/\\\/regiaonews.net.br\\\/2022\\\/wp-content\\\/uploads\\\/2023\\\/09\\\/WhatsApp-Image-2023-09-06-at-22.59.53.jpeg\",\"datePublished\":\"2023-09-07T01:49:06+00:00\",\"dateModified\":\"2023-09-07T10:52:20+00:00\",\"description\":\"Em reuni\u00e3o realizada na noite desta quarta-feira (6), no sagu\u00e3o do Est\u00e1dio Fortaleza, foram eleitos os\u00a0 novos conselheiros do Barretos Esporte\",\"breadcrumb\":{\"@id\":\"https:\\\/\\\/regiaonews.net.br\\\/2022\\\/2023\\\/09\\\/06\\\/conselho-do-bec-elege-novos-membros-e-aprova-mudancas-no-estatuto\\\/#breadcrumb\"},\"inLanguage\":\"pt-BR\",\"potentialAction\":[{\"@type\":\"ReadAction\",\"target\":[\"https:\\\/\\\/regiaonews.net.br\\\/2022\\\/2023\\\/09\\\/06\\\/conselho-do-bec-elege-novos-membros-e-aprova-mudancas-no-estatuto\\\/\"]}]},{\"@type\":\"ImageObject\",\"inLanguage\":\"pt-BR\",\"@id\":\"https:\\\/\\\/regiaonews.net.br\\\/2022\\\/2023\\\/09\\\/06\\\/conselho-do-bec-elege-novos-membros-e-aprova-mudancas-no-estatuto\\\/#primaryimage\",\"url\":\"https:\\\/\\\/regiaonews.net.br\\\/2022\\\/wp-content\\\/uploads\\\/2023\\\/09\\\/WhatsApp-Image-2023-09-06-at-22.59.53.jpeg\",\"contentUrl\":\"https:\\\/\\\/regiaonews.net.br\\\/2022\\\/wp-content\\\/uploads\\\/2023\\\/09\\\/WhatsApp-Image-2023-09-06-at-22.59.53.jpeg\",\"width\":1600,\"height\":1200},{\"@type\":\"BreadcrumbList\",\"@id\":\"https:\\\/\\\/regiaonews.net.br\\\/2022\\\/2023\\\/09\\\/06\\\/conselho-do-bec-elege-novos-membros-e-aprova-mudancas-no-estatuto\\\/#breadcrumb\",\"itemListElement\":[{\"@type\":\"ListItem\",\"position\":1,\"name\":\"In\u00edcio\",\"item\":\"https:\\\/\\\/regiaonews.net.br\\\/2022\\\/\"},{\"@type\":\"ListItem\",\"position\":2,\"name\":\"Conselho do BEC elege novos membros e aprova mudan\u00e7as no estatuto\"}]},{\"@type\":\"WebSite\",\"@id\":\"https:\\\/\\\/regiaonews.net.br\\\/2022\\\/#website\",\"url\":\"https:\\\/\\\/regiaonews.net.br\\\/2022\\\/\",\"name\":\"Regi\u00e3o News\",\"description\":\"Site de Not\u00edcias de Barretos e regi\u00e3o\",\"publisher\":{\"@id\":\"https:\\\/\\\/regiaonews.net.br\\\/2022\\\/#organization\"},\"potentialAction\":[{\"@type\":\"SearchAction\",\"target\":{\"@type\":\"EntryPoint\",\"urlTemplate\":\"https:\\\/\\\/regiaonews.net.br\\\/2022\\\/?s={search_term_string}\"},\"query-input\":{\"@type\":\"PropertyValueSpecification\",\"valueRequired\":true,\"valueName\":\"search_term_string\"}}],\"inLanguage\":\"pt-BR\"},{\"@type\":\"Organization\",\"@id\":\"https:\\\/\\\/regiaonews.net.br\\\/2022\\\/#organization\",\"name\":\"Regi\u00e3o News\",\"url\":\"https:\\\/\\\/regiaonews.net.br\\\/2022\\\/\",\"logo\":{\"@type\":\"ImageObject\",\"inLanguage\":\"pt-BR\",\"@id\":\"https:\\\/\\\/regiaonews.net.br\\\/2022\\\/#\\\/schema\\\/logo\\\/image\\\/\",\"url\":\"https:\\\/\\\/regiaonews.net.br\\\/2022\\\/wp-content\\\/uploads\\\/2026\\\/03\\\/regiao-13-anos-scaled.jpg\",\"contentUrl\":\"https:\\\/\\\/regiaonews.net.br\\\/2022\\\/wp-content\\\/uploads\\\/2026\\\/03\\\/regiao-13-anos-scaled.jpg\",\"width\":2560,\"height\":635,\"caption\":\"Regi\u00e3o News\"},\"image\":{\"@id\":\"https:\\\/\\\/regiaonews.net.br\\\/2022\\\/#\\\/schema\\\/logo\\\/image\\\/\"}},{\"@type\":\"Person\",\"@id\":\"https:\\\/\\\/regiaonews.net.br\\\/2022\\\/#\\\/schema\\\/person\\\/2d205a608a5aa97ac279d7a5e6d89ad8\",\"name\":\"Roberto\",\"image\":{\"@type\":\"ImageObject\",\"inLanguage\":\"pt-BR\",\"@id\":\"https:\\\/\\\/secure.gravatar.com\\\/avatar\\\/42749d8b712ff9d59ca93dc150494e5b55a44134482993f5baeb97e61b7ecc89?s=96&d=mm&r=g\",\"url\":\"https:\\\/\\\/secure.gravatar.com\\\/avatar\\\/42749d8b712ff9d59ca93dc150494e5b55a44134482993f5baeb97e61b7ecc89?s=96&d=mm&r=g\",\"contentUrl\":\"https:\\\/\\\/secure.gravatar.com\\\/avatar\\\/42749d8b712ff9d59ca93dc150494e5b55a44134482993f5baeb97e61b7ecc89?s=96&d=mm&r=g\",\"caption\":\"Roberto\"},\"url\":\"https:\\\/\\\/regiaonews.net.br\\\/2022\\\/author\\\/roberto\\\/\"}]}<\/script>\n<!-- \/ Yoast SEO plugin. -->","yoast_head_json":{"title":"Conselho do BEC elege novos membros e aprova mudan\u00e7as","description":"Em reuni\u00e3o realizada na noite desta quarta-feira (6), no sagu\u00e3o do Est\u00e1dio Fortaleza, foram eleitos os\u00a0 novos conselheiros do Barretos Esporte","robots":{"index":"index","follow":"follow","max-snippet":"max-snippet:-1","max-image-preview":"max-image-preview:large","max-video-preview":"max-video-preview:-1"},"canonical":"https:\/\/regiaonews.net.br\/2022\/2023\/09\/06\/conselho-do-bec-elege-novos-membros-e-aprova-mudancas-no-estatuto\/","og_locale":"pt_BR","og_type":"article","og_title":"Conselho do BEC elege novos membros e aprova mudan\u00e7as","og_description":"Em reuni\u00e3o realizada na noite desta quarta-feira (6), no sagu\u00e3o do Est\u00e1dio Fortaleza, foram eleitos os\u00a0 novos conselheiros do Barretos Esporte","og_url":"https:\/\/regiaonews.net.br\/2022\/2023\/09\/06\/conselho-do-bec-elege-novos-membros-e-aprova-mudancas-no-estatuto\/","og_site_name":"Regi\u00e3o News","article_published_time":"2023-09-07T01:49:06+00:00","article_modified_time":"2023-09-07T10:52:20+00:00","og_image":[{"width":1600,"height":1200,"url":"https:\/\/regiaonews.net.br\/2022\/wp-content\/uploads\/2023\/09\/WhatsApp-Image-2023-09-06-at-22.59.53.jpeg","type":"image\/jpeg"}],"author":"Roberto","twitter_card":"summary_large_image","twitter_misc":{"Escrito por":"Roberto","Est. tempo de leitura":"2 minutos"},"schema":{"@context":"https:\/\/schema.org","@graph":[{"@type":"Article","@id":"https:\/\/regiaonews.net.br\/2022\/2023\/09\/06\/conselho-do-bec-elege-novos-membros-e-aprova-mudancas-no-estatuto\/#article","isPartOf":{"@id":"https:\/\/regiaonews.net.br\/2022\/2023\/09\/06\/conselho-do-bec-elege-novos-membros-e-aprova-mudancas-no-estatuto\/"},"author":{"name":"Roberto","@id":"https:\/\/regiaonews.net.br\/2022\/#\/schema\/person\/2d205a608a5aa97ac279d7a5e6d89ad8"},"headline":"Conselho do BEC elege novos membros e aprova mudan\u00e7as no estatuto","datePublished":"2023-09-07T01:49:06+00:00","dateModified":"2023-09-07T10:52:20+00:00","mainEntityOfPage":{"@id":"https:\/\/regiaonews.net.br\/2022\/2023\/09\/06\/conselho-do-bec-elege-novos-membros-e-aprova-mudancas-no-estatuto\/"},"wordCount":271,"commentCount":0,"publisher":{"@id":"https:\/\/regiaonews.net.br\/2022\/#organization"},"image":{"@id":"https:\/\/regiaonews.net.br\/2022\/2023\/09\/06\/conselho-do-bec-elege-novos-membros-e-aprova-mudancas-no-estatuto\/#primaryimage"},"thumbnailUrl":"https:\/\/regiaonews.net.br\/2022\/wp-content\/uploads\/2023\/09\/WhatsApp-Image-2023-09-06-at-22.59.53.jpeg","articleSection":["Barretos","Esporte"],"inLanguage":"pt-BR","potentialAction":[{"@type":"CommentAction","name":"Comment","target":["https:\/\/regiaonews.net.br\/2022\/2023\/09\/06\/conselho-do-bec-elege-novos-membros-e-aprova-mudancas-no-estatuto\/#respond"]}]},{"@type":"WebPage","@id":"https:\/\/regiaonews.net.br\/2022\/2023\/09\/06\/conselho-do-bec-elege-novos-membros-e-aprova-mudancas-no-estatuto\/","url":"https:\/\/regiaonews.net.br\/2022\/2023\/09\/06\/conselho-do-bec-elege-novos-membros-e-aprova-mudancas-no-estatuto\/","name":"Conselho do BEC elege novos membros e aprova mudan\u00e7as","isPartOf":{"@id":"https:\/\/regiaonews.net.br\/2022\/#website"},"primaryImageOfPage":{"@id":"https:\/\/regiaonews.net.br\/2022\/2023\/09\/06\/conselho-do-bec-elege-novos-membros-e-aprova-mudancas-no-estatuto\/#primaryimage"},"image":{"@id":"https:\/\/regiaonews.net.br\/2022\/2023\/09\/06\/conselho-do-bec-elege-novos-membros-e-aprova-mudancas-no-estatuto\/#primaryimage"},"thumbnailUrl":"https:\/\/regiaonews.net.br\/2022\/wp-content\/uploads\/2023\/09\/WhatsApp-Image-2023-09-06-at-22.59.53.jpeg","datePublished":"2023-09-07T01:49:06+00:00","dateModified":"2023-09-07T10:52:20+00:00","description":"Em reuni\u00e3o realizada na noite desta quarta-feira (6), no sagu\u00e3o do Est\u00e1dio Fortaleza, foram eleitos os\u00a0 novos conselheiros do Barretos Esporte","breadcrumb":{"@id":"https:\/\/regiaonews.net.br\/2022\/2023\/09\/06\/conselho-do-bec-elege-novos-membros-e-aprova-mudancas-no-estatuto\/#breadcrumb"},"inLanguage":"pt-BR","potentialAction":[{"@type":"ReadAction","target":["https:\/\/regiaonews.net.br\/2022\/2023\/09\/06\/conselho-do-bec-elege-novos-membros-e-aprova-mudancas-no-estatuto\/"]}]},{"@type":"ImageObject","inLanguage":"pt-BR","@id":"https:\/\/regiaonews.net.br\/2022\/2023\/09\/06\/conselho-do-bec-elege-novos-membros-e-aprova-mudancas-no-estatuto\/#primaryimage","url":"https:\/\/regiaonews.net.br\/2022\/wp-content\/uploads\/2023\/09\/WhatsApp-Image-2023-09-06-at-22.59.53.jpeg","contentUrl":"https:\/\/regiaonews.net.br\/2022\/wp-content\/uploads\/2023\/09\/WhatsApp-Image-2023-09-06-at-22.59.53.jpeg","width":1600,"height":1200},{"@type":"BreadcrumbList","@id":"https:\/\/regiaonews.net.br\/2022\/2023\/09\/06\/conselho-do-bec-elege-novos-membros-e-aprova-mudancas-no-estatuto\/#breadcrumb","itemListElement":[{"@type":"ListItem","position":1,"name":"In\u00edcio","item":"https:\/\/regiaonews.net.br\/2022\/"},{"@type":"ListItem","position":2,"name":"Conselho do BEC elege novos membros e aprova mudan\u00e7as no estatuto"}]},{"@type":"WebSite","@id":"https:\/\/regiaonews.net.br\/2022\/#website","url":"https:\/\/regiaonews.net.br\/2022\/","name":"Regi\u00e3o News","description":"Site de Not\u00edcias de Barretos e regi\u00e3o","publisher":{"@id":"https:\/\/regiaonews.net.br\/2022\/#organization"},"potentialAction":[{"@type":"SearchAction","target":{"@type":"EntryPoint","urlTemplate":"https:\/\/regiaonews.net.br\/2022\/?s={search_term_string}"},"query-input":{"@type":"PropertyValueSpecification","valueRequired":true,"valueName":"search_term_string"}}],"inLanguage":"pt-BR"},{"@type":"Organization","@id":"https:\/\/regiaonews.net.br\/2022\/#organization","name":"Regi\u00e3o News","url":"https:\/\/regiaonews.net.br\/2022\/","logo":{"@type":"ImageObject","inLanguage":"pt-BR","@id":"https:\/\/regiaonews.net.br\/2022\/#\/schema\/logo\/image\/","url":"https:\/\/regiaonews.net.br\/2022\/wp-content\/uploads\/2026\/03\/regiao-13-anos-scaled.jpg","contentUrl":"https:\/\/regiaonews.net.br\/2022\/wp-content\/uploads\/2026\/03\/regiao-13-anos-scaled.jpg","width":2560,"height":635,"caption":"Regi\u00e3o News"},"image":{"@id":"https:\/\/regiaonews.net.br\/2022\/#\/schema\/logo\/image\/"}},{"@type":"Person","@id":"https:\/\/regiaonews.net.br\/2022\/#\/schema\/person\/2d205a608a5aa97ac279d7a5e6d89ad8","name":"Roberto","image":{"@type":"ImageObject","inLanguage":"pt-BR","@id":"https:\/\/secure.gravatar.com\/avatar\/42749d8b712ff9d59ca93dc150494e5b55a44134482993f5baeb97e61b7ecc89?s=96&d=mm&r=g","url":"https:\/\/secure.gravatar.com\/avatar\/42749d8b712ff9d59ca93dc150494e5b55a44134482993f5baeb97e61b7ecc89?s=96&d=mm&r=g","contentUrl":"https:\/\/secure.gravatar.com\/avatar\/42749d8b712ff9d59ca93dc150494e5b55a44134482993f5baeb97e61b7ecc89?s=96&d=mm&r=g","caption":"Roberto"},"url":"https:\/\/regiaonews.net.br\/2022\/author\/roberto\/"}]}},"publishpress_future_action":{"enabled":false,"date":"2026-05-03 03:44:00","action":"change-status","newStatus":"draft","terms":[],"taxonomy":"category","extraData":[]},"publishpress_future_workflow_manual_trigger":{"enabledWorkflows":[]},"_links":{"self":[{"href":"https:\/\/regiaonews.net.br\/2022\/wp-json\/wp\/v2\/posts\/94725","targetHints":{"allow":["GET"]}}],"collection":[{"href":"https:\/\/regiaonews.net.br\/2022\/wp-json\/wp\/v2\/posts"}],"about":[{"href":"https:\/\/regiaonews.net.br\/2022\/wp-json\/wp\/v2\/types\/post"}],"author":[{"embeddable":true,"href":"https:\/\/regiaonews.net.br\/2022\/wp-json\/wp\/v2\/users\/2"}],"replies":[{"embeddable":true,"href":"https:\/\/regiaonews.net.br\/2022\/wp-json\/wp\/v2\/comments?post=94725"}],"version-history":[{"count":6,"href":"https:\/\/regiaonews.net.br\/2022\/wp-json\/wp\/v2\/posts\/94725\/revisions"}],"predecessor-version":[{"id":94734,"href":"https:\/\/regiaonews.net.br\/2022\/wp-json\/wp\/v2\/posts\/94725\/revisions\/94734"}],"wp:featuredmedia":[{"embeddable":true,"href":"https:\/\/regiaonews.net.br\/2022\/wp-json\/wp\/v2\/media\/94728"}],"wp:attachment":[{"href":"https:\/\/regiaonews.net.br\/2022\/wp-json\/wp\/v2\/media?parent=94725"}],"wp:term":[{"taxonomy":"category","embeddable":true,"href":"https:\/\/regiaonews.net.br\/2022\/wp-json\/wp\/v2\/categories?post=94725"},{"taxonomy":"post_tag","embeddable":true,"href":"https:\/\/regiaonews.net.br\/2022\/wp-json\/wp\/v2\/tags?post=94725"}],"curies":[{"name":"wp","href":"https:\/\/api.w.org\/{rel}","templated":true}]}}