{"id":94458,"date":"2023-08-31T19:25:59","date_gmt":"2023-08-31T22:25:59","guid":{"rendered":"https:\/\/regiaonews.net.br\/2022\/?p=94458"},"modified":"2023-08-31T19:25:59","modified_gmt":"2023-08-31T22:25:59","slug":"grupo-c4-realiza-the-turning-point-nesta-sexta-e-ja-anuncia-novo-evento","status":"publish","type":"post","link":"https:\/\/regiaonews.net.br\/2022\/2023\/08\/31\/grupo-c4-realiza-the-turning-point-nesta-sexta-e-ja-anuncia-novo-evento\/","title":{"rendered":"Grupo C4 realiza \u201cThe Turning Point\u201d nesta sexta e j\u00e1 anuncia novo evento"},"content":{"rendered":"<p><a href=\"https:\/\/regiaonews.net.br\/2022\/wp-content\/uploads\/2023\/08\/WhatsApp-Image-2023-08-31-at-15.24.38.jpeg\"><img loading=\"lazy\" decoding=\"async\" class=\"alignnone size-medium wp-image-94460\" src=\"https:\/\/regiaonews.net.br\/2022\/wp-content\/uploads\/2023\/08\/WhatsApp-Image-2023-08-31-at-15.24.38-300x300.jpeg\" alt=\"\" width=\"300\" height=\"300\" srcset=\"https:\/\/regiaonews.net.br\/2022\/wp-content\/uploads\/2023\/08\/WhatsApp-Image-2023-08-31-at-15.24.38-300x300.jpeg 300w, https:\/\/regiaonews.net.br\/2022\/wp-content\/uploads\/2023\/08\/WhatsApp-Image-2023-08-31-at-15.24.38-1024x1024.jpeg 1024w, https:\/\/regiaonews.net.br\/2022\/wp-content\/uploads\/2023\/08\/WhatsApp-Image-2023-08-31-at-15.24.38-150x150.jpeg 150w, https:\/\/regiaonews.net.br\/2022\/wp-content\/uploads\/2023\/08\/WhatsApp-Image-2023-08-31-at-15.24.38-768x768.jpeg 768w, https:\/\/regiaonews.net.br\/2022\/wp-content\/uploads\/2023\/08\/WhatsApp-Image-2023-08-31-at-15.24.38-1536x1536.jpeg 1536w, https:\/\/regiaonews.net.br\/2022\/wp-content\/uploads\/2023\/08\/WhatsApp-Image-2023-08-31-at-15.24.38-250x250.jpeg 250w, https:\/\/regiaonews.net.br\/2022\/wp-content\/uploads\/2023\/08\/WhatsApp-Image-2023-08-31-at-15.24.38.jpeg 1600w\" sizes=\"auto, (max-width: 300px) 100vw, 300px\" \/><\/a><\/p>\n<p>Joel Jota e Douglas Viegas fazem palestra no Centro de Conven\u00e7\u00f5es Paulo Prata neste 1\u00ba de setembro, a partir das 19h, como primeira realiza\u00e7\u00e3o do Grupo<\/p>\n<p><a href=\"https:\/\/regiaonews.net.br\/2022\/wp-content\/uploads\/2023\/08\/WhatsApp-Image-2023-08-31-at-15.23.28.jpeg\"><img loading=\"lazy\" decoding=\"async\" class=\"alignnone size-medium wp-image-94459\" src=\"https:\/\/regiaonews.net.br\/2022\/wp-content\/uploads\/2023\/08\/WhatsApp-Image-2023-08-31-at-15.23.28-300x204.jpeg\" alt=\"\" width=\"300\" height=\"204\" srcset=\"https:\/\/regiaonews.net.br\/2022\/wp-content\/uploads\/2023\/08\/WhatsApp-Image-2023-08-31-at-15.23.28-300x204.jpeg 300w, https:\/\/regiaonews.net.br\/2022\/wp-content\/uploads\/2023\/08\/WhatsApp-Image-2023-08-31-at-15.23.28-768x522.jpeg 768w, https:\/\/regiaonews.net.br\/2022\/wp-content\/uploads\/2023\/08\/WhatsApp-Image-2023-08-31-at-15.23.28-250x170.jpeg 250w, https:\/\/regiaonews.net.br\/2022\/wp-content\/uploads\/2023\/08\/WhatsApp-Image-2023-08-31-at-15.23.28.jpeg 1024w\" sizes=\"auto, (max-width: 300px) 100vw, 300px\" \/><\/a><\/p>\n<p>Foto : da esquerda para direita: F\u00e1bio, Paula, Carlos, Jaqueline, Alex, Marilene, Nikollas e Aline.<\/p>\n<p>O primeiro evento realizado pelo Grupo C4 j\u00e1 come\u00e7a grande, trazendo nesta sexta-feira, dia 1\u00ba de setembro, dois dos mais famosos palestrantes do momento, cada um com milh\u00f5es de seguidores nas redes sociais, Joel Jota e Douglas Viegas Ninja, no Centro de Conven\u00e7\u00f5es Paulo Prata, a partir das 19h, com ingressos que variam de R$ 330 a R$ 730, dependendo da localiza\u00e7\u00e3o em rela\u00e7\u00e3o ao palco.<br \/>\nOusados e vision\u00e1rios, os quatro casais que formam o Grupo C4 Eventos s\u00e3o formados de oito empres\u00e1rios, de diferentes ramos, que encontraram em comum a vontade de compartilhar conhecimento, inspirar as pessoas \u00e0 alta performance, buscando oferecer para a regi\u00e3o de Barretos eventos de motiva\u00e7\u00e3o e empreendedorismo.<br \/>\nAlex Khatib e Marilene Ferreira s\u00e3o propriet\u00e1rios da Cia do Esporte (moda esportiva); o engenheiro Carlos Santos tem a Efraim Engenharia e Arquitetura, sua esposa Jaqueline Magalh\u00e3es Nascimento \u00e9 dona da Cia. da Limpeza (produtos de limpeza); Fabio Gon\u00e7alves Machado atua no mercado da constru\u00e7\u00e3o civil com a Focco Neg\u00f3cios, sua esposa Paula Louzada \u00e9 designer de interiores e paisagista; Nikollas Belmiro Ferreira tem as marcas Casal Solar Clean e Doctor Excellence e a mulher Aline Vieira Belmiro \u00e9 consultora empresarial; juntos formam o time de investidores na marca Grupo C4 Eventos.<br \/>\nA realiza\u00e7\u00e3o que abre o m\u00eas de setembro, nesta sexta-feira, \u00e9 grande. Evento programado para duas mil pessoas, com estrutura de pra\u00e7a de alimenta\u00e7\u00e3o, loja de souvenirs, tel\u00f5es de led, som de alta qualidade, performance do consagrado mestre de cerim\u00f4nias Erick Bahia e as duas palestras mais aguardadas do ano, at\u00e9 agora. E eles j\u00e1 revelaram que v\u00e3o anunciar na noite de sexta os nomes dos dois palestrantes da pr\u00f3xima edi\u00e7\u00e3o do \u201cThe Turning Point\u201d, que acontecer\u00e1 em novembro.<br \/>\nOs palestrantes<br \/>\nDouglas Viegas, mais conhecido como \u2018Poderos\u00edssimo Ninja&#8217;, \u00e9 empreendedor e influenciador digital, foi atleta de basquetebol, chegou a competir na NBA (liga americana profissional de basquete) e usa sua experi\u00eancia em quadra, somada a suas habilidades, nas palestras motivacionais que realiza pelo Brasil. Criador do \u201cM\u00e9todo Poderos\u00edssimo\u201d e autor de v\u00e1rios livros sobre empreendedorismo e marketing digital, \u00e9 constante destaque em ve\u00edculos de comunica\u00e7\u00e3o e acumula mais de 2,3 milh\u00f5es de seguidores s\u00f3 no Instagram.<br \/>\nJoel Jota fez carreira como atleta profissional nas piscinas durante quase duas d\u00e9cadas, chegou a ocupar o ranking de melhor do mundo. Como professor universit\u00e1rio e treinador de alta performance, foi respons\u00e1vel pela carreira de mais de mil atletas, muitos com t\u00edtulos mundiais. Coordenou o Instituto Neymar por quatro anos e hoje, al\u00e9m de ser escritor, realiza palestras, cursos e mentorias focadas em pilares como disciplina, foco, treinamento e busca pela produtividade, acreditando que \u201co sucesso \u00e9 trein\u00e1vel\u201d, como ele mesmo diz.<br \/>\nAinda h\u00e1 ingressos \u00e0 disposi\u00e7\u00e3o, tanto no site, quanto vendidos na portaria do evento.<\/p>\n<p>Servi\u00e7o<br \/>\nEvento: &#8220;The Turning Point &#8211; Virando a chave para o Sucesso\u201d com os empreendedores Joel Jota e o Douglas Viegas, mais conhecido como Ninja<br \/>\nData da palestra: 1\u00ba de setembro<br \/>\nHor\u00e1rio: 19h<br \/>\nOnde: Centro de Conven\u00e7\u00f5es Dr. Paulo Prata, \u00e0 Rua Antenor Duarte Vilela, n\u00famero 1100, no bairro Paulo Prata, em Barretos\/SP.<br \/>\nIngressos \u00e0 venda e mais informa\u00e7\u00f5es pelo site: www.grupoc4eventos.com.br<br \/>\nIngressos \u00e0 venda tamb\u00e9m na portaria do evento<\/p>\n","protected":false},"excerpt":{"rendered":"<p>Joel Jota e Douglas Viegas fazem palestra no Centro de<\/p>\n","protected":false},"author":2,"featured_media":94459,"comment_status":"open","ping_status":"open","sticky":false,"template":"","format":"standard","meta":{"footnotes":""},"categories":[14,25],"tags":[],"class_list":["post-94458","post","type-post","status-publish","format-standard","has-post-thumbnail","hentry","category-barretos","category-cidades"],"yoast_head":"<!-- This site is optimized with the Yoast SEO plugin v27.4 - https:\/\/yoast.com\/product\/yoast-seo-wordpress\/ -->\n<title>Grupo C4 realiza \u201cThe Turning Point\u201d nesta sexta e j\u00e1 anuncia novo evento - Regi\u00e3o News<\/title>\n<meta name=\"robots\" content=\"index, follow, max-snippet:-1, max-image-preview:large, max-video-preview:-1\" \/>\n<link rel=\"canonical\" href=\"https:\/\/regiaonews.net.br\/2022\/2023\/08\/31\/grupo-c4-realiza-the-turning-point-nesta-sexta-e-ja-anuncia-novo-evento\/\" \/>\n<meta property=\"og:locale\" content=\"pt_BR\" \/>\n<meta property=\"og:type\" content=\"article\" \/>\n<meta property=\"og:title\" content=\"Grupo C4 realiza \u201cThe Turning Point\u201d nesta sexta e j\u00e1 anuncia novo evento - Regi\u00e3o News\" \/>\n<meta property=\"og:description\" content=\"Joel Jota e Douglas Viegas fazem palestra no Centro de\" \/>\n<meta property=\"og:url\" content=\"https:\/\/regiaonews.net.br\/2022\/2023\/08\/31\/grupo-c4-realiza-the-turning-point-nesta-sexta-e-ja-anuncia-novo-evento\/\" \/>\n<meta property=\"og:site_name\" content=\"Regi\u00e3o News\" \/>\n<meta property=\"article:published_time\" content=\"2023-08-31T22:25:59+00:00\" \/>\n<meta property=\"og:image\" content=\"https:\/\/regiaonews.net.br\/2022\/wp-content\/uploads\/2023\/08\/WhatsApp-Image-2023-08-31-at-15.23.28.jpeg\" \/>\n\t<meta property=\"og:image:width\" content=\"1024\" \/>\n\t<meta property=\"og:image:height\" content=\"696\" \/>\n\t<meta property=\"og:image:type\" content=\"image\/jpeg\" \/>\n<meta name=\"author\" content=\"Roberto\" \/>\n<meta name=\"twitter:card\" content=\"summary_large_image\" \/>\n<meta name=\"twitter:label1\" content=\"Escrito por\" \/>\n\t<meta name=\"twitter:data1\" content=\"Roberto\" \/>\n\t<meta name=\"twitter:label2\" content=\"Est. tempo de leitura\" \/>\n\t<meta name=\"twitter:data2\" content=\"4 minutos\" \/>\n<script type=\"application\/ld+json\" class=\"yoast-schema-graph\">{\"@context\":\"https:\\\/\\\/schema.org\",\"@graph\":[{\"@type\":\"Article\",\"@id\":\"https:\\\/\\\/regiaonews.net.br\\\/2022\\\/2023\\\/08\\\/31\\\/grupo-c4-realiza-the-turning-point-nesta-sexta-e-ja-anuncia-novo-evento\\\/#article\",\"isPartOf\":{\"@id\":\"https:\\\/\\\/regiaonews.net.br\\\/2022\\\/2023\\\/08\\\/31\\\/grupo-c4-realiza-the-turning-point-nesta-sexta-e-ja-anuncia-novo-evento\\\/\"},\"author\":{\"name\":\"Roberto\",\"@id\":\"https:\\\/\\\/regiaonews.net.br\\\/2022\\\/#\\\/schema\\\/person\\\/2d205a608a5aa97ac279d7a5e6d89ad8\"},\"headline\":\"Grupo C4 realiza \u201cThe Turning Point\u201d nesta sexta e j\u00e1 anuncia novo evento\",\"datePublished\":\"2023-08-31T22:25:59+00:00\",\"mainEntityOfPage\":{\"@id\":\"https:\\\/\\\/regiaonews.net.br\\\/2022\\\/2023\\\/08\\\/31\\\/grupo-c4-realiza-the-turning-point-nesta-sexta-e-ja-anuncia-novo-evento\\\/\"},\"wordCount\":615,\"commentCount\":0,\"publisher\":{\"@id\":\"https:\\\/\\\/regiaonews.net.br\\\/2022\\\/#organization\"},\"image\":{\"@id\":\"https:\\\/\\\/regiaonews.net.br\\\/2022\\\/2023\\\/08\\\/31\\\/grupo-c4-realiza-the-turning-point-nesta-sexta-e-ja-anuncia-novo-evento\\\/#primaryimage\"},\"thumbnailUrl\":\"https:\\\/\\\/regiaonews.net.br\\\/2022\\\/wp-content\\\/uploads\\\/2023\\\/08\\\/WhatsApp-Image-2023-08-31-at-15.23.28.jpeg\",\"articleSection\":[\"Barretos\",\"Cidades\"],\"inLanguage\":\"pt-BR\",\"potentialAction\":[{\"@type\":\"CommentAction\",\"name\":\"Comment\",\"target\":[\"https:\\\/\\\/regiaonews.net.br\\\/2022\\\/2023\\\/08\\\/31\\\/grupo-c4-realiza-the-turning-point-nesta-sexta-e-ja-anuncia-novo-evento\\\/#respond\"]}]},{\"@type\":\"WebPage\",\"@id\":\"https:\\\/\\\/regiaonews.net.br\\\/2022\\\/2023\\\/08\\\/31\\\/grupo-c4-realiza-the-turning-point-nesta-sexta-e-ja-anuncia-novo-evento\\\/\",\"url\":\"https:\\\/\\\/regiaonews.net.br\\\/2022\\\/2023\\\/08\\\/31\\\/grupo-c4-realiza-the-turning-point-nesta-sexta-e-ja-anuncia-novo-evento\\\/\",\"name\":\"Grupo C4 realiza \u201cThe Turning Point\u201d nesta sexta e j\u00e1 anuncia novo evento - Regi\u00e3o News\",\"isPartOf\":{\"@id\":\"https:\\\/\\\/regiaonews.net.br\\\/2022\\\/#website\"},\"primaryImageOfPage\":{\"@id\":\"https:\\\/\\\/regiaonews.net.br\\\/2022\\\/2023\\\/08\\\/31\\\/grupo-c4-realiza-the-turning-point-nesta-sexta-e-ja-anuncia-novo-evento\\\/#primaryimage\"},\"image\":{\"@id\":\"https:\\\/\\\/regiaonews.net.br\\\/2022\\\/2023\\\/08\\\/31\\\/grupo-c4-realiza-the-turning-point-nesta-sexta-e-ja-anuncia-novo-evento\\\/#primaryimage\"},\"thumbnailUrl\":\"https:\\\/\\\/regiaonews.net.br\\\/2022\\\/wp-content\\\/uploads\\\/2023\\\/08\\\/WhatsApp-Image-2023-08-31-at-15.23.28.jpeg\",\"datePublished\":\"2023-08-31T22:25:59+00:00\",\"breadcrumb\":{\"@id\":\"https:\\\/\\\/regiaonews.net.br\\\/2022\\\/2023\\\/08\\\/31\\\/grupo-c4-realiza-the-turning-point-nesta-sexta-e-ja-anuncia-novo-evento\\\/#breadcrumb\"},\"inLanguage\":\"pt-BR\",\"potentialAction\":[{\"@type\":\"ReadAction\",\"target\":[\"https:\\\/\\\/regiaonews.net.br\\\/2022\\\/2023\\\/08\\\/31\\\/grupo-c4-realiza-the-turning-point-nesta-sexta-e-ja-anuncia-novo-evento\\\/\"]}]},{\"@type\":\"ImageObject\",\"inLanguage\":\"pt-BR\",\"@id\":\"https:\\\/\\\/regiaonews.net.br\\\/2022\\\/2023\\\/08\\\/31\\\/grupo-c4-realiza-the-turning-point-nesta-sexta-e-ja-anuncia-novo-evento\\\/#primaryimage\",\"url\":\"https:\\\/\\\/regiaonews.net.br\\\/2022\\\/wp-content\\\/uploads\\\/2023\\\/08\\\/WhatsApp-Image-2023-08-31-at-15.23.28.jpeg\",\"contentUrl\":\"https:\\\/\\\/regiaonews.net.br\\\/2022\\\/wp-content\\\/uploads\\\/2023\\\/08\\\/WhatsApp-Image-2023-08-31-at-15.23.28.jpeg\",\"width\":1024,\"height\":696},{\"@type\":\"BreadcrumbList\",\"@id\":\"https:\\\/\\\/regiaonews.net.br\\\/2022\\\/2023\\\/08\\\/31\\\/grupo-c4-realiza-the-turning-point-nesta-sexta-e-ja-anuncia-novo-evento\\\/#breadcrumb\",\"itemListElement\":[{\"@type\":\"ListItem\",\"position\":1,\"name\":\"In\u00edcio\",\"item\":\"https:\\\/\\\/regiaonews.net.br\\\/2022\\\/\"},{\"@type\":\"ListItem\",\"position\":2,\"name\":\"Grupo C4 realiza \u201cThe Turning Point\u201d nesta sexta e j\u00e1 anuncia novo evento\"}]},{\"@type\":\"WebSite\",\"@id\":\"https:\\\/\\\/regiaonews.net.br\\\/2022\\\/#website\",\"url\":\"https:\\\/\\\/regiaonews.net.br\\\/2022\\\/\",\"name\":\"Regi\u00e3o News\",\"description\":\"Site de Not\u00edcias de Barretos e regi\u00e3o\",\"publisher\":{\"@id\":\"https:\\\/\\\/regiaonews.net.br\\\/2022\\\/#organization\"},\"potentialAction\":[{\"@type\":\"SearchAction\",\"target\":{\"@type\":\"EntryPoint\",\"urlTemplate\":\"https:\\\/\\\/regiaonews.net.br\\\/2022\\\/?s={search_term_string}\"},\"query-input\":{\"@type\":\"PropertyValueSpecification\",\"valueRequired\":true,\"valueName\":\"search_term_string\"}}],\"inLanguage\":\"pt-BR\"},{\"@type\":\"Organization\",\"@id\":\"https:\\\/\\\/regiaonews.net.br\\\/2022\\\/#organization\",\"name\":\"Regi\u00e3o News\",\"url\":\"https:\\\/\\\/regiaonews.net.br\\\/2022\\\/\",\"logo\":{\"@type\":\"ImageObject\",\"inLanguage\":\"pt-BR\",\"@id\":\"https:\\\/\\\/regiaonews.net.br\\\/2022\\\/#\\\/schema\\\/logo\\\/image\\\/\",\"url\":\"https:\\\/\\\/regiaonews.net.br\\\/2022\\\/wp-content\\\/uploads\\\/2026\\\/03\\\/regiao-13-anos-scaled.jpg\",\"contentUrl\":\"https:\\\/\\\/regiaonews.net.br\\\/2022\\\/wp-content\\\/uploads\\\/2026\\\/03\\\/regiao-13-anos-scaled.jpg\",\"width\":2560,\"height\":635,\"caption\":\"Regi\u00e3o News\"},\"image\":{\"@id\":\"https:\\\/\\\/regiaonews.net.br\\\/2022\\\/#\\\/schema\\\/logo\\\/image\\\/\"}},{\"@type\":\"Person\",\"@id\":\"https:\\\/\\\/regiaonews.net.br\\\/2022\\\/#\\\/schema\\\/person\\\/2d205a608a5aa97ac279d7a5e6d89ad8\",\"name\":\"Roberto\",\"image\":{\"@type\":\"ImageObject\",\"inLanguage\":\"pt-BR\",\"@id\":\"https:\\\/\\\/secure.gravatar.com\\\/avatar\\\/42749d8b712ff9d59ca93dc150494e5b55a44134482993f5baeb97e61b7ecc89?s=96&d=mm&r=g\",\"url\":\"https:\\\/\\\/secure.gravatar.com\\\/avatar\\\/42749d8b712ff9d59ca93dc150494e5b55a44134482993f5baeb97e61b7ecc89?s=96&d=mm&r=g\",\"contentUrl\":\"https:\\\/\\\/secure.gravatar.com\\\/avatar\\\/42749d8b712ff9d59ca93dc150494e5b55a44134482993f5baeb97e61b7ecc89?s=96&d=mm&r=g\",\"caption\":\"Roberto\"},\"url\":\"https:\\\/\\\/regiaonews.net.br\\\/2022\\\/author\\\/roberto\\\/\"}]}<\/script>\n<!-- \/ Yoast SEO plugin. -->","yoast_head_json":{"title":"Grupo C4 realiza \u201cThe Turning Point\u201d nesta sexta e j\u00e1 anuncia novo evento - Regi\u00e3o News","robots":{"index":"index","follow":"follow","max-snippet":"max-snippet:-1","max-image-preview":"max-image-preview:large","max-video-preview":"max-video-preview:-1"},"canonical":"https:\/\/regiaonews.net.br\/2022\/2023\/08\/31\/grupo-c4-realiza-the-turning-point-nesta-sexta-e-ja-anuncia-novo-evento\/","og_locale":"pt_BR","og_type":"article","og_title":"Grupo C4 realiza \u201cThe Turning Point\u201d nesta sexta e j\u00e1 anuncia novo evento - Regi\u00e3o News","og_description":"Joel Jota e Douglas Viegas fazem palestra no Centro de","og_url":"https:\/\/regiaonews.net.br\/2022\/2023\/08\/31\/grupo-c4-realiza-the-turning-point-nesta-sexta-e-ja-anuncia-novo-evento\/","og_site_name":"Regi\u00e3o News","article_published_time":"2023-08-31T22:25:59+00:00","og_image":[{"width":1024,"height":696,"url":"https:\/\/regiaonews.net.br\/2022\/wp-content\/uploads\/2023\/08\/WhatsApp-Image-2023-08-31-at-15.23.28.jpeg","type":"image\/jpeg"}],"author":"Roberto","twitter_card":"summary_large_image","twitter_misc":{"Escrito por":"Roberto","Est. tempo de leitura":"4 minutos"},"schema":{"@context":"https:\/\/schema.org","@graph":[{"@type":"Article","@id":"https:\/\/regiaonews.net.br\/2022\/2023\/08\/31\/grupo-c4-realiza-the-turning-point-nesta-sexta-e-ja-anuncia-novo-evento\/#article","isPartOf":{"@id":"https:\/\/regiaonews.net.br\/2022\/2023\/08\/31\/grupo-c4-realiza-the-turning-point-nesta-sexta-e-ja-anuncia-novo-evento\/"},"author":{"name":"Roberto","@id":"https:\/\/regiaonews.net.br\/2022\/#\/schema\/person\/2d205a608a5aa97ac279d7a5e6d89ad8"},"headline":"Grupo C4 realiza \u201cThe Turning Point\u201d nesta sexta e j\u00e1 anuncia novo evento","datePublished":"2023-08-31T22:25:59+00:00","mainEntityOfPage":{"@id":"https:\/\/regiaonews.net.br\/2022\/2023\/08\/31\/grupo-c4-realiza-the-turning-point-nesta-sexta-e-ja-anuncia-novo-evento\/"},"wordCount":615,"commentCount":0,"publisher":{"@id":"https:\/\/regiaonews.net.br\/2022\/#organization"},"image":{"@id":"https:\/\/regiaonews.net.br\/2022\/2023\/08\/31\/grupo-c4-realiza-the-turning-point-nesta-sexta-e-ja-anuncia-novo-evento\/#primaryimage"},"thumbnailUrl":"https:\/\/regiaonews.net.br\/2022\/wp-content\/uploads\/2023\/08\/WhatsApp-Image-2023-08-31-at-15.23.28.jpeg","articleSection":["Barretos","Cidades"],"inLanguage":"pt-BR","potentialAction":[{"@type":"CommentAction","name":"Comment","target":["https:\/\/regiaonews.net.br\/2022\/2023\/08\/31\/grupo-c4-realiza-the-turning-point-nesta-sexta-e-ja-anuncia-novo-evento\/#respond"]}]},{"@type":"WebPage","@id":"https:\/\/regiaonews.net.br\/2022\/2023\/08\/31\/grupo-c4-realiza-the-turning-point-nesta-sexta-e-ja-anuncia-novo-evento\/","url":"https:\/\/regiaonews.net.br\/2022\/2023\/08\/31\/grupo-c4-realiza-the-turning-point-nesta-sexta-e-ja-anuncia-novo-evento\/","name":"Grupo C4 realiza \u201cThe Turning Point\u201d nesta sexta e j\u00e1 anuncia novo evento - Regi\u00e3o News","isPartOf":{"@id":"https:\/\/regiaonews.net.br\/2022\/#website"},"primaryImageOfPage":{"@id":"https:\/\/regiaonews.net.br\/2022\/2023\/08\/31\/grupo-c4-realiza-the-turning-point-nesta-sexta-e-ja-anuncia-novo-evento\/#primaryimage"},"image":{"@id":"https:\/\/regiaonews.net.br\/2022\/2023\/08\/31\/grupo-c4-realiza-the-turning-point-nesta-sexta-e-ja-anuncia-novo-evento\/#primaryimage"},"thumbnailUrl":"https:\/\/regiaonews.net.br\/2022\/wp-content\/uploads\/2023\/08\/WhatsApp-Image-2023-08-31-at-15.23.28.jpeg","datePublished":"2023-08-31T22:25:59+00:00","breadcrumb":{"@id":"https:\/\/regiaonews.net.br\/2022\/2023\/08\/31\/grupo-c4-realiza-the-turning-point-nesta-sexta-e-ja-anuncia-novo-evento\/#breadcrumb"},"inLanguage":"pt-BR","potentialAction":[{"@type":"ReadAction","target":["https:\/\/regiaonews.net.br\/2022\/2023\/08\/31\/grupo-c4-realiza-the-turning-point-nesta-sexta-e-ja-anuncia-novo-evento\/"]}]},{"@type":"ImageObject","inLanguage":"pt-BR","@id":"https:\/\/regiaonews.net.br\/2022\/2023\/08\/31\/grupo-c4-realiza-the-turning-point-nesta-sexta-e-ja-anuncia-novo-evento\/#primaryimage","url":"https:\/\/regiaonews.net.br\/2022\/wp-content\/uploads\/2023\/08\/WhatsApp-Image-2023-08-31-at-15.23.28.jpeg","contentUrl":"https:\/\/regiaonews.net.br\/2022\/wp-content\/uploads\/2023\/08\/WhatsApp-Image-2023-08-31-at-15.23.28.jpeg","width":1024,"height":696},{"@type":"BreadcrumbList","@id":"https:\/\/regiaonews.net.br\/2022\/2023\/08\/31\/grupo-c4-realiza-the-turning-point-nesta-sexta-e-ja-anuncia-novo-evento\/#breadcrumb","itemListElement":[{"@type":"ListItem","position":1,"name":"In\u00edcio","item":"https:\/\/regiaonews.net.br\/2022\/"},{"@type":"ListItem","position":2,"name":"Grupo C4 realiza \u201cThe Turning Point\u201d nesta sexta e j\u00e1 anuncia novo evento"}]},{"@type":"WebSite","@id":"https:\/\/regiaonews.net.br\/2022\/#website","url":"https:\/\/regiaonews.net.br\/2022\/","name":"Regi\u00e3o News","description":"Site de Not\u00edcias de Barretos e regi\u00e3o","publisher":{"@id":"https:\/\/regiaonews.net.br\/2022\/#organization"},"potentialAction":[{"@type":"SearchAction","target":{"@type":"EntryPoint","urlTemplate":"https:\/\/regiaonews.net.br\/2022\/?s={search_term_string}"},"query-input":{"@type":"PropertyValueSpecification","valueRequired":true,"valueName":"search_term_string"}}],"inLanguage":"pt-BR"},{"@type":"Organization","@id":"https:\/\/regiaonews.net.br\/2022\/#organization","name":"Regi\u00e3o News","url":"https:\/\/regiaonews.net.br\/2022\/","logo":{"@type":"ImageObject","inLanguage":"pt-BR","@id":"https:\/\/regiaonews.net.br\/2022\/#\/schema\/logo\/image\/","url":"https:\/\/regiaonews.net.br\/2022\/wp-content\/uploads\/2026\/03\/regiao-13-anos-scaled.jpg","contentUrl":"https:\/\/regiaonews.net.br\/2022\/wp-content\/uploads\/2026\/03\/regiao-13-anos-scaled.jpg","width":2560,"height":635,"caption":"Regi\u00e3o News"},"image":{"@id":"https:\/\/regiaonews.net.br\/2022\/#\/schema\/logo\/image\/"}},{"@type":"Person","@id":"https:\/\/regiaonews.net.br\/2022\/#\/schema\/person\/2d205a608a5aa97ac279d7a5e6d89ad8","name":"Roberto","image":{"@type":"ImageObject","inLanguage":"pt-BR","@id":"https:\/\/secure.gravatar.com\/avatar\/42749d8b712ff9d59ca93dc150494e5b55a44134482993f5baeb97e61b7ecc89?s=96&d=mm&r=g","url":"https:\/\/secure.gravatar.com\/avatar\/42749d8b712ff9d59ca93dc150494e5b55a44134482993f5baeb97e61b7ecc89?s=96&d=mm&r=g","contentUrl":"https:\/\/secure.gravatar.com\/avatar\/42749d8b712ff9d59ca93dc150494e5b55a44134482993f5baeb97e61b7ecc89?s=96&d=mm&r=g","caption":"Roberto"},"url":"https:\/\/regiaonews.net.br\/2022\/author\/roberto\/"}]}},"publishpress_future_action":{"enabled":false,"date":"2026-05-03 01:44:39","action":"change-status","newStatus":"draft","terms":[],"taxonomy":"category","extraData":[]},"publishpress_future_workflow_manual_trigger":{"enabledWorkflows":[]},"_links":{"self":[{"href":"https:\/\/regiaonews.net.br\/2022\/wp-json\/wp\/v2\/posts\/94458","targetHints":{"allow":["GET"]}}],"collection":[{"href":"https:\/\/regiaonews.net.br\/2022\/wp-json\/wp\/v2\/posts"}],"about":[{"href":"https:\/\/regiaonews.net.br\/2022\/wp-json\/wp\/v2\/types\/post"}],"author":[{"embeddable":true,"href":"https:\/\/regiaonews.net.br\/2022\/wp-json\/wp\/v2\/users\/2"}],"replies":[{"embeddable":true,"href":"https:\/\/regiaonews.net.br\/2022\/wp-json\/wp\/v2\/comments?post=94458"}],"version-history":[{"count":1,"href":"https:\/\/regiaonews.net.br\/2022\/wp-json\/wp\/v2\/posts\/94458\/revisions"}],"predecessor-version":[{"id":94461,"href":"https:\/\/regiaonews.net.br\/2022\/wp-json\/wp\/v2\/posts\/94458\/revisions\/94461"}],"wp:featuredmedia":[{"embeddable":true,"href":"https:\/\/regiaonews.net.br\/2022\/wp-json\/wp\/v2\/media\/94459"}],"wp:attachment":[{"href":"https:\/\/regiaonews.net.br\/2022\/wp-json\/wp\/v2\/media?parent=94458"}],"wp:term":[{"taxonomy":"category","embeddable":true,"href":"https:\/\/regiaonews.net.br\/2022\/wp-json\/wp\/v2\/categories?post=94458"},{"taxonomy":"post_tag","embeddable":true,"href":"https:\/\/regiaonews.net.br\/2022\/wp-json\/wp\/v2\/tags?post=94458"}],"curies":[{"name":"wp","href":"https:\/\/api.w.org\/{rel}","templated":true}]}}