{"id":94455,"date":"2023-08-31T15:47:51","date_gmt":"2023-08-31T18:47:51","guid":{"rendered":"https:\/\/regiaonews.net.br\/2022\/?p=94455"},"modified":"2023-08-31T15:47:51","modified_gmt":"2023-08-31T18:47:51","slug":"faustao-esta-com-funcao-cardiaca-normalizada-e-estavel-diz-hospital","status":"publish","type":"post","link":"https:\/\/regiaonews.net.br\/2022\/2023\/08\/31\/faustao-esta-com-funcao-cardiaca-normalizada-e-estavel-diz-hospital\/","title":{"rendered":"Faust\u00e3o est\u00e1 com fun\u00e7\u00e3o card\u00edaca normalizada e est\u00e1vel, diz hospital"},"content":{"rendered":"<h3 class=\"col-10 offset-1 animated fadeInDown dealy-900 display-8 display-md-8 alt-font font-italic my-1 text-center\" style=\"text-align: center;\">Com evolu\u00e7\u00e3o esperada, apresentador iniciou a fisioterapia.<\/h3>\n<p>Ap\u00f3s 72 horas da realiza\u00e7\u00e3o de um transplante de cora\u00e7\u00e3o, o apresentador Fausto Silva, conhecido como Faust\u00e3o, est\u00e1 com a fun\u00e7\u00e3o card\u00edaca normalizada e est\u00e1vel. Nesta quarta-feira (30), foram retirados o dreno e alguns cateteres, informou boletim m\u00e9dico do Hospital Albert Einstein, onde ele est\u00e1 internado.\u00a0<img decoding=\"async\" src=\"https:\/\/agenciabrasil.ebc.com.br\/ebc.png?id=1552334&amp;o=node\" \/><img decoding=\"async\" src=\"https:\/\/agenciabrasil.ebc.com.br\/ebc.gif?id=1552334&amp;o=node\" \/><\/p>\n<p>O comunicado diz ainda que ele segue evoluindo dentro do esperado e que iniciou a fisioterapia. Faust\u00e3o \u201cest\u00e1 se comunicando normalmente e se mostra muito disposto\u201d, diz o texto assinado pelo cardiologista Fernando Bacal; pelo cirurgi\u00e3o cardiovascular F\u00e1bio Ant\u00f4nio Gaiotto; e pelo diretor m\u00e9dico e de Servi\u00e7os Hospitalares do Hospital Israelita Albert Einstein, Miguel Cendoroglo Neto.<\/p>\n<p>No \u00faltimo domingo (27), Faust\u00e3o recebeu um novo cora\u00e7\u00e3o. Ele havia sido inclu\u00eddo na fila de transplantes do Sistema \u00danico de Sa\u00fade ap\u00f3s agravamento do quadro de insufici\u00eancia card\u00edaca, que \u00e9 acompanhado desde 2020.<\/p>\n<p>Fonte &#8211; Ag\u00eancia Brasil.<\/p>\n","protected":false},"excerpt":{"rendered":"<p>Com evolu\u00e7\u00e3o esperada, apresentador iniciou a fisioterapia. Ap\u00f3s 72 horas<\/p>\n","protected":false},"author":2,"featured_media":94456,"comment_status":"open","ping_status":"open","sticky":false,"template":"","format":"standard","meta":{"footnotes":""},"categories":[24,3],"tags":[],"class_list":["post-94455","post","type-post","status-publish","format-standard","has-post-thumbnail","hentry","category-brasil","category-geral"],"yoast_head":"<!-- This site is optimized with the Yoast SEO plugin v27.4 - https:\/\/yoast.com\/product\/yoast-seo-wordpress\/ -->\n<title>Faust\u00e3o est\u00e1 com fun\u00e7\u00e3o card\u00edaca normalizada e est\u00e1vel, diz hospital - Regi\u00e3o News<\/title>\n<meta name=\"robots\" content=\"index, follow, max-snippet:-1, max-image-preview:large, max-video-preview:-1\" \/>\n<link rel=\"canonical\" href=\"https:\/\/regiaonews.net.br\/2022\/2023\/08\/31\/faustao-esta-com-funcao-cardiaca-normalizada-e-estavel-diz-hospital\/\" \/>\n<meta property=\"og:locale\" content=\"pt_BR\" \/>\n<meta property=\"og:type\" content=\"article\" \/>\n<meta property=\"og:title\" content=\"Faust\u00e3o est\u00e1 com fun\u00e7\u00e3o card\u00edaca normalizada e est\u00e1vel, diz hospital - Regi\u00e3o News\" \/>\n<meta property=\"og:description\" content=\"Com evolu\u00e7\u00e3o esperada, apresentador iniciou a fisioterapia. Ap\u00f3s 72 horas\" \/>\n<meta property=\"og:url\" content=\"https:\/\/regiaonews.net.br\/2022\/2023\/08\/31\/faustao-esta-com-funcao-cardiaca-normalizada-e-estavel-diz-hospital\/\" \/>\n<meta property=\"og:site_name\" content=\"Regi\u00e3o News\" \/>\n<meta property=\"article:published_time\" content=\"2023-08-31T18:47:51+00:00\" \/>\n<meta property=\"og:image\" content=\"https:\/\/regiaonews.net.br\/2022\/wp-content\/uploads\/2023\/08\/alta_faustao_1.jpg\" \/>\n\t<meta property=\"og:image:width\" content=\"1170\" \/>\n\t<meta property=\"og:image:height\" content=\"700\" \/>\n\t<meta property=\"og:image:type\" content=\"image\/jpeg\" \/>\n<meta name=\"author\" content=\"Roberto\" \/>\n<meta name=\"twitter:card\" content=\"summary_large_image\" \/>\n<meta name=\"twitter:label1\" content=\"Escrito por\" \/>\n\t<meta name=\"twitter:data1\" content=\"Roberto\" \/>\n\t<meta name=\"twitter:label2\" content=\"Est. tempo de leitura\" \/>\n\t<meta name=\"twitter:data2\" content=\"2 minutos\" \/>\n<script type=\"application\/ld+json\" class=\"yoast-schema-graph\">{\"@context\":\"https:\\\/\\\/schema.org\",\"@graph\":[{\"@type\":\"Article\",\"@id\":\"https:\\\/\\\/regiaonews.net.br\\\/2022\\\/2023\\\/08\\\/31\\\/faustao-esta-com-funcao-cardiaca-normalizada-e-estavel-diz-hospital\\\/#article\",\"isPartOf\":{\"@id\":\"https:\\\/\\\/regiaonews.net.br\\\/2022\\\/2023\\\/08\\\/31\\\/faustao-esta-com-funcao-cardiaca-normalizada-e-estavel-diz-hospital\\\/\"},\"author\":{\"name\":\"Roberto\",\"@id\":\"https:\\\/\\\/regiaonews.net.br\\\/2022\\\/#\\\/schema\\\/person\\\/2d205a608a5aa97ac279d7a5e6d89ad8\"},\"headline\":\"Faust\u00e3o est\u00e1 com fun\u00e7\u00e3o card\u00edaca normalizada e est\u00e1vel, diz hospital\",\"datePublished\":\"2023-08-31T18:47:51+00:00\",\"mainEntityOfPage\":{\"@id\":\"https:\\\/\\\/regiaonews.net.br\\\/2022\\\/2023\\\/08\\\/31\\\/faustao-esta-com-funcao-cardiaca-normalizada-e-estavel-diz-hospital\\\/\"},\"wordCount\":179,\"commentCount\":0,\"publisher\":{\"@id\":\"https:\\\/\\\/regiaonews.net.br\\\/2022\\\/#organization\"},\"image\":{\"@id\":\"https:\\\/\\\/regiaonews.net.br\\\/2022\\\/2023\\\/08\\\/31\\\/faustao-esta-com-funcao-cardiaca-normalizada-e-estavel-diz-hospital\\\/#primaryimage\"},\"thumbnailUrl\":\"https:\\\/\\\/regiaonews.net.br\\\/2022\\\/wp-content\\\/uploads\\\/2023\\\/08\\\/alta_faustao_1.jpg\",\"articleSection\":[\"Brasil\",\"Geral\"],\"inLanguage\":\"pt-BR\",\"potentialAction\":[{\"@type\":\"CommentAction\",\"name\":\"Comment\",\"target\":[\"https:\\\/\\\/regiaonews.net.br\\\/2022\\\/2023\\\/08\\\/31\\\/faustao-esta-com-funcao-cardiaca-normalizada-e-estavel-diz-hospital\\\/#respond\"]}]},{\"@type\":\"WebPage\",\"@id\":\"https:\\\/\\\/regiaonews.net.br\\\/2022\\\/2023\\\/08\\\/31\\\/faustao-esta-com-funcao-cardiaca-normalizada-e-estavel-diz-hospital\\\/\",\"url\":\"https:\\\/\\\/regiaonews.net.br\\\/2022\\\/2023\\\/08\\\/31\\\/faustao-esta-com-funcao-cardiaca-normalizada-e-estavel-diz-hospital\\\/\",\"name\":\"Faust\u00e3o est\u00e1 com fun\u00e7\u00e3o card\u00edaca normalizada e est\u00e1vel, diz hospital - Regi\u00e3o News\",\"isPartOf\":{\"@id\":\"https:\\\/\\\/regiaonews.net.br\\\/2022\\\/#website\"},\"primaryImageOfPage\":{\"@id\":\"https:\\\/\\\/regiaonews.net.br\\\/2022\\\/2023\\\/08\\\/31\\\/faustao-esta-com-funcao-cardiaca-normalizada-e-estavel-diz-hospital\\\/#primaryimage\"},\"image\":{\"@id\":\"https:\\\/\\\/regiaonews.net.br\\\/2022\\\/2023\\\/08\\\/31\\\/faustao-esta-com-funcao-cardiaca-normalizada-e-estavel-diz-hospital\\\/#primaryimage\"},\"thumbnailUrl\":\"https:\\\/\\\/regiaonews.net.br\\\/2022\\\/wp-content\\\/uploads\\\/2023\\\/08\\\/alta_faustao_1.jpg\",\"datePublished\":\"2023-08-31T18:47:51+00:00\",\"breadcrumb\":{\"@id\":\"https:\\\/\\\/regiaonews.net.br\\\/2022\\\/2023\\\/08\\\/31\\\/faustao-esta-com-funcao-cardiaca-normalizada-e-estavel-diz-hospital\\\/#breadcrumb\"},\"inLanguage\":\"pt-BR\",\"potentialAction\":[{\"@type\":\"ReadAction\",\"target\":[\"https:\\\/\\\/regiaonews.net.br\\\/2022\\\/2023\\\/08\\\/31\\\/faustao-esta-com-funcao-cardiaca-normalizada-e-estavel-diz-hospital\\\/\"]}]},{\"@type\":\"ImageObject\",\"inLanguage\":\"pt-BR\",\"@id\":\"https:\\\/\\\/regiaonews.net.br\\\/2022\\\/2023\\\/08\\\/31\\\/faustao-esta-com-funcao-cardiaca-normalizada-e-estavel-diz-hospital\\\/#primaryimage\",\"url\":\"https:\\\/\\\/regiaonews.net.br\\\/2022\\\/wp-content\\\/uploads\\\/2023\\\/08\\\/alta_faustao_1.jpg\",\"contentUrl\":\"https:\\\/\\\/regiaonews.net.br\\\/2022\\\/wp-content\\\/uploads\\\/2023\\\/08\\\/alta_faustao_1.jpg\",\"width\":1170,\"height\":700,\"caption\":\"S\u00e3o Paulo (SP) - O novo cora\u00e7\u00e3o para o transplante do apresentador Fausto Silva, o Faust\u00e3o, chegou neste domingo (27) ao hospital Albert Einstein, em S\u00e3o Paulo. Foto: Instagram\\\/Fausto Silva\"},{\"@type\":\"BreadcrumbList\",\"@id\":\"https:\\\/\\\/regiaonews.net.br\\\/2022\\\/2023\\\/08\\\/31\\\/faustao-esta-com-funcao-cardiaca-normalizada-e-estavel-diz-hospital\\\/#breadcrumb\",\"itemListElement\":[{\"@type\":\"ListItem\",\"position\":1,\"name\":\"In\u00edcio\",\"item\":\"https:\\\/\\\/regiaonews.net.br\\\/2022\\\/\"},{\"@type\":\"ListItem\",\"position\":2,\"name\":\"Faust\u00e3o est\u00e1 com fun\u00e7\u00e3o card\u00edaca normalizada e est\u00e1vel, diz hospital\"}]},{\"@type\":\"WebSite\",\"@id\":\"https:\\\/\\\/regiaonews.net.br\\\/2022\\\/#website\",\"url\":\"https:\\\/\\\/regiaonews.net.br\\\/2022\\\/\",\"name\":\"Regi\u00e3o News\",\"description\":\"Site de Not\u00edcias de Barretos e regi\u00e3o\",\"publisher\":{\"@id\":\"https:\\\/\\\/regiaonews.net.br\\\/2022\\\/#organization\"},\"potentialAction\":[{\"@type\":\"SearchAction\",\"target\":{\"@type\":\"EntryPoint\",\"urlTemplate\":\"https:\\\/\\\/regiaonews.net.br\\\/2022\\\/?s={search_term_string}\"},\"query-input\":{\"@type\":\"PropertyValueSpecification\",\"valueRequired\":true,\"valueName\":\"search_term_string\"}}],\"inLanguage\":\"pt-BR\"},{\"@type\":\"Organization\",\"@id\":\"https:\\\/\\\/regiaonews.net.br\\\/2022\\\/#organization\",\"name\":\"Regi\u00e3o News\",\"url\":\"https:\\\/\\\/regiaonews.net.br\\\/2022\\\/\",\"logo\":{\"@type\":\"ImageObject\",\"inLanguage\":\"pt-BR\",\"@id\":\"https:\\\/\\\/regiaonews.net.br\\\/2022\\\/#\\\/schema\\\/logo\\\/image\\\/\",\"url\":\"https:\\\/\\\/regiaonews.net.br\\\/2022\\\/wp-content\\\/uploads\\\/2026\\\/03\\\/regiao-13-anos-scaled.jpg\",\"contentUrl\":\"https:\\\/\\\/regiaonews.net.br\\\/2022\\\/wp-content\\\/uploads\\\/2026\\\/03\\\/regiao-13-anos-scaled.jpg\",\"width\":2560,\"height\":635,\"caption\":\"Regi\u00e3o News\"},\"image\":{\"@id\":\"https:\\\/\\\/regiaonews.net.br\\\/2022\\\/#\\\/schema\\\/logo\\\/image\\\/\"}},{\"@type\":\"Person\",\"@id\":\"https:\\\/\\\/regiaonews.net.br\\\/2022\\\/#\\\/schema\\\/person\\\/2d205a608a5aa97ac279d7a5e6d89ad8\",\"name\":\"Roberto\",\"image\":{\"@type\":\"ImageObject\",\"inLanguage\":\"pt-BR\",\"@id\":\"https:\\\/\\\/secure.gravatar.com\\\/avatar\\\/42749d8b712ff9d59ca93dc150494e5b55a44134482993f5baeb97e61b7ecc89?s=96&d=mm&r=g\",\"url\":\"https:\\\/\\\/secure.gravatar.com\\\/avatar\\\/42749d8b712ff9d59ca93dc150494e5b55a44134482993f5baeb97e61b7ecc89?s=96&d=mm&r=g\",\"contentUrl\":\"https:\\\/\\\/secure.gravatar.com\\\/avatar\\\/42749d8b712ff9d59ca93dc150494e5b55a44134482993f5baeb97e61b7ecc89?s=96&d=mm&r=g\",\"caption\":\"Roberto\"},\"url\":\"https:\\\/\\\/regiaonews.net.br\\\/2022\\\/author\\\/roberto\\\/\"}]}<\/script>\n<!-- \/ Yoast SEO plugin. -->","yoast_head_json":{"title":"Faust\u00e3o est\u00e1 com fun\u00e7\u00e3o card\u00edaca normalizada e est\u00e1vel, diz hospital - Regi\u00e3o News","robots":{"index":"index","follow":"follow","max-snippet":"max-snippet:-1","max-image-preview":"max-image-preview:large","max-video-preview":"max-video-preview:-1"},"canonical":"https:\/\/regiaonews.net.br\/2022\/2023\/08\/31\/faustao-esta-com-funcao-cardiaca-normalizada-e-estavel-diz-hospital\/","og_locale":"pt_BR","og_type":"article","og_title":"Faust\u00e3o est\u00e1 com fun\u00e7\u00e3o card\u00edaca normalizada e est\u00e1vel, diz hospital - Regi\u00e3o News","og_description":"Com evolu\u00e7\u00e3o esperada, apresentador iniciou a fisioterapia. Ap\u00f3s 72 horas","og_url":"https:\/\/regiaonews.net.br\/2022\/2023\/08\/31\/faustao-esta-com-funcao-cardiaca-normalizada-e-estavel-diz-hospital\/","og_site_name":"Regi\u00e3o News","article_published_time":"2023-08-31T18:47:51+00:00","og_image":[{"width":1170,"height":700,"url":"https:\/\/regiaonews.net.br\/2022\/wp-content\/uploads\/2023\/08\/alta_faustao_1.jpg","type":"image\/jpeg"}],"author":"Roberto","twitter_card":"summary_large_image","twitter_misc":{"Escrito por":"Roberto","Est. tempo de leitura":"2 minutos"},"schema":{"@context":"https:\/\/schema.org","@graph":[{"@type":"Article","@id":"https:\/\/regiaonews.net.br\/2022\/2023\/08\/31\/faustao-esta-com-funcao-cardiaca-normalizada-e-estavel-diz-hospital\/#article","isPartOf":{"@id":"https:\/\/regiaonews.net.br\/2022\/2023\/08\/31\/faustao-esta-com-funcao-cardiaca-normalizada-e-estavel-diz-hospital\/"},"author":{"name":"Roberto","@id":"https:\/\/regiaonews.net.br\/2022\/#\/schema\/person\/2d205a608a5aa97ac279d7a5e6d89ad8"},"headline":"Faust\u00e3o est\u00e1 com fun\u00e7\u00e3o card\u00edaca normalizada e est\u00e1vel, diz hospital","datePublished":"2023-08-31T18:47:51+00:00","mainEntityOfPage":{"@id":"https:\/\/regiaonews.net.br\/2022\/2023\/08\/31\/faustao-esta-com-funcao-cardiaca-normalizada-e-estavel-diz-hospital\/"},"wordCount":179,"commentCount":0,"publisher":{"@id":"https:\/\/regiaonews.net.br\/2022\/#organization"},"image":{"@id":"https:\/\/regiaonews.net.br\/2022\/2023\/08\/31\/faustao-esta-com-funcao-cardiaca-normalizada-e-estavel-diz-hospital\/#primaryimage"},"thumbnailUrl":"https:\/\/regiaonews.net.br\/2022\/wp-content\/uploads\/2023\/08\/alta_faustao_1.jpg","articleSection":["Brasil","Geral"],"inLanguage":"pt-BR","potentialAction":[{"@type":"CommentAction","name":"Comment","target":["https:\/\/regiaonews.net.br\/2022\/2023\/08\/31\/faustao-esta-com-funcao-cardiaca-normalizada-e-estavel-diz-hospital\/#respond"]}]},{"@type":"WebPage","@id":"https:\/\/regiaonews.net.br\/2022\/2023\/08\/31\/faustao-esta-com-funcao-cardiaca-normalizada-e-estavel-diz-hospital\/","url":"https:\/\/regiaonews.net.br\/2022\/2023\/08\/31\/faustao-esta-com-funcao-cardiaca-normalizada-e-estavel-diz-hospital\/","name":"Faust\u00e3o est\u00e1 com fun\u00e7\u00e3o card\u00edaca normalizada e est\u00e1vel, diz hospital - Regi\u00e3o News","isPartOf":{"@id":"https:\/\/regiaonews.net.br\/2022\/#website"},"primaryImageOfPage":{"@id":"https:\/\/regiaonews.net.br\/2022\/2023\/08\/31\/faustao-esta-com-funcao-cardiaca-normalizada-e-estavel-diz-hospital\/#primaryimage"},"image":{"@id":"https:\/\/regiaonews.net.br\/2022\/2023\/08\/31\/faustao-esta-com-funcao-cardiaca-normalizada-e-estavel-diz-hospital\/#primaryimage"},"thumbnailUrl":"https:\/\/regiaonews.net.br\/2022\/wp-content\/uploads\/2023\/08\/alta_faustao_1.jpg","datePublished":"2023-08-31T18:47:51+00:00","breadcrumb":{"@id":"https:\/\/regiaonews.net.br\/2022\/2023\/08\/31\/faustao-esta-com-funcao-cardiaca-normalizada-e-estavel-diz-hospital\/#breadcrumb"},"inLanguage":"pt-BR","potentialAction":[{"@type":"ReadAction","target":["https:\/\/regiaonews.net.br\/2022\/2023\/08\/31\/faustao-esta-com-funcao-cardiaca-normalizada-e-estavel-diz-hospital\/"]}]},{"@type":"ImageObject","inLanguage":"pt-BR","@id":"https:\/\/regiaonews.net.br\/2022\/2023\/08\/31\/faustao-esta-com-funcao-cardiaca-normalizada-e-estavel-diz-hospital\/#primaryimage","url":"https:\/\/regiaonews.net.br\/2022\/wp-content\/uploads\/2023\/08\/alta_faustao_1.jpg","contentUrl":"https:\/\/regiaonews.net.br\/2022\/wp-content\/uploads\/2023\/08\/alta_faustao_1.jpg","width":1170,"height":700,"caption":"S\u00e3o Paulo (SP) - O novo cora\u00e7\u00e3o para o transplante do apresentador Fausto Silva, o Faust\u00e3o, chegou neste domingo (27) ao hospital Albert Einstein, em S\u00e3o Paulo. Foto: Instagram\/Fausto Silva"},{"@type":"BreadcrumbList","@id":"https:\/\/regiaonews.net.br\/2022\/2023\/08\/31\/faustao-esta-com-funcao-cardiaca-normalizada-e-estavel-diz-hospital\/#breadcrumb","itemListElement":[{"@type":"ListItem","position":1,"name":"In\u00edcio","item":"https:\/\/regiaonews.net.br\/2022\/"},{"@type":"ListItem","position":2,"name":"Faust\u00e3o est\u00e1 com fun\u00e7\u00e3o card\u00edaca normalizada e est\u00e1vel, diz hospital"}]},{"@type":"WebSite","@id":"https:\/\/regiaonews.net.br\/2022\/#website","url":"https:\/\/regiaonews.net.br\/2022\/","name":"Regi\u00e3o News","description":"Site de Not\u00edcias de Barretos e regi\u00e3o","publisher":{"@id":"https:\/\/regiaonews.net.br\/2022\/#organization"},"potentialAction":[{"@type":"SearchAction","target":{"@type":"EntryPoint","urlTemplate":"https:\/\/regiaonews.net.br\/2022\/?s={search_term_string}"},"query-input":{"@type":"PropertyValueSpecification","valueRequired":true,"valueName":"search_term_string"}}],"inLanguage":"pt-BR"},{"@type":"Organization","@id":"https:\/\/regiaonews.net.br\/2022\/#organization","name":"Regi\u00e3o News","url":"https:\/\/regiaonews.net.br\/2022\/","logo":{"@type":"ImageObject","inLanguage":"pt-BR","@id":"https:\/\/regiaonews.net.br\/2022\/#\/schema\/logo\/image\/","url":"https:\/\/regiaonews.net.br\/2022\/wp-content\/uploads\/2026\/03\/regiao-13-anos-scaled.jpg","contentUrl":"https:\/\/regiaonews.net.br\/2022\/wp-content\/uploads\/2026\/03\/regiao-13-anos-scaled.jpg","width":2560,"height":635,"caption":"Regi\u00e3o News"},"image":{"@id":"https:\/\/regiaonews.net.br\/2022\/#\/schema\/logo\/image\/"}},{"@type":"Person","@id":"https:\/\/regiaonews.net.br\/2022\/#\/schema\/person\/2d205a608a5aa97ac279d7a5e6d89ad8","name":"Roberto","image":{"@type":"ImageObject","inLanguage":"pt-BR","@id":"https:\/\/secure.gravatar.com\/avatar\/42749d8b712ff9d59ca93dc150494e5b55a44134482993f5baeb97e61b7ecc89?s=96&d=mm&r=g","url":"https:\/\/secure.gravatar.com\/avatar\/42749d8b712ff9d59ca93dc150494e5b55a44134482993f5baeb97e61b7ecc89?s=96&d=mm&r=g","contentUrl":"https:\/\/secure.gravatar.com\/avatar\/42749d8b712ff9d59ca93dc150494e5b55a44134482993f5baeb97e61b7ecc89?s=96&d=mm&r=g","caption":"Roberto"},"url":"https:\/\/regiaonews.net.br\/2022\/author\/roberto\/"}]}},"publishpress_future_action":{"enabled":false,"date":"2026-05-03 03:14:28","action":"change-status","newStatus":"draft","terms":[],"taxonomy":"category","extraData":[]},"publishpress_future_workflow_manual_trigger":{"enabledWorkflows":[]},"_links":{"self":[{"href":"https:\/\/regiaonews.net.br\/2022\/wp-json\/wp\/v2\/posts\/94455","targetHints":{"allow":["GET"]}}],"collection":[{"href":"https:\/\/regiaonews.net.br\/2022\/wp-json\/wp\/v2\/posts"}],"about":[{"href":"https:\/\/regiaonews.net.br\/2022\/wp-json\/wp\/v2\/types\/post"}],"author":[{"embeddable":true,"href":"https:\/\/regiaonews.net.br\/2022\/wp-json\/wp\/v2\/users\/2"}],"replies":[{"embeddable":true,"href":"https:\/\/regiaonews.net.br\/2022\/wp-json\/wp\/v2\/comments?post=94455"}],"version-history":[{"count":1,"href":"https:\/\/regiaonews.net.br\/2022\/wp-json\/wp\/v2\/posts\/94455\/revisions"}],"predecessor-version":[{"id":94457,"href":"https:\/\/regiaonews.net.br\/2022\/wp-json\/wp\/v2\/posts\/94455\/revisions\/94457"}],"wp:featuredmedia":[{"embeddable":true,"href":"https:\/\/regiaonews.net.br\/2022\/wp-json\/wp\/v2\/media\/94456"}],"wp:attachment":[{"href":"https:\/\/regiaonews.net.br\/2022\/wp-json\/wp\/v2\/media?parent=94455"}],"wp:term":[{"taxonomy":"category","embeddable":true,"href":"https:\/\/regiaonews.net.br\/2022\/wp-json\/wp\/v2\/categories?post=94455"},{"taxonomy":"post_tag","embeddable":true,"href":"https:\/\/regiaonews.net.br\/2022\/wp-json\/wp\/v2\/tags?post=94455"}],"curies":[{"name":"wp","href":"https:\/\/api.w.org\/{rel}","templated":true}]}}