{"id":94452,"date":"2023-08-31T15:46:54","date_gmt":"2023-08-31T18:46:54","guid":{"rendered":"https:\/\/regiaonews.net.br\/2022\/?p=94452"},"modified":"2023-08-31T15:46:54","modified_gmt":"2023-08-31T18:46:54","slug":"cbf-inicia-reformulacao-na-selecao-feminina-e-demite-pia-sundhage","status":"publish","type":"post","link":"https:\/\/regiaonews.net.br\/2022\/2023\/08\/31\/cbf-inicia-reformulacao-na-selecao-feminina-e-demite-pia-sundhage\/","title":{"rendered":"CBF inicia reformula\u00e7\u00e3o na sele\u00e7\u00e3o feminina e demite Pia Sundhage"},"content":{"rendered":"<h3 class=\"col-10 offset-1 animated fadeInDown dealy-900 display-8 display-md-8 alt-font font-italic my-1 text-center\" style=\"text-align: center;\">Adeus precoce \u00e0 Copa levou \u00e0 sa\u00edda da t\u00e9cnica ap\u00f3s 4 anos no cargo.<\/h3>\n<p>A elimina\u00e7\u00e3o precoce do Brasil na Copa do Mundo levou a Confedera\u00e7\u00e3o Brasileira de Futebol (CBF) a dar in\u00edcio a uma reformula\u00e7\u00e3o nas sele\u00e7\u00f5es femininas &#8211; principal e de base. A mudan\u00e7a mais significativa foi anunciada na quarta-feira (30), quase um m\u00eas ap\u00f3s a queda na primeira fase, com a sa\u00edda da sueca Pia Sundhage, que dirigiu a equipe canarinha no Mundial de Austr\u00e1lia e Nova Zel\u00e2ndia.<img decoding=\"async\" src=\"https:\/\/agenciabrasil.ebc.com.br\/ebc.png?id=1552363&amp;o=node\" \/><img decoding=\"async\" src=\"https:\/\/agenciabrasil.ebc.com.br\/ebc.gif?id=1552363&amp;o=node\" \/><\/p>\n<p>A demiss\u00e3o foi confirmada em nota divulgada pela entidade. Segundo o comunicado, a nova comiss\u00e3o ser\u00e1 apresentada &#8220;nos pr\u00f3ximos dias&#8221;, para iniciar o trabalho visando a Olimp\u00edada de Paris, na Fran\u00e7a, em 2024 e a pr\u00f3xima Copa, em 2027, ainda sem sede definida &#8211; o Brasil \u00e9 um dos candidatos a receber o evento.<\/p>\n<p>O favorito ao cargo \u00e9 Arthur Elias, t\u00e9cnico do Corinthians. Em meio \u00e0s especula\u00e7\u00f5es sobre uma eventual sa\u00edda do profissional para a sele\u00e7\u00e3o, o Tim\u00e3o se limitou a dizer, em nota \u00e0 imprensa, que ter\u00e1 Arthur como treinador &#8220;em nossos pr\u00f3ximos compromissos&#8221;. A equipe est\u00e1 envolvida com as semifinais da S\u00e9rie A1 (primeira divis\u00e3o) do Campeonato Brasileiro e a reta final do Campeonato Paulista. Al\u00e9m disso, em outubro, o time buscar\u00e1 o tetra da Libertadores Feminina, na Col\u00f4mbia.<\/p>\n<h2>Altos e baixos<\/h2>\n<p>Pia assumiu a sele\u00e7\u00e3o feminina em julho de 2019 e a dirigiu em 57 partidas, com 34 vit\u00f3rias, 13 empates e dez derrotas. A equipe anotou 139 gols e sofreu 42. O \u00fanico t\u00edtulo oficial da sueca a frente do time brasileiro foi o da Copa Am\u00e9rica do ano passado, na Col\u00f4mbia.<\/p>\n<p>O trabalho da treinadora come\u00e7ou recheado de expectativas, j\u00e1 que Pia era bicampe\u00e3 ol\u00edmpica comandando os Estados Unidos (2008 e 2012) e considerada uma das principais profissionais da modalidade. Em 2021, nos Jogos de T\u00f3quio, no Jap\u00e3o, primeiro grande desafio da sueca no cargo, o Brasil caiu nos p\u00eanaltis para o Canad\u00e1, nas quartas de final &#8211; as canadenses conquistaram o ouro.<\/p>\n<p>Na Copa Am\u00e9rica, as brasileiras venceram os seis jogos que disputaram e levantaram a ta\u00e7a pela oitava vez. A pr\u00f3pria Pia, no entanto, reconheceu que o Brasil teria que apresentar um n\u00edvel t\u00e9cnico superior para encarar advers\u00e1rios mais competitivos. De fato, a equipe evoluiu, com boas atua\u00e7\u00f5es no empate por 1 a 1 com a Inglaterra pela Final\u00edssima (duelo entre os campe\u00f5es sul-americano e europeu), e no triunfo por 2 a 1 sobre a Alemanha, ambos fora de casa.<\/p>\n<p>No Mundial, por\u00e9m, a goleada por 4 a 0 sobre o Panam\u00e1, na estreia, foi o \u00fanico momento de brilho. Na derrota por 2 a 1 para a Fran\u00e7a e no empate sem gols com a Jamaica, que culminaram na queda na fase de grupos, a sele\u00e7\u00e3o teve atua\u00e7\u00f5es ruins. A campanha decepcionante foi determinante para a passagem de Pia chegar ao fim, mesmo com um ano ainda de contrato pela frente.<\/p>\n<h2>Renova\u00e7\u00e3o<\/h2>\n<p>Uma das marcas do trabalho de Pia foi a busca por caras novas, tendo proximidade com as comiss\u00f5es t\u00e9cnicas da base. Ganharam espa\u00e7o jogadoras como a lateral Bruninha (21 anos), a zagueira Lauren (20), a volante Angelina (23), as meias Duda Sampaio (22), Ary Borges e Ana Vit\u00f3ria (ambas 23) e as atacantes Kerolin (23), Nycole (22) e Aline Gomes (18), todas elas presentes entre as 26 convocadas para a Copa (considerando, tamb\u00e9m, as suplentes).<\/p>\n<p>A sa\u00edda de Pia n\u00e3o foi a \u00fanica mudan\u00e7a no departamento feminino da CBF. Sa\u00edram, tamb\u00e9m, profissionais como Ana Lorena Marche (coordenadora de sele\u00e7\u00f5es), Mayara Bordin (supervisora), Bia Vaz (auxiliar da equipe sub-20) e Jonas Urias (t\u00e9cnico da sub-20).<\/p>\n<p>A demiss\u00e3o de Jonas foi a que mais chamou aten\u00e7\u00e3o, j\u00e1 que o treinador, h\u00e1 um ano, levou o Brasil a um in\u00e9dito terceiro lugar no Mundial da categoria, com atletas que passaram a ser convocadas para o time principal. Bruninha, Lauren e Aline Gomes, por exemplo, fizeram parte daquela campanha, assim como a zagueira Tarciane (20 anos) e a meia Yay\u00e1 (21), tamb\u00e9m chamadas por Pia ao longo dos \u00faltimos quatro anos. Algumas das atletas, como Tarciane, lamentaram a sa\u00edda do t\u00e9cnico em publica\u00e7\u00f5es nas redes sociais.<\/p>\n<p>Fonte &#8211; Ag\u00eancia Brasil.<\/p>\n","protected":false},"excerpt":{"rendered":"<p>Adeus precoce \u00e0 Copa levou \u00e0 sa\u00edda da t\u00e9cnica ap\u00f3s<\/p>\n","protected":false},"author":2,"featured_media":94453,"comment_status":"open","ping_status":"open","sticky":false,"template":"","format":"standard","meta":{"footnotes":""},"categories":[24,21],"tags":[],"class_list":["post-94452","post","type-post","status-publish","format-standard","has-post-thumbnail","hentry","category-brasil","category-esporte"],"yoast_head":"<!-- This site is optimized with the Yoast SEO plugin v27.4 - https:\/\/yoast.com\/product\/yoast-seo-wordpress\/ -->\n<title>CBF inicia reformula\u00e7\u00e3o na sele\u00e7\u00e3o feminina e demite Pia Sundhage - Regi\u00e3o News<\/title>\n<meta name=\"robots\" content=\"index, follow, max-snippet:-1, max-image-preview:large, max-video-preview:-1\" \/>\n<link rel=\"canonical\" href=\"https:\/\/regiaonews.net.br\/2022\/2023\/08\/31\/cbf-inicia-reformulacao-na-selecao-feminina-e-demite-pia-sundhage\/\" \/>\n<meta property=\"og:locale\" content=\"pt_BR\" \/>\n<meta property=\"og:type\" content=\"article\" \/>\n<meta property=\"og:title\" content=\"CBF inicia reformula\u00e7\u00e3o na sele\u00e7\u00e3o feminina e demite Pia Sundhage - Regi\u00e3o News\" \/>\n<meta property=\"og:description\" content=\"Adeus precoce \u00e0 Copa levou \u00e0 sa\u00edda da t\u00e9cnica ap\u00f3s\" \/>\n<meta property=\"og:url\" content=\"https:\/\/regiaonews.net.br\/2022\/2023\/08\/31\/cbf-inicia-reformulacao-na-selecao-feminina-e-demite-pia-sundhage\/\" \/>\n<meta property=\"og:site_name\" content=\"Regi\u00e3o News\" \/>\n<meta property=\"article:published_time\" content=\"2023-08-31T18:46:54+00:00\" \/>\n<meta property=\"og:image\" content=\"https:\/\/regiaonews.net.br\/2022\/wp-content\/uploads\/2023\/08\/53006248681_2541327e1d_o.jpg\" \/>\n\t<meta property=\"og:image:width\" content=\"1170\" \/>\n\t<meta property=\"og:image:height\" content=\"700\" \/>\n\t<meta property=\"og:image:type\" content=\"image\/jpeg\" \/>\n<meta name=\"author\" content=\"Roberto\" \/>\n<meta name=\"twitter:card\" content=\"summary_large_image\" \/>\n<meta name=\"twitter:label1\" content=\"Escrito por\" \/>\n\t<meta name=\"twitter:data1\" content=\"Roberto\" \/>\n\t<meta name=\"twitter:label2\" content=\"Est. tempo de leitura\" \/>\n\t<meta name=\"twitter:data2\" content=\"5 minutos\" \/>\n<script type=\"application\/ld+json\" class=\"yoast-schema-graph\">{\"@context\":\"https:\\\/\\\/schema.org\",\"@graph\":[{\"@type\":\"Article\",\"@id\":\"https:\\\/\\\/regiaonews.net.br\\\/2022\\\/2023\\\/08\\\/31\\\/cbf-inicia-reformulacao-na-selecao-feminina-e-demite-pia-sundhage\\\/#article\",\"isPartOf\":{\"@id\":\"https:\\\/\\\/regiaonews.net.br\\\/2022\\\/2023\\\/08\\\/31\\\/cbf-inicia-reformulacao-na-selecao-feminina-e-demite-pia-sundhage\\\/\"},\"author\":{\"name\":\"Roberto\",\"@id\":\"https:\\\/\\\/regiaonews.net.br\\\/2022\\\/#\\\/schema\\\/person\\\/2d205a608a5aa97ac279d7a5e6d89ad8\"},\"headline\":\"CBF inicia reformula\u00e7\u00e3o na sele\u00e7\u00e3o feminina e demite Pia Sundhage\",\"datePublished\":\"2023-08-31T18:46:54+00:00\",\"mainEntityOfPage\":{\"@id\":\"https:\\\/\\\/regiaonews.net.br\\\/2022\\\/2023\\\/08\\\/31\\\/cbf-inicia-reformulacao-na-selecao-feminina-e-demite-pia-sundhage\\\/\"},\"wordCount\":737,\"commentCount\":0,\"publisher\":{\"@id\":\"https:\\\/\\\/regiaonews.net.br\\\/2022\\\/#organization\"},\"image\":{\"@id\":\"https:\\\/\\\/regiaonews.net.br\\\/2022\\\/2023\\\/08\\\/31\\\/cbf-inicia-reformulacao-na-selecao-feminina-e-demite-pia-sundhage\\\/#primaryimage\"},\"thumbnailUrl\":\"https:\\\/\\\/regiaonews.net.br\\\/2022\\\/wp-content\\\/uploads\\\/2023\\\/08\\\/53006248681_2541327e1d_o.jpg\",\"articleSection\":[\"Brasil\",\"Esporte\"],\"inLanguage\":\"pt-BR\",\"potentialAction\":[{\"@type\":\"CommentAction\",\"name\":\"Comment\",\"target\":[\"https:\\\/\\\/regiaonews.net.br\\\/2022\\\/2023\\\/08\\\/31\\\/cbf-inicia-reformulacao-na-selecao-feminina-e-demite-pia-sundhage\\\/#respond\"]}]},{\"@type\":\"WebPage\",\"@id\":\"https:\\\/\\\/regiaonews.net.br\\\/2022\\\/2023\\\/08\\\/31\\\/cbf-inicia-reformulacao-na-selecao-feminina-e-demite-pia-sundhage\\\/\",\"url\":\"https:\\\/\\\/regiaonews.net.br\\\/2022\\\/2023\\\/08\\\/31\\\/cbf-inicia-reformulacao-na-selecao-feminina-e-demite-pia-sundhage\\\/\",\"name\":\"CBF inicia reformula\u00e7\u00e3o na sele\u00e7\u00e3o feminina e demite Pia Sundhage - Regi\u00e3o News\",\"isPartOf\":{\"@id\":\"https:\\\/\\\/regiaonews.net.br\\\/2022\\\/#website\"},\"primaryImageOfPage\":{\"@id\":\"https:\\\/\\\/regiaonews.net.br\\\/2022\\\/2023\\\/08\\\/31\\\/cbf-inicia-reformulacao-na-selecao-feminina-e-demite-pia-sundhage\\\/#primaryimage\"},\"image\":{\"@id\":\"https:\\\/\\\/regiaonews.net.br\\\/2022\\\/2023\\\/08\\\/31\\\/cbf-inicia-reformulacao-na-selecao-feminina-e-demite-pia-sundhage\\\/#primaryimage\"},\"thumbnailUrl\":\"https:\\\/\\\/regiaonews.net.br\\\/2022\\\/wp-content\\\/uploads\\\/2023\\\/08\\\/53006248681_2541327e1d_o.jpg\",\"datePublished\":\"2023-08-31T18:46:54+00:00\",\"breadcrumb\":{\"@id\":\"https:\\\/\\\/regiaonews.net.br\\\/2022\\\/2023\\\/08\\\/31\\\/cbf-inicia-reformulacao-na-selecao-feminina-e-demite-pia-sundhage\\\/#breadcrumb\"},\"inLanguage\":\"pt-BR\",\"potentialAction\":[{\"@type\":\"ReadAction\",\"target\":[\"https:\\\/\\\/regiaonews.net.br\\\/2022\\\/2023\\\/08\\\/31\\\/cbf-inicia-reformulacao-na-selecao-feminina-e-demite-pia-sundhage\\\/\"]}]},{\"@type\":\"ImageObject\",\"inLanguage\":\"pt-BR\",\"@id\":\"https:\\\/\\\/regiaonews.net.br\\\/2022\\\/2023\\\/08\\\/31\\\/cbf-inicia-reformulacao-na-selecao-feminina-e-demite-pia-sundhage\\\/#primaryimage\",\"url\":\"https:\\\/\\\/regiaonews.net.br\\\/2022\\\/wp-content\\\/uploads\\\/2023\\\/08\\\/53006248681_2541327e1d_o.jpg\",\"contentUrl\":\"https:\\\/\\\/regiaonews.net.br\\\/2022\\\/wp-content\\\/uploads\\\/2023\\\/08\\\/53006248681_2541327e1d_o.jpg\",\"width\":1170,\"height\":700},{\"@type\":\"BreadcrumbList\",\"@id\":\"https:\\\/\\\/regiaonews.net.br\\\/2022\\\/2023\\\/08\\\/31\\\/cbf-inicia-reformulacao-na-selecao-feminina-e-demite-pia-sundhage\\\/#breadcrumb\",\"itemListElement\":[{\"@type\":\"ListItem\",\"position\":1,\"name\":\"In\u00edcio\",\"item\":\"https:\\\/\\\/regiaonews.net.br\\\/2022\\\/\"},{\"@type\":\"ListItem\",\"position\":2,\"name\":\"CBF inicia reformula\u00e7\u00e3o na sele\u00e7\u00e3o feminina e demite Pia Sundhage\"}]},{\"@type\":\"WebSite\",\"@id\":\"https:\\\/\\\/regiaonews.net.br\\\/2022\\\/#website\",\"url\":\"https:\\\/\\\/regiaonews.net.br\\\/2022\\\/\",\"name\":\"Regi\u00e3o News\",\"description\":\"Site de Not\u00edcias de Barretos e regi\u00e3o\",\"publisher\":{\"@id\":\"https:\\\/\\\/regiaonews.net.br\\\/2022\\\/#organization\"},\"potentialAction\":[{\"@type\":\"SearchAction\",\"target\":{\"@type\":\"EntryPoint\",\"urlTemplate\":\"https:\\\/\\\/regiaonews.net.br\\\/2022\\\/?s={search_term_string}\"},\"query-input\":{\"@type\":\"PropertyValueSpecification\",\"valueRequired\":true,\"valueName\":\"search_term_string\"}}],\"inLanguage\":\"pt-BR\"},{\"@type\":\"Organization\",\"@id\":\"https:\\\/\\\/regiaonews.net.br\\\/2022\\\/#organization\",\"name\":\"Regi\u00e3o News\",\"url\":\"https:\\\/\\\/regiaonews.net.br\\\/2022\\\/\",\"logo\":{\"@type\":\"ImageObject\",\"inLanguage\":\"pt-BR\",\"@id\":\"https:\\\/\\\/regiaonews.net.br\\\/2022\\\/#\\\/schema\\\/logo\\\/image\\\/\",\"url\":\"https:\\\/\\\/regiaonews.net.br\\\/2022\\\/wp-content\\\/uploads\\\/2026\\\/03\\\/regiao-13-anos-scaled.jpg\",\"contentUrl\":\"https:\\\/\\\/regiaonews.net.br\\\/2022\\\/wp-content\\\/uploads\\\/2026\\\/03\\\/regiao-13-anos-scaled.jpg\",\"width\":2560,\"height\":635,\"caption\":\"Regi\u00e3o News\"},\"image\":{\"@id\":\"https:\\\/\\\/regiaonews.net.br\\\/2022\\\/#\\\/schema\\\/logo\\\/image\\\/\"}},{\"@type\":\"Person\",\"@id\":\"https:\\\/\\\/regiaonews.net.br\\\/2022\\\/#\\\/schema\\\/person\\\/2d205a608a5aa97ac279d7a5e6d89ad8\",\"name\":\"Roberto\",\"image\":{\"@type\":\"ImageObject\",\"inLanguage\":\"pt-BR\",\"@id\":\"https:\\\/\\\/secure.gravatar.com\\\/avatar\\\/42749d8b712ff9d59ca93dc150494e5b55a44134482993f5baeb97e61b7ecc89?s=96&d=mm&r=g\",\"url\":\"https:\\\/\\\/secure.gravatar.com\\\/avatar\\\/42749d8b712ff9d59ca93dc150494e5b55a44134482993f5baeb97e61b7ecc89?s=96&d=mm&r=g\",\"contentUrl\":\"https:\\\/\\\/secure.gravatar.com\\\/avatar\\\/42749d8b712ff9d59ca93dc150494e5b55a44134482993f5baeb97e61b7ecc89?s=96&d=mm&r=g\",\"caption\":\"Roberto\"},\"url\":\"https:\\\/\\\/regiaonews.net.br\\\/2022\\\/author\\\/roberto\\\/\"}]}<\/script>\n<!-- \/ Yoast SEO plugin. -->","yoast_head_json":{"title":"CBF inicia reformula\u00e7\u00e3o na sele\u00e7\u00e3o feminina e demite Pia Sundhage - Regi\u00e3o News","robots":{"index":"index","follow":"follow","max-snippet":"max-snippet:-1","max-image-preview":"max-image-preview:large","max-video-preview":"max-video-preview:-1"},"canonical":"https:\/\/regiaonews.net.br\/2022\/2023\/08\/31\/cbf-inicia-reformulacao-na-selecao-feminina-e-demite-pia-sundhage\/","og_locale":"pt_BR","og_type":"article","og_title":"CBF inicia reformula\u00e7\u00e3o na sele\u00e7\u00e3o feminina e demite Pia Sundhage - Regi\u00e3o News","og_description":"Adeus precoce \u00e0 Copa levou \u00e0 sa\u00edda da t\u00e9cnica ap\u00f3s","og_url":"https:\/\/regiaonews.net.br\/2022\/2023\/08\/31\/cbf-inicia-reformulacao-na-selecao-feminina-e-demite-pia-sundhage\/","og_site_name":"Regi\u00e3o News","article_published_time":"2023-08-31T18:46:54+00:00","og_image":[{"width":1170,"height":700,"url":"https:\/\/regiaonews.net.br\/2022\/wp-content\/uploads\/2023\/08\/53006248681_2541327e1d_o.jpg","type":"image\/jpeg"}],"author":"Roberto","twitter_card":"summary_large_image","twitter_misc":{"Escrito por":"Roberto","Est. tempo de leitura":"5 minutos"},"schema":{"@context":"https:\/\/schema.org","@graph":[{"@type":"Article","@id":"https:\/\/regiaonews.net.br\/2022\/2023\/08\/31\/cbf-inicia-reformulacao-na-selecao-feminina-e-demite-pia-sundhage\/#article","isPartOf":{"@id":"https:\/\/regiaonews.net.br\/2022\/2023\/08\/31\/cbf-inicia-reformulacao-na-selecao-feminina-e-demite-pia-sundhage\/"},"author":{"name":"Roberto","@id":"https:\/\/regiaonews.net.br\/2022\/#\/schema\/person\/2d205a608a5aa97ac279d7a5e6d89ad8"},"headline":"CBF inicia reformula\u00e7\u00e3o na sele\u00e7\u00e3o feminina e demite Pia Sundhage","datePublished":"2023-08-31T18:46:54+00:00","mainEntityOfPage":{"@id":"https:\/\/regiaonews.net.br\/2022\/2023\/08\/31\/cbf-inicia-reformulacao-na-selecao-feminina-e-demite-pia-sundhage\/"},"wordCount":737,"commentCount":0,"publisher":{"@id":"https:\/\/regiaonews.net.br\/2022\/#organization"},"image":{"@id":"https:\/\/regiaonews.net.br\/2022\/2023\/08\/31\/cbf-inicia-reformulacao-na-selecao-feminina-e-demite-pia-sundhage\/#primaryimage"},"thumbnailUrl":"https:\/\/regiaonews.net.br\/2022\/wp-content\/uploads\/2023\/08\/53006248681_2541327e1d_o.jpg","articleSection":["Brasil","Esporte"],"inLanguage":"pt-BR","potentialAction":[{"@type":"CommentAction","name":"Comment","target":["https:\/\/regiaonews.net.br\/2022\/2023\/08\/31\/cbf-inicia-reformulacao-na-selecao-feminina-e-demite-pia-sundhage\/#respond"]}]},{"@type":"WebPage","@id":"https:\/\/regiaonews.net.br\/2022\/2023\/08\/31\/cbf-inicia-reformulacao-na-selecao-feminina-e-demite-pia-sundhage\/","url":"https:\/\/regiaonews.net.br\/2022\/2023\/08\/31\/cbf-inicia-reformulacao-na-selecao-feminina-e-demite-pia-sundhage\/","name":"CBF inicia reformula\u00e7\u00e3o na sele\u00e7\u00e3o feminina e demite Pia Sundhage - Regi\u00e3o News","isPartOf":{"@id":"https:\/\/regiaonews.net.br\/2022\/#website"},"primaryImageOfPage":{"@id":"https:\/\/regiaonews.net.br\/2022\/2023\/08\/31\/cbf-inicia-reformulacao-na-selecao-feminina-e-demite-pia-sundhage\/#primaryimage"},"image":{"@id":"https:\/\/regiaonews.net.br\/2022\/2023\/08\/31\/cbf-inicia-reformulacao-na-selecao-feminina-e-demite-pia-sundhage\/#primaryimage"},"thumbnailUrl":"https:\/\/regiaonews.net.br\/2022\/wp-content\/uploads\/2023\/08\/53006248681_2541327e1d_o.jpg","datePublished":"2023-08-31T18:46:54+00:00","breadcrumb":{"@id":"https:\/\/regiaonews.net.br\/2022\/2023\/08\/31\/cbf-inicia-reformulacao-na-selecao-feminina-e-demite-pia-sundhage\/#breadcrumb"},"inLanguage":"pt-BR","potentialAction":[{"@type":"ReadAction","target":["https:\/\/regiaonews.net.br\/2022\/2023\/08\/31\/cbf-inicia-reformulacao-na-selecao-feminina-e-demite-pia-sundhage\/"]}]},{"@type":"ImageObject","inLanguage":"pt-BR","@id":"https:\/\/regiaonews.net.br\/2022\/2023\/08\/31\/cbf-inicia-reformulacao-na-selecao-feminina-e-demite-pia-sundhage\/#primaryimage","url":"https:\/\/regiaonews.net.br\/2022\/wp-content\/uploads\/2023\/08\/53006248681_2541327e1d_o.jpg","contentUrl":"https:\/\/regiaonews.net.br\/2022\/wp-content\/uploads\/2023\/08\/53006248681_2541327e1d_o.jpg","width":1170,"height":700},{"@type":"BreadcrumbList","@id":"https:\/\/regiaonews.net.br\/2022\/2023\/08\/31\/cbf-inicia-reformulacao-na-selecao-feminina-e-demite-pia-sundhage\/#breadcrumb","itemListElement":[{"@type":"ListItem","position":1,"name":"In\u00edcio","item":"https:\/\/regiaonews.net.br\/2022\/"},{"@type":"ListItem","position":2,"name":"CBF inicia reformula\u00e7\u00e3o na sele\u00e7\u00e3o feminina e demite Pia Sundhage"}]},{"@type":"WebSite","@id":"https:\/\/regiaonews.net.br\/2022\/#website","url":"https:\/\/regiaonews.net.br\/2022\/","name":"Regi\u00e3o News","description":"Site de Not\u00edcias de Barretos e regi\u00e3o","publisher":{"@id":"https:\/\/regiaonews.net.br\/2022\/#organization"},"potentialAction":[{"@type":"SearchAction","target":{"@type":"EntryPoint","urlTemplate":"https:\/\/regiaonews.net.br\/2022\/?s={search_term_string}"},"query-input":{"@type":"PropertyValueSpecification","valueRequired":true,"valueName":"search_term_string"}}],"inLanguage":"pt-BR"},{"@type":"Organization","@id":"https:\/\/regiaonews.net.br\/2022\/#organization","name":"Regi\u00e3o News","url":"https:\/\/regiaonews.net.br\/2022\/","logo":{"@type":"ImageObject","inLanguage":"pt-BR","@id":"https:\/\/regiaonews.net.br\/2022\/#\/schema\/logo\/image\/","url":"https:\/\/regiaonews.net.br\/2022\/wp-content\/uploads\/2026\/03\/regiao-13-anos-scaled.jpg","contentUrl":"https:\/\/regiaonews.net.br\/2022\/wp-content\/uploads\/2026\/03\/regiao-13-anos-scaled.jpg","width":2560,"height":635,"caption":"Regi\u00e3o News"},"image":{"@id":"https:\/\/regiaonews.net.br\/2022\/#\/schema\/logo\/image\/"}},{"@type":"Person","@id":"https:\/\/regiaonews.net.br\/2022\/#\/schema\/person\/2d205a608a5aa97ac279d7a5e6d89ad8","name":"Roberto","image":{"@type":"ImageObject","inLanguage":"pt-BR","@id":"https:\/\/secure.gravatar.com\/avatar\/42749d8b712ff9d59ca93dc150494e5b55a44134482993f5baeb97e61b7ecc89?s=96&d=mm&r=g","url":"https:\/\/secure.gravatar.com\/avatar\/42749d8b712ff9d59ca93dc150494e5b55a44134482993f5baeb97e61b7ecc89?s=96&d=mm&r=g","contentUrl":"https:\/\/secure.gravatar.com\/avatar\/42749d8b712ff9d59ca93dc150494e5b55a44134482993f5baeb97e61b7ecc89?s=96&d=mm&r=g","caption":"Roberto"},"url":"https:\/\/regiaonews.net.br\/2022\/author\/roberto\/"}]}},"publishpress_future_action":{"enabled":false,"date":"2026-05-03 04:51:13","action":"change-status","newStatus":"draft","terms":[],"taxonomy":"category","extraData":[]},"publishpress_future_workflow_manual_trigger":{"enabledWorkflows":[]},"_links":{"self":[{"href":"https:\/\/regiaonews.net.br\/2022\/wp-json\/wp\/v2\/posts\/94452","targetHints":{"allow":["GET"]}}],"collection":[{"href":"https:\/\/regiaonews.net.br\/2022\/wp-json\/wp\/v2\/posts"}],"about":[{"href":"https:\/\/regiaonews.net.br\/2022\/wp-json\/wp\/v2\/types\/post"}],"author":[{"embeddable":true,"href":"https:\/\/regiaonews.net.br\/2022\/wp-json\/wp\/v2\/users\/2"}],"replies":[{"embeddable":true,"href":"https:\/\/regiaonews.net.br\/2022\/wp-json\/wp\/v2\/comments?post=94452"}],"version-history":[{"count":1,"href":"https:\/\/regiaonews.net.br\/2022\/wp-json\/wp\/v2\/posts\/94452\/revisions"}],"predecessor-version":[{"id":94454,"href":"https:\/\/regiaonews.net.br\/2022\/wp-json\/wp\/v2\/posts\/94452\/revisions\/94454"}],"wp:featuredmedia":[{"embeddable":true,"href":"https:\/\/regiaonews.net.br\/2022\/wp-json\/wp\/v2\/media\/94453"}],"wp:attachment":[{"href":"https:\/\/regiaonews.net.br\/2022\/wp-json\/wp\/v2\/media?parent=94452"}],"wp:term":[{"taxonomy":"category","embeddable":true,"href":"https:\/\/regiaonews.net.br\/2022\/wp-json\/wp\/v2\/categories?post=94452"},{"taxonomy":"post_tag","embeddable":true,"href":"https:\/\/regiaonews.net.br\/2022\/wp-json\/wp\/v2\/tags?post=94452"}],"curies":[{"name":"wp","href":"https:\/\/api.w.org\/{rel}","templated":true}]}}