{"id":94449,"date":"2023-08-31T15:45:53","date_gmt":"2023-08-31T18:45:53","guid":{"rendered":"https:\/\/regiaonews.net.br\/2022\/?p=94449"},"modified":"2023-08-31T15:45:53","modified_gmt":"2023-08-31T18:45:53","slug":"pedidos-de-reaplicacao-do-encceja-devem-ser-feitos-ate-sexta-feira","status":"publish","type":"post","link":"https:\/\/regiaonews.net.br\/2022\/2023\/08\/31\/pedidos-de-reaplicacao-do-encceja-devem-ser-feitos-ate-sexta-feira\/","title":{"rendered":"Pedidos de reaplica\u00e7\u00e3o do Encceja devem ser feitos at\u00e9 sexta-feira"},"content":{"rendered":"<h3 class=\"col-10 offset-1 animated fadeInDown dealy-900 display-8 display-md-8 alt-font font-italic my-1 text-center\" style=\"text-align: center;\">Oportunidade \u00e9 dada a quem teve problemas log\u00edsticos ou de sa\u00fade.<\/h3>\n<p>Participantes que, por problemas log\u00edsticos ou de sa\u00fade, n\u00e3o puderam fazer o Exame Nacional para Certifica\u00e7\u00e3o de Compet\u00eancias de Jovens e Adultos (Encceja) 2023 t\u00eam at\u00e9 sexta-feira (1\u00ba) para apresentar pedido de reaplica\u00e7\u00e3o da prova.<img decoding=\"async\" src=\"https:\/\/agenciabrasil.ebc.com.br\/ebc.png?id=1552370&amp;o=node\" \/><img decoding=\"async\" src=\"https:\/\/agenciabrasil.ebc.com.br\/ebc.gif?id=1552370&amp;o=node\" \/><\/p>\n<p>Segundo o Instituto Nacional de Estudos e Pesquisas Educacionais An\u00edsio Teixeira (Inep), a oportunidade \u00e9 voltada \u201capenas aos participantes que tiveram problemas log\u00edsticos no domingo, 27 de agosto, ou que apresentaram sintomas de doen\u00e7as infectocontagiosas na v\u00e9spera da aplica\u00e7\u00e3o\u201d.<\/p>\n<p>As solicita\u00e7\u00f5es devem ser feitas por meio do\u00a0<a href=\"http:\/\/enccejanacional.inep.gov.br\/encceja\/#!\/inicial\" target=\"_blank\" rel=\"noopener\">Sistema Encceja<\/a>.<\/p>\n<p>Conforme previsto no edital, nos casos em que o participante tinha suspeita de doen\u00e7a infectocontagiosa ser\u00e1 necess\u00e1rio constar o nome completo do participante, o diagn\u00f3stico com a descri\u00e7\u00e3o da condi\u00e7\u00e3o, o c\u00f3digo da Classifica\u00e7\u00e3o Internacional de Doen\u00e7a, al\u00e9m da assinatura e da identifica\u00e7\u00e3o do profissional respons\u00e1vel pelo diagn\u00f3stico, \u201ccom\u00a0registro no Conselho Regional de Medicina (CRM), Minist\u00e9rio da Sa\u00fade ou \u00f3rg\u00e3o competente\u201d.<\/p>\n<p>\u00c9 necess\u00e1rio anexar o documento em formato PDF, PNG ou JPG, no tamanho m\u00e1ximo de 2 MB.<\/p>\n<p>A reaplica\u00e7\u00e3o ocorrer\u00e1 nos dias 17 e 18 de outubro, datas em que est\u00e1 prevista a realiza\u00e7\u00e3o do exame para Pessoas Privadas de Liberdade ou Sob Medida Socioeducativa que inclua priva\u00e7\u00e3o de liberdade (Encceja PPL).<\/p>\n<h2>Problemas log\u00edsticos<\/h2>\n<p>No caso de pessoas que tiveram problemas log\u00edsticos, o pedido para reaplica\u00e7\u00e3o do exame s\u00f3 ter\u00e1 efeito nas situa\u00e7\u00f5es previstas em edital, o que abrange, por exemplo, desastres naturais ou falta de energia el\u00e9trica que prejudicaram a aplica\u00e7\u00e3o do exame. A situa\u00e7\u00e3o dever\u00e1 ser relatada\u00a0por meio do Sistema Encceja.<\/p>\n<p>\u201cQuem faltou \u00e0 aplica\u00e7\u00e3o das provas de todas as \u00e1reas do conhecimento em que se inscreveu \u2013 por motivos que n\u00e3o constam no edital \u2013 n\u00e3o poder\u00e1 solicitar a reaplica\u00e7\u00e3o e dever\u00e1 justificar a aus\u00eancia, caso pretenda fazer a pr\u00f3xima edi\u00e7\u00e3o do exame gratuitamente\u201d, informa o Instituto Nacional de Estudos e Pesquisas Educacionais An\u00edsio Teixeira (Inep).<\/p>\n<p>Desde 2002, o Encceja \u00e9 aplicado gratuitamente com o apoio\u00a0de estados e munic\u00edpios. O\u00a0objetivo \u00e9\u00a0ajudar jovens e adultos que n\u00e3o conclu\u00edram os estudos na idade adequada a retomar\u00a0a trajet\u00f3ria escolar. O exame\u00a0avalia compet\u00eancias, habilidades e saberes adquiridos no processo escolar ou extraescolar.\u00a0As secretarias de Educa\u00e7\u00e3o e os institutos federais o utilizam como par\u00e2metro para certificar os participantes em n\u00edvel de conclus\u00e3o do ensino fundamental e m\u00e9dio.<\/p>\n<p>O exame serve tamb\u00e9m de baliza \u00e0 implementa\u00e7\u00e3o de procedimentos e pol\u00edticas para a melhoria da qualidade da oferta da educa\u00e7\u00e3o de jovens e adultos, al\u00e9m de viabilizar estudos e indicadores sobre o sistema educacional brasileiro.<\/p>\n<p>Fonte &#8211; Ag\u00eancia Brasil.<\/p>\n","protected":false},"excerpt":{"rendered":"<p>Oportunidade \u00e9 dada a quem teve problemas log\u00edsticos ou de<\/p>\n","protected":false},"author":2,"featured_media":94450,"comment_status":"open","ping_status":"open","sticky":false,"template":"","format":"standard","meta":{"footnotes":""},"categories":[24,3],"tags":[],"class_list":["post-94449","post","type-post","status-publish","format-standard","has-post-thumbnail","hentry","category-brasil","category-geral"],"yoast_head":"<!-- This site is optimized with the Yoast SEO plugin v27.4 - https:\/\/yoast.com\/product\/yoast-seo-wordpress\/ -->\n<title>Pedidos de reaplica\u00e7\u00e3o do Encceja devem ser feitos at\u00e9 sexta-feira - Regi\u00e3o News<\/title>\n<meta name=\"robots\" content=\"index, follow, max-snippet:-1, max-image-preview:large, max-video-preview:-1\" \/>\n<link rel=\"canonical\" href=\"https:\/\/regiaonews.net.br\/2022\/2023\/08\/31\/pedidos-de-reaplicacao-do-encceja-devem-ser-feitos-ate-sexta-feira\/\" \/>\n<meta property=\"og:locale\" content=\"pt_BR\" \/>\n<meta property=\"og:type\" content=\"article\" \/>\n<meta property=\"og:title\" content=\"Pedidos de reaplica\u00e7\u00e3o do Encceja devem ser feitos at\u00e9 sexta-feira - Regi\u00e3o News\" \/>\n<meta property=\"og:description\" content=\"Oportunidade \u00e9 dada a quem teve problemas log\u00edsticos ou de\" \/>\n<meta property=\"og:url\" content=\"https:\/\/regiaonews.net.br\/2022\/2023\/08\/31\/pedidos-de-reaplicacao-do-encceja-devem-ser-feitos-ate-sexta-feira\/\" \/>\n<meta property=\"og:site_name\" content=\"Regi\u00e3o News\" \/>\n<meta property=\"article:published_time\" content=\"2023-08-31T18:45:53+00:00\" \/>\n<meta property=\"og:image\" content=\"https:\/\/regiaonews.net.br\/2022\/wp-content\/uploads\/2023\/08\/image003_4.jpg\" \/>\n\t<meta property=\"og:image:width\" content=\"1170\" \/>\n\t<meta property=\"og:image:height\" content=\"700\" \/>\n\t<meta property=\"og:image:type\" content=\"image\/jpeg\" \/>\n<meta name=\"author\" content=\"Roberto\" \/>\n<meta name=\"twitter:card\" content=\"summary_large_image\" \/>\n<meta name=\"twitter:label1\" content=\"Escrito por\" \/>\n\t<meta name=\"twitter:data1\" content=\"Roberto\" \/>\n\t<meta name=\"twitter:label2\" content=\"Est. tempo de leitura\" \/>\n\t<meta name=\"twitter:data2\" content=\"3 minutos\" \/>\n<script type=\"application\/ld+json\" class=\"yoast-schema-graph\">{\"@context\":\"https:\\\/\\\/schema.org\",\"@graph\":[{\"@type\":\"Article\",\"@id\":\"https:\\\/\\\/regiaonews.net.br\\\/2022\\\/2023\\\/08\\\/31\\\/pedidos-de-reaplicacao-do-encceja-devem-ser-feitos-ate-sexta-feira\\\/#article\",\"isPartOf\":{\"@id\":\"https:\\\/\\\/regiaonews.net.br\\\/2022\\\/2023\\\/08\\\/31\\\/pedidos-de-reaplicacao-do-encceja-devem-ser-feitos-ate-sexta-feira\\\/\"},\"author\":{\"name\":\"Roberto\",\"@id\":\"https:\\\/\\\/regiaonews.net.br\\\/2022\\\/#\\\/schema\\\/person\\\/2d205a608a5aa97ac279d7a5e6d89ad8\"},\"headline\":\"Pedidos de reaplica\u00e7\u00e3o do Encceja devem ser feitos at\u00e9 sexta-feira\",\"datePublished\":\"2023-08-31T18:45:53+00:00\",\"mainEntityOfPage\":{\"@id\":\"https:\\\/\\\/regiaonews.net.br\\\/2022\\\/2023\\\/08\\\/31\\\/pedidos-de-reaplicacao-do-encceja-devem-ser-feitos-ate-sexta-feira\\\/\"},\"wordCount\":490,\"commentCount\":0,\"publisher\":{\"@id\":\"https:\\\/\\\/regiaonews.net.br\\\/2022\\\/#organization\"},\"image\":{\"@id\":\"https:\\\/\\\/regiaonews.net.br\\\/2022\\\/2023\\\/08\\\/31\\\/pedidos-de-reaplicacao-do-encceja-devem-ser-feitos-ate-sexta-feira\\\/#primaryimage\"},\"thumbnailUrl\":\"https:\\\/\\\/regiaonews.net.br\\\/2022\\\/wp-content\\\/uploads\\\/2023\\\/08\\\/image003_4.jpg\",\"articleSection\":[\"Brasil\",\"Geral\"],\"inLanguage\":\"pt-BR\",\"potentialAction\":[{\"@type\":\"CommentAction\",\"name\":\"Comment\",\"target\":[\"https:\\\/\\\/regiaonews.net.br\\\/2022\\\/2023\\\/08\\\/31\\\/pedidos-de-reaplicacao-do-encceja-devem-ser-feitos-ate-sexta-feira\\\/#respond\"]}]},{\"@type\":\"WebPage\",\"@id\":\"https:\\\/\\\/regiaonews.net.br\\\/2022\\\/2023\\\/08\\\/31\\\/pedidos-de-reaplicacao-do-encceja-devem-ser-feitos-ate-sexta-feira\\\/\",\"url\":\"https:\\\/\\\/regiaonews.net.br\\\/2022\\\/2023\\\/08\\\/31\\\/pedidos-de-reaplicacao-do-encceja-devem-ser-feitos-ate-sexta-feira\\\/\",\"name\":\"Pedidos de reaplica\u00e7\u00e3o do Encceja devem ser feitos at\u00e9 sexta-feira - Regi\u00e3o News\",\"isPartOf\":{\"@id\":\"https:\\\/\\\/regiaonews.net.br\\\/2022\\\/#website\"},\"primaryImageOfPage\":{\"@id\":\"https:\\\/\\\/regiaonews.net.br\\\/2022\\\/2023\\\/08\\\/31\\\/pedidos-de-reaplicacao-do-encceja-devem-ser-feitos-ate-sexta-feira\\\/#primaryimage\"},\"image\":{\"@id\":\"https:\\\/\\\/regiaonews.net.br\\\/2022\\\/2023\\\/08\\\/31\\\/pedidos-de-reaplicacao-do-encceja-devem-ser-feitos-ate-sexta-feira\\\/#primaryimage\"},\"thumbnailUrl\":\"https:\\\/\\\/regiaonews.net.br\\\/2022\\\/wp-content\\\/uploads\\\/2023\\\/08\\\/image003_4.jpg\",\"datePublished\":\"2023-08-31T18:45:53+00:00\",\"breadcrumb\":{\"@id\":\"https:\\\/\\\/regiaonews.net.br\\\/2022\\\/2023\\\/08\\\/31\\\/pedidos-de-reaplicacao-do-encceja-devem-ser-feitos-ate-sexta-feira\\\/#breadcrumb\"},\"inLanguage\":\"pt-BR\",\"potentialAction\":[{\"@type\":\"ReadAction\",\"target\":[\"https:\\\/\\\/regiaonews.net.br\\\/2022\\\/2023\\\/08\\\/31\\\/pedidos-de-reaplicacao-do-encceja-devem-ser-feitos-ate-sexta-feira\\\/\"]}]},{\"@type\":\"ImageObject\",\"inLanguage\":\"pt-BR\",\"@id\":\"https:\\\/\\\/regiaonews.net.br\\\/2022\\\/2023\\\/08\\\/31\\\/pedidos-de-reaplicacao-do-encceja-devem-ser-feitos-ate-sexta-feira\\\/#primaryimage\",\"url\":\"https:\\\/\\\/regiaonews.net.br\\\/2022\\\/wp-content\\\/uploads\\\/2023\\\/08\\\/image003_4.jpg\",\"contentUrl\":\"https:\\\/\\\/regiaonews.net.br\\\/2022\\\/wp-content\\\/uploads\\\/2023\\\/08\\\/image003_4.jpg\",\"width\":1170,\"height\":700},{\"@type\":\"BreadcrumbList\",\"@id\":\"https:\\\/\\\/regiaonews.net.br\\\/2022\\\/2023\\\/08\\\/31\\\/pedidos-de-reaplicacao-do-encceja-devem-ser-feitos-ate-sexta-feira\\\/#breadcrumb\",\"itemListElement\":[{\"@type\":\"ListItem\",\"position\":1,\"name\":\"In\u00edcio\",\"item\":\"https:\\\/\\\/regiaonews.net.br\\\/2022\\\/\"},{\"@type\":\"ListItem\",\"position\":2,\"name\":\"Pedidos de reaplica\u00e7\u00e3o do Encceja devem ser feitos at\u00e9 sexta-feira\"}]},{\"@type\":\"WebSite\",\"@id\":\"https:\\\/\\\/regiaonews.net.br\\\/2022\\\/#website\",\"url\":\"https:\\\/\\\/regiaonews.net.br\\\/2022\\\/\",\"name\":\"Regi\u00e3o News\",\"description\":\"Site de Not\u00edcias de Barretos e regi\u00e3o\",\"publisher\":{\"@id\":\"https:\\\/\\\/regiaonews.net.br\\\/2022\\\/#organization\"},\"potentialAction\":[{\"@type\":\"SearchAction\",\"target\":{\"@type\":\"EntryPoint\",\"urlTemplate\":\"https:\\\/\\\/regiaonews.net.br\\\/2022\\\/?s={search_term_string}\"},\"query-input\":{\"@type\":\"PropertyValueSpecification\",\"valueRequired\":true,\"valueName\":\"search_term_string\"}}],\"inLanguage\":\"pt-BR\"},{\"@type\":\"Organization\",\"@id\":\"https:\\\/\\\/regiaonews.net.br\\\/2022\\\/#organization\",\"name\":\"Regi\u00e3o News\",\"url\":\"https:\\\/\\\/regiaonews.net.br\\\/2022\\\/\",\"logo\":{\"@type\":\"ImageObject\",\"inLanguage\":\"pt-BR\",\"@id\":\"https:\\\/\\\/regiaonews.net.br\\\/2022\\\/#\\\/schema\\\/logo\\\/image\\\/\",\"url\":\"https:\\\/\\\/regiaonews.net.br\\\/2022\\\/wp-content\\\/uploads\\\/2026\\\/03\\\/regiao-13-anos-scaled.jpg\",\"contentUrl\":\"https:\\\/\\\/regiaonews.net.br\\\/2022\\\/wp-content\\\/uploads\\\/2026\\\/03\\\/regiao-13-anos-scaled.jpg\",\"width\":2560,\"height\":635,\"caption\":\"Regi\u00e3o News\"},\"image\":{\"@id\":\"https:\\\/\\\/regiaonews.net.br\\\/2022\\\/#\\\/schema\\\/logo\\\/image\\\/\"}},{\"@type\":\"Person\",\"@id\":\"https:\\\/\\\/regiaonews.net.br\\\/2022\\\/#\\\/schema\\\/person\\\/2d205a608a5aa97ac279d7a5e6d89ad8\",\"name\":\"Roberto\",\"image\":{\"@type\":\"ImageObject\",\"inLanguage\":\"pt-BR\",\"@id\":\"https:\\\/\\\/secure.gravatar.com\\\/avatar\\\/42749d8b712ff9d59ca93dc150494e5b55a44134482993f5baeb97e61b7ecc89?s=96&d=mm&r=g\",\"url\":\"https:\\\/\\\/secure.gravatar.com\\\/avatar\\\/42749d8b712ff9d59ca93dc150494e5b55a44134482993f5baeb97e61b7ecc89?s=96&d=mm&r=g\",\"contentUrl\":\"https:\\\/\\\/secure.gravatar.com\\\/avatar\\\/42749d8b712ff9d59ca93dc150494e5b55a44134482993f5baeb97e61b7ecc89?s=96&d=mm&r=g\",\"caption\":\"Roberto\"},\"url\":\"https:\\\/\\\/regiaonews.net.br\\\/2022\\\/author\\\/roberto\\\/\"}]}<\/script>\n<!-- \/ Yoast SEO plugin. -->","yoast_head_json":{"title":"Pedidos de reaplica\u00e7\u00e3o do Encceja devem ser feitos at\u00e9 sexta-feira - Regi\u00e3o News","robots":{"index":"index","follow":"follow","max-snippet":"max-snippet:-1","max-image-preview":"max-image-preview:large","max-video-preview":"max-video-preview:-1"},"canonical":"https:\/\/regiaonews.net.br\/2022\/2023\/08\/31\/pedidos-de-reaplicacao-do-encceja-devem-ser-feitos-ate-sexta-feira\/","og_locale":"pt_BR","og_type":"article","og_title":"Pedidos de reaplica\u00e7\u00e3o do Encceja devem ser feitos at\u00e9 sexta-feira - Regi\u00e3o News","og_description":"Oportunidade \u00e9 dada a quem teve problemas log\u00edsticos ou de","og_url":"https:\/\/regiaonews.net.br\/2022\/2023\/08\/31\/pedidos-de-reaplicacao-do-encceja-devem-ser-feitos-ate-sexta-feira\/","og_site_name":"Regi\u00e3o News","article_published_time":"2023-08-31T18:45:53+00:00","og_image":[{"width":1170,"height":700,"url":"https:\/\/regiaonews.net.br\/2022\/wp-content\/uploads\/2023\/08\/image003_4.jpg","type":"image\/jpeg"}],"author":"Roberto","twitter_card":"summary_large_image","twitter_misc":{"Escrito por":"Roberto","Est. tempo de leitura":"3 minutos"},"schema":{"@context":"https:\/\/schema.org","@graph":[{"@type":"Article","@id":"https:\/\/regiaonews.net.br\/2022\/2023\/08\/31\/pedidos-de-reaplicacao-do-encceja-devem-ser-feitos-ate-sexta-feira\/#article","isPartOf":{"@id":"https:\/\/regiaonews.net.br\/2022\/2023\/08\/31\/pedidos-de-reaplicacao-do-encceja-devem-ser-feitos-ate-sexta-feira\/"},"author":{"name":"Roberto","@id":"https:\/\/regiaonews.net.br\/2022\/#\/schema\/person\/2d205a608a5aa97ac279d7a5e6d89ad8"},"headline":"Pedidos de reaplica\u00e7\u00e3o do Encceja devem ser feitos at\u00e9 sexta-feira","datePublished":"2023-08-31T18:45:53+00:00","mainEntityOfPage":{"@id":"https:\/\/regiaonews.net.br\/2022\/2023\/08\/31\/pedidos-de-reaplicacao-do-encceja-devem-ser-feitos-ate-sexta-feira\/"},"wordCount":490,"commentCount":0,"publisher":{"@id":"https:\/\/regiaonews.net.br\/2022\/#organization"},"image":{"@id":"https:\/\/regiaonews.net.br\/2022\/2023\/08\/31\/pedidos-de-reaplicacao-do-encceja-devem-ser-feitos-ate-sexta-feira\/#primaryimage"},"thumbnailUrl":"https:\/\/regiaonews.net.br\/2022\/wp-content\/uploads\/2023\/08\/image003_4.jpg","articleSection":["Brasil","Geral"],"inLanguage":"pt-BR","potentialAction":[{"@type":"CommentAction","name":"Comment","target":["https:\/\/regiaonews.net.br\/2022\/2023\/08\/31\/pedidos-de-reaplicacao-do-encceja-devem-ser-feitos-ate-sexta-feira\/#respond"]}]},{"@type":"WebPage","@id":"https:\/\/regiaonews.net.br\/2022\/2023\/08\/31\/pedidos-de-reaplicacao-do-encceja-devem-ser-feitos-ate-sexta-feira\/","url":"https:\/\/regiaonews.net.br\/2022\/2023\/08\/31\/pedidos-de-reaplicacao-do-encceja-devem-ser-feitos-ate-sexta-feira\/","name":"Pedidos de reaplica\u00e7\u00e3o do Encceja devem ser feitos at\u00e9 sexta-feira - Regi\u00e3o News","isPartOf":{"@id":"https:\/\/regiaonews.net.br\/2022\/#website"},"primaryImageOfPage":{"@id":"https:\/\/regiaonews.net.br\/2022\/2023\/08\/31\/pedidos-de-reaplicacao-do-encceja-devem-ser-feitos-ate-sexta-feira\/#primaryimage"},"image":{"@id":"https:\/\/regiaonews.net.br\/2022\/2023\/08\/31\/pedidos-de-reaplicacao-do-encceja-devem-ser-feitos-ate-sexta-feira\/#primaryimage"},"thumbnailUrl":"https:\/\/regiaonews.net.br\/2022\/wp-content\/uploads\/2023\/08\/image003_4.jpg","datePublished":"2023-08-31T18:45:53+00:00","breadcrumb":{"@id":"https:\/\/regiaonews.net.br\/2022\/2023\/08\/31\/pedidos-de-reaplicacao-do-encceja-devem-ser-feitos-ate-sexta-feira\/#breadcrumb"},"inLanguage":"pt-BR","potentialAction":[{"@type":"ReadAction","target":["https:\/\/regiaonews.net.br\/2022\/2023\/08\/31\/pedidos-de-reaplicacao-do-encceja-devem-ser-feitos-ate-sexta-feira\/"]}]},{"@type":"ImageObject","inLanguage":"pt-BR","@id":"https:\/\/regiaonews.net.br\/2022\/2023\/08\/31\/pedidos-de-reaplicacao-do-encceja-devem-ser-feitos-ate-sexta-feira\/#primaryimage","url":"https:\/\/regiaonews.net.br\/2022\/wp-content\/uploads\/2023\/08\/image003_4.jpg","contentUrl":"https:\/\/regiaonews.net.br\/2022\/wp-content\/uploads\/2023\/08\/image003_4.jpg","width":1170,"height":700},{"@type":"BreadcrumbList","@id":"https:\/\/regiaonews.net.br\/2022\/2023\/08\/31\/pedidos-de-reaplicacao-do-encceja-devem-ser-feitos-ate-sexta-feira\/#breadcrumb","itemListElement":[{"@type":"ListItem","position":1,"name":"In\u00edcio","item":"https:\/\/regiaonews.net.br\/2022\/"},{"@type":"ListItem","position":2,"name":"Pedidos de reaplica\u00e7\u00e3o do Encceja devem ser feitos at\u00e9 sexta-feira"}]},{"@type":"WebSite","@id":"https:\/\/regiaonews.net.br\/2022\/#website","url":"https:\/\/regiaonews.net.br\/2022\/","name":"Regi\u00e3o News","description":"Site de Not\u00edcias de Barretos e regi\u00e3o","publisher":{"@id":"https:\/\/regiaonews.net.br\/2022\/#organization"},"potentialAction":[{"@type":"SearchAction","target":{"@type":"EntryPoint","urlTemplate":"https:\/\/regiaonews.net.br\/2022\/?s={search_term_string}"},"query-input":{"@type":"PropertyValueSpecification","valueRequired":true,"valueName":"search_term_string"}}],"inLanguage":"pt-BR"},{"@type":"Organization","@id":"https:\/\/regiaonews.net.br\/2022\/#organization","name":"Regi\u00e3o News","url":"https:\/\/regiaonews.net.br\/2022\/","logo":{"@type":"ImageObject","inLanguage":"pt-BR","@id":"https:\/\/regiaonews.net.br\/2022\/#\/schema\/logo\/image\/","url":"https:\/\/regiaonews.net.br\/2022\/wp-content\/uploads\/2026\/03\/regiao-13-anos-scaled.jpg","contentUrl":"https:\/\/regiaonews.net.br\/2022\/wp-content\/uploads\/2026\/03\/regiao-13-anos-scaled.jpg","width":2560,"height":635,"caption":"Regi\u00e3o News"},"image":{"@id":"https:\/\/regiaonews.net.br\/2022\/#\/schema\/logo\/image\/"}},{"@type":"Person","@id":"https:\/\/regiaonews.net.br\/2022\/#\/schema\/person\/2d205a608a5aa97ac279d7a5e6d89ad8","name":"Roberto","image":{"@type":"ImageObject","inLanguage":"pt-BR","@id":"https:\/\/secure.gravatar.com\/avatar\/42749d8b712ff9d59ca93dc150494e5b55a44134482993f5baeb97e61b7ecc89?s=96&d=mm&r=g","url":"https:\/\/secure.gravatar.com\/avatar\/42749d8b712ff9d59ca93dc150494e5b55a44134482993f5baeb97e61b7ecc89?s=96&d=mm&r=g","contentUrl":"https:\/\/secure.gravatar.com\/avatar\/42749d8b712ff9d59ca93dc150494e5b55a44134482993f5baeb97e61b7ecc89?s=96&d=mm&r=g","caption":"Roberto"},"url":"https:\/\/regiaonews.net.br\/2022\/author\/roberto\/"}]}},"publishpress_future_action":{"enabled":false,"date":"2026-05-03 06:20:28","action":"change-status","newStatus":"draft","terms":[],"taxonomy":"category","extraData":[]},"publishpress_future_workflow_manual_trigger":{"enabledWorkflows":[]},"_links":{"self":[{"href":"https:\/\/regiaonews.net.br\/2022\/wp-json\/wp\/v2\/posts\/94449","targetHints":{"allow":["GET"]}}],"collection":[{"href":"https:\/\/regiaonews.net.br\/2022\/wp-json\/wp\/v2\/posts"}],"about":[{"href":"https:\/\/regiaonews.net.br\/2022\/wp-json\/wp\/v2\/types\/post"}],"author":[{"embeddable":true,"href":"https:\/\/regiaonews.net.br\/2022\/wp-json\/wp\/v2\/users\/2"}],"replies":[{"embeddable":true,"href":"https:\/\/regiaonews.net.br\/2022\/wp-json\/wp\/v2\/comments?post=94449"}],"version-history":[{"count":1,"href":"https:\/\/regiaonews.net.br\/2022\/wp-json\/wp\/v2\/posts\/94449\/revisions"}],"predecessor-version":[{"id":94451,"href":"https:\/\/regiaonews.net.br\/2022\/wp-json\/wp\/v2\/posts\/94449\/revisions\/94451"}],"wp:featuredmedia":[{"embeddable":true,"href":"https:\/\/regiaonews.net.br\/2022\/wp-json\/wp\/v2\/media\/94450"}],"wp:attachment":[{"href":"https:\/\/regiaonews.net.br\/2022\/wp-json\/wp\/v2\/media?parent=94449"}],"wp:term":[{"taxonomy":"category","embeddable":true,"href":"https:\/\/regiaonews.net.br\/2022\/wp-json\/wp\/v2\/categories?post=94449"},{"taxonomy":"post_tag","embeddable":true,"href":"https:\/\/regiaonews.net.br\/2022\/wp-json\/wp\/v2\/tags?post=94449"}],"curies":[{"name":"wp","href":"https:\/\/api.w.org\/{rel}","templated":true}]}}