{"id":94442,"date":"2023-08-31T12:46:40","date_gmt":"2023-08-31T15:46:40","guid":{"rendered":"https:\/\/regiaonews.net.br\/2022\/?p=94442"},"modified":"2023-08-31T12:48:09","modified_gmt":"2023-08-31T15:48:09","slug":"operacao-festa-do-peao-fiscalizou-18-mil-motoristas-com-980-multas-aplicadas-nos-11-dias","status":"publish","type":"post","link":"https:\/\/regiaonews.net.br\/2022\/2023\/08\/31\/operacao-festa-do-peao-fiscalizou-18-mil-motoristas-com-980-multas-aplicadas-nos-11-dias\/","title":{"rendered":"Opera\u00e7\u00e3o Festa do Pe\u00e3o fiscalizou 18 mil motoristas com 980 multas aplicadas nos 11 dias"},"content":{"rendered":"<p>A Pol\u00edcia Rodovi\u00e1ria divulgou o balan\u00e7o da Opera\u00e7\u00e3o Festa do Pe\u00e3o de Barretos que foi realizada entre os dias 17 a 27 de agosto nas rodovias que d\u00e3o acesso ao Parque do Pe\u00e3o. Segundo o 3\u00ba Batalh\u00e3o de Pol\u00edcia Rodovi\u00e1ria, a opera\u00e7\u00e3o teve como foco principal a preserva\u00e7\u00e3o da vida, onde foram elaborados 980 autua\u00e7\u00f5es por in\u00fameras infra\u00e7\u00f5es de tr\u00e2nsito, sendo deste total 147 por n\u00e3o uso do cinto de seguran\u00e7a ou dispositivos de reten\u00e7\u00e3o, al\u00e9m de 59 por ultrapassagens em locais proibidos.<br \/>\nNa opera\u00e7\u00e3o, 18.398 motoristas foram submetidos ao teste de alcoolemia, que resultaram em 273 autua\u00e7\u00f5es por dirigir sob a influ\u00eancia de \u00e1lcool e destes 243 se recusaram a realizarem o teste.<br \/>\nApreens\u00f5es<br \/>\nTamb\u00e9m foram duas ocorr\u00eancias, em que o TOR \u2013 T\u00e1tico Ostensivo Rodovi\u00e1rio \u2013 prendeu oito pessoas praticaram furtos em Barretos, na Festa do Pe\u00e3o, que resultaram a recupera\u00e7\u00e3o de celulares, cart\u00f5es, CNH falsa, ve\u00edculos e oito pessoas presas.<br \/>\nOrienta\u00e7\u00e3o<br \/>\nTamb\u00e9m foram realizadas a\u00e7\u00f5es de educa\u00e7\u00e3o para o tr\u00e2nsito em parceria com a concession\u00e1ria de rodovias TEBE, com cerca de 7.000 crian\u00e7as participaram do projeto, oportunidade que receberam orienta\u00e7\u00f5es b\u00e1sicas para contribu\u00edrem com a seguran\u00e7a no tr\u00e2nsito no Parque do Pe\u00e3ozinho.<\/p>\n","protected":false},"excerpt":{"rendered":"<p>A Pol\u00edcia Rodovi\u00e1ria divulgou o balan\u00e7o da Opera\u00e7\u00e3o Festa do<\/p>\n","protected":false},"author":2,"featured_media":94443,"comment_status":"open","ping_status":"open","sticky":false,"template":"","format":"standard","meta":{"footnotes":""},"categories":[14,25,45],"tags":[],"class_list":["post-94442","post","type-post","status-publish","format-standard","has-post-thumbnail","hentry","category-barretos","category-cidades","category-festa-do-peao"],"yoast_head":"<!-- This site is optimized with the Yoast SEO plugin v27.4 - https:\/\/yoast.com\/product\/yoast-seo-wordpress\/ -->\n<title>Opera\u00e7\u00e3o Festa do Pe\u00e3o fiscalizou 18 mil motoristas com<\/title>\n<meta name=\"description\" content=\"A Pol\u00edcia Rodovi\u00e1ria divulgou o balan\u00e7o da Opera\u00e7\u00e3o Festa do Pe\u00e3o de Barretos que foi realizada entre os dias 17 a 27 de a\" \/>\n<meta name=\"robots\" content=\"index, follow, max-snippet:-1, max-image-preview:large, max-video-preview:-1\" \/>\n<link rel=\"canonical\" href=\"https:\/\/regiaonews.net.br\/2022\/2023\/08\/31\/operacao-festa-do-peao-fiscalizou-18-mil-motoristas-com-980-multas-aplicadas-nos-11-dias\/\" \/>\n<meta property=\"og:locale\" content=\"pt_BR\" \/>\n<meta property=\"og:type\" content=\"article\" \/>\n<meta property=\"og:title\" content=\"Opera\u00e7\u00e3o Festa do Pe\u00e3o fiscalizou 18 mil motoristas com\" \/>\n<meta property=\"og:description\" content=\"A Pol\u00edcia Rodovi\u00e1ria divulgou o balan\u00e7o da Opera\u00e7\u00e3o Festa do Pe\u00e3o de Barretos que foi realizada entre os dias 17 a 27 de a\" \/>\n<meta property=\"og:url\" content=\"https:\/\/regiaonews.net.br\/2022\/2023\/08\/31\/operacao-festa-do-peao-fiscalizou-18-mil-motoristas-com-980-multas-aplicadas-nos-11-dias\/\" \/>\n<meta property=\"og:site_name\" content=\"Regi\u00e3o News\" \/>\n<meta property=\"article:published_time\" content=\"2023-08-31T15:46:40+00:00\" \/>\n<meta property=\"article:modified_time\" content=\"2023-08-31T15:48:09+00:00\" \/>\n<meta property=\"og:image\" content=\"https:\/\/regiaonews.net.br\/2022\/wp-content\/uploads\/2023\/08\/IMG-20230830-WA0449.jpg\" \/>\n\t<meta property=\"og:image:width\" content=\"536\" \/>\n\t<meta property=\"og:image:height\" content=\"332\" \/>\n\t<meta property=\"og:image:type\" content=\"image\/jpeg\" \/>\n<meta name=\"author\" content=\"Roberto\" \/>\n<meta name=\"twitter:card\" content=\"summary_large_image\" \/>\n<meta name=\"twitter:label1\" content=\"Escrito por\" \/>\n\t<meta name=\"twitter:data1\" content=\"Roberto\" \/>\n\t<meta name=\"twitter:label2\" content=\"Est. tempo de leitura\" \/>\n\t<meta name=\"twitter:data2\" content=\"2 minutos\" \/>\n<script type=\"application\/ld+json\" class=\"yoast-schema-graph\">{\"@context\":\"https:\\\/\\\/schema.org\",\"@graph\":[{\"@type\":\"Article\",\"@id\":\"https:\\\/\\\/regiaonews.net.br\\\/2022\\\/2023\\\/08\\\/31\\\/operacao-festa-do-peao-fiscalizou-18-mil-motoristas-com-980-multas-aplicadas-nos-11-dias\\\/#article\",\"isPartOf\":{\"@id\":\"https:\\\/\\\/regiaonews.net.br\\\/2022\\\/2023\\\/08\\\/31\\\/operacao-festa-do-peao-fiscalizou-18-mil-motoristas-com-980-multas-aplicadas-nos-11-dias\\\/\"},\"author\":{\"name\":\"Roberto\",\"@id\":\"https:\\\/\\\/regiaonews.net.br\\\/2022\\\/#\\\/schema\\\/person\\\/2d205a608a5aa97ac279d7a5e6d89ad8\"},\"headline\":\"Opera\u00e7\u00e3o Festa do Pe\u00e3o fiscalizou 18 mil motoristas com 980 multas aplicadas nos 11 dias\",\"datePublished\":\"2023-08-31T15:46:40+00:00\",\"dateModified\":\"2023-08-31T15:48:09+00:00\",\"mainEntityOfPage\":{\"@id\":\"https:\\\/\\\/regiaonews.net.br\\\/2022\\\/2023\\\/08\\\/31\\\/operacao-festa-do-peao-fiscalizou-18-mil-motoristas-com-980-multas-aplicadas-nos-11-dias\\\/\"},\"wordCount\":242,\"commentCount\":0,\"publisher\":{\"@id\":\"https:\\\/\\\/regiaonews.net.br\\\/2022\\\/#organization\"},\"image\":{\"@id\":\"https:\\\/\\\/regiaonews.net.br\\\/2022\\\/2023\\\/08\\\/31\\\/operacao-festa-do-peao-fiscalizou-18-mil-motoristas-com-980-multas-aplicadas-nos-11-dias\\\/#primaryimage\"},\"thumbnailUrl\":\"https:\\\/\\\/regiaonews.net.br\\\/2022\\\/wp-content\\\/uploads\\\/2023\\\/08\\\/IMG-20230830-WA0449.jpg\",\"articleSection\":[\"Barretos\",\"Cidades\",\"Festa do Pe\u00e3o\"],\"inLanguage\":\"pt-BR\",\"potentialAction\":[{\"@type\":\"CommentAction\",\"name\":\"Comment\",\"target\":[\"https:\\\/\\\/regiaonews.net.br\\\/2022\\\/2023\\\/08\\\/31\\\/operacao-festa-do-peao-fiscalizou-18-mil-motoristas-com-980-multas-aplicadas-nos-11-dias\\\/#respond\"]}]},{\"@type\":\"WebPage\",\"@id\":\"https:\\\/\\\/regiaonews.net.br\\\/2022\\\/2023\\\/08\\\/31\\\/operacao-festa-do-peao-fiscalizou-18-mil-motoristas-com-980-multas-aplicadas-nos-11-dias\\\/\",\"url\":\"https:\\\/\\\/regiaonews.net.br\\\/2022\\\/2023\\\/08\\\/31\\\/operacao-festa-do-peao-fiscalizou-18-mil-motoristas-com-980-multas-aplicadas-nos-11-dias\\\/\",\"name\":\"Opera\u00e7\u00e3o Festa do Pe\u00e3o fiscalizou 18 mil motoristas com\",\"isPartOf\":{\"@id\":\"https:\\\/\\\/regiaonews.net.br\\\/2022\\\/#website\"},\"primaryImageOfPage\":{\"@id\":\"https:\\\/\\\/regiaonews.net.br\\\/2022\\\/2023\\\/08\\\/31\\\/operacao-festa-do-peao-fiscalizou-18-mil-motoristas-com-980-multas-aplicadas-nos-11-dias\\\/#primaryimage\"},\"image\":{\"@id\":\"https:\\\/\\\/regiaonews.net.br\\\/2022\\\/2023\\\/08\\\/31\\\/operacao-festa-do-peao-fiscalizou-18-mil-motoristas-com-980-multas-aplicadas-nos-11-dias\\\/#primaryimage\"},\"thumbnailUrl\":\"https:\\\/\\\/regiaonews.net.br\\\/2022\\\/wp-content\\\/uploads\\\/2023\\\/08\\\/IMG-20230830-WA0449.jpg\",\"datePublished\":\"2023-08-31T15:46:40+00:00\",\"dateModified\":\"2023-08-31T15:48:09+00:00\",\"description\":\"A Pol\u00edcia Rodovi\u00e1ria divulgou o balan\u00e7o da Opera\u00e7\u00e3o Festa do Pe\u00e3o de Barretos que foi realizada entre os dias 17 a 27 de a\",\"breadcrumb\":{\"@id\":\"https:\\\/\\\/regiaonews.net.br\\\/2022\\\/2023\\\/08\\\/31\\\/operacao-festa-do-peao-fiscalizou-18-mil-motoristas-com-980-multas-aplicadas-nos-11-dias\\\/#breadcrumb\"},\"inLanguage\":\"pt-BR\",\"potentialAction\":[{\"@type\":\"ReadAction\",\"target\":[\"https:\\\/\\\/regiaonews.net.br\\\/2022\\\/2023\\\/08\\\/31\\\/operacao-festa-do-peao-fiscalizou-18-mil-motoristas-com-980-multas-aplicadas-nos-11-dias\\\/\"]}]},{\"@type\":\"ImageObject\",\"inLanguage\":\"pt-BR\",\"@id\":\"https:\\\/\\\/regiaonews.net.br\\\/2022\\\/2023\\\/08\\\/31\\\/operacao-festa-do-peao-fiscalizou-18-mil-motoristas-com-980-multas-aplicadas-nos-11-dias\\\/#primaryimage\",\"url\":\"https:\\\/\\\/regiaonews.net.br\\\/2022\\\/wp-content\\\/uploads\\\/2023\\\/08\\\/IMG-20230830-WA0449.jpg\",\"contentUrl\":\"https:\\\/\\\/regiaonews.net.br\\\/2022\\\/wp-content\\\/uploads\\\/2023\\\/08\\\/IMG-20230830-WA0449.jpg\",\"width\":536,\"height\":332},{\"@type\":\"BreadcrumbList\",\"@id\":\"https:\\\/\\\/regiaonews.net.br\\\/2022\\\/2023\\\/08\\\/31\\\/operacao-festa-do-peao-fiscalizou-18-mil-motoristas-com-980-multas-aplicadas-nos-11-dias\\\/#breadcrumb\",\"itemListElement\":[{\"@type\":\"ListItem\",\"position\":1,\"name\":\"In\u00edcio\",\"item\":\"https:\\\/\\\/regiaonews.net.br\\\/2022\\\/\"},{\"@type\":\"ListItem\",\"position\":2,\"name\":\"Opera\u00e7\u00e3o Festa do Pe\u00e3o fiscalizou 18 mil motoristas com 980 multas aplicadas nos 11 dias\"}]},{\"@type\":\"WebSite\",\"@id\":\"https:\\\/\\\/regiaonews.net.br\\\/2022\\\/#website\",\"url\":\"https:\\\/\\\/regiaonews.net.br\\\/2022\\\/\",\"name\":\"Regi\u00e3o News\",\"description\":\"Site de Not\u00edcias de Barretos e regi\u00e3o\",\"publisher\":{\"@id\":\"https:\\\/\\\/regiaonews.net.br\\\/2022\\\/#organization\"},\"potentialAction\":[{\"@type\":\"SearchAction\",\"target\":{\"@type\":\"EntryPoint\",\"urlTemplate\":\"https:\\\/\\\/regiaonews.net.br\\\/2022\\\/?s={search_term_string}\"},\"query-input\":{\"@type\":\"PropertyValueSpecification\",\"valueRequired\":true,\"valueName\":\"search_term_string\"}}],\"inLanguage\":\"pt-BR\"},{\"@type\":\"Organization\",\"@id\":\"https:\\\/\\\/regiaonews.net.br\\\/2022\\\/#organization\",\"name\":\"Regi\u00e3o News\",\"url\":\"https:\\\/\\\/regiaonews.net.br\\\/2022\\\/\",\"logo\":{\"@type\":\"ImageObject\",\"inLanguage\":\"pt-BR\",\"@id\":\"https:\\\/\\\/regiaonews.net.br\\\/2022\\\/#\\\/schema\\\/logo\\\/image\\\/\",\"url\":\"https:\\\/\\\/regiaonews.net.br\\\/2022\\\/wp-content\\\/uploads\\\/2026\\\/03\\\/regiao-13-anos-scaled.jpg\",\"contentUrl\":\"https:\\\/\\\/regiaonews.net.br\\\/2022\\\/wp-content\\\/uploads\\\/2026\\\/03\\\/regiao-13-anos-scaled.jpg\",\"width\":2560,\"height\":635,\"caption\":\"Regi\u00e3o News\"},\"image\":{\"@id\":\"https:\\\/\\\/regiaonews.net.br\\\/2022\\\/#\\\/schema\\\/logo\\\/image\\\/\"}},{\"@type\":\"Person\",\"@id\":\"https:\\\/\\\/regiaonews.net.br\\\/2022\\\/#\\\/schema\\\/person\\\/2d205a608a5aa97ac279d7a5e6d89ad8\",\"name\":\"Roberto\",\"image\":{\"@type\":\"ImageObject\",\"inLanguage\":\"pt-BR\",\"@id\":\"https:\\\/\\\/secure.gravatar.com\\\/avatar\\\/42749d8b712ff9d59ca93dc150494e5b55a44134482993f5baeb97e61b7ecc89?s=96&d=mm&r=g\",\"url\":\"https:\\\/\\\/secure.gravatar.com\\\/avatar\\\/42749d8b712ff9d59ca93dc150494e5b55a44134482993f5baeb97e61b7ecc89?s=96&d=mm&r=g\",\"contentUrl\":\"https:\\\/\\\/secure.gravatar.com\\\/avatar\\\/42749d8b712ff9d59ca93dc150494e5b55a44134482993f5baeb97e61b7ecc89?s=96&d=mm&r=g\",\"caption\":\"Roberto\"},\"url\":\"https:\\\/\\\/regiaonews.net.br\\\/2022\\\/author\\\/roberto\\\/\"}]}<\/script>\n<!-- \/ Yoast SEO plugin. -->","yoast_head_json":{"title":"Opera\u00e7\u00e3o Festa do Pe\u00e3o fiscalizou 18 mil motoristas com","description":"A Pol\u00edcia Rodovi\u00e1ria divulgou o balan\u00e7o da Opera\u00e7\u00e3o Festa do Pe\u00e3o de Barretos que foi realizada entre os dias 17 a 27 de a","robots":{"index":"index","follow":"follow","max-snippet":"max-snippet:-1","max-image-preview":"max-image-preview:large","max-video-preview":"max-video-preview:-1"},"canonical":"https:\/\/regiaonews.net.br\/2022\/2023\/08\/31\/operacao-festa-do-peao-fiscalizou-18-mil-motoristas-com-980-multas-aplicadas-nos-11-dias\/","og_locale":"pt_BR","og_type":"article","og_title":"Opera\u00e7\u00e3o Festa do Pe\u00e3o fiscalizou 18 mil motoristas com","og_description":"A Pol\u00edcia Rodovi\u00e1ria divulgou o balan\u00e7o da Opera\u00e7\u00e3o Festa do Pe\u00e3o de Barretos que foi realizada entre os dias 17 a 27 de a","og_url":"https:\/\/regiaonews.net.br\/2022\/2023\/08\/31\/operacao-festa-do-peao-fiscalizou-18-mil-motoristas-com-980-multas-aplicadas-nos-11-dias\/","og_site_name":"Regi\u00e3o News","article_published_time":"2023-08-31T15:46:40+00:00","article_modified_time":"2023-08-31T15:48:09+00:00","og_image":[{"width":536,"height":332,"url":"https:\/\/regiaonews.net.br\/2022\/wp-content\/uploads\/2023\/08\/IMG-20230830-WA0449.jpg","type":"image\/jpeg"}],"author":"Roberto","twitter_card":"summary_large_image","twitter_misc":{"Escrito por":"Roberto","Est. tempo de leitura":"2 minutos"},"schema":{"@context":"https:\/\/schema.org","@graph":[{"@type":"Article","@id":"https:\/\/regiaonews.net.br\/2022\/2023\/08\/31\/operacao-festa-do-peao-fiscalizou-18-mil-motoristas-com-980-multas-aplicadas-nos-11-dias\/#article","isPartOf":{"@id":"https:\/\/regiaonews.net.br\/2022\/2023\/08\/31\/operacao-festa-do-peao-fiscalizou-18-mil-motoristas-com-980-multas-aplicadas-nos-11-dias\/"},"author":{"name":"Roberto","@id":"https:\/\/regiaonews.net.br\/2022\/#\/schema\/person\/2d205a608a5aa97ac279d7a5e6d89ad8"},"headline":"Opera\u00e7\u00e3o Festa do Pe\u00e3o fiscalizou 18 mil motoristas com 980 multas aplicadas nos 11 dias","datePublished":"2023-08-31T15:46:40+00:00","dateModified":"2023-08-31T15:48:09+00:00","mainEntityOfPage":{"@id":"https:\/\/regiaonews.net.br\/2022\/2023\/08\/31\/operacao-festa-do-peao-fiscalizou-18-mil-motoristas-com-980-multas-aplicadas-nos-11-dias\/"},"wordCount":242,"commentCount":0,"publisher":{"@id":"https:\/\/regiaonews.net.br\/2022\/#organization"},"image":{"@id":"https:\/\/regiaonews.net.br\/2022\/2023\/08\/31\/operacao-festa-do-peao-fiscalizou-18-mil-motoristas-com-980-multas-aplicadas-nos-11-dias\/#primaryimage"},"thumbnailUrl":"https:\/\/regiaonews.net.br\/2022\/wp-content\/uploads\/2023\/08\/IMG-20230830-WA0449.jpg","articleSection":["Barretos","Cidades","Festa do Pe\u00e3o"],"inLanguage":"pt-BR","potentialAction":[{"@type":"CommentAction","name":"Comment","target":["https:\/\/regiaonews.net.br\/2022\/2023\/08\/31\/operacao-festa-do-peao-fiscalizou-18-mil-motoristas-com-980-multas-aplicadas-nos-11-dias\/#respond"]}]},{"@type":"WebPage","@id":"https:\/\/regiaonews.net.br\/2022\/2023\/08\/31\/operacao-festa-do-peao-fiscalizou-18-mil-motoristas-com-980-multas-aplicadas-nos-11-dias\/","url":"https:\/\/regiaonews.net.br\/2022\/2023\/08\/31\/operacao-festa-do-peao-fiscalizou-18-mil-motoristas-com-980-multas-aplicadas-nos-11-dias\/","name":"Opera\u00e7\u00e3o Festa do Pe\u00e3o fiscalizou 18 mil motoristas com","isPartOf":{"@id":"https:\/\/regiaonews.net.br\/2022\/#website"},"primaryImageOfPage":{"@id":"https:\/\/regiaonews.net.br\/2022\/2023\/08\/31\/operacao-festa-do-peao-fiscalizou-18-mil-motoristas-com-980-multas-aplicadas-nos-11-dias\/#primaryimage"},"image":{"@id":"https:\/\/regiaonews.net.br\/2022\/2023\/08\/31\/operacao-festa-do-peao-fiscalizou-18-mil-motoristas-com-980-multas-aplicadas-nos-11-dias\/#primaryimage"},"thumbnailUrl":"https:\/\/regiaonews.net.br\/2022\/wp-content\/uploads\/2023\/08\/IMG-20230830-WA0449.jpg","datePublished":"2023-08-31T15:46:40+00:00","dateModified":"2023-08-31T15:48:09+00:00","description":"A Pol\u00edcia Rodovi\u00e1ria divulgou o balan\u00e7o da Opera\u00e7\u00e3o Festa do Pe\u00e3o de Barretos que foi realizada entre os dias 17 a 27 de a","breadcrumb":{"@id":"https:\/\/regiaonews.net.br\/2022\/2023\/08\/31\/operacao-festa-do-peao-fiscalizou-18-mil-motoristas-com-980-multas-aplicadas-nos-11-dias\/#breadcrumb"},"inLanguage":"pt-BR","potentialAction":[{"@type":"ReadAction","target":["https:\/\/regiaonews.net.br\/2022\/2023\/08\/31\/operacao-festa-do-peao-fiscalizou-18-mil-motoristas-com-980-multas-aplicadas-nos-11-dias\/"]}]},{"@type":"ImageObject","inLanguage":"pt-BR","@id":"https:\/\/regiaonews.net.br\/2022\/2023\/08\/31\/operacao-festa-do-peao-fiscalizou-18-mil-motoristas-com-980-multas-aplicadas-nos-11-dias\/#primaryimage","url":"https:\/\/regiaonews.net.br\/2022\/wp-content\/uploads\/2023\/08\/IMG-20230830-WA0449.jpg","contentUrl":"https:\/\/regiaonews.net.br\/2022\/wp-content\/uploads\/2023\/08\/IMG-20230830-WA0449.jpg","width":536,"height":332},{"@type":"BreadcrumbList","@id":"https:\/\/regiaonews.net.br\/2022\/2023\/08\/31\/operacao-festa-do-peao-fiscalizou-18-mil-motoristas-com-980-multas-aplicadas-nos-11-dias\/#breadcrumb","itemListElement":[{"@type":"ListItem","position":1,"name":"In\u00edcio","item":"https:\/\/regiaonews.net.br\/2022\/"},{"@type":"ListItem","position":2,"name":"Opera\u00e7\u00e3o Festa do Pe\u00e3o fiscalizou 18 mil motoristas com 980 multas aplicadas nos 11 dias"}]},{"@type":"WebSite","@id":"https:\/\/regiaonews.net.br\/2022\/#website","url":"https:\/\/regiaonews.net.br\/2022\/","name":"Regi\u00e3o News","description":"Site de Not\u00edcias de Barretos e regi\u00e3o","publisher":{"@id":"https:\/\/regiaonews.net.br\/2022\/#organization"},"potentialAction":[{"@type":"SearchAction","target":{"@type":"EntryPoint","urlTemplate":"https:\/\/regiaonews.net.br\/2022\/?s={search_term_string}"},"query-input":{"@type":"PropertyValueSpecification","valueRequired":true,"valueName":"search_term_string"}}],"inLanguage":"pt-BR"},{"@type":"Organization","@id":"https:\/\/regiaonews.net.br\/2022\/#organization","name":"Regi\u00e3o News","url":"https:\/\/regiaonews.net.br\/2022\/","logo":{"@type":"ImageObject","inLanguage":"pt-BR","@id":"https:\/\/regiaonews.net.br\/2022\/#\/schema\/logo\/image\/","url":"https:\/\/regiaonews.net.br\/2022\/wp-content\/uploads\/2026\/03\/regiao-13-anos-scaled.jpg","contentUrl":"https:\/\/regiaonews.net.br\/2022\/wp-content\/uploads\/2026\/03\/regiao-13-anos-scaled.jpg","width":2560,"height":635,"caption":"Regi\u00e3o News"},"image":{"@id":"https:\/\/regiaonews.net.br\/2022\/#\/schema\/logo\/image\/"}},{"@type":"Person","@id":"https:\/\/regiaonews.net.br\/2022\/#\/schema\/person\/2d205a608a5aa97ac279d7a5e6d89ad8","name":"Roberto","image":{"@type":"ImageObject","inLanguage":"pt-BR","@id":"https:\/\/secure.gravatar.com\/avatar\/42749d8b712ff9d59ca93dc150494e5b55a44134482993f5baeb97e61b7ecc89?s=96&d=mm&r=g","url":"https:\/\/secure.gravatar.com\/avatar\/42749d8b712ff9d59ca93dc150494e5b55a44134482993f5baeb97e61b7ecc89?s=96&d=mm&r=g","contentUrl":"https:\/\/secure.gravatar.com\/avatar\/42749d8b712ff9d59ca93dc150494e5b55a44134482993f5baeb97e61b7ecc89?s=96&d=mm&r=g","caption":"Roberto"},"url":"https:\/\/regiaonews.net.br\/2022\/author\/roberto\/"}]}},"publishpress_future_action":{"enabled":false,"date":"2026-05-03 09:33:35","action":"change-status","newStatus":"draft","terms":[],"taxonomy":"category","extraData":[]},"publishpress_future_workflow_manual_trigger":{"enabledWorkflows":[]},"_links":{"self":[{"href":"https:\/\/regiaonews.net.br\/2022\/wp-json\/wp\/v2\/posts\/94442","targetHints":{"allow":["GET"]}}],"collection":[{"href":"https:\/\/regiaonews.net.br\/2022\/wp-json\/wp\/v2\/posts"}],"about":[{"href":"https:\/\/regiaonews.net.br\/2022\/wp-json\/wp\/v2\/types\/post"}],"author":[{"embeddable":true,"href":"https:\/\/regiaonews.net.br\/2022\/wp-json\/wp\/v2\/users\/2"}],"replies":[{"embeddable":true,"href":"https:\/\/regiaonews.net.br\/2022\/wp-json\/wp\/v2\/comments?post=94442"}],"version-history":[{"count":1,"href":"https:\/\/regiaonews.net.br\/2022\/wp-json\/wp\/v2\/posts\/94442\/revisions"}],"predecessor-version":[{"id":94444,"href":"https:\/\/regiaonews.net.br\/2022\/wp-json\/wp\/v2\/posts\/94442\/revisions\/94444"}],"wp:featuredmedia":[{"embeddable":true,"href":"https:\/\/regiaonews.net.br\/2022\/wp-json\/wp\/v2\/media\/94443"}],"wp:attachment":[{"href":"https:\/\/regiaonews.net.br\/2022\/wp-json\/wp\/v2\/media?parent=94442"}],"wp:term":[{"taxonomy":"category","embeddable":true,"href":"https:\/\/regiaonews.net.br\/2022\/wp-json\/wp\/v2\/categories?post=94442"},{"taxonomy":"post_tag","embeddable":true,"href":"https:\/\/regiaonews.net.br\/2022\/wp-json\/wp\/v2\/tags?post=94442"}],"curies":[{"name":"wp","href":"https:\/\/api.w.org\/{rel}","templated":true}]}}