{"id":94418,"date":"2023-08-30T22:14:31","date_gmt":"2023-08-31T01:14:31","guid":{"rendered":"https:\/\/regiaonews.net.br\/2022\/?p=94418"},"modified":"2023-08-30T22:26:34","modified_gmt":"2023-08-31T01:26:34","slug":"numero-de-operacoes-no-aeroporto-de-barretos-supera-expectativa-2023","status":"publish","type":"post","link":"https:\/\/regiaonews.net.br\/2022\/2023\/08\/30\/numero-de-operacoes-no-aeroporto-de-barretos-supera-expectativa-2023\/","title":{"rendered":"Aeroporto de Barretos registra 326 opera\u00e7\u00f5es no per\u00edodo da Festa do Pe\u00e3o"},"content":{"rendered":"<p>Com estimativa inicial de 250 pousos e decolagens, per\u00edodo da festa \u00e9 conclu\u00eddo com registro 30% maior<\/p>\n<p>&nbsp;<\/p>\n<p>Sob a gest\u00e3o da ASP \u2013 Aeroportos Paulistas, o Aeroporto de Barretos concluiu, com efici\u00eancia e seguran\u00e7a, a opera\u00e7\u00e3o especial para a Festa do Pe\u00e3o, considerada a maior Festa de Rodeio da Am\u00e9rica Latina. Os n\u00fameros registrados superam a expectativa inicial, reafirmando, pelo segundo ano consecutivo, a capacidade operacional do empreendimento.<br \/>\nEntre os dias 17 e 27 de agosto, 1.167 passageiros embarcaram e desembarcaram no Aeroporto Chafei Amsei por meio de 326 opera\u00e7\u00f5es, n\u00famero que inclui pousos e decolagens. A quantidade de voos supera em cerca de 30% a estimativa inicial, que era de 250 chegadas e partidas. Em compara\u00e7\u00e3o com o ano passado, o n\u00famero de passageiros cresceu 14%, per\u00edodo em que 1.022 clientes foram atendidos nas opera\u00e7\u00f5es da avia\u00e7\u00e3o geral.<\/p>\n<p>Quem passou pelo Aeroporto de Barretos teve a oportunidade de sentir o clima antecipado da festa j\u00e1 no sagu\u00e3o. Isso porque o receptivo desse ano contou com Feira Comercial de Produtos Barretenses, que ofereceu itens como chap\u00e9us, cosm\u00e9ticos, cutelaria, livros de escritores locais e produtos aliment\u00edcios como farofa, biscoito, pipoca gourmet, pa\u00e7oca, mel e palmito.<br \/>\nPaulo Paz \u00e9 tripulante de uma das aeronaves recebidas durante a festa e expressa sua satisfa\u00e7\u00e3o sobre o receptivo. \u201cRecebemos um super atendimento e ficamos muito satisfeitos pelo cuidado que tiveram com nossa opera\u00e7\u00e3o. O Marlon, gestor do Aeroporto, e sua equipe est\u00e3o de parab\u00e9ns. Infraestrutura excelente, muito bem cuidada, ambiente climatizado e limpo. O p\u00e1tio est\u00e1 bem sinalizado e em \u00f3timas condi\u00e7\u00f5es. Recebemos todo o aux\u00edlio para nossos passageiros, como indica\u00e7\u00e3o de traslado, informa\u00e7\u00f5es e dicas sobre a cidade\u201d, afirma.<br \/>\nJunior Heinzen tamb\u00e9m \u00e9 um dos clientes atendidos pela ASP no Aeroporto de Barretos e registrou sua experi\u00eancia. \u201cDesde antes da decolagem at\u00e9 a chegada a Barretos recebi informa\u00e7\u00f5es sobre as condi\u00e7\u00f5es do tempo e, no momento do pouso, recebemos excelente recep\u00e7\u00e3o do pessoal de apoio do Aeroporto. Tudo o que precisei, como transporte e meios para organizar o voo, nos foi prestado\u201d, comenta.<br \/>\nDe acordo com Dario Lopes, CEO da ASP, o retorno positivo dos clientes \u00e9 motivador para aprimorar as pr\u00f3ximas edi\u00e7\u00f5es. \u201cNesse segundo ano de apoio \u00e0 Festa do Pe\u00e3o, al\u00e9m da preocupa\u00e7\u00e3o priorit\u00e1ria com a seguran\u00e7a operacional, disponibilizamos mais op\u00e7\u00f5es comerciais e de servi\u00e7os. Sempre com o objetivo de melhorar a experi\u00eancia de todos os que usam o Aeroporto de Barretos. Ficamos satisfeitos com o retorno dos nossos clientes, mas sabemos que podemos melhorar e j\u00e1 estamos a pensar a pr\u00f3xima edi\u00e7\u00e3o da festa, planejando avan\u00e7os na opera\u00e7\u00e3o e nos servi\u00e7os para que o aeroporto seja uma das refer\u00eancias desse importante evento nacional\u201d, afirma.<\/p>\n<p>Mais efici\u00eancia, seguran\u00e7a e conforto<\/p>\n<p>Para assegurar a melhor experi\u00eancia aos visitantes, a ASP investiu em a\u00e7\u00f5es fundamentais que garantem maior seguran\u00e7a e efici\u00eancia \u00e0s opera\u00e7\u00f5es a\u00e9reas, al\u00e9m de proporcionar uma recep\u00e7\u00e3o mais calorosa e confort\u00e1vel aos que embarcaram e desembarcaram em solo barretense.<br \/>\nEntre os investimentos, est\u00e3o melhorias permanentes no balizamento e na ilumina\u00e7\u00e3o do p\u00e1tio, revitaliza\u00e7\u00e3o da estrutura predial, pintura, revis\u00e3o das instala\u00e7\u00f5es el\u00e9tricas, hidr\u00e1ulicas e civis, manuten\u00e7\u00e3o de \u00e1reas verdes, al\u00e9m de avan\u00e7ado sistema de monitoramento por c\u00e2meras 24 horas.<br \/>\nO Terminal de Passageiros tamb\u00e9m teve a sua ilumina\u00e7\u00e3o externa substitu\u00edda por l\u00e2mpadas LED, que otimizam a luminosidade e permitem que o empreendimento seja mais sustent\u00e1vel. Al\u00e9m disso, o gerador de energia est\u00e1 em pleno funcionamento, garantindo a autonomia energ\u00e9tica do Aeroporto de Barretos.<br \/>\nAl\u00e9m das opera\u00e7\u00f5es da avia\u00e7\u00e3o geral no Aeroporto de Barretos, sede deste grande evento, os passageiros tamb\u00e9m contaram com as op\u00e7\u00f5es de voos regulares com chegadas no Aeroporto de S\u00e3o Jos\u00e9 do Rio Preto, que fica a apenas 94 quil\u00f4metros do local, e tamb\u00e9m \u00e9 gerido seguindo os padr\u00f5es de qualidade da ASP.<\/p>\n<p><a href=\"https:\/\/regiaonews.net.br\/2022\/wp-content\/uploads\/2023\/08\/IMG-20230830-WA0123.jpg\"><img loading=\"lazy\" decoding=\"async\" class=\"alignnone size-medium wp-image-94420\" src=\"https:\/\/regiaonews.net.br\/2022\/wp-content\/uploads\/2023\/08\/IMG-20230830-WA0123-300x136.jpg\" alt=\"\" width=\"300\" height=\"136\" srcset=\"https:\/\/regiaonews.net.br\/2022\/wp-content\/uploads\/2023\/08\/IMG-20230830-WA0123-300x136.jpg 300w, https:\/\/regiaonews.net.br\/2022\/wp-content\/uploads\/2023\/08\/IMG-20230830-WA0123-1024x463.jpg 1024w, https:\/\/regiaonews.net.br\/2022\/wp-content\/uploads\/2023\/08\/IMG-20230830-WA0123-768x347.jpg 768w, https:\/\/regiaonews.net.br\/2022\/wp-content\/uploads\/2023\/08\/IMG-20230830-WA0123-250x113.jpg 250w, https:\/\/regiaonews.net.br\/2022\/wp-content\/uploads\/2023\/08\/IMG-20230830-WA0123.jpg 1459w\" sizes=\"auto, (max-width: 300px) 100vw, 300px\" \/><\/a><\/p>\n","protected":false},"excerpt":{"rendered":"<p>Com estimativa inicial de 250 pousos e decolagens, per\u00edodo da<\/p>\n","protected":false},"author":2,"featured_media":94419,"comment_status":"open","ping_status":"open","sticky":false,"template":"","format":"standard","meta":{"footnotes":""},"categories":[14,25],"tags":[],"class_list":["post-94418","post","type-post","status-publish","format-standard","has-post-thumbnail","hentry","category-barretos","category-cidades"],"yoast_head":"<!-- This site is optimized with the Yoast SEO plugin v27.4 - https:\/\/yoast.com\/product\/yoast-seo-wordpress\/ -->\n<title>Aeroporto de Barretos registra 326 opera\u00e7\u00f5es no per\u00edod<\/title>\n<meta name=\"description\" content=\"Sob a gest\u00e3o da ASP \u2013 Aeroportos Paulistas, o Aeroporto de Barretos concluiu, com efici\u00eancia e seguran\u00e7a, a opera\u00e7\u00e3o especial\" \/>\n<meta name=\"robots\" content=\"index, follow, max-snippet:-1, max-image-preview:large, max-video-preview:-1\" \/>\n<link rel=\"canonical\" href=\"https:\/\/regiaonews.net.br\/2022\/2023\/08\/30\/numero-de-operacoes-no-aeroporto-de-barretos-supera-expectativa-2023\/\" \/>\n<meta property=\"og:locale\" content=\"pt_BR\" \/>\n<meta property=\"og:type\" content=\"article\" \/>\n<meta property=\"og:title\" content=\"Aeroporto de Barretos registra 326 opera\u00e7\u00f5es no per\u00edod\" \/>\n<meta property=\"og:description\" content=\"Sob a gest\u00e3o da ASP \u2013 Aeroportos Paulistas, o Aeroporto de Barretos concluiu, com efici\u00eancia e seguran\u00e7a, a opera\u00e7\u00e3o especial\" \/>\n<meta property=\"og:url\" content=\"https:\/\/regiaonews.net.br\/2022\/2023\/08\/30\/numero-de-operacoes-no-aeroporto-de-barretos-supera-expectativa-2023\/\" \/>\n<meta property=\"og:site_name\" content=\"Regi\u00e3o News\" \/>\n<meta property=\"article:published_time\" content=\"2023-08-31T01:14:31+00:00\" \/>\n<meta property=\"article:modified_time\" content=\"2023-08-31T01:26:34+00:00\" \/>\n<meta property=\"og:image\" content=\"https:\/\/regiaonews.net.br\/2022\/wp-content\/uploads\/2023\/08\/IMG-20230830-WA0136.jpg\" \/>\n\t<meta property=\"og:image:width\" content=\"1600\" \/>\n\t<meta property=\"og:image:height\" content=\"1066\" \/>\n\t<meta property=\"og:image:type\" content=\"image\/jpeg\" \/>\n<meta name=\"author\" content=\"Roberto\" \/>\n<meta name=\"twitter:card\" content=\"summary_large_image\" \/>\n<meta name=\"twitter:label1\" content=\"Escrito por\" \/>\n\t<meta name=\"twitter:data1\" content=\"Roberto\" \/>\n\t<meta name=\"twitter:label2\" content=\"Est. tempo de leitura\" \/>\n\t<meta name=\"twitter:data2\" content=\"4 minutos\" \/>\n<script type=\"application\/ld+json\" class=\"yoast-schema-graph\">{\"@context\":\"https:\\\/\\\/schema.org\",\"@graph\":[{\"@type\":\"Article\",\"@id\":\"https:\\\/\\\/regiaonews.net.br\\\/2022\\\/2023\\\/08\\\/30\\\/numero-de-operacoes-no-aeroporto-de-barretos-supera-expectativa-2023\\\/#article\",\"isPartOf\":{\"@id\":\"https:\\\/\\\/regiaonews.net.br\\\/2022\\\/2023\\\/08\\\/30\\\/numero-de-operacoes-no-aeroporto-de-barretos-supera-expectativa-2023\\\/\"},\"author\":{\"name\":\"Roberto\",\"@id\":\"https:\\\/\\\/regiaonews.net.br\\\/2022\\\/#\\\/schema\\\/person\\\/2d205a608a5aa97ac279d7a5e6d89ad8\"},\"headline\":\"Aeroporto de Barretos registra 326 opera\u00e7\u00f5es no per\u00edodo da Festa do Pe\u00e3o\",\"datePublished\":\"2023-08-31T01:14:31+00:00\",\"dateModified\":\"2023-08-31T01:26:34+00:00\",\"mainEntityOfPage\":{\"@id\":\"https:\\\/\\\/regiaonews.net.br\\\/2022\\\/2023\\\/08\\\/30\\\/numero-de-operacoes-no-aeroporto-de-barretos-supera-expectativa-2023\\\/\"},\"wordCount\":709,\"commentCount\":0,\"publisher\":{\"@id\":\"https:\\\/\\\/regiaonews.net.br\\\/2022\\\/#organization\"},\"image\":{\"@id\":\"https:\\\/\\\/regiaonews.net.br\\\/2022\\\/2023\\\/08\\\/30\\\/numero-de-operacoes-no-aeroporto-de-barretos-supera-expectativa-2023\\\/#primaryimage\"},\"thumbnailUrl\":\"https:\\\/\\\/regiaonews.net.br\\\/2022\\\/wp-content\\\/uploads\\\/2023\\\/08\\\/IMG-20230830-WA0136.jpg\",\"articleSection\":[\"Barretos\",\"Cidades\"],\"inLanguage\":\"pt-BR\",\"potentialAction\":[{\"@type\":\"CommentAction\",\"name\":\"Comment\",\"target\":[\"https:\\\/\\\/regiaonews.net.br\\\/2022\\\/2023\\\/08\\\/30\\\/numero-de-operacoes-no-aeroporto-de-barretos-supera-expectativa-2023\\\/#respond\"]}]},{\"@type\":\"WebPage\",\"@id\":\"https:\\\/\\\/regiaonews.net.br\\\/2022\\\/2023\\\/08\\\/30\\\/numero-de-operacoes-no-aeroporto-de-barretos-supera-expectativa-2023\\\/\",\"url\":\"https:\\\/\\\/regiaonews.net.br\\\/2022\\\/2023\\\/08\\\/30\\\/numero-de-operacoes-no-aeroporto-de-barretos-supera-expectativa-2023\\\/\",\"name\":\"Aeroporto de Barretos registra 326 opera\u00e7\u00f5es no per\u00edod\",\"isPartOf\":{\"@id\":\"https:\\\/\\\/regiaonews.net.br\\\/2022\\\/#website\"},\"primaryImageOfPage\":{\"@id\":\"https:\\\/\\\/regiaonews.net.br\\\/2022\\\/2023\\\/08\\\/30\\\/numero-de-operacoes-no-aeroporto-de-barretos-supera-expectativa-2023\\\/#primaryimage\"},\"image\":{\"@id\":\"https:\\\/\\\/regiaonews.net.br\\\/2022\\\/2023\\\/08\\\/30\\\/numero-de-operacoes-no-aeroporto-de-barretos-supera-expectativa-2023\\\/#primaryimage\"},\"thumbnailUrl\":\"https:\\\/\\\/regiaonews.net.br\\\/2022\\\/wp-content\\\/uploads\\\/2023\\\/08\\\/IMG-20230830-WA0136.jpg\",\"datePublished\":\"2023-08-31T01:14:31+00:00\",\"dateModified\":\"2023-08-31T01:26:34+00:00\",\"description\":\"Sob a gest\u00e3o da ASP \u2013 Aeroportos Paulistas, o Aeroporto de Barretos concluiu, com efici\u00eancia e seguran\u00e7a, a opera\u00e7\u00e3o especial\",\"breadcrumb\":{\"@id\":\"https:\\\/\\\/regiaonews.net.br\\\/2022\\\/2023\\\/08\\\/30\\\/numero-de-operacoes-no-aeroporto-de-barretos-supera-expectativa-2023\\\/#breadcrumb\"},\"inLanguage\":\"pt-BR\",\"potentialAction\":[{\"@type\":\"ReadAction\",\"target\":[\"https:\\\/\\\/regiaonews.net.br\\\/2022\\\/2023\\\/08\\\/30\\\/numero-de-operacoes-no-aeroporto-de-barretos-supera-expectativa-2023\\\/\"]}]},{\"@type\":\"ImageObject\",\"inLanguage\":\"pt-BR\",\"@id\":\"https:\\\/\\\/regiaonews.net.br\\\/2022\\\/2023\\\/08\\\/30\\\/numero-de-operacoes-no-aeroporto-de-barretos-supera-expectativa-2023\\\/#primaryimage\",\"url\":\"https:\\\/\\\/regiaonews.net.br\\\/2022\\\/wp-content\\\/uploads\\\/2023\\\/08\\\/IMG-20230830-WA0136.jpg\",\"contentUrl\":\"https:\\\/\\\/regiaonews.net.br\\\/2022\\\/wp-content\\\/uploads\\\/2023\\\/08\\\/IMG-20230830-WA0136.jpg\",\"width\":1600,\"height\":1066},{\"@type\":\"BreadcrumbList\",\"@id\":\"https:\\\/\\\/regiaonews.net.br\\\/2022\\\/2023\\\/08\\\/30\\\/numero-de-operacoes-no-aeroporto-de-barretos-supera-expectativa-2023\\\/#breadcrumb\",\"itemListElement\":[{\"@type\":\"ListItem\",\"position\":1,\"name\":\"In\u00edcio\",\"item\":\"https:\\\/\\\/regiaonews.net.br\\\/2022\\\/\"},{\"@type\":\"ListItem\",\"position\":2,\"name\":\"Aeroporto de Barretos registra 326 opera\u00e7\u00f5es no per\u00edodo da Festa do Pe\u00e3o\"}]},{\"@type\":\"WebSite\",\"@id\":\"https:\\\/\\\/regiaonews.net.br\\\/2022\\\/#website\",\"url\":\"https:\\\/\\\/regiaonews.net.br\\\/2022\\\/\",\"name\":\"Regi\u00e3o News\",\"description\":\"Site de Not\u00edcias de Barretos e regi\u00e3o\",\"publisher\":{\"@id\":\"https:\\\/\\\/regiaonews.net.br\\\/2022\\\/#organization\"},\"potentialAction\":[{\"@type\":\"SearchAction\",\"target\":{\"@type\":\"EntryPoint\",\"urlTemplate\":\"https:\\\/\\\/regiaonews.net.br\\\/2022\\\/?s={search_term_string}\"},\"query-input\":{\"@type\":\"PropertyValueSpecification\",\"valueRequired\":true,\"valueName\":\"search_term_string\"}}],\"inLanguage\":\"pt-BR\"},{\"@type\":\"Organization\",\"@id\":\"https:\\\/\\\/regiaonews.net.br\\\/2022\\\/#organization\",\"name\":\"Regi\u00e3o News\",\"url\":\"https:\\\/\\\/regiaonews.net.br\\\/2022\\\/\",\"logo\":{\"@type\":\"ImageObject\",\"inLanguage\":\"pt-BR\",\"@id\":\"https:\\\/\\\/regiaonews.net.br\\\/2022\\\/#\\\/schema\\\/logo\\\/image\\\/\",\"url\":\"https:\\\/\\\/regiaonews.net.br\\\/2022\\\/wp-content\\\/uploads\\\/2026\\\/03\\\/regiao-13-anos-scaled.jpg\",\"contentUrl\":\"https:\\\/\\\/regiaonews.net.br\\\/2022\\\/wp-content\\\/uploads\\\/2026\\\/03\\\/regiao-13-anos-scaled.jpg\",\"width\":2560,\"height\":635,\"caption\":\"Regi\u00e3o News\"},\"image\":{\"@id\":\"https:\\\/\\\/regiaonews.net.br\\\/2022\\\/#\\\/schema\\\/logo\\\/image\\\/\"}},{\"@type\":\"Person\",\"@id\":\"https:\\\/\\\/regiaonews.net.br\\\/2022\\\/#\\\/schema\\\/person\\\/2d205a608a5aa97ac279d7a5e6d89ad8\",\"name\":\"Roberto\",\"image\":{\"@type\":\"ImageObject\",\"inLanguage\":\"pt-BR\",\"@id\":\"https:\\\/\\\/secure.gravatar.com\\\/avatar\\\/42749d8b712ff9d59ca93dc150494e5b55a44134482993f5baeb97e61b7ecc89?s=96&d=mm&r=g\",\"url\":\"https:\\\/\\\/secure.gravatar.com\\\/avatar\\\/42749d8b712ff9d59ca93dc150494e5b55a44134482993f5baeb97e61b7ecc89?s=96&d=mm&r=g\",\"contentUrl\":\"https:\\\/\\\/secure.gravatar.com\\\/avatar\\\/42749d8b712ff9d59ca93dc150494e5b55a44134482993f5baeb97e61b7ecc89?s=96&d=mm&r=g\",\"caption\":\"Roberto\"},\"url\":\"https:\\\/\\\/regiaonews.net.br\\\/2022\\\/author\\\/roberto\\\/\"}]}<\/script>\n<!-- \/ Yoast SEO plugin. -->","yoast_head_json":{"title":"Aeroporto de Barretos registra 326 opera\u00e7\u00f5es no per\u00edod","description":"Sob a gest\u00e3o da ASP \u2013 Aeroportos Paulistas, o Aeroporto de Barretos concluiu, com efici\u00eancia e seguran\u00e7a, a opera\u00e7\u00e3o especial","robots":{"index":"index","follow":"follow","max-snippet":"max-snippet:-1","max-image-preview":"max-image-preview:large","max-video-preview":"max-video-preview:-1"},"canonical":"https:\/\/regiaonews.net.br\/2022\/2023\/08\/30\/numero-de-operacoes-no-aeroporto-de-barretos-supera-expectativa-2023\/","og_locale":"pt_BR","og_type":"article","og_title":"Aeroporto de Barretos registra 326 opera\u00e7\u00f5es no per\u00edod","og_description":"Sob a gest\u00e3o da ASP \u2013 Aeroportos Paulistas, o Aeroporto de Barretos concluiu, com efici\u00eancia e seguran\u00e7a, a opera\u00e7\u00e3o especial","og_url":"https:\/\/regiaonews.net.br\/2022\/2023\/08\/30\/numero-de-operacoes-no-aeroporto-de-barretos-supera-expectativa-2023\/","og_site_name":"Regi\u00e3o News","article_published_time":"2023-08-31T01:14:31+00:00","article_modified_time":"2023-08-31T01:26:34+00:00","og_image":[{"width":1600,"height":1066,"url":"https:\/\/regiaonews.net.br\/2022\/wp-content\/uploads\/2023\/08\/IMG-20230830-WA0136.jpg","type":"image\/jpeg"}],"author":"Roberto","twitter_card":"summary_large_image","twitter_misc":{"Escrito por":"Roberto","Est. tempo de leitura":"4 minutos"},"schema":{"@context":"https:\/\/schema.org","@graph":[{"@type":"Article","@id":"https:\/\/regiaonews.net.br\/2022\/2023\/08\/30\/numero-de-operacoes-no-aeroporto-de-barretos-supera-expectativa-2023\/#article","isPartOf":{"@id":"https:\/\/regiaonews.net.br\/2022\/2023\/08\/30\/numero-de-operacoes-no-aeroporto-de-barretos-supera-expectativa-2023\/"},"author":{"name":"Roberto","@id":"https:\/\/regiaonews.net.br\/2022\/#\/schema\/person\/2d205a608a5aa97ac279d7a5e6d89ad8"},"headline":"Aeroporto de Barretos registra 326 opera\u00e7\u00f5es no per\u00edodo da Festa do Pe\u00e3o","datePublished":"2023-08-31T01:14:31+00:00","dateModified":"2023-08-31T01:26:34+00:00","mainEntityOfPage":{"@id":"https:\/\/regiaonews.net.br\/2022\/2023\/08\/30\/numero-de-operacoes-no-aeroporto-de-barretos-supera-expectativa-2023\/"},"wordCount":709,"commentCount":0,"publisher":{"@id":"https:\/\/regiaonews.net.br\/2022\/#organization"},"image":{"@id":"https:\/\/regiaonews.net.br\/2022\/2023\/08\/30\/numero-de-operacoes-no-aeroporto-de-barretos-supera-expectativa-2023\/#primaryimage"},"thumbnailUrl":"https:\/\/regiaonews.net.br\/2022\/wp-content\/uploads\/2023\/08\/IMG-20230830-WA0136.jpg","articleSection":["Barretos","Cidades"],"inLanguage":"pt-BR","potentialAction":[{"@type":"CommentAction","name":"Comment","target":["https:\/\/regiaonews.net.br\/2022\/2023\/08\/30\/numero-de-operacoes-no-aeroporto-de-barretos-supera-expectativa-2023\/#respond"]}]},{"@type":"WebPage","@id":"https:\/\/regiaonews.net.br\/2022\/2023\/08\/30\/numero-de-operacoes-no-aeroporto-de-barretos-supera-expectativa-2023\/","url":"https:\/\/regiaonews.net.br\/2022\/2023\/08\/30\/numero-de-operacoes-no-aeroporto-de-barretos-supera-expectativa-2023\/","name":"Aeroporto de Barretos registra 326 opera\u00e7\u00f5es no per\u00edod","isPartOf":{"@id":"https:\/\/regiaonews.net.br\/2022\/#website"},"primaryImageOfPage":{"@id":"https:\/\/regiaonews.net.br\/2022\/2023\/08\/30\/numero-de-operacoes-no-aeroporto-de-barretos-supera-expectativa-2023\/#primaryimage"},"image":{"@id":"https:\/\/regiaonews.net.br\/2022\/2023\/08\/30\/numero-de-operacoes-no-aeroporto-de-barretos-supera-expectativa-2023\/#primaryimage"},"thumbnailUrl":"https:\/\/regiaonews.net.br\/2022\/wp-content\/uploads\/2023\/08\/IMG-20230830-WA0136.jpg","datePublished":"2023-08-31T01:14:31+00:00","dateModified":"2023-08-31T01:26:34+00:00","description":"Sob a gest\u00e3o da ASP \u2013 Aeroportos Paulistas, o Aeroporto de Barretos concluiu, com efici\u00eancia e seguran\u00e7a, a opera\u00e7\u00e3o especial","breadcrumb":{"@id":"https:\/\/regiaonews.net.br\/2022\/2023\/08\/30\/numero-de-operacoes-no-aeroporto-de-barretos-supera-expectativa-2023\/#breadcrumb"},"inLanguage":"pt-BR","potentialAction":[{"@type":"ReadAction","target":["https:\/\/regiaonews.net.br\/2022\/2023\/08\/30\/numero-de-operacoes-no-aeroporto-de-barretos-supera-expectativa-2023\/"]}]},{"@type":"ImageObject","inLanguage":"pt-BR","@id":"https:\/\/regiaonews.net.br\/2022\/2023\/08\/30\/numero-de-operacoes-no-aeroporto-de-barretos-supera-expectativa-2023\/#primaryimage","url":"https:\/\/regiaonews.net.br\/2022\/wp-content\/uploads\/2023\/08\/IMG-20230830-WA0136.jpg","contentUrl":"https:\/\/regiaonews.net.br\/2022\/wp-content\/uploads\/2023\/08\/IMG-20230830-WA0136.jpg","width":1600,"height":1066},{"@type":"BreadcrumbList","@id":"https:\/\/regiaonews.net.br\/2022\/2023\/08\/30\/numero-de-operacoes-no-aeroporto-de-barretos-supera-expectativa-2023\/#breadcrumb","itemListElement":[{"@type":"ListItem","position":1,"name":"In\u00edcio","item":"https:\/\/regiaonews.net.br\/2022\/"},{"@type":"ListItem","position":2,"name":"Aeroporto de Barretos registra 326 opera\u00e7\u00f5es no per\u00edodo da Festa do Pe\u00e3o"}]},{"@type":"WebSite","@id":"https:\/\/regiaonews.net.br\/2022\/#website","url":"https:\/\/regiaonews.net.br\/2022\/","name":"Regi\u00e3o News","description":"Site de Not\u00edcias de Barretos e regi\u00e3o","publisher":{"@id":"https:\/\/regiaonews.net.br\/2022\/#organization"},"potentialAction":[{"@type":"SearchAction","target":{"@type":"EntryPoint","urlTemplate":"https:\/\/regiaonews.net.br\/2022\/?s={search_term_string}"},"query-input":{"@type":"PropertyValueSpecification","valueRequired":true,"valueName":"search_term_string"}}],"inLanguage":"pt-BR"},{"@type":"Organization","@id":"https:\/\/regiaonews.net.br\/2022\/#organization","name":"Regi\u00e3o News","url":"https:\/\/regiaonews.net.br\/2022\/","logo":{"@type":"ImageObject","inLanguage":"pt-BR","@id":"https:\/\/regiaonews.net.br\/2022\/#\/schema\/logo\/image\/","url":"https:\/\/regiaonews.net.br\/2022\/wp-content\/uploads\/2026\/03\/regiao-13-anos-scaled.jpg","contentUrl":"https:\/\/regiaonews.net.br\/2022\/wp-content\/uploads\/2026\/03\/regiao-13-anos-scaled.jpg","width":2560,"height":635,"caption":"Regi\u00e3o News"},"image":{"@id":"https:\/\/regiaonews.net.br\/2022\/#\/schema\/logo\/image\/"}},{"@type":"Person","@id":"https:\/\/regiaonews.net.br\/2022\/#\/schema\/person\/2d205a608a5aa97ac279d7a5e6d89ad8","name":"Roberto","image":{"@type":"ImageObject","inLanguage":"pt-BR","@id":"https:\/\/secure.gravatar.com\/avatar\/42749d8b712ff9d59ca93dc150494e5b55a44134482993f5baeb97e61b7ecc89?s=96&d=mm&r=g","url":"https:\/\/secure.gravatar.com\/avatar\/42749d8b712ff9d59ca93dc150494e5b55a44134482993f5baeb97e61b7ecc89?s=96&d=mm&r=g","contentUrl":"https:\/\/secure.gravatar.com\/avatar\/42749d8b712ff9d59ca93dc150494e5b55a44134482993f5baeb97e61b7ecc89?s=96&d=mm&r=g","caption":"Roberto"},"url":"https:\/\/regiaonews.net.br\/2022\/author\/roberto\/"}]}},"publishpress_future_action":{"enabled":false,"date":"2026-05-03 17:57:29","action":"change-status","newStatus":"draft","terms":[],"taxonomy":"category","extraData":[]},"publishpress_future_workflow_manual_trigger":{"enabledWorkflows":[]},"_links":{"self":[{"href":"https:\/\/regiaonews.net.br\/2022\/wp-json\/wp\/v2\/posts\/94418","targetHints":{"allow":["GET"]}}],"collection":[{"href":"https:\/\/regiaonews.net.br\/2022\/wp-json\/wp\/v2\/posts"}],"about":[{"href":"https:\/\/regiaonews.net.br\/2022\/wp-json\/wp\/v2\/types\/post"}],"author":[{"embeddable":true,"href":"https:\/\/regiaonews.net.br\/2022\/wp-json\/wp\/v2\/users\/2"}],"replies":[{"embeddable":true,"href":"https:\/\/regiaonews.net.br\/2022\/wp-json\/wp\/v2\/comments?post=94418"}],"version-history":[{"count":3,"href":"https:\/\/regiaonews.net.br\/2022\/wp-json\/wp\/v2\/posts\/94418\/revisions"}],"predecessor-version":[{"id":94423,"href":"https:\/\/regiaonews.net.br\/2022\/wp-json\/wp\/v2\/posts\/94418\/revisions\/94423"}],"wp:featuredmedia":[{"embeddable":true,"href":"https:\/\/regiaonews.net.br\/2022\/wp-json\/wp\/v2\/media\/94419"}],"wp:attachment":[{"href":"https:\/\/regiaonews.net.br\/2022\/wp-json\/wp\/v2\/media?parent=94418"}],"wp:term":[{"taxonomy":"category","embeddable":true,"href":"https:\/\/regiaonews.net.br\/2022\/wp-json\/wp\/v2\/categories?post=94418"},{"taxonomy":"post_tag","embeddable":true,"href":"https:\/\/regiaonews.net.br\/2022\/wp-json\/wp\/v2\/tags?post=94418"}],"curies":[{"name":"wp","href":"https:\/\/api.w.org\/{rel}","templated":true}]}}