{"id":94410,"date":"2023-08-30T20:26:19","date_gmt":"2023-08-30T23:26:19","guid":{"rendered":"https:\/\/regiaonews.net.br\/2022\/?p=94410"},"modified":"2023-08-30T21:46:06","modified_gmt":"2023-08-31T00:46:06","slug":"tenores-da-cia-minaz-se-apresentam-na-instituicao-aparecido-savegnago-no-dia-1o-de-setembro","status":"publish","type":"post","link":"https:\/\/regiaonews.net.br\/2022\/2023\/08\/30\/tenores-da-cia-minaz-se-apresentam-na-instituicao-aparecido-savegnago-no-dia-1o-de-setembro\/","title":{"rendered":"Tenores da Cia. Minaz se apresentam na Institui\u00e7\u00e3o Aparecido Savegnago no dia 1\u00ba de setembro"},"content":{"rendered":"<p>&nbsp;<\/p>\n<p><i>IAS anuncia o in\u00edcio da temporada 2023 do Circuito Cultural e Art\u00edstico; concertos s\u00e3o gratuitos e abertos ao p\u00fablico<\/i><\/p>\n<p>Est\u00e1 aberta a temporada 2023 do Circuito Cultural e Art\u00edstico, uma parceria da Institui\u00e7\u00e3o Aparecido Savegnago com a Cia. Minaz. Ser\u00e3o diversos concertos gratuitos, abertos ao p\u00fablico, com artistas reconhecidos nacional e internacionalmente, al\u00e9m da apresenta\u00e7\u00e3o de um repert\u00f3rio variado, desde o cl\u00e1ssico at\u00e9 o popular. O primeiro espet\u00e1culo ser\u00e1 dos Tenores da Cia Minaz, nesta sexta-feira, dia 1\u00ba de setembro, \u00e0s 19 horas. A apresenta\u00e7\u00e3o acontece no Audit\u00f3rio Isaura Borsoni Savegnago, em Sert\u00e3ozinho.<\/p>\n<p>De acordo com diretora-presidente da IAS, Shirley Pais Savegnago, o objetivo do Circuito \u00e9 gerar possibilidades atrav\u00e9s da cultura e da m\u00fasica.<\/p>\n<p>\u201cA arte tem um efeito poderoso na sociedade. Por isso, a Institui\u00e7\u00e3o Aparecido Savegnago oferece atividades educacionais, como m\u00fasica, coral, artes, teatro e dan\u00e7a, para crian\u00e7as e adolescentes de Sert\u00e3ozinho. Com o Circuito Cultural e Art\u00edstico, queremos trazer o melhor da arte para todos\u201d, resume.<\/p>\n<p><strong>Tenores<\/strong><\/p>\n<p>Com diversos integrantes que se intercalam nas apresenta\u00e7\u00f5es, os Tenores da Cia. Minaz possuem um vasto e abrangente repert\u00f3rio de can\u00e7onetas italianas, \u00e1rias de \u00f3peras, zarzuelas, al\u00e9m de can\u00e7\u00f5es populares de diversos pa\u00edses. A performance, realizada com bom humor e emo\u00e7\u00e3o, \u00e9 indicada para p\u00fablicos de todas as idades.<\/p>\n<p>O evento \u00e9 gratuito e n\u00e3o precisa fazer a retirada de ingressos. Entretanto, \u00e9 importante chegar com pelo menos 15 minutos de anteced\u00eancia para garantir o seu lugar neste espet\u00e1culo.<\/p>\n<p aria-hidden=\"true\">\n","protected":false},"excerpt":{"rendered":"<p>&nbsp; IAS anuncia o in\u00edcio da temporada 2023 do Circuito<\/p>\n","protected":false},"author":2,"featured_media":94411,"comment_status":"open","ping_status":"open","sticky":false,"template":"","format":"standard","meta":{"footnotes":""},"categories":[25,44],"tags":[],"class_list":["post-94410","post","type-post","status-publish","format-standard","has-post-thumbnail","hentry","category-cidades","category-sertaozinho"],"yoast_head":"<!-- This site is optimized with the Yoast SEO plugin v27.4 - https:\/\/yoast.com\/product\/yoast-seo-wordpress\/ -->\n<title>Tenores da Cia. Minaz se apresentam na Institui\u00e7\u00e3o Aparecid<\/title>\n<meta name=\"description\" content=\"Est\u00e1 aberta a temporada 2023 do Circuito Cultural e Art\u00edstico, uma parceria da Institui\u00e7\u00e3o Aparecido Savegnago com a Cia. Mina\" \/>\n<meta name=\"robots\" content=\"index, follow, max-snippet:-1, max-image-preview:large, max-video-preview:-1\" \/>\n<link rel=\"canonical\" href=\"https:\/\/regiaonews.net.br\/2022\/2023\/08\/30\/tenores-da-cia-minaz-se-apresentam-na-instituicao-aparecido-savegnago-no-dia-1o-de-setembro\/\" \/>\n<meta property=\"og:locale\" content=\"pt_BR\" \/>\n<meta property=\"og:type\" content=\"article\" \/>\n<meta property=\"og:title\" content=\"Tenores da Cia. Minaz se apresentam na Institui\u00e7\u00e3o Aparecid\" \/>\n<meta property=\"og:description\" content=\"Est\u00e1 aberta a temporada 2023 do Circuito Cultural e Art\u00edstico, uma parceria da Institui\u00e7\u00e3o Aparecido Savegnago com a Cia. Mina\" \/>\n<meta property=\"og:url\" content=\"https:\/\/regiaonews.net.br\/2022\/2023\/08\/30\/tenores-da-cia-minaz-se-apresentam-na-instituicao-aparecido-savegnago-no-dia-1o-de-setembro\/\" \/>\n<meta property=\"og:site_name\" content=\"Regi\u00e3o News\" \/>\n<meta property=\"article:published_time\" content=\"2023-08-30T23:26:19+00:00\" \/>\n<meta property=\"article:modified_time\" content=\"2023-08-31T00:46:06+00:00\" \/>\n<meta property=\"og:image\" content=\"https:\/\/regiaonews.net.br\/2022\/wp-content\/uploads\/2023\/08\/link.jpg\" \/>\n\t<meta property=\"og:image:width\" content=\"702\" \/>\n\t<meta property=\"og:image:height\" content=\"395\" \/>\n\t<meta property=\"og:image:type\" content=\"image\/jpeg\" \/>\n<meta name=\"author\" content=\"Roberto\" \/>\n<meta name=\"twitter:card\" content=\"summary_large_image\" \/>\n<meta name=\"twitter:label1\" content=\"Escrito por\" \/>\n\t<meta name=\"twitter:data1\" content=\"Roberto\" \/>\n\t<meta name=\"twitter:label2\" content=\"Est. tempo de leitura\" \/>\n\t<meta name=\"twitter:data2\" content=\"2 minutos\" \/>\n<script type=\"application\/ld+json\" class=\"yoast-schema-graph\">{\"@context\":\"https:\\\/\\\/schema.org\",\"@graph\":[{\"@type\":\"Article\",\"@id\":\"https:\\\/\\\/regiaonews.net.br\\\/2022\\\/2023\\\/08\\\/30\\\/tenores-da-cia-minaz-se-apresentam-na-instituicao-aparecido-savegnago-no-dia-1o-de-setembro\\\/#article\",\"isPartOf\":{\"@id\":\"https:\\\/\\\/regiaonews.net.br\\\/2022\\\/2023\\\/08\\\/30\\\/tenores-da-cia-minaz-se-apresentam-na-instituicao-aparecido-savegnago-no-dia-1o-de-setembro\\\/\"},\"author\":{\"name\":\"Roberto\",\"@id\":\"https:\\\/\\\/regiaonews.net.br\\\/2022\\\/#\\\/schema\\\/person\\\/2d205a608a5aa97ac279d7a5e6d89ad8\"},\"headline\":\"Tenores da Cia. Minaz se apresentam na Institui\u00e7\u00e3o Aparecido Savegnago no dia 1\u00ba de setembro\",\"datePublished\":\"2023-08-30T23:26:19+00:00\",\"dateModified\":\"2023-08-31T00:46:06+00:00\",\"mainEntityOfPage\":{\"@id\":\"https:\\\/\\\/regiaonews.net.br\\\/2022\\\/2023\\\/08\\\/30\\\/tenores-da-cia-minaz-se-apresentam-na-instituicao-aparecido-savegnago-no-dia-1o-de-setembro\\\/\"},\"wordCount\":282,\"commentCount\":0,\"publisher\":{\"@id\":\"https:\\\/\\\/regiaonews.net.br\\\/2022\\\/#organization\"},\"image\":{\"@id\":\"https:\\\/\\\/regiaonews.net.br\\\/2022\\\/2023\\\/08\\\/30\\\/tenores-da-cia-minaz-se-apresentam-na-instituicao-aparecido-savegnago-no-dia-1o-de-setembro\\\/#primaryimage\"},\"thumbnailUrl\":\"https:\\\/\\\/regiaonews.net.br\\\/2022\\\/wp-content\\\/uploads\\\/2023\\\/08\\\/link.jpg\",\"articleSection\":[\"Cidades\",\"Sert\u00e3ozinho\"],\"inLanguage\":\"pt-BR\",\"potentialAction\":[{\"@type\":\"CommentAction\",\"name\":\"Comment\",\"target\":[\"https:\\\/\\\/regiaonews.net.br\\\/2022\\\/2023\\\/08\\\/30\\\/tenores-da-cia-minaz-se-apresentam-na-instituicao-aparecido-savegnago-no-dia-1o-de-setembro\\\/#respond\"]}]},{\"@type\":\"WebPage\",\"@id\":\"https:\\\/\\\/regiaonews.net.br\\\/2022\\\/2023\\\/08\\\/30\\\/tenores-da-cia-minaz-se-apresentam-na-instituicao-aparecido-savegnago-no-dia-1o-de-setembro\\\/\",\"url\":\"https:\\\/\\\/regiaonews.net.br\\\/2022\\\/2023\\\/08\\\/30\\\/tenores-da-cia-minaz-se-apresentam-na-instituicao-aparecido-savegnago-no-dia-1o-de-setembro\\\/\",\"name\":\"Tenores da Cia. Minaz se apresentam na Institui\u00e7\u00e3o Aparecid\",\"isPartOf\":{\"@id\":\"https:\\\/\\\/regiaonews.net.br\\\/2022\\\/#website\"},\"primaryImageOfPage\":{\"@id\":\"https:\\\/\\\/regiaonews.net.br\\\/2022\\\/2023\\\/08\\\/30\\\/tenores-da-cia-minaz-se-apresentam-na-instituicao-aparecido-savegnago-no-dia-1o-de-setembro\\\/#primaryimage\"},\"image\":{\"@id\":\"https:\\\/\\\/regiaonews.net.br\\\/2022\\\/2023\\\/08\\\/30\\\/tenores-da-cia-minaz-se-apresentam-na-instituicao-aparecido-savegnago-no-dia-1o-de-setembro\\\/#primaryimage\"},\"thumbnailUrl\":\"https:\\\/\\\/regiaonews.net.br\\\/2022\\\/wp-content\\\/uploads\\\/2023\\\/08\\\/link.jpg\",\"datePublished\":\"2023-08-30T23:26:19+00:00\",\"dateModified\":\"2023-08-31T00:46:06+00:00\",\"description\":\"Est\u00e1 aberta a temporada 2023 do Circuito Cultural e Art\u00edstico, uma parceria da Institui\u00e7\u00e3o Aparecido Savegnago com a Cia. Mina\",\"breadcrumb\":{\"@id\":\"https:\\\/\\\/regiaonews.net.br\\\/2022\\\/2023\\\/08\\\/30\\\/tenores-da-cia-minaz-se-apresentam-na-instituicao-aparecido-savegnago-no-dia-1o-de-setembro\\\/#breadcrumb\"},\"inLanguage\":\"pt-BR\",\"potentialAction\":[{\"@type\":\"ReadAction\",\"target\":[\"https:\\\/\\\/regiaonews.net.br\\\/2022\\\/2023\\\/08\\\/30\\\/tenores-da-cia-minaz-se-apresentam-na-instituicao-aparecido-savegnago-no-dia-1o-de-setembro\\\/\"]}]},{\"@type\":\"ImageObject\",\"inLanguage\":\"pt-BR\",\"@id\":\"https:\\\/\\\/regiaonews.net.br\\\/2022\\\/2023\\\/08\\\/30\\\/tenores-da-cia-minaz-se-apresentam-na-instituicao-aparecido-savegnago-no-dia-1o-de-setembro\\\/#primaryimage\",\"url\":\"https:\\\/\\\/regiaonews.net.br\\\/2022\\\/wp-content\\\/uploads\\\/2023\\\/08\\\/link.jpg\",\"contentUrl\":\"https:\\\/\\\/regiaonews.net.br\\\/2022\\\/wp-content\\\/uploads\\\/2023\\\/08\\\/link.jpg\",\"width\":702,\"height\":395},{\"@type\":\"BreadcrumbList\",\"@id\":\"https:\\\/\\\/regiaonews.net.br\\\/2022\\\/2023\\\/08\\\/30\\\/tenores-da-cia-minaz-se-apresentam-na-instituicao-aparecido-savegnago-no-dia-1o-de-setembro\\\/#breadcrumb\",\"itemListElement\":[{\"@type\":\"ListItem\",\"position\":1,\"name\":\"In\u00edcio\",\"item\":\"https:\\\/\\\/regiaonews.net.br\\\/2022\\\/\"},{\"@type\":\"ListItem\",\"position\":2,\"name\":\"Tenores da Cia. Minaz se apresentam na Institui\u00e7\u00e3o Aparecido Savegnago no dia 1\u00ba de setembro\"}]},{\"@type\":\"WebSite\",\"@id\":\"https:\\\/\\\/regiaonews.net.br\\\/2022\\\/#website\",\"url\":\"https:\\\/\\\/regiaonews.net.br\\\/2022\\\/\",\"name\":\"Regi\u00e3o News\",\"description\":\"Site de Not\u00edcias de Barretos e regi\u00e3o\",\"publisher\":{\"@id\":\"https:\\\/\\\/regiaonews.net.br\\\/2022\\\/#organization\"},\"potentialAction\":[{\"@type\":\"SearchAction\",\"target\":{\"@type\":\"EntryPoint\",\"urlTemplate\":\"https:\\\/\\\/regiaonews.net.br\\\/2022\\\/?s={search_term_string}\"},\"query-input\":{\"@type\":\"PropertyValueSpecification\",\"valueRequired\":true,\"valueName\":\"search_term_string\"}}],\"inLanguage\":\"pt-BR\"},{\"@type\":\"Organization\",\"@id\":\"https:\\\/\\\/regiaonews.net.br\\\/2022\\\/#organization\",\"name\":\"Regi\u00e3o News\",\"url\":\"https:\\\/\\\/regiaonews.net.br\\\/2022\\\/\",\"logo\":{\"@type\":\"ImageObject\",\"inLanguage\":\"pt-BR\",\"@id\":\"https:\\\/\\\/regiaonews.net.br\\\/2022\\\/#\\\/schema\\\/logo\\\/image\\\/\",\"url\":\"https:\\\/\\\/regiaonews.net.br\\\/2022\\\/wp-content\\\/uploads\\\/2026\\\/03\\\/regiao-13-anos-scaled.jpg\",\"contentUrl\":\"https:\\\/\\\/regiaonews.net.br\\\/2022\\\/wp-content\\\/uploads\\\/2026\\\/03\\\/regiao-13-anos-scaled.jpg\",\"width\":2560,\"height\":635,\"caption\":\"Regi\u00e3o News\"},\"image\":{\"@id\":\"https:\\\/\\\/regiaonews.net.br\\\/2022\\\/#\\\/schema\\\/logo\\\/image\\\/\"}},{\"@type\":\"Person\",\"@id\":\"https:\\\/\\\/regiaonews.net.br\\\/2022\\\/#\\\/schema\\\/person\\\/2d205a608a5aa97ac279d7a5e6d89ad8\",\"name\":\"Roberto\",\"image\":{\"@type\":\"ImageObject\",\"inLanguage\":\"pt-BR\",\"@id\":\"https:\\\/\\\/secure.gravatar.com\\\/avatar\\\/42749d8b712ff9d59ca93dc150494e5b55a44134482993f5baeb97e61b7ecc89?s=96&d=mm&r=g\",\"url\":\"https:\\\/\\\/secure.gravatar.com\\\/avatar\\\/42749d8b712ff9d59ca93dc150494e5b55a44134482993f5baeb97e61b7ecc89?s=96&d=mm&r=g\",\"contentUrl\":\"https:\\\/\\\/secure.gravatar.com\\\/avatar\\\/42749d8b712ff9d59ca93dc150494e5b55a44134482993f5baeb97e61b7ecc89?s=96&d=mm&r=g\",\"caption\":\"Roberto\"},\"url\":\"https:\\\/\\\/regiaonews.net.br\\\/2022\\\/author\\\/roberto\\\/\"}]}<\/script>\n<!-- \/ Yoast SEO plugin. -->","yoast_head_json":{"title":"Tenores da Cia. Minaz se apresentam na Institui\u00e7\u00e3o Aparecid","description":"Est\u00e1 aberta a temporada 2023 do Circuito Cultural e Art\u00edstico, uma parceria da Institui\u00e7\u00e3o Aparecido Savegnago com a Cia. Mina","robots":{"index":"index","follow":"follow","max-snippet":"max-snippet:-1","max-image-preview":"max-image-preview:large","max-video-preview":"max-video-preview:-1"},"canonical":"https:\/\/regiaonews.net.br\/2022\/2023\/08\/30\/tenores-da-cia-minaz-se-apresentam-na-instituicao-aparecido-savegnago-no-dia-1o-de-setembro\/","og_locale":"pt_BR","og_type":"article","og_title":"Tenores da Cia. Minaz se apresentam na Institui\u00e7\u00e3o Aparecid","og_description":"Est\u00e1 aberta a temporada 2023 do Circuito Cultural e Art\u00edstico, uma parceria da Institui\u00e7\u00e3o Aparecido Savegnago com a Cia. Mina","og_url":"https:\/\/regiaonews.net.br\/2022\/2023\/08\/30\/tenores-da-cia-minaz-se-apresentam-na-instituicao-aparecido-savegnago-no-dia-1o-de-setembro\/","og_site_name":"Regi\u00e3o News","article_published_time":"2023-08-30T23:26:19+00:00","article_modified_time":"2023-08-31T00:46:06+00:00","og_image":[{"width":702,"height":395,"url":"https:\/\/regiaonews.net.br\/2022\/wp-content\/uploads\/2023\/08\/link.jpg","type":"image\/jpeg"}],"author":"Roberto","twitter_card":"summary_large_image","twitter_misc":{"Escrito por":"Roberto","Est. tempo de leitura":"2 minutos"},"schema":{"@context":"https:\/\/schema.org","@graph":[{"@type":"Article","@id":"https:\/\/regiaonews.net.br\/2022\/2023\/08\/30\/tenores-da-cia-minaz-se-apresentam-na-instituicao-aparecido-savegnago-no-dia-1o-de-setembro\/#article","isPartOf":{"@id":"https:\/\/regiaonews.net.br\/2022\/2023\/08\/30\/tenores-da-cia-minaz-se-apresentam-na-instituicao-aparecido-savegnago-no-dia-1o-de-setembro\/"},"author":{"name":"Roberto","@id":"https:\/\/regiaonews.net.br\/2022\/#\/schema\/person\/2d205a608a5aa97ac279d7a5e6d89ad8"},"headline":"Tenores da Cia. Minaz se apresentam na Institui\u00e7\u00e3o Aparecido Savegnago no dia 1\u00ba de setembro","datePublished":"2023-08-30T23:26:19+00:00","dateModified":"2023-08-31T00:46:06+00:00","mainEntityOfPage":{"@id":"https:\/\/regiaonews.net.br\/2022\/2023\/08\/30\/tenores-da-cia-minaz-se-apresentam-na-instituicao-aparecido-savegnago-no-dia-1o-de-setembro\/"},"wordCount":282,"commentCount":0,"publisher":{"@id":"https:\/\/regiaonews.net.br\/2022\/#organization"},"image":{"@id":"https:\/\/regiaonews.net.br\/2022\/2023\/08\/30\/tenores-da-cia-minaz-se-apresentam-na-instituicao-aparecido-savegnago-no-dia-1o-de-setembro\/#primaryimage"},"thumbnailUrl":"https:\/\/regiaonews.net.br\/2022\/wp-content\/uploads\/2023\/08\/link.jpg","articleSection":["Cidades","Sert\u00e3ozinho"],"inLanguage":"pt-BR","potentialAction":[{"@type":"CommentAction","name":"Comment","target":["https:\/\/regiaonews.net.br\/2022\/2023\/08\/30\/tenores-da-cia-minaz-se-apresentam-na-instituicao-aparecido-savegnago-no-dia-1o-de-setembro\/#respond"]}]},{"@type":"WebPage","@id":"https:\/\/regiaonews.net.br\/2022\/2023\/08\/30\/tenores-da-cia-minaz-se-apresentam-na-instituicao-aparecido-savegnago-no-dia-1o-de-setembro\/","url":"https:\/\/regiaonews.net.br\/2022\/2023\/08\/30\/tenores-da-cia-minaz-se-apresentam-na-instituicao-aparecido-savegnago-no-dia-1o-de-setembro\/","name":"Tenores da Cia. Minaz se apresentam na Institui\u00e7\u00e3o Aparecid","isPartOf":{"@id":"https:\/\/regiaonews.net.br\/2022\/#website"},"primaryImageOfPage":{"@id":"https:\/\/regiaonews.net.br\/2022\/2023\/08\/30\/tenores-da-cia-minaz-se-apresentam-na-instituicao-aparecido-savegnago-no-dia-1o-de-setembro\/#primaryimage"},"image":{"@id":"https:\/\/regiaonews.net.br\/2022\/2023\/08\/30\/tenores-da-cia-minaz-se-apresentam-na-instituicao-aparecido-savegnago-no-dia-1o-de-setembro\/#primaryimage"},"thumbnailUrl":"https:\/\/regiaonews.net.br\/2022\/wp-content\/uploads\/2023\/08\/link.jpg","datePublished":"2023-08-30T23:26:19+00:00","dateModified":"2023-08-31T00:46:06+00:00","description":"Est\u00e1 aberta a temporada 2023 do Circuito Cultural e Art\u00edstico, uma parceria da Institui\u00e7\u00e3o Aparecido Savegnago com a Cia. Mina","breadcrumb":{"@id":"https:\/\/regiaonews.net.br\/2022\/2023\/08\/30\/tenores-da-cia-minaz-se-apresentam-na-instituicao-aparecido-savegnago-no-dia-1o-de-setembro\/#breadcrumb"},"inLanguage":"pt-BR","potentialAction":[{"@type":"ReadAction","target":["https:\/\/regiaonews.net.br\/2022\/2023\/08\/30\/tenores-da-cia-minaz-se-apresentam-na-instituicao-aparecido-savegnago-no-dia-1o-de-setembro\/"]}]},{"@type":"ImageObject","inLanguage":"pt-BR","@id":"https:\/\/regiaonews.net.br\/2022\/2023\/08\/30\/tenores-da-cia-minaz-se-apresentam-na-instituicao-aparecido-savegnago-no-dia-1o-de-setembro\/#primaryimage","url":"https:\/\/regiaonews.net.br\/2022\/wp-content\/uploads\/2023\/08\/link.jpg","contentUrl":"https:\/\/regiaonews.net.br\/2022\/wp-content\/uploads\/2023\/08\/link.jpg","width":702,"height":395},{"@type":"BreadcrumbList","@id":"https:\/\/regiaonews.net.br\/2022\/2023\/08\/30\/tenores-da-cia-minaz-se-apresentam-na-instituicao-aparecido-savegnago-no-dia-1o-de-setembro\/#breadcrumb","itemListElement":[{"@type":"ListItem","position":1,"name":"In\u00edcio","item":"https:\/\/regiaonews.net.br\/2022\/"},{"@type":"ListItem","position":2,"name":"Tenores da Cia. Minaz se apresentam na Institui\u00e7\u00e3o Aparecido Savegnago no dia 1\u00ba de setembro"}]},{"@type":"WebSite","@id":"https:\/\/regiaonews.net.br\/2022\/#website","url":"https:\/\/regiaonews.net.br\/2022\/","name":"Regi\u00e3o News","description":"Site de Not\u00edcias de Barretos e regi\u00e3o","publisher":{"@id":"https:\/\/regiaonews.net.br\/2022\/#organization"},"potentialAction":[{"@type":"SearchAction","target":{"@type":"EntryPoint","urlTemplate":"https:\/\/regiaonews.net.br\/2022\/?s={search_term_string}"},"query-input":{"@type":"PropertyValueSpecification","valueRequired":true,"valueName":"search_term_string"}}],"inLanguage":"pt-BR"},{"@type":"Organization","@id":"https:\/\/regiaonews.net.br\/2022\/#organization","name":"Regi\u00e3o News","url":"https:\/\/regiaonews.net.br\/2022\/","logo":{"@type":"ImageObject","inLanguage":"pt-BR","@id":"https:\/\/regiaonews.net.br\/2022\/#\/schema\/logo\/image\/","url":"https:\/\/regiaonews.net.br\/2022\/wp-content\/uploads\/2026\/03\/regiao-13-anos-scaled.jpg","contentUrl":"https:\/\/regiaonews.net.br\/2022\/wp-content\/uploads\/2026\/03\/regiao-13-anos-scaled.jpg","width":2560,"height":635,"caption":"Regi\u00e3o News"},"image":{"@id":"https:\/\/regiaonews.net.br\/2022\/#\/schema\/logo\/image\/"}},{"@type":"Person","@id":"https:\/\/regiaonews.net.br\/2022\/#\/schema\/person\/2d205a608a5aa97ac279d7a5e6d89ad8","name":"Roberto","image":{"@type":"ImageObject","inLanguage":"pt-BR","@id":"https:\/\/secure.gravatar.com\/avatar\/42749d8b712ff9d59ca93dc150494e5b55a44134482993f5baeb97e61b7ecc89?s=96&d=mm&r=g","url":"https:\/\/secure.gravatar.com\/avatar\/42749d8b712ff9d59ca93dc150494e5b55a44134482993f5baeb97e61b7ecc89?s=96&d=mm&r=g","contentUrl":"https:\/\/secure.gravatar.com\/avatar\/42749d8b712ff9d59ca93dc150494e5b55a44134482993f5baeb97e61b7ecc89?s=96&d=mm&r=g","caption":"Roberto"},"url":"https:\/\/regiaonews.net.br\/2022\/author\/roberto\/"}]}},"publishpress_future_action":{"enabled":false,"date":"2026-05-03 16:06:50","action":"change-status","newStatus":"draft","terms":[],"taxonomy":"category","extraData":[]},"publishpress_future_workflow_manual_trigger":{"enabledWorkflows":[]},"_links":{"self":[{"href":"https:\/\/regiaonews.net.br\/2022\/wp-json\/wp\/v2\/posts\/94410","targetHints":{"allow":["GET"]}}],"collection":[{"href":"https:\/\/regiaonews.net.br\/2022\/wp-json\/wp\/v2\/posts"}],"about":[{"href":"https:\/\/regiaonews.net.br\/2022\/wp-json\/wp\/v2\/types\/post"}],"author":[{"embeddable":true,"href":"https:\/\/regiaonews.net.br\/2022\/wp-json\/wp\/v2\/users\/2"}],"replies":[{"embeddable":true,"href":"https:\/\/regiaonews.net.br\/2022\/wp-json\/wp\/v2\/comments?post=94410"}],"version-history":[{"count":3,"href":"https:\/\/regiaonews.net.br\/2022\/wp-json\/wp\/v2\/posts\/94410\/revisions"}],"predecessor-version":[{"id":94416,"href":"https:\/\/regiaonews.net.br\/2022\/wp-json\/wp\/v2\/posts\/94410\/revisions\/94416"}],"wp:featuredmedia":[{"embeddable":true,"href":"https:\/\/regiaonews.net.br\/2022\/wp-json\/wp\/v2\/media\/94411"}],"wp:attachment":[{"href":"https:\/\/regiaonews.net.br\/2022\/wp-json\/wp\/v2\/media?parent=94410"}],"wp:term":[{"taxonomy":"category","embeddable":true,"href":"https:\/\/regiaonews.net.br\/2022\/wp-json\/wp\/v2\/categories?post=94410"},{"taxonomy":"post_tag","embeddable":true,"href":"https:\/\/regiaonews.net.br\/2022\/wp-json\/wp\/v2\/tags?post=94410"}],"curies":[{"name":"wp","href":"https:\/\/api.w.org\/{rel}","templated":true}]}}