{"id":94404,"date":"2023-08-30T20:01:06","date_gmt":"2023-08-30T23:01:06","guid":{"rendered":"https:\/\/regiaonews.net.br\/2022\/?p=94404"},"modified":"2023-08-30T20:01:06","modified_gmt":"2023-08-30T23:01:06","slug":"acao-solidaria-leva-diversao-para-mais-de-2-mil-alunos-da-educacao-infantil-com-passeios-nas-carretas-da-alegria","status":"publish","type":"post","link":"https:\/\/regiaonews.net.br\/2022\/2023\/08\/30\/acao-solidaria-leva-diversao-para-mais-de-2-mil-alunos-da-educacao-infantil-com-passeios-nas-carretas-da-alegria\/","title":{"rendered":"A\u00e7\u00e3o solid\u00e1ria leva divers\u00e3o para mais de 2 mil alunos da Educa\u00e7\u00e3o Infantil com passeios nas \u2018Carretas da Alegria\u2019"},"content":{"rendered":"<p>Atividade extracurricular \u00e9 proporcionada aos estudantes por empresas que atuam na cidade nesta \u00e9poca do ano e beneficiou crian\u00e7as da recrea\u00e7\u00e3o e da pr\u00e9-escola de Cemeis barretenses<\/p>\n<p>Uma a\u00e7\u00e3o solid\u00e1ria de empresas que operam as \u201cCarretas da Alegria\u201d nesta \u00e9poca do ano na Est\u00e2ncia Tur\u00edstica de Barretos levou divers\u00e3o para mais de dois mil alunos matriculados na recrea\u00e7\u00e3o e na pr\u00e9-escola de diversos Centros Municipais de Educa\u00e7\u00e3o Infantil (Cemeis) da Rede Municipal de Ensino.<br \/>\nDe acordo com a supervisora geral da Educa\u00e7\u00e3o infantil, D\u00e9bora Schnek, 1.199 alunos da recrea\u00e7\u00e3o e outros 1.148 da pr\u00e9-escola participaram dos passeios nas carretas. \u201cAgosto \u00e9 um m\u00eas festivo devido \u00e0 Festa do Pe\u00e3o e ao anivers\u00e1rio de Barretos, e uma das grandes atra\u00e7\u00f5es presentes na nossa cidade \u00e9 justamente a Carreta da Alegria, com seus personagens divertidos, muitas cores e m\u00fasicas. Isso chama a aten\u00e7\u00e3o das crian\u00e7as que podem aprender se divertindo. Finalizamos o m\u00eas com muita emo\u00e7\u00e3o e alegria\u201d, comentou.<br \/>\nNa tarde desta quarta-feira, 30, os alunos do Cemei Robson Rosalino da Silveira, localizado no bairro S\u00e3o Francisco, participaram da atividade. \u201c\u00c9 muito importante, principalmente para a nossa comunidade que \u00e9 um pouco mais carente, poder proporcionar essa divers\u00e3o para eles. S\u00f3 de ver a anima\u00e7\u00e3o e a carinha deles \u00e9 muito legal. Eles torcem muito por esses dias\u201d, comentou a diretora Carla Rodrigues Geyer.<br \/>\nFesta do Pe\u00e3o<br \/>\nDurante a Festa do Pe\u00e3o, que terminou no \u00faltimo domingo, 27, a Prefeitura tamb\u00e9m levou cerca de 5.253 alunos das Escolas Municipais e Cemeis ao Rancho do Pe\u00e3ozinho. No espa\u00e7o, dentro do Parque do Pe\u00e3o, as crian\u00e7as participaram de atividades socioeducativas e puderam acompanhar de perto as diversas apresenta\u00e7\u00f5es art\u00edsticas e culturais, montarias infantis, mantendo contato com a natureza e unindo aprendizado com divers\u00e3o.<\/p>\n","protected":false},"excerpt":{"rendered":"<p>Atividade extracurricular \u00e9 proporcionada aos estudantes por empresas que atuam<\/p>\n","protected":false},"author":2,"featured_media":94405,"comment_status":"open","ping_status":"open","sticky":false,"template":"","format":"standard","meta":{"footnotes":""},"categories":[14,25],"tags":[],"class_list":["post-94404","post","type-post","status-publish","format-standard","has-post-thumbnail","hentry","category-barretos","category-cidades"],"yoast_head":"<!-- This site is optimized with the Yoast SEO plugin v27.4 - https:\/\/yoast.com\/product\/yoast-seo-wordpress\/ -->\n<title>A\u00e7\u00e3o solid\u00e1ria leva divers\u00e3o para mais de 2 mil alunos da Educa\u00e7\u00e3o Infantil com passeios nas \u2018Carretas da Alegria\u2019 - Regi\u00e3o News<\/title>\n<meta name=\"robots\" content=\"index, follow, max-snippet:-1, max-image-preview:large, max-video-preview:-1\" \/>\n<link rel=\"canonical\" href=\"https:\/\/regiaonews.net.br\/2022\/2023\/08\/30\/acao-solidaria-leva-diversao-para-mais-de-2-mil-alunos-da-educacao-infantil-com-passeios-nas-carretas-da-alegria\/\" \/>\n<meta property=\"og:locale\" content=\"pt_BR\" \/>\n<meta property=\"og:type\" content=\"article\" \/>\n<meta property=\"og:title\" content=\"A\u00e7\u00e3o solid\u00e1ria leva divers\u00e3o para mais de 2 mil alunos da Educa\u00e7\u00e3o Infantil com passeios nas \u2018Carretas da Alegria\u2019 - Regi\u00e3o News\" \/>\n<meta property=\"og:description\" content=\"Atividade extracurricular \u00e9 proporcionada aos estudantes por empresas que atuam\" \/>\n<meta property=\"og:url\" content=\"https:\/\/regiaonews.net.br\/2022\/2023\/08\/30\/acao-solidaria-leva-diversao-para-mais-de-2-mil-alunos-da-educacao-infantil-com-passeios-nas-carretas-da-alegria\/\" \/>\n<meta property=\"og:site_name\" content=\"Regi\u00e3o News\" \/>\n<meta property=\"article:published_time\" content=\"2023-08-30T23:01:06+00:00\" \/>\n<meta property=\"og:image\" content=\"https:\/\/regiaonews.net.br\/2022\/wp-content\/uploads\/2023\/08\/WhatsApp-Image-2023-08-30-at-17.59.50.jpeg\" \/>\n\t<meta property=\"og:image:width\" content=\"1592\" \/>\n\t<meta property=\"og:image:height\" content=\"1060\" \/>\n\t<meta property=\"og:image:type\" content=\"image\/jpeg\" \/>\n<meta name=\"author\" content=\"Roberto\" \/>\n<meta name=\"twitter:card\" content=\"summary_large_image\" \/>\n<meta name=\"twitter:label1\" content=\"Escrito por\" \/>\n\t<meta name=\"twitter:data1\" content=\"Roberto\" \/>\n\t<meta name=\"twitter:label2\" content=\"Est. tempo de leitura\" \/>\n\t<meta name=\"twitter:data2\" content=\"2 minutos\" \/>\n<script type=\"application\/ld+json\" class=\"yoast-schema-graph\">{\"@context\":\"https:\\\/\\\/schema.org\",\"@graph\":[{\"@type\":\"Article\",\"@id\":\"https:\\\/\\\/regiaonews.net.br\\\/2022\\\/2023\\\/08\\\/30\\\/acao-solidaria-leva-diversao-para-mais-de-2-mil-alunos-da-educacao-infantil-com-passeios-nas-carretas-da-alegria\\\/#article\",\"isPartOf\":{\"@id\":\"https:\\\/\\\/regiaonews.net.br\\\/2022\\\/2023\\\/08\\\/30\\\/acao-solidaria-leva-diversao-para-mais-de-2-mil-alunos-da-educacao-infantil-com-passeios-nas-carretas-da-alegria\\\/\"},\"author\":{\"name\":\"Roberto\",\"@id\":\"https:\\\/\\\/regiaonews.net.br\\\/2022\\\/#\\\/schema\\\/person\\\/2d205a608a5aa97ac279d7a5e6d89ad8\"},\"headline\":\"A\u00e7\u00e3o solid\u00e1ria leva divers\u00e3o para mais de 2 mil alunos da Educa\u00e7\u00e3o Infantil com passeios nas \u2018Carretas da Alegria\u2019\",\"datePublished\":\"2023-08-30T23:01:06+00:00\",\"mainEntityOfPage\":{\"@id\":\"https:\\\/\\\/regiaonews.net.br\\\/2022\\\/2023\\\/08\\\/30\\\/acao-solidaria-leva-diversao-para-mais-de-2-mil-alunos-da-educacao-infantil-com-passeios-nas-carretas-da-alegria\\\/\"},\"wordCount\":336,\"commentCount\":0,\"publisher\":{\"@id\":\"https:\\\/\\\/regiaonews.net.br\\\/2022\\\/#organization\"},\"image\":{\"@id\":\"https:\\\/\\\/regiaonews.net.br\\\/2022\\\/2023\\\/08\\\/30\\\/acao-solidaria-leva-diversao-para-mais-de-2-mil-alunos-da-educacao-infantil-com-passeios-nas-carretas-da-alegria\\\/#primaryimage\"},\"thumbnailUrl\":\"https:\\\/\\\/regiaonews.net.br\\\/2022\\\/wp-content\\\/uploads\\\/2023\\\/08\\\/WhatsApp-Image-2023-08-30-at-17.59.50.jpeg\",\"articleSection\":[\"Barretos\",\"Cidades\"],\"inLanguage\":\"pt-BR\",\"potentialAction\":[{\"@type\":\"CommentAction\",\"name\":\"Comment\",\"target\":[\"https:\\\/\\\/regiaonews.net.br\\\/2022\\\/2023\\\/08\\\/30\\\/acao-solidaria-leva-diversao-para-mais-de-2-mil-alunos-da-educacao-infantil-com-passeios-nas-carretas-da-alegria\\\/#respond\"]}]},{\"@type\":\"WebPage\",\"@id\":\"https:\\\/\\\/regiaonews.net.br\\\/2022\\\/2023\\\/08\\\/30\\\/acao-solidaria-leva-diversao-para-mais-de-2-mil-alunos-da-educacao-infantil-com-passeios-nas-carretas-da-alegria\\\/\",\"url\":\"https:\\\/\\\/regiaonews.net.br\\\/2022\\\/2023\\\/08\\\/30\\\/acao-solidaria-leva-diversao-para-mais-de-2-mil-alunos-da-educacao-infantil-com-passeios-nas-carretas-da-alegria\\\/\",\"name\":\"A\u00e7\u00e3o solid\u00e1ria leva divers\u00e3o para mais de 2 mil alunos da Educa\u00e7\u00e3o Infantil com passeios nas \u2018Carretas da Alegria\u2019 - Regi\u00e3o News\",\"isPartOf\":{\"@id\":\"https:\\\/\\\/regiaonews.net.br\\\/2022\\\/#website\"},\"primaryImageOfPage\":{\"@id\":\"https:\\\/\\\/regiaonews.net.br\\\/2022\\\/2023\\\/08\\\/30\\\/acao-solidaria-leva-diversao-para-mais-de-2-mil-alunos-da-educacao-infantil-com-passeios-nas-carretas-da-alegria\\\/#primaryimage\"},\"image\":{\"@id\":\"https:\\\/\\\/regiaonews.net.br\\\/2022\\\/2023\\\/08\\\/30\\\/acao-solidaria-leva-diversao-para-mais-de-2-mil-alunos-da-educacao-infantil-com-passeios-nas-carretas-da-alegria\\\/#primaryimage\"},\"thumbnailUrl\":\"https:\\\/\\\/regiaonews.net.br\\\/2022\\\/wp-content\\\/uploads\\\/2023\\\/08\\\/WhatsApp-Image-2023-08-30-at-17.59.50.jpeg\",\"datePublished\":\"2023-08-30T23:01:06+00:00\",\"breadcrumb\":{\"@id\":\"https:\\\/\\\/regiaonews.net.br\\\/2022\\\/2023\\\/08\\\/30\\\/acao-solidaria-leva-diversao-para-mais-de-2-mil-alunos-da-educacao-infantil-com-passeios-nas-carretas-da-alegria\\\/#breadcrumb\"},\"inLanguage\":\"pt-BR\",\"potentialAction\":[{\"@type\":\"ReadAction\",\"target\":[\"https:\\\/\\\/regiaonews.net.br\\\/2022\\\/2023\\\/08\\\/30\\\/acao-solidaria-leva-diversao-para-mais-de-2-mil-alunos-da-educacao-infantil-com-passeios-nas-carretas-da-alegria\\\/\"]}]},{\"@type\":\"ImageObject\",\"inLanguage\":\"pt-BR\",\"@id\":\"https:\\\/\\\/regiaonews.net.br\\\/2022\\\/2023\\\/08\\\/30\\\/acao-solidaria-leva-diversao-para-mais-de-2-mil-alunos-da-educacao-infantil-com-passeios-nas-carretas-da-alegria\\\/#primaryimage\",\"url\":\"https:\\\/\\\/regiaonews.net.br\\\/2022\\\/wp-content\\\/uploads\\\/2023\\\/08\\\/WhatsApp-Image-2023-08-30-at-17.59.50.jpeg\",\"contentUrl\":\"https:\\\/\\\/regiaonews.net.br\\\/2022\\\/wp-content\\\/uploads\\\/2023\\\/08\\\/WhatsApp-Image-2023-08-30-at-17.59.50.jpeg\",\"width\":1592,\"height\":1060},{\"@type\":\"BreadcrumbList\",\"@id\":\"https:\\\/\\\/regiaonews.net.br\\\/2022\\\/2023\\\/08\\\/30\\\/acao-solidaria-leva-diversao-para-mais-de-2-mil-alunos-da-educacao-infantil-com-passeios-nas-carretas-da-alegria\\\/#breadcrumb\",\"itemListElement\":[{\"@type\":\"ListItem\",\"position\":1,\"name\":\"In\u00edcio\",\"item\":\"https:\\\/\\\/regiaonews.net.br\\\/2022\\\/\"},{\"@type\":\"ListItem\",\"position\":2,\"name\":\"A\u00e7\u00e3o solid\u00e1ria leva divers\u00e3o para mais de 2 mil alunos da Educa\u00e7\u00e3o Infantil com passeios nas \u2018Carretas da Alegria\u2019\"}]},{\"@type\":\"WebSite\",\"@id\":\"https:\\\/\\\/regiaonews.net.br\\\/2022\\\/#website\",\"url\":\"https:\\\/\\\/regiaonews.net.br\\\/2022\\\/\",\"name\":\"Regi\u00e3o News\",\"description\":\"Site de Not\u00edcias de Barretos e regi\u00e3o\",\"publisher\":{\"@id\":\"https:\\\/\\\/regiaonews.net.br\\\/2022\\\/#organization\"},\"potentialAction\":[{\"@type\":\"SearchAction\",\"target\":{\"@type\":\"EntryPoint\",\"urlTemplate\":\"https:\\\/\\\/regiaonews.net.br\\\/2022\\\/?s={search_term_string}\"},\"query-input\":{\"@type\":\"PropertyValueSpecification\",\"valueRequired\":true,\"valueName\":\"search_term_string\"}}],\"inLanguage\":\"pt-BR\"},{\"@type\":\"Organization\",\"@id\":\"https:\\\/\\\/regiaonews.net.br\\\/2022\\\/#organization\",\"name\":\"Regi\u00e3o News\",\"url\":\"https:\\\/\\\/regiaonews.net.br\\\/2022\\\/\",\"logo\":{\"@type\":\"ImageObject\",\"inLanguage\":\"pt-BR\",\"@id\":\"https:\\\/\\\/regiaonews.net.br\\\/2022\\\/#\\\/schema\\\/logo\\\/image\\\/\",\"url\":\"https:\\\/\\\/regiaonews.net.br\\\/2022\\\/wp-content\\\/uploads\\\/2026\\\/03\\\/regiao-13-anos-scaled.jpg\",\"contentUrl\":\"https:\\\/\\\/regiaonews.net.br\\\/2022\\\/wp-content\\\/uploads\\\/2026\\\/03\\\/regiao-13-anos-scaled.jpg\",\"width\":2560,\"height\":635,\"caption\":\"Regi\u00e3o News\"},\"image\":{\"@id\":\"https:\\\/\\\/regiaonews.net.br\\\/2022\\\/#\\\/schema\\\/logo\\\/image\\\/\"}},{\"@type\":\"Person\",\"@id\":\"https:\\\/\\\/regiaonews.net.br\\\/2022\\\/#\\\/schema\\\/person\\\/2d205a608a5aa97ac279d7a5e6d89ad8\",\"name\":\"Roberto\",\"image\":{\"@type\":\"ImageObject\",\"inLanguage\":\"pt-BR\",\"@id\":\"https:\\\/\\\/secure.gravatar.com\\\/avatar\\\/42749d8b712ff9d59ca93dc150494e5b55a44134482993f5baeb97e61b7ecc89?s=96&d=mm&r=g\",\"url\":\"https:\\\/\\\/secure.gravatar.com\\\/avatar\\\/42749d8b712ff9d59ca93dc150494e5b55a44134482993f5baeb97e61b7ecc89?s=96&d=mm&r=g\",\"contentUrl\":\"https:\\\/\\\/secure.gravatar.com\\\/avatar\\\/42749d8b712ff9d59ca93dc150494e5b55a44134482993f5baeb97e61b7ecc89?s=96&d=mm&r=g\",\"caption\":\"Roberto\"},\"url\":\"https:\\\/\\\/regiaonews.net.br\\\/2022\\\/author\\\/roberto\\\/\"}]}<\/script>\n<!-- \/ Yoast SEO plugin. -->","yoast_head_json":{"title":"A\u00e7\u00e3o solid\u00e1ria leva divers\u00e3o para mais de 2 mil alunos da Educa\u00e7\u00e3o Infantil com passeios nas \u2018Carretas da Alegria\u2019 - Regi\u00e3o News","robots":{"index":"index","follow":"follow","max-snippet":"max-snippet:-1","max-image-preview":"max-image-preview:large","max-video-preview":"max-video-preview:-1"},"canonical":"https:\/\/regiaonews.net.br\/2022\/2023\/08\/30\/acao-solidaria-leva-diversao-para-mais-de-2-mil-alunos-da-educacao-infantil-com-passeios-nas-carretas-da-alegria\/","og_locale":"pt_BR","og_type":"article","og_title":"A\u00e7\u00e3o solid\u00e1ria leva divers\u00e3o para mais de 2 mil alunos da Educa\u00e7\u00e3o Infantil com passeios nas \u2018Carretas da Alegria\u2019 - Regi\u00e3o News","og_description":"Atividade extracurricular \u00e9 proporcionada aos estudantes por empresas que atuam","og_url":"https:\/\/regiaonews.net.br\/2022\/2023\/08\/30\/acao-solidaria-leva-diversao-para-mais-de-2-mil-alunos-da-educacao-infantil-com-passeios-nas-carretas-da-alegria\/","og_site_name":"Regi\u00e3o News","article_published_time":"2023-08-30T23:01:06+00:00","og_image":[{"width":1592,"height":1060,"url":"https:\/\/regiaonews.net.br\/2022\/wp-content\/uploads\/2023\/08\/WhatsApp-Image-2023-08-30-at-17.59.50.jpeg","type":"image\/jpeg"}],"author":"Roberto","twitter_card":"summary_large_image","twitter_misc":{"Escrito por":"Roberto","Est. tempo de leitura":"2 minutos"},"schema":{"@context":"https:\/\/schema.org","@graph":[{"@type":"Article","@id":"https:\/\/regiaonews.net.br\/2022\/2023\/08\/30\/acao-solidaria-leva-diversao-para-mais-de-2-mil-alunos-da-educacao-infantil-com-passeios-nas-carretas-da-alegria\/#article","isPartOf":{"@id":"https:\/\/regiaonews.net.br\/2022\/2023\/08\/30\/acao-solidaria-leva-diversao-para-mais-de-2-mil-alunos-da-educacao-infantil-com-passeios-nas-carretas-da-alegria\/"},"author":{"name":"Roberto","@id":"https:\/\/regiaonews.net.br\/2022\/#\/schema\/person\/2d205a608a5aa97ac279d7a5e6d89ad8"},"headline":"A\u00e7\u00e3o solid\u00e1ria leva divers\u00e3o para mais de 2 mil alunos da Educa\u00e7\u00e3o Infantil com passeios nas \u2018Carretas da Alegria\u2019","datePublished":"2023-08-30T23:01:06+00:00","mainEntityOfPage":{"@id":"https:\/\/regiaonews.net.br\/2022\/2023\/08\/30\/acao-solidaria-leva-diversao-para-mais-de-2-mil-alunos-da-educacao-infantil-com-passeios-nas-carretas-da-alegria\/"},"wordCount":336,"commentCount":0,"publisher":{"@id":"https:\/\/regiaonews.net.br\/2022\/#organization"},"image":{"@id":"https:\/\/regiaonews.net.br\/2022\/2023\/08\/30\/acao-solidaria-leva-diversao-para-mais-de-2-mil-alunos-da-educacao-infantil-com-passeios-nas-carretas-da-alegria\/#primaryimage"},"thumbnailUrl":"https:\/\/regiaonews.net.br\/2022\/wp-content\/uploads\/2023\/08\/WhatsApp-Image-2023-08-30-at-17.59.50.jpeg","articleSection":["Barretos","Cidades"],"inLanguage":"pt-BR","potentialAction":[{"@type":"CommentAction","name":"Comment","target":["https:\/\/regiaonews.net.br\/2022\/2023\/08\/30\/acao-solidaria-leva-diversao-para-mais-de-2-mil-alunos-da-educacao-infantil-com-passeios-nas-carretas-da-alegria\/#respond"]}]},{"@type":"WebPage","@id":"https:\/\/regiaonews.net.br\/2022\/2023\/08\/30\/acao-solidaria-leva-diversao-para-mais-de-2-mil-alunos-da-educacao-infantil-com-passeios-nas-carretas-da-alegria\/","url":"https:\/\/regiaonews.net.br\/2022\/2023\/08\/30\/acao-solidaria-leva-diversao-para-mais-de-2-mil-alunos-da-educacao-infantil-com-passeios-nas-carretas-da-alegria\/","name":"A\u00e7\u00e3o solid\u00e1ria leva divers\u00e3o para mais de 2 mil alunos da Educa\u00e7\u00e3o Infantil com passeios nas \u2018Carretas da Alegria\u2019 - Regi\u00e3o News","isPartOf":{"@id":"https:\/\/regiaonews.net.br\/2022\/#website"},"primaryImageOfPage":{"@id":"https:\/\/regiaonews.net.br\/2022\/2023\/08\/30\/acao-solidaria-leva-diversao-para-mais-de-2-mil-alunos-da-educacao-infantil-com-passeios-nas-carretas-da-alegria\/#primaryimage"},"image":{"@id":"https:\/\/regiaonews.net.br\/2022\/2023\/08\/30\/acao-solidaria-leva-diversao-para-mais-de-2-mil-alunos-da-educacao-infantil-com-passeios-nas-carretas-da-alegria\/#primaryimage"},"thumbnailUrl":"https:\/\/regiaonews.net.br\/2022\/wp-content\/uploads\/2023\/08\/WhatsApp-Image-2023-08-30-at-17.59.50.jpeg","datePublished":"2023-08-30T23:01:06+00:00","breadcrumb":{"@id":"https:\/\/regiaonews.net.br\/2022\/2023\/08\/30\/acao-solidaria-leva-diversao-para-mais-de-2-mil-alunos-da-educacao-infantil-com-passeios-nas-carretas-da-alegria\/#breadcrumb"},"inLanguage":"pt-BR","potentialAction":[{"@type":"ReadAction","target":["https:\/\/regiaonews.net.br\/2022\/2023\/08\/30\/acao-solidaria-leva-diversao-para-mais-de-2-mil-alunos-da-educacao-infantil-com-passeios-nas-carretas-da-alegria\/"]}]},{"@type":"ImageObject","inLanguage":"pt-BR","@id":"https:\/\/regiaonews.net.br\/2022\/2023\/08\/30\/acao-solidaria-leva-diversao-para-mais-de-2-mil-alunos-da-educacao-infantil-com-passeios-nas-carretas-da-alegria\/#primaryimage","url":"https:\/\/regiaonews.net.br\/2022\/wp-content\/uploads\/2023\/08\/WhatsApp-Image-2023-08-30-at-17.59.50.jpeg","contentUrl":"https:\/\/regiaonews.net.br\/2022\/wp-content\/uploads\/2023\/08\/WhatsApp-Image-2023-08-30-at-17.59.50.jpeg","width":1592,"height":1060},{"@type":"BreadcrumbList","@id":"https:\/\/regiaonews.net.br\/2022\/2023\/08\/30\/acao-solidaria-leva-diversao-para-mais-de-2-mil-alunos-da-educacao-infantil-com-passeios-nas-carretas-da-alegria\/#breadcrumb","itemListElement":[{"@type":"ListItem","position":1,"name":"In\u00edcio","item":"https:\/\/regiaonews.net.br\/2022\/"},{"@type":"ListItem","position":2,"name":"A\u00e7\u00e3o solid\u00e1ria leva divers\u00e3o para mais de 2 mil alunos da Educa\u00e7\u00e3o Infantil com passeios nas \u2018Carretas da Alegria\u2019"}]},{"@type":"WebSite","@id":"https:\/\/regiaonews.net.br\/2022\/#website","url":"https:\/\/regiaonews.net.br\/2022\/","name":"Regi\u00e3o News","description":"Site de Not\u00edcias de Barretos e regi\u00e3o","publisher":{"@id":"https:\/\/regiaonews.net.br\/2022\/#organization"},"potentialAction":[{"@type":"SearchAction","target":{"@type":"EntryPoint","urlTemplate":"https:\/\/regiaonews.net.br\/2022\/?s={search_term_string}"},"query-input":{"@type":"PropertyValueSpecification","valueRequired":true,"valueName":"search_term_string"}}],"inLanguage":"pt-BR"},{"@type":"Organization","@id":"https:\/\/regiaonews.net.br\/2022\/#organization","name":"Regi\u00e3o News","url":"https:\/\/regiaonews.net.br\/2022\/","logo":{"@type":"ImageObject","inLanguage":"pt-BR","@id":"https:\/\/regiaonews.net.br\/2022\/#\/schema\/logo\/image\/","url":"https:\/\/regiaonews.net.br\/2022\/wp-content\/uploads\/2026\/03\/regiao-13-anos-scaled.jpg","contentUrl":"https:\/\/regiaonews.net.br\/2022\/wp-content\/uploads\/2026\/03\/regiao-13-anos-scaled.jpg","width":2560,"height":635,"caption":"Regi\u00e3o News"},"image":{"@id":"https:\/\/regiaonews.net.br\/2022\/#\/schema\/logo\/image\/"}},{"@type":"Person","@id":"https:\/\/regiaonews.net.br\/2022\/#\/schema\/person\/2d205a608a5aa97ac279d7a5e6d89ad8","name":"Roberto","image":{"@type":"ImageObject","inLanguage":"pt-BR","@id":"https:\/\/secure.gravatar.com\/avatar\/42749d8b712ff9d59ca93dc150494e5b55a44134482993f5baeb97e61b7ecc89?s=96&d=mm&r=g","url":"https:\/\/secure.gravatar.com\/avatar\/42749d8b712ff9d59ca93dc150494e5b55a44134482993f5baeb97e61b7ecc89?s=96&d=mm&r=g","contentUrl":"https:\/\/secure.gravatar.com\/avatar\/42749d8b712ff9d59ca93dc150494e5b55a44134482993f5baeb97e61b7ecc89?s=96&d=mm&r=g","caption":"Roberto"},"url":"https:\/\/regiaonews.net.br\/2022\/author\/roberto\/"}]}},"publishpress_future_action":{"enabled":false,"date":"2026-05-03 12:42:47","action":"change-status","newStatus":"draft","terms":[],"taxonomy":"category","extraData":[]},"publishpress_future_workflow_manual_trigger":{"enabledWorkflows":[]},"_links":{"self":[{"href":"https:\/\/regiaonews.net.br\/2022\/wp-json\/wp\/v2\/posts\/94404","targetHints":{"allow":["GET"]}}],"collection":[{"href":"https:\/\/regiaonews.net.br\/2022\/wp-json\/wp\/v2\/posts"}],"about":[{"href":"https:\/\/regiaonews.net.br\/2022\/wp-json\/wp\/v2\/types\/post"}],"author":[{"embeddable":true,"href":"https:\/\/regiaonews.net.br\/2022\/wp-json\/wp\/v2\/users\/2"}],"replies":[{"embeddable":true,"href":"https:\/\/regiaonews.net.br\/2022\/wp-json\/wp\/v2\/comments?post=94404"}],"version-history":[{"count":1,"href":"https:\/\/regiaonews.net.br\/2022\/wp-json\/wp\/v2\/posts\/94404\/revisions"}],"predecessor-version":[{"id":94406,"href":"https:\/\/regiaonews.net.br\/2022\/wp-json\/wp\/v2\/posts\/94404\/revisions\/94406"}],"wp:featuredmedia":[{"embeddable":true,"href":"https:\/\/regiaonews.net.br\/2022\/wp-json\/wp\/v2\/media\/94405"}],"wp:attachment":[{"href":"https:\/\/regiaonews.net.br\/2022\/wp-json\/wp\/v2\/media?parent=94404"}],"wp:term":[{"taxonomy":"category","embeddable":true,"href":"https:\/\/regiaonews.net.br\/2022\/wp-json\/wp\/v2\/categories?post=94404"},{"taxonomy":"post_tag","embeddable":true,"href":"https:\/\/regiaonews.net.br\/2022\/wp-json\/wp\/v2\/tags?post=94404"}],"curies":[{"name":"wp","href":"https:\/\/api.w.org\/{rel}","templated":true}]}}