{"id":94401,"date":"2023-08-30T19:59:30","date_gmt":"2023-08-30T22:59:30","guid":{"rendered":"https:\/\/regiaonews.net.br\/2022\/?p=94401"},"modified":"2023-08-30T19:59:30","modified_gmt":"2023-08-30T22:59:30","slug":"parceria-entre-prefeitura-e-facisb-leva-orientacoes-sobre-saude-do-coracao-a-grupos-de-pessoas-idosas","status":"publish","type":"post","link":"https:\/\/regiaonews.net.br\/2022\/2023\/08\/30\/parceria-entre-prefeitura-e-facisb-leva-orientacoes-sobre-saude-do-coracao-a-grupos-de-pessoas-idosas\/","title":{"rendered":"Parceria entre Prefeitura e Facisb leva orienta\u00e7\u00f5es sobre sa\u00fade do cora\u00e7\u00e3o a grupos de pessoas idosas"},"content":{"rendered":"<p>&nbsp;<\/p>\n<p>&nbsp;<\/p>\n<p>Nos CCIs dos bairros Mar\u00edlia e Universit\u00e1rio e no CDI, os estudantes de medicina passaram a abordar a import\u00e2ncia dos cuidados com o cora\u00e7\u00e3o. Nesse primeiro encontro, eles transmitiram as informa\u00e7\u00f5es por meio de din\u00e2micas<\/p>\n<p>&nbsp;<\/p>\n<p>Estudantes de medicina da Faculdade de Ci\u00eancias da Sa\u00fade de Barretos Dr. Paulo Prata (Facisb) iniciaram nesta quarta-feira, dia 30, uma s\u00e9rie de atividades com cerca de 100 pessoas idosas que participam de atividades nos Centros de Conviv\u00eancia da Pessoa Idosa (CCIs) dos bairros Mar\u00edlia e Universit\u00e1rio e no Centro Dia Pessoa Idosa (CDI). A parceria foi estabelecida ap\u00f3s reuni\u00f5es entre equipes da Secretaria Municipal de Assist\u00eancia Social e Desenvolvimento da Prefeitura da Est\u00e2ncia Tur\u00edstica de Barretos e docentes da Facisb, realizadas no in\u00edcio de agosto.<\/p>\n<p>&nbsp;<\/p>\n<p>M\u00e1rcia Amendola Gandolfo, coordenadora do CCI Mar\u00edlia, considera essa parceria fundamental. \u201c\u00c9 voltada justamente para um p\u00fablico em que far\u00e1 muito a diferen\u00e7a. As doen\u00e7as cr\u00f4nicas s\u00e3o uma fragilidade recorrente nessa parcela da popula\u00e7\u00e3o e implicam na sa\u00fade do cora\u00e7\u00e3o. Est\u00e1 em desenvolvimento uma medicina mais humana; os estudantes foram acolhidos pelas pessoas idosas participantes das atividades do CCI e acolheram essas pessoas. Essa parceria entre a Prefeitura e a Facisb proporciona benef\u00edcio para o estudante, que ser\u00e1 um m\u00e9dico com olhar mais humano, e para as pessoas idosas, que se sentiram bem e importantes\u201d, afirma.<\/p>\n<p>&nbsp;<\/p>\n<p>A docente Fabiana Zambuzi acompanhou os acad\u00eamicos no CCI Mar\u00edlia. Ela explica que nesse primeiro encontro foi realizada uma triagem, sendo preenchida uma ficha de cada participante e identificados seus principais problemas de sa\u00fade e medicamentos que utilizam. Nos pr\u00f3ximos encontros, devem ser desenvolvidas a\u00e7\u00f5es espec\u00edficas em cada centro, levando em conta as informa\u00e7\u00f5es identificadas na triagem. \u201cEssa cria\u00e7\u00e3o de v\u00ednculo, o estabelecimento da rela\u00e7\u00e3o m\u00e9dico-paciente \u00e9 muito importante. At\u00e9 a experi\u00eancia que os acad\u00eamicos adquirem em conversar, identificar, conseguir passar as informa\u00e7\u00f5es para o paciente de maneira clara\u201d, ressalta. A docente observa que, com as avalia\u00e7\u00f5es, percebendo-se a necessidade em algum paciente, ser\u00e1 tamb\u00e9m poss\u00edvel buscar interven\u00e7\u00e3o. \u201cSe algo for identificado, temos formul\u00e1rios de encaminhamento\u201d, relata.<\/p>\n<p>&nbsp;<\/p>\n<p>A estudante de medicina Ana J\u00falia Denadai Carvalho, 23 anos, conta que essa foi a primeira experi\u00eancia da turma com pessoas idosas. \u201cEles adoraram a nossa din\u00e2mica, mexeu muito com eles. A gente fez a din\u00e2mica em que seguraram a bexiga simbolizando o cora\u00e7\u00e3o deles\u201d, relata. Ana conta que outras din\u00e2micas ser\u00e3o realizadas nos pr\u00f3ximos encontros.<\/p>\n<p>&nbsp;<\/p>\n<p>A aposentada Jadira Girardi, 67 anos, moradora do Bairro Los Angeles fez quest\u00e3o de levar para casa a bexiga vermelha que simboliza o cora\u00e7\u00e3o. \u201cMuito importante. Vou passar as informa\u00e7\u00f5es para mais gente\u201d, disse.<\/p>\n<p>&nbsp;<\/p>\n<p>As amigas Marta Helena de Moraes Souza, 73 anos, e Sakiko Yamaki, 83, aposentadas, gostaram da parceria e se sentiram bastante acolhidas pelo grupo de estudantes e pela docente. \u201cFizeram a ficha, v\u00e1rias perguntas, pegaram a lista de rem\u00e9dios que a gente toma; medi press\u00e3o\u201d, conta Marta, que ressalta sua felicidade em ver um grupo t\u00e3o jovem demonstrando preocupa\u00e7\u00e3o com as pessoas idosas. \u201cFoi muito bom\u201d, refor\u00e7a Sakiko. Vou passar as informa\u00e7\u00f5es adiante, compartilhas com os vizinhos\u201d, diz.<\/p>\n<p>Dona Marta lembrou que o dia do grupo do CCI Mar\u00edlia est\u00e1 com a agenda cheia. \u201cEles nos deixaram muito satisfeitas agora de manh\u00e3 e para hoje a gente ainda tem teatro \u00e0 tarde e cinema \u00e0 noite\u201d, afirmou, referindo-se \u00e0 programa\u00e7\u00e3o de filme no Cine Barretos na noite desta quarta-feira, 30.<\/p>\n<p>Os alunos do primeiro ano est\u00e3o na disciplina de Extens\u00e3o 2 e, al\u00e9m desta quarta-feira (30), devem realizar a\u00e7\u00f5es com os grupos de pessoas idosas outras tr\u00eas vezes ao longo deste semestre.<\/p>\n","protected":false},"excerpt":{"rendered":"<p>&nbsp; &nbsp; Nos CCIs dos bairros Mar\u00edlia e Universit\u00e1rio e<\/p>\n","protected":false},"author":2,"featured_media":94402,"comment_status":"open","ping_status":"open","sticky":false,"template":"","format":"standard","meta":{"footnotes":""},"categories":[14,25],"tags":[],"class_list":["post-94401","post","type-post","status-publish","format-standard","has-post-thumbnail","hentry","category-barretos","category-cidades"],"yoast_head":"<!-- This site is optimized with the Yoast SEO plugin v27.4 - https:\/\/yoast.com\/product\/yoast-seo-wordpress\/ -->\n<title>Parceria entre Prefeitura e Facisb leva orienta\u00e7\u00f5es sobre sa\u00fade do cora\u00e7\u00e3o a grupos de pessoas idosas - Regi\u00e3o News<\/title>\n<meta name=\"robots\" content=\"index, follow, max-snippet:-1, max-image-preview:large, max-video-preview:-1\" \/>\n<link rel=\"canonical\" href=\"https:\/\/regiaonews.net.br\/2022\/2023\/08\/30\/parceria-entre-prefeitura-e-facisb-leva-orientacoes-sobre-saude-do-coracao-a-grupos-de-pessoas-idosas\/\" \/>\n<meta property=\"og:locale\" content=\"pt_BR\" \/>\n<meta property=\"og:type\" content=\"article\" \/>\n<meta property=\"og:title\" content=\"Parceria entre Prefeitura e Facisb leva orienta\u00e7\u00f5es sobre sa\u00fade do cora\u00e7\u00e3o a grupos de pessoas idosas - Regi\u00e3o News\" \/>\n<meta property=\"og:description\" content=\"&nbsp; &nbsp; Nos CCIs dos bairros Mar\u00edlia e Universit\u00e1rio e\" \/>\n<meta property=\"og:url\" content=\"https:\/\/regiaonews.net.br\/2022\/2023\/08\/30\/parceria-entre-prefeitura-e-facisb-leva-orientacoes-sobre-saude-do-coracao-a-grupos-de-pessoas-idosas\/\" \/>\n<meta property=\"og:site_name\" content=\"Regi\u00e3o News\" \/>\n<meta property=\"article:published_time\" content=\"2023-08-30T22:59:30+00:00\" \/>\n<meta property=\"og:image\" content=\"https:\/\/regiaonews.net.br\/2022\/wp-content\/uploads\/2023\/08\/WhatsApp-Image-2023-08-30-at-17.59.48.jpeg\" \/>\n\t<meta property=\"og:image:width\" content=\"1024\" \/>\n\t<meta property=\"og:image:height\" content=\"768\" \/>\n\t<meta property=\"og:image:type\" content=\"image\/jpeg\" \/>\n<meta name=\"author\" content=\"Roberto\" \/>\n<meta name=\"twitter:card\" content=\"summary_large_image\" \/>\n<meta name=\"twitter:label1\" content=\"Escrito por\" \/>\n\t<meta name=\"twitter:data1\" content=\"Roberto\" \/>\n\t<meta name=\"twitter:label2\" content=\"Est. tempo de leitura\" \/>\n\t<meta name=\"twitter:data2\" content=\"4 minutos\" \/>\n<script type=\"application\/ld+json\" class=\"yoast-schema-graph\">{\"@context\":\"https:\\\/\\\/schema.org\",\"@graph\":[{\"@type\":\"Article\",\"@id\":\"https:\\\/\\\/regiaonews.net.br\\\/2022\\\/2023\\\/08\\\/30\\\/parceria-entre-prefeitura-e-facisb-leva-orientacoes-sobre-saude-do-coracao-a-grupos-de-pessoas-idosas\\\/#article\",\"isPartOf\":{\"@id\":\"https:\\\/\\\/regiaonews.net.br\\\/2022\\\/2023\\\/08\\\/30\\\/parceria-entre-prefeitura-e-facisb-leva-orientacoes-sobre-saude-do-coracao-a-grupos-de-pessoas-idosas\\\/\"},\"author\":{\"name\":\"Roberto\",\"@id\":\"https:\\\/\\\/regiaonews.net.br\\\/2022\\\/#\\\/schema\\\/person\\\/2d205a608a5aa97ac279d7a5e6d89ad8\"},\"headline\":\"Parceria entre Prefeitura e Facisb leva orienta\u00e7\u00f5es sobre sa\u00fade do cora\u00e7\u00e3o a grupos de pessoas idosas\",\"datePublished\":\"2023-08-30T22:59:30+00:00\",\"mainEntityOfPage\":{\"@id\":\"https:\\\/\\\/regiaonews.net.br\\\/2022\\\/2023\\\/08\\\/30\\\/parceria-entre-prefeitura-e-facisb-leva-orientacoes-sobre-saude-do-coracao-a-grupos-de-pessoas-idosas\\\/\"},\"wordCount\":673,\"commentCount\":0,\"publisher\":{\"@id\":\"https:\\\/\\\/regiaonews.net.br\\\/2022\\\/#organization\"},\"image\":{\"@id\":\"https:\\\/\\\/regiaonews.net.br\\\/2022\\\/2023\\\/08\\\/30\\\/parceria-entre-prefeitura-e-facisb-leva-orientacoes-sobre-saude-do-coracao-a-grupos-de-pessoas-idosas\\\/#primaryimage\"},\"thumbnailUrl\":\"https:\\\/\\\/regiaonews.net.br\\\/2022\\\/wp-content\\\/uploads\\\/2023\\\/08\\\/WhatsApp-Image-2023-08-30-at-17.59.48.jpeg\",\"articleSection\":[\"Barretos\",\"Cidades\"],\"inLanguage\":\"pt-BR\",\"potentialAction\":[{\"@type\":\"CommentAction\",\"name\":\"Comment\",\"target\":[\"https:\\\/\\\/regiaonews.net.br\\\/2022\\\/2023\\\/08\\\/30\\\/parceria-entre-prefeitura-e-facisb-leva-orientacoes-sobre-saude-do-coracao-a-grupos-de-pessoas-idosas\\\/#respond\"]}]},{\"@type\":\"WebPage\",\"@id\":\"https:\\\/\\\/regiaonews.net.br\\\/2022\\\/2023\\\/08\\\/30\\\/parceria-entre-prefeitura-e-facisb-leva-orientacoes-sobre-saude-do-coracao-a-grupos-de-pessoas-idosas\\\/\",\"url\":\"https:\\\/\\\/regiaonews.net.br\\\/2022\\\/2023\\\/08\\\/30\\\/parceria-entre-prefeitura-e-facisb-leva-orientacoes-sobre-saude-do-coracao-a-grupos-de-pessoas-idosas\\\/\",\"name\":\"Parceria entre Prefeitura e Facisb leva orienta\u00e7\u00f5es sobre sa\u00fade do cora\u00e7\u00e3o a grupos de pessoas idosas - Regi\u00e3o News\",\"isPartOf\":{\"@id\":\"https:\\\/\\\/regiaonews.net.br\\\/2022\\\/#website\"},\"primaryImageOfPage\":{\"@id\":\"https:\\\/\\\/regiaonews.net.br\\\/2022\\\/2023\\\/08\\\/30\\\/parceria-entre-prefeitura-e-facisb-leva-orientacoes-sobre-saude-do-coracao-a-grupos-de-pessoas-idosas\\\/#primaryimage\"},\"image\":{\"@id\":\"https:\\\/\\\/regiaonews.net.br\\\/2022\\\/2023\\\/08\\\/30\\\/parceria-entre-prefeitura-e-facisb-leva-orientacoes-sobre-saude-do-coracao-a-grupos-de-pessoas-idosas\\\/#primaryimage\"},\"thumbnailUrl\":\"https:\\\/\\\/regiaonews.net.br\\\/2022\\\/wp-content\\\/uploads\\\/2023\\\/08\\\/WhatsApp-Image-2023-08-30-at-17.59.48.jpeg\",\"datePublished\":\"2023-08-30T22:59:30+00:00\",\"breadcrumb\":{\"@id\":\"https:\\\/\\\/regiaonews.net.br\\\/2022\\\/2023\\\/08\\\/30\\\/parceria-entre-prefeitura-e-facisb-leva-orientacoes-sobre-saude-do-coracao-a-grupos-de-pessoas-idosas\\\/#breadcrumb\"},\"inLanguage\":\"pt-BR\",\"potentialAction\":[{\"@type\":\"ReadAction\",\"target\":[\"https:\\\/\\\/regiaonews.net.br\\\/2022\\\/2023\\\/08\\\/30\\\/parceria-entre-prefeitura-e-facisb-leva-orientacoes-sobre-saude-do-coracao-a-grupos-de-pessoas-idosas\\\/\"]}]},{\"@type\":\"ImageObject\",\"inLanguage\":\"pt-BR\",\"@id\":\"https:\\\/\\\/regiaonews.net.br\\\/2022\\\/2023\\\/08\\\/30\\\/parceria-entre-prefeitura-e-facisb-leva-orientacoes-sobre-saude-do-coracao-a-grupos-de-pessoas-idosas\\\/#primaryimage\",\"url\":\"https:\\\/\\\/regiaonews.net.br\\\/2022\\\/wp-content\\\/uploads\\\/2023\\\/08\\\/WhatsApp-Image-2023-08-30-at-17.59.48.jpeg\",\"contentUrl\":\"https:\\\/\\\/regiaonews.net.br\\\/2022\\\/wp-content\\\/uploads\\\/2023\\\/08\\\/WhatsApp-Image-2023-08-30-at-17.59.48.jpeg\",\"width\":1024,\"height\":768},{\"@type\":\"BreadcrumbList\",\"@id\":\"https:\\\/\\\/regiaonews.net.br\\\/2022\\\/2023\\\/08\\\/30\\\/parceria-entre-prefeitura-e-facisb-leva-orientacoes-sobre-saude-do-coracao-a-grupos-de-pessoas-idosas\\\/#breadcrumb\",\"itemListElement\":[{\"@type\":\"ListItem\",\"position\":1,\"name\":\"In\u00edcio\",\"item\":\"https:\\\/\\\/regiaonews.net.br\\\/2022\\\/\"},{\"@type\":\"ListItem\",\"position\":2,\"name\":\"Parceria entre Prefeitura e Facisb leva orienta\u00e7\u00f5es sobre sa\u00fade do cora\u00e7\u00e3o a grupos de pessoas idosas\"}]},{\"@type\":\"WebSite\",\"@id\":\"https:\\\/\\\/regiaonews.net.br\\\/2022\\\/#website\",\"url\":\"https:\\\/\\\/regiaonews.net.br\\\/2022\\\/\",\"name\":\"Regi\u00e3o News\",\"description\":\"Site de Not\u00edcias de Barretos e regi\u00e3o\",\"publisher\":{\"@id\":\"https:\\\/\\\/regiaonews.net.br\\\/2022\\\/#organization\"},\"potentialAction\":[{\"@type\":\"SearchAction\",\"target\":{\"@type\":\"EntryPoint\",\"urlTemplate\":\"https:\\\/\\\/regiaonews.net.br\\\/2022\\\/?s={search_term_string}\"},\"query-input\":{\"@type\":\"PropertyValueSpecification\",\"valueRequired\":true,\"valueName\":\"search_term_string\"}}],\"inLanguage\":\"pt-BR\"},{\"@type\":\"Organization\",\"@id\":\"https:\\\/\\\/regiaonews.net.br\\\/2022\\\/#organization\",\"name\":\"Regi\u00e3o News\",\"url\":\"https:\\\/\\\/regiaonews.net.br\\\/2022\\\/\",\"logo\":{\"@type\":\"ImageObject\",\"inLanguage\":\"pt-BR\",\"@id\":\"https:\\\/\\\/regiaonews.net.br\\\/2022\\\/#\\\/schema\\\/logo\\\/image\\\/\",\"url\":\"https:\\\/\\\/regiaonews.net.br\\\/2022\\\/wp-content\\\/uploads\\\/2026\\\/03\\\/regiao-13-anos-scaled.jpg\",\"contentUrl\":\"https:\\\/\\\/regiaonews.net.br\\\/2022\\\/wp-content\\\/uploads\\\/2026\\\/03\\\/regiao-13-anos-scaled.jpg\",\"width\":2560,\"height\":635,\"caption\":\"Regi\u00e3o News\"},\"image\":{\"@id\":\"https:\\\/\\\/regiaonews.net.br\\\/2022\\\/#\\\/schema\\\/logo\\\/image\\\/\"}},{\"@type\":\"Person\",\"@id\":\"https:\\\/\\\/regiaonews.net.br\\\/2022\\\/#\\\/schema\\\/person\\\/2d205a608a5aa97ac279d7a5e6d89ad8\",\"name\":\"Roberto\",\"image\":{\"@type\":\"ImageObject\",\"inLanguage\":\"pt-BR\",\"@id\":\"https:\\\/\\\/secure.gravatar.com\\\/avatar\\\/42749d8b712ff9d59ca93dc150494e5b55a44134482993f5baeb97e61b7ecc89?s=96&d=mm&r=g\",\"url\":\"https:\\\/\\\/secure.gravatar.com\\\/avatar\\\/42749d8b712ff9d59ca93dc150494e5b55a44134482993f5baeb97e61b7ecc89?s=96&d=mm&r=g\",\"contentUrl\":\"https:\\\/\\\/secure.gravatar.com\\\/avatar\\\/42749d8b712ff9d59ca93dc150494e5b55a44134482993f5baeb97e61b7ecc89?s=96&d=mm&r=g\",\"caption\":\"Roberto\"},\"url\":\"https:\\\/\\\/regiaonews.net.br\\\/2022\\\/author\\\/roberto\\\/\"}]}<\/script>\n<!-- \/ Yoast SEO plugin. -->","yoast_head_json":{"title":"Parceria entre Prefeitura e Facisb leva orienta\u00e7\u00f5es sobre sa\u00fade do cora\u00e7\u00e3o a grupos de pessoas idosas - Regi\u00e3o News","robots":{"index":"index","follow":"follow","max-snippet":"max-snippet:-1","max-image-preview":"max-image-preview:large","max-video-preview":"max-video-preview:-1"},"canonical":"https:\/\/regiaonews.net.br\/2022\/2023\/08\/30\/parceria-entre-prefeitura-e-facisb-leva-orientacoes-sobre-saude-do-coracao-a-grupos-de-pessoas-idosas\/","og_locale":"pt_BR","og_type":"article","og_title":"Parceria entre Prefeitura e Facisb leva orienta\u00e7\u00f5es sobre sa\u00fade do cora\u00e7\u00e3o a grupos de pessoas idosas - Regi\u00e3o News","og_description":"&nbsp; &nbsp; Nos CCIs dos bairros Mar\u00edlia e Universit\u00e1rio e","og_url":"https:\/\/regiaonews.net.br\/2022\/2023\/08\/30\/parceria-entre-prefeitura-e-facisb-leva-orientacoes-sobre-saude-do-coracao-a-grupos-de-pessoas-idosas\/","og_site_name":"Regi\u00e3o News","article_published_time":"2023-08-30T22:59:30+00:00","og_image":[{"width":1024,"height":768,"url":"https:\/\/regiaonews.net.br\/2022\/wp-content\/uploads\/2023\/08\/WhatsApp-Image-2023-08-30-at-17.59.48.jpeg","type":"image\/jpeg"}],"author":"Roberto","twitter_card":"summary_large_image","twitter_misc":{"Escrito por":"Roberto","Est. tempo de leitura":"4 minutos"},"schema":{"@context":"https:\/\/schema.org","@graph":[{"@type":"Article","@id":"https:\/\/regiaonews.net.br\/2022\/2023\/08\/30\/parceria-entre-prefeitura-e-facisb-leva-orientacoes-sobre-saude-do-coracao-a-grupos-de-pessoas-idosas\/#article","isPartOf":{"@id":"https:\/\/regiaonews.net.br\/2022\/2023\/08\/30\/parceria-entre-prefeitura-e-facisb-leva-orientacoes-sobre-saude-do-coracao-a-grupos-de-pessoas-idosas\/"},"author":{"name":"Roberto","@id":"https:\/\/regiaonews.net.br\/2022\/#\/schema\/person\/2d205a608a5aa97ac279d7a5e6d89ad8"},"headline":"Parceria entre Prefeitura e Facisb leva orienta\u00e7\u00f5es sobre sa\u00fade do cora\u00e7\u00e3o a grupos de pessoas idosas","datePublished":"2023-08-30T22:59:30+00:00","mainEntityOfPage":{"@id":"https:\/\/regiaonews.net.br\/2022\/2023\/08\/30\/parceria-entre-prefeitura-e-facisb-leva-orientacoes-sobre-saude-do-coracao-a-grupos-de-pessoas-idosas\/"},"wordCount":673,"commentCount":0,"publisher":{"@id":"https:\/\/regiaonews.net.br\/2022\/#organization"},"image":{"@id":"https:\/\/regiaonews.net.br\/2022\/2023\/08\/30\/parceria-entre-prefeitura-e-facisb-leva-orientacoes-sobre-saude-do-coracao-a-grupos-de-pessoas-idosas\/#primaryimage"},"thumbnailUrl":"https:\/\/regiaonews.net.br\/2022\/wp-content\/uploads\/2023\/08\/WhatsApp-Image-2023-08-30-at-17.59.48.jpeg","articleSection":["Barretos","Cidades"],"inLanguage":"pt-BR","potentialAction":[{"@type":"CommentAction","name":"Comment","target":["https:\/\/regiaonews.net.br\/2022\/2023\/08\/30\/parceria-entre-prefeitura-e-facisb-leva-orientacoes-sobre-saude-do-coracao-a-grupos-de-pessoas-idosas\/#respond"]}]},{"@type":"WebPage","@id":"https:\/\/regiaonews.net.br\/2022\/2023\/08\/30\/parceria-entre-prefeitura-e-facisb-leva-orientacoes-sobre-saude-do-coracao-a-grupos-de-pessoas-idosas\/","url":"https:\/\/regiaonews.net.br\/2022\/2023\/08\/30\/parceria-entre-prefeitura-e-facisb-leva-orientacoes-sobre-saude-do-coracao-a-grupos-de-pessoas-idosas\/","name":"Parceria entre Prefeitura e Facisb leva orienta\u00e7\u00f5es sobre sa\u00fade do cora\u00e7\u00e3o a grupos de pessoas idosas - Regi\u00e3o News","isPartOf":{"@id":"https:\/\/regiaonews.net.br\/2022\/#website"},"primaryImageOfPage":{"@id":"https:\/\/regiaonews.net.br\/2022\/2023\/08\/30\/parceria-entre-prefeitura-e-facisb-leva-orientacoes-sobre-saude-do-coracao-a-grupos-de-pessoas-idosas\/#primaryimage"},"image":{"@id":"https:\/\/regiaonews.net.br\/2022\/2023\/08\/30\/parceria-entre-prefeitura-e-facisb-leva-orientacoes-sobre-saude-do-coracao-a-grupos-de-pessoas-idosas\/#primaryimage"},"thumbnailUrl":"https:\/\/regiaonews.net.br\/2022\/wp-content\/uploads\/2023\/08\/WhatsApp-Image-2023-08-30-at-17.59.48.jpeg","datePublished":"2023-08-30T22:59:30+00:00","breadcrumb":{"@id":"https:\/\/regiaonews.net.br\/2022\/2023\/08\/30\/parceria-entre-prefeitura-e-facisb-leva-orientacoes-sobre-saude-do-coracao-a-grupos-de-pessoas-idosas\/#breadcrumb"},"inLanguage":"pt-BR","potentialAction":[{"@type":"ReadAction","target":["https:\/\/regiaonews.net.br\/2022\/2023\/08\/30\/parceria-entre-prefeitura-e-facisb-leva-orientacoes-sobre-saude-do-coracao-a-grupos-de-pessoas-idosas\/"]}]},{"@type":"ImageObject","inLanguage":"pt-BR","@id":"https:\/\/regiaonews.net.br\/2022\/2023\/08\/30\/parceria-entre-prefeitura-e-facisb-leva-orientacoes-sobre-saude-do-coracao-a-grupos-de-pessoas-idosas\/#primaryimage","url":"https:\/\/regiaonews.net.br\/2022\/wp-content\/uploads\/2023\/08\/WhatsApp-Image-2023-08-30-at-17.59.48.jpeg","contentUrl":"https:\/\/regiaonews.net.br\/2022\/wp-content\/uploads\/2023\/08\/WhatsApp-Image-2023-08-30-at-17.59.48.jpeg","width":1024,"height":768},{"@type":"BreadcrumbList","@id":"https:\/\/regiaonews.net.br\/2022\/2023\/08\/30\/parceria-entre-prefeitura-e-facisb-leva-orientacoes-sobre-saude-do-coracao-a-grupos-de-pessoas-idosas\/#breadcrumb","itemListElement":[{"@type":"ListItem","position":1,"name":"In\u00edcio","item":"https:\/\/regiaonews.net.br\/2022\/"},{"@type":"ListItem","position":2,"name":"Parceria entre Prefeitura e Facisb leva orienta\u00e7\u00f5es sobre sa\u00fade do cora\u00e7\u00e3o a grupos de pessoas idosas"}]},{"@type":"WebSite","@id":"https:\/\/regiaonews.net.br\/2022\/#website","url":"https:\/\/regiaonews.net.br\/2022\/","name":"Regi\u00e3o News","description":"Site de Not\u00edcias de Barretos e regi\u00e3o","publisher":{"@id":"https:\/\/regiaonews.net.br\/2022\/#organization"},"potentialAction":[{"@type":"SearchAction","target":{"@type":"EntryPoint","urlTemplate":"https:\/\/regiaonews.net.br\/2022\/?s={search_term_string}"},"query-input":{"@type":"PropertyValueSpecification","valueRequired":true,"valueName":"search_term_string"}}],"inLanguage":"pt-BR"},{"@type":"Organization","@id":"https:\/\/regiaonews.net.br\/2022\/#organization","name":"Regi\u00e3o News","url":"https:\/\/regiaonews.net.br\/2022\/","logo":{"@type":"ImageObject","inLanguage":"pt-BR","@id":"https:\/\/regiaonews.net.br\/2022\/#\/schema\/logo\/image\/","url":"https:\/\/regiaonews.net.br\/2022\/wp-content\/uploads\/2026\/03\/regiao-13-anos-scaled.jpg","contentUrl":"https:\/\/regiaonews.net.br\/2022\/wp-content\/uploads\/2026\/03\/regiao-13-anos-scaled.jpg","width":2560,"height":635,"caption":"Regi\u00e3o News"},"image":{"@id":"https:\/\/regiaonews.net.br\/2022\/#\/schema\/logo\/image\/"}},{"@type":"Person","@id":"https:\/\/regiaonews.net.br\/2022\/#\/schema\/person\/2d205a608a5aa97ac279d7a5e6d89ad8","name":"Roberto","image":{"@type":"ImageObject","inLanguage":"pt-BR","@id":"https:\/\/secure.gravatar.com\/avatar\/42749d8b712ff9d59ca93dc150494e5b55a44134482993f5baeb97e61b7ecc89?s=96&d=mm&r=g","url":"https:\/\/secure.gravatar.com\/avatar\/42749d8b712ff9d59ca93dc150494e5b55a44134482993f5baeb97e61b7ecc89?s=96&d=mm&r=g","contentUrl":"https:\/\/secure.gravatar.com\/avatar\/42749d8b712ff9d59ca93dc150494e5b55a44134482993f5baeb97e61b7ecc89?s=96&d=mm&r=g","caption":"Roberto"},"url":"https:\/\/regiaonews.net.br\/2022\/author\/roberto\/"}]}},"publishpress_future_action":{"enabled":false,"date":"2026-05-03 10:52:56","action":"change-status","newStatus":"draft","terms":[],"taxonomy":"category","extraData":[]},"publishpress_future_workflow_manual_trigger":{"enabledWorkflows":[]},"_links":{"self":[{"href":"https:\/\/regiaonews.net.br\/2022\/wp-json\/wp\/v2\/posts\/94401","targetHints":{"allow":["GET"]}}],"collection":[{"href":"https:\/\/regiaonews.net.br\/2022\/wp-json\/wp\/v2\/posts"}],"about":[{"href":"https:\/\/regiaonews.net.br\/2022\/wp-json\/wp\/v2\/types\/post"}],"author":[{"embeddable":true,"href":"https:\/\/regiaonews.net.br\/2022\/wp-json\/wp\/v2\/users\/2"}],"replies":[{"embeddable":true,"href":"https:\/\/regiaonews.net.br\/2022\/wp-json\/wp\/v2\/comments?post=94401"}],"version-history":[{"count":1,"href":"https:\/\/regiaonews.net.br\/2022\/wp-json\/wp\/v2\/posts\/94401\/revisions"}],"predecessor-version":[{"id":94403,"href":"https:\/\/regiaonews.net.br\/2022\/wp-json\/wp\/v2\/posts\/94401\/revisions\/94403"}],"wp:featuredmedia":[{"embeddable":true,"href":"https:\/\/regiaonews.net.br\/2022\/wp-json\/wp\/v2\/media\/94402"}],"wp:attachment":[{"href":"https:\/\/regiaonews.net.br\/2022\/wp-json\/wp\/v2\/media?parent=94401"}],"wp:term":[{"taxonomy":"category","embeddable":true,"href":"https:\/\/regiaonews.net.br\/2022\/wp-json\/wp\/v2\/categories?post=94401"},{"taxonomy":"post_tag","embeddable":true,"href":"https:\/\/regiaonews.net.br\/2022\/wp-json\/wp\/v2\/tags?post=94401"}],"curies":[{"name":"wp","href":"https:\/\/api.w.org\/{rel}","templated":true}]}}