{"id":94392,"date":"2023-08-30T17:56:31","date_gmt":"2023-08-30T20:56:31","guid":{"rendered":"https:\/\/regiaonews.net.br\/2022\/?p=94392"},"modified":"2023-08-30T21:58:32","modified_gmt":"2023-08-31T00:58:32","slug":"cinesolar-chega-a-barretos-com-sessoes-gratuitas-de-cinema-movido-a-energia-solar-pipoca-e-atracoes-para-toda-a-familia-2","status":"publish","type":"post","link":"https:\/\/regiaonews.net.br\/2022\/2023\/08\/30\/cinesolar-chega-a-barretos-com-sessoes-gratuitas-de-cinema-movido-a-energia-solar-pipoca-e-atracoes-para-toda-a-familia-2\/","title":{"rendered":"CineSolar chega a Barretos com sess\u00f5es gratuitas de cinema"},"content":{"rendered":"<p style=\"text-align: center;\">O primeiro cinema itinerante movido a energia solar do Brasil ser\u00e1 montado em frente \u00e0 Par\u00f3quia Santa Ana e S\u00e3o Joaquim, com evento gratuito na sexta-feira (01\/09), a partir das 18h.<\/p>\n<p>A experi\u00eancia do CineSolar, o primeiro cinema itinerante movido a energia solar do Brasil, chega a <strong>Barretos (SP)<\/strong> com atividades culturais gratuitas para a popula\u00e7\u00e3o. Com patroc\u00ednio do banco BV, ser\u00e3o exibidos curtas-metragens com temas infantis e ambientais e o filme \u201cMoana, um mar de aventuras\u201d, na <strong>sexta-feira (01\/09), a partir das 18h, em frente \u00e0 Par\u00f3quia Santa Ana e S\u00e3o Joaquim<\/strong>. As sess\u00f5es contam com <strong>distribui\u00e7\u00e3o de pipoca<\/strong> e o <strong>p\u00fablico pode visitar o furg\u00e3o<\/strong>, que carrega todo o cinema e se transforma numa esta\u00e7\u00e3o m\u00f3vel de ci\u00eancias, arte, tecnologia, sustentabilidade e cultura de paz.<\/p>\n<p>&nbsp;<\/p>\n<p>O Circuito banco BV acontece em setembro e outubro, em cinco cidades do estado de S\u00e3o Paulo: Barretos, Jundia\u00ed, S\u00e3o Jos\u00e9 dos Campos, Mogi das Cruzes e Diadema. Al\u00e9m das sess\u00f5es de cinema, ser\u00e3o promovidos encontros da Oficinema Solar com estudantes, que integram arte e tecnologia, por meio da educa\u00e7\u00e3o ambiental e da linguagem audiovisual.<\/p>\n<p>&nbsp;<\/p>\n<p>O CineSolar, que em 2023 completa 10 anos, transforma espa\u00e7os p\u00fablicos e abertos em salas de cinema e j\u00e1 realizou cerca de 1870 sess\u00f5es (com exibi\u00e7\u00e3o de 180 filmes) e 576 oficinas para 284 mil pessoas de quase 600 cidades, de 23 estados e do Distrito Federal. O projeto j\u00e1 percorreu mais de 250 mil quil\u00f4metros pelo pa\u00eds e atua com o objetivo de democratizar o acesso \u00e0s produ\u00e7\u00f5es audiovisuais (principalmente as nacionais), promover a\u00e7\u00f5es e pr\u00e1ticas sustent\u00e1veis, a inclus\u00e3o social e difundir a tecnologia da gera\u00e7\u00e3o de energia solar.<\/p>\n<p>&nbsp;<\/p>\n<p>\u201cViajando pelo Brasil presenciei o quanto nosso territ\u00f3rio \u00e9 diverso e, infelizmente, desigual. H\u00e1 uma escassez de equipamentos culturais e de acesso \u00e0s energias renov\u00e1veis. Por isso, o nosso papel sempre foi de atuar com encantamento e alegria, por meio de a\u00e7\u00f5es culturais e ambientais, na sensibiliza\u00e7\u00e3o e conscientiza\u00e7\u00e3o das pessoas, al\u00e9m de aproxim\u00e1-las das novas tecnologias e das produ\u00e7\u00f5es cinematogr\u00e1ficas nacionais\u201d, diz Cynthia Alario, coordenadora e idealizadora do CineSolar.<\/p>\n<p>&nbsp;<\/p>\n<p>O furg\u00e3o do CineSolar \u00e9 adaptado com as placas fotovoltaicas no teto e carrega todo o cinema: 120 cadeiras e banquetas, os sistemas de convers\u00e3o de energia e armazenamento (que garante 20 horas de autonomia e funcionamento), de som e proje\u00e7\u00e3o, incluindo a tela. Al\u00e9m de tudo isso, o espa\u00e7o se transforma em uma esta\u00e7\u00e3o m\u00f3vel de ci\u00eancias, arte, tecnologia, sustentabilidade e cultura de paz.<\/p>\n<p>&nbsp;<\/p>\n<p>Com infogr\u00e1ficos, ilumina\u00e7\u00e3o e decora\u00e7\u00e3o especial &#8211; feita com materiais reciclados e objetos com princ\u00edpios de magnetismo e eletricidade como laser e bola de plasma -, o ve\u00edculo \u00e9 uma atra\u00e7\u00e3o \u00e0 parte, que encanta pessoas de todas as idades e mostra, de maneira descontra\u00edda e divertida, como a luz do sol se transforma em energia el\u00e9trica.<\/p>\n<p>&nbsp;<\/p>\n<p>&#8220;Nosso compromisso com um futuro mais leve nos inspira cada vez mais a buscar e investir em projetos que estejam alinhados ao nosso prop\u00f3sito. Fazer parte de uma iniciativa que leva cultura e educa\u00e7\u00e3o ambiental a crian\u00e7as e ainda utiliza energia solar, contribuindo para a transforma\u00e7\u00e3o social \u00e9 uma conquista importante para o banco BV&#8221;, disse Claudia Furini, diretora de marketing e ESG do banco BV.<\/p>\n<p>&nbsp;<\/p>\n<p>Nas sess\u00f5es de cinema e nas oficinas, o CineSolar tamb\u00e9m colabora na difus\u00e3o de a\u00e7\u00f5es em conjunto com a Unesco Representa\u00e7\u00e3o Brasil, e cumpre 10 dos 17 ODS (Objetivos de Desenvolvimento Sustent\u00e1vel) propostos pela ONU (Organiza\u00e7\u00e3o das Na\u00e7\u00f5es Unidas).<\/p>\n<p>&nbsp;<\/p>\n<p>\u201cPara n\u00f3s, difundir os ODS \u00e9 fundamental, tanto para sensibilizar a popula\u00e7\u00e3o, na compreens\u00e3o de que todos n\u00f3s fazemos parte deste grande ecossistema vivo do Planeta Terra, e que somos respons\u00e1veis pelas mudan\u00e7as poss\u00edveis de serem feitas hoje, quanto para deixarmos esse legado nas cidades, nas comunidades por onde passamos\u201d, destaca Cynthia Alario.<\/p>\n<p>&nbsp;<\/p>\n<p>Neste Circuito, a S\u00e9tima Produ\u00e7\u00f5es Culturais foi convidada para selecionar os curtas-metragens infantis e ambientais com a tem\u00e1tica \u201cProtagonistas do Amanh\u00e3: Moldando o Futuro\u201d. A curadoria \u00e9 da diretora art\u00edstica Ana Arruda, que tem se dedicado a projetos que unem cinema, artes, tecnologia e educa\u00e7\u00e3o, como realidade virtual e laborat\u00f3rios internacionais de narrativas imersivas. Ela tamb\u00e9m \u00e9 idealizadora e diretora do Curta Bras\u00edlia &#8211; Festival Internacional de Curta-metragem.<\/p>\n<p>&nbsp;<\/p>\n<p>A 7\u00aa edi\u00e7\u00e3o do CineSolar \u00e9 viabilizada pela Lei Federal de Incentivo \u00e0 Cultura, com patroc\u00ednio do banco BV e apoio do Instituto Mark\u2019s e da Par\u00f3quia Santa Ana e S\u00e3o Joaquim, e \u00e9 realizada pela Brazucah Produ\u00e7\u00f5es, Minist\u00e9rio da Cultura e Governo Federal.<\/p>\n<p>&nbsp;<\/p>\n<p><strong><u>PROGRAMA\u00c7\u00c3O<\/u><\/strong><\/p>\n<p><strong><u>\u00a0<\/u><\/strong><\/p>\n<p><strong><u>Barretos\/SP<\/u><\/strong><\/p>\n<p><strong><u>\u00a0<\/u><\/strong><\/p>\n<p><strong>Sess\u00f5es de Cinema<\/strong><\/p>\n<p><strong>Data: <\/strong>sexta-feira (01\/09)<\/p>\n<p><strong>Hor\u00e1rios: 18h<\/strong> &#8211; 1\u00aa sess\u00e3o: curtas-metragens infantis e ambientais com o tema \u2018Protagonistas do Amanh\u00e3: Moldando o Futuro\u2019<\/p>\n<p><strong>19h<\/strong> &#8211; 2\u00aa sess\u00e3o: filme \u2018Moana, um mar de aventuras\u2019<\/p>\n<p><strong>Entrada:<\/strong> gratuita &#8211; n\u00e3o precisa de ingresso<\/p>\n<p><strong>Atra\u00e7\u00e3o:<\/strong> pipoca e visita ao furg\u00e3o do CineSolar, que se transforma numa esta\u00e7\u00e3o m\u00f3vel de ci\u00eancias, arte, tecnologia, sustentabilidade e cultura de paz<\/p>\n<p><strong>Local: <\/strong>Em frente \u00e0 Par\u00f3quia Santa Ana e S\u00e3o Joaquim &#8211; Rua Sant&#8217;Anna, 194\u00a0 &#8211; Nadir Kenan &#8211; Barretos\/SP<\/p>\n<p>&nbsp;<\/p>\n<p><strong><u>SINOPSES DOS FILMES<\/u><\/strong><\/p>\n<p><strong><u>\u00a0<\/u><\/strong><\/p>\n<p><strong><em>1\u00aa sess\u00e3o<\/em><\/strong><\/p>\n<p><strong><em>\u00a0<\/em><\/strong><\/p>\n<p><strong>\u2018A Incr\u00edvel Aventura das Sonhadoras Crian\u00e7as contra Lixeira Furada e Capit\u00e3o Sujeira\u2019\u00a0 &#8211; Dire\u00e7\u00e3o: Beatriz Ohana &#8211; Rio de Janeiro\/2019 &#8211; Fic\u00e7\u00e3o &#8211; 15 minutos &#8211; Livre\u00a0\u00a0\u00a0\u00a0 <\/strong><\/p>\n<p>Quando o lixo s\u00f3 cresce e os adultos n\u00e3o d\u00e3o conta do problema, Jo\u00e3o Pedro, Sophia e as crian\u00e7as do QG dos Sonhadores entram em a\u00e7\u00e3o para derrotar os inimigos do bairro: Lixeira Furada e Capit\u00e3o Sujeira. Uma aventura cheia de imagina\u00e7\u00e3o, que apresenta o olhar de crian\u00e7as sobre o lugar em que vivem.<\/p>\n<p>&nbsp;<\/p>\n<p><strong>\u2018Trincheira\u2019 &#8211; Dire\u00e7\u00e3o: Paulo Silver &#8211; Alagoas\/2020 &#8211; Fic\u00e7\u00e3o &#8211; 15 minutos &#8211; Livre <\/strong><\/p>\n<p>Num aterro de lixo, um garoto observa o imponente muro de um condom\u00ednio de luxo. Gabriel usa de sua imagina\u00e7\u00e3o para construir seu mundo fant\u00e1stico.<\/p>\n<p>&nbsp;<\/p>\n<p><strong>\u2018Pedro e o Velho Chico\u2019 &#8211; Dire\u00e7\u00e3o: Renato Gaia &#8211; Minas Gerais\/2017 &#8211; Anima\u00e7\u00e3o &#8211; 18 minutos &#8211; Livre<\/strong><\/p>\n<p>Ap\u00f3s acordar de um pesadelo, o garoto Pedro fica assustado com o destino do planeta. Ao entregar o lixo ao catador de material recicl\u00e1vel &#8220;Seu Chico&#8221;, Pedro recebe do simp\u00e1tico velhinho um misterioso di\u00e1rio que o convida para uma viagem m\u00e1gica pelo S\u00e3o Francisco revelando uma verdade assustadora sobre o Rio.<\/p>\n<p>&nbsp;<\/p>\n<p><strong>\u2018Valentino\u2019 &#8211; Dire\u00e7\u00e3o: Cassiana Maranha &#8211; Para\u00edba\/2014 &#8211; Fic\u00e7\u00e3o &#8211; 4 minutos &#8211; Livre<\/strong><\/p>\n<p>Valentino tem nove anos, quando \u00e9 apresentado \u00e0 m\u00fasica por sua amiga da mesma idade, Sofia. Ele se encanta e um novo mundo se abre ao pequeno garoto. Valentino decide ser m\u00fasico. S\u00f3 um detalhe: ele possui surdez profunda. Uma hist\u00f3ria sobre a realiza\u00e7\u00e3o do improv\u00e1vel, a determina\u00e7\u00e3o para alcan\u00e7ar um objetivo e o valor do amor. Valentino ouve menos e sente mais.<\/p>\n<p>&nbsp;<\/p>\n<p><strong>\u2018Lily\u2019s Hair\u2019 &#8211; Dire\u00e7\u00e3o: Raphael Gustavo da Silva &#8211; Goi\u00e1s &#8211; 14min \u2013 Fic\u00e7\u00e3o\/2019 \u2013 Livre<\/strong><\/p>\n<p><em>Audiodescri\u00e7\u00e3o, closed caption, libras<\/em><\/p>\n<p>Lily \u00e9 uma garota negra que n\u00e3o gosta de seus cabelos. Com a ajuda de Caio, seu amigo cadeirante, tenta ter os cabelos do jeito que sempre sonhou.<\/p>\n<p><strong>\u00a0<\/strong><\/p>\n<p><strong><em>2\u00aa sess\u00e3o<\/em><\/strong><\/p>\n<p>&nbsp;<\/p>\n<p><strong>\u2018Moana &#8211; Um Mar de Aventuras\u2019 &#8211; Dire\u00e7\u00e3o: Ron Clements e John Musker &#8211; Livre\/2016 &#8211; Infantil\/Aventura &#8211; 1h47m <\/strong><\/p>\n<p>Uma jovem parte em uma miss\u00e3o para salvar seu povo. Durante a jornada, Moana conhece o outrora poderoso semideus Maui, que a guia em sua busca para se tornar uma mestre em encontrar caminhos. Juntos, eles navegam pelo oceano em uma viagem incr\u00edvel.<\/p>\n<p><strong>\u00a0<\/strong><\/p>\n<p>&nbsp;<\/p>\n","protected":false},"excerpt":{"rendered":"<p>O primeiro cinema itinerante movido a energia solar do Brasil<\/p>\n","protected":false},"author":2,"featured_media":94393,"comment_status":"open","ping_status":"open","sticky":false,"template":"","format":"standard","meta":{"footnotes":""},"categories":[24,3],"tags":[],"class_list":["post-94392","post","type-post","status-publish","format-standard","has-post-thumbnail","hentry","category-brasil","category-geral"],"yoast_head":"<!-- This site is optimized with the Yoast SEO plugin v27.4 - https:\/\/yoast.com\/product\/yoast-seo-wordpress\/ -->\n<title>CineSolar chega a Barretos com sess\u00f5es gratuitas de cinema<\/title>\n<meta name=\"description\" content=\"experi\u00eancia do CineSolar, o primeiro cinema itinerante movido a energia solar do Brasil, chega a Barretos (SP) com atividades\" \/>\n<meta name=\"robots\" content=\"index, follow, max-snippet:-1, max-image-preview:large, max-video-preview:-1\" \/>\n<link rel=\"canonical\" href=\"https:\/\/regiaonews.net.br\/2022\/2023\/08\/30\/cinesolar-chega-a-barretos-com-sessoes-gratuitas-de-cinema-movido-a-energia-solar-pipoca-e-atracoes-para-toda-a-familia-2\/\" \/>\n<meta property=\"og:locale\" content=\"pt_BR\" \/>\n<meta property=\"og:type\" content=\"article\" \/>\n<meta property=\"og:title\" content=\"CineSolar chega a Barretos com sess\u00f5es gratuitas de cinema\" \/>\n<meta property=\"og:description\" content=\"experi\u00eancia do CineSolar, o primeiro cinema itinerante movido a energia solar do Brasil, chega a Barretos (SP) com atividades\" \/>\n<meta property=\"og:url\" content=\"https:\/\/regiaonews.net.br\/2022\/2023\/08\/30\/cinesolar-chega-a-barretos-com-sessoes-gratuitas-de-cinema-movido-a-energia-solar-pipoca-e-atracoes-para-toda-a-familia-2\/\" \/>\n<meta property=\"og:site_name\" content=\"Regi\u00e3o News\" \/>\n<meta property=\"article:published_time\" content=\"2023-08-30T20:56:31+00:00\" \/>\n<meta property=\"article:modified_time\" content=\"2023-08-31T00:58:32+00:00\" \/>\n<meta property=\"og:image\" content=\"https:\/\/regiaonews.net.br\/2022\/wp-content\/uploads\/2023\/08\/BelaVistaDeMinas_MG_270323_PedroCerqueira_CIneSolar_20.png\" \/>\n\t<meta property=\"og:image:width\" content=\"1233\" \/>\n\t<meta property=\"og:image:height\" content=\"822\" \/>\n\t<meta property=\"og:image:type\" content=\"image\/png\" \/>\n<meta name=\"author\" content=\"Roberto\" \/>\n<meta name=\"twitter:card\" content=\"summary_large_image\" \/>\n<meta name=\"twitter:label1\" content=\"Escrito por\" \/>\n\t<meta name=\"twitter:data1\" content=\"Roberto\" \/>\n\t<meta name=\"twitter:label2\" content=\"Est. tempo de leitura\" \/>\n\t<meta name=\"twitter:data2\" content=\"7 minutos\" \/>\n<script type=\"application\/ld+json\" class=\"yoast-schema-graph\">{\"@context\":\"https:\\\/\\\/schema.org\",\"@graph\":[{\"@type\":\"Article\",\"@id\":\"https:\\\/\\\/regiaonews.net.br\\\/2022\\\/2023\\\/08\\\/30\\\/cinesolar-chega-a-barretos-com-sessoes-gratuitas-de-cinema-movido-a-energia-solar-pipoca-e-atracoes-para-toda-a-familia-2\\\/#article\",\"isPartOf\":{\"@id\":\"https:\\\/\\\/regiaonews.net.br\\\/2022\\\/2023\\\/08\\\/30\\\/cinesolar-chega-a-barretos-com-sessoes-gratuitas-de-cinema-movido-a-energia-solar-pipoca-e-atracoes-para-toda-a-familia-2\\\/\"},\"author\":{\"name\":\"Roberto\",\"@id\":\"https:\\\/\\\/regiaonews.net.br\\\/2022\\\/#\\\/schema\\\/person\\\/2d205a608a5aa97ac279d7a5e6d89ad8\"},\"headline\":\"CineSolar chega a Barretos com sess\u00f5es gratuitas de cinema\",\"datePublished\":\"2023-08-30T20:56:31+00:00\",\"dateModified\":\"2023-08-31T00:58:32+00:00\",\"mainEntityOfPage\":{\"@id\":\"https:\\\/\\\/regiaonews.net.br\\\/2022\\\/2023\\\/08\\\/30\\\/cinesolar-chega-a-barretos-com-sessoes-gratuitas-de-cinema-movido-a-energia-solar-pipoca-e-atracoes-para-toda-a-familia-2\\\/\"},\"wordCount\":1343,\"commentCount\":0,\"publisher\":{\"@id\":\"https:\\\/\\\/regiaonews.net.br\\\/2022\\\/#organization\"},\"image\":{\"@id\":\"https:\\\/\\\/regiaonews.net.br\\\/2022\\\/2023\\\/08\\\/30\\\/cinesolar-chega-a-barretos-com-sessoes-gratuitas-de-cinema-movido-a-energia-solar-pipoca-e-atracoes-para-toda-a-familia-2\\\/#primaryimage\"},\"thumbnailUrl\":\"https:\\\/\\\/regiaonews.net.br\\\/2022\\\/wp-content\\\/uploads\\\/2023\\\/08\\\/BelaVistaDeMinas_MG_270323_PedroCerqueira_CIneSolar_20.png\",\"articleSection\":[\"Brasil\",\"Geral\"],\"inLanguage\":\"pt-BR\",\"potentialAction\":[{\"@type\":\"CommentAction\",\"name\":\"Comment\",\"target\":[\"https:\\\/\\\/regiaonews.net.br\\\/2022\\\/2023\\\/08\\\/30\\\/cinesolar-chega-a-barretos-com-sessoes-gratuitas-de-cinema-movido-a-energia-solar-pipoca-e-atracoes-para-toda-a-familia-2\\\/#respond\"]}]},{\"@type\":\"WebPage\",\"@id\":\"https:\\\/\\\/regiaonews.net.br\\\/2022\\\/2023\\\/08\\\/30\\\/cinesolar-chega-a-barretos-com-sessoes-gratuitas-de-cinema-movido-a-energia-solar-pipoca-e-atracoes-para-toda-a-familia-2\\\/\",\"url\":\"https:\\\/\\\/regiaonews.net.br\\\/2022\\\/2023\\\/08\\\/30\\\/cinesolar-chega-a-barretos-com-sessoes-gratuitas-de-cinema-movido-a-energia-solar-pipoca-e-atracoes-para-toda-a-familia-2\\\/\",\"name\":\"CineSolar chega a Barretos com sess\u00f5es gratuitas de cinema\",\"isPartOf\":{\"@id\":\"https:\\\/\\\/regiaonews.net.br\\\/2022\\\/#website\"},\"primaryImageOfPage\":{\"@id\":\"https:\\\/\\\/regiaonews.net.br\\\/2022\\\/2023\\\/08\\\/30\\\/cinesolar-chega-a-barretos-com-sessoes-gratuitas-de-cinema-movido-a-energia-solar-pipoca-e-atracoes-para-toda-a-familia-2\\\/#primaryimage\"},\"image\":{\"@id\":\"https:\\\/\\\/regiaonews.net.br\\\/2022\\\/2023\\\/08\\\/30\\\/cinesolar-chega-a-barretos-com-sessoes-gratuitas-de-cinema-movido-a-energia-solar-pipoca-e-atracoes-para-toda-a-familia-2\\\/#primaryimage\"},\"thumbnailUrl\":\"https:\\\/\\\/regiaonews.net.br\\\/2022\\\/wp-content\\\/uploads\\\/2023\\\/08\\\/BelaVistaDeMinas_MG_270323_PedroCerqueira_CIneSolar_20.png\",\"datePublished\":\"2023-08-30T20:56:31+00:00\",\"dateModified\":\"2023-08-31T00:58:32+00:00\",\"description\":\"experi\u00eancia do CineSolar, o primeiro cinema itinerante movido a energia solar do Brasil, chega a Barretos (SP) com atividades\",\"breadcrumb\":{\"@id\":\"https:\\\/\\\/regiaonews.net.br\\\/2022\\\/2023\\\/08\\\/30\\\/cinesolar-chega-a-barretos-com-sessoes-gratuitas-de-cinema-movido-a-energia-solar-pipoca-e-atracoes-para-toda-a-familia-2\\\/#breadcrumb\"},\"inLanguage\":\"pt-BR\",\"potentialAction\":[{\"@type\":\"ReadAction\",\"target\":[\"https:\\\/\\\/regiaonews.net.br\\\/2022\\\/2023\\\/08\\\/30\\\/cinesolar-chega-a-barretos-com-sessoes-gratuitas-de-cinema-movido-a-energia-solar-pipoca-e-atracoes-para-toda-a-familia-2\\\/\"]}]},{\"@type\":\"ImageObject\",\"inLanguage\":\"pt-BR\",\"@id\":\"https:\\\/\\\/regiaonews.net.br\\\/2022\\\/2023\\\/08\\\/30\\\/cinesolar-chega-a-barretos-com-sessoes-gratuitas-de-cinema-movido-a-energia-solar-pipoca-e-atracoes-para-toda-a-familia-2\\\/#primaryimage\",\"url\":\"https:\\\/\\\/regiaonews.net.br\\\/2022\\\/wp-content\\\/uploads\\\/2023\\\/08\\\/BelaVistaDeMinas_MG_270323_PedroCerqueira_CIneSolar_20.png\",\"contentUrl\":\"https:\\\/\\\/regiaonews.net.br\\\/2022\\\/wp-content\\\/uploads\\\/2023\\\/08\\\/BelaVistaDeMinas_MG_270323_PedroCerqueira_CIneSolar_20.png\",\"width\":1233,\"height\":822},{\"@type\":\"BreadcrumbList\",\"@id\":\"https:\\\/\\\/regiaonews.net.br\\\/2022\\\/2023\\\/08\\\/30\\\/cinesolar-chega-a-barretos-com-sessoes-gratuitas-de-cinema-movido-a-energia-solar-pipoca-e-atracoes-para-toda-a-familia-2\\\/#breadcrumb\",\"itemListElement\":[{\"@type\":\"ListItem\",\"position\":1,\"name\":\"In\u00edcio\",\"item\":\"https:\\\/\\\/regiaonews.net.br\\\/2022\\\/\"},{\"@type\":\"ListItem\",\"position\":2,\"name\":\"CineSolar chega a Barretos com sess\u00f5es gratuitas de cinema\"}]},{\"@type\":\"WebSite\",\"@id\":\"https:\\\/\\\/regiaonews.net.br\\\/2022\\\/#website\",\"url\":\"https:\\\/\\\/regiaonews.net.br\\\/2022\\\/\",\"name\":\"Regi\u00e3o News\",\"description\":\"Site de Not\u00edcias de Barretos e regi\u00e3o\",\"publisher\":{\"@id\":\"https:\\\/\\\/regiaonews.net.br\\\/2022\\\/#organization\"},\"potentialAction\":[{\"@type\":\"SearchAction\",\"target\":{\"@type\":\"EntryPoint\",\"urlTemplate\":\"https:\\\/\\\/regiaonews.net.br\\\/2022\\\/?s={search_term_string}\"},\"query-input\":{\"@type\":\"PropertyValueSpecification\",\"valueRequired\":true,\"valueName\":\"search_term_string\"}}],\"inLanguage\":\"pt-BR\"},{\"@type\":\"Organization\",\"@id\":\"https:\\\/\\\/regiaonews.net.br\\\/2022\\\/#organization\",\"name\":\"Regi\u00e3o News\",\"url\":\"https:\\\/\\\/regiaonews.net.br\\\/2022\\\/\",\"logo\":{\"@type\":\"ImageObject\",\"inLanguage\":\"pt-BR\",\"@id\":\"https:\\\/\\\/regiaonews.net.br\\\/2022\\\/#\\\/schema\\\/logo\\\/image\\\/\",\"url\":\"https:\\\/\\\/regiaonews.net.br\\\/2022\\\/wp-content\\\/uploads\\\/2026\\\/03\\\/regiao-13-anos-scaled.jpg\",\"contentUrl\":\"https:\\\/\\\/regiaonews.net.br\\\/2022\\\/wp-content\\\/uploads\\\/2026\\\/03\\\/regiao-13-anos-scaled.jpg\",\"width\":2560,\"height\":635,\"caption\":\"Regi\u00e3o News\"},\"image\":{\"@id\":\"https:\\\/\\\/regiaonews.net.br\\\/2022\\\/#\\\/schema\\\/logo\\\/image\\\/\"}},{\"@type\":\"Person\",\"@id\":\"https:\\\/\\\/regiaonews.net.br\\\/2022\\\/#\\\/schema\\\/person\\\/2d205a608a5aa97ac279d7a5e6d89ad8\",\"name\":\"Roberto\",\"image\":{\"@type\":\"ImageObject\",\"inLanguage\":\"pt-BR\",\"@id\":\"https:\\\/\\\/secure.gravatar.com\\\/avatar\\\/42749d8b712ff9d59ca93dc150494e5b55a44134482993f5baeb97e61b7ecc89?s=96&d=mm&r=g\",\"url\":\"https:\\\/\\\/secure.gravatar.com\\\/avatar\\\/42749d8b712ff9d59ca93dc150494e5b55a44134482993f5baeb97e61b7ecc89?s=96&d=mm&r=g\",\"contentUrl\":\"https:\\\/\\\/secure.gravatar.com\\\/avatar\\\/42749d8b712ff9d59ca93dc150494e5b55a44134482993f5baeb97e61b7ecc89?s=96&d=mm&r=g\",\"caption\":\"Roberto\"},\"url\":\"https:\\\/\\\/regiaonews.net.br\\\/2022\\\/author\\\/roberto\\\/\"}]}<\/script>\n<!-- \/ Yoast SEO plugin. -->","yoast_head_json":{"title":"CineSolar chega a Barretos com sess\u00f5es gratuitas de cinema","description":"experi\u00eancia do CineSolar, o primeiro cinema itinerante movido a energia solar do Brasil, chega a Barretos (SP) com atividades","robots":{"index":"index","follow":"follow","max-snippet":"max-snippet:-1","max-image-preview":"max-image-preview:large","max-video-preview":"max-video-preview:-1"},"canonical":"https:\/\/regiaonews.net.br\/2022\/2023\/08\/30\/cinesolar-chega-a-barretos-com-sessoes-gratuitas-de-cinema-movido-a-energia-solar-pipoca-e-atracoes-para-toda-a-familia-2\/","og_locale":"pt_BR","og_type":"article","og_title":"CineSolar chega a Barretos com sess\u00f5es gratuitas de cinema","og_description":"experi\u00eancia do CineSolar, o primeiro cinema itinerante movido a energia solar do Brasil, chega a Barretos (SP) com atividades","og_url":"https:\/\/regiaonews.net.br\/2022\/2023\/08\/30\/cinesolar-chega-a-barretos-com-sessoes-gratuitas-de-cinema-movido-a-energia-solar-pipoca-e-atracoes-para-toda-a-familia-2\/","og_site_name":"Regi\u00e3o News","article_published_time":"2023-08-30T20:56:31+00:00","article_modified_time":"2023-08-31T00:58:32+00:00","og_image":[{"width":1233,"height":822,"url":"https:\/\/regiaonews.net.br\/2022\/wp-content\/uploads\/2023\/08\/BelaVistaDeMinas_MG_270323_PedroCerqueira_CIneSolar_20.png","type":"image\/png"}],"author":"Roberto","twitter_card":"summary_large_image","twitter_misc":{"Escrito por":"Roberto","Est. tempo de leitura":"7 minutos"},"schema":{"@context":"https:\/\/schema.org","@graph":[{"@type":"Article","@id":"https:\/\/regiaonews.net.br\/2022\/2023\/08\/30\/cinesolar-chega-a-barretos-com-sessoes-gratuitas-de-cinema-movido-a-energia-solar-pipoca-e-atracoes-para-toda-a-familia-2\/#article","isPartOf":{"@id":"https:\/\/regiaonews.net.br\/2022\/2023\/08\/30\/cinesolar-chega-a-barretos-com-sessoes-gratuitas-de-cinema-movido-a-energia-solar-pipoca-e-atracoes-para-toda-a-familia-2\/"},"author":{"name":"Roberto","@id":"https:\/\/regiaonews.net.br\/2022\/#\/schema\/person\/2d205a608a5aa97ac279d7a5e6d89ad8"},"headline":"CineSolar chega a Barretos com sess\u00f5es gratuitas de cinema","datePublished":"2023-08-30T20:56:31+00:00","dateModified":"2023-08-31T00:58:32+00:00","mainEntityOfPage":{"@id":"https:\/\/regiaonews.net.br\/2022\/2023\/08\/30\/cinesolar-chega-a-barretos-com-sessoes-gratuitas-de-cinema-movido-a-energia-solar-pipoca-e-atracoes-para-toda-a-familia-2\/"},"wordCount":1343,"commentCount":0,"publisher":{"@id":"https:\/\/regiaonews.net.br\/2022\/#organization"},"image":{"@id":"https:\/\/regiaonews.net.br\/2022\/2023\/08\/30\/cinesolar-chega-a-barretos-com-sessoes-gratuitas-de-cinema-movido-a-energia-solar-pipoca-e-atracoes-para-toda-a-familia-2\/#primaryimage"},"thumbnailUrl":"https:\/\/regiaonews.net.br\/2022\/wp-content\/uploads\/2023\/08\/BelaVistaDeMinas_MG_270323_PedroCerqueira_CIneSolar_20.png","articleSection":["Brasil","Geral"],"inLanguage":"pt-BR","potentialAction":[{"@type":"CommentAction","name":"Comment","target":["https:\/\/regiaonews.net.br\/2022\/2023\/08\/30\/cinesolar-chega-a-barretos-com-sessoes-gratuitas-de-cinema-movido-a-energia-solar-pipoca-e-atracoes-para-toda-a-familia-2\/#respond"]}]},{"@type":"WebPage","@id":"https:\/\/regiaonews.net.br\/2022\/2023\/08\/30\/cinesolar-chega-a-barretos-com-sessoes-gratuitas-de-cinema-movido-a-energia-solar-pipoca-e-atracoes-para-toda-a-familia-2\/","url":"https:\/\/regiaonews.net.br\/2022\/2023\/08\/30\/cinesolar-chega-a-barretos-com-sessoes-gratuitas-de-cinema-movido-a-energia-solar-pipoca-e-atracoes-para-toda-a-familia-2\/","name":"CineSolar chega a Barretos com sess\u00f5es gratuitas de cinema","isPartOf":{"@id":"https:\/\/regiaonews.net.br\/2022\/#website"},"primaryImageOfPage":{"@id":"https:\/\/regiaonews.net.br\/2022\/2023\/08\/30\/cinesolar-chega-a-barretos-com-sessoes-gratuitas-de-cinema-movido-a-energia-solar-pipoca-e-atracoes-para-toda-a-familia-2\/#primaryimage"},"image":{"@id":"https:\/\/regiaonews.net.br\/2022\/2023\/08\/30\/cinesolar-chega-a-barretos-com-sessoes-gratuitas-de-cinema-movido-a-energia-solar-pipoca-e-atracoes-para-toda-a-familia-2\/#primaryimage"},"thumbnailUrl":"https:\/\/regiaonews.net.br\/2022\/wp-content\/uploads\/2023\/08\/BelaVistaDeMinas_MG_270323_PedroCerqueira_CIneSolar_20.png","datePublished":"2023-08-30T20:56:31+00:00","dateModified":"2023-08-31T00:58:32+00:00","description":"experi\u00eancia do CineSolar, o primeiro cinema itinerante movido a energia solar do Brasil, chega a Barretos (SP) com atividades","breadcrumb":{"@id":"https:\/\/regiaonews.net.br\/2022\/2023\/08\/30\/cinesolar-chega-a-barretos-com-sessoes-gratuitas-de-cinema-movido-a-energia-solar-pipoca-e-atracoes-para-toda-a-familia-2\/#breadcrumb"},"inLanguage":"pt-BR","potentialAction":[{"@type":"ReadAction","target":["https:\/\/regiaonews.net.br\/2022\/2023\/08\/30\/cinesolar-chega-a-barretos-com-sessoes-gratuitas-de-cinema-movido-a-energia-solar-pipoca-e-atracoes-para-toda-a-familia-2\/"]}]},{"@type":"ImageObject","inLanguage":"pt-BR","@id":"https:\/\/regiaonews.net.br\/2022\/2023\/08\/30\/cinesolar-chega-a-barretos-com-sessoes-gratuitas-de-cinema-movido-a-energia-solar-pipoca-e-atracoes-para-toda-a-familia-2\/#primaryimage","url":"https:\/\/regiaonews.net.br\/2022\/wp-content\/uploads\/2023\/08\/BelaVistaDeMinas_MG_270323_PedroCerqueira_CIneSolar_20.png","contentUrl":"https:\/\/regiaonews.net.br\/2022\/wp-content\/uploads\/2023\/08\/BelaVistaDeMinas_MG_270323_PedroCerqueira_CIneSolar_20.png","width":1233,"height":822},{"@type":"BreadcrumbList","@id":"https:\/\/regiaonews.net.br\/2022\/2023\/08\/30\/cinesolar-chega-a-barretos-com-sessoes-gratuitas-de-cinema-movido-a-energia-solar-pipoca-e-atracoes-para-toda-a-familia-2\/#breadcrumb","itemListElement":[{"@type":"ListItem","position":1,"name":"In\u00edcio","item":"https:\/\/regiaonews.net.br\/2022\/"},{"@type":"ListItem","position":2,"name":"CineSolar chega a Barretos com sess\u00f5es gratuitas de cinema"}]},{"@type":"WebSite","@id":"https:\/\/regiaonews.net.br\/2022\/#website","url":"https:\/\/regiaonews.net.br\/2022\/","name":"Regi\u00e3o News","description":"Site de Not\u00edcias de Barretos e regi\u00e3o","publisher":{"@id":"https:\/\/regiaonews.net.br\/2022\/#organization"},"potentialAction":[{"@type":"SearchAction","target":{"@type":"EntryPoint","urlTemplate":"https:\/\/regiaonews.net.br\/2022\/?s={search_term_string}"},"query-input":{"@type":"PropertyValueSpecification","valueRequired":true,"valueName":"search_term_string"}}],"inLanguage":"pt-BR"},{"@type":"Organization","@id":"https:\/\/regiaonews.net.br\/2022\/#organization","name":"Regi\u00e3o News","url":"https:\/\/regiaonews.net.br\/2022\/","logo":{"@type":"ImageObject","inLanguage":"pt-BR","@id":"https:\/\/regiaonews.net.br\/2022\/#\/schema\/logo\/image\/","url":"https:\/\/regiaonews.net.br\/2022\/wp-content\/uploads\/2026\/03\/regiao-13-anos-scaled.jpg","contentUrl":"https:\/\/regiaonews.net.br\/2022\/wp-content\/uploads\/2026\/03\/regiao-13-anos-scaled.jpg","width":2560,"height":635,"caption":"Regi\u00e3o News"},"image":{"@id":"https:\/\/regiaonews.net.br\/2022\/#\/schema\/logo\/image\/"}},{"@type":"Person","@id":"https:\/\/regiaonews.net.br\/2022\/#\/schema\/person\/2d205a608a5aa97ac279d7a5e6d89ad8","name":"Roberto","image":{"@type":"ImageObject","inLanguage":"pt-BR","@id":"https:\/\/secure.gravatar.com\/avatar\/42749d8b712ff9d59ca93dc150494e5b55a44134482993f5baeb97e61b7ecc89?s=96&d=mm&r=g","url":"https:\/\/secure.gravatar.com\/avatar\/42749d8b712ff9d59ca93dc150494e5b55a44134482993f5baeb97e61b7ecc89?s=96&d=mm&r=g","contentUrl":"https:\/\/secure.gravatar.com\/avatar\/42749d8b712ff9d59ca93dc150494e5b55a44134482993f5baeb97e61b7ecc89?s=96&d=mm&r=g","caption":"Roberto"},"url":"https:\/\/regiaonews.net.br\/2022\/author\/roberto\/"}]}},"publishpress_future_action":{"enabled":false,"date":"2026-05-03 06:19:50","action":"change-status","newStatus":"draft","terms":[],"taxonomy":"category","extraData":[]},"publishpress_future_workflow_manual_trigger":{"enabledWorkflows":[]},"_links":{"self":[{"href":"https:\/\/regiaonews.net.br\/2022\/wp-json\/wp\/v2\/posts\/94392","targetHints":{"allow":["GET"]}}],"collection":[{"href":"https:\/\/regiaonews.net.br\/2022\/wp-json\/wp\/v2\/posts"}],"about":[{"href":"https:\/\/regiaonews.net.br\/2022\/wp-json\/wp\/v2\/types\/post"}],"author":[{"embeddable":true,"href":"https:\/\/regiaonews.net.br\/2022\/wp-json\/wp\/v2\/users\/2"}],"replies":[{"embeddable":true,"href":"https:\/\/regiaonews.net.br\/2022\/wp-json\/wp\/v2\/comments?post=94392"}],"version-history":[{"count":2,"href":"https:\/\/regiaonews.net.br\/2022\/wp-json\/wp\/v2\/posts\/94392\/revisions"}],"predecessor-version":[{"id":94417,"href":"https:\/\/regiaonews.net.br\/2022\/wp-json\/wp\/v2\/posts\/94392\/revisions\/94417"}],"wp:featuredmedia":[{"embeddable":true,"href":"https:\/\/regiaonews.net.br\/2022\/wp-json\/wp\/v2\/media\/94393"}],"wp:attachment":[{"href":"https:\/\/regiaonews.net.br\/2022\/wp-json\/wp\/v2\/media?parent=94392"}],"wp:term":[{"taxonomy":"category","embeddable":true,"href":"https:\/\/regiaonews.net.br\/2022\/wp-json\/wp\/v2\/categories?post=94392"},{"taxonomy":"post_tag","embeddable":true,"href":"https:\/\/regiaonews.net.br\/2022\/wp-json\/wp\/v2\/tags?post=94392"}],"curies":[{"name":"wp","href":"https:\/\/api.w.org\/{rel}","templated":true}]}}