{"id":94213,"date":"2023-08-27T16:57:44","date_gmt":"2023-08-27T19:57:44","guid":{"rendered":"https:\/\/regiaonews.net.br\/2022\/?p=94213"},"modified":"2023-08-27T16:58:26","modified_gmt":"2023-08-27T19:58:26","slug":"jovem-de-divinopolis-e-campeao-do-rodeio-junior","status":"publish","type":"post","link":"https:\/\/regiaonews.net.br\/2022\/2023\/08\/27\/jovem-de-divinopolis-e-campeao-do-rodeio-junior\/","title":{"rendered":"Jovem de Divin\u00f3polis \u00e9 campe\u00e3o do Rodeio J\u00fanior"},"content":{"rendered":"<h1 class=\"title text-lg-start\"><\/h1>\n<div class=\"imagem\">\n<p>Matheus Henrique Rosa de Morais \u00e9 o campe\u00e3o do Rodeio Junior (Andr\u00e9 Monteiro)<\/p>\n<\/div>\n<div class=\"texto\">\n<p>Ap\u00f3s quatro dias de disputas no Rodeio J\u00fanior, foi conhecido na tarde deste domingo (27), na abertura das finais do 30\u00ba Barretos International Rodeo, o campe\u00e3o da modalidade que reuniu competidores de v\u00e1rios estados desde a \u00faltima quinta-feira (24).<\/p>\n<p>Na grande decis\u00e3o, o jovem de Divin\u00f3polis-MG, Matheus Henrique Rosa de Morais, 16 anos, na \u00faltima montaria ficou com o t\u00edtulo de campe\u00e3o. Emocionado com a primeira conquista na Arena de Barretos, Matheus dedicou a sua vit\u00f3ria a todos aqueles que acreditaram em sua capacidade e o ajudaram a tornar esse sonho realidade, ressaltou.<\/p>\n<p>Classifica\u00e7\u00e3o Final<br \/>\n1- MATHEUS HENRIQUE ROSA DE MORAIS &#8211; DIVIN\u00d3POLIS-MG\u00a0 &#8211; 337,00<br \/>\n2- MAYCK WILLIAN SOUZA FREITAS &#8211;\u00a0 ITURAMA-MG &#8211; 308,25<br \/>\n3- LUAN FACINCANI DA SILVA &#8211; OL\u00cdMPIA-SP\u00a0 &#8211; 259,50<br \/>\n4- GABRIEL HENRIQUE DA SILVA &#8211; LAGOA FORMOSA-MG\u00a0 &#8211; 250,50<br \/>\n5- JORGE MATHEUS DE SOUSA SILVA &#8211;\u00a0 FORMOSO-GO &#8211; 246,00<br \/>\n6- LUCAS TRINDADE ULTRAMARI &#8211;\u00a0 OL\u00cdMPIA-SP &#8211;\u00a0 169,25<br \/>\n7- JOAO VICTOR DA SILVA GOMES &#8211;\u00a0 MONTIVIDIU DO NORTE-GO &#8211;\u00a0 87,50<br \/>\n8- VITOR EDUARDO DE ANDRADE GON\u00c7ALVES &#8211;\u00a0 PAINS-MG &#8211;\u00a0 86,50<br \/>\n9- JULIO CESAR RIZO OLIVO &#8211;\u00a0 PRESIDENTE BERNARDES-SP &#8211; 85,25<br \/>\n10- DELVAIR JUNIOR RAMOS MARINHO &#8211; TROMBAS-GO &#8211; 84,7<\/p>\n<\/div>\n","protected":false},"excerpt":{"rendered":"<p>Matheus Henrique Rosa de Morais \u00e9 o campe\u00e3o do Rodeio<\/p>\n","protected":false},"author":2,"featured_media":94214,"comment_status":"open","ping_status":"open","sticky":false,"template":"","format":"standard","meta":{"footnotes":""},"categories":[14,25,45],"tags":[],"class_list":["post-94213","post","type-post","status-publish","format-standard","has-post-thumbnail","hentry","category-barretos","category-cidades","category-festa-do-peao"],"yoast_head":"<!-- This site is optimized with the Yoast SEO plugin v27.5 - https:\/\/yoast.com\/product\/yoast-seo-wordpress\/ -->\n<title>Jovem de Divin\u00f3polis \u00e9 campe\u00e3o do Rodeio J\u00fanior<\/title>\n<meta name=\"description\" content=\"Ap\u00f3s quatro dias de disputas no Rodeio J\u00fanior, foi conhecido na tarde deste domingo (27), na abertura das finais do 30\u00ba Barretos\" \/>\n<meta name=\"robots\" content=\"index, follow, max-snippet:-1, max-image-preview:large, max-video-preview:-1\" \/>\n<link rel=\"canonical\" href=\"https:\/\/regiaonews.net.br\/2022\/2023\/08\/27\/jovem-de-divinopolis-e-campeao-do-rodeio-junior\/\" \/>\n<meta property=\"og:locale\" content=\"pt_BR\" \/>\n<meta property=\"og:type\" content=\"article\" \/>\n<meta property=\"og:title\" content=\"Jovem de Divin\u00f3polis \u00e9 campe\u00e3o do Rodeio J\u00fanior\" \/>\n<meta property=\"og:description\" content=\"Ap\u00f3s quatro dias de disputas no Rodeio J\u00fanior, foi conhecido na tarde deste domingo (27), na abertura das finais do 30\u00ba Barretos\" \/>\n<meta property=\"og:url\" content=\"https:\/\/regiaonews.net.br\/2022\/2023\/08\/27\/jovem-de-divinopolis-e-campeao-do-rodeio-junior\/\" \/>\n<meta property=\"og:site_name\" content=\"Regi\u00e3o News\" \/>\n<meta property=\"article:published_time\" content=\"2023-08-27T19:57:44+00:00\" \/>\n<meta property=\"article:modified_time\" content=\"2023-08-27T19:58:26+00:00\" \/>\n<meta property=\"og:image\" content=\"https:\/\/regiaonews.net.br\/2022\/wp-content\/uploads\/2023\/08\/169315998164eb922dce37a.jpeg\" \/>\n\t<meta property=\"og:image:width\" content=\"1600\" \/>\n\t<meta property=\"og:image:height\" content=\"1068\" \/>\n\t<meta property=\"og:image:type\" content=\"image\/jpeg\" \/>\n<meta name=\"author\" content=\"Roberto\" \/>\n<meta name=\"twitter:card\" content=\"summary_large_image\" \/>\n<meta name=\"twitter:label1\" content=\"Escrito por\" \/>\n\t<meta name=\"twitter:data1\" content=\"Roberto\" \/>\n\t<meta name=\"twitter:label2\" content=\"Est. tempo de leitura\" \/>\n\t<meta name=\"twitter:data2\" content=\"2 minutos\" \/>\n<script type=\"application\/ld+json\" class=\"yoast-schema-graph\">{\"@context\":\"https:\\\/\\\/schema.org\",\"@graph\":[{\"@type\":\"Article\",\"@id\":\"https:\\\/\\\/regiaonews.net.br\\\/2022\\\/2023\\\/08\\\/27\\\/jovem-de-divinopolis-e-campeao-do-rodeio-junior\\\/#article\",\"isPartOf\":{\"@id\":\"https:\\\/\\\/regiaonews.net.br\\\/2022\\\/2023\\\/08\\\/27\\\/jovem-de-divinopolis-e-campeao-do-rodeio-junior\\\/\"},\"author\":{\"name\":\"Roberto\",\"@id\":\"https:\\\/\\\/regiaonews.net.br\\\/2022\\\/#\\\/schema\\\/person\\\/2d205a608a5aa97ac279d7a5e6d89ad8\"},\"headline\":\"Jovem de Divin\u00f3polis \u00e9 campe\u00e3o do Rodeio J\u00fanior\",\"datePublished\":\"2023-08-27T19:57:44+00:00\",\"dateModified\":\"2023-08-27T19:58:26+00:00\",\"mainEntityOfPage\":{\"@id\":\"https:\\\/\\\/regiaonews.net.br\\\/2022\\\/2023\\\/08\\\/27\\\/jovem-de-divinopolis-e-campeao-do-rodeio-junior\\\/\"},\"wordCount\":215,\"commentCount\":0,\"publisher\":{\"@id\":\"https:\\\/\\\/regiaonews.net.br\\\/2022\\\/#organization\"},\"image\":{\"@id\":\"https:\\\/\\\/regiaonews.net.br\\\/2022\\\/2023\\\/08\\\/27\\\/jovem-de-divinopolis-e-campeao-do-rodeio-junior\\\/#primaryimage\"},\"thumbnailUrl\":\"https:\\\/\\\/regiaonews.net.br\\\/2022\\\/wp-content\\\/uploads\\\/2023\\\/08\\\/169315998164eb922dce37a.jpeg\",\"articleSection\":[\"Barretos\",\"Cidades\",\"Festa do Pe\u00e3o\"],\"inLanguage\":\"pt-BR\",\"potentialAction\":[{\"@type\":\"CommentAction\",\"name\":\"Comment\",\"target\":[\"https:\\\/\\\/regiaonews.net.br\\\/2022\\\/2023\\\/08\\\/27\\\/jovem-de-divinopolis-e-campeao-do-rodeio-junior\\\/#respond\"]}]},{\"@type\":\"WebPage\",\"@id\":\"https:\\\/\\\/regiaonews.net.br\\\/2022\\\/2023\\\/08\\\/27\\\/jovem-de-divinopolis-e-campeao-do-rodeio-junior\\\/\",\"url\":\"https:\\\/\\\/regiaonews.net.br\\\/2022\\\/2023\\\/08\\\/27\\\/jovem-de-divinopolis-e-campeao-do-rodeio-junior\\\/\",\"name\":\"Jovem de Divin\u00f3polis \u00e9 campe\u00e3o do Rodeio J\u00fanior\",\"isPartOf\":{\"@id\":\"https:\\\/\\\/regiaonews.net.br\\\/2022\\\/#website\"},\"primaryImageOfPage\":{\"@id\":\"https:\\\/\\\/regiaonews.net.br\\\/2022\\\/2023\\\/08\\\/27\\\/jovem-de-divinopolis-e-campeao-do-rodeio-junior\\\/#primaryimage\"},\"image\":{\"@id\":\"https:\\\/\\\/regiaonews.net.br\\\/2022\\\/2023\\\/08\\\/27\\\/jovem-de-divinopolis-e-campeao-do-rodeio-junior\\\/#primaryimage\"},\"thumbnailUrl\":\"https:\\\/\\\/regiaonews.net.br\\\/2022\\\/wp-content\\\/uploads\\\/2023\\\/08\\\/169315998164eb922dce37a.jpeg\",\"datePublished\":\"2023-08-27T19:57:44+00:00\",\"dateModified\":\"2023-08-27T19:58:26+00:00\",\"description\":\"Ap\u00f3s quatro dias de disputas no Rodeio J\u00fanior, foi conhecido na tarde deste domingo (27), na abertura das finais do 30\u00ba Barretos\",\"breadcrumb\":{\"@id\":\"https:\\\/\\\/regiaonews.net.br\\\/2022\\\/2023\\\/08\\\/27\\\/jovem-de-divinopolis-e-campeao-do-rodeio-junior\\\/#breadcrumb\"},\"inLanguage\":\"pt-BR\",\"potentialAction\":[{\"@type\":\"ReadAction\",\"target\":[\"https:\\\/\\\/regiaonews.net.br\\\/2022\\\/2023\\\/08\\\/27\\\/jovem-de-divinopolis-e-campeao-do-rodeio-junior\\\/\"]}]},{\"@type\":\"ImageObject\",\"inLanguage\":\"pt-BR\",\"@id\":\"https:\\\/\\\/regiaonews.net.br\\\/2022\\\/2023\\\/08\\\/27\\\/jovem-de-divinopolis-e-campeao-do-rodeio-junior\\\/#primaryimage\",\"url\":\"https:\\\/\\\/regiaonews.net.br\\\/2022\\\/wp-content\\\/uploads\\\/2023\\\/08\\\/169315998164eb922dce37a.jpeg\",\"contentUrl\":\"https:\\\/\\\/regiaonews.net.br\\\/2022\\\/wp-content\\\/uploads\\\/2023\\\/08\\\/169315998164eb922dce37a.jpeg\",\"width\":1600,\"height\":1068},{\"@type\":\"BreadcrumbList\",\"@id\":\"https:\\\/\\\/regiaonews.net.br\\\/2022\\\/2023\\\/08\\\/27\\\/jovem-de-divinopolis-e-campeao-do-rodeio-junior\\\/#breadcrumb\",\"itemListElement\":[{\"@type\":\"ListItem\",\"position\":1,\"name\":\"In\u00edcio\",\"item\":\"https:\\\/\\\/regiaonews.net.br\\\/2022\\\/\"},{\"@type\":\"ListItem\",\"position\":2,\"name\":\"Jovem de Divin\u00f3polis \u00e9 campe\u00e3o do Rodeio J\u00fanior\"}]},{\"@type\":\"WebSite\",\"@id\":\"https:\\\/\\\/regiaonews.net.br\\\/2022\\\/#website\",\"url\":\"https:\\\/\\\/regiaonews.net.br\\\/2022\\\/\",\"name\":\"Regi\u00e3o News\",\"description\":\"Site de Not\u00edcias de Barretos e regi\u00e3o\",\"publisher\":{\"@id\":\"https:\\\/\\\/regiaonews.net.br\\\/2022\\\/#organization\"},\"potentialAction\":[{\"@type\":\"SearchAction\",\"target\":{\"@type\":\"EntryPoint\",\"urlTemplate\":\"https:\\\/\\\/regiaonews.net.br\\\/2022\\\/?s={search_term_string}\"},\"query-input\":{\"@type\":\"PropertyValueSpecification\",\"valueRequired\":true,\"valueName\":\"search_term_string\"}}],\"inLanguage\":\"pt-BR\"},{\"@type\":\"Organization\",\"@id\":\"https:\\\/\\\/regiaonews.net.br\\\/2022\\\/#organization\",\"name\":\"Regi\u00e3o News\",\"url\":\"https:\\\/\\\/regiaonews.net.br\\\/2022\\\/\",\"logo\":{\"@type\":\"ImageObject\",\"inLanguage\":\"pt-BR\",\"@id\":\"https:\\\/\\\/regiaonews.net.br\\\/2022\\\/#\\\/schema\\\/logo\\\/image\\\/\",\"url\":\"https:\\\/\\\/regiaonews.net.br\\\/2022\\\/wp-content\\\/uploads\\\/2026\\\/03\\\/regiao-13-anos-scaled.jpg\",\"contentUrl\":\"https:\\\/\\\/regiaonews.net.br\\\/2022\\\/wp-content\\\/uploads\\\/2026\\\/03\\\/regiao-13-anos-scaled.jpg\",\"width\":2560,\"height\":635,\"caption\":\"Regi\u00e3o News\"},\"image\":{\"@id\":\"https:\\\/\\\/regiaonews.net.br\\\/2022\\\/#\\\/schema\\\/logo\\\/image\\\/\"}},{\"@type\":\"Person\",\"@id\":\"https:\\\/\\\/regiaonews.net.br\\\/2022\\\/#\\\/schema\\\/person\\\/2d205a608a5aa97ac279d7a5e6d89ad8\",\"name\":\"Roberto\",\"image\":{\"@type\":\"ImageObject\",\"inLanguage\":\"pt-BR\",\"@id\":\"https:\\\/\\\/secure.gravatar.com\\\/avatar\\\/42749d8b712ff9d59ca93dc150494e5b55a44134482993f5baeb97e61b7ecc89?s=96&d=mm&r=g\",\"url\":\"https:\\\/\\\/secure.gravatar.com\\\/avatar\\\/42749d8b712ff9d59ca93dc150494e5b55a44134482993f5baeb97e61b7ecc89?s=96&d=mm&r=g\",\"contentUrl\":\"https:\\\/\\\/secure.gravatar.com\\\/avatar\\\/42749d8b712ff9d59ca93dc150494e5b55a44134482993f5baeb97e61b7ecc89?s=96&d=mm&r=g\",\"caption\":\"Roberto\"},\"url\":\"https:\\\/\\\/regiaonews.net.br\\\/2022\\\/author\\\/roberto\\\/\"}]}<\/script>\n<!-- \/ Yoast SEO plugin. -->","yoast_head_json":{"title":"Jovem de Divin\u00f3polis \u00e9 campe\u00e3o do Rodeio J\u00fanior","description":"Ap\u00f3s quatro dias de disputas no Rodeio J\u00fanior, foi conhecido na tarde deste domingo (27), na abertura das finais do 30\u00ba Barretos","robots":{"index":"index","follow":"follow","max-snippet":"max-snippet:-1","max-image-preview":"max-image-preview:large","max-video-preview":"max-video-preview:-1"},"canonical":"https:\/\/regiaonews.net.br\/2022\/2023\/08\/27\/jovem-de-divinopolis-e-campeao-do-rodeio-junior\/","og_locale":"pt_BR","og_type":"article","og_title":"Jovem de Divin\u00f3polis \u00e9 campe\u00e3o do Rodeio J\u00fanior","og_description":"Ap\u00f3s quatro dias de disputas no Rodeio J\u00fanior, foi conhecido na tarde deste domingo (27), na abertura das finais do 30\u00ba Barretos","og_url":"https:\/\/regiaonews.net.br\/2022\/2023\/08\/27\/jovem-de-divinopolis-e-campeao-do-rodeio-junior\/","og_site_name":"Regi\u00e3o News","article_published_time":"2023-08-27T19:57:44+00:00","article_modified_time":"2023-08-27T19:58:26+00:00","og_image":[{"width":1600,"height":1068,"url":"https:\/\/regiaonews.net.br\/2022\/wp-content\/uploads\/2023\/08\/169315998164eb922dce37a.jpeg","type":"image\/jpeg"}],"author":"Roberto","twitter_card":"summary_large_image","twitter_misc":{"Escrito por":"Roberto","Est. tempo de leitura":"2 minutos"},"schema":{"@context":"https:\/\/schema.org","@graph":[{"@type":"Article","@id":"https:\/\/regiaonews.net.br\/2022\/2023\/08\/27\/jovem-de-divinopolis-e-campeao-do-rodeio-junior\/#article","isPartOf":{"@id":"https:\/\/regiaonews.net.br\/2022\/2023\/08\/27\/jovem-de-divinopolis-e-campeao-do-rodeio-junior\/"},"author":{"name":"Roberto","@id":"https:\/\/regiaonews.net.br\/2022\/#\/schema\/person\/2d205a608a5aa97ac279d7a5e6d89ad8"},"headline":"Jovem de Divin\u00f3polis \u00e9 campe\u00e3o do Rodeio J\u00fanior","datePublished":"2023-08-27T19:57:44+00:00","dateModified":"2023-08-27T19:58:26+00:00","mainEntityOfPage":{"@id":"https:\/\/regiaonews.net.br\/2022\/2023\/08\/27\/jovem-de-divinopolis-e-campeao-do-rodeio-junior\/"},"wordCount":215,"commentCount":0,"publisher":{"@id":"https:\/\/regiaonews.net.br\/2022\/#organization"},"image":{"@id":"https:\/\/regiaonews.net.br\/2022\/2023\/08\/27\/jovem-de-divinopolis-e-campeao-do-rodeio-junior\/#primaryimage"},"thumbnailUrl":"https:\/\/regiaonews.net.br\/2022\/wp-content\/uploads\/2023\/08\/169315998164eb922dce37a.jpeg","articleSection":["Barretos","Cidades","Festa do Pe\u00e3o"],"inLanguage":"pt-BR","potentialAction":[{"@type":"CommentAction","name":"Comment","target":["https:\/\/regiaonews.net.br\/2022\/2023\/08\/27\/jovem-de-divinopolis-e-campeao-do-rodeio-junior\/#respond"]}]},{"@type":"WebPage","@id":"https:\/\/regiaonews.net.br\/2022\/2023\/08\/27\/jovem-de-divinopolis-e-campeao-do-rodeio-junior\/","url":"https:\/\/regiaonews.net.br\/2022\/2023\/08\/27\/jovem-de-divinopolis-e-campeao-do-rodeio-junior\/","name":"Jovem de Divin\u00f3polis \u00e9 campe\u00e3o do Rodeio J\u00fanior","isPartOf":{"@id":"https:\/\/regiaonews.net.br\/2022\/#website"},"primaryImageOfPage":{"@id":"https:\/\/regiaonews.net.br\/2022\/2023\/08\/27\/jovem-de-divinopolis-e-campeao-do-rodeio-junior\/#primaryimage"},"image":{"@id":"https:\/\/regiaonews.net.br\/2022\/2023\/08\/27\/jovem-de-divinopolis-e-campeao-do-rodeio-junior\/#primaryimage"},"thumbnailUrl":"https:\/\/regiaonews.net.br\/2022\/wp-content\/uploads\/2023\/08\/169315998164eb922dce37a.jpeg","datePublished":"2023-08-27T19:57:44+00:00","dateModified":"2023-08-27T19:58:26+00:00","description":"Ap\u00f3s quatro dias de disputas no Rodeio J\u00fanior, foi conhecido na tarde deste domingo (27), na abertura das finais do 30\u00ba Barretos","breadcrumb":{"@id":"https:\/\/regiaonews.net.br\/2022\/2023\/08\/27\/jovem-de-divinopolis-e-campeao-do-rodeio-junior\/#breadcrumb"},"inLanguage":"pt-BR","potentialAction":[{"@type":"ReadAction","target":["https:\/\/regiaonews.net.br\/2022\/2023\/08\/27\/jovem-de-divinopolis-e-campeao-do-rodeio-junior\/"]}]},{"@type":"ImageObject","inLanguage":"pt-BR","@id":"https:\/\/regiaonews.net.br\/2022\/2023\/08\/27\/jovem-de-divinopolis-e-campeao-do-rodeio-junior\/#primaryimage","url":"https:\/\/regiaonews.net.br\/2022\/wp-content\/uploads\/2023\/08\/169315998164eb922dce37a.jpeg","contentUrl":"https:\/\/regiaonews.net.br\/2022\/wp-content\/uploads\/2023\/08\/169315998164eb922dce37a.jpeg","width":1600,"height":1068},{"@type":"BreadcrumbList","@id":"https:\/\/regiaonews.net.br\/2022\/2023\/08\/27\/jovem-de-divinopolis-e-campeao-do-rodeio-junior\/#breadcrumb","itemListElement":[{"@type":"ListItem","position":1,"name":"In\u00edcio","item":"https:\/\/regiaonews.net.br\/2022\/"},{"@type":"ListItem","position":2,"name":"Jovem de Divin\u00f3polis \u00e9 campe\u00e3o do Rodeio J\u00fanior"}]},{"@type":"WebSite","@id":"https:\/\/regiaonews.net.br\/2022\/#website","url":"https:\/\/regiaonews.net.br\/2022\/","name":"Regi\u00e3o News","description":"Site de Not\u00edcias de Barretos e regi\u00e3o","publisher":{"@id":"https:\/\/regiaonews.net.br\/2022\/#organization"},"potentialAction":[{"@type":"SearchAction","target":{"@type":"EntryPoint","urlTemplate":"https:\/\/regiaonews.net.br\/2022\/?s={search_term_string}"},"query-input":{"@type":"PropertyValueSpecification","valueRequired":true,"valueName":"search_term_string"}}],"inLanguage":"pt-BR"},{"@type":"Organization","@id":"https:\/\/regiaonews.net.br\/2022\/#organization","name":"Regi\u00e3o News","url":"https:\/\/regiaonews.net.br\/2022\/","logo":{"@type":"ImageObject","inLanguage":"pt-BR","@id":"https:\/\/regiaonews.net.br\/2022\/#\/schema\/logo\/image\/","url":"https:\/\/regiaonews.net.br\/2022\/wp-content\/uploads\/2026\/03\/regiao-13-anos-scaled.jpg","contentUrl":"https:\/\/regiaonews.net.br\/2022\/wp-content\/uploads\/2026\/03\/regiao-13-anos-scaled.jpg","width":2560,"height":635,"caption":"Regi\u00e3o News"},"image":{"@id":"https:\/\/regiaonews.net.br\/2022\/#\/schema\/logo\/image\/"}},{"@type":"Person","@id":"https:\/\/regiaonews.net.br\/2022\/#\/schema\/person\/2d205a608a5aa97ac279d7a5e6d89ad8","name":"Roberto","image":{"@type":"ImageObject","inLanguage":"pt-BR","@id":"https:\/\/secure.gravatar.com\/avatar\/42749d8b712ff9d59ca93dc150494e5b55a44134482993f5baeb97e61b7ecc89?s=96&d=mm&r=g","url":"https:\/\/secure.gravatar.com\/avatar\/42749d8b712ff9d59ca93dc150494e5b55a44134482993f5baeb97e61b7ecc89?s=96&d=mm&r=g","contentUrl":"https:\/\/secure.gravatar.com\/avatar\/42749d8b712ff9d59ca93dc150494e5b55a44134482993f5baeb97e61b7ecc89?s=96&d=mm&r=g","caption":"Roberto"},"url":"https:\/\/regiaonews.net.br\/2022\/author\/roberto\/"}]}},"publishpress_future_action":{"enabled":false,"date":"2026-05-10 13:13:39","action":"change-status","newStatus":"draft","terms":[],"taxonomy":"category","extraData":[]},"publishpress_future_workflow_manual_trigger":{"enabledWorkflows":[]},"_links":{"self":[{"href":"https:\/\/regiaonews.net.br\/2022\/wp-json\/wp\/v2\/posts\/94213","targetHints":{"allow":["GET"]}}],"collection":[{"href":"https:\/\/regiaonews.net.br\/2022\/wp-json\/wp\/v2\/posts"}],"about":[{"href":"https:\/\/regiaonews.net.br\/2022\/wp-json\/wp\/v2\/types\/post"}],"author":[{"embeddable":true,"href":"https:\/\/regiaonews.net.br\/2022\/wp-json\/wp\/v2\/users\/2"}],"replies":[{"embeddable":true,"href":"https:\/\/regiaonews.net.br\/2022\/wp-json\/wp\/v2\/comments?post=94213"}],"version-history":[{"count":2,"href":"https:\/\/regiaonews.net.br\/2022\/wp-json\/wp\/v2\/posts\/94213\/revisions"}],"predecessor-version":[{"id":94216,"href":"https:\/\/regiaonews.net.br\/2022\/wp-json\/wp\/v2\/posts\/94213\/revisions\/94216"}],"wp:featuredmedia":[{"embeddable":true,"href":"https:\/\/regiaonews.net.br\/2022\/wp-json\/wp\/v2\/media\/94214"}],"wp:attachment":[{"href":"https:\/\/regiaonews.net.br\/2022\/wp-json\/wp\/v2\/media?parent=94213"}],"wp:term":[{"taxonomy":"category","embeddable":true,"href":"https:\/\/regiaonews.net.br\/2022\/wp-json\/wp\/v2\/categories?post=94213"},{"taxonomy":"post_tag","embeddable":true,"href":"https:\/\/regiaonews.net.br\/2022\/wp-json\/wp\/v2\/tags?post=94213"}],"curies":[{"name":"wp","href":"https:\/\/api.w.org\/{rel}","templated":true}]}}