{"id":94207,"date":"2023-08-27T10:54:26","date_gmt":"2023-08-27T13:54:26","guid":{"rendered":"https:\/\/regiaonews.net.br\/2022\/?p=94207"},"modified":"2023-08-27T10:54:26","modified_gmt":"2023-08-27T13:54:26","slug":"festa-do-peao-de-barretos-confirma-show-country-americano-cody-johnson","status":"publish","type":"post","link":"https:\/\/regiaonews.net.br\/2022\/2023\/08\/27\/festa-do-peao-de-barretos-confirma-show-country-americano-cody-johnson\/","title":{"rendered":"Festa do Pe\u00e3o de Barretos\u00a0 confirma show  country americano Cody Johnson"},"content":{"rendered":"<section id=\"noticia\" class=\"section anchor-holder\">\n<div class=\"container\">\n<div class=\"row\">\n<div class=\"col-lg-8 col-12 mb-3 mb-lg-0\">\n<p class=\"title text-lg-start\">\u00cddolo country americano Cody Johnson confirmado na Festa do Pe\u00e3o de Barretos 2024 (Cojo Music )<\/p>\n<p class=\"subtitle\" style=\"text-align: center;\">Evento que acontecer\u00e1 de 15 a 25 de agosto tamb\u00e9m j\u00e1 confirmou show de Jorge &amp; Mateus na 69\u00aa edi\u00e7\u00e3o<\/p>\n<div class=\"imagem\">\n<p>&nbsp;<\/p>\n<\/div>\n<div class=\"texto\">A Festa do Pe\u00e3o de Barretos anunciou, na madrugada deste s\u00e1bado (26), a atra\u00e7\u00e3o internacional que integra a programa\u00e7\u00e3o de 2024. O cantor country norte-americano Cody Johnson estar\u00e1 pela primeira vez no Brasil em show \u00fanico no evento em 24 de agosto de 2024.<\/p>\n<p>\u00cddolo da country music, Cody Johnson iniciou sua carreira como artista independente e conquistou os f\u00e3s por todo o mundo. \u00c9 respons\u00e1vel por cl\u00e1ssicos como \u201cWith You I Am\u201d, \u201cWild as You\u201d e \u201cDear Rodeo\u201d. J\u00e1 lan\u00e7ou oito \u00e1lbuns sendo o de 2019, \u201cAin&#8217;t Nothin\u2019 to It\u201d, um dos de maior sucesso. Vencedor do Grammy de Melhor M\u00fasica Country em 2023, tem sua jornada retratada no document\u00e1rio Cody Johnson \u2013 Dear Rodeo, dispon\u00edvel no streaming Prime Video.<\/p>\n<p>Antes, tamb\u00e9m passaram pelo palco da Festa do Pe\u00e3o os cantores Garth Brooks, em duas apresenta\u00e7\u00f5es, Alan Jackson, Shania Twain, Shakira e Mariah Carey.<\/p>\n<p>Mais atra\u00e7\u00f5es confirmadas<\/p>\n<p>A dupla Jorge &amp; Mateus, que se apresentou no s\u00e1bado para um Est\u00e1dio de Rodeios lotado, com ingressos esgotados antecipadamente, foi confirmada na programa\u00e7\u00e3o de 2024. Os \u00eddolos do sertanejo far\u00e3o show no dia 17 de agosto.<\/p>\n<p>No final de semana anterior, a organiza\u00e7\u00e3o anunciou C\u00e9sar Menotti e Fabiano como embaixadores do evento, tamb\u00e9m confirmando show especial da dupla em 2024, em data a ser definida.<\/p>\n<p>Mais informa\u00e7\u00f5es: @festadopeaodebarretos_oficial e independentes.com.br<\/p><\/div>\n<div class=\"row\">\n<div class=\"col-md-3 col-6 mb-4\">\n<div class=\"imageholder item\"><\/div>\n<\/div>\n<div class=\"col-md-3 col-6 mb-4\">\n<div class=\"imageholder item\"><a class=\"noticia-image-link\" href=\"https:\/\/www.independentes.com.br\/noticias-foto\/2023\/169312138564eafb6907e7a.28\" data-lightbox=\"noticia-set\" data-title=\"Cody Johnson (Cojo Music )\"><img decoding=\"async\" src=\"https:\/\/www.independentes.com.br\/noticias-foto\/2023\/169312138564eafb6907e7a.28\" alt=\"Cody Johnson (Cojo Music )\" \/><\/a><\/div>\n<\/div>\n<div class=\"col-md-3 col-6 mb-4\">\n<div class=\"imageholder item\"><a class=\"noticia-image-link\" href=\"https:\/\/www.independentes.com.br\/noticias-foto\/2023\/169312138364eafb675a9f9.28\" data-lightbox=\"noticia-set\" data-title=\"Cody Johnson (Cojo Music )\"><img decoding=\"async\" src=\"https:\/\/www.independentes.com.br\/noticias-foto\/2023\/169312138364eafb675a9f9.28\" alt=\"Cody Johnson (Cojo Music )\" \/><\/a><\/div>\n<\/div>\n<div class=\"col-md-3 col-6 mb-4\">\n<div class=\"imageholder item\"><a class=\"noticia-image-link\" href=\"https:\/\/www.independentes.com.br\/noticias-foto\/2023\/169312138164eafb65d479c.28\" data-lightbox=\"noticia-set\" data-title=\"Cody Johnson (Cojo Music )\"><img decoding=\"async\" src=\"https:\/\/www.independentes.com.br\/noticias-foto\/2023\/169312138164eafb65d479c.28\" alt=\"Cody Johnson (Cojo Music )\" \/><\/a><\/div>\n<\/div>\n<\/div>\n<\/div>\n<\/div>\n<\/div>\n<\/section>\n<div id=\"cookie-law-info-bar\"><\/div>\n","protected":false},"excerpt":{"rendered":"<p>\u00cddolo country americano Cody Johnson confirmado na Festa do Pe\u00e3o<\/p>\n","protected":false},"author":2,"featured_media":94208,"comment_status":"open","ping_status":"open","sticky":false,"template":"","format":"standard","meta":{"footnotes":""},"categories":[14,25,45],"tags":[],"class_list":["post-94207","post","type-post","status-publish","format-standard","has-post-thumbnail","hentry","category-barretos","category-cidades","category-festa-do-peao"],"yoast_head":"<!-- This site is optimized with the Yoast SEO plugin v27.5 - https:\/\/yoast.com\/product\/yoast-seo-wordpress\/ -->\n<title>Festa do Pe\u00e3o de Barretos\u00a0 confirma show country americano Cod<\/title>\n<meta name=\"description\" content=\"Festa do Pe\u00e3o de Barretos anunciou, na madrugada deste s\u00e1bado (26), a atra\u00e7\u00e3o internacional que integra a programa\u00e7\u00e3o de 2024\" \/>\n<meta name=\"robots\" content=\"index, follow, max-snippet:-1, max-image-preview:large, max-video-preview:-1\" \/>\n<link rel=\"canonical\" href=\"https:\/\/regiaonews.net.br\/2022\/2023\/08\/27\/festa-do-peao-de-barretos-confirma-show-country-americano-cody-johnson\/\" \/>\n<meta property=\"og:locale\" content=\"pt_BR\" \/>\n<meta property=\"og:type\" content=\"article\" \/>\n<meta property=\"og:title\" content=\"Festa do Pe\u00e3o de Barretos\u00a0 confirma show country americano Cod\" \/>\n<meta property=\"og:description\" content=\"Festa do Pe\u00e3o de Barretos anunciou, na madrugada deste s\u00e1bado (26), a atra\u00e7\u00e3o internacional que integra a programa\u00e7\u00e3o de 2024\" \/>\n<meta property=\"og:url\" content=\"https:\/\/regiaonews.net.br\/2022\/2023\/08\/27\/festa-do-peao-de-barretos-confirma-show-country-americano-cody-johnson\/\" \/>\n<meta property=\"og:site_name\" content=\"Regi\u00e3o News\" \/>\n<meta property=\"article:published_time\" content=\"2023-08-27T13:54:26+00:00\" \/>\n<meta property=\"og:image\" content=\"https:\/\/regiaonews.net.br\/2022\/wp-content\/uploads\/2023\/08\/169312138364eafb675a9f9.28.jpg\" \/>\n\t<meta property=\"og:image:width\" content=\"800\" \/>\n\t<meta property=\"og:image:height\" content=\"800\" \/>\n\t<meta property=\"og:image:type\" content=\"image\/jpeg\" \/>\n<meta name=\"author\" content=\"Roberto\" \/>\n<meta name=\"twitter:card\" content=\"summary_large_image\" \/>\n<meta name=\"twitter:label1\" content=\"Escrito por\" \/>\n\t<meta name=\"twitter:data1\" content=\"Roberto\" \/>\n\t<meta name=\"twitter:label2\" content=\"Est. tempo de leitura\" \/>\n\t<meta name=\"twitter:data2\" content=\"2 minutos\" \/>\n<script type=\"application\/ld+json\" class=\"yoast-schema-graph\">{\"@context\":\"https:\\\/\\\/schema.org\",\"@graph\":[{\"@type\":\"Article\",\"@id\":\"https:\\\/\\\/regiaonews.net.br\\\/2022\\\/2023\\\/08\\\/27\\\/festa-do-peao-de-barretos-confirma-show-country-americano-cody-johnson\\\/#article\",\"isPartOf\":{\"@id\":\"https:\\\/\\\/regiaonews.net.br\\\/2022\\\/2023\\\/08\\\/27\\\/festa-do-peao-de-barretos-confirma-show-country-americano-cody-johnson\\\/\"},\"author\":{\"name\":\"Roberto\",\"@id\":\"https:\\\/\\\/regiaonews.net.br\\\/2022\\\/#\\\/schema\\\/person\\\/2d205a608a5aa97ac279d7a5e6d89ad8\"},\"headline\":\"Festa do Pe\u00e3o de Barretos\u00a0 confirma show country americano Cody Johnson\",\"datePublished\":\"2023-08-27T13:54:26+00:00\",\"mainEntityOfPage\":{\"@id\":\"https:\\\/\\\/regiaonews.net.br\\\/2022\\\/2023\\\/08\\\/27\\\/festa-do-peao-de-barretos-confirma-show-country-americano-cody-johnson\\\/\"},\"wordCount\":282,\"commentCount\":0,\"publisher\":{\"@id\":\"https:\\\/\\\/regiaonews.net.br\\\/2022\\\/#organization\"},\"image\":{\"@id\":\"https:\\\/\\\/regiaonews.net.br\\\/2022\\\/2023\\\/08\\\/27\\\/festa-do-peao-de-barretos-confirma-show-country-americano-cody-johnson\\\/#primaryimage\"},\"thumbnailUrl\":\"https:\\\/\\\/regiaonews.net.br\\\/2022\\\/wp-content\\\/uploads\\\/2023\\\/08\\\/169312138364eafb675a9f9.28.jpg\",\"articleSection\":[\"Barretos\",\"Cidades\",\"Festa do Pe\u00e3o\"],\"inLanguage\":\"pt-BR\",\"potentialAction\":[{\"@type\":\"CommentAction\",\"name\":\"Comment\",\"target\":[\"https:\\\/\\\/regiaonews.net.br\\\/2022\\\/2023\\\/08\\\/27\\\/festa-do-peao-de-barretos-confirma-show-country-americano-cody-johnson\\\/#respond\"]}]},{\"@type\":\"WebPage\",\"@id\":\"https:\\\/\\\/regiaonews.net.br\\\/2022\\\/2023\\\/08\\\/27\\\/festa-do-peao-de-barretos-confirma-show-country-americano-cody-johnson\\\/\",\"url\":\"https:\\\/\\\/regiaonews.net.br\\\/2022\\\/2023\\\/08\\\/27\\\/festa-do-peao-de-barretos-confirma-show-country-americano-cody-johnson\\\/\",\"name\":\"Festa do Pe\u00e3o de Barretos\u00a0 confirma show country americano Cod\",\"isPartOf\":{\"@id\":\"https:\\\/\\\/regiaonews.net.br\\\/2022\\\/#website\"},\"primaryImageOfPage\":{\"@id\":\"https:\\\/\\\/regiaonews.net.br\\\/2022\\\/2023\\\/08\\\/27\\\/festa-do-peao-de-barretos-confirma-show-country-americano-cody-johnson\\\/#primaryimage\"},\"image\":{\"@id\":\"https:\\\/\\\/regiaonews.net.br\\\/2022\\\/2023\\\/08\\\/27\\\/festa-do-peao-de-barretos-confirma-show-country-americano-cody-johnson\\\/#primaryimage\"},\"thumbnailUrl\":\"https:\\\/\\\/regiaonews.net.br\\\/2022\\\/wp-content\\\/uploads\\\/2023\\\/08\\\/169312138364eafb675a9f9.28.jpg\",\"datePublished\":\"2023-08-27T13:54:26+00:00\",\"description\":\"Festa do Pe\u00e3o de Barretos anunciou, na madrugada deste s\u00e1bado (26), a atra\u00e7\u00e3o internacional que integra a programa\u00e7\u00e3o de 2024\",\"breadcrumb\":{\"@id\":\"https:\\\/\\\/regiaonews.net.br\\\/2022\\\/2023\\\/08\\\/27\\\/festa-do-peao-de-barretos-confirma-show-country-americano-cody-johnson\\\/#breadcrumb\"},\"inLanguage\":\"pt-BR\",\"potentialAction\":[{\"@type\":\"ReadAction\",\"target\":[\"https:\\\/\\\/regiaonews.net.br\\\/2022\\\/2023\\\/08\\\/27\\\/festa-do-peao-de-barretos-confirma-show-country-americano-cody-johnson\\\/\"]}]},{\"@type\":\"ImageObject\",\"inLanguage\":\"pt-BR\",\"@id\":\"https:\\\/\\\/regiaonews.net.br\\\/2022\\\/2023\\\/08\\\/27\\\/festa-do-peao-de-barretos-confirma-show-country-americano-cody-johnson\\\/#primaryimage\",\"url\":\"https:\\\/\\\/regiaonews.net.br\\\/2022\\\/wp-content\\\/uploads\\\/2023\\\/08\\\/169312138364eafb675a9f9.28.jpg\",\"contentUrl\":\"https:\\\/\\\/regiaonews.net.br\\\/2022\\\/wp-content\\\/uploads\\\/2023\\\/08\\\/169312138364eafb675a9f9.28.jpg\",\"width\":800,\"height\":800},{\"@type\":\"BreadcrumbList\",\"@id\":\"https:\\\/\\\/regiaonews.net.br\\\/2022\\\/2023\\\/08\\\/27\\\/festa-do-peao-de-barretos-confirma-show-country-americano-cody-johnson\\\/#breadcrumb\",\"itemListElement\":[{\"@type\":\"ListItem\",\"position\":1,\"name\":\"In\u00edcio\",\"item\":\"https:\\\/\\\/regiaonews.net.br\\\/2022\\\/\"},{\"@type\":\"ListItem\",\"position\":2,\"name\":\"Festa do Pe\u00e3o de Barretos\u00a0 confirma show country americano Cody Johnson\"}]},{\"@type\":\"WebSite\",\"@id\":\"https:\\\/\\\/regiaonews.net.br\\\/2022\\\/#website\",\"url\":\"https:\\\/\\\/regiaonews.net.br\\\/2022\\\/\",\"name\":\"Regi\u00e3o News\",\"description\":\"Site de Not\u00edcias de Barretos e regi\u00e3o\",\"publisher\":{\"@id\":\"https:\\\/\\\/regiaonews.net.br\\\/2022\\\/#organization\"},\"potentialAction\":[{\"@type\":\"SearchAction\",\"target\":{\"@type\":\"EntryPoint\",\"urlTemplate\":\"https:\\\/\\\/regiaonews.net.br\\\/2022\\\/?s={search_term_string}\"},\"query-input\":{\"@type\":\"PropertyValueSpecification\",\"valueRequired\":true,\"valueName\":\"search_term_string\"}}],\"inLanguage\":\"pt-BR\"},{\"@type\":\"Organization\",\"@id\":\"https:\\\/\\\/regiaonews.net.br\\\/2022\\\/#organization\",\"name\":\"Regi\u00e3o News\",\"url\":\"https:\\\/\\\/regiaonews.net.br\\\/2022\\\/\",\"logo\":{\"@type\":\"ImageObject\",\"inLanguage\":\"pt-BR\",\"@id\":\"https:\\\/\\\/regiaonews.net.br\\\/2022\\\/#\\\/schema\\\/logo\\\/image\\\/\",\"url\":\"https:\\\/\\\/regiaonews.net.br\\\/2022\\\/wp-content\\\/uploads\\\/2026\\\/03\\\/regiao-13-anos-scaled.jpg\",\"contentUrl\":\"https:\\\/\\\/regiaonews.net.br\\\/2022\\\/wp-content\\\/uploads\\\/2026\\\/03\\\/regiao-13-anos-scaled.jpg\",\"width\":2560,\"height\":635,\"caption\":\"Regi\u00e3o News\"},\"image\":{\"@id\":\"https:\\\/\\\/regiaonews.net.br\\\/2022\\\/#\\\/schema\\\/logo\\\/image\\\/\"}},{\"@type\":\"Person\",\"@id\":\"https:\\\/\\\/regiaonews.net.br\\\/2022\\\/#\\\/schema\\\/person\\\/2d205a608a5aa97ac279d7a5e6d89ad8\",\"name\":\"Roberto\",\"image\":{\"@type\":\"ImageObject\",\"inLanguage\":\"pt-BR\",\"@id\":\"https:\\\/\\\/secure.gravatar.com\\\/avatar\\\/42749d8b712ff9d59ca93dc150494e5b55a44134482993f5baeb97e61b7ecc89?s=96&d=mm&r=g\",\"url\":\"https:\\\/\\\/secure.gravatar.com\\\/avatar\\\/42749d8b712ff9d59ca93dc150494e5b55a44134482993f5baeb97e61b7ecc89?s=96&d=mm&r=g\",\"contentUrl\":\"https:\\\/\\\/secure.gravatar.com\\\/avatar\\\/42749d8b712ff9d59ca93dc150494e5b55a44134482993f5baeb97e61b7ecc89?s=96&d=mm&r=g\",\"caption\":\"Roberto\"},\"url\":\"https:\\\/\\\/regiaonews.net.br\\\/2022\\\/author\\\/roberto\\\/\"}]}<\/script>\n<!-- \/ Yoast SEO plugin. -->","yoast_head_json":{"title":"Festa do Pe\u00e3o de Barretos\u00a0 confirma show country americano Cod","description":"Festa do Pe\u00e3o de Barretos anunciou, na madrugada deste s\u00e1bado (26), a atra\u00e7\u00e3o internacional que integra a programa\u00e7\u00e3o de 2024","robots":{"index":"index","follow":"follow","max-snippet":"max-snippet:-1","max-image-preview":"max-image-preview:large","max-video-preview":"max-video-preview:-1"},"canonical":"https:\/\/regiaonews.net.br\/2022\/2023\/08\/27\/festa-do-peao-de-barretos-confirma-show-country-americano-cody-johnson\/","og_locale":"pt_BR","og_type":"article","og_title":"Festa do Pe\u00e3o de Barretos\u00a0 confirma show country americano Cod","og_description":"Festa do Pe\u00e3o de Barretos anunciou, na madrugada deste s\u00e1bado (26), a atra\u00e7\u00e3o internacional que integra a programa\u00e7\u00e3o de 2024","og_url":"https:\/\/regiaonews.net.br\/2022\/2023\/08\/27\/festa-do-peao-de-barretos-confirma-show-country-americano-cody-johnson\/","og_site_name":"Regi\u00e3o News","article_published_time":"2023-08-27T13:54:26+00:00","og_image":[{"width":800,"height":800,"url":"https:\/\/regiaonews.net.br\/2022\/wp-content\/uploads\/2023\/08\/169312138364eafb675a9f9.28.jpg","type":"image\/jpeg"}],"author":"Roberto","twitter_card":"summary_large_image","twitter_misc":{"Escrito por":"Roberto","Est. tempo de leitura":"2 minutos"},"schema":{"@context":"https:\/\/schema.org","@graph":[{"@type":"Article","@id":"https:\/\/regiaonews.net.br\/2022\/2023\/08\/27\/festa-do-peao-de-barretos-confirma-show-country-americano-cody-johnson\/#article","isPartOf":{"@id":"https:\/\/regiaonews.net.br\/2022\/2023\/08\/27\/festa-do-peao-de-barretos-confirma-show-country-americano-cody-johnson\/"},"author":{"name":"Roberto","@id":"https:\/\/regiaonews.net.br\/2022\/#\/schema\/person\/2d205a608a5aa97ac279d7a5e6d89ad8"},"headline":"Festa do Pe\u00e3o de Barretos\u00a0 confirma show country americano Cody Johnson","datePublished":"2023-08-27T13:54:26+00:00","mainEntityOfPage":{"@id":"https:\/\/regiaonews.net.br\/2022\/2023\/08\/27\/festa-do-peao-de-barretos-confirma-show-country-americano-cody-johnson\/"},"wordCount":282,"commentCount":0,"publisher":{"@id":"https:\/\/regiaonews.net.br\/2022\/#organization"},"image":{"@id":"https:\/\/regiaonews.net.br\/2022\/2023\/08\/27\/festa-do-peao-de-barretos-confirma-show-country-americano-cody-johnson\/#primaryimage"},"thumbnailUrl":"https:\/\/regiaonews.net.br\/2022\/wp-content\/uploads\/2023\/08\/169312138364eafb675a9f9.28.jpg","articleSection":["Barretos","Cidades","Festa do Pe\u00e3o"],"inLanguage":"pt-BR","potentialAction":[{"@type":"CommentAction","name":"Comment","target":["https:\/\/regiaonews.net.br\/2022\/2023\/08\/27\/festa-do-peao-de-barretos-confirma-show-country-americano-cody-johnson\/#respond"]}]},{"@type":"WebPage","@id":"https:\/\/regiaonews.net.br\/2022\/2023\/08\/27\/festa-do-peao-de-barretos-confirma-show-country-americano-cody-johnson\/","url":"https:\/\/regiaonews.net.br\/2022\/2023\/08\/27\/festa-do-peao-de-barretos-confirma-show-country-americano-cody-johnson\/","name":"Festa do Pe\u00e3o de Barretos\u00a0 confirma show country americano Cod","isPartOf":{"@id":"https:\/\/regiaonews.net.br\/2022\/#website"},"primaryImageOfPage":{"@id":"https:\/\/regiaonews.net.br\/2022\/2023\/08\/27\/festa-do-peao-de-barretos-confirma-show-country-americano-cody-johnson\/#primaryimage"},"image":{"@id":"https:\/\/regiaonews.net.br\/2022\/2023\/08\/27\/festa-do-peao-de-barretos-confirma-show-country-americano-cody-johnson\/#primaryimage"},"thumbnailUrl":"https:\/\/regiaonews.net.br\/2022\/wp-content\/uploads\/2023\/08\/169312138364eafb675a9f9.28.jpg","datePublished":"2023-08-27T13:54:26+00:00","description":"Festa do Pe\u00e3o de Barretos anunciou, na madrugada deste s\u00e1bado (26), a atra\u00e7\u00e3o internacional que integra a programa\u00e7\u00e3o de 2024","breadcrumb":{"@id":"https:\/\/regiaonews.net.br\/2022\/2023\/08\/27\/festa-do-peao-de-barretos-confirma-show-country-americano-cody-johnson\/#breadcrumb"},"inLanguage":"pt-BR","potentialAction":[{"@type":"ReadAction","target":["https:\/\/regiaonews.net.br\/2022\/2023\/08\/27\/festa-do-peao-de-barretos-confirma-show-country-americano-cody-johnson\/"]}]},{"@type":"ImageObject","inLanguage":"pt-BR","@id":"https:\/\/regiaonews.net.br\/2022\/2023\/08\/27\/festa-do-peao-de-barretos-confirma-show-country-americano-cody-johnson\/#primaryimage","url":"https:\/\/regiaonews.net.br\/2022\/wp-content\/uploads\/2023\/08\/169312138364eafb675a9f9.28.jpg","contentUrl":"https:\/\/regiaonews.net.br\/2022\/wp-content\/uploads\/2023\/08\/169312138364eafb675a9f9.28.jpg","width":800,"height":800},{"@type":"BreadcrumbList","@id":"https:\/\/regiaonews.net.br\/2022\/2023\/08\/27\/festa-do-peao-de-barretos-confirma-show-country-americano-cody-johnson\/#breadcrumb","itemListElement":[{"@type":"ListItem","position":1,"name":"In\u00edcio","item":"https:\/\/regiaonews.net.br\/2022\/"},{"@type":"ListItem","position":2,"name":"Festa do Pe\u00e3o de Barretos\u00a0 confirma show country americano Cody Johnson"}]},{"@type":"WebSite","@id":"https:\/\/regiaonews.net.br\/2022\/#website","url":"https:\/\/regiaonews.net.br\/2022\/","name":"Regi\u00e3o News","description":"Site de Not\u00edcias de Barretos e regi\u00e3o","publisher":{"@id":"https:\/\/regiaonews.net.br\/2022\/#organization"},"potentialAction":[{"@type":"SearchAction","target":{"@type":"EntryPoint","urlTemplate":"https:\/\/regiaonews.net.br\/2022\/?s={search_term_string}"},"query-input":{"@type":"PropertyValueSpecification","valueRequired":true,"valueName":"search_term_string"}}],"inLanguage":"pt-BR"},{"@type":"Organization","@id":"https:\/\/regiaonews.net.br\/2022\/#organization","name":"Regi\u00e3o News","url":"https:\/\/regiaonews.net.br\/2022\/","logo":{"@type":"ImageObject","inLanguage":"pt-BR","@id":"https:\/\/regiaonews.net.br\/2022\/#\/schema\/logo\/image\/","url":"https:\/\/regiaonews.net.br\/2022\/wp-content\/uploads\/2026\/03\/regiao-13-anos-scaled.jpg","contentUrl":"https:\/\/regiaonews.net.br\/2022\/wp-content\/uploads\/2026\/03\/regiao-13-anos-scaled.jpg","width":2560,"height":635,"caption":"Regi\u00e3o News"},"image":{"@id":"https:\/\/regiaonews.net.br\/2022\/#\/schema\/logo\/image\/"}},{"@type":"Person","@id":"https:\/\/regiaonews.net.br\/2022\/#\/schema\/person\/2d205a608a5aa97ac279d7a5e6d89ad8","name":"Roberto","image":{"@type":"ImageObject","inLanguage":"pt-BR","@id":"https:\/\/secure.gravatar.com\/avatar\/42749d8b712ff9d59ca93dc150494e5b55a44134482993f5baeb97e61b7ecc89?s=96&d=mm&r=g","url":"https:\/\/secure.gravatar.com\/avatar\/42749d8b712ff9d59ca93dc150494e5b55a44134482993f5baeb97e61b7ecc89?s=96&d=mm&r=g","contentUrl":"https:\/\/secure.gravatar.com\/avatar\/42749d8b712ff9d59ca93dc150494e5b55a44134482993f5baeb97e61b7ecc89?s=96&d=mm&r=g","caption":"Roberto"},"url":"https:\/\/regiaonews.net.br\/2022\/author\/roberto\/"}]}},"publishpress_future_action":{"enabled":false,"date":"2026-05-10 10:55:44","action":"change-status","newStatus":"draft","terms":[],"taxonomy":"category","extraData":[]},"publishpress_future_workflow_manual_trigger":{"enabledWorkflows":[]},"_links":{"self":[{"href":"https:\/\/regiaonews.net.br\/2022\/wp-json\/wp\/v2\/posts\/94207","targetHints":{"allow":["GET"]}}],"collection":[{"href":"https:\/\/regiaonews.net.br\/2022\/wp-json\/wp\/v2\/posts"}],"about":[{"href":"https:\/\/regiaonews.net.br\/2022\/wp-json\/wp\/v2\/types\/post"}],"author":[{"embeddable":true,"href":"https:\/\/regiaonews.net.br\/2022\/wp-json\/wp\/v2\/users\/2"}],"replies":[{"embeddable":true,"href":"https:\/\/regiaonews.net.br\/2022\/wp-json\/wp\/v2\/comments?post=94207"}],"version-history":[{"count":1,"href":"https:\/\/regiaonews.net.br\/2022\/wp-json\/wp\/v2\/posts\/94207\/revisions"}],"predecessor-version":[{"id":94209,"href":"https:\/\/regiaonews.net.br\/2022\/wp-json\/wp\/v2\/posts\/94207\/revisions\/94209"}],"wp:featuredmedia":[{"embeddable":true,"href":"https:\/\/regiaonews.net.br\/2022\/wp-json\/wp\/v2\/media\/94208"}],"wp:attachment":[{"href":"https:\/\/regiaonews.net.br\/2022\/wp-json\/wp\/v2\/media?parent=94207"}],"wp:term":[{"taxonomy":"category","embeddable":true,"href":"https:\/\/regiaonews.net.br\/2022\/wp-json\/wp\/v2\/categories?post=94207"},{"taxonomy":"post_tag","embeddable":true,"href":"https:\/\/regiaonews.net.br\/2022\/wp-json\/wp\/v2\/tags?post=94207"}],"curies":[{"name":"wp","href":"https:\/\/api.w.org\/{rel}","templated":true}]}}