{"id":94194,"date":"2023-08-27T02:09:20","date_gmt":"2023-08-27T05:09:20","guid":{"rendered":"https:\/\/regiaonews.net.br\/2022\/?p=94194"},"modified":"2023-08-27T02:09:20","modified_gmt":"2023-08-27T05:09:20","slug":"shows-de-chitaozinho-e-xororo-jorge-matheus-e-claiton-romario-encerram-programacao-de-shows-do-barretao-2023","status":"publish","type":"post","link":"https:\/\/regiaonews.net.br\/2022\/2023\/08\/27\/shows-de-chitaozinho-e-xororo-jorge-matheus-e-claiton-romario-encerram-programacao-de-shows-do-barretao-2023\/","title":{"rendered":"Shows de Chit\u00e3ozinho e Xoror\u00f3, Jorge &#038; Matheus e Claiton &#038; Rom\u00e1rio encerram programa\u00e7\u00e3o de shows do Barret\u00e3o 2023"},"content":{"rendered":"<p>Foto &#8211; Vista da arena lotada nos shows deste s\u00e1bado\u00a0 (Foto e v\u00eddeo &#8211; Eurico Orlando)<\/p>\n<p>&nbsp;<\/p>\n<p>A programa\u00e7\u00e3o musical da d\u00e9cima noite da Festa do Pe\u00e3o de Barretos promete agita\u00e7\u00e3o por toda noite de s\u00e1bado e continuar at\u00e9 o sol nascer do domingo. No palco do Est\u00e1dio, Chit\u00e3ozinho &amp; Xoror\u00f3, dupla \u00edcone no g\u00eanero sertanejo, comemora 50 anos de carreira e celebra sua turn\u00ea \u201cPor Todos os Tempos\u201d em Barretos.<\/p>\n<p>Com uma carreira marcada por grandes sucessos e precursora da ascens\u00e3o do sertanejo universit\u00e1rio, Jorge e Mateus tamb\u00e9m promete um grande show na festa. Os artistas celebram 18 anos de carreira, e carrega legi\u00e3o de f\u00e3s por todo pa\u00eds e no exterior.<\/p>\n<p>O s\u00e1bado tamb\u00e9m ter\u00e1 uma apresenta\u00e7\u00e3o especial no palco principal da festa. Simone Mendes, P\u00e9ricles, Mc Daniel e Marina Sena far\u00e3o o lan\u00e7amento de um feat in\u00e9dito, de diferentes g\u00eaneros (sertanejo, pagode, funk e pop) dentro da Festa do Pe\u00e3o. Cada artista tamb\u00e9m cantar\u00e1 seus grandes hits no palco do Est\u00e1dio.<\/p>\n<p>Clayton &amp; Rom\u00e1rio Amanhecer<br \/>\nO novo projeto da dupla j\u00e1 diz tudo que o p\u00fablico pode esperar da apresenta\u00e7\u00e3o dos artistas. Com um repert\u00f3rio diversificado, com sucessos da carreira e cl\u00e1ssicos de outros grandes nomes sertanejos, Clayton e Rom\u00e1rio promete cantar at\u00e9 o sol nascer no Barret\u00e3o.<\/p>\n<p>No Palco Amanhecer, instalado na Feira Comercial da festa, o p\u00fablico ter\u00e1 cinco grandes shows: Z\u00e9 Ricardo &amp; Thiago, Bruno Rosa, Jefferson Moraes, Diego &amp; Arnaldo, al\u00e9m da tradicional dupla do sertanejo Rick &amp; Renner, que tamb\u00e9m cantar\u00e1 suas principais can\u00e7\u00f5es at\u00e9 o sol raiar.<\/p>\n<p>&nbsp;<\/p>\n<div style=\"width: 640px;\" class=\"wp-video\"><video class=\"wp-video-shortcode\" id=\"video-94194-1\" width=\"640\" height=\"290\" preload=\"metadata\" controls=\"controls\"><source type=\"video\/mp4\" src=\"https:\/\/regiaonews.net.br\/2022\/wp-content\/uploads\/2023\/08\/WhatsApp-Video-2023-08-27-at-01.07.14.mp4?_=1\" \/><a href=\"https:\/\/regiaonews.net.br\/2022\/wp-content\/uploads\/2023\/08\/WhatsApp-Video-2023-08-27-at-01.07.14.mp4\">https:\/\/regiaonews.net.br\/2022\/wp-content\/uploads\/2023\/08\/WhatsApp-Video-2023-08-27-at-01.07.14.mp4<\/a><\/video><\/div>\n","protected":false},"excerpt":{"rendered":"<p>Foto &#8211; Vista da arena lotada nos shows deste s\u00e1bado\u00a0<\/p>\n","protected":false},"author":2,"featured_media":94195,"comment_status":"open","ping_status":"open","sticky":false,"template":"","format":"standard","meta":{"footnotes":""},"categories":[14,25,45],"tags":[],"class_list":["post-94194","post","type-post","status-publish","format-standard","has-post-thumbnail","hentry","category-barretos","category-cidades","category-festa-do-peao"],"yoast_head":"<!-- This site is optimized with the Yoast SEO plugin v27.5 - https:\/\/yoast.com\/product\/yoast-seo-wordpress\/ -->\n<title>Shows de Chit\u00e3ozinho e Xoror\u00f3, Jorge &amp; Matheus e Claiton &amp; Rom\u00e1rio encerram programa\u00e7\u00e3o de shows do Barret\u00e3o 2023 - Regi\u00e3o News<\/title>\n<meta name=\"robots\" content=\"index, follow, max-snippet:-1, max-image-preview:large, max-video-preview:-1\" \/>\n<link rel=\"canonical\" href=\"https:\/\/regiaonews.net.br\/2022\/2023\/08\/27\/shows-de-chitaozinho-e-xororo-jorge-matheus-e-claiton-romario-encerram-programacao-de-shows-do-barretao-2023\/\" \/>\n<meta property=\"og:locale\" content=\"pt_BR\" \/>\n<meta property=\"og:type\" content=\"article\" \/>\n<meta property=\"og:title\" content=\"Shows de Chit\u00e3ozinho e Xoror\u00f3, Jorge &amp; Matheus e Claiton &amp; Rom\u00e1rio encerram programa\u00e7\u00e3o de shows do Barret\u00e3o 2023 - Regi\u00e3o News\" \/>\n<meta property=\"og:description\" content=\"Foto &#8211; Vista da arena lotada nos shows deste s\u00e1bado\u00a0\" \/>\n<meta property=\"og:url\" content=\"https:\/\/regiaonews.net.br\/2022\/2023\/08\/27\/shows-de-chitaozinho-e-xororo-jorge-matheus-e-claiton-romario-encerram-programacao-de-shows-do-barretao-2023\/\" \/>\n<meta property=\"og:site_name\" content=\"Regi\u00e3o News\" \/>\n<meta property=\"article:published_time\" content=\"2023-08-27T05:09:20+00:00\" \/>\n<meta property=\"og:image\" content=\"https:\/\/regiaonews.net.br\/2022\/wp-content\/uploads\/2023\/08\/WhatsApp-Image-2023-08-27-at-00.10.40.jpeg\" \/>\n\t<meta property=\"og:image:width\" content=\"1599\" \/>\n\t<meta property=\"og:image:height\" content=\"899\" \/>\n\t<meta property=\"og:image:type\" content=\"image\/jpeg\" \/>\n<meta name=\"author\" content=\"Roberto\" \/>\n<meta name=\"twitter:card\" content=\"summary_large_image\" \/>\n<meta name=\"twitter:label1\" content=\"Escrito por\" \/>\n\t<meta name=\"twitter:data1\" content=\"Roberto\" \/>\n\t<meta name=\"twitter:label2\" content=\"Est. tempo de leitura\" \/>\n\t<meta name=\"twitter:data2\" content=\"2 minutos\" \/>\n<script type=\"application\/ld+json\" class=\"yoast-schema-graph\">{\"@context\":\"https:\\\/\\\/schema.org\",\"@graph\":[{\"@type\":\"Article\",\"@id\":\"https:\\\/\\\/regiaonews.net.br\\\/2022\\\/2023\\\/08\\\/27\\\/shows-de-chitaozinho-e-xororo-jorge-matheus-e-claiton-romario-encerram-programacao-de-shows-do-barretao-2023\\\/#article\",\"isPartOf\":{\"@id\":\"https:\\\/\\\/regiaonews.net.br\\\/2022\\\/2023\\\/08\\\/27\\\/shows-de-chitaozinho-e-xororo-jorge-matheus-e-claiton-romario-encerram-programacao-de-shows-do-barretao-2023\\\/\"},\"author\":{\"name\":\"Roberto\",\"@id\":\"https:\\\/\\\/regiaonews.net.br\\\/2022\\\/#\\\/schema\\\/person\\\/2d205a608a5aa97ac279d7a5e6d89ad8\"},\"headline\":\"Shows de Chit\u00e3ozinho e Xoror\u00f3, Jorge &#038; Matheus e Claiton &#038; Rom\u00e1rio encerram programa\u00e7\u00e3o de shows do Barret\u00e3o 2023\",\"datePublished\":\"2023-08-27T05:09:20+00:00\",\"mainEntityOfPage\":{\"@id\":\"https:\\\/\\\/regiaonews.net.br\\\/2022\\\/2023\\\/08\\\/27\\\/shows-de-chitaozinho-e-xororo-jorge-matheus-e-claiton-romario-encerram-programacao-de-shows-do-barretao-2023\\\/\"},\"wordCount\":329,\"commentCount\":0,\"publisher\":{\"@id\":\"https:\\\/\\\/regiaonews.net.br\\\/2022\\\/#organization\"},\"image\":{\"@id\":\"https:\\\/\\\/regiaonews.net.br\\\/2022\\\/2023\\\/08\\\/27\\\/shows-de-chitaozinho-e-xororo-jorge-matheus-e-claiton-romario-encerram-programacao-de-shows-do-barretao-2023\\\/#primaryimage\"},\"thumbnailUrl\":\"https:\\\/\\\/regiaonews.net.br\\\/2022\\\/wp-content\\\/uploads\\\/2023\\\/08\\\/WhatsApp-Image-2023-08-27-at-00.10.40.jpeg\",\"articleSection\":[\"Barretos\",\"Cidades\",\"Festa do Pe\u00e3o\"],\"inLanguage\":\"pt-BR\",\"potentialAction\":[{\"@type\":\"CommentAction\",\"name\":\"Comment\",\"target\":[\"https:\\\/\\\/regiaonews.net.br\\\/2022\\\/2023\\\/08\\\/27\\\/shows-de-chitaozinho-e-xororo-jorge-matheus-e-claiton-romario-encerram-programacao-de-shows-do-barretao-2023\\\/#respond\"]}]},{\"@type\":\"WebPage\",\"@id\":\"https:\\\/\\\/regiaonews.net.br\\\/2022\\\/2023\\\/08\\\/27\\\/shows-de-chitaozinho-e-xororo-jorge-matheus-e-claiton-romario-encerram-programacao-de-shows-do-barretao-2023\\\/\",\"url\":\"https:\\\/\\\/regiaonews.net.br\\\/2022\\\/2023\\\/08\\\/27\\\/shows-de-chitaozinho-e-xororo-jorge-matheus-e-claiton-romario-encerram-programacao-de-shows-do-barretao-2023\\\/\",\"name\":\"Shows de Chit\u00e3ozinho e Xoror\u00f3, Jorge & Matheus e Claiton & Rom\u00e1rio encerram programa\u00e7\u00e3o de shows do Barret\u00e3o 2023 - Regi\u00e3o News\",\"isPartOf\":{\"@id\":\"https:\\\/\\\/regiaonews.net.br\\\/2022\\\/#website\"},\"primaryImageOfPage\":{\"@id\":\"https:\\\/\\\/regiaonews.net.br\\\/2022\\\/2023\\\/08\\\/27\\\/shows-de-chitaozinho-e-xororo-jorge-matheus-e-claiton-romario-encerram-programacao-de-shows-do-barretao-2023\\\/#primaryimage\"},\"image\":{\"@id\":\"https:\\\/\\\/regiaonews.net.br\\\/2022\\\/2023\\\/08\\\/27\\\/shows-de-chitaozinho-e-xororo-jorge-matheus-e-claiton-romario-encerram-programacao-de-shows-do-barretao-2023\\\/#primaryimage\"},\"thumbnailUrl\":\"https:\\\/\\\/regiaonews.net.br\\\/2022\\\/wp-content\\\/uploads\\\/2023\\\/08\\\/WhatsApp-Image-2023-08-27-at-00.10.40.jpeg\",\"datePublished\":\"2023-08-27T05:09:20+00:00\",\"breadcrumb\":{\"@id\":\"https:\\\/\\\/regiaonews.net.br\\\/2022\\\/2023\\\/08\\\/27\\\/shows-de-chitaozinho-e-xororo-jorge-matheus-e-claiton-romario-encerram-programacao-de-shows-do-barretao-2023\\\/#breadcrumb\"},\"inLanguage\":\"pt-BR\",\"potentialAction\":[{\"@type\":\"ReadAction\",\"target\":[\"https:\\\/\\\/regiaonews.net.br\\\/2022\\\/2023\\\/08\\\/27\\\/shows-de-chitaozinho-e-xororo-jorge-matheus-e-claiton-romario-encerram-programacao-de-shows-do-barretao-2023\\\/\"]}]},{\"@type\":\"ImageObject\",\"inLanguage\":\"pt-BR\",\"@id\":\"https:\\\/\\\/regiaonews.net.br\\\/2022\\\/2023\\\/08\\\/27\\\/shows-de-chitaozinho-e-xororo-jorge-matheus-e-claiton-romario-encerram-programacao-de-shows-do-barretao-2023\\\/#primaryimage\",\"url\":\"https:\\\/\\\/regiaonews.net.br\\\/2022\\\/wp-content\\\/uploads\\\/2023\\\/08\\\/WhatsApp-Image-2023-08-27-at-00.10.40.jpeg\",\"contentUrl\":\"https:\\\/\\\/regiaonews.net.br\\\/2022\\\/wp-content\\\/uploads\\\/2023\\\/08\\\/WhatsApp-Image-2023-08-27-at-00.10.40.jpeg\",\"width\":1599,\"height\":899},{\"@type\":\"BreadcrumbList\",\"@id\":\"https:\\\/\\\/regiaonews.net.br\\\/2022\\\/2023\\\/08\\\/27\\\/shows-de-chitaozinho-e-xororo-jorge-matheus-e-claiton-romario-encerram-programacao-de-shows-do-barretao-2023\\\/#breadcrumb\",\"itemListElement\":[{\"@type\":\"ListItem\",\"position\":1,\"name\":\"In\u00edcio\",\"item\":\"https:\\\/\\\/regiaonews.net.br\\\/2022\\\/\"},{\"@type\":\"ListItem\",\"position\":2,\"name\":\"Shows de Chit\u00e3ozinho e Xoror\u00f3, Jorge &#038; Matheus e Claiton &#038; Rom\u00e1rio encerram programa\u00e7\u00e3o de shows do Barret\u00e3o 2023\"}]},{\"@type\":\"WebSite\",\"@id\":\"https:\\\/\\\/regiaonews.net.br\\\/2022\\\/#website\",\"url\":\"https:\\\/\\\/regiaonews.net.br\\\/2022\\\/\",\"name\":\"Regi\u00e3o News\",\"description\":\"Site de Not\u00edcias de Barretos e regi\u00e3o\",\"publisher\":{\"@id\":\"https:\\\/\\\/regiaonews.net.br\\\/2022\\\/#organization\"},\"potentialAction\":[{\"@type\":\"SearchAction\",\"target\":{\"@type\":\"EntryPoint\",\"urlTemplate\":\"https:\\\/\\\/regiaonews.net.br\\\/2022\\\/?s={search_term_string}\"},\"query-input\":{\"@type\":\"PropertyValueSpecification\",\"valueRequired\":true,\"valueName\":\"search_term_string\"}}],\"inLanguage\":\"pt-BR\"},{\"@type\":\"Organization\",\"@id\":\"https:\\\/\\\/regiaonews.net.br\\\/2022\\\/#organization\",\"name\":\"Regi\u00e3o News\",\"url\":\"https:\\\/\\\/regiaonews.net.br\\\/2022\\\/\",\"logo\":{\"@type\":\"ImageObject\",\"inLanguage\":\"pt-BR\",\"@id\":\"https:\\\/\\\/regiaonews.net.br\\\/2022\\\/#\\\/schema\\\/logo\\\/image\\\/\",\"url\":\"https:\\\/\\\/regiaonews.net.br\\\/2022\\\/wp-content\\\/uploads\\\/2026\\\/03\\\/regiao-13-anos-scaled.jpg\",\"contentUrl\":\"https:\\\/\\\/regiaonews.net.br\\\/2022\\\/wp-content\\\/uploads\\\/2026\\\/03\\\/regiao-13-anos-scaled.jpg\",\"width\":2560,\"height\":635,\"caption\":\"Regi\u00e3o News\"},\"image\":{\"@id\":\"https:\\\/\\\/regiaonews.net.br\\\/2022\\\/#\\\/schema\\\/logo\\\/image\\\/\"}},{\"@type\":\"Person\",\"@id\":\"https:\\\/\\\/regiaonews.net.br\\\/2022\\\/#\\\/schema\\\/person\\\/2d205a608a5aa97ac279d7a5e6d89ad8\",\"name\":\"Roberto\",\"image\":{\"@type\":\"ImageObject\",\"inLanguage\":\"pt-BR\",\"@id\":\"https:\\\/\\\/secure.gravatar.com\\\/avatar\\\/42749d8b712ff9d59ca93dc150494e5b55a44134482993f5baeb97e61b7ecc89?s=96&d=mm&r=g\",\"url\":\"https:\\\/\\\/secure.gravatar.com\\\/avatar\\\/42749d8b712ff9d59ca93dc150494e5b55a44134482993f5baeb97e61b7ecc89?s=96&d=mm&r=g\",\"contentUrl\":\"https:\\\/\\\/secure.gravatar.com\\\/avatar\\\/42749d8b712ff9d59ca93dc150494e5b55a44134482993f5baeb97e61b7ecc89?s=96&d=mm&r=g\",\"caption\":\"Roberto\"},\"url\":\"https:\\\/\\\/regiaonews.net.br\\\/2022\\\/author\\\/roberto\\\/\"}]}<\/script>\n<!-- \/ Yoast SEO plugin. -->","yoast_head_json":{"title":"Shows de Chit\u00e3ozinho e Xoror\u00f3, Jorge & Matheus e Claiton & Rom\u00e1rio encerram programa\u00e7\u00e3o de shows do Barret\u00e3o 2023 - Regi\u00e3o News","robots":{"index":"index","follow":"follow","max-snippet":"max-snippet:-1","max-image-preview":"max-image-preview:large","max-video-preview":"max-video-preview:-1"},"canonical":"https:\/\/regiaonews.net.br\/2022\/2023\/08\/27\/shows-de-chitaozinho-e-xororo-jorge-matheus-e-claiton-romario-encerram-programacao-de-shows-do-barretao-2023\/","og_locale":"pt_BR","og_type":"article","og_title":"Shows de Chit\u00e3ozinho e Xoror\u00f3, Jorge & Matheus e Claiton & Rom\u00e1rio encerram programa\u00e7\u00e3o de shows do Barret\u00e3o 2023 - Regi\u00e3o News","og_description":"Foto &#8211; Vista da arena lotada nos shows deste s\u00e1bado\u00a0","og_url":"https:\/\/regiaonews.net.br\/2022\/2023\/08\/27\/shows-de-chitaozinho-e-xororo-jorge-matheus-e-claiton-romario-encerram-programacao-de-shows-do-barretao-2023\/","og_site_name":"Regi\u00e3o News","article_published_time":"2023-08-27T05:09:20+00:00","og_image":[{"width":1599,"height":899,"url":"https:\/\/regiaonews.net.br\/2022\/wp-content\/uploads\/2023\/08\/WhatsApp-Image-2023-08-27-at-00.10.40.jpeg","type":"image\/jpeg"}],"author":"Roberto","twitter_card":"summary_large_image","twitter_misc":{"Escrito por":"Roberto","Est. tempo de leitura":"2 minutos"},"schema":{"@context":"https:\/\/schema.org","@graph":[{"@type":"Article","@id":"https:\/\/regiaonews.net.br\/2022\/2023\/08\/27\/shows-de-chitaozinho-e-xororo-jorge-matheus-e-claiton-romario-encerram-programacao-de-shows-do-barretao-2023\/#article","isPartOf":{"@id":"https:\/\/regiaonews.net.br\/2022\/2023\/08\/27\/shows-de-chitaozinho-e-xororo-jorge-matheus-e-claiton-romario-encerram-programacao-de-shows-do-barretao-2023\/"},"author":{"name":"Roberto","@id":"https:\/\/regiaonews.net.br\/2022\/#\/schema\/person\/2d205a608a5aa97ac279d7a5e6d89ad8"},"headline":"Shows de Chit\u00e3ozinho e Xoror\u00f3, Jorge &#038; Matheus e Claiton &#038; Rom\u00e1rio encerram programa\u00e7\u00e3o de shows do Barret\u00e3o 2023","datePublished":"2023-08-27T05:09:20+00:00","mainEntityOfPage":{"@id":"https:\/\/regiaonews.net.br\/2022\/2023\/08\/27\/shows-de-chitaozinho-e-xororo-jorge-matheus-e-claiton-romario-encerram-programacao-de-shows-do-barretao-2023\/"},"wordCount":329,"commentCount":0,"publisher":{"@id":"https:\/\/regiaonews.net.br\/2022\/#organization"},"image":{"@id":"https:\/\/regiaonews.net.br\/2022\/2023\/08\/27\/shows-de-chitaozinho-e-xororo-jorge-matheus-e-claiton-romario-encerram-programacao-de-shows-do-barretao-2023\/#primaryimage"},"thumbnailUrl":"https:\/\/regiaonews.net.br\/2022\/wp-content\/uploads\/2023\/08\/WhatsApp-Image-2023-08-27-at-00.10.40.jpeg","articleSection":["Barretos","Cidades","Festa do Pe\u00e3o"],"inLanguage":"pt-BR","potentialAction":[{"@type":"CommentAction","name":"Comment","target":["https:\/\/regiaonews.net.br\/2022\/2023\/08\/27\/shows-de-chitaozinho-e-xororo-jorge-matheus-e-claiton-romario-encerram-programacao-de-shows-do-barretao-2023\/#respond"]}]},{"@type":"WebPage","@id":"https:\/\/regiaonews.net.br\/2022\/2023\/08\/27\/shows-de-chitaozinho-e-xororo-jorge-matheus-e-claiton-romario-encerram-programacao-de-shows-do-barretao-2023\/","url":"https:\/\/regiaonews.net.br\/2022\/2023\/08\/27\/shows-de-chitaozinho-e-xororo-jorge-matheus-e-claiton-romario-encerram-programacao-de-shows-do-barretao-2023\/","name":"Shows de Chit\u00e3ozinho e Xoror\u00f3, Jorge & Matheus e Claiton & Rom\u00e1rio encerram programa\u00e7\u00e3o de shows do Barret\u00e3o 2023 - Regi\u00e3o News","isPartOf":{"@id":"https:\/\/regiaonews.net.br\/2022\/#website"},"primaryImageOfPage":{"@id":"https:\/\/regiaonews.net.br\/2022\/2023\/08\/27\/shows-de-chitaozinho-e-xororo-jorge-matheus-e-claiton-romario-encerram-programacao-de-shows-do-barretao-2023\/#primaryimage"},"image":{"@id":"https:\/\/regiaonews.net.br\/2022\/2023\/08\/27\/shows-de-chitaozinho-e-xororo-jorge-matheus-e-claiton-romario-encerram-programacao-de-shows-do-barretao-2023\/#primaryimage"},"thumbnailUrl":"https:\/\/regiaonews.net.br\/2022\/wp-content\/uploads\/2023\/08\/WhatsApp-Image-2023-08-27-at-00.10.40.jpeg","datePublished":"2023-08-27T05:09:20+00:00","breadcrumb":{"@id":"https:\/\/regiaonews.net.br\/2022\/2023\/08\/27\/shows-de-chitaozinho-e-xororo-jorge-matheus-e-claiton-romario-encerram-programacao-de-shows-do-barretao-2023\/#breadcrumb"},"inLanguage":"pt-BR","potentialAction":[{"@type":"ReadAction","target":["https:\/\/regiaonews.net.br\/2022\/2023\/08\/27\/shows-de-chitaozinho-e-xororo-jorge-matheus-e-claiton-romario-encerram-programacao-de-shows-do-barretao-2023\/"]}]},{"@type":"ImageObject","inLanguage":"pt-BR","@id":"https:\/\/regiaonews.net.br\/2022\/2023\/08\/27\/shows-de-chitaozinho-e-xororo-jorge-matheus-e-claiton-romario-encerram-programacao-de-shows-do-barretao-2023\/#primaryimage","url":"https:\/\/regiaonews.net.br\/2022\/wp-content\/uploads\/2023\/08\/WhatsApp-Image-2023-08-27-at-00.10.40.jpeg","contentUrl":"https:\/\/regiaonews.net.br\/2022\/wp-content\/uploads\/2023\/08\/WhatsApp-Image-2023-08-27-at-00.10.40.jpeg","width":1599,"height":899},{"@type":"BreadcrumbList","@id":"https:\/\/regiaonews.net.br\/2022\/2023\/08\/27\/shows-de-chitaozinho-e-xororo-jorge-matheus-e-claiton-romario-encerram-programacao-de-shows-do-barretao-2023\/#breadcrumb","itemListElement":[{"@type":"ListItem","position":1,"name":"In\u00edcio","item":"https:\/\/regiaonews.net.br\/2022\/"},{"@type":"ListItem","position":2,"name":"Shows de Chit\u00e3ozinho e Xoror\u00f3, Jorge &#038; Matheus e Claiton &#038; Rom\u00e1rio encerram programa\u00e7\u00e3o de shows do Barret\u00e3o 2023"}]},{"@type":"WebSite","@id":"https:\/\/regiaonews.net.br\/2022\/#website","url":"https:\/\/regiaonews.net.br\/2022\/","name":"Regi\u00e3o News","description":"Site de Not\u00edcias de Barretos e regi\u00e3o","publisher":{"@id":"https:\/\/regiaonews.net.br\/2022\/#organization"},"potentialAction":[{"@type":"SearchAction","target":{"@type":"EntryPoint","urlTemplate":"https:\/\/regiaonews.net.br\/2022\/?s={search_term_string}"},"query-input":{"@type":"PropertyValueSpecification","valueRequired":true,"valueName":"search_term_string"}}],"inLanguage":"pt-BR"},{"@type":"Organization","@id":"https:\/\/regiaonews.net.br\/2022\/#organization","name":"Regi\u00e3o News","url":"https:\/\/regiaonews.net.br\/2022\/","logo":{"@type":"ImageObject","inLanguage":"pt-BR","@id":"https:\/\/regiaonews.net.br\/2022\/#\/schema\/logo\/image\/","url":"https:\/\/regiaonews.net.br\/2022\/wp-content\/uploads\/2026\/03\/regiao-13-anos-scaled.jpg","contentUrl":"https:\/\/regiaonews.net.br\/2022\/wp-content\/uploads\/2026\/03\/regiao-13-anos-scaled.jpg","width":2560,"height":635,"caption":"Regi\u00e3o News"},"image":{"@id":"https:\/\/regiaonews.net.br\/2022\/#\/schema\/logo\/image\/"}},{"@type":"Person","@id":"https:\/\/regiaonews.net.br\/2022\/#\/schema\/person\/2d205a608a5aa97ac279d7a5e6d89ad8","name":"Roberto","image":{"@type":"ImageObject","inLanguage":"pt-BR","@id":"https:\/\/secure.gravatar.com\/avatar\/42749d8b712ff9d59ca93dc150494e5b55a44134482993f5baeb97e61b7ecc89?s=96&d=mm&r=g","url":"https:\/\/secure.gravatar.com\/avatar\/42749d8b712ff9d59ca93dc150494e5b55a44134482993f5baeb97e61b7ecc89?s=96&d=mm&r=g","contentUrl":"https:\/\/secure.gravatar.com\/avatar\/42749d8b712ff9d59ca93dc150494e5b55a44134482993f5baeb97e61b7ecc89?s=96&d=mm&r=g","caption":"Roberto"},"url":"https:\/\/regiaonews.net.br\/2022\/author\/roberto\/"}]}},"publishpress_future_action":{"enabled":false,"date":"2026-05-10 13:12:53","action":"change-status","newStatus":"draft","terms":[],"taxonomy":"category","extraData":[]},"publishpress_future_workflow_manual_trigger":{"enabledWorkflows":[]},"_links":{"self":[{"href":"https:\/\/regiaonews.net.br\/2022\/wp-json\/wp\/v2\/posts\/94194","targetHints":{"allow":["GET"]}}],"collection":[{"href":"https:\/\/regiaonews.net.br\/2022\/wp-json\/wp\/v2\/posts"}],"about":[{"href":"https:\/\/regiaonews.net.br\/2022\/wp-json\/wp\/v2\/types\/post"}],"author":[{"embeddable":true,"href":"https:\/\/regiaonews.net.br\/2022\/wp-json\/wp\/v2\/users\/2"}],"replies":[{"embeddable":true,"href":"https:\/\/regiaonews.net.br\/2022\/wp-json\/wp\/v2\/comments?post=94194"}],"version-history":[{"count":1,"href":"https:\/\/regiaonews.net.br\/2022\/wp-json\/wp\/v2\/posts\/94194\/revisions"}],"predecessor-version":[{"id":94197,"href":"https:\/\/regiaonews.net.br\/2022\/wp-json\/wp\/v2\/posts\/94194\/revisions\/94197"}],"wp:featuredmedia":[{"embeddable":true,"href":"https:\/\/regiaonews.net.br\/2022\/wp-json\/wp\/v2\/media\/94195"}],"wp:attachment":[{"href":"https:\/\/regiaonews.net.br\/2022\/wp-json\/wp\/v2\/media?parent=94194"}],"wp:term":[{"taxonomy":"category","embeddable":true,"href":"https:\/\/regiaonews.net.br\/2022\/wp-json\/wp\/v2\/categories?post=94194"},{"taxonomy":"post_tag","embeddable":true,"href":"https:\/\/regiaonews.net.br\/2022\/wp-json\/wp\/v2\/tags?post=94194"}],"curies":[{"name":"wp","href":"https:\/\/api.w.org\/{rel}","templated":true}]}}