{"id":94158,"date":"2023-08-26T16:22:40","date_gmt":"2023-08-26T19:22:40","guid":{"rendered":"https:\/\/regiaonews.net.br\/2022\/?p=94158"},"modified":"2023-08-26T16:22:40","modified_gmt":"2023-08-26T19:22:40","slug":"pm-orienta-sobre-violencia-domestica-no-agosto-lilas","status":"publish","type":"post","link":"https:\/\/regiaonews.net.br\/2022\/2023\/08\/26\/pm-orienta-sobre-violencia-domestica-no-agosto-lilas\/","title":{"rendered":"PM orienta sobre viol\u00eancia dom\u00e9stica no Agosto Lil\u00e1s"},"content":{"rendered":"<p>Conhecido como \u201cAgosto Lil\u00e1s\u201d, a escolha se deu porque em agosto de 2006 foi sancionada a Lei \u201cMaria da Penha\u201d, um marco importante na hist\u00f3ria da busca em prevenir toda a\u00e7\u00e3o ou mesmo omiss\u00e3o relacionada ao g\u00eanero, preju\u00edzos que possam lhe causar morte, les\u00e3o, sofrimento f\u00edsico, sexual ou psicol\u00f3gico e danos moral e at\u00e9 patrimonial.<br \/>\nA Capit\u00e3o Esther, comandante da 1\u00aa Cia PM, afirmou que essa neste m\u00eas evidencia que \u00e9 importante ser divulgada a lei, para que a mulher v\u00edtima seja instru\u00edda e orientada a identificar os tipos de viol\u00eancia e tamb\u00e9m saber quais s\u00e3o as formas de prote\u00e7\u00e3o.<br \/>\nNeste sentido, para aumentar a manuten\u00e7\u00e3o e preserva\u00e7\u00e3o da ordem p\u00fablica em todo estado de S\u00e3o Paulo est\u00e1 em andamento a \u201cOpera\u00e7\u00e3o Shamar\u201d.<br \/>\nA opera\u00e7\u00e3o tem por objetivo a intensifica\u00e7\u00e3o de a\u00e7\u00f5es que j\u00e1 s\u00e3o prioridade na cidade de Barretos, como por exemplo, a intensifica\u00e7\u00e3o das visitas solid\u00e1rias feitas pela Pol\u00edcia Militar \u00e0s mulheres que possuem medidas protetivas \u2013 essas recebem visita de patrulha para que verifique se a medida est\u00e1 sendo cumprida e que seja aumentada \u00e0 seguran\u00e7a dessa v\u00edtima.<br \/>\n&#8220;Essa refor\u00e7a que v\u00e1rios \u00f3rg\u00e3os est\u00e3o sendo mobilizados e envolvidos para que seja priorizado e implementado a\u00e7\u00f5es para que os \u00edndices desse tipo de viol\u00eancia seja menor e que a prote\u00e7\u00e3o seja aumentada&#8221;, afirmou a capit\u00e3o Esther.<br \/>\nAs denuncias podem ser feitas na central de atendimento \u00e0 mulher por meio do Disque Denuncia 180 e quando em caso de emerg\u00eancias, as den\u00fancias devem ser feitas no telefone da Pol\u00edcia Militar 190.<\/p>\n","protected":false},"excerpt":{"rendered":"<p>Conhecido como \u201cAgosto Lil\u00e1s\u201d, a escolha se deu porque em<\/p>\n","protected":false},"author":2,"featured_media":94161,"comment_status":"open","ping_status":"open","sticky":false,"template":"","format":"standard","meta":{"footnotes":""},"categories":[14,23],"tags":[],"class_list":["post-94158","post","type-post","status-publish","format-standard","has-post-thumbnail","hentry","category-barretos","category-policia"],"yoast_head":"<!-- This site is optimized with the Yoast SEO plugin v27.5 - https:\/\/yoast.com\/product\/yoast-seo-wordpress\/ -->\n<title>PM orienta sobre viol\u00eancia dom\u00e9stica no Agosto Lil\u00e1s - Regi\u00e3o News<\/title>\n<meta name=\"robots\" content=\"index, follow, max-snippet:-1, max-image-preview:large, max-video-preview:-1\" \/>\n<link rel=\"canonical\" href=\"https:\/\/regiaonews.net.br\/2022\/2023\/08\/26\/pm-orienta-sobre-violencia-domestica-no-agosto-lilas\/\" \/>\n<meta property=\"og:locale\" content=\"pt_BR\" \/>\n<meta property=\"og:type\" content=\"article\" \/>\n<meta property=\"og:title\" content=\"PM orienta sobre viol\u00eancia dom\u00e9stica no Agosto Lil\u00e1s - Regi\u00e3o News\" \/>\n<meta property=\"og:description\" content=\"Conhecido como \u201cAgosto Lil\u00e1s\u201d, a escolha se deu porque em\" \/>\n<meta property=\"og:url\" content=\"https:\/\/regiaonews.net.br\/2022\/2023\/08\/26\/pm-orienta-sobre-violencia-domestica-no-agosto-lilas\/\" \/>\n<meta property=\"og:site_name\" content=\"Regi\u00e3o News\" \/>\n<meta property=\"article:published_time\" content=\"2023-08-26T19:22:40+00:00\" \/>\n<meta property=\"og:image\" content=\"https:\/\/regiaonews.net.br\/2022\/wp-content\/uploads\/2023\/08\/IMG-20230822-WA0560.jpg\" \/>\n\t<meta property=\"og:image:width\" content=\"1170\" \/>\n\t<meta property=\"og:image:height\" content=\"645\" \/>\n\t<meta property=\"og:image:type\" content=\"image\/jpeg\" \/>\n<meta name=\"author\" content=\"Roberto\" \/>\n<meta name=\"twitter:card\" content=\"summary_large_image\" \/>\n<meta name=\"twitter:label1\" content=\"Escrito por\" \/>\n\t<meta name=\"twitter:data1\" content=\"Roberto\" \/>\n\t<meta name=\"twitter:label2\" content=\"Est. tempo de leitura\" \/>\n\t<meta name=\"twitter:data2\" content=\"2 minutos\" \/>\n<script type=\"application\/ld+json\" class=\"yoast-schema-graph\">{\"@context\":\"https:\\\/\\\/schema.org\",\"@graph\":[{\"@type\":\"Article\",\"@id\":\"https:\\\/\\\/regiaonews.net.br\\\/2022\\\/2023\\\/08\\\/26\\\/pm-orienta-sobre-violencia-domestica-no-agosto-lilas\\\/#article\",\"isPartOf\":{\"@id\":\"https:\\\/\\\/regiaonews.net.br\\\/2022\\\/2023\\\/08\\\/26\\\/pm-orienta-sobre-violencia-domestica-no-agosto-lilas\\\/\"},\"author\":{\"name\":\"Roberto\",\"@id\":\"https:\\\/\\\/regiaonews.net.br\\\/2022\\\/#\\\/schema\\\/person\\\/2d205a608a5aa97ac279d7a5e6d89ad8\"},\"headline\":\"PM orienta sobre viol\u00eancia dom\u00e9stica no Agosto Lil\u00e1s\",\"datePublished\":\"2023-08-26T19:22:40+00:00\",\"mainEntityOfPage\":{\"@id\":\"https:\\\/\\\/regiaonews.net.br\\\/2022\\\/2023\\\/08\\\/26\\\/pm-orienta-sobre-violencia-domestica-no-agosto-lilas\\\/\"},\"wordCount\":297,\"commentCount\":0,\"publisher\":{\"@id\":\"https:\\\/\\\/regiaonews.net.br\\\/2022\\\/#organization\"},\"image\":{\"@id\":\"https:\\\/\\\/regiaonews.net.br\\\/2022\\\/2023\\\/08\\\/26\\\/pm-orienta-sobre-violencia-domestica-no-agosto-lilas\\\/#primaryimage\"},\"thumbnailUrl\":\"https:\\\/\\\/regiaonews.net.br\\\/2022\\\/wp-content\\\/uploads\\\/2023\\\/08\\\/IMG-20230822-WA0560.jpg\",\"articleSection\":[\"Barretos\",\"Policia\"],\"inLanguage\":\"pt-BR\",\"potentialAction\":[{\"@type\":\"CommentAction\",\"name\":\"Comment\",\"target\":[\"https:\\\/\\\/regiaonews.net.br\\\/2022\\\/2023\\\/08\\\/26\\\/pm-orienta-sobre-violencia-domestica-no-agosto-lilas\\\/#respond\"]}]},{\"@type\":\"WebPage\",\"@id\":\"https:\\\/\\\/regiaonews.net.br\\\/2022\\\/2023\\\/08\\\/26\\\/pm-orienta-sobre-violencia-domestica-no-agosto-lilas\\\/\",\"url\":\"https:\\\/\\\/regiaonews.net.br\\\/2022\\\/2023\\\/08\\\/26\\\/pm-orienta-sobre-violencia-domestica-no-agosto-lilas\\\/\",\"name\":\"PM orienta sobre viol\u00eancia dom\u00e9stica no Agosto Lil\u00e1s - Regi\u00e3o News\",\"isPartOf\":{\"@id\":\"https:\\\/\\\/regiaonews.net.br\\\/2022\\\/#website\"},\"primaryImageOfPage\":{\"@id\":\"https:\\\/\\\/regiaonews.net.br\\\/2022\\\/2023\\\/08\\\/26\\\/pm-orienta-sobre-violencia-domestica-no-agosto-lilas\\\/#primaryimage\"},\"image\":{\"@id\":\"https:\\\/\\\/regiaonews.net.br\\\/2022\\\/2023\\\/08\\\/26\\\/pm-orienta-sobre-violencia-domestica-no-agosto-lilas\\\/#primaryimage\"},\"thumbnailUrl\":\"https:\\\/\\\/regiaonews.net.br\\\/2022\\\/wp-content\\\/uploads\\\/2023\\\/08\\\/IMG-20230822-WA0560.jpg\",\"datePublished\":\"2023-08-26T19:22:40+00:00\",\"breadcrumb\":{\"@id\":\"https:\\\/\\\/regiaonews.net.br\\\/2022\\\/2023\\\/08\\\/26\\\/pm-orienta-sobre-violencia-domestica-no-agosto-lilas\\\/#breadcrumb\"},\"inLanguage\":\"pt-BR\",\"potentialAction\":[{\"@type\":\"ReadAction\",\"target\":[\"https:\\\/\\\/regiaonews.net.br\\\/2022\\\/2023\\\/08\\\/26\\\/pm-orienta-sobre-violencia-domestica-no-agosto-lilas\\\/\"]}]},{\"@type\":\"ImageObject\",\"inLanguage\":\"pt-BR\",\"@id\":\"https:\\\/\\\/regiaonews.net.br\\\/2022\\\/2023\\\/08\\\/26\\\/pm-orienta-sobre-violencia-domestica-no-agosto-lilas\\\/#primaryimage\",\"url\":\"https:\\\/\\\/regiaonews.net.br\\\/2022\\\/wp-content\\\/uploads\\\/2023\\\/08\\\/IMG-20230822-WA0560.jpg\",\"contentUrl\":\"https:\\\/\\\/regiaonews.net.br\\\/2022\\\/wp-content\\\/uploads\\\/2023\\\/08\\\/IMG-20230822-WA0560.jpg\",\"width\":1170,\"height\":645},{\"@type\":\"BreadcrumbList\",\"@id\":\"https:\\\/\\\/regiaonews.net.br\\\/2022\\\/2023\\\/08\\\/26\\\/pm-orienta-sobre-violencia-domestica-no-agosto-lilas\\\/#breadcrumb\",\"itemListElement\":[{\"@type\":\"ListItem\",\"position\":1,\"name\":\"In\u00edcio\",\"item\":\"https:\\\/\\\/regiaonews.net.br\\\/2022\\\/\"},{\"@type\":\"ListItem\",\"position\":2,\"name\":\"PM orienta sobre viol\u00eancia dom\u00e9stica no Agosto Lil\u00e1s\"}]},{\"@type\":\"WebSite\",\"@id\":\"https:\\\/\\\/regiaonews.net.br\\\/2022\\\/#website\",\"url\":\"https:\\\/\\\/regiaonews.net.br\\\/2022\\\/\",\"name\":\"Regi\u00e3o News\",\"description\":\"Site de Not\u00edcias de Barretos e regi\u00e3o\",\"publisher\":{\"@id\":\"https:\\\/\\\/regiaonews.net.br\\\/2022\\\/#organization\"},\"potentialAction\":[{\"@type\":\"SearchAction\",\"target\":{\"@type\":\"EntryPoint\",\"urlTemplate\":\"https:\\\/\\\/regiaonews.net.br\\\/2022\\\/?s={search_term_string}\"},\"query-input\":{\"@type\":\"PropertyValueSpecification\",\"valueRequired\":true,\"valueName\":\"search_term_string\"}}],\"inLanguage\":\"pt-BR\"},{\"@type\":\"Organization\",\"@id\":\"https:\\\/\\\/regiaonews.net.br\\\/2022\\\/#organization\",\"name\":\"Regi\u00e3o News\",\"url\":\"https:\\\/\\\/regiaonews.net.br\\\/2022\\\/\",\"logo\":{\"@type\":\"ImageObject\",\"inLanguage\":\"pt-BR\",\"@id\":\"https:\\\/\\\/regiaonews.net.br\\\/2022\\\/#\\\/schema\\\/logo\\\/image\\\/\",\"url\":\"https:\\\/\\\/regiaonews.net.br\\\/2022\\\/wp-content\\\/uploads\\\/2026\\\/03\\\/regiao-13-anos-scaled.jpg\",\"contentUrl\":\"https:\\\/\\\/regiaonews.net.br\\\/2022\\\/wp-content\\\/uploads\\\/2026\\\/03\\\/regiao-13-anos-scaled.jpg\",\"width\":2560,\"height\":635,\"caption\":\"Regi\u00e3o News\"},\"image\":{\"@id\":\"https:\\\/\\\/regiaonews.net.br\\\/2022\\\/#\\\/schema\\\/logo\\\/image\\\/\"}},{\"@type\":\"Person\",\"@id\":\"https:\\\/\\\/regiaonews.net.br\\\/2022\\\/#\\\/schema\\\/person\\\/2d205a608a5aa97ac279d7a5e6d89ad8\",\"name\":\"Roberto\",\"image\":{\"@type\":\"ImageObject\",\"inLanguage\":\"pt-BR\",\"@id\":\"https:\\\/\\\/secure.gravatar.com\\\/avatar\\\/42749d8b712ff9d59ca93dc150494e5b55a44134482993f5baeb97e61b7ecc89?s=96&d=mm&r=g\",\"url\":\"https:\\\/\\\/secure.gravatar.com\\\/avatar\\\/42749d8b712ff9d59ca93dc150494e5b55a44134482993f5baeb97e61b7ecc89?s=96&d=mm&r=g\",\"contentUrl\":\"https:\\\/\\\/secure.gravatar.com\\\/avatar\\\/42749d8b712ff9d59ca93dc150494e5b55a44134482993f5baeb97e61b7ecc89?s=96&d=mm&r=g\",\"caption\":\"Roberto\"},\"url\":\"https:\\\/\\\/regiaonews.net.br\\\/2022\\\/author\\\/roberto\\\/\"}]}<\/script>\n<!-- \/ Yoast SEO plugin. -->","yoast_head_json":{"title":"PM orienta sobre viol\u00eancia dom\u00e9stica no Agosto Lil\u00e1s - Regi\u00e3o News","robots":{"index":"index","follow":"follow","max-snippet":"max-snippet:-1","max-image-preview":"max-image-preview:large","max-video-preview":"max-video-preview:-1"},"canonical":"https:\/\/regiaonews.net.br\/2022\/2023\/08\/26\/pm-orienta-sobre-violencia-domestica-no-agosto-lilas\/","og_locale":"pt_BR","og_type":"article","og_title":"PM orienta sobre viol\u00eancia dom\u00e9stica no Agosto Lil\u00e1s - Regi\u00e3o News","og_description":"Conhecido como \u201cAgosto Lil\u00e1s\u201d, a escolha se deu porque em","og_url":"https:\/\/regiaonews.net.br\/2022\/2023\/08\/26\/pm-orienta-sobre-violencia-domestica-no-agosto-lilas\/","og_site_name":"Regi\u00e3o News","article_published_time":"2023-08-26T19:22:40+00:00","og_image":[{"width":1170,"height":645,"url":"https:\/\/regiaonews.net.br\/2022\/wp-content\/uploads\/2023\/08\/IMG-20230822-WA0560.jpg","type":"image\/jpeg"}],"author":"Roberto","twitter_card":"summary_large_image","twitter_misc":{"Escrito por":"Roberto","Est. tempo de leitura":"2 minutos"},"schema":{"@context":"https:\/\/schema.org","@graph":[{"@type":"Article","@id":"https:\/\/regiaonews.net.br\/2022\/2023\/08\/26\/pm-orienta-sobre-violencia-domestica-no-agosto-lilas\/#article","isPartOf":{"@id":"https:\/\/regiaonews.net.br\/2022\/2023\/08\/26\/pm-orienta-sobre-violencia-domestica-no-agosto-lilas\/"},"author":{"name":"Roberto","@id":"https:\/\/regiaonews.net.br\/2022\/#\/schema\/person\/2d205a608a5aa97ac279d7a5e6d89ad8"},"headline":"PM orienta sobre viol\u00eancia dom\u00e9stica no Agosto Lil\u00e1s","datePublished":"2023-08-26T19:22:40+00:00","mainEntityOfPage":{"@id":"https:\/\/regiaonews.net.br\/2022\/2023\/08\/26\/pm-orienta-sobre-violencia-domestica-no-agosto-lilas\/"},"wordCount":297,"commentCount":0,"publisher":{"@id":"https:\/\/regiaonews.net.br\/2022\/#organization"},"image":{"@id":"https:\/\/regiaonews.net.br\/2022\/2023\/08\/26\/pm-orienta-sobre-violencia-domestica-no-agosto-lilas\/#primaryimage"},"thumbnailUrl":"https:\/\/regiaonews.net.br\/2022\/wp-content\/uploads\/2023\/08\/IMG-20230822-WA0560.jpg","articleSection":["Barretos","Policia"],"inLanguage":"pt-BR","potentialAction":[{"@type":"CommentAction","name":"Comment","target":["https:\/\/regiaonews.net.br\/2022\/2023\/08\/26\/pm-orienta-sobre-violencia-domestica-no-agosto-lilas\/#respond"]}]},{"@type":"WebPage","@id":"https:\/\/regiaonews.net.br\/2022\/2023\/08\/26\/pm-orienta-sobre-violencia-domestica-no-agosto-lilas\/","url":"https:\/\/regiaonews.net.br\/2022\/2023\/08\/26\/pm-orienta-sobre-violencia-domestica-no-agosto-lilas\/","name":"PM orienta sobre viol\u00eancia dom\u00e9stica no Agosto Lil\u00e1s - Regi\u00e3o News","isPartOf":{"@id":"https:\/\/regiaonews.net.br\/2022\/#website"},"primaryImageOfPage":{"@id":"https:\/\/regiaonews.net.br\/2022\/2023\/08\/26\/pm-orienta-sobre-violencia-domestica-no-agosto-lilas\/#primaryimage"},"image":{"@id":"https:\/\/regiaonews.net.br\/2022\/2023\/08\/26\/pm-orienta-sobre-violencia-domestica-no-agosto-lilas\/#primaryimage"},"thumbnailUrl":"https:\/\/regiaonews.net.br\/2022\/wp-content\/uploads\/2023\/08\/IMG-20230822-WA0560.jpg","datePublished":"2023-08-26T19:22:40+00:00","breadcrumb":{"@id":"https:\/\/regiaonews.net.br\/2022\/2023\/08\/26\/pm-orienta-sobre-violencia-domestica-no-agosto-lilas\/#breadcrumb"},"inLanguage":"pt-BR","potentialAction":[{"@type":"ReadAction","target":["https:\/\/regiaonews.net.br\/2022\/2023\/08\/26\/pm-orienta-sobre-violencia-domestica-no-agosto-lilas\/"]}]},{"@type":"ImageObject","inLanguage":"pt-BR","@id":"https:\/\/regiaonews.net.br\/2022\/2023\/08\/26\/pm-orienta-sobre-violencia-domestica-no-agosto-lilas\/#primaryimage","url":"https:\/\/regiaonews.net.br\/2022\/wp-content\/uploads\/2023\/08\/IMG-20230822-WA0560.jpg","contentUrl":"https:\/\/regiaonews.net.br\/2022\/wp-content\/uploads\/2023\/08\/IMG-20230822-WA0560.jpg","width":1170,"height":645},{"@type":"BreadcrumbList","@id":"https:\/\/regiaonews.net.br\/2022\/2023\/08\/26\/pm-orienta-sobre-violencia-domestica-no-agosto-lilas\/#breadcrumb","itemListElement":[{"@type":"ListItem","position":1,"name":"In\u00edcio","item":"https:\/\/regiaonews.net.br\/2022\/"},{"@type":"ListItem","position":2,"name":"PM orienta sobre viol\u00eancia dom\u00e9stica no Agosto Lil\u00e1s"}]},{"@type":"WebSite","@id":"https:\/\/regiaonews.net.br\/2022\/#website","url":"https:\/\/regiaonews.net.br\/2022\/","name":"Regi\u00e3o News","description":"Site de Not\u00edcias de Barretos e regi\u00e3o","publisher":{"@id":"https:\/\/regiaonews.net.br\/2022\/#organization"},"potentialAction":[{"@type":"SearchAction","target":{"@type":"EntryPoint","urlTemplate":"https:\/\/regiaonews.net.br\/2022\/?s={search_term_string}"},"query-input":{"@type":"PropertyValueSpecification","valueRequired":true,"valueName":"search_term_string"}}],"inLanguage":"pt-BR"},{"@type":"Organization","@id":"https:\/\/regiaonews.net.br\/2022\/#organization","name":"Regi\u00e3o News","url":"https:\/\/regiaonews.net.br\/2022\/","logo":{"@type":"ImageObject","inLanguage":"pt-BR","@id":"https:\/\/regiaonews.net.br\/2022\/#\/schema\/logo\/image\/","url":"https:\/\/regiaonews.net.br\/2022\/wp-content\/uploads\/2026\/03\/regiao-13-anos-scaled.jpg","contentUrl":"https:\/\/regiaonews.net.br\/2022\/wp-content\/uploads\/2026\/03\/regiao-13-anos-scaled.jpg","width":2560,"height":635,"caption":"Regi\u00e3o News"},"image":{"@id":"https:\/\/regiaonews.net.br\/2022\/#\/schema\/logo\/image\/"}},{"@type":"Person","@id":"https:\/\/regiaonews.net.br\/2022\/#\/schema\/person\/2d205a608a5aa97ac279d7a5e6d89ad8","name":"Roberto","image":{"@type":"ImageObject","inLanguage":"pt-BR","@id":"https:\/\/secure.gravatar.com\/avatar\/42749d8b712ff9d59ca93dc150494e5b55a44134482993f5baeb97e61b7ecc89?s=96&d=mm&r=g","url":"https:\/\/secure.gravatar.com\/avatar\/42749d8b712ff9d59ca93dc150494e5b55a44134482993f5baeb97e61b7ecc89?s=96&d=mm&r=g","contentUrl":"https:\/\/secure.gravatar.com\/avatar\/42749d8b712ff9d59ca93dc150494e5b55a44134482993f5baeb97e61b7ecc89?s=96&d=mm&r=g","caption":"Roberto"},"url":"https:\/\/regiaonews.net.br\/2022\/author\/roberto\/"}]}},"publishpress_future_action":{"enabled":false,"date":"2026-05-10 09:20:23","action":"change-status","newStatus":"draft","terms":[],"taxonomy":"category","extraData":[]},"publishpress_future_workflow_manual_trigger":{"enabledWorkflows":[]},"_links":{"self":[{"href":"https:\/\/regiaonews.net.br\/2022\/wp-json\/wp\/v2\/posts\/94158","targetHints":{"allow":["GET"]}}],"collection":[{"href":"https:\/\/regiaonews.net.br\/2022\/wp-json\/wp\/v2\/posts"}],"about":[{"href":"https:\/\/regiaonews.net.br\/2022\/wp-json\/wp\/v2\/types\/post"}],"author":[{"embeddable":true,"href":"https:\/\/regiaonews.net.br\/2022\/wp-json\/wp\/v2\/users\/2"}],"replies":[{"embeddable":true,"href":"https:\/\/regiaonews.net.br\/2022\/wp-json\/wp\/v2\/comments?post=94158"}],"version-history":[{"count":1,"href":"https:\/\/regiaonews.net.br\/2022\/wp-json\/wp\/v2\/posts\/94158\/revisions"}],"predecessor-version":[{"id":94162,"href":"https:\/\/regiaonews.net.br\/2022\/wp-json\/wp\/v2\/posts\/94158\/revisions\/94162"}],"wp:featuredmedia":[{"embeddable":true,"href":"https:\/\/regiaonews.net.br\/2022\/wp-json\/wp\/v2\/media\/94161"}],"wp:attachment":[{"href":"https:\/\/regiaonews.net.br\/2022\/wp-json\/wp\/v2\/media?parent=94158"}],"wp:term":[{"taxonomy":"category","embeddable":true,"href":"https:\/\/regiaonews.net.br\/2022\/wp-json\/wp\/v2\/categories?post=94158"},{"taxonomy":"post_tag","embeddable":true,"href":"https:\/\/regiaonews.net.br\/2022\/wp-json\/wp\/v2\/tags?post=94158"}],"curies":[{"name":"wp","href":"https:\/\/api.w.org\/{rel}","templated":true}]}}