{"id":94157,"date":"2023-08-26T16:13:29","date_gmt":"2023-08-26T19:13:29","guid":{"rendered":"https:\/\/regiaonews.net.br\/2022\/?p=94157"},"modified":"2023-08-26T16:13:29","modified_gmt":"2023-08-26T19:13:29","slug":"mais-de-5-mil-alunos-da-rede-municipal-de-ensino-participam-da-festa-do-peao-com-visitas-ao-rancho-do-peaozinho","status":"publish","type":"post","link":"https:\/\/regiaonews.net.br\/2022\/2023\/08\/26\/mais-de-5-mil-alunos-da-rede-municipal-de-ensino-participam-da-festa-do-peao-com-visitas-ao-rancho-do-peaozinho\/","title":{"rendered":"Mais de 5 mil alunos da Rede Municipal de Ensino participam da Festa do Pe\u00e3o com visitas ao Rancho do Pe\u00e3ozinho"},"content":{"rendered":"<h3 style=\"text-align: center;\"><strong>Espa\u00e7o dedicado \u00e0s crian\u00e7as promove atividades socioeducativas, apresenta\u00e7\u00f5es art\u00edsticas e montarias infantis.<\/strong><\/h3>\n<div><\/div>\n<div>\n<div>A Prefeitura da Prefeitura da Est\u00e2ncia Tur\u00edstica de Barretos, por meio da Secretaria Municipal de Educa\u00e7\u00e3o, levar\u00e1 at\u00e9 quinta-feira, dia 24 de agosto, cerca de 5253 alunos das Escolas Municipais e Centros Municipais de Educa\u00e7\u00e3o Infantil (Cemeis) da Rede Municipal de Ensino ao Rancho do Pe\u00e3ozinho. No espa\u00e7o, dotado de uma \u00e1rea de 35 mil metros quadrados dentro do Parque do Pe\u00e3o, s\u00e3o promovidas diversas atividades socioeducativas, apresenta\u00e7\u00f5es art\u00edsticas e culturais, montarias infantis e contato com a natureza, unindo aprendizado e divers\u00e3o durante os dias de Festa do Pe\u00e3o de Boiadeiro.<\/div>\n<div>Para a secret\u00e1ria de Educa\u00e7\u00e3o, J\u00e9ssica Maria dos Santos, o ensino vai muito al\u00e9m do espa\u00e7o escolar e estas viv\u00eancias s\u00e3o de extrema relev\u00e2ncia para o desenvolvimento dos alunos. \u201cBarretos \u00e9 uma terra cheia de cultura e tradi\u00e7\u00f5es e os nossos estudantes precisam conhec\u00ea-las. Estas visitas s\u00e3o atividades extracurriculares important\u00edssimas que tamb\u00e9m contam parceiros como o PROCON Barretos e a Escola do Consumidor, a Mind Lab, entre outras atra\u00e7\u00f5es dispon\u00edveis no Rancho do Pe\u00e3ozinho\u201d, afirmou.<\/div>\n<div>A professora Tatiana Dantas Vanderlei acompanhou os alunos do 4\u00b0 ano B da E.M. Prof. Doroth\u00f3vio do Nascimento e falou da import\u00e2ncia do passeio para os alunos. \u201cAs crian\u00e7as adoram e ficam ansiosas pelo passeio. Tem crian\u00e7a que disse que nem dormiu. Eu agrade\u00e7o \u00e0 prefeita Paula pela oportunidade de traz\u00ea-los. Eles est\u00e3o muito satisfeitos por estarem aqui\u201d, comentou.<\/div>\n<div>Para o vice-diretor da E.M. S\u00e3o Francisco e tamb\u00e9m professor, Andr\u00e9 Ferreira, esta \u00e9 uma atividade extracurricular muito rica, pois permite o contato dos alunos com a hist\u00f3ria e tradi\u00e7\u00f5es da cidade. \u201cTudo o que eles veem aqui \u00e9 interessante, desperta a curiosidade e \u00e9 muito importante para aprendizagem deles de modo geral\u201d, completou.<\/div>\n<div>O Rancho do Pe\u00e3ozinho funciona das 9h \u00e0s 18h at\u00e9 o dia 27 de agosto, \u00faltimo dia da Festa do Pe\u00e3o.<\/div>\n<div><\/div>\n<div><b>Fotos: Nivaldo Jr.<\/b><\/div>\n<\/div>\n<div><\/div>\n","protected":false},"excerpt":{"rendered":"<p>Espa\u00e7o dedicado \u00e0s crian\u00e7as promove atividades socioeducativas, apresenta\u00e7\u00f5es art\u00edsticas e<\/p>\n","protected":false},"author":2,"featured_media":94159,"comment_status":"open","ping_status":"open","sticky":false,"template":"","format":"standard","meta":{"footnotes":""},"categories":[14,3],"tags":[],"class_list":["post-94157","post","type-post","status-publish","format-standard","has-post-thumbnail","hentry","category-barretos","category-geral"],"yoast_head":"<!-- This site is optimized with the Yoast SEO plugin v27.5 - https:\/\/yoast.com\/product\/yoast-seo-wordpress\/ -->\n<title>Mais de 5 mil alunos da Rede Municipal de Ensino participam da Festa do Pe\u00e3o com visitas ao Rancho do Pe\u00e3ozinho - Regi\u00e3o News<\/title>\n<meta name=\"robots\" content=\"index, follow, max-snippet:-1, max-image-preview:large, max-video-preview:-1\" \/>\n<link rel=\"canonical\" href=\"https:\/\/regiaonews.net.br\/2022\/2023\/08\/26\/mais-de-5-mil-alunos-da-rede-municipal-de-ensino-participam-da-festa-do-peao-com-visitas-ao-rancho-do-peaozinho\/\" \/>\n<meta property=\"og:locale\" content=\"pt_BR\" \/>\n<meta property=\"og:type\" content=\"article\" \/>\n<meta property=\"og:title\" content=\"Mais de 5 mil alunos da Rede Municipal de Ensino participam da Festa do Pe\u00e3o com visitas ao Rancho do Pe\u00e3ozinho - Regi\u00e3o News\" \/>\n<meta property=\"og:description\" content=\"Espa\u00e7o dedicado \u00e0s crian\u00e7as promove atividades socioeducativas, apresenta\u00e7\u00f5es art\u00edsticas e\" \/>\n<meta property=\"og:url\" content=\"https:\/\/regiaonews.net.br\/2022\/2023\/08\/26\/mais-de-5-mil-alunos-da-rede-municipal-de-ensino-participam-da-festa-do-peao-com-visitas-ao-rancho-do-peaozinho\/\" \/>\n<meta property=\"og:site_name\" content=\"Regi\u00e3o News\" \/>\n<meta property=\"article:published_time\" content=\"2023-08-26T19:13:29+00:00\" \/>\n<meta property=\"og:image\" content=\"https:\/\/regiaonews.net.br\/2022\/wp-content\/uploads\/2023\/08\/a8baa56554f96369ab93e4f3bb068c22.jpeg\" \/>\n\t<meta property=\"og:image:width\" content=\"1600\" \/>\n\t<meta property=\"og:image:height\" content=\"1068\" \/>\n\t<meta property=\"og:image:type\" content=\"image\/jpeg\" \/>\n<meta name=\"author\" content=\"Roberto\" \/>\n<meta name=\"twitter:card\" content=\"summary_large_image\" \/>\n<meta name=\"twitter:label1\" content=\"Escrito por\" \/>\n\t<meta name=\"twitter:data1\" content=\"Roberto\" \/>\n\t<meta name=\"twitter:label2\" content=\"Est. tempo de leitura\" \/>\n\t<meta name=\"twitter:data2\" content=\"2 minutos\" \/>\n<script type=\"application\/ld+json\" class=\"yoast-schema-graph\">{\"@context\":\"https:\\\/\\\/schema.org\",\"@graph\":[{\"@type\":\"Article\",\"@id\":\"https:\\\/\\\/regiaonews.net.br\\\/2022\\\/2023\\\/08\\\/26\\\/mais-de-5-mil-alunos-da-rede-municipal-de-ensino-participam-da-festa-do-peao-com-visitas-ao-rancho-do-peaozinho\\\/#article\",\"isPartOf\":{\"@id\":\"https:\\\/\\\/regiaonews.net.br\\\/2022\\\/2023\\\/08\\\/26\\\/mais-de-5-mil-alunos-da-rede-municipal-de-ensino-participam-da-festa-do-peao-com-visitas-ao-rancho-do-peaozinho\\\/\"},\"author\":{\"name\":\"Roberto\",\"@id\":\"https:\\\/\\\/regiaonews.net.br\\\/2022\\\/#\\\/schema\\\/person\\\/2d205a608a5aa97ac279d7a5e6d89ad8\"},\"headline\":\"Mais de 5 mil alunos da Rede Municipal de Ensino participam da Festa do Pe\u00e3o com visitas ao Rancho do Pe\u00e3ozinho\",\"datePublished\":\"2023-08-26T19:13:29+00:00\",\"mainEntityOfPage\":{\"@id\":\"https:\\\/\\\/regiaonews.net.br\\\/2022\\\/2023\\\/08\\\/26\\\/mais-de-5-mil-alunos-da-rede-municipal-de-ensino-participam-da-festa-do-peao-com-visitas-ao-rancho-do-peaozinho\\\/\"},\"wordCount\":374,\"commentCount\":0,\"publisher\":{\"@id\":\"https:\\\/\\\/regiaonews.net.br\\\/2022\\\/#organization\"},\"image\":{\"@id\":\"https:\\\/\\\/regiaonews.net.br\\\/2022\\\/2023\\\/08\\\/26\\\/mais-de-5-mil-alunos-da-rede-municipal-de-ensino-participam-da-festa-do-peao-com-visitas-ao-rancho-do-peaozinho\\\/#primaryimage\"},\"thumbnailUrl\":\"https:\\\/\\\/regiaonews.net.br\\\/2022\\\/wp-content\\\/uploads\\\/2023\\\/08\\\/a8baa56554f96369ab93e4f3bb068c22.jpeg\",\"articleSection\":[\"Barretos\",\"Geral\"],\"inLanguage\":\"pt-BR\",\"potentialAction\":[{\"@type\":\"CommentAction\",\"name\":\"Comment\",\"target\":[\"https:\\\/\\\/regiaonews.net.br\\\/2022\\\/2023\\\/08\\\/26\\\/mais-de-5-mil-alunos-da-rede-municipal-de-ensino-participam-da-festa-do-peao-com-visitas-ao-rancho-do-peaozinho\\\/#respond\"]}]},{\"@type\":\"WebPage\",\"@id\":\"https:\\\/\\\/regiaonews.net.br\\\/2022\\\/2023\\\/08\\\/26\\\/mais-de-5-mil-alunos-da-rede-municipal-de-ensino-participam-da-festa-do-peao-com-visitas-ao-rancho-do-peaozinho\\\/\",\"url\":\"https:\\\/\\\/regiaonews.net.br\\\/2022\\\/2023\\\/08\\\/26\\\/mais-de-5-mil-alunos-da-rede-municipal-de-ensino-participam-da-festa-do-peao-com-visitas-ao-rancho-do-peaozinho\\\/\",\"name\":\"Mais de 5 mil alunos da Rede Municipal de Ensino participam da Festa do Pe\u00e3o com visitas ao Rancho do Pe\u00e3ozinho - Regi\u00e3o News\",\"isPartOf\":{\"@id\":\"https:\\\/\\\/regiaonews.net.br\\\/2022\\\/#website\"},\"primaryImageOfPage\":{\"@id\":\"https:\\\/\\\/regiaonews.net.br\\\/2022\\\/2023\\\/08\\\/26\\\/mais-de-5-mil-alunos-da-rede-municipal-de-ensino-participam-da-festa-do-peao-com-visitas-ao-rancho-do-peaozinho\\\/#primaryimage\"},\"image\":{\"@id\":\"https:\\\/\\\/regiaonews.net.br\\\/2022\\\/2023\\\/08\\\/26\\\/mais-de-5-mil-alunos-da-rede-municipal-de-ensino-participam-da-festa-do-peao-com-visitas-ao-rancho-do-peaozinho\\\/#primaryimage\"},\"thumbnailUrl\":\"https:\\\/\\\/regiaonews.net.br\\\/2022\\\/wp-content\\\/uploads\\\/2023\\\/08\\\/a8baa56554f96369ab93e4f3bb068c22.jpeg\",\"datePublished\":\"2023-08-26T19:13:29+00:00\",\"breadcrumb\":{\"@id\":\"https:\\\/\\\/regiaonews.net.br\\\/2022\\\/2023\\\/08\\\/26\\\/mais-de-5-mil-alunos-da-rede-municipal-de-ensino-participam-da-festa-do-peao-com-visitas-ao-rancho-do-peaozinho\\\/#breadcrumb\"},\"inLanguage\":\"pt-BR\",\"potentialAction\":[{\"@type\":\"ReadAction\",\"target\":[\"https:\\\/\\\/regiaonews.net.br\\\/2022\\\/2023\\\/08\\\/26\\\/mais-de-5-mil-alunos-da-rede-municipal-de-ensino-participam-da-festa-do-peao-com-visitas-ao-rancho-do-peaozinho\\\/\"]}]},{\"@type\":\"ImageObject\",\"inLanguage\":\"pt-BR\",\"@id\":\"https:\\\/\\\/regiaonews.net.br\\\/2022\\\/2023\\\/08\\\/26\\\/mais-de-5-mil-alunos-da-rede-municipal-de-ensino-participam-da-festa-do-peao-com-visitas-ao-rancho-do-peaozinho\\\/#primaryimage\",\"url\":\"https:\\\/\\\/regiaonews.net.br\\\/2022\\\/wp-content\\\/uploads\\\/2023\\\/08\\\/a8baa56554f96369ab93e4f3bb068c22.jpeg\",\"contentUrl\":\"https:\\\/\\\/regiaonews.net.br\\\/2022\\\/wp-content\\\/uploads\\\/2023\\\/08\\\/a8baa56554f96369ab93e4f3bb068c22.jpeg\",\"width\":1600,\"height\":1068},{\"@type\":\"BreadcrumbList\",\"@id\":\"https:\\\/\\\/regiaonews.net.br\\\/2022\\\/2023\\\/08\\\/26\\\/mais-de-5-mil-alunos-da-rede-municipal-de-ensino-participam-da-festa-do-peao-com-visitas-ao-rancho-do-peaozinho\\\/#breadcrumb\",\"itemListElement\":[{\"@type\":\"ListItem\",\"position\":1,\"name\":\"In\u00edcio\",\"item\":\"https:\\\/\\\/regiaonews.net.br\\\/2022\\\/\"},{\"@type\":\"ListItem\",\"position\":2,\"name\":\"Mais de 5 mil alunos da Rede Municipal de Ensino participam da Festa do Pe\u00e3o com visitas ao Rancho do Pe\u00e3ozinho\"}]},{\"@type\":\"WebSite\",\"@id\":\"https:\\\/\\\/regiaonews.net.br\\\/2022\\\/#website\",\"url\":\"https:\\\/\\\/regiaonews.net.br\\\/2022\\\/\",\"name\":\"Regi\u00e3o News\",\"description\":\"Site de Not\u00edcias de Barretos e regi\u00e3o\",\"publisher\":{\"@id\":\"https:\\\/\\\/regiaonews.net.br\\\/2022\\\/#organization\"},\"potentialAction\":[{\"@type\":\"SearchAction\",\"target\":{\"@type\":\"EntryPoint\",\"urlTemplate\":\"https:\\\/\\\/regiaonews.net.br\\\/2022\\\/?s={search_term_string}\"},\"query-input\":{\"@type\":\"PropertyValueSpecification\",\"valueRequired\":true,\"valueName\":\"search_term_string\"}}],\"inLanguage\":\"pt-BR\"},{\"@type\":\"Organization\",\"@id\":\"https:\\\/\\\/regiaonews.net.br\\\/2022\\\/#organization\",\"name\":\"Regi\u00e3o News\",\"url\":\"https:\\\/\\\/regiaonews.net.br\\\/2022\\\/\",\"logo\":{\"@type\":\"ImageObject\",\"inLanguage\":\"pt-BR\",\"@id\":\"https:\\\/\\\/regiaonews.net.br\\\/2022\\\/#\\\/schema\\\/logo\\\/image\\\/\",\"url\":\"https:\\\/\\\/regiaonews.net.br\\\/2022\\\/wp-content\\\/uploads\\\/2026\\\/03\\\/regiao-13-anos-scaled.jpg\",\"contentUrl\":\"https:\\\/\\\/regiaonews.net.br\\\/2022\\\/wp-content\\\/uploads\\\/2026\\\/03\\\/regiao-13-anos-scaled.jpg\",\"width\":2560,\"height\":635,\"caption\":\"Regi\u00e3o News\"},\"image\":{\"@id\":\"https:\\\/\\\/regiaonews.net.br\\\/2022\\\/#\\\/schema\\\/logo\\\/image\\\/\"}},{\"@type\":\"Person\",\"@id\":\"https:\\\/\\\/regiaonews.net.br\\\/2022\\\/#\\\/schema\\\/person\\\/2d205a608a5aa97ac279d7a5e6d89ad8\",\"name\":\"Roberto\",\"image\":{\"@type\":\"ImageObject\",\"inLanguage\":\"pt-BR\",\"@id\":\"https:\\\/\\\/secure.gravatar.com\\\/avatar\\\/42749d8b712ff9d59ca93dc150494e5b55a44134482993f5baeb97e61b7ecc89?s=96&d=mm&r=g\",\"url\":\"https:\\\/\\\/secure.gravatar.com\\\/avatar\\\/42749d8b712ff9d59ca93dc150494e5b55a44134482993f5baeb97e61b7ecc89?s=96&d=mm&r=g\",\"contentUrl\":\"https:\\\/\\\/secure.gravatar.com\\\/avatar\\\/42749d8b712ff9d59ca93dc150494e5b55a44134482993f5baeb97e61b7ecc89?s=96&d=mm&r=g\",\"caption\":\"Roberto\"},\"url\":\"https:\\\/\\\/regiaonews.net.br\\\/2022\\\/author\\\/roberto\\\/\"}]}<\/script>\n<!-- \/ Yoast SEO plugin. -->","yoast_head_json":{"title":"Mais de 5 mil alunos da Rede Municipal de Ensino participam da Festa do Pe\u00e3o com visitas ao Rancho do Pe\u00e3ozinho - Regi\u00e3o News","robots":{"index":"index","follow":"follow","max-snippet":"max-snippet:-1","max-image-preview":"max-image-preview:large","max-video-preview":"max-video-preview:-1"},"canonical":"https:\/\/regiaonews.net.br\/2022\/2023\/08\/26\/mais-de-5-mil-alunos-da-rede-municipal-de-ensino-participam-da-festa-do-peao-com-visitas-ao-rancho-do-peaozinho\/","og_locale":"pt_BR","og_type":"article","og_title":"Mais de 5 mil alunos da Rede Municipal de Ensino participam da Festa do Pe\u00e3o com visitas ao Rancho do Pe\u00e3ozinho - Regi\u00e3o News","og_description":"Espa\u00e7o dedicado \u00e0s crian\u00e7as promove atividades socioeducativas, apresenta\u00e7\u00f5es art\u00edsticas e","og_url":"https:\/\/regiaonews.net.br\/2022\/2023\/08\/26\/mais-de-5-mil-alunos-da-rede-municipal-de-ensino-participam-da-festa-do-peao-com-visitas-ao-rancho-do-peaozinho\/","og_site_name":"Regi\u00e3o News","article_published_time":"2023-08-26T19:13:29+00:00","og_image":[{"width":1600,"height":1068,"url":"https:\/\/regiaonews.net.br\/2022\/wp-content\/uploads\/2023\/08\/a8baa56554f96369ab93e4f3bb068c22.jpeg","type":"image\/jpeg"}],"author":"Roberto","twitter_card":"summary_large_image","twitter_misc":{"Escrito por":"Roberto","Est. tempo de leitura":"2 minutos"},"schema":{"@context":"https:\/\/schema.org","@graph":[{"@type":"Article","@id":"https:\/\/regiaonews.net.br\/2022\/2023\/08\/26\/mais-de-5-mil-alunos-da-rede-municipal-de-ensino-participam-da-festa-do-peao-com-visitas-ao-rancho-do-peaozinho\/#article","isPartOf":{"@id":"https:\/\/regiaonews.net.br\/2022\/2023\/08\/26\/mais-de-5-mil-alunos-da-rede-municipal-de-ensino-participam-da-festa-do-peao-com-visitas-ao-rancho-do-peaozinho\/"},"author":{"name":"Roberto","@id":"https:\/\/regiaonews.net.br\/2022\/#\/schema\/person\/2d205a608a5aa97ac279d7a5e6d89ad8"},"headline":"Mais de 5 mil alunos da Rede Municipal de Ensino participam da Festa do Pe\u00e3o com visitas ao Rancho do Pe\u00e3ozinho","datePublished":"2023-08-26T19:13:29+00:00","mainEntityOfPage":{"@id":"https:\/\/regiaonews.net.br\/2022\/2023\/08\/26\/mais-de-5-mil-alunos-da-rede-municipal-de-ensino-participam-da-festa-do-peao-com-visitas-ao-rancho-do-peaozinho\/"},"wordCount":374,"commentCount":0,"publisher":{"@id":"https:\/\/regiaonews.net.br\/2022\/#organization"},"image":{"@id":"https:\/\/regiaonews.net.br\/2022\/2023\/08\/26\/mais-de-5-mil-alunos-da-rede-municipal-de-ensino-participam-da-festa-do-peao-com-visitas-ao-rancho-do-peaozinho\/#primaryimage"},"thumbnailUrl":"https:\/\/regiaonews.net.br\/2022\/wp-content\/uploads\/2023\/08\/a8baa56554f96369ab93e4f3bb068c22.jpeg","articleSection":["Barretos","Geral"],"inLanguage":"pt-BR","potentialAction":[{"@type":"CommentAction","name":"Comment","target":["https:\/\/regiaonews.net.br\/2022\/2023\/08\/26\/mais-de-5-mil-alunos-da-rede-municipal-de-ensino-participam-da-festa-do-peao-com-visitas-ao-rancho-do-peaozinho\/#respond"]}]},{"@type":"WebPage","@id":"https:\/\/regiaonews.net.br\/2022\/2023\/08\/26\/mais-de-5-mil-alunos-da-rede-municipal-de-ensino-participam-da-festa-do-peao-com-visitas-ao-rancho-do-peaozinho\/","url":"https:\/\/regiaonews.net.br\/2022\/2023\/08\/26\/mais-de-5-mil-alunos-da-rede-municipal-de-ensino-participam-da-festa-do-peao-com-visitas-ao-rancho-do-peaozinho\/","name":"Mais de 5 mil alunos da Rede Municipal de Ensino participam da Festa do Pe\u00e3o com visitas ao Rancho do Pe\u00e3ozinho - Regi\u00e3o News","isPartOf":{"@id":"https:\/\/regiaonews.net.br\/2022\/#website"},"primaryImageOfPage":{"@id":"https:\/\/regiaonews.net.br\/2022\/2023\/08\/26\/mais-de-5-mil-alunos-da-rede-municipal-de-ensino-participam-da-festa-do-peao-com-visitas-ao-rancho-do-peaozinho\/#primaryimage"},"image":{"@id":"https:\/\/regiaonews.net.br\/2022\/2023\/08\/26\/mais-de-5-mil-alunos-da-rede-municipal-de-ensino-participam-da-festa-do-peao-com-visitas-ao-rancho-do-peaozinho\/#primaryimage"},"thumbnailUrl":"https:\/\/regiaonews.net.br\/2022\/wp-content\/uploads\/2023\/08\/a8baa56554f96369ab93e4f3bb068c22.jpeg","datePublished":"2023-08-26T19:13:29+00:00","breadcrumb":{"@id":"https:\/\/regiaonews.net.br\/2022\/2023\/08\/26\/mais-de-5-mil-alunos-da-rede-municipal-de-ensino-participam-da-festa-do-peao-com-visitas-ao-rancho-do-peaozinho\/#breadcrumb"},"inLanguage":"pt-BR","potentialAction":[{"@type":"ReadAction","target":["https:\/\/regiaonews.net.br\/2022\/2023\/08\/26\/mais-de-5-mil-alunos-da-rede-municipal-de-ensino-participam-da-festa-do-peao-com-visitas-ao-rancho-do-peaozinho\/"]}]},{"@type":"ImageObject","inLanguage":"pt-BR","@id":"https:\/\/regiaonews.net.br\/2022\/2023\/08\/26\/mais-de-5-mil-alunos-da-rede-municipal-de-ensino-participam-da-festa-do-peao-com-visitas-ao-rancho-do-peaozinho\/#primaryimage","url":"https:\/\/regiaonews.net.br\/2022\/wp-content\/uploads\/2023\/08\/a8baa56554f96369ab93e4f3bb068c22.jpeg","contentUrl":"https:\/\/regiaonews.net.br\/2022\/wp-content\/uploads\/2023\/08\/a8baa56554f96369ab93e4f3bb068c22.jpeg","width":1600,"height":1068},{"@type":"BreadcrumbList","@id":"https:\/\/regiaonews.net.br\/2022\/2023\/08\/26\/mais-de-5-mil-alunos-da-rede-municipal-de-ensino-participam-da-festa-do-peao-com-visitas-ao-rancho-do-peaozinho\/#breadcrumb","itemListElement":[{"@type":"ListItem","position":1,"name":"In\u00edcio","item":"https:\/\/regiaonews.net.br\/2022\/"},{"@type":"ListItem","position":2,"name":"Mais de 5 mil alunos da Rede Municipal de Ensino participam da Festa do Pe\u00e3o com visitas ao Rancho do Pe\u00e3ozinho"}]},{"@type":"WebSite","@id":"https:\/\/regiaonews.net.br\/2022\/#website","url":"https:\/\/regiaonews.net.br\/2022\/","name":"Regi\u00e3o News","description":"Site de Not\u00edcias de Barretos e regi\u00e3o","publisher":{"@id":"https:\/\/regiaonews.net.br\/2022\/#organization"},"potentialAction":[{"@type":"SearchAction","target":{"@type":"EntryPoint","urlTemplate":"https:\/\/regiaonews.net.br\/2022\/?s={search_term_string}"},"query-input":{"@type":"PropertyValueSpecification","valueRequired":true,"valueName":"search_term_string"}}],"inLanguage":"pt-BR"},{"@type":"Organization","@id":"https:\/\/regiaonews.net.br\/2022\/#organization","name":"Regi\u00e3o News","url":"https:\/\/regiaonews.net.br\/2022\/","logo":{"@type":"ImageObject","inLanguage":"pt-BR","@id":"https:\/\/regiaonews.net.br\/2022\/#\/schema\/logo\/image\/","url":"https:\/\/regiaonews.net.br\/2022\/wp-content\/uploads\/2026\/03\/regiao-13-anos-scaled.jpg","contentUrl":"https:\/\/regiaonews.net.br\/2022\/wp-content\/uploads\/2026\/03\/regiao-13-anos-scaled.jpg","width":2560,"height":635,"caption":"Regi\u00e3o News"},"image":{"@id":"https:\/\/regiaonews.net.br\/2022\/#\/schema\/logo\/image\/"}},{"@type":"Person","@id":"https:\/\/regiaonews.net.br\/2022\/#\/schema\/person\/2d205a608a5aa97ac279d7a5e6d89ad8","name":"Roberto","image":{"@type":"ImageObject","inLanguage":"pt-BR","@id":"https:\/\/secure.gravatar.com\/avatar\/42749d8b712ff9d59ca93dc150494e5b55a44134482993f5baeb97e61b7ecc89?s=96&d=mm&r=g","url":"https:\/\/secure.gravatar.com\/avatar\/42749d8b712ff9d59ca93dc150494e5b55a44134482993f5baeb97e61b7ecc89?s=96&d=mm&r=g","contentUrl":"https:\/\/secure.gravatar.com\/avatar\/42749d8b712ff9d59ca93dc150494e5b55a44134482993f5baeb97e61b7ecc89?s=96&d=mm&r=g","caption":"Roberto"},"url":"https:\/\/regiaonews.net.br\/2022\/author\/roberto\/"}]}},"publishpress_future_action":{"enabled":false,"date":"2026-05-10 10:57:02","action":"change-status","newStatus":"draft","terms":[],"taxonomy":"category","extraData":[]},"publishpress_future_workflow_manual_trigger":{"enabledWorkflows":[]},"_links":{"self":[{"href":"https:\/\/regiaonews.net.br\/2022\/wp-json\/wp\/v2\/posts\/94157","targetHints":{"allow":["GET"]}}],"collection":[{"href":"https:\/\/regiaonews.net.br\/2022\/wp-json\/wp\/v2\/posts"}],"about":[{"href":"https:\/\/regiaonews.net.br\/2022\/wp-json\/wp\/v2\/types\/post"}],"author":[{"embeddable":true,"href":"https:\/\/regiaonews.net.br\/2022\/wp-json\/wp\/v2\/users\/2"}],"replies":[{"embeddable":true,"href":"https:\/\/regiaonews.net.br\/2022\/wp-json\/wp\/v2\/comments?post=94157"}],"version-history":[{"count":1,"href":"https:\/\/regiaonews.net.br\/2022\/wp-json\/wp\/v2\/posts\/94157\/revisions"}],"predecessor-version":[{"id":94160,"href":"https:\/\/regiaonews.net.br\/2022\/wp-json\/wp\/v2\/posts\/94157\/revisions\/94160"}],"wp:featuredmedia":[{"embeddable":true,"href":"https:\/\/regiaonews.net.br\/2022\/wp-json\/wp\/v2\/media\/94159"}],"wp:attachment":[{"href":"https:\/\/regiaonews.net.br\/2022\/wp-json\/wp\/v2\/media?parent=94157"}],"wp:term":[{"taxonomy":"category","embeddable":true,"href":"https:\/\/regiaonews.net.br\/2022\/wp-json\/wp\/v2\/categories?post=94157"},{"taxonomy":"post_tag","embeddable":true,"href":"https:\/\/regiaonews.net.br\/2022\/wp-json\/wp\/v2\/tags?post=94157"}],"curies":[{"name":"wp","href":"https:\/\/api.w.org\/{rel}","templated":true}]}}