{"id":94154,"date":"2023-08-26T14:50:04","date_gmt":"2023-08-26T17:50:04","guid":{"rendered":"https:\/\/regiaonews.net.br\/2022\/?p=94154"},"modified":"2023-08-26T14:50:04","modified_gmt":"2023-08-26T17:50:04","slug":"marcas-apostam-em-ativacoes-criativas-na-68a-festa-do-peao-de-barretos","status":"publish","type":"post","link":"https:\/\/regiaonews.net.br\/2022\/2023\/08\/26\/marcas-apostam-em-ativacoes-criativas-na-68a-festa-do-peao-de-barretos\/","title":{"rendered":"Marcas apostam em ativa\u00e7\u00f5es criativas na 68\u00aa Festa do Pe\u00e3o de Barretos"},"content":{"rendered":"<p>&nbsp;<\/p>\n<p>Evento que acontece at\u00e9 domingo, no Parque do Pe\u00e3o, \u00e9 vitrine para grandes empresas se posicionarem para seu p\u00fablico, promovendo entretenimento e grandes a\u00e7\u00f5es de marca<\/p>\n<p>Muito al\u00e9m da m\u00fasica e divers\u00e3o, a Festa do Pe\u00e3o de Barretos, maior etapa do Circuito Sertanejo, tamb\u00e9m \u00e9 um espa\u00e7o onde grandes marcas se destacam por meio de ativa\u00e7\u00f5es que proporcionam entretenimento e experi\u00eancias memor\u00e1veis \u200b\u200baos visitantes. Este ano, a 68\u00aa edi\u00e7\u00e3o da festa, que ocorre de 17 a 27 de agosto, o Parque do Pe\u00e3o se tornou parte de uma plataforma valiosa para marcas engajarem o p\u00fablico de maneiras criativas e inovadoras.<br \/>\nA era das propagandas tradicionais est\u00e1 cedendo espa\u00e7o para estrat\u00e9gias de marketing mais imersivas. Cada vez mais, empresas e ag\u00eancias especializadas est\u00e3o investindo em eventos, festivais e a\u00e7\u00f5es que v\u00e3o al\u00e9m do comum, proporcionando aos consumidores oportunidades \u00fanicas de interagir com suas marcas favoritas.<br \/>\nBrahma, que h\u00e1 mais de 40 anos \u00e9 patrocinadora da Festa de Barretos, promete agitar o evento, entregando muita tradi\u00e7\u00e3o e tamb\u00e9m novidades em experi\u00eancias \u00fanicas, desde a apresenta\u00e7\u00e3o de um feat especial entre Simone Mendes, P\u00e9ricles, Marina Sena e MC Daniel, passando pelos Camarote e Hotel Brahma, lata de Brahma personalizada, distribui\u00e7\u00e3o de pulseiras personalizadas iluminadas para ver os shows \u00e0 noite com show de luzes especiais e a venda exclusiva da cole\u00e7\u00e3o de moda Western Lifestyle, em parceria com a TXC.<br \/>\nAo lado da Brahma, tamb\u00e9m em destaque neste ano, est\u00e1 a Ballantine\u2019s, que trouxe uma proposta ousada ao montar um &#8220;Bar nas Alturas&#8221;, proporcionando uma vista panor\u00e2mica do evento e um brinde a trinta e cinco metros de do solo. A marca 51 n\u00e3o ficou para tr\u00e1s, oferecendo aos visitantes uma experi\u00eancia de c\u00e2mera 360\u00b0, al\u00e9m de uma r\u00e9gua de shot e a ic\u00f4nica Kombi de venda de 51 Frozen.<br \/>\nA presen\u00e7a do Mercado Pago tamb\u00e9m est\u00e1 tirando o f\u00f4lego do p\u00fablico com adrenalina pura, em uma tirolesa emocionante que cruza a arena e finaliza o percurso em uma roleta de brindes. Pepsi Black, al\u00e9m de assinar todas as pra\u00e7as de alimenta\u00e7\u00e3o do evento, trouxe um tobog\u00e3 de nove metros de altura em formato de lata. J\u00e1 a Deezer, assinou um palco anexo ao principal que permite que os artistas se aproximem de seus f\u00e3s e a marca RAM escolheu Barretos como palco para exibir sua nova picape RAMPAGE para todo pa\u00eds.<br \/>\nAl\u00e9m disso, outras marcas como Galera Bet, Supermercado Savegnago, Elma Chips e \u00e1gua Levity tamb\u00e9m est\u00e3o presentes no evento e no Circuito Sertanejo. \u201cAs marcas trazem para a festa a\u00e7\u00f5es que promovem experi\u00eancias \u00fanicas que v\u00e3o al\u00e9m dos palcos, colocando os eventos que comp\u00f5em o Circuito Sertanejo em outro patamar no universo cultural. Da \u00faltima edi\u00e7\u00e3o para essa, ampliamos o n\u00famero de patrocinadores com a chegada de grandes nomes do mercado brasileiro. Isso s\u00f3 refor\u00e7a o potencial desse g\u00eanero musical t\u00e3o amado em todo o pa\u00eds\u201d, afirma a diretora da Diverti, Ludmila Ximenes.<br \/>\nDe acordo com o presidente da Festa, Hussein Gemha Jr, \u201ca Festa do Pe\u00e3o de Barretos oferece um terreno f\u00e9rtil para essa abordagem, permitindo que as marcas se conectem diretamente com os frequentadores do evento\u201d.<br \/>\nSobre o Circuito Sertanejo<br \/>\nO Circuito Sertanejo re\u00fane os seis principais eventos de m\u00fasica sertaneja do pa\u00eds, formando a maior plataforma de shows do Brasil. A iniciativa \u00e9 fruto das parcerias entre Together e Diverti e os organizadores de cada uma das etapas do circuito.<br \/>\nPor tr\u00e1s dessa iniciativa, est\u00e1 a Together, \u00e1rea da Ambev que tem por objetivo contribuir com o impulsionamento do setor de eventos no pa\u00eds, atuando como facilitadora de parcerias e gerando novas experi\u00eancias para clientes e consumidores. A unidade de neg\u00f3cios, que tem como foco os principais momentos culturais do brasileiro, trabalha para conectar pessoas, solu\u00e7\u00f5es e servi\u00e7os, desburocratizando o canal entre parceiros de neg\u00f3cios e o mercado de eventos.<br \/>\nNo segmento sertanejo, a Together conta com a parceria da Diverti, empresa com mais de 20 anos de experi\u00eancia e atua\u00e7\u00e3o na ind\u00fastria do entretenimento.<\/p>\n<p>Cr\u00e9dito Foto : Tha\u00eds Ministro<\/p>\n","protected":false},"excerpt":{"rendered":"<p>&nbsp; Evento que acontece at\u00e9 domingo, no Parque do Pe\u00e3o,<\/p>\n","protected":false},"author":2,"featured_media":94155,"comment_status":"open","ping_status":"open","sticky":false,"template":"","format":"standard","meta":{"footnotes":""},"categories":[14,45],"tags":[],"class_list":["post-94154","post","type-post","status-publish","format-standard","has-post-thumbnail","hentry","category-barretos","category-festa-do-peao"],"yoast_head":"<!-- This site is optimized with the Yoast SEO plugin v27.5 - https:\/\/yoast.com\/product\/yoast-seo-wordpress\/ -->\n<title>Marcas apostam em ativa\u00e7\u00f5es criativas na 68\u00aa Festa do Pe\u00e3o de Barretos - Regi\u00e3o News<\/title>\n<meta name=\"robots\" content=\"index, follow, max-snippet:-1, max-image-preview:large, max-video-preview:-1\" \/>\n<link rel=\"canonical\" href=\"https:\/\/regiaonews.net.br\/2022\/2023\/08\/26\/marcas-apostam-em-ativacoes-criativas-na-68a-festa-do-peao-de-barretos\/\" \/>\n<meta property=\"og:locale\" content=\"pt_BR\" \/>\n<meta property=\"og:type\" content=\"article\" \/>\n<meta property=\"og:title\" content=\"Marcas apostam em ativa\u00e7\u00f5es criativas na 68\u00aa Festa do Pe\u00e3o de Barretos - Regi\u00e3o News\" \/>\n<meta property=\"og:description\" content=\"&nbsp; Evento que acontece at\u00e9 domingo, no Parque do Pe\u00e3o,\" \/>\n<meta property=\"og:url\" content=\"https:\/\/regiaonews.net.br\/2022\/2023\/08\/26\/marcas-apostam-em-ativacoes-criativas-na-68a-festa-do-peao-de-barretos\/\" \/>\n<meta property=\"og:site_name\" content=\"Regi\u00e3o News\" \/>\n<meta property=\"article:published_time\" content=\"2023-08-26T17:50:04+00:00\" \/>\n<meta property=\"og:image\" content=\"https:\/\/regiaonews.net.br\/2022\/wp-content\/uploads\/2023\/08\/WhatsApp-Image-2023-08-25-at-14.03.58.jpeg\" \/>\n\t<meta property=\"og:image:width\" content=\"1600\" \/>\n\t<meta property=\"og:image:height\" content=\"1066\" \/>\n\t<meta property=\"og:image:type\" content=\"image\/jpeg\" \/>\n<meta name=\"author\" content=\"Roberto\" \/>\n<meta name=\"twitter:card\" content=\"summary_large_image\" \/>\n<meta name=\"twitter:label1\" content=\"Escrito por\" \/>\n\t<meta name=\"twitter:data1\" content=\"Roberto\" \/>\n\t<meta name=\"twitter:label2\" content=\"Est. tempo de leitura\" \/>\n\t<meta name=\"twitter:data2\" content=\"4 minutos\" \/>\n<script type=\"application\/ld+json\" class=\"yoast-schema-graph\">{\"@context\":\"https:\\\/\\\/schema.org\",\"@graph\":[{\"@type\":\"Article\",\"@id\":\"https:\\\/\\\/regiaonews.net.br\\\/2022\\\/2023\\\/08\\\/26\\\/marcas-apostam-em-ativacoes-criativas-na-68a-festa-do-peao-de-barretos\\\/#article\",\"isPartOf\":{\"@id\":\"https:\\\/\\\/regiaonews.net.br\\\/2022\\\/2023\\\/08\\\/26\\\/marcas-apostam-em-ativacoes-criativas-na-68a-festa-do-peao-de-barretos\\\/\"},\"author\":{\"name\":\"Roberto\",\"@id\":\"https:\\\/\\\/regiaonews.net.br\\\/2022\\\/#\\\/schema\\\/person\\\/2d205a608a5aa97ac279d7a5e6d89ad8\"},\"headline\":\"Marcas apostam em ativa\u00e7\u00f5es criativas na 68\u00aa Festa do Pe\u00e3o de Barretos\",\"datePublished\":\"2023-08-26T17:50:04+00:00\",\"mainEntityOfPage\":{\"@id\":\"https:\\\/\\\/regiaonews.net.br\\\/2022\\\/2023\\\/08\\\/26\\\/marcas-apostam-em-ativacoes-criativas-na-68a-festa-do-peao-de-barretos\\\/\"},\"wordCount\":741,\"commentCount\":0,\"publisher\":{\"@id\":\"https:\\\/\\\/regiaonews.net.br\\\/2022\\\/#organization\"},\"image\":{\"@id\":\"https:\\\/\\\/regiaonews.net.br\\\/2022\\\/2023\\\/08\\\/26\\\/marcas-apostam-em-ativacoes-criativas-na-68a-festa-do-peao-de-barretos\\\/#primaryimage\"},\"thumbnailUrl\":\"https:\\\/\\\/regiaonews.net.br\\\/2022\\\/wp-content\\\/uploads\\\/2023\\\/08\\\/WhatsApp-Image-2023-08-25-at-14.03.58.jpeg\",\"articleSection\":[\"Barretos\",\"Festa do Pe\u00e3o\"],\"inLanguage\":\"pt-BR\",\"potentialAction\":[{\"@type\":\"CommentAction\",\"name\":\"Comment\",\"target\":[\"https:\\\/\\\/regiaonews.net.br\\\/2022\\\/2023\\\/08\\\/26\\\/marcas-apostam-em-ativacoes-criativas-na-68a-festa-do-peao-de-barretos\\\/#respond\"]}]},{\"@type\":\"WebPage\",\"@id\":\"https:\\\/\\\/regiaonews.net.br\\\/2022\\\/2023\\\/08\\\/26\\\/marcas-apostam-em-ativacoes-criativas-na-68a-festa-do-peao-de-barretos\\\/\",\"url\":\"https:\\\/\\\/regiaonews.net.br\\\/2022\\\/2023\\\/08\\\/26\\\/marcas-apostam-em-ativacoes-criativas-na-68a-festa-do-peao-de-barretos\\\/\",\"name\":\"Marcas apostam em ativa\u00e7\u00f5es criativas na 68\u00aa Festa do Pe\u00e3o de Barretos - Regi\u00e3o News\",\"isPartOf\":{\"@id\":\"https:\\\/\\\/regiaonews.net.br\\\/2022\\\/#website\"},\"primaryImageOfPage\":{\"@id\":\"https:\\\/\\\/regiaonews.net.br\\\/2022\\\/2023\\\/08\\\/26\\\/marcas-apostam-em-ativacoes-criativas-na-68a-festa-do-peao-de-barretos\\\/#primaryimage\"},\"image\":{\"@id\":\"https:\\\/\\\/regiaonews.net.br\\\/2022\\\/2023\\\/08\\\/26\\\/marcas-apostam-em-ativacoes-criativas-na-68a-festa-do-peao-de-barretos\\\/#primaryimage\"},\"thumbnailUrl\":\"https:\\\/\\\/regiaonews.net.br\\\/2022\\\/wp-content\\\/uploads\\\/2023\\\/08\\\/WhatsApp-Image-2023-08-25-at-14.03.58.jpeg\",\"datePublished\":\"2023-08-26T17:50:04+00:00\",\"breadcrumb\":{\"@id\":\"https:\\\/\\\/regiaonews.net.br\\\/2022\\\/2023\\\/08\\\/26\\\/marcas-apostam-em-ativacoes-criativas-na-68a-festa-do-peao-de-barretos\\\/#breadcrumb\"},\"inLanguage\":\"pt-BR\",\"potentialAction\":[{\"@type\":\"ReadAction\",\"target\":[\"https:\\\/\\\/regiaonews.net.br\\\/2022\\\/2023\\\/08\\\/26\\\/marcas-apostam-em-ativacoes-criativas-na-68a-festa-do-peao-de-barretos\\\/\"]}]},{\"@type\":\"ImageObject\",\"inLanguage\":\"pt-BR\",\"@id\":\"https:\\\/\\\/regiaonews.net.br\\\/2022\\\/2023\\\/08\\\/26\\\/marcas-apostam-em-ativacoes-criativas-na-68a-festa-do-peao-de-barretos\\\/#primaryimage\",\"url\":\"https:\\\/\\\/regiaonews.net.br\\\/2022\\\/wp-content\\\/uploads\\\/2023\\\/08\\\/WhatsApp-Image-2023-08-25-at-14.03.58.jpeg\",\"contentUrl\":\"https:\\\/\\\/regiaonews.net.br\\\/2022\\\/wp-content\\\/uploads\\\/2023\\\/08\\\/WhatsApp-Image-2023-08-25-at-14.03.58.jpeg\",\"width\":1600,\"height\":1066},{\"@type\":\"BreadcrumbList\",\"@id\":\"https:\\\/\\\/regiaonews.net.br\\\/2022\\\/2023\\\/08\\\/26\\\/marcas-apostam-em-ativacoes-criativas-na-68a-festa-do-peao-de-barretos\\\/#breadcrumb\",\"itemListElement\":[{\"@type\":\"ListItem\",\"position\":1,\"name\":\"In\u00edcio\",\"item\":\"https:\\\/\\\/regiaonews.net.br\\\/2022\\\/\"},{\"@type\":\"ListItem\",\"position\":2,\"name\":\"Marcas apostam em ativa\u00e7\u00f5es criativas na 68\u00aa Festa do Pe\u00e3o de Barretos\"}]},{\"@type\":\"WebSite\",\"@id\":\"https:\\\/\\\/regiaonews.net.br\\\/2022\\\/#website\",\"url\":\"https:\\\/\\\/regiaonews.net.br\\\/2022\\\/\",\"name\":\"Regi\u00e3o News\",\"description\":\"Site de Not\u00edcias de Barretos e regi\u00e3o\",\"publisher\":{\"@id\":\"https:\\\/\\\/regiaonews.net.br\\\/2022\\\/#organization\"},\"potentialAction\":[{\"@type\":\"SearchAction\",\"target\":{\"@type\":\"EntryPoint\",\"urlTemplate\":\"https:\\\/\\\/regiaonews.net.br\\\/2022\\\/?s={search_term_string}\"},\"query-input\":{\"@type\":\"PropertyValueSpecification\",\"valueRequired\":true,\"valueName\":\"search_term_string\"}}],\"inLanguage\":\"pt-BR\"},{\"@type\":\"Organization\",\"@id\":\"https:\\\/\\\/regiaonews.net.br\\\/2022\\\/#organization\",\"name\":\"Regi\u00e3o News\",\"url\":\"https:\\\/\\\/regiaonews.net.br\\\/2022\\\/\",\"logo\":{\"@type\":\"ImageObject\",\"inLanguage\":\"pt-BR\",\"@id\":\"https:\\\/\\\/regiaonews.net.br\\\/2022\\\/#\\\/schema\\\/logo\\\/image\\\/\",\"url\":\"https:\\\/\\\/regiaonews.net.br\\\/2022\\\/wp-content\\\/uploads\\\/2026\\\/03\\\/regiao-13-anos-scaled.jpg\",\"contentUrl\":\"https:\\\/\\\/regiaonews.net.br\\\/2022\\\/wp-content\\\/uploads\\\/2026\\\/03\\\/regiao-13-anos-scaled.jpg\",\"width\":2560,\"height\":635,\"caption\":\"Regi\u00e3o News\"},\"image\":{\"@id\":\"https:\\\/\\\/regiaonews.net.br\\\/2022\\\/#\\\/schema\\\/logo\\\/image\\\/\"}},{\"@type\":\"Person\",\"@id\":\"https:\\\/\\\/regiaonews.net.br\\\/2022\\\/#\\\/schema\\\/person\\\/2d205a608a5aa97ac279d7a5e6d89ad8\",\"name\":\"Roberto\",\"image\":{\"@type\":\"ImageObject\",\"inLanguage\":\"pt-BR\",\"@id\":\"https:\\\/\\\/secure.gravatar.com\\\/avatar\\\/42749d8b712ff9d59ca93dc150494e5b55a44134482993f5baeb97e61b7ecc89?s=96&d=mm&r=g\",\"url\":\"https:\\\/\\\/secure.gravatar.com\\\/avatar\\\/42749d8b712ff9d59ca93dc150494e5b55a44134482993f5baeb97e61b7ecc89?s=96&d=mm&r=g\",\"contentUrl\":\"https:\\\/\\\/secure.gravatar.com\\\/avatar\\\/42749d8b712ff9d59ca93dc150494e5b55a44134482993f5baeb97e61b7ecc89?s=96&d=mm&r=g\",\"caption\":\"Roberto\"},\"url\":\"https:\\\/\\\/regiaonews.net.br\\\/2022\\\/author\\\/roberto\\\/\"}]}<\/script>\n<!-- \/ Yoast SEO plugin. -->","yoast_head_json":{"title":"Marcas apostam em ativa\u00e7\u00f5es criativas na 68\u00aa Festa do Pe\u00e3o de Barretos - Regi\u00e3o News","robots":{"index":"index","follow":"follow","max-snippet":"max-snippet:-1","max-image-preview":"max-image-preview:large","max-video-preview":"max-video-preview:-1"},"canonical":"https:\/\/regiaonews.net.br\/2022\/2023\/08\/26\/marcas-apostam-em-ativacoes-criativas-na-68a-festa-do-peao-de-barretos\/","og_locale":"pt_BR","og_type":"article","og_title":"Marcas apostam em ativa\u00e7\u00f5es criativas na 68\u00aa Festa do Pe\u00e3o de Barretos - Regi\u00e3o News","og_description":"&nbsp; Evento que acontece at\u00e9 domingo, no Parque do Pe\u00e3o,","og_url":"https:\/\/regiaonews.net.br\/2022\/2023\/08\/26\/marcas-apostam-em-ativacoes-criativas-na-68a-festa-do-peao-de-barretos\/","og_site_name":"Regi\u00e3o News","article_published_time":"2023-08-26T17:50:04+00:00","og_image":[{"width":1600,"height":1066,"url":"https:\/\/regiaonews.net.br\/2022\/wp-content\/uploads\/2023\/08\/WhatsApp-Image-2023-08-25-at-14.03.58.jpeg","type":"image\/jpeg"}],"author":"Roberto","twitter_card":"summary_large_image","twitter_misc":{"Escrito por":"Roberto","Est. tempo de leitura":"4 minutos"},"schema":{"@context":"https:\/\/schema.org","@graph":[{"@type":"Article","@id":"https:\/\/regiaonews.net.br\/2022\/2023\/08\/26\/marcas-apostam-em-ativacoes-criativas-na-68a-festa-do-peao-de-barretos\/#article","isPartOf":{"@id":"https:\/\/regiaonews.net.br\/2022\/2023\/08\/26\/marcas-apostam-em-ativacoes-criativas-na-68a-festa-do-peao-de-barretos\/"},"author":{"name":"Roberto","@id":"https:\/\/regiaonews.net.br\/2022\/#\/schema\/person\/2d205a608a5aa97ac279d7a5e6d89ad8"},"headline":"Marcas apostam em ativa\u00e7\u00f5es criativas na 68\u00aa Festa do Pe\u00e3o de Barretos","datePublished":"2023-08-26T17:50:04+00:00","mainEntityOfPage":{"@id":"https:\/\/regiaonews.net.br\/2022\/2023\/08\/26\/marcas-apostam-em-ativacoes-criativas-na-68a-festa-do-peao-de-barretos\/"},"wordCount":741,"commentCount":0,"publisher":{"@id":"https:\/\/regiaonews.net.br\/2022\/#organization"},"image":{"@id":"https:\/\/regiaonews.net.br\/2022\/2023\/08\/26\/marcas-apostam-em-ativacoes-criativas-na-68a-festa-do-peao-de-barretos\/#primaryimage"},"thumbnailUrl":"https:\/\/regiaonews.net.br\/2022\/wp-content\/uploads\/2023\/08\/WhatsApp-Image-2023-08-25-at-14.03.58.jpeg","articleSection":["Barretos","Festa do Pe\u00e3o"],"inLanguage":"pt-BR","potentialAction":[{"@type":"CommentAction","name":"Comment","target":["https:\/\/regiaonews.net.br\/2022\/2023\/08\/26\/marcas-apostam-em-ativacoes-criativas-na-68a-festa-do-peao-de-barretos\/#respond"]}]},{"@type":"WebPage","@id":"https:\/\/regiaonews.net.br\/2022\/2023\/08\/26\/marcas-apostam-em-ativacoes-criativas-na-68a-festa-do-peao-de-barretos\/","url":"https:\/\/regiaonews.net.br\/2022\/2023\/08\/26\/marcas-apostam-em-ativacoes-criativas-na-68a-festa-do-peao-de-barretos\/","name":"Marcas apostam em ativa\u00e7\u00f5es criativas na 68\u00aa Festa do Pe\u00e3o de Barretos - Regi\u00e3o News","isPartOf":{"@id":"https:\/\/regiaonews.net.br\/2022\/#website"},"primaryImageOfPage":{"@id":"https:\/\/regiaonews.net.br\/2022\/2023\/08\/26\/marcas-apostam-em-ativacoes-criativas-na-68a-festa-do-peao-de-barretos\/#primaryimage"},"image":{"@id":"https:\/\/regiaonews.net.br\/2022\/2023\/08\/26\/marcas-apostam-em-ativacoes-criativas-na-68a-festa-do-peao-de-barretos\/#primaryimage"},"thumbnailUrl":"https:\/\/regiaonews.net.br\/2022\/wp-content\/uploads\/2023\/08\/WhatsApp-Image-2023-08-25-at-14.03.58.jpeg","datePublished":"2023-08-26T17:50:04+00:00","breadcrumb":{"@id":"https:\/\/regiaonews.net.br\/2022\/2023\/08\/26\/marcas-apostam-em-ativacoes-criativas-na-68a-festa-do-peao-de-barretos\/#breadcrumb"},"inLanguage":"pt-BR","potentialAction":[{"@type":"ReadAction","target":["https:\/\/regiaonews.net.br\/2022\/2023\/08\/26\/marcas-apostam-em-ativacoes-criativas-na-68a-festa-do-peao-de-barretos\/"]}]},{"@type":"ImageObject","inLanguage":"pt-BR","@id":"https:\/\/regiaonews.net.br\/2022\/2023\/08\/26\/marcas-apostam-em-ativacoes-criativas-na-68a-festa-do-peao-de-barretos\/#primaryimage","url":"https:\/\/regiaonews.net.br\/2022\/wp-content\/uploads\/2023\/08\/WhatsApp-Image-2023-08-25-at-14.03.58.jpeg","contentUrl":"https:\/\/regiaonews.net.br\/2022\/wp-content\/uploads\/2023\/08\/WhatsApp-Image-2023-08-25-at-14.03.58.jpeg","width":1600,"height":1066},{"@type":"BreadcrumbList","@id":"https:\/\/regiaonews.net.br\/2022\/2023\/08\/26\/marcas-apostam-em-ativacoes-criativas-na-68a-festa-do-peao-de-barretos\/#breadcrumb","itemListElement":[{"@type":"ListItem","position":1,"name":"In\u00edcio","item":"https:\/\/regiaonews.net.br\/2022\/"},{"@type":"ListItem","position":2,"name":"Marcas apostam em ativa\u00e7\u00f5es criativas na 68\u00aa Festa do Pe\u00e3o de Barretos"}]},{"@type":"WebSite","@id":"https:\/\/regiaonews.net.br\/2022\/#website","url":"https:\/\/regiaonews.net.br\/2022\/","name":"Regi\u00e3o News","description":"Site de Not\u00edcias de Barretos e regi\u00e3o","publisher":{"@id":"https:\/\/regiaonews.net.br\/2022\/#organization"},"potentialAction":[{"@type":"SearchAction","target":{"@type":"EntryPoint","urlTemplate":"https:\/\/regiaonews.net.br\/2022\/?s={search_term_string}"},"query-input":{"@type":"PropertyValueSpecification","valueRequired":true,"valueName":"search_term_string"}}],"inLanguage":"pt-BR"},{"@type":"Organization","@id":"https:\/\/regiaonews.net.br\/2022\/#organization","name":"Regi\u00e3o News","url":"https:\/\/regiaonews.net.br\/2022\/","logo":{"@type":"ImageObject","inLanguage":"pt-BR","@id":"https:\/\/regiaonews.net.br\/2022\/#\/schema\/logo\/image\/","url":"https:\/\/regiaonews.net.br\/2022\/wp-content\/uploads\/2026\/03\/regiao-13-anos-scaled.jpg","contentUrl":"https:\/\/regiaonews.net.br\/2022\/wp-content\/uploads\/2026\/03\/regiao-13-anos-scaled.jpg","width":2560,"height":635,"caption":"Regi\u00e3o News"},"image":{"@id":"https:\/\/regiaonews.net.br\/2022\/#\/schema\/logo\/image\/"}},{"@type":"Person","@id":"https:\/\/regiaonews.net.br\/2022\/#\/schema\/person\/2d205a608a5aa97ac279d7a5e6d89ad8","name":"Roberto","image":{"@type":"ImageObject","inLanguage":"pt-BR","@id":"https:\/\/secure.gravatar.com\/avatar\/42749d8b712ff9d59ca93dc150494e5b55a44134482993f5baeb97e61b7ecc89?s=96&d=mm&r=g","url":"https:\/\/secure.gravatar.com\/avatar\/42749d8b712ff9d59ca93dc150494e5b55a44134482993f5baeb97e61b7ecc89?s=96&d=mm&r=g","contentUrl":"https:\/\/secure.gravatar.com\/avatar\/42749d8b712ff9d59ca93dc150494e5b55a44134482993f5baeb97e61b7ecc89?s=96&d=mm&r=g","caption":"Roberto"},"url":"https:\/\/regiaonews.net.br\/2022\/author\/roberto\/"}]}},"publishpress_future_action":{"enabled":false,"date":"2026-05-10 12:05:55","action":"change-status","newStatus":"draft","terms":[],"taxonomy":"category","extraData":[]},"publishpress_future_workflow_manual_trigger":{"enabledWorkflows":[]},"_links":{"self":[{"href":"https:\/\/regiaonews.net.br\/2022\/wp-json\/wp\/v2\/posts\/94154","targetHints":{"allow":["GET"]}}],"collection":[{"href":"https:\/\/regiaonews.net.br\/2022\/wp-json\/wp\/v2\/posts"}],"about":[{"href":"https:\/\/regiaonews.net.br\/2022\/wp-json\/wp\/v2\/types\/post"}],"author":[{"embeddable":true,"href":"https:\/\/regiaonews.net.br\/2022\/wp-json\/wp\/v2\/users\/2"}],"replies":[{"embeddable":true,"href":"https:\/\/regiaonews.net.br\/2022\/wp-json\/wp\/v2\/comments?post=94154"}],"version-history":[{"count":1,"href":"https:\/\/regiaonews.net.br\/2022\/wp-json\/wp\/v2\/posts\/94154\/revisions"}],"predecessor-version":[{"id":94156,"href":"https:\/\/regiaonews.net.br\/2022\/wp-json\/wp\/v2\/posts\/94154\/revisions\/94156"}],"wp:featuredmedia":[{"embeddable":true,"href":"https:\/\/regiaonews.net.br\/2022\/wp-json\/wp\/v2\/media\/94155"}],"wp:attachment":[{"href":"https:\/\/regiaonews.net.br\/2022\/wp-json\/wp\/v2\/media?parent=94154"}],"wp:term":[{"taxonomy":"category","embeddable":true,"href":"https:\/\/regiaonews.net.br\/2022\/wp-json\/wp\/v2\/categories?post=94154"},{"taxonomy":"post_tag","embeddable":true,"href":"https:\/\/regiaonews.net.br\/2022\/wp-json\/wp\/v2\/tags?post=94154"}],"curies":[{"name":"wp","href":"https:\/\/api.w.org\/{rel}","templated":true}]}}