{"id":93899,"date":"2023-08-22T17:17:42","date_gmt":"2023-08-22T20:17:42","guid":{"rendered":"https:\/\/regiaonews.net.br\/2022\/?p=93899"},"modified":"2023-08-22T17:18:47","modified_gmt":"2023-08-22T20:18:47","slug":"policiamento-rodoviario-prende-motorista-por-trafico-de-droga","status":"publish","type":"post","link":"https:\/\/regiaonews.net.br\/2022\/2023\/08\/22\/policiamento-rodoviario-prende-motorista-por-trafico-de-droga\/","title":{"rendered":"Policiamento Rodovi\u00e1rio prende motorista  por tr\u00e1fico de droga"},"content":{"rendered":"<p>&nbsp;<\/p>\n<p>Em a\u00e7\u00e3o de fiscaliza\u00e7\u00e3o realizada na pra\u00e7a de ped\u00e1gio durante Opera\u00e7\u00e3o Impacto, na tarde desta ter\u00e7a\u00a0 (22), \u00e0s 13hs,\u00a0 os policias rodovi\u00e1rios observaram\u00a0 o nervosismo do motorista de um ve\u00edculo\u00a0 Toyota\/Corolla com a presen\u00e7a policial, inclusive mudando de faixa de cabine para n\u00e3o ser abordado. Em abordagem realizada,\u00a0 mas nada de ilegal foi localizado de in\u00edcio, contudo mas devido as informa\u00e7\u00f5es desconexas foi solicitado apoio ao T\u00e1tico Ostensivo Rodovi\u00e1rio e ao Canil BAEP, onde foram\u00a0 localizados 2 tabletes de droga, aparentando coca\u00edna, num fundo falso no banco traseiro do ve\u00edculo, totalizando 2,150 kg. O condutor tentou empreender fuga a p\u00e9 mas foi preso, juntamente com o ve\u00edculo e a\u00a0 droga foram\u00a0 apreendidos, sendo condutor preso em flagrante.<\/p>\n","protected":false},"excerpt":{"rendered":"<p>&nbsp; Em a\u00e7\u00e3o de fiscaliza\u00e7\u00e3o realizada na pra\u00e7a de ped\u00e1gio<\/p>\n","protected":false},"author":2,"featured_media":93901,"comment_status":"open","ping_status":"open","sticky":false,"template":"","format":"standard","meta":{"footnotes":""},"categories":[11,23],"tags":[],"class_list":["post-93899","post","type-post","status-publish","format-standard","has-post-thumbnail","hentry","category-jaboticabal","category-policia"],"yoast_head":"<!-- This site is optimized with the Yoast SEO plugin v27.4 - https:\/\/yoast.com\/product\/yoast-seo-wordpress\/ -->\n<title>Policiamento Rodovi\u00e1rio prende motorista por tr\u00e1fico de droga<\/title>\n<meta name=\"description\" content=\"Em a\u00e7\u00e3o de fiscaliza\u00e7\u00e3o realizada na pra\u00e7a de ped\u00e1gio durante Opera\u00e7\u00e3o Impacto, na tarde desta ter\u00e7a\u00a0 (22), \u00e0s 13hs,\u00a0 os policias rodovi\u00e1rios\" \/>\n<meta name=\"robots\" content=\"index, follow, max-snippet:-1, max-image-preview:large, max-video-preview:-1\" \/>\n<link rel=\"canonical\" href=\"https:\/\/regiaonews.net.br\/2022\/2023\/08\/22\/policiamento-rodoviario-prende-motorista-por-trafico-de-droga\/\" \/>\n<meta property=\"og:locale\" content=\"pt_BR\" \/>\n<meta property=\"og:type\" content=\"article\" \/>\n<meta property=\"og:title\" content=\"Policiamento Rodovi\u00e1rio prende motorista por tr\u00e1fico de droga\" \/>\n<meta property=\"og:description\" content=\"Em a\u00e7\u00e3o de fiscaliza\u00e7\u00e3o realizada na pra\u00e7a de ped\u00e1gio durante Opera\u00e7\u00e3o Impacto, na tarde desta ter\u00e7a\u00a0 (22), \u00e0s 13hs,\u00a0 os policias rodovi\u00e1rios\" \/>\n<meta property=\"og:url\" content=\"https:\/\/regiaonews.net.br\/2022\/2023\/08\/22\/policiamento-rodoviario-prende-motorista-por-trafico-de-droga\/\" \/>\n<meta property=\"og:site_name\" content=\"Regi\u00e3o News\" \/>\n<meta property=\"article:published_time\" content=\"2023-08-22T20:17:42+00:00\" \/>\n<meta property=\"article:modified_time\" content=\"2023-08-22T20:18:47+00:00\" \/>\n<meta property=\"og:image\" content=\"https:\/\/regiaonews.net.br\/2022\/wp-content\/uploads\/2023\/08\/WhatsApp-Image-2023-08-22-at-16.48.14.jpeg\" \/>\n\t<meta property=\"og:image:width\" content=\"848\" \/>\n\t<meta property=\"og:image:height\" content=\"480\" \/>\n\t<meta property=\"og:image:type\" content=\"image\/jpeg\" \/>\n<meta name=\"author\" content=\"Roberto\" \/>\n<meta name=\"twitter:card\" content=\"summary_large_image\" \/>\n<meta name=\"twitter:label1\" content=\"Escrito por\" \/>\n\t<meta name=\"twitter:data1\" content=\"Roberto\" \/>\n\t<meta name=\"twitter:label2\" content=\"Est. tempo de leitura\" \/>\n\t<meta name=\"twitter:data2\" content=\"1 minuto\" \/>\n<script type=\"application\/ld+json\" class=\"yoast-schema-graph\">{\"@context\":\"https:\\\/\\\/schema.org\",\"@graph\":[{\"@type\":\"Article\",\"@id\":\"https:\\\/\\\/regiaonews.net.br\\\/2022\\\/2023\\\/08\\\/22\\\/policiamento-rodoviario-prende-motorista-por-trafico-de-droga\\\/#article\",\"isPartOf\":{\"@id\":\"https:\\\/\\\/regiaonews.net.br\\\/2022\\\/2023\\\/08\\\/22\\\/policiamento-rodoviario-prende-motorista-por-trafico-de-droga\\\/\"},\"author\":{\"name\":\"Roberto\",\"@id\":\"https:\\\/\\\/regiaonews.net.br\\\/2022\\\/#\\\/schema\\\/person\\\/2d205a608a5aa97ac279d7a5e6d89ad8\"},\"headline\":\"Policiamento Rodovi\u00e1rio prende motorista por tr\u00e1fico de droga\",\"datePublished\":\"2023-08-22T20:17:42+00:00\",\"dateModified\":\"2023-08-22T20:18:47+00:00\",\"mainEntityOfPage\":{\"@id\":\"https:\\\/\\\/regiaonews.net.br\\\/2022\\\/2023\\\/08\\\/22\\\/policiamento-rodoviario-prende-motorista-por-trafico-de-droga\\\/\"},\"wordCount\":143,\"commentCount\":0,\"publisher\":{\"@id\":\"https:\\\/\\\/regiaonews.net.br\\\/2022\\\/#organization\"},\"image\":{\"@id\":\"https:\\\/\\\/regiaonews.net.br\\\/2022\\\/2023\\\/08\\\/22\\\/policiamento-rodoviario-prende-motorista-por-trafico-de-droga\\\/#primaryimage\"},\"thumbnailUrl\":\"https:\\\/\\\/regiaonews.net.br\\\/2022\\\/wp-content\\\/uploads\\\/2023\\\/08\\\/WhatsApp-Image-2023-08-22-at-16.48.14.jpeg\",\"articleSection\":[\"Jaboticabal\",\"Policia\"],\"inLanguage\":\"pt-BR\",\"potentialAction\":[{\"@type\":\"CommentAction\",\"name\":\"Comment\",\"target\":[\"https:\\\/\\\/regiaonews.net.br\\\/2022\\\/2023\\\/08\\\/22\\\/policiamento-rodoviario-prende-motorista-por-trafico-de-droga\\\/#respond\"]}]},{\"@type\":\"WebPage\",\"@id\":\"https:\\\/\\\/regiaonews.net.br\\\/2022\\\/2023\\\/08\\\/22\\\/policiamento-rodoviario-prende-motorista-por-trafico-de-droga\\\/\",\"url\":\"https:\\\/\\\/regiaonews.net.br\\\/2022\\\/2023\\\/08\\\/22\\\/policiamento-rodoviario-prende-motorista-por-trafico-de-droga\\\/\",\"name\":\"Policiamento Rodovi\u00e1rio prende motorista por tr\u00e1fico de droga\",\"isPartOf\":{\"@id\":\"https:\\\/\\\/regiaonews.net.br\\\/2022\\\/#website\"},\"primaryImageOfPage\":{\"@id\":\"https:\\\/\\\/regiaonews.net.br\\\/2022\\\/2023\\\/08\\\/22\\\/policiamento-rodoviario-prende-motorista-por-trafico-de-droga\\\/#primaryimage\"},\"image\":{\"@id\":\"https:\\\/\\\/regiaonews.net.br\\\/2022\\\/2023\\\/08\\\/22\\\/policiamento-rodoviario-prende-motorista-por-trafico-de-droga\\\/#primaryimage\"},\"thumbnailUrl\":\"https:\\\/\\\/regiaonews.net.br\\\/2022\\\/wp-content\\\/uploads\\\/2023\\\/08\\\/WhatsApp-Image-2023-08-22-at-16.48.14.jpeg\",\"datePublished\":\"2023-08-22T20:17:42+00:00\",\"dateModified\":\"2023-08-22T20:18:47+00:00\",\"description\":\"Em a\u00e7\u00e3o de fiscaliza\u00e7\u00e3o realizada na pra\u00e7a de ped\u00e1gio durante Opera\u00e7\u00e3o Impacto, na tarde desta ter\u00e7a\u00a0 (22), \u00e0s 13hs,\u00a0 os policias rodovi\u00e1rios\",\"breadcrumb\":{\"@id\":\"https:\\\/\\\/regiaonews.net.br\\\/2022\\\/2023\\\/08\\\/22\\\/policiamento-rodoviario-prende-motorista-por-trafico-de-droga\\\/#breadcrumb\"},\"inLanguage\":\"pt-BR\",\"potentialAction\":[{\"@type\":\"ReadAction\",\"target\":[\"https:\\\/\\\/regiaonews.net.br\\\/2022\\\/2023\\\/08\\\/22\\\/policiamento-rodoviario-prende-motorista-por-trafico-de-droga\\\/\"]}]},{\"@type\":\"ImageObject\",\"inLanguage\":\"pt-BR\",\"@id\":\"https:\\\/\\\/regiaonews.net.br\\\/2022\\\/2023\\\/08\\\/22\\\/policiamento-rodoviario-prende-motorista-por-trafico-de-droga\\\/#primaryimage\",\"url\":\"https:\\\/\\\/regiaonews.net.br\\\/2022\\\/wp-content\\\/uploads\\\/2023\\\/08\\\/WhatsApp-Image-2023-08-22-at-16.48.14.jpeg\",\"contentUrl\":\"https:\\\/\\\/regiaonews.net.br\\\/2022\\\/wp-content\\\/uploads\\\/2023\\\/08\\\/WhatsApp-Image-2023-08-22-at-16.48.14.jpeg\",\"width\":848,\"height\":480},{\"@type\":\"BreadcrumbList\",\"@id\":\"https:\\\/\\\/regiaonews.net.br\\\/2022\\\/2023\\\/08\\\/22\\\/policiamento-rodoviario-prende-motorista-por-trafico-de-droga\\\/#breadcrumb\",\"itemListElement\":[{\"@type\":\"ListItem\",\"position\":1,\"name\":\"In\u00edcio\",\"item\":\"https:\\\/\\\/regiaonews.net.br\\\/2022\\\/\"},{\"@type\":\"ListItem\",\"position\":2,\"name\":\"Policiamento Rodovi\u00e1rio prende motorista por tr\u00e1fico de droga\"}]},{\"@type\":\"WebSite\",\"@id\":\"https:\\\/\\\/regiaonews.net.br\\\/2022\\\/#website\",\"url\":\"https:\\\/\\\/regiaonews.net.br\\\/2022\\\/\",\"name\":\"Regi\u00e3o News\",\"description\":\"Site de Not\u00edcias de Barretos e regi\u00e3o\",\"publisher\":{\"@id\":\"https:\\\/\\\/regiaonews.net.br\\\/2022\\\/#organization\"},\"potentialAction\":[{\"@type\":\"SearchAction\",\"target\":{\"@type\":\"EntryPoint\",\"urlTemplate\":\"https:\\\/\\\/regiaonews.net.br\\\/2022\\\/?s={search_term_string}\"},\"query-input\":{\"@type\":\"PropertyValueSpecification\",\"valueRequired\":true,\"valueName\":\"search_term_string\"}}],\"inLanguage\":\"pt-BR\"},{\"@type\":\"Organization\",\"@id\":\"https:\\\/\\\/regiaonews.net.br\\\/2022\\\/#organization\",\"name\":\"Regi\u00e3o News\",\"url\":\"https:\\\/\\\/regiaonews.net.br\\\/2022\\\/\",\"logo\":{\"@type\":\"ImageObject\",\"inLanguage\":\"pt-BR\",\"@id\":\"https:\\\/\\\/regiaonews.net.br\\\/2022\\\/#\\\/schema\\\/logo\\\/image\\\/\",\"url\":\"https:\\\/\\\/regiaonews.net.br\\\/2022\\\/wp-content\\\/uploads\\\/2026\\\/03\\\/regiao-13-anos-scaled.jpg\",\"contentUrl\":\"https:\\\/\\\/regiaonews.net.br\\\/2022\\\/wp-content\\\/uploads\\\/2026\\\/03\\\/regiao-13-anos-scaled.jpg\",\"width\":2560,\"height\":635,\"caption\":\"Regi\u00e3o News\"},\"image\":{\"@id\":\"https:\\\/\\\/regiaonews.net.br\\\/2022\\\/#\\\/schema\\\/logo\\\/image\\\/\"}},{\"@type\":\"Person\",\"@id\":\"https:\\\/\\\/regiaonews.net.br\\\/2022\\\/#\\\/schema\\\/person\\\/2d205a608a5aa97ac279d7a5e6d89ad8\",\"name\":\"Roberto\",\"image\":{\"@type\":\"ImageObject\",\"inLanguage\":\"pt-BR\",\"@id\":\"https:\\\/\\\/secure.gravatar.com\\\/avatar\\\/42749d8b712ff9d59ca93dc150494e5b55a44134482993f5baeb97e61b7ecc89?s=96&d=mm&r=g\",\"url\":\"https:\\\/\\\/secure.gravatar.com\\\/avatar\\\/42749d8b712ff9d59ca93dc150494e5b55a44134482993f5baeb97e61b7ecc89?s=96&d=mm&r=g\",\"contentUrl\":\"https:\\\/\\\/secure.gravatar.com\\\/avatar\\\/42749d8b712ff9d59ca93dc150494e5b55a44134482993f5baeb97e61b7ecc89?s=96&d=mm&r=g\",\"caption\":\"Roberto\"},\"url\":\"https:\\\/\\\/regiaonews.net.br\\\/2022\\\/author\\\/roberto\\\/\"}]}<\/script>\n<!-- \/ Yoast SEO plugin. -->","yoast_head_json":{"title":"Policiamento Rodovi\u00e1rio prende motorista por tr\u00e1fico de droga","description":"Em a\u00e7\u00e3o de fiscaliza\u00e7\u00e3o realizada na pra\u00e7a de ped\u00e1gio durante Opera\u00e7\u00e3o Impacto, na tarde desta ter\u00e7a\u00a0 (22), \u00e0s 13hs,\u00a0 os policias rodovi\u00e1rios","robots":{"index":"index","follow":"follow","max-snippet":"max-snippet:-1","max-image-preview":"max-image-preview:large","max-video-preview":"max-video-preview:-1"},"canonical":"https:\/\/regiaonews.net.br\/2022\/2023\/08\/22\/policiamento-rodoviario-prende-motorista-por-trafico-de-droga\/","og_locale":"pt_BR","og_type":"article","og_title":"Policiamento Rodovi\u00e1rio prende motorista por tr\u00e1fico de droga","og_description":"Em a\u00e7\u00e3o de fiscaliza\u00e7\u00e3o realizada na pra\u00e7a de ped\u00e1gio durante Opera\u00e7\u00e3o Impacto, na tarde desta ter\u00e7a\u00a0 (22), \u00e0s 13hs,\u00a0 os policias rodovi\u00e1rios","og_url":"https:\/\/regiaonews.net.br\/2022\/2023\/08\/22\/policiamento-rodoviario-prende-motorista-por-trafico-de-droga\/","og_site_name":"Regi\u00e3o News","article_published_time":"2023-08-22T20:17:42+00:00","article_modified_time":"2023-08-22T20:18:47+00:00","og_image":[{"width":848,"height":480,"url":"https:\/\/regiaonews.net.br\/2022\/wp-content\/uploads\/2023\/08\/WhatsApp-Image-2023-08-22-at-16.48.14.jpeg","type":"image\/jpeg"}],"author":"Roberto","twitter_card":"summary_large_image","twitter_misc":{"Escrito por":"Roberto","Est. tempo de leitura":"1 minuto"},"schema":{"@context":"https:\/\/schema.org","@graph":[{"@type":"Article","@id":"https:\/\/regiaonews.net.br\/2022\/2023\/08\/22\/policiamento-rodoviario-prende-motorista-por-trafico-de-droga\/#article","isPartOf":{"@id":"https:\/\/regiaonews.net.br\/2022\/2023\/08\/22\/policiamento-rodoviario-prende-motorista-por-trafico-de-droga\/"},"author":{"name":"Roberto","@id":"https:\/\/regiaonews.net.br\/2022\/#\/schema\/person\/2d205a608a5aa97ac279d7a5e6d89ad8"},"headline":"Policiamento Rodovi\u00e1rio prende motorista por tr\u00e1fico de droga","datePublished":"2023-08-22T20:17:42+00:00","dateModified":"2023-08-22T20:18:47+00:00","mainEntityOfPage":{"@id":"https:\/\/regiaonews.net.br\/2022\/2023\/08\/22\/policiamento-rodoviario-prende-motorista-por-trafico-de-droga\/"},"wordCount":143,"commentCount":0,"publisher":{"@id":"https:\/\/regiaonews.net.br\/2022\/#organization"},"image":{"@id":"https:\/\/regiaonews.net.br\/2022\/2023\/08\/22\/policiamento-rodoviario-prende-motorista-por-trafico-de-droga\/#primaryimage"},"thumbnailUrl":"https:\/\/regiaonews.net.br\/2022\/wp-content\/uploads\/2023\/08\/WhatsApp-Image-2023-08-22-at-16.48.14.jpeg","articleSection":["Jaboticabal","Policia"],"inLanguage":"pt-BR","potentialAction":[{"@type":"CommentAction","name":"Comment","target":["https:\/\/regiaonews.net.br\/2022\/2023\/08\/22\/policiamento-rodoviario-prende-motorista-por-trafico-de-droga\/#respond"]}]},{"@type":"WebPage","@id":"https:\/\/regiaonews.net.br\/2022\/2023\/08\/22\/policiamento-rodoviario-prende-motorista-por-trafico-de-droga\/","url":"https:\/\/regiaonews.net.br\/2022\/2023\/08\/22\/policiamento-rodoviario-prende-motorista-por-trafico-de-droga\/","name":"Policiamento Rodovi\u00e1rio prende motorista por tr\u00e1fico de droga","isPartOf":{"@id":"https:\/\/regiaonews.net.br\/2022\/#website"},"primaryImageOfPage":{"@id":"https:\/\/regiaonews.net.br\/2022\/2023\/08\/22\/policiamento-rodoviario-prende-motorista-por-trafico-de-droga\/#primaryimage"},"image":{"@id":"https:\/\/regiaonews.net.br\/2022\/2023\/08\/22\/policiamento-rodoviario-prende-motorista-por-trafico-de-droga\/#primaryimage"},"thumbnailUrl":"https:\/\/regiaonews.net.br\/2022\/wp-content\/uploads\/2023\/08\/WhatsApp-Image-2023-08-22-at-16.48.14.jpeg","datePublished":"2023-08-22T20:17:42+00:00","dateModified":"2023-08-22T20:18:47+00:00","description":"Em a\u00e7\u00e3o de fiscaliza\u00e7\u00e3o realizada na pra\u00e7a de ped\u00e1gio durante Opera\u00e7\u00e3o Impacto, na tarde desta ter\u00e7a\u00a0 (22), \u00e0s 13hs,\u00a0 os policias rodovi\u00e1rios","breadcrumb":{"@id":"https:\/\/regiaonews.net.br\/2022\/2023\/08\/22\/policiamento-rodoviario-prende-motorista-por-trafico-de-droga\/#breadcrumb"},"inLanguage":"pt-BR","potentialAction":[{"@type":"ReadAction","target":["https:\/\/regiaonews.net.br\/2022\/2023\/08\/22\/policiamento-rodoviario-prende-motorista-por-trafico-de-droga\/"]}]},{"@type":"ImageObject","inLanguage":"pt-BR","@id":"https:\/\/regiaonews.net.br\/2022\/2023\/08\/22\/policiamento-rodoviario-prende-motorista-por-trafico-de-droga\/#primaryimage","url":"https:\/\/regiaonews.net.br\/2022\/wp-content\/uploads\/2023\/08\/WhatsApp-Image-2023-08-22-at-16.48.14.jpeg","contentUrl":"https:\/\/regiaonews.net.br\/2022\/wp-content\/uploads\/2023\/08\/WhatsApp-Image-2023-08-22-at-16.48.14.jpeg","width":848,"height":480},{"@type":"BreadcrumbList","@id":"https:\/\/regiaonews.net.br\/2022\/2023\/08\/22\/policiamento-rodoviario-prende-motorista-por-trafico-de-droga\/#breadcrumb","itemListElement":[{"@type":"ListItem","position":1,"name":"In\u00edcio","item":"https:\/\/regiaonews.net.br\/2022\/"},{"@type":"ListItem","position":2,"name":"Policiamento Rodovi\u00e1rio prende motorista por tr\u00e1fico de droga"}]},{"@type":"WebSite","@id":"https:\/\/regiaonews.net.br\/2022\/#website","url":"https:\/\/regiaonews.net.br\/2022\/","name":"Regi\u00e3o News","description":"Site de Not\u00edcias de Barretos e regi\u00e3o","publisher":{"@id":"https:\/\/regiaonews.net.br\/2022\/#organization"},"potentialAction":[{"@type":"SearchAction","target":{"@type":"EntryPoint","urlTemplate":"https:\/\/regiaonews.net.br\/2022\/?s={search_term_string}"},"query-input":{"@type":"PropertyValueSpecification","valueRequired":true,"valueName":"search_term_string"}}],"inLanguage":"pt-BR"},{"@type":"Organization","@id":"https:\/\/regiaonews.net.br\/2022\/#organization","name":"Regi\u00e3o News","url":"https:\/\/regiaonews.net.br\/2022\/","logo":{"@type":"ImageObject","inLanguage":"pt-BR","@id":"https:\/\/regiaonews.net.br\/2022\/#\/schema\/logo\/image\/","url":"https:\/\/regiaonews.net.br\/2022\/wp-content\/uploads\/2026\/03\/regiao-13-anos-scaled.jpg","contentUrl":"https:\/\/regiaonews.net.br\/2022\/wp-content\/uploads\/2026\/03\/regiao-13-anos-scaled.jpg","width":2560,"height":635,"caption":"Regi\u00e3o News"},"image":{"@id":"https:\/\/regiaonews.net.br\/2022\/#\/schema\/logo\/image\/"}},{"@type":"Person","@id":"https:\/\/regiaonews.net.br\/2022\/#\/schema\/person\/2d205a608a5aa97ac279d7a5e6d89ad8","name":"Roberto","image":{"@type":"ImageObject","inLanguage":"pt-BR","@id":"https:\/\/secure.gravatar.com\/avatar\/42749d8b712ff9d59ca93dc150494e5b55a44134482993f5baeb97e61b7ecc89?s=96&d=mm&r=g","url":"https:\/\/secure.gravatar.com\/avatar\/42749d8b712ff9d59ca93dc150494e5b55a44134482993f5baeb97e61b7ecc89?s=96&d=mm&r=g","contentUrl":"https:\/\/secure.gravatar.com\/avatar\/42749d8b712ff9d59ca93dc150494e5b55a44134482993f5baeb97e61b7ecc89?s=96&d=mm&r=g","caption":"Roberto"},"url":"https:\/\/regiaonews.net.br\/2022\/author\/roberto\/"}]}},"publishpress_future_action":{"enabled":false,"date":"2026-05-03 10:12:59","action":"change-status","newStatus":"draft","terms":[],"taxonomy":"category","extraData":[]},"publishpress_future_workflow_manual_trigger":{"enabledWorkflows":[]},"_links":{"self":[{"href":"https:\/\/regiaonews.net.br\/2022\/wp-json\/wp\/v2\/posts\/93899","targetHints":{"allow":["GET"]}}],"collection":[{"href":"https:\/\/regiaonews.net.br\/2022\/wp-json\/wp\/v2\/posts"}],"about":[{"href":"https:\/\/regiaonews.net.br\/2022\/wp-json\/wp\/v2\/types\/post"}],"author":[{"embeddable":true,"href":"https:\/\/regiaonews.net.br\/2022\/wp-json\/wp\/v2\/users\/2"}],"replies":[{"embeddable":true,"href":"https:\/\/regiaonews.net.br\/2022\/wp-json\/wp\/v2\/comments?post=93899"}],"version-history":[{"count":1,"href":"https:\/\/regiaonews.net.br\/2022\/wp-json\/wp\/v2\/posts\/93899\/revisions"}],"predecessor-version":[{"id":93902,"href":"https:\/\/regiaonews.net.br\/2022\/wp-json\/wp\/v2\/posts\/93899\/revisions\/93902"}],"wp:featuredmedia":[{"embeddable":true,"href":"https:\/\/regiaonews.net.br\/2022\/wp-json\/wp\/v2\/media\/93901"}],"wp:attachment":[{"href":"https:\/\/regiaonews.net.br\/2022\/wp-json\/wp\/v2\/media?parent=93899"}],"wp:term":[{"taxonomy":"category","embeddable":true,"href":"https:\/\/regiaonews.net.br\/2022\/wp-json\/wp\/v2\/categories?post=93899"},{"taxonomy":"post_tag","embeddable":true,"href":"https:\/\/regiaonews.net.br\/2022\/wp-json\/wp\/v2\/tags?post=93899"}],"curies":[{"name":"wp","href":"https:\/\/api.w.org\/{rel}","templated":true}]}}