{"id":93894,"date":"2023-08-22T15:53:28","date_gmt":"2023-08-22T18:53:28","guid":{"rendered":"https:\/\/regiaonews.net.br\/2022\/?p=93894"},"modified":"2023-08-22T17:20:59","modified_gmt":"2023-08-22T20:20:59","slug":"projeto-educacao-no-transito-e-realizado-no-rancho-do-peaozinho","status":"publish","type":"post","link":"https:\/\/regiaonews.net.br\/2022\/2023\/08\/22\/projeto-educacao-no-transito-e-realizado-no-rancho-do-peaozinho\/","title":{"rendered":"Projeto &#8220;Educa\u00e7\u00e3o no Tr\u00e2nsito&#8221; \u00e9 realizado no Rancho do Pe\u00e3ozinho"},"content":{"rendered":"<p class=\"x_MsoNormal\" align=\"center\"><i>\u00a0<\/i><\/p>\n<p class=\"x_MsoNormal\">O espa\u00e7o do projeto \u201cEduca\u00e7\u00e3o no Tr\u00e2nsito \u2013 Responsabilidade de Todos\u201d instalado no Rancho do Pe\u00e3ozinho em Barretos, que est\u00e1 sendo realizado de 18 a 27 de agosto, em tr\u00eas dias j\u00e1 atendeu mais de 2.500 mil crian\u00e7as durante a 68\u00aa Festa do Pe\u00e3o de Boiadeiro de Barretos. A a\u00e7\u00e3o conta novamente com a parceria do clube \u201cOs Independentes\u201d, Pol\u00edcia Militar Rodovi\u00e1ria e o apoio da ARTESP (Ag\u00eancia Reguladora de Transporte do Estado de S\u00e3o Paulo),<\/p>\n<p class=\"x_MsoNormal\">O projeto est\u00e1 sendo uma das principais atra\u00e7\u00f5es do Rancho do Pe\u00e3ozinho, espa\u00e7o destinado ao p\u00fablico infantil no Parque do Pe\u00e3o, que recebe visitantes de mais de 40 cidades da regi\u00e3o, entre escolas, entidades assistenciais e turistas.<\/p>\n<p class=\"x_MsoBodyText3\">Desde a sua cria\u00e7\u00e3o, o projeto conta com mais de 100 mil visitas infantis. Para atender essa demanda, os visitantes interagem em uma \u00e1rea de aproximadamente 800 metros quadrados onde foi constru\u00edda uma \u201cCidade Mirim\u201d circundada por uma rodovia. Nos \u00faltimos anos, a atra\u00e7\u00e3o educacional teve um dos maiores \u00edndices de aprova\u00e7\u00e3o no espa\u00e7o dedicado ao p\u00fablico infantil.<\/p>\n<p class=\"x_MsoNormal\">Para transmitir as orienta\u00e7\u00f5es sobre as leis de tr\u00e2nsito, o significado das placas de sinaliza\u00e7\u00e3o e medidas de seguran\u00e7a, as crian\u00e7as trafegam pelo circuito em mini-bugues simulando uma situa\u00e7\u00e3o de tr\u00e2nsito real. A atividade \u00e9 realizada com o apoio de monitores volunt\u00e1rios do Jocum (Jovens com uma Miss\u00e3o), da equipe da TEBE e do policial militar rodovi\u00e1rio, que coordena o fluxo dos ve\u00edculos pela rodovia.\u00a0O Jocum tamb\u00e9m tem um espa\u00e7o reservado em nosso quiosque, onde temos apresenta\u00e7\u00e3o de teatros infantis, contos de hist\u00f3rias e intera\u00e7\u00e3o com as crian\u00e7as.<\/p>\n<p class=\"x_MsoNormal\">Al\u00e9m das no\u00e7\u00f5es de seguran\u00e7a no tr\u00e2nsito, os participantes tiveram a oportunidade de participar de brincadeiras com o mascote TEBINHO.<\/p>\n<p class=\"x_MsoBodyTextIndent\">A a\u00e7\u00e3o no Rancho do Pe\u00e3ozinho \u00e9 uma extens\u00e3o do programa que \u00e9 desenvolvido pela TEBE, desde 2001. O projeto itinerante atendeu mais de 60.000 alunos da rede p\u00fablica de ensino. Considerando o p\u00fablico registrado nas edi\u00e7\u00f5es da Festa do Pe\u00e3o de Boiadeiro de Barretos, o \u201cEduca\u00e7\u00e3o no Tr\u00e2nsito \u2013 Responsabilidade de Todos\u201d, j\u00e1 atendeu cerca de 160 mil crian\u00e7as.<\/p>\n<p class=\"x_MsoBodyTextIndent\">E se voc\u00ea ainda n\u00e3o trouxe seus alunos, corre que ainda d\u00e1 tempo de cadastrar e traze-los para o rancho do pe\u00e3ozinho, basta ligar no (17) 3321-0000.<\/p>\n<p><a href=\"https:\/\/regiaonews.net.br\/2022\/wp-content\/uploads\/2023\/08\/tebe-1-2.png\"><img loading=\"lazy\" decoding=\"async\" class=\"alignnone size-medium wp-image-93895\" src=\"https:\/\/regiaonews.net.br\/2022\/wp-content\/uploads\/2023\/08\/tebe-1-2-225x300.png\" alt=\"\" width=\"225\" height=\"300\" srcset=\"https:\/\/regiaonews.net.br\/2022\/wp-content\/uploads\/2023\/08\/tebe-1-2-225x300.png 225w, https:\/\/regiaonews.net.br\/2022\/wp-content\/uploads\/2023\/08\/tebe-1-2-250x334.png 250w, https:\/\/regiaonews.net.br\/2022\/wp-content\/uploads\/2023\/08\/tebe-1-2.png 406w\" sizes=\"auto, (max-width: 225px) 100vw, 225px\" \/><\/a><a href=\"https:\/\/regiaonews.net.br\/2022\/wp-content\/uploads\/2023\/08\/tebe-1-3.png\"><img loading=\"lazy\" decoding=\"async\" class=\"alignnone size-medium wp-image-93896\" src=\"https:\/\/regiaonews.net.br\/2022\/wp-content\/uploads\/2023\/08\/tebe-1-3-249x300.png\" alt=\"\" width=\"249\" height=\"300\" srcset=\"https:\/\/regiaonews.net.br\/2022\/wp-content\/uploads\/2023\/08\/tebe-1-3-249x300.png 249w, https:\/\/regiaonews.net.br\/2022\/wp-content\/uploads\/2023\/08\/tebe-1-3-250x301.png 250w, https:\/\/regiaonews.net.br\/2022\/wp-content\/uploads\/2023\/08\/tebe-1-3.png 414w\" sizes=\"auto, (max-width: 249px) 100vw, 249px\" \/><\/a><\/p>\n<p class=\"x_MsoBodyText3\">\n","protected":false},"excerpt":{"rendered":"<p>\u00a0 O espa\u00e7o do projeto \u201cEduca\u00e7\u00e3o no Tr\u00e2nsito \u2013 Responsabilidade<\/p>\n","protected":false},"author":2,"featured_media":93897,"comment_status":"open","ping_status":"open","sticky":false,"template":"","format":"standard","meta":{"footnotes":""},"categories":[14,25],"tags":[],"class_list":["post-93894","post","type-post","status-publish","format-standard","has-post-thumbnail","hentry","category-barretos","category-cidades"],"yoast_head":"<!-- This site is optimized with the Yoast SEO plugin v27.4 - https:\/\/yoast.com\/product\/yoast-seo-wordpress\/ -->\n<title>Projeto &quot;Educa\u00e7\u00e3o no Tr\u00e2nsito&quot; \u00e9 realizado no Rancho<\/title>\n<meta name=\"description\" content=\"O espa\u00e7o do projeto \u201cEduca\u00e7\u00e3o no Tr\u00e2nsito \u2013 Responsabilidade de Todos\u201d instalado no Rancho do Pe\u00e3ozinho em Barretos, que est\u00e1 sendo realizado\" \/>\n<meta name=\"robots\" content=\"index, follow, max-snippet:-1, max-image-preview:large, max-video-preview:-1\" \/>\n<link rel=\"canonical\" href=\"https:\/\/regiaonews.net.br\/2022\/2023\/08\/22\/projeto-educacao-no-transito-e-realizado-no-rancho-do-peaozinho\/\" \/>\n<meta property=\"og:locale\" content=\"pt_BR\" \/>\n<meta property=\"og:type\" content=\"article\" \/>\n<meta property=\"og:title\" content=\"Projeto &quot;Educa\u00e7\u00e3o no Tr\u00e2nsito&quot; \u00e9 realizado no Rancho\" \/>\n<meta property=\"og:description\" content=\"O espa\u00e7o do projeto \u201cEduca\u00e7\u00e3o no Tr\u00e2nsito \u2013 Responsabilidade de Todos\u201d instalado no Rancho do Pe\u00e3ozinho em Barretos, que est\u00e1 sendo realizado\" \/>\n<meta property=\"og:url\" content=\"https:\/\/regiaonews.net.br\/2022\/2023\/08\/22\/projeto-educacao-no-transito-e-realizado-no-rancho-do-peaozinho\/\" \/>\n<meta property=\"og:site_name\" content=\"Regi\u00e3o News\" \/>\n<meta property=\"article:published_time\" content=\"2023-08-22T18:53:28+00:00\" \/>\n<meta property=\"article:modified_time\" content=\"2023-08-22T20:20:59+00:00\" \/>\n<meta property=\"og:image\" content=\"https:\/\/regiaonews.net.br\/2022\/wp-content\/uploads\/2023\/08\/tebe-1.png\" \/>\n\t<meta property=\"og:image:width\" content=\"410\" \/>\n\t<meta property=\"og:image:height\" content=\"517\" \/>\n\t<meta property=\"og:image:type\" content=\"image\/png\" \/>\n<meta name=\"author\" content=\"Roberto\" \/>\n<meta name=\"twitter:card\" content=\"summary_large_image\" \/>\n<meta name=\"twitter:label1\" content=\"Escrito por\" \/>\n\t<meta name=\"twitter:data1\" content=\"Roberto\" \/>\n\t<meta name=\"twitter:label2\" content=\"Est. tempo de leitura\" \/>\n\t<meta name=\"twitter:data2\" content=\"3 minutos\" \/>\n<script type=\"application\/ld+json\" class=\"yoast-schema-graph\">{\"@context\":\"https:\\\/\\\/schema.org\",\"@graph\":[{\"@type\":\"Article\",\"@id\":\"https:\\\/\\\/regiaonews.net.br\\\/2022\\\/2023\\\/08\\\/22\\\/projeto-educacao-no-transito-e-realizado-no-rancho-do-peaozinho\\\/#article\",\"isPartOf\":{\"@id\":\"https:\\\/\\\/regiaonews.net.br\\\/2022\\\/2023\\\/08\\\/22\\\/projeto-educacao-no-transito-e-realizado-no-rancho-do-peaozinho\\\/\"},\"author\":{\"name\":\"Roberto\",\"@id\":\"https:\\\/\\\/regiaonews.net.br\\\/2022\\\/#\\\/schema\\\/person\\\/2d205a608a5aa97ac279d7a5e6d89ad8\"},\"headline\":\"Projeto &#8220;Educa\u00e7\u00e3o no Tr\u00e2nsito&#8221; \u00e9 realizado no Rancho do Pe\u00e3ozinho\",\"datePublished\":\"2023-08-22T18:53:28+00:00\",\"dateModified\":\"2023-08-22T20:20:59+00:00\",\"mainEntityOfPage\":{\"@id\":\"https:\\\/\\\/regiaonews.net.br\\\/2022\\\/2023\\\/08\\\/22\\\/projeto-educacao-no-transito-e-realizado-no-rancho-do-peaozinho\\\/\"},\"wordCount\":420,\"commentCount\":0,\"publisher\":{\"@id\":\"https:\\\/\\\/regiaonews.net.br\\\/2022\\\/#organization\"},\"image\":{\"@id\":\"https:\\\/\\\/regiaonews.net.br\\\/2022\\\/2023\\\/08\\\/22\\\/projeto-educacao-no-transito-e-realizado-no-rancho-do-peaozinho\\\/#primaryimage\"},\"thumbnailUrl\":\"https:\\\/\\\/regiaonews.net.br\\\/2022\\\/wp-content\\\/uploads\\\/2023\\\/08\\\/tebe-1.png\",\"articleSection\":[\"Barretos\",\"Cidades\"],\"inLanguage\":\"pt-BR\",\"potentialAction\":[{\"@type\":\"CommentAction\",\"name\":\"Comment\",\"target\":[\"https:\\\/\\\/regiaonews.net.br\\\/2022\\\/2023\\\/08\\\/22\\\/projeto-educacao-no-transito-e-realizado-no-rancho-do-peaozinho\\\/#respond\"]}]},{\"@type\":\"WebPage\",\"@id\":\"https:\\\/\\\/regiaonews.net.br\\\/2022\\\/2023\\\/08\\\/22\\\/projeto-educacao-no-transito-e-realizado-no-rancho-do-peaozinho\\\/\",\"url\":\"https:\\\/\\\/regiaonews.net.br\\\/2022\\\/2023\\\/08\\\/22\\\/projeto-educacao-no-transito-e-realizado-no-rancho-do-peaozinho\\\/\",\"name\":\"Projeto \\\"Educa\u00e7\u00e3o no Tr\u00e2nsito\\\" \u00e9 realizado no Rancho\",\"isPartOf\":{\"@id\":\"https:\\\/\\\/regiaonews.net.br\\\/2022\\\/#website\"},\"primaryImageOfPage\":{\"@id\":\"https:\\\/\\\/regiaonews.net.br\\\/2022\\\/2023\\\/08\\\/22\\\/projeto-educacao-no-transito-e-realizado-no-rancho-do-peaozinho\\\/#primaryimage\"},\"image\":{\"@id\":\"https:\\\/\\\/regiaonews.net.br\\\/2022\\\/2023\\\/08\\\/22\\\/projeto-educacao-no-transito-e-realizado-no-rancho-do-peaozinho\\\/#primaryimage\"},\"thumbnailUrl\":\"https:\\\/\\\/regiaonews.net.br\\\/2022\\\/wp-content\\\/uploads\\\/2023\\\/08\\\/tebe-1.png\",\"datePublished\":\"2023-08-22T18:53:28+00:00\",\"dateModified\":\"2023-08-22T20:20:59+00:00\",\"description\":\"O espa\u00e7o do projeto \u201cEduca\u00e7\u00e3o no Tr\u00e2nsito \u2013 Responsabilidade de Todos\u201d instalado no Rancho do Pe\u00e3ozinho em Barretos, que est\u00e1 sendo realizado\",\"breadcrumb\":{\"@id\":\"https:\\\/\\\/regiaonews.net.br\\\/2022\\\/2023\\\/08\\\/22\\\/projeto-educacao-no-transito-e-realizado-no-rancho-do-peaozinho\\\/#breadcrumb\"},\"inLanguage\":\"pt-BR\",\"potentialAction\":[{\"@type\":\"ReadAction\",\"target\":[\"https:\\\/\\\/regiaonews.net.br\\\/2022\\\/2023\\\/08\\\/22\\\/projeto-educacao-no-transito-e-realizado-no-rancho-do-peaozinho\\\/\"]}]},{\"@type\":\"ImageObject\",\"inLanguage\":\"pt-BR\",\"@id\":\"https:\\\/\\\/regiaonews.net.br\\\/2022\\\/2023\\\/08\\\/22\\\/projeto-educacao-no-transito-e-realizado-no-rancho-do-peaozinho\\\/#primaryimage\",\"url\":\"https:\\\/\\\/regiaonews.net.br\\\/2022\\\/wp-content\\\/uploads\\\/2023\\\/08\\\/tebe-1.png\",\"contentUrl\":\"https:\\\/\\\/regiaonews.net.br\\\/2022\\\/wp-content\\\/uploads\\\/2023\\\/08\\\/tebe-1.png\",\"width\":410,\"height\":517},{\"@type\":\"BreadcrumbList\",\"@id\":\"https:\\\/\\\/regiaonews.net.br\\\/2022\\\/2023\\\/08\\\/22\\\/projeto-educacao-no-transito-e-realizado-no-rancho-do-peaozinho\\\/#breadcrumb\",\"itemListElement\":[{\"@type\":\"ListItem\",\"position\":1,\"name\":\"In\u00edcio\",\"item\":\"https:\\\/\\\/regiaonews.net.br\\\/2022\\\/\"},{\"@type\":\"ListItem\",\"position\":2,\"name\":\"Projeto &#8220;Educa\u00e7\u00e3o no Tr\u00e2nsito&#8221; \u00e9 realizado no Rancho do Pe\u00e3ozinho\"}]},{\"@type\":\"WebSite\",\"@id\":\"https:\\\/\\\/regiaonews.net.br\\\/2022\\\/#website\",\"url\":\"https:\\\/\\\/regiaonews.net.br\\\/2022\\\/\",\"name\":\"Regi\u00e3o News\",\"description\":\"Site de Not\u00edcias de Barretos e regi\u00e3o\",\"publisher\":{\"@id\":\"https:\\\/\\\/regiaonews.net.br\\\/2022\\\/#organization\"},\"potentialAction\":[{\"@type\":\"SearchAction\",\"target\":{\"@type\":\"EntryPoint\",\"urlTemplate\":\"https:\\\/\\\/regiaonews.net.br\\\/2022\\\/?s={search_term_string}\"},\"query-input\":{\"@type\":\"PropertyValueSpecification\",\"valueRequired\":true,\"valueName\":\"search_term_string\"}}],\"inLanguage\":\"pt-BR\"},{\"@type\":\"Organization\",\"@id\":\"https:\\\/\\\/regiaonews.net.br\\\/2022\\\/#organization\",\"name\":\"Regi\u00e3o News\",\"url\":\"https:\\\/\\\/regiaonews.net.br\\\/2022\\\/\",\"logo\":{\"@type\":\"ImageObject\",\"inLanguage\":\"pt-BR\",\"@id\":\"https:\\\/\\\/regiaonews.net.br\\\/2022\\\/#\\\/schema\\\/logo\\\/image\\\/\",\"url\":\"https:\\\/\\\/regiaonews.net.br\\\/2022\\\/wp-content\\\/uploads\\\/2026\\\/03\\\/regiao-13-anos-scaled.jpg\",\"contentUrl\":\"https:\\\/\\\/regiaonews.net.br\\\/2022\\\/wp-content\\\/uploads\\\/2026\\\/03\\\/regiao-13-anos-scaled.jpg\",\"width\":2560,\"height\":635,\"caption\":\"Regi\u00e3o News\"},\"image\":{\"@id\":\"https:\\\/\\\/regiaonews.net.br\\\/2022\\\/#\\\/schema\\\/logo\\\/image\\\/\"}},{\"@type\":\"Person\",\"@id\":\"https:\\\/\\\/regiaonews.net.br\\\/2022\\\/#\\\/schema\\\/person\\\/2d205a608a5aa97ac279d7a5e6d89ad8\",\"name\":\"Roberto\",\"image\":{\"@type\":\"ImageObject\",\"inLanguage\":\"pt-BR\",\"@id\":\"https:\\\/\\\/secure.gravatar.com\\\/avatar\\\/42749d8b712ff9d59ca93dc150494e5b55a44134482993f5baeb97e61b7ecc89?s=96&d=mm&r=g\",\"url\":\"https:\\\/\\\/secure.gravatar.com\\\/avatar\\\/42749d8b712ff9d59ca93dc150494e5b55a44134482993f5baeb97e61b7ecc89?s=96&d=mm&r=g\",\"contentUrl\":\"https:\\\/\\\/secure.gravatar.com\\\/avatar\\\/42749d8b712ff9d59ca93dc150494e5b55a44134482993f5baeb97e61b7ecc89?s=96&d=mm&r=g\",\"caption\":\"Roberto\"},\"url\":\"https:\\\/\\\/regiaonews.net.br\\\/2022\\\/author\\\/roberto\\\/\"}]}<\/script>\n<!-- \/ Yoast SEO plugin. -->","yoast_head_json":{"title":"Projeto \"Educa\u00e7\u00e3o no Tr\u00e2nsito\" \u00e9 realizado no Rancho","description":"O espa\u00e7o do projeto \u201cEduca\u00e7\u00e3o no Tr\u00e2nsito \u2013 Responsabilidade de Todos\u201d instalado no Rancho do Pe\u00e3ozinho em Barretos, que est\u00e1 sendo realizado","robots":{"index":"index","follow":"follow","max-snippet":"max-snippet:-1","max-image-preview":"max-image-preview:large","max-video-preview":"max-video-preview:-1"},"canonical":"https:\/\/regiaonews.net.br\/2022\/2023\/08\/22\/projeto-educacao-no-transito-e-realizado-no-rancho-do-peaozinho\/","og_locale":"pt_BR","og_type":"article","og_title":"Projeto \"Educa\u00e7\u00e3o no Tr\u00e2nsito\" \u00e9 realizado no Rancho","og_description":"O espa\u00e7o do projeto \u201cEduca\u00e7\u00e3o no Tr\u00e2nsito \u2013 Responsabilidade de Todos\u201d instalado no Rancho do Pe\u00e3ozinho em Barretos, que est\u00e1 sendo realizado","og_url":"https:\/\/regiaonews.net.br\/2022\/2023\/08\/22\/projeto-educacao-no-transito-e-realizado-no-rancho-do-peaozinho\/","og_site_name":"Regi\u00e3o News","article_published_time":"2023-08-22T18:53:28+00:00","article_modified_time":"2023-08-22T20:20:59+00:00","og_image":[{"width":410,"height":517,"url":"https:\/\/regiaonews.net.br\/2022\/wp-content\/uploads\/2023\/08\/tebe-1.png","type":"image\/png"}],"author":"Roberto","twitter_card":"summary_large_image","twitter_misc":{"Escrito por":"Roberto","Est. tempo de leitura":"3 minutos"},"schema":{"@context":"https:\/\/schema.org","@graph":[{"@type":"Article","@id":"https:\/\/regiaonews.net.br\/2022\/2023\/08\/22\/projeto-educacao-no-transito-e-realizado-no-rancho-do-peaozinho\/#article","isPartOf":{"@id":"https:\/\/regiaonews.net.br\/2022\/2023\/08\/22\/projeto-educacao-no-transito-e-realizado-no-rancho-do-peaozinho\/"},"author":{"name":"Roberto","@id":"https:\/\/regiaonews.net.br\/2022\/#\/schema\/person\/2d205a608a5aa97ac279d7a5e6d89ad8"},"headline":"Projeto &#8220;Educa\u00e7\u00e3o no Tr\u00e2nsito&#8221; \u00e9 realizado no Rancho do Pe\u00e3ozinho","datePublished":"2023-08-22T18:53:28+00:00","dateModified":"2023-08-22T20:20:59+00:00","mainEntityOfPage":{"@id":"https:\/\/regiaonews.net.br\/2022\/2023\/08\/22\/projeto-educacao-no-transito-e-realizado-no-rancho-do-peaozinho\/"},"wordCount":420,"commentCount":0,"publisher":{"@id":"https:\/\/regiaonews.net.br\/2022\/#organization"},"image":{"@id":"https:\/\/regiaonews.net.br\/2022\/2023\/08\/22\/projeto-educacao-no-transito-e-realizado-no-rancho-do-peaozinho\/#primaryimage"},"thumbnailUrl":"https:\/\/regiaonews.net.br\/2022\/wp-content\/uploads\/2023\/08\/tebe-1.png","articleSection":["Barretos","Cidades"],"inLanguage":"pt-BR","potentialAction":[{"@type":"CommentAction","name":"Comment","target":["https:\/\/regiaonews.net.br\/2022\/2023\/08\/22\/projeto-educacao-no-transito-e-realizado-no-rancho-do-peaozinho\/#respond"]}]},{"@type":"WebPage","@id":"https:\/\/regiaonews.net.br\/2022\/2023\/08\/22\/projeto-educacao-no-transito-e-realizado-no-rancho-do-peaozinho\/","url":"https:\/\/regiaonews.net.br\/2022\/2023\/08\/22\/projeto-educacao-no-transito-e-realizado-no-rancho-do-peaozinho\/","name":"Projeto \"Educa\u00e7\u00e3o no Tr\u00e2nsito\" \u00e9 realizado no Rancho","isPartOf":{"@id":"https:\/\/regiaonews.net.br\/2022\/#website"},"primaryImageOfPage":{"@id":"https:\/\/regiaonews.net.br\/2022\/2023\/08\/22\/projeto-educacao-no-transito-e-realizado-no-rancho-do-peaozinho\/#primaryimage"},"image":{"@id":"https:\/\/regiaonews.net.br\/2022\/2023\/08\/22\/projeto-educacao-no-transito-e-realizado-no-rancho-do-peaozinho\/#primaryimage"},"thumbnailUrl":"https:\/\/regiaonews.net.br\/2022\/wp-content\/uploads\/2023\/08\/tebe-1.png","datePublished":"2023-08-22T18:53:28+00:00","dateModified":"2023-08-22T20:20:59+00:00","description":"O espa\u00e7o do projeto \u201cEduca\u00e7\u00e3o no Tr\u00e2nsito \u2013 Responsabilidade de Todos\u201d instalado no Rancho do Pe\u00e3ozinho em Barretos, que est\u00e1 sendo realizado","breadcrumb":{"@id":"https:\/\/regiaonews.net.br\/2022\/2023\/08\/22\/projeto-educacao-no-transito-e-realizado-no-rancho-do-peaozinho\/#breadcrumb"},"inLanguage":"pt-BR","potentialAction":[{"@type":"ReadAction","target":["https:\/\/regiaonews.net.br\/2022\/2023\/08\/22\/projeto-educacao-no-transito-e-realizado-no-rancho-do-peaozinho\/"]}]},{"@type":"ImageObject","inLanguage":"pt-BR","@id":"https:\/\/regiaonews.net.br\/2022\/2023\/08\/22\/projeto-educacao-no-transito-e-realizado-no-rancho-do-peaozinho\/#primaryimage","url":"https:\/\/regiaonews.net.br\/2022\/wp-content\/uploads\/2023\/08\/tebe-1.png","contentUrl":"https:\/\/regiaonews.net.br\/2022\/wp-content\/uploads\/2023\/08\/tebe-1.png","width":410,"height":517},{"@type":"BreadcrumbList","@id":"https:\/\/regiaonews.net.br\/2022\/2023\/08\/22\/projeto-educacao-no-transito-e-realizado-no-rancho-do-peaozinho\/#breadcrumb","itemListElement":[{"@type":"ListItem","position":1,"name":"In\u00edcio","item":"https:\/\/regiaonews.net.br\/2022\/"},{"@type":"ListItem","position":2,"name":"Projeto &#8220;Educa\u00e7\u00e3o no Tr\u00e2nsito&#8221; \u00e9 realizado no Rancho do Pe\u00e3ozinho"}]},{"@type":"WebSite","@id":"https:\/\/regiaonews.net.br\/2022\/#website","url":"https:\/\/regiaonews.net.br\/2022\/","name":"Regi\u00e3o News","description":"Site de Not\u00edcias de Barretos e regi\u00e3o","publisher":{"@id":"https:\/\/regiaonews.net.br\/2022\/#organization"},"potentialAction":[{"@type":"SearchAction","target":{"@type":"EntryPoint","urlTemplate":"https:\/\/regiaonews.net.br\/2022\/?s={search_term_string}"},"query-input":{"@type":"PropertyValueSpecification","valueRequired":true,"valueName":"search_term_string"}}],"inLanguage":"pt-BR"},{"@type":"Organization","@id":"https:\/\/regiaonews.net.br\/2022\/#organization","name":"Regi\u00e3o News","url":"https:\/\/regiaonews.net.br\/2022\/","logo":{"@type":"ImageObject","inLanguage":"pt-BR","@id":"https:\/\/regiaonews.net.br\/2022\/#\/schema\/logo\/image\/","url":"https:\/\/regiaonews.net.br\/2022\/wp-content\/uploads\/2026\/03\/regiao-13-anos-scaled.jpg","contentUrl":"https:\/\/regiaonews.net.br\/2022\/wp-content\/uploads\/2026\/03\/regiao-13-anos-scaled.jpg","width":2560,"height":635,"caption":"Regi\u00e3o News"},"image":{"@id":"https:\/\/regiaonews.net.br\/2022\/#\/schema\/logo\/image\/"}},{"@type":"Person","@id":"https:\/\/regiaonews.net.br\/2022\/#\/schema\/person\/2d205a608a5aa97ac279d7a5e6d89ad8","name":"Roberto","image":{"@type":"ImageObject","inLanguage":"pt-BR","@id":"https:\/\/secure.gravatar.com\/avatar\/42749d8b712ff9d59ca93dc150494e5b55a44134482993f5baeb97e61b7ecc89?s=96&d=mm&r=g","url":"https:\/\/secure.gravatar.com\/avatar\/42749d8b712ff9d59ca93dc150494e5b55a44134482993f5baeb97e61b7ecc89?s=96&d=mm&r=g","contentUrl":"https:\/\/secure.gravatar.com\/avatar\/42749d8b712ff9d59ca93dc150494e5b55a44134482993f5baeb97e61b7ecc89?s=96&d=mm&r=g","caption":"Roberto"},"url":"https:\/\/regiaonews.net.br\/2022\/author\/roberto\/"}]}},"publishpress_future_action":{"enabled":false,"date":"2026-05-03 08:38:34","action":"change-status","newStatus":"draft","terms":[],"taxonomy":"category","extraData":[]},"publishpress_future_workflow_manual_trigger":{"enabledWorkflows":[]},"_links":{"self":[{"href":"https:\/\/regiaonews.net.br\/2022\/wp-json\/wp\/v2\/posts\/93894","targetHints":{"allow":["GET"]}}],"collection":[{"href":"https:\/\/regiaonews.net.br\/2022\/wp-json\/wp\/v2\/posts"}],"about":[{"href":"https:\/\/regiaonews.net.br\/2022\/wp-json\/wp\/v2\/types\/post"}],"author":[{"embeddable":true,"href":"https:\/\/regiaonews.net.br\/2022\/wp-json\/wp\/v2\/users\/2"}],"replies":[{"embeddable":true,"href":"https:\/\/regiaonews.net.br\/2022\/wp-json\/wp\/v2\/comments?post=93894"}],"version-history":[{"count":1,"href":"https:\/\/regiaonews.net.br\/2022\/wp-json\/wp\/v2\/posts\/93894\/revisions"}],"predecessor-version":[{"id":93898,"href":"https:\/\/regiaonews.net.br\/2022\/wp-json\/wp\/v2\/posts\/93894\/revisions\/93898"}],"wp:featuredmedia":[{"embeddable":true,"href":"https:\/\/regiaonews.net.br\/2022\/wp-json\/wp\/v2\/media\/93897"}],"wp:attachment":[{"href":"https:\/\/regiaonews.net.br\/2022\/wp-json\/wp\/v2\/media?parent=93894"}],"wp:term":[{"taxonomy":"category","embeddable":true,"href":"https:\/\/regiaonews.net.br\/2022\/wp-json\/wp\/v2\/categories?post=93894"},{"taxonomy":"post_tag","embeddable":true,"href":"https:\/\/regiaonews.net.br\/2022\/wp-json\/wp\/v2\/tags?post=93894"}],"curies":[{"name":"wp","href":"https:\/\/api.w.org\/{rel}","templated":true}]}}