{"id":93886,"date":"2023-08-22T10:45:55","date_gmt":"2023-08-22T13:45:55","guid":{"rendered":"https:\/\/regiaonews.net.br\/2022\/?p=93886"},"modified":"2023-08-22T10:45:55","modified_gmt":"2023-08-22T13:45:55","slug":"desfile-civico-tipico-e-folclorico-em-homenagem-aos-169-de-barretos-reune-cerca-de-7-mil-pessoas-na-via-dos-coqueiros","status":"publish","type":"post","link":"https:\/\/regiaonews.net.br\/2022\/2023\/08\/22\/desfile-civico-tipico-e-folclorico-em-homenagem-aos-169-de-barretos-reune-cerca-de-7-mil-pessoas-na-via-dos-coqueiros\/","title":{"rendered":"Desfile C\u00edvico, T\u00edpico e Folcl\u00f3rico em homenagem aos 169 de Barretos re\u00fane cerca de 7 mil pessoas, na Via dos Coqueiros"},"content":{"rendered":"<h3 style=\"text-align: center;\">Com o tema \u201cNossa Hist\u00f3ria \u00e9 nossa maior for\u00e7a\u201d, evento destacou a cultura e as caracter\u00edsticas barretenses.<\/h3>\n<p>A Est\u00e2ncia Tur\u00edstica de Barretos comemora seus 169 anos nesta sexta-feira, 25 de agosto, e o desfile c\u00edvico, t\u00edpico e folcl\u00f3rico para comemorar o anivers\u00e1rio foi realizado no domingo, dia 20, na Avenida Ant\u00f4nio Frederico Ozanam, a Via dos Coqueiros, reunindo cerca de 7 mil pessoas, conforme estimativa da organiza\u00e7\u00e3o.<\/p>\n<p>Pelo segundo ano consecutivo, a prefeita Paula Lemos abriu o desfile a cavalo, carregando a bandeira de Barretos. Ela agradeceu a presen\u00e7a do p\u00fablico e das autoridades. \u201c\u00c9 um momento muito feliz. Estamos trazendo para nossa popula\u00e7\u00e3o, na comemora\u00e7\u00e3o dos 169 anos, o que n\u00f3s temos realizado nos dois anos e meio de mandato.<\/p>\n<p>Fazendo uma presta\u00e7\u00e3o de contas em festa. Hoje eu acordei de madrugada e estava chovendo. Me lembrei da enchente e pedi a Deus que nos aben\u00e7oasse e que a chuva passasse. Veio o sol e estamos aqui, mostrando que estamos construindo a nossa cidade, um monte de ve\u00edculos que j\u00e1 compramos e recebemos do governo do estado, as pessoas nosso bem mais importante e todos os trabalhos sociais que a gente tem feito. \u00c9 um momento de festa e gratid\u00e3o\u201d, disse a chefe do executivo.<\/p>\n<p>O evento, promovido pela Prefeitura da Est\u00e2ncia Tur\u00edstica de Barretos, por meio de um trabalho conjunto envolvendo todas as secretarias municipais, contou com aproximadamente 1.800 integrantes entre profissionais da Educa\u00e7\u00e3o, estudantes, artistas, m\u00fasicos, grupos tradicionais e folcl\u00f3ricos e for\u00e7as de seguran\u00e7a, al\u00e9m de parceiros da iniciativa privada, associa\u00e7\u00f5es, ONGs, entidades e conselhos municipais, para celebrar a hist\u00f3ria e for\u00e7a de Barretos, destacando o desenvolvimento e miscigena\u00e7\u00e3o do povo e a valoriza\u00e7\u00e3o do patrim\u00f4nio cultural.<\/p>\n<p>Tema<\/p>\n<p>Com o tema \u201cNossa Hist\u00f3ria \u00e9 nossa maior for\u00e7a\u201d, o desfile foi realizado em quatro blocos com apresenta\u00e7\u00f5es tem\u00e1ticas da cultura local, al\u00e9m de participa\u00e7\u00e3o de bandas marciais das cidades paulistas de Promiss\u00e3o, Bebedouro, Ipaussu, Bariri, Ubarana e Botucatu.<\/p>\n<p>O primeiro deles, \u201cBarretos &#8211; Nossa Hist\u00f3ria \u00e9 nossa for\u00e7a\u201d destacou a Catedral do Divino Espirito Santo e a \u00e1rea central da cidade como espa\u00e7os importantes de desenvolvimento. Neste momento tamb\u00e9m foi executado o hino da cidade pelo tenor barretense Franco Luiz Pierre e pelo pianista Gustavo Manfrin.<\/p>\n<p>No bloco intitulado &#8220;Nos trilhos do desenvolvimento&#8221; estavam presentes refer\u00eancias \u00e0 Esta\u00e7\u00e3o Cultura, Recinto Paulo de Lima Correa, al\u00e9m de a\u00e7\u00f5es e projetos da cidade, demonstrando que a popula\u00e7\u00e3o \u00e9 a maior riqueza de Barretos.<\/p>\n<p>\u201cCores, sabores e tradi\u00e7\u00f5es sertanejas\u201d foi o nome do terceiro bloco tem\u00e1tico, consagrando as tradi\u00e7\u00f5es regionais e o turismo rural, com o folclore, as tradicionais quermesses, agricultura e pecu\u00e1ria.<\/p>\n<p>O \u00faltimo bloco, \u201cBarretos Est\u00e2ncia Tur\u00edstica\u201d, contou com a participa\u00e7\u00e3o de misses e misteres da cidade, princesa e rainha da Festa do Pe\u00e3o, fundadores de Os Independentes e colaboradores da organiza\u00e7\u00e3o.<\/p>\n<p>Em frente \u00e0 tribuna de honra, o cantor Guilherme Teixeira interpretou a m\u00fasica \u201cRomaria\u201d, emocionando o p\u00fablico presente. O desfile foi fechado com a passagem de muladeiros e cavaleiros.<\/p>\n<p>O deputado estadual Sebasti\u00e3o Santos foi uma das autoridades presentes e parabenizou a administra\u00e7\u00e3o pela realiza\u00e7\u00e3o do desfile. \u201cTenho que dar parab\u00e9ns para a administra\u00e7\u00e3o da Paula e a todos os envolvidos no desfile de hoje, porque o local escolhido foi muito bom. A popula\u00e7\u00e3o agradeceu muito, porque eles tiveram liberdade aqui. As crian\u00e7as brincaram \u00e0 vontade, todo mundo veio participando e saiu feliz. Eu quero dizer que estes 169 anos que se comemora hoje aqui com este desfile c\u00edvico, tenho certeza que ser\u00e1 um divisor de \u00e1guas para o futuro. O munic\u00edpio est\u00e1 pensando em novidade e se unindo em prol dessa novidade\u201d, declarou.<\/p>\n<p>Dia do Soldado<\/p>\n<p>Durante o desfile, tamb\u00e9m foi comemorado o Dia do Soldado, tamb\u00e9m celebrado em 25 de agosto, com homenagem aos atiradores do Tiro de Guerra de Barretos.<\/p>\n<p>Popula\u00e7\u00e3o prestigia o desfile<\/p>\n<p>A popula\u00e7\u00e3o esteve presente para acompanhar o desfile: nas arquibancadas, na tenda reservada para pessoas com defici\u00eancia, pessoas idosas e gestantes e houve tamb\u00e9m quem preferiu levar sua cadeira favorita e se acomodar para assistir no trecho final do desfile. A estrutura era acess\u00edvel, havendo ainda rampa de acesso ao palanque das autoridades.<\/p>\n<p>A aut\u00f4noma Jana\u00edna Pinheiro levou sua filha para participar. \u201cConsidero o desfile muito importante para a cidade\u201d, observou. Jana\u00edna contou que esta \u00e9 a segunda vez que a filha desfila. Estudante da rede municipal, Mait\u00ea Pinheiro, de 9 anos, estava no carro aleg\u00f3rico, interpretando um anjo. \u201cGosto bastante da igreja e, quando fiquei sabendo, falei \u2018quero ir\u2019\u201d, contou a menina, empolgada com o evento.<\/p>\n<p>A energia contagiante do desfile n\u00e3o pairou apenas entre as crian\u00e7as. \u201cComemora\u00e7\u00e3o linda demais. Maravilhoso. Sou barretense de cora\u00e7\u00e3o roxo. Considero Barretos uma cidade fant\u00e1stica, sou apaixonada\u201d, afirmou Marlene Lopes, de 72 anos, emocionada ao ver as homenagens a sua terra natal. Ela disse que sempre morou na cidade, comemorou que agora o desfile passou a ser ainda mais perto de sua casa e lembrou que, quando crian\u00e7a, seus filhos tamb\u00e9m j\u00e1 desfilaram. \u201cCrian\u00e7a tem que participar, s\u00e3o ra\u00edzes da gente, temos que fazer a nossa parte\u201d, afirmou. Dona Marlene acompanhou o desfile com a filha, o genro e dois netos.<\/p>\n<p>Outra moradora de Barretos desde que nasceu, a cozinheira Kathe Barcelos tamb\u00e9m fez quest\u00e3o de ir conferir o evento e levou sua filha. \u201cSempre venho. Acho importante assistir, gosto de ver os carros aleg\u00f3ricos. As crian\u00e7as da rede municipal t\u00eam que participar cada vez mais\u201d, afirmou. Kathe lembrou que seu filho desfilou duas vezes quando fazia parte dos escoteiros e contou que ela faz anivers\u00e1rio junto com a cidade e ir\u00e1 completar 45 anos.<\/p>\n<p>Rosemary da Silva, de 51 anos, estudante e faxineira, desfilou representando a Faculdade de Tecnologia (Fatec). \u201cMostra que a cidade est\u00e1 evoluindo, \u00e9 importante para divulgar o que a cidade prop\u00f5e de bom. A Fatec abre novas portas para os pr\u00f3prios moradores da cidade, \u00e9 uma faculdade gratuita e renomada\u201d, afirmou. Ela contou que tinha participado de desfile apenas quando morava em outra cidade e que vive em Barretos tem 32 anos. \u201cEu j\u00e1 tinha vindo assistir, meus filhos quando estavam na fase escolar participavam\u201d, mencionou.<\/p>\n<p>Outra fam\u00edlia presente no evento foi a da psic\u00f3loga Andrea Borges Andrade, de 46 anos, que assistiu ao desfile ao lado da tia Iraci Borges, de 67, e da filha Maria L\u00facia Paix\u00e3o, 8 anos. Elas estavam ali para acompanhar as homenagens \u00e0 cidade e para prestigiar a participa\u00e7\u00e3o do irm\u00e3o mais novo de Andrea: funcion\u00e1rio do Procon Barretos, Gabriel Andrade desfilou representando o \u00f3rg\u00e3o que defende os consumidores. Assistindo o desfile pela primeira vez, a pequena Maria L\u00facia ficou surpresa ao saber que a m\u00e3e e seu av\u00f4 tamb\u00e9m j\u00e1 participaram, enquanto escoteiros. \u201cAcho importante comemorar o anivers\u00e1rio da cidade, quero vir outras vezes\u201d, afirmou a menina.<\/p>\n<p>Andrea ficou feliz pela forma especial como a filha reagiu ao desfile. \u201c\u00c9 bom, n\u00e9? Traz as mem\u00f3rias da inf\u00e2ncia para mim tamb\u00e9m. Fazia um tempo que a gente n\u00e3o assistia ao desfile, mas passamos ontem aqui, vimos a estrutura sendo montada, que estava ficando bonito e decidimos vir. Recebemos as informa\u00e7\u00f5es de hor\u00e1rio e local em grupo de whats tamb\u00e9m, acho que foi bem divulgado\u201d, comentou Andrea. Dona Iraci tamb\u00e9m contou que gostou do desfile deste ano.<\/p>\n<p>A dona de casa Sandra Regina Santos, 59, deixou os parab\u00e9ns a todos os organizadores do desfile. \u201cH\u00e1 muito tempo que a gente n\u00e3o via um assim. Foi muito bom, maravilhoso\u201d, afirmou e parabenizou a administra\u00e7\u00e3o por estar levantando a cidade.<\/p>\n<p>Autoridades presentes<\/p>\n<p>Tamb\u00e9m estiveram no evento os vereadores Carl\u00e3o do Basquete, Juninho Bandeira, Nestor Leonel, Raphael Silv\u00e9rio, Chafei Amsei Neto e Pastor Elson dos Santos. O vereador Vagner Chiapetti foi representado pela assessora parlamentar Fl\u00e1via Andrade.<\/p>\n<p>Os secret\u00e1rios municipais de Desenvolvimento Econ\u00f4mico, Thyago Abra\u00e3o; Ordem P\u00fablica, Luiz de Matos; Assist\u00eancia Social, Vit\u00f3ria Saretta; Defesa Civil, Jos\u00e9 Eduardo dos Santos J\u00fanior; Esportes e Lazer, Tony Vieira Carvalho; Ind\u00fastria e Com\u00e9rcio, Roberto Arutim; Planejamento, Carlos Henrique L\u00facio; Administra\u00e7\u00e3o, Sirlene Menezes; Obras, Pl\u00e1cido Martins J\u00fanior; Governo e Gest\u00e3o Estrat\u00e9iga, Zec\u00e3o Falleiros; Educa\u00e7\u00e3o, J\u00e9ssica Maria dos Santos; Cultura, Rog\u00e9rio Teod\u00f3sio; Comunica\u00e7\u00e3o, Itamar Alves; o Procurador Geral Rafael dos Anjos; o Controlador Geral, Paulo Scannavino; o Ouvidor Danilo Mendes; a presidente do Fundo Social, Let\u00edcia Lemos; a presidente da Associa\u00e7\u00e3o Comercial e Industrial de Barretos (Acib), Jackelyne Rossini, e o Pr. Jonathas Lazzarotto, vice-presidente Assembleia de Deus Minist\u00e9rio do Bel\u00e9m tamb\u00e9m marcaram presen\u00e7a.<\/p>\n<p>Fotos: Nivaldo Jr.<\/p>\n","protected":false},"excerpt":{"rendered":"<p>Com o tema \u201cNossa Hist\u00f3ria \u00e9 nossa maior for\u00e7a\u201d, evento<\/p>\n","protected":false},"author":2,"featured_media":93887,"comment_status":"open","ping_status":"open","sticky":false,"template":"","format":"standard","meta":{"footnotes":""},"categories":[14,3],"tags":[],"class_list":["post-93886","post","type-post","status-publish","format-standard","has-post-thumbnail","hentry","category-barretos","category-geral"],"yoast_head":"<!-- This site is optimized with the Yoast SEO plugin v27.4 - https:\/\/yoast.com\/product\/yoast-seo-wordpress\/ -->\n<title>Desfile C\u00edvico, T\u00edpico e Folcl\u00f3rico em homenagem aos 169 de Barretos re\u00fane cerca de 7 mil pessoas, na Via dos Coqueiros - Regi\u00e3o News<\/title>\n<meta name=\"robots\" content=\"index, follow, max-snippet:-1, max-image-preview:large, max-video-preview:-1\" \/>\n<link rel=\"canonical\" href=\"https:\/\/regiaonews.net.br\/2022\/2023\/08\/22\/desfile-civico-tipico-e-folclorico-em-homenagem-aos-169-de-barretos-reune-cerca-de-7-mil-pessoas-na-via-dos-coqueiros\/\" \/>\n<meta property=\"og:locale\" content=\"pt_BR\" \/>\n<meta property=\"og:type\" content=\"article\" \/>\n<meta property=\"og:title\" content=\"Desfile C\u00edvico, T\u00edpico e Folcl\u00f3rico em homenagem aos 169 de Barretos re\u00fane cerca de 7 mil pessoas, na Via dos Coqueiros - Regi\u00e3o News\" \/>\n<meta property=\"og:description\" content=\"Com o tema \u201cNossa Hist\u00f3ria \u00e9 nossa maior for\u00e7a\u201d, evento\" \/>\n<meta property=\"og:url\" content=\"https:\/\/regiaonews.net.br\/2022\/2023\/08\/22\/desfile-civico-tipico-e-folclorico-em-homenagem-aos-169-de-barretos-reune-cerca-de-7-mil-pessoas-na-via-dos-coqueiros\/\" \/>\n<meta property=\"og:site_name\" content=\"Regi\u00e3o News\" \/>\n<meta property=\"article:published_time\" content=\"2023-08-22T13:45:55+00:00\" \/>\n<meta property=\"og:image\" content=\"https:\/\/regiaonews.net.br\/2022\/wp-content\/uploads\/2023\/08\/Imagem-do-WhatsApp-de-2023-08-22-as-10.36.28.jpg\" \/>\n\t<meta property=\"og:image:width\" content=\"1592\" \/>\n\t<meta property=\"og:image:height\" content=\"1060\" \/>\n\t<meta property=\"og:image:type\" content=\"image\/jpeg\" \/>\n<meta name=\"author\" content=\"Roberto\" \/>\n<meta name=\"twitter:card\" content=\"summary_large_image\" \/>\n<meta name=\"twitter:label1\" content=\"Escrito por\" \/>\n\t<meta name=\"twitter:data1\" content=\"Roberto\" \/>\n\t<meta name=\"twitter:label2\" content=\"Est. tempo de leitura\" \/>\n\t<meta name=\"twitter:data2\" content=\"8 minutos\" \/>\n<script type=\"application\/ld+json\" class=\"yoast-schema-graph\">{\"@context\":\"https:\\\/\\\/schema.org\",\"@graph\":[{\"@type\":\"Article\",\"@id\":\"https:\\\/\\\/regiaonews.net.br\\\/2022\\\/2023\\\/08\\\/22\\\/desfile-civico-tipico-e-folclorico-em-homenagem-aos-169-de-barretos-reune-cerca-de-7-mil-pessoas-na-via-dos-coqueiros\\\/#article\",\"isPartOf\":{\"@id\":\"https:\\\/\\\/regiaonews.net.br\\\/2022\\\/2023\\\/08\\\/22\\\/desfile-civico-tipico-e-folclorico-em-homenagem-aos-169-de-barretos-reune-cerca-de-7-mil-pessoas-na-via-dos-coqueiros\\\/\"},\"author\":{\"name\":\"Roberto\",\"@id\":\"https:\\\/\\\/regiaonews.net.br\\\/2022\\\/#\\\/schema\\\/person\\\/2d205a608a5aa97ac279d7a5e6d89ad8\"},\"headline\":\"Desfile C\u00edvico, T\u00edpico e Folcl\u00f3rico em homenagem aos 169 de Barretos re\u00fane cerca de 7 mil pessoas, na Via dos Coqueiros\",\"datePublished\":\"2023-08-22T13:45:55+00:00\",\"mainEntityOfPage\":{\"@id\":\"https:\\\/\\\/regiaonews.net.br\\\/2022\\\/2023\\\/08\\\/22\\\/desfile-civico-tipico-e-folclorico-em-homenagem-aos-169-de-barretos-reune-cerca-de-7-mil-pessoas-na-via-dos-coqueiros\\\/\"},\"wordCount\":1531,\"commentCount\":0,\"publisher\":{\"@id\":\"https:\\\/\\\/regiaonews.net.br\\\/2022\\\/#organization\"},\"image\":{\"@id\":\"https:\\\/\\\/regiaonews.net.br\\\/2022\\\/2023\\\/08\\\/22\\\/desfile-civico-tipico-e-folclorico-em-homenagem-aos-169-de-barretos-reune-cerca-de-7-mil-pessoas-na-via-dos-coqueiros\\\/#primaryimage\"},\"thumbnailUrl\":\"https:\\\/\\\/regiaonews.net.br\\\/2022\\\/wp-content\\\/uploads\\\/2023\\\/08\\\/Imagem-do-WhatsApp-de-2023-08-22-as-10.36.28.jpg\",\"articleSection\":[\"Barretos\",\"Geral\"],\"inLanguage\":\"pt-BR\",\"potentialAction\":[{\"@type\":\"CommentAction\",\"name\":\"Comment\",\"target\":[\"https:\\\/\\\/regiaonews.net.br\\\/2022\\\/2023\\\/08\\\/22\\\/desfile-civico-tipico-e-folclorico-em-homenagem-aos-169-de-barretos-reune-cerca-de-7-mil-pessoas-na-via-dos-coqueiros\\\/#respond\"]}]},{\"@type\":\"WebPage\",\"@id\":\"https:\\\/\\\/regiaonews.net.br\\\/2022\\\/2023\\\/08\\\/22\\\/desfile-civico-tipico-e-folclorico-em-homenagem-aos-169-de-barretos-reune-cerca-de-7-mil-pessoas-na-via-dos-coqueiros\\\/\",\"url\":\"https:\\\/\\\/regiaonews.net.br\\\/2022\\\/2023\\\/08\\\/22\\\/desfile-civico-tipico-e-folclorico-em-homenagem-aos-169-de-barretos-reune-cerca-de-7-mil-pessoas-na-via-dos-coqueiros\\\/\",\"name\":\"Desfile C\u00edvico, T\u00edpico e Folcl\u00f3rico em homenagem aos 169 de Barretos re\u00fane cerca de 7 mil pessoas, na Via dos Coqueiros - Regi\u00e3o News\",\"isPartOf\":{\"@id\":\"https:\\\/\\\/regiaonews.net.br\\\/2022\\\/#website\"},\"primaryImageOfPage\":{\"@id\":\"https:\\\/\\\/regiaonews.net.br\\\/2022\\\/2023\\\/08\\\/22\\\/desfile-civico-tipico-e-folclorico-em-homenagem-aos-169-de-barretos-reune-cerca-de-7-mil-pessoas-na-via-dos-coqueiros\\\/#primaryimage\"},\"image\":{\"@id\":\"https:\\\/\\\/regiaonews.net.br\\\/2022\\\/2023\\\/08\\\/22\\\/desfile-civico-tipico-e-folclorico-em-homenagem-aos-169-de-barretos-reune-cerca-de-7-mil-pessoas-na-via-dos-coqueiros\\\/#primaryimage\"},\"thumbnailUrl\":\"https:\\\/\\\/regiaonews.net.br\\\/2022\\\/wp-content\\\/uploads\\\/2023\\\/08\\\/Imagem-do-WhatsApp-de-2023-08-22-as-10.36.28.jpg\",\"datePublished\":\"2023-08-22T13:45:55+00:00\",\"breadcrumb\":{\"@id\":\"https:\\\/\\\/regiaonews.net.br\\\/2022\\\/2023\\\/08\\\/22\\\/desfile-civico-tipico-e-folclorico-em-homenagem-aos-169-de-barretos-reune-cerca-de-7-mil-pessoas-na-via-dos-coqueiros\\\/#breadcrumb\"},\"inLanguage\":\"pt-BR\",\"potentialAction\":[{\"@type\":\"ReadAction\",\"target\":[\"https:\\\/\\\/regiaonews.net.br\\\/2022\\\/2023\\\/08\\\/22\\\/desfile-civico-tipico-e-folclorico-em-homenagem-aos-169-de-barretos-reune-cerca-de-7-mil-pessoas-na-via-dos-coqueiros\\\/\"]}]},{\"@type\":\"ImageObject\",\"inLanguage\":\"pt-BR\",\"@id\":\"https:\\\/\\\/regiaonews.net.br\\\/2022\\\/2023\\\/08\\\/22\\\/desfile-civico-tipico-e-folclorico-em-homenagem-aos-169-de-barretos-reune-cerca-de-7-mil-pessoas-na-via-dos-coqueiros\\\/#primaryimage\",\"url\":\"https:\\\/\\\/regiaonews.net.br\\\/2022\\\/wp-content\\\/uploads\\\/2023\\\/08\\\/Imagem-do-WhatsApp-de-2023-08-22-as-10.36.28.jpg\",\"contentUrl\":\"https:\\\/\\\/regiaonews.net.br\\\/2022\\\/wp-content\\\/uploads\\\/2023\\\/08\\\/Imagem-do-WhatsApp-de-2023-08-22-as-10.36.28.jpg\",\"width\":1592,\"height\":1060},{\"@type\":\"BreadcrumbList\",\"@id\":\"https:\\\/\\\/regiaonews.net.br\\\/2022\\\/2023\\\/08\\\/22\\\/desfile-civico-tipico-e-folclorico-em-homenagem-aos-169-de-barretos-reune-cerca-de-7-mil-pessoas-na-via-dos-coqueiros\\\/#breadcrumb\",\"itemListElement\":[{\"@type\":\"ListItem\",\"position\":1,\"name\":\"In\u00edcio\",\"item\":\"https:\\\/\\\/regiaonews.net.br\\\/2022\\\/\"},{\"@type\":\"ListItem\",\"position\":2,\"name\":\"Desfile C\u00edvico, T\u00edpico e Folcl\u00f3rico em homenagem aos 169 de Barretos re\u00fane cerca de 7 mil pessoas, na Via dos Coqueiros\"}]},{\"@type\":\"WebSite\",\"@id\":\"https:\\\/\\\/regiaonews.net.br\\\/2022\\\/#website\",\"url\":\"https:\\\/\\\/regiaonews.net.br\\\/2022\\\/\",\"name\":\"Regi\u00e3o News\",\"description\":\"Site de Not\u00edcias de Barretos e regi\u00e3o\",\"publisher\":{\"@id\":\"https:\\\/\\\/regiaonews.net.br\\\/2022\\\/#organization\"},\"potentialAction\":[{\"@type\":\"SearchAction\",\"target\":{\"@type\":\"EntryPoint\",\"urlTemplate\":\"https:\\\/\\\/regiaonews.net.br\\\/2022\\\/?s={search_term_string}\"},\"query-input\":{\"@type\":\"PropertyValueSpecification\",\"valueRequired\":true,\"valueName\":\"search_term_string\"}}],\"inLanguage\":\"pt-BR\"},{\"@type\":\"Organization\",\"@id\":\"https:\\\/\\\/regiaonews.net.br\\\/2022\\\/#organization\",\"name\":\"Regi\u00e3o News\",\"url\":\"https:\\\/\\\/regiaonews.net.br\\\/2022\\\/\",\"logo\":{\"@type\":\"ImageObject\",\"inLanguage\":\"pt-BR\",\"@id\":\"https:\\\/\\\/regiaonews.net.br\\\/2022\\\/#\\\/schema\\\/logo\\\/image\\\/\",\"url\":\"https:\\\/\\\/regiaonews.net.br\\\/2022\\\/wp-content\\\/uploads\\\/2026\\\/03\\\/regiao-13-anos-scaled.jpg\",\"contentUrl\":\"https:\\\/\\\/regiaonews.net.br\\\/2022\\\/wp-content\\\/uploads\\\/2026\\\/03\\\/regiao-13-anos-scaled.jpg\",\"width\":2560,\"height\":635,\"caption\":\"Regi\u00e3o News\"},\"image\":{\"@id\":\"https:\\\/\\\/regiaonews.net.br\\\/2022\\\/#\\\/schema\\\/logo\\\/image\\\/\"}},{\"@type\":\"Person\",\"@id\":\"https:\\\/\\\/regiaonews.net.br\\\/2022\\\/#\\\/schema\\\/person\\\/2d205a608a5aa97ac279d7a5e6d89ad8\",\"name\":\"Roberto\",\"image\":{\"@type\":\"ImageObject\",\"inLanguage\":\"pt-BR\",\"@id\":\"https:\\\/\\\/secure.gravatar.com\\\/avatar\\\/42749d8b712ff9d59ca93dc150494e5b55a44134482993f5baeb97e61b7ecc89?s=96&d=mm&r=g\",\"url\":\"https:\\\/\\\/secure.gravatar.com\\\/avatar\\\/42749d8b712ff9d59ca93dc150494e5b55a44134482993f5baeb97e61b7ecc89?s=96&d=mm&r=g\",\"contentUrl\":\"https:\\\/\\\/secure.gravatar.com\\\/avatar\\\/42749d8b712ff9d59ca93dc150494e5b55a44134482993f5baeb97e61b7ecc89?s=96&d=mm&r=g\",\"caption\":\"Roberto\"},\"url\":\"https:\\\/\\\/regiaonews.net.br\\\/2022\\\/author\\\/roberto\\\/\"}]}<\/script>\n<!-- \/ Yoast SEO plugin. -->","yoast_head_json":{"title":"Desfile C\u00edvico, T\u00edpico e Folcl\u00f3rico em homenagem aos 169 de Barretos re\u00fane cerca de 7 mil pessoas, na Via dos Coqueiros - Regi\u00e3o News","robots":{"index":"index","follow":"follow","max-snippet":"max-snippet:-1","max-image-preview":"max-image-preview:large","max-video-preview":"max-video-preview:-1"},"canonical":"https:\/\/regiaonews.net.br\/2022\/2023\/08\/22\/desfile-civico-tipico-e-folclorico-em-homenagem-aos-169-de-barretos-reune-cerca-de-7-mil-pessoas-na-via-dos-coqueiros\/","og_locale":"pt_BR","og_type":"article","og_title":"Desfile C\u00edvico, T\u00edpico e Folcl\u00f3rico em homenagem aos 169 de Barretos re\u00fane cerca de 7 mil pessoas, na Via dos Coqueiros - Regi\u00e3o News","og_description":"Com o tema \u201cNossa Hist\u00f3ria \u00e9 nossa maior for\u00e7a\u201d, evento","og_url":"https:\/\/regiaonews.net.br\/2022\/2023\/08\/22\/desfile-civico-tipico-e-folclorico-em-homenagem-aos-169-de-barretos-reune-cerca-de-7-mil-pessoas-na-via-dos-coqueiros\/","og_site_name":"Regi\u00e3o News","article_published_time":"2023-08-22T13:45:55+00:00","og_image":[{"width":1592,"height":1060,"url":"https:\/\/regiaonews.net.br\/2022\/wp-content\/uploads\/2023\/08\/Imagem-do-WhatsApp-de-2023-08-22-as-10.36.28.jpg","type":"image\/jpeg"}],"author":"Roberto","twitter_card":"summary_large_image","twitter_misc":{"Escrito por":"Roberto","Est. tempo de leitura":"8 minutos"},"schema":{"@context":"https:\/\/schema.org","@graph":[{"@type":"Article","@id":"https:\/\/regiaonews.net.br\/2022\/2023\/08\/22\/desfile-civico-tipico-e-folclorico-em-homenagem-aos-169-de-barretos-reune-cerca-de-7-mil-pessoas-na-via-dos-coqueiros\/#article","isPartOf":{"@id":"https:\/\/regiaonews.net.br\/2022\/2023\/08\/22\/desfile-civico-tipico-e-folclorico-em-homenagem-aos-169-de-barretos-reune-cerca-de-7-mil-pessoas-na-via-dos-coqueiros\/"},"author":{"name":"Roberto","@id":"https:\/\/regiaonews.net.br\/2022\/#\/schema\/person\/2d205a608a5aa97ac279d7a5e6d89ad8"},"headline":"Desfile C\u00edvico, T\u00edpico e Folcl\u00f3rico em homenagem aos 169 de Barretos re\u00fane cerca de 7 mil pessoas, na Via dos Coqueiros","datePublished":"2023-08-22T13:45:55+00:00","mainEntityOfPage":{"@id":"https:\/\/regiaonews.net.br\/2022\/2023\/08\/22\/desfile-civico-tipico-e-folclorico-em-homenagem-aos-169-de-barretos-reune-cerca-de-7-mil-pessoas-na-via-dos-coqueiros\/"},"wordCount":1531,"commentCount":0,"publisher":{"@id":"https:\/\/regiaonews.net.br\/2022\/#organization"},"image":{"@id":"https:\/\/regiaonews.net.br\/2022\/2023\/08\/22\/desfile-civico-tipico-e-folclorico-em-homenagem-aos-169-de-barretos-reune-cerca-de-7-mil-pessoas-na-via-dos-coqueiros\/#primaryimage"},"thumbnailUrl":"https:\/\/regiaonews.net.br\/2022\/wp-content\/uploads\/2023\/08\/Imagem-do-WhatsApp-de-2023-08-22-as-10.36.28.jpg","articleSection":["Barretos","Geral"],"inLanguage":"pt-BR","potentialAction":[{"@type":"CommentAction","name":"Comment","target":["https:\/\/regiaonews.net.br\/2022\/2023\/08\/22\/desfile-civico-tipico-e-folclorico-em-homenagem-aos-169-de-barretos-reune-cerca-de-7-mil-pessoas-na-via-dos-coqueiros\/#respond"]}]},{"@type":"WebPage","@id":"https:\/\/regiaonews.net.br\/2022\/2023\/08\/22\/desfile-civico-tipico-e-folclorico-em-homenagem-aos-169-de-barretos-reune-cerca-de-7-mil-pessoas-na-via-dos-coqueiros\/","url":"https:\/\/regiaonews.net.br\/2022\/2023\/08\/22\/desfile-civico-tipico-e-folclorico-em-homenagem-aos-169-de-barretos-reune-cerca-de-7-mil-pessoas-na-via-dos-coqueiros\/","name":"Desfile C\u00edvico, T\u00edpico e Folcl\u00f3rico em homenagem aos 169 de Barretos re\u00fane cerca de 7 mil pessoas, na Via dos Coqueiros - Regi\u00e3o News","isPartOf":{"@id":"https:\/\/regiaonews.net.br\/2022\/#website"},"primaryImageOfPage":{"@id":"https:\/\/regiaonews.net.br\/2022\/2023\/08\/22\/desfile-civico-tipico-e-folclorico-em-homenagem-aos-169-de-barretos-reune-cerca-de-7-mil-pessoas-na-via-dos-coqueiros\/#primaryimage"},"image":{"@id":"https:\/\/regiaonews.net.br\/2022\/2023\/08\/22\/desfile-civico-tipico-e-folclorico-em-homenagem-aos-169-de-barretos-reune-cerca-de-7-mil-pessoas-na-via-dos-coqueiros\/#primaryimage"},"thumbnailUrl":"https:\/\/regiaonews.net.br\/2022\/wp-content\/uploads\/2023\/08\/Imagem-do-WhatsApp-de-2023-08-22-as-10.36.28.jpg","datePublished":"2023-08-22T13:45:55+00:00","breadcrumb":{"@id":"https:\/\/regiaonews.net.br\/2022\/2023\/08\/22\/desfile-civico-tipico-e-folclorico-em-homenagem-aos-169-de-barretos-reune-cerca-de-7-mil-pessoas-na-via-dos-coqueiros\/#breadcrumb"},"inLanguage":"pt-BR","potentialAction":[{"@type":"ReadAction","target":["https:\/\/regiaonews.net.br\/2022\/2023\/08\/22\/desfile-civico-tipico-e-folclorico-em-homenagem-aos-169-de-barretos-reune-cerca-de-7-mil-pessoas-na-via-dos-coqueiros\/"]}]},{"@type":"ImageObject","inLanguage":"pt-BR","@id":"https:\/\/regiaonews.net.br\/2022\/2023\/08\/22\/desfile-civico-tipico-e-folclorico-em-homenagem-aos-169-de-barretos-reune-cerca-de-7-mil-pessoas-na-via-dos-coqueiros\/#primaryimage","url":"https:\/\/regiaonews.net.br\/2022\/wp-content\/uploads\/2023\/08\/Imagem-do-WhatsApp-de-2023-08-22-as-10.36.28.jpg","contentUrl":"https:\/\/regiaonews.net.br\/2022\/wp-content\/uploads\/2023\/08\/Imagem-do-WhatsApp-de-2023-08-22-as-10.36.28.jpg","width":1592,"height":1060},{"@type":"BreadcrumbList","@id":"https:\/\/regiaonews.net.br\/2022\/2023\/08\/22\/desfile-civico-tipico-e-folclorico-em-homenagem-aos-169-de-barretos-reune-cerca-de-7-mil-pessoas-na-via-dos-coqueiros\/#breadcrumb","itemListElement":[{"@type":"ListItem","position":1,"name":"In\u00edcio","item":"https:\/\/regiaonews.net.br\/2022\/"},{"@type":"ListItem","position":2,"name":"Desfile C\u00edvico, T\u00edpico e Folcl\u00f3rico em homenagem aos 169 de Barretos re\u00fane cerca de 7 mil pessoas, na Via dos Coqueiros"}]},{"@type":"WebSite","@id":"https:\/\/regiaonews.net.br\/2022\/#website","url":"https:\/\/regiaonews.net.br\/2022\/","name":"Regi\u00e3o News","description":"Site de Not\u00edcias de Barretos e regi\u00e3o","publisher":{"@id":"https:\/\/regiaonews.net.br\/2022\/#organization"},"potentialAction":[{"@type":"SearchAction","target":{"@type":"EntryPoint","urlTemplate":"https:\/\/regiaonews.net.br\/2022\/?s={search_term_string}"},"query-input":{"@type":"PropertyValueSpecification","valueRequired":true,"valueName":"search_term_string"}}],"inLanguage":"pt-BR"},{"@type":"Organization","@id":"https:\/\/regiaonews.net.br\/2022\/#organization","name":"Regi\u00e3o News","url":"https:\/\/regiaonews.net.br\/2022\/","logo":{"@type":"ImageObject","inLanguage":"pt-BR","@id":"https:\/\/regiaonews.net.br\/2022\/#\/schema\/logo\/image\/","url":"https:\/\/regiaonews.net.br\/2022\/wp-content\/uploads\/2026\/03\/regiao-13-anos-scaled.jpg","contentUrl":"https:\/\/regiaonews.net.br\/2022\/wp-content\/uploads\/2026\/03\/regiao-13-anos-scaled.jpg","width":2560,"height":635,"caption":"Regi\u00e3o News"},"image":{"@id":"https:\/\/regiaonews.net.br\/2022\/#\/schema\/logo\/image\/"}},{"@type":"Person","@id":"https:\/\/regiaonews.net.br\/2022\/#\/schema\/person\/2d205a608a5aa97ac279d7a5e6d89ad8","name":"Roberto","image":{"@type":"ImageObject","inLanguage":"pt-BR","@id":"https:\/\/secure.gravatar.com\/avatar\/42749d8b712ff9d59ca93dc150494e5b55a44134482993f5baeb97e61b7ecc89?s=96&d=mm&r=g","url":"https:\/\/secure.gravatar.com\/avatar\/42749d8b712ff9d59ca93dc150494e5b55a44134482993f5baeb97e61b7ecc89?s=96&d=mm&r=g","contentUrl":"https:\/\/secure.gravatar.com\/avatar\/42749d8b712ff9d59ca93dc150494e5b55a44134482993f5baeb97e61b7ecc89?s=96&d=mm&r=g","caption":"Roberto"},"url":"https:\/\/regiaonews.net.br\/2022\/author\/roberto\/"}]}},"publishpress_future_action":{"enabled":false,"date":"2026-05-03 03:43:55","action":"change-status","newStatus":"draft","terms":[],"taxonomy":"category","extraData":[]},"publishpress_future_workflow_manual_trigger":{"enabledWorkflows":[]},"_links":{"self":[{"href":"https:\/\/regiaonews.net.br\/2022\/wp-json\/wp\/v2\/posts\/93886","targetHints":{"allow":["GET"]}}],"collection":[{"href":"https:\/\/regiaonews.net.br\/2022\/wp-json\/wp\/v2\/posts"}],"about":[{"href":"https:\/\/regiaonews.net.br\/2022\/wp-json\/wp\/v2\/types\/post"}],"author":[{"embeddable":true,"href":"https:\/\/regiaonews.net.br\/2022\/wp-json\/wp\/v2\/users\/2"}],"replies":[{"embeddable":true,"href":"https:\/\/regiaonews.net.br\/2022\/wp-json\/wp\/v2\/comments?post=93886"}],"version-history":[{"count":1,"href":"https:\/\/regiaonews.net.br\/2022\/wp-json\/wp\/v2\/posts\/93886\/revisions"}],"predecessor-version":[{"id":93888,"href":"https:\/\/regiaonews.net.br\/2022\/wp-json\/wp\/v2\/posts\/93886\/revisions\/93888"}],"wp:featuredmedia":[{"embeddable":true,"href":"https:\/\/regiaonews.net.br\/2022\/wp-json\/wp\/v2\/media\/93887"}],"wp:attachment":[{"href":"https:\/\/regiaonews.net.br\/2022\/wp-json\/wp\/v2\/media?parent=93886"}],"wp:term":[{"taxonomy":"category","embeddable":true,"href":"https:\/\/regiaonews.net.br\/2022\/wp-json\/wp\/v2\/categories?post=93886"},{"taxonomy":"post_tag","embeddable":true,"href":"https:\/\/regiaonews.net.br\/2022\/wp-json\/wp\/v2\/tags?post=93886"}],"curies":[{"name":"wp","href":"https:\/\/api.w.org\/{rel}","templated":true}]}}