{"id":93882,"date":"2023-08-22T10:44:53","date_gmt":"2023-08-22T13:44:53","guid":{"rendered":"https:\/\/regiaonews.net.br\/2022\/?p=93882"},"modified":"2023-08-22T10:44:53","modified_gmt":"2023-08-22T13:44:53","slug":"festa-do-peao-de-barretos-oferece-atendimento-odontologico-para-urgencias-e-emergencias","status":"publish","type":"post","link":"https:\/\/regiaonews.net.br\/2022\/2023\/08\/22\/festa-do-peao-de-barretos-oferece-atendimento-odontologico-para-urgencias-e-emergencias\/","title":{"rendered":"Festa do Pe\u00e3o de Barretos oferece atendimento odontol\u00f3gico para urg\u00eancias e emerg\u00eancias"},"content":{"rendered":"<h3 style=\"text-align: center;\">Inaugurado em julho de 2017, o Centro Odontol\u00f3gico Dr. Luiz Agostinho da Silva Brand\u00e3o, atende gratuitamente com excel\u00eancia o p\u00fablico da Festa do Pe\u00e3o de Barretos. Neste ano, evento tamb\u00e9m conta com servi\u00e7o de preven\u00e7\u00e3o ao c\u00e2ncer bucal.<\/h3>\n<p>A unidade de atendimento localizada dentro do Parque do Pe\u00e3o tem parceria com a Unimed Odontologia, UNIFEB &#8211; Centro Universit\u00e1rio da Funda\u00e7\u00e3o Educacional de Barretos, APCD &#8211; Associa\u00e7\u00e3o Paulista de Cirurgi\u00f5es Dentistas, DVI \u2013 Radiologia e com o Hospital de Amor.<br \/>\nO local possui quatro espa\u00e7os odontol\u00f3gicos totalmente equipados e atende tamb\u00e9m os competidores do rodeio e at\u00e9 artistas que precisam de cuidados em momentos de urg\u00eancia e emerg\u00eancia.<br \/>\nEntre os servi\u00e7os dispon\u00edveis est\u00e1 o raio X Panor\u00e2mico pela DVI \u2013 Radiologia. \u201cAssim \u00e9 poss\u00edvel analisar fechar um diagn\u00f3stico preciso do paciente e oferecer o tratamento correto.\u201d, explica Renata Manzano, diretora da DVI. Ainda de acordo com Renata, existem pacientes que retornam todos os anos para fazer novos procedimentos.<br \/>\nOs atendimentos ocorrem das 14h \u00e0s 20h e s\u00e3o realizados por alunos do quarto ano de Odontologia do UNIFEB, com supervis\u00e3o de seus professores. \u201c\u00c9 uma oportunidade muito gratificante e uma grande experi\u00eancia pode atender estes pacientes. Muitos s\u00e3o pessoas que vem para trabalhar na festa e n\u00e3o teriam essa oportunidade em outro evento.\u201d, explica o estudante do 4\u00ba ano de odontologia Bruno Silveira Resende Barbosa.<br \/>\nDr. Walter Antonio de Almeida \u00e9 professor do curso de odontologia do UNIFEB, ele tamb\u00e9m destaca a import\u00e2ncia desta experi\u00eancia para os estudantes. \u201cNeste atendimento os alunos colocam em pr\u00e1tica o que aprenderam no Centro Universit\u00e1rio atendendo pessoas de todas as classes sociais e com os mais diversos problemas bucais.<br \/>\nNeste ano o Centro Odontol\u00f3gico conta tamb\u00e9m com a parceria com o Hospital de Amor. Em um \u00f4nibus equipado com sala odontol\u00f3gica s\u00e3o realizados exames para preven\u00e7\u00e3o do c\u00e2ncer bucal. \u201cA preven\u00e7\u00e3o do c\u00e2ncer de boca \u00e9 de extrema import\u00e2ncia considerando que atualmente a incid\u00eancia entre as mulheres ocupa a 14\u00aa posi\u00e7\u00e3o e entre os homens a 5\u00aa posi\u00e7\u00e3o. Se durante o exame algo anormal \u00e9 detectado, o paciente \u00e9 encaminhado para biopsia e se for preciso, para tratamento no Hospital de Amor.\u201d explica Paula Carvalho Ribeiro, coordenadora de preven\u00e7\u00e3o do Hospital de Amor.<br \/>\nDr. L\u00facio Ant\u00f3nio Pereira, Presidente da APCD &#8211; Associa\u00e7\u00e3o Paulista de Cirurgi\u00f5es Dentistas explica que os parceiros do Centro Odontol\u00f3gico agregam ainda mais qualidade ao atendimento. \u201cEstamos aqui com um servi\u00e7o sui generis na Am\u00e9rica do Sul e talvez no mundo, considerando a grandiosidade da nossa festa n\u00e3o tem nenhum outro evento que oferece um servi\u00e7o\u00a0como\u00a0este.\u201d<\/p>\n","protected":false},"excerpt":{"rendered":"<p>Inaugurado em julho de 2017, o Centro Odontol\u00f3gico Dr. Luiz<\/p>\n","protected":false},"author":2,"featured_media":93884,"comment_status":"open","ping_status":"open","sticky":false,"template":"","format":"standard","meta":{"footnotes":""},"categories":[14,3],"tags":[],"class_list":["post-93882","post","type-post","status-publish","format-standard","has-post-thumbnail","hentry","category-barretos","category-geral"],"yoast_head":"<!-- This site is optimized with the Yoast SEO plugin v27.4 - https:\/\/yoast.com\/product\/yoast-seo-wordpress\/ -->\n<title>Festa do Pe\u00e3o de Barretos oferece atendimento odontol\u00f3gico para urg\u00eancias e emerg\u00eancias - Regi\u00e3o News<\/title>\n<meta name=\"robots\" content=\"index, follow, max-snippet:-1, max-image-preview:large, max-video-preview:-1\" \/>\n<link rel=\"canonical\" href=\"https:\/\/regiaonews.net.br\/2022\/2023\/08\/22\/festa-do-peao-de-barretos-oferece-atendimento-odontologico-para-urgencias-e-emergencias\/\" \/>\n<meta property=\"og:locale\" content=\"pt_BR\" \/>\n<meta property=\"og:type\" content=\"article\" \/>\n<meta property=\"og:title\" content=\"Festa do Pe\u00e3o de Barretos oferece atendimento odontol\u00f3gico para urg\u00eancias e emerg\u00eancias - Regi\u00e3o News\" \/>\n<meta property=\"og:description\" content=\"Inaugurado em julho de 2017, o Centro Odontol\u00f3gico Dr. Luiz\" \/>\n<meta property=\"og:url\" content=\"https:\/\/regiaonews.net.br\/2022\/2023\/08\/22\/festa-do-peao-de-barretos-oferece-atendimento-odontologico-para-urgencias-e-emergencias\/\" \/>\n<meta property=\"og:site_name\" content=\"Regi\u00e3o News\" \/>\n<meta property=\"article:published_time\" content=\"2023-08-22T13:44:53+00:00\" \/>\n<meta property=\"og:image\" content=\"https:\/\/regiaonews.net.br\/2022\/wp-content\/uploads\/2023\/08\/Imagem-do-WhatsApp-de-2023-08-22-as-10.04.31.jpg\" \/>\n\t<meta property=\"og:image:width\" content=\"1600\" \/>\n\t<meta property=\"og:image:height\" content=\"900\" \/>\n\t<meta property=\"og:image:type\" content=\"image\/jpeg\" \/>\n<meta name=\"author\" content=\"Roberto\" \/>\n<meta name=\"twitter:card\" content=\"summary_large_image\" \/>\n<meta name=\"twitter:label1\" content=\"Escrito por\" \/>\n\t<meta name=\"twitter:data1\" content=\"Roberto\" \/>\n\t<meta name=\"twitter:label2\" content=\"Est. tempo de leitura\" \/>\n\t<meta name=\"twitter:data2\" content=\"3 minutos\" \/>\n<script type=\"application\/ld+json\" class=\"yoast-schema-graph\">{\"@context\":\"https:\\\/\\\/schema.org\",\"@graph\":[{\"@type\":\"Article\",\"@id\":\"https:\\\/\\\/regiaonews.net.br\\\/2022\\\/2023\\\/08\\\/22\\\/festa-do-peao-de-barretos-oferece-atendimento-odontologico-para-urgencias-e-emergencias\\\/#article\",\"isPartOf\":{\"@id\":\"https:\\\/\\\/regiaonews.net.br\\\/2022\\\/2023\\\/08\\\/22\\\/festa-do-peao-de-barretos-oferece-atendimento-odontologico-para-urgencias-e-emergencias\\\/\"},\"author\":{\"name\":\"Roberto\",\"@id\":\"https:\\\/\\\/regiaonews.net.br\\\/2022\\\/#\\\/schema\\\/person\\\/2d205a608a5aa97ac279d7a5e6d89ad8\"},\"headline\":\"Festa do Pe\u00e3o de Barretos oferece atendimento odontol\u00f3gico para urg\u00eancias e emerg\u00eancias\",\"datePublished\":\"2023-08-22T13:44:53+00:00\",\"mainEntityOfPage\":{\"@id\":\"https:\\\/\\\/regiaonews.net.br\\\/2022\\\/2023\\\/08\\\/22\\\/festa-do-peao-de-barretos-oferece-atendimento-odontologico-para-urgencias-e-emergencias\\\/\"},\"wordCount\":485,\"commentCount\":0,\"publisher\":{\"@id\":\"https:\\\/\\\/regiaonews.net.br\\\/2022\\\/#organization\"},\"image\":{\"@id\":\"https:\\\/\\\/regiaonews.net.br\\\/2022\\\/2023\\\/08\\\/22\\\/festa-do-peao-de-barretos-oferece-atendimento-odontologico-para-urgencias-e-emergencias\\\/#primaryimage\"},\"thumbnailUrl\":\"https:\\\/\\\/regiaonews.net.br\\\/2022\\\/wp-content\\\/uploads\\\/2023\\\/08\\\/Imagem-do-WhatsApp-de-2023-08-22-as-10.04.31.jpg\",\"articleSection\":[\"Barretos\",\"Geral\"],\"inLanguage\":\"pt-BR\",\"potentialAction\":[{\"@type\":\"CommentAction\",\"name\":\"Comment\",\"target\":[\"https:\\\/\\\/regiaonews.net.br\\\/2022\\\/2023\\\/08\\\/22\\\/festa-do-peao-de-barretos-oferece-atendimento-odontologico-para-urgencias-e-emergencias\\\/#respond\"]}]},{\"@type\":\"WebPage\",\"@id\":\"https:\\\/\\\/regiaonews.net.br\\\/2022\\\/2023\\\/08\\\/22\\\/festa-do-peao-de-barretos-oferece-atendimento-odontologico-para-urgencias-e-emergencias\\\/\",\"url\":\"https:\\\/\\\/regiaonews.net.br\\\/2022\\\/2023\\\/08\\\/22\\\/festa-do-peao-de-barretos-oferece-atendimento-odontologico-para-urgencias-e-emergencias\\\/\",\"name\":\"Festa do Pe\u00e3o de Barretos oferece atendimento odontol\u00f3gico para urg\u00eancias e emerg\u00eancias - Regi\u00e3o News\",\"isPartOf\":{\"@id\":\"https:\\\/\\\/regiaonews.net.br\\\/2022\\\/#website\"},\"primaryImageOfPage\":{\"@id\":\"https:\\\/\\\/regiaonews.net.br\\\/2022\\\/2023\\\/08\\\/22\\\/festa-do-peao-de-barretos-oferece-atendimento-odontologico-para-urgencias-e-emergencias\\\/#primaryimage\"},\"image\":{\"@id\":\"https:\\\/\\\/regiaonews.net.br\\\/2022\\\/2023\\\/08\\\/22\\\/festa-do-peao-de-barretos-oferece-atendimento-odontologico-para-urgencias-e-emergencias\\\/#primaryimage\"},\"thumbnailUrl\":\"https:\\\/\\\/regiaonews.net.br\\\/2022\\\/wp-content\\\/uploads\\\/2023\\\/08\\\/Imagem-do-WhatsApp-de-2023-08-22-as-10.04.31.jpg\",\"datePublished\":\"2023-08-22T13:44:53+00:00\",\"breadcrumb\":{\"@id\":\"https:\\\/\\\/regiaonews.net.br\\\/2022\\\/2023\\\/08\\\/22\\\/festa-do-peao-de-barretos-oferece-atendimento-odontologico-para-urgencias-e-emergencias\\\/#breadcrumb\"},\"inLanguage\":\"pt-BR\",\"potentialAction\":[{\"@type\":\"ReadAction\",\"target\":[\"https:\\\/\\\/regiaonews.net.br\\\/2022\\\/2023\\\/08\\\/22\\\/festa-do-peao-de-barretos-oferece-atendimento-odontologico-para-urgencias-e-emergencias\\\/\"]}]},{\"@type\":\"ImageObject\",\"inLanguage\":\"pt-BR\",\"@id\":\"https:\\\/\\\/regiaonews.net.br\\\/2022\\\/2023\\\/08\\\/22\\\/festa-do-peao-de-barretos-oferece-atendimento-odontologico-para-urgencias-e-emergencias\\\/#primaryimage\",\"url\":\"https:\\\/\\\/regiaonews.net.br\\\/2022\\\/wp-content\\\/uploads\\\/2023\\\/08\\\/Imagem-do-WhatsApp-de-2023-08-22-as-10.04.31.jpg\",\"contentUrl\":\"https:\\\/\\\/regiaonews.net.br\\\/2022\\\/wp-content\\\/uploads\\\/2023\\\/08\\\/Imagem-do-WhatsApp-de-2023-08-22-as-10.04.31.jpg\",\"width\":1600,\"height\":900},{\"@type\":\"BreadcrumbList\",\"@id\":\"https:\\\/\\\/regiaonews.net.br\\\/2022\\\/2023\\\/08\\\/22\\\/festa-do-peao-de-barretos-oferece-atendimento-odontologico-para-urgencias-e-emergencias\\\/#breadcrumb\",\"itemListElement\":[{\"@type\":\"ListItem\",\"position\":1,\"name\":\"In\u00edcio\",\"item\":\"https:\\\/\\\/regiaonews.net.br\\\/2022\\\/\"},{\"@type\":\"ListItem\",\"position\":2,\"name\":\"Festa do Pe\u00e3o de Barretos oferece atendimento odontol\u00f3gico para urg\u00eancias e emerg\u00eancias\"}]},{\"@type\":\"WebSite\",\"@id\":\"https:\\\/\\\/regiaonews.net.br\\\/2022\\\/#website\",\"url\":\"https:\\\/\\\/regiaonews.net.br\\\/2022\\\/\",\"name\":\"Regi\u00e3o News\",\"description\":\"Site de Not\u00edcias de Barretos e regi\u00e3o\",\"publisher\":{\"@id\":\"https:\\\/\\\/regiaonews.net.br\\\/2022\\\/#organization\"},\"potentialAction\":[{\"@type\":\"SearchAction\",\"target\":{\"@type\":\"EntryPoint\",\"urlTemplate\":\"https:\\\/\\\/regiaonews.net.br\\\/2022\\\/?s={search_term_string}\"},\"query-input\":{\"@type\":\"PropertyValueSpecification\",\"valueRequired\":true,\"valueName\":\"search_term_string\"}}],\"inLanguage\":\"pt-BR\"},{\"@type\":\"Organization\",\"@id\":\"https:\\\/\\\/regiaonews.net.br\\\/2022\\\/#organization\",\"name\":\"Regi\u00e3o News\",\"url\":\"https:\\\/\\\/regiaonews.net.br\\\/2022\\\/\",\"logo\":{\"@type\":\"ImageObject\",\"inLanguage\":\"pt-BR\",\"@id\":\"https:\\\/\\\/regiaonews.net.br\\\/2022\\\/#\\\/schema\\\/logo\\\/image\\\/\",\"url\":\"https:\\\/\\\/regiaonews.net.br\\\/2022\\\/wp-content\\\/uploads\\\/2026\\\/03\\\/regiao-13-anos-scaled.jpg\",\"contentUrl\":\"https:\\\/\\\/regiaonews.net.br\\\/2022\\\/wp-content\\\/uploads\\\/2026\\\/03\\\/regiao-13-anos-scaled.jpg\",\"width\":2560,\"height\":635,\"caption\":\"Regi\u00e3o News\"},\"image\":{\"@id\":\"https:\\\/\\\/regiaonews.net.br\\\/2022\\\/#\\\/schema\\\/logo\\\/image\\\/\"}},{\"@type\":\"Person\",\"@id\":\"https:\\\/\\\/regiaonews.net.br\\\/2022\\\/#\\\/schema\\\/person\\\/2d205a608a5aa97ac279d7a5e6d89ad8\",\"name\":\"Roberto\",\"image\":{\"@type\":\"ImageObject\",\"inLanguage\":\"pt-BR\",\"@id\":\"https:\\\/\\\/secure.gravatar.com\\\/avatar\\\/42749d8b712ff9d59ca93dc150494e5b55a44134482993f5baeb97e61b7ecc89?s=96&d=mm&r=g\",\"url\":\"https:\\\/\\\/secure.gravatar.com\\\/avatar\\\/42749d8b712ff9d59ca93dc150494e5b55a44134482993f5baeb97e61b7ecc89?s=96&d=mm&r=g\",\"contentUrl\":\"https:\\\/\\\/secure.gravatar.com\\\/avatar\\\/42749d8b712ff9d59ca93dc150494e5b55a44134482993f5baeb97e61b7ecc89?s=96&d=mm&r=g\",\"caption\":\"Roberto\"},\"url\":\"https:\\\/\\\/regiaonews.net.br\\\/2022\\\/author\\\/roberto\\\/\"}]}<\/script>\n<!-- \/ Yoast SEO plugin. -->","yoast_head_json":{"title":"Festa do Pe\u00e3o de Barretos oferece atendimento odontol\u00f3gico para urg\u00eancias e emerg\u00eancias - Regi\u00e3o News","robots":{"index":"index","follow":"follow","max-snippet":"max-snippet:-1","max-image-preview":"max-image-preview:large","max-video-preview":"max-video-preview:-1"},"canonical":"https:\/\/regiaonews.net.br\/2022\/2023\/08\/22\/festa-do-peao-de-barretos-oferece-atendimento-odontologico-para-urgencias-e-emergencias\/","og_locale":"pt_BR","og_type":"article","og_title":"Festa do Pe\u00e3o de Barretos oferece atendimento odontol\u00f3gico para urg\u00eancias e emerg\u00eancias - Regi\u00e3o News","og_description":"Inaugurado em julho de 2017, o Centro Odontol\u00f3gico Dr. Luiz","og_url":"https:\/\/regiaonews.net.br\/2022\/2023\/08\/22\/festa-do-peao-de-barretos-oferece-atendimento-odontologico-para-urgencias-e-emergencias\/","og_site_name":"Regi\u00e3o News","article_published_time":"2023-08-22T13:44:53+00:00","og_image":[{"width":1600,"height":900,"url":"https:\/\/regiaonews.net.br\/2022\/wp-content\/uploads\/2023\/08\/Imagem-do-WhatsApp-de-2023-08-22-as-10.04.31.jpg","type":"image\/jpeg"}],"author":"Roberto","twitter_card":"summary_large_image","twitter_misc":{"Escrito por":"Roberto","Est. tempo de leitura":"3 minutos"},"schema":{"@context":"https:\/\/schema.org","@graph":[{"@type":"Article","@id":"https:\/\/regiaonews.net.br\/2022\/2023\/08\/22\/festa-do-peao-de-barretos-oferece-atendimento-odontologico-para-urgencias-e-emergencias\/#article","isPartOf":{"@id":"https:\/\/regiaonews.net.br\/2022\/2023\/08\/22\/festa-do-peao-de-barretos-oferece-atendimento-odontologico-para-urgencias-e-emergencias\/"},"author":{"name":"Roberto","@id":"https:\/\/regiaonews.net.br\/2022\/#\/schema\/person\/2d205a608a5aa97ac279d7a5e6d89ad8"},"headline":"Festa do Pe\u00e3o de Barretos oferece atendimento odontol\u00f3gico para urg\u00eancias e emerg\u00eancias","datePublished":"2023-08-22T13:44:53+00:00","mainEntityOfPage":{"@id":"https:\/\/regiaonews.net.br\/2022\/2023\/08\/22\/festa-do-peao-de-barretos-oferece-atendimento-odontologico-para-urgencias-e-emergencias\/"},"wordCount":485,"commentCount":0,"publisher":{"@id":"https:\/\/regiaonews.net.br\/2022\/#organization"},"image":{"@id":"https:\/\/regiaonews.net.br\/2022\/2023\/08\/22\/festa-do-peao-de-barretos-oferece-atendimento-odontologico-para-urgencias-e-emergencias\/#primaryimage"},"thumbnailUrl":"https:\/\/regiaonews.net.br\/2022\/wp-content\/uploads\/2023\/08\/Imagem-do-WhatsApp-de-2023-08-22-as-10.04.31.jpg","articleSection":["Barretos","Geral"],"inLanguage":"pt-BR","potentialAction":[{"@type":"CommentAction","name":"Comment","target":["https:\/\/regiaonews.net.br\/2022\/2023\/08\/22\/festa-do-peao-de-barretos-oferece-atendimento-odontologico-para-urgencias-e-emergencias\/#respond"]}]},{"@type":"WebPage","@id":"https:\/\/regiaonews.net.br\/2022\/2023\/08\/22\/festa-do-peao-de-barretos-oferece-atendimento-odontologico-para-urgencias-e-emergencias\/","url":"https:\/\/regiaonews.net.br\/2022\/2023\/08\/22\/festa-do-peao-de-barretos-oferece-atendimento-odontologico-para-urgencias-e-emergencias\/","name":"Festa do Pe\u00e3o de Barretos oferece atendimento odontol\u00f3gico para urg\u00eancias e emerg\u00eancias - Regi\u00e3o News","isPartOf":{"@id":"https:\/\/regiaonews.net.br\/2022\/#website"},"primaryImageOfPage":{"@id":"https:\/\/regiaonews.net.br\/2022\/2023\/08\/22\/festa-do-peao-de-barretos-oferece-atendimento-odontologico-para-urgencias-e-emergencias\/#primaryimage"},"image":{"@id":"https:\/\/regiaonews.net.br\/2022\/2023\/08\/22\/festa-do-peao-de-barretos-oferece-atendimento-odontologico-para-urgencias-e-emergencias\/#primaryimage"},"thumbnailUrl":"https:\/\/regiaonews.net.br\/2022\/wp-content\/uploads\/2023\/08\/Imagem-do-WhatsApp-de-2023-08-22-as-10.04.31.jpg","datePublished":"2023-08-22T13:44:53+00:00","breadcrumb":{"@id":"https:\/\/regiaonews.net.br\/2022\/2023\/08\/22\/festa-do-peao-de-barretos-oferece-atendimento-odontologico-para-urgencias-e-emergencias\/#breadcrumb"},"inLanguage":"pt-BR","potentialAction":[{"@type":"ReadAction","target":["https:\/\/regiaonews.net.br\/2022\/2023\/08\/22\/festa-do-peao-de-barretos-oferece-atendimento-odontologico-para-urgencias-e-emergencias\/"]}]},{"@type":"ImageObject","inLanguage":"pt-BR","@id":"https:\/\/regiaonews.net.br\/2022\/2023\/08\/22\/festa-do-peao-de-barretos-oferece-atendimento-odontologico-para-urgencias-e-emergencias\/#primaryimage","url":"https:\/\/regiaonews.net.br\/2022\/wp-content\/uploads\/2023\/08\/Imagem-do-WhatsApp-de-2023-08-22-as-10.04.31.jpg","contentUrl":"https:\/\/regiaonews.net.br\/2022\/wp-content\/uploads\/2023\/08\/Imagem-do-WhatsApp-de-2023-08-22-as-10.04.31.jpg","width":1600,"height":900},{"@type":"BreadcrumbList","@id":"https:\/\/regiaonews.net.br\/2022\/2023\/08\/22\/festa-do-peao-de-barretos-oferece-atendimento-odontologico-para-urgencias-e-emergencias\/#breadcrumb","itemListElement":[{"@type":"ListItem","position":1,"name":"In\u00edcio","item":"https:\/\/regiaonews.net.br\/2022\/"},{"@type":"ListItem","position":2,"name":"Festa do Pe\u00e3o de Barretos oferece atendimento odontol\u00f3gico para urg\u00eancias e emerg\u00eancias"}]},{"@type":"WebSite","@id":"https:\/\/regiaonews.net.br\/2022\/#website","url":"https:\/\/regiaonews.net.br\/2022\/","name":"Regi\u00e3o News","description":"Site de Not\u00edcias de Barretos e regi\u00e3o","publisher":{"@id":"https:\/\/regiaonews.net.br\/2022\/#organization"},"potentialAction":[{"@type":"SearchAction","target":{"@type":"EntryPoint","urlTemplate":"https:\/\/regiaonews.net.br\/2022\/?s={search_term_string}"},"query-input":{"@type":"PropertyValueSpecification","valueRequired":true,"valueName":"search_term_string"}}],"inLanguage":"pt-BR"},{"@type":"Organization","@id":"https:\/\/regiaonews.net.br\/2022\/#organization","name":"Regi\u00e3o News","url":"https:\/\/regiaonews.net.br\/2022\/","logo":{"@type":"ImageObject","inLanguage":"pt-BR","@id":"https:\/\/regiaonews.net.br\/2022\/#\/schema\/logo\/image\/","url":"https:\/\/regiaonews.net.br\/2022\/wp-content\/uploads\/2026\/03\/regiao-13-anos-scaled.jpg","contentUrl":"https:\/\/regiaonews.net.br\/2022\/wp-content\/uploads\/2026\/03\/regiao-13-anos-scaled.jpg","width":2560,"height":635,"caption":"Regi\u00e3o News"},"image":{"@id":"https:\/\/regiaonews.net.br\/2022\/#\/schema\/logo\/image\/"}},{"@type":"Person","@id":"https:\/\/regiaonews.net.br\/2022\/#\/schema\/person\/2d205a608a5aa97ac279d7a5e6d89ad8","name":"Roberto","image":{"@type":"ImageObject","inLanguage":"pt-BR","@id":"https:\/\/secure.gravatar.com\/avatar\/42749d8b712ff9d59ca93dc150494e5b55a44134482993f5baeb97e61b7ecc89?s=96&d=mm&r=g","url":"https:\/\/secure.gravatar.com\/avatar\/42749d8b712ff9d59ca93dc150494e5b55a44134482993f5baeb97e61b7ecc89?s=96&d=mm&r=g","contentUrl":"https:\/\/secure.gravatar.com\/avatar\/42749d8b712ff9d59ca93dc150494e5b55a44134482993f5baeb97e61b7ecc89?s=96&d=mm&r=g","caption":"Roberto"},"url":"https:\/\/regiaonews.net.br\/2022\/author\/roberto\/"}]}},"publishpress_future_action":{"enabled":false,"date":"2026-05-03 03:43:56","action":"change-status","newStatus":"draft","terms":[],"taxonomy":"category","extraData":[]},"publishpress_future_workflow_manual_trigger":{"enabledWorkflows":[]},"_links":{"self":[{"href":"https:\/\/regiaonews.net.br\/2022\/wp-json\/wp\/v2\/posts\/93882","targetHints":{"allow":["GET"]}}],"collection":[{"href":"https:\/\/regiaonews.net.br\/2022\/wp-json\/wp\/v2\/posts"}],"about":[{"href":"https:\/\/regiaonews.net.br\/2022\/wp-json\/wp\/v2\/types\/post"}],"author":[{"embeddable":true,"href":"https:\/\/regiaonews.net.br\/2022\/wp-json\/wp\/v2\/users\/2"}],"replies":[{"embeddable":true,"href":"https:\/\/regiaonews.net.br\/2022\/wp-json\/wp\/v2\/comments?post=93882"}],"version-history":[{"count":1,"href":"https:\/\/regiaonews.net.br\/2022\/wp-json\/wp\/v2\/posts\/93882\/revisions"}],"predecessor-version":[{"id":93885,"href":"https:\/\/regiaonews.net.br\/2022\/wp-json\/wp\/v2\/posts\/93882\/revisions\/93885"}],"wp:featuredmedia":[{"embeddable":true,"href":"https:\/\/regiaonews.net.br\/2022\/wp-json\/wp\/v2\/media\/93884"}],"wp:attachment":[{"href":"https:\/\/regiaonews.net.br\/2022\/wp-json\/wp\/v2\/media?parent=93882"}],"wp:term":[{"taxonomy":"category","embeddable":true,"href":"https:\/\/regiaonews.net.br\/2022\/wp-json\/wp\/v2\/categories?post=93882"},{"taxonomy":"post_tag","embeddable":true,"href":"https:\/\/regiaonews.net.br\/2022\/wp-json\/wp\/v2\/tags?post=93882"}],"curies":[{"name":"wp","href":"https:\/\/api.w.org\/{rel}","templated":true}]}}