{"id":93674,"date":"2023-08-18T23:27:52","date_gmt":"2023-08-19T02:27:52","guid":{"rendered":"https:\/\/regiaonews.net.br\/2022\/?p=93674"},"modified":"2023-08-18T23:32:34","modified_gmt":"2023-08-19T02:32:34","slug":"ministro-padilha-e-esperado-em-barretos-para-encontro-regional","status":"publish","type":"post","link":"https:\/\/regiaonews.net.br\/2022\/2023\/08\/18\/ministro-padilha-e-esperado-em-barretos-para-encontro-regional\/","title":{"rendered":"Ministro Padilha \u00e9 esperado em Barretos para Encontro Regional"},"content":{"rendered":"<p>&nbsp;<\/p>\n<p>A cidade de Barretos recebe hoje (19), a visita do Ministro das Rela\u00e7\u00f5es Institucionais, Alexandre Padilha. De acordo com a secret\u00e1ria de organiza\u00e7\u00e3o do Partido dos Trabalhadores e assessora parlamentar da deputada estadual Thainara Faria, Elessandra Neves, a visita ser\u00e1 de grande import\u00e2ncia para o crescimento de Barretos e regi\u00e3o, j\u00e1 que o ministro estar\u00e1 anunciando algumas conquistas atrav\u00e9s de projetos do novo PAC (Plano de Acelera\u00e7\u00e3o do Crescimento), anunciado pelo presidente Luiz In\u00e1cio Lula da Silva. \u201cTemos trabalhado muito para destravar emendas e liberar novos recursos, como a libera\u00e7\u00e3o de uma verba de R$ 500 mil para infraestrutura para a Prefeitura de Barretos que a cidade recebe at\u00e9 o final do ano\u201d, afirmou Elessandra.<br \/>\nPara ela, a vinda do ministro Alexandra Padilha, vem para tornar s\u00f3lido v\u00e1rios projetos e atrav\u00e9s do novo PAC a regi\u00e3o ser\u00e1 muito beneficiada. \u201cA gente come\u00e7a com um grande investimento em Bebedouro, com a instala\u00e7\u00e3o de uma unidade do Instituto Federal. A vinda dele para Barretos, ser\u00e1 importante, porque a cidade necessita de aten\u00e7\u00e3o e socorro\u201d, explicou Elessandra.<br \/>\nDe acordo com a integrante da Macro Regi\u00e3o do PT, v\u00e1rias cidades j\u00e1 confirmaram presen\u00e7a em Barretos, onde estar\u00e3o entregando requerimentos e se reunindo por alguns momentos com o ministro.<br \/>\nPROGRAMA\u00c7\u00c3O: A agenda do ministro Alexandre Padilha, come\u00e7a \u00e0s 8h30 com reuni\u00e3o com a prefeita Paula Lemos onde ouvir\u00e1 os pedidos de demanda para a cidade, ap\u00f3s est\u00e1 agendada visita ao campus do Instituto Federal onde ser\u00e3o anunciados investimentos e lan\u00e7amento da unidade de Bebedouro. O ministro tamb\u00e9m ir\u00e1 visitar o Hospital de Amor e a Santa Casa onde ouvir\u00e1 as demandas de recursos, em seguida almo\u00e7a no Parque do Pe\u00e3o na Queima do Alho e fechando a visita participa de reuni\u00e3o com lideran\u00e7as do Partido dos Trabalhadores de Barretos.<\/p>\n","protected":false},"excerpt":{"rendered":"<p>&nbsp; A cidade de Barretos recebe hoje (19), a visita<\/p>\n","protected":false},"author":2,"featured_media":93675,"comment_status":"open","ping_status":"open","sticky":false,"template":"","format":"standard","meta":{"footnotes":""},"categories":[14,25,22],"tags":[],"class_list":["post-93674","post","type-post","status-publish","format-standard","has-post-thumbnail","hentry","category-barretos","category-cidades","category-politica"],"yoast_head":"<!-- This site is optimized with the Yoast SEO plugin v27.4 - https:\/\/yoast.com\/product\/yoast-seo-wordpress\/ -->\n<title>Ministro Padilha \u00e9 esperado em Barretos para Encontro Regional<\/title>\n<meta name=\"description\" content=\"A cidade de Barretos recebe hoje (19), a visita do Ministro das Rela\u00e7\u00f5es Institucionais, Alexandre Padilha. De acordo com\" \/>\n<meta name=\"robots\" content=\"index, follow, max-snippet:-1, max-image-preview:large, max-video-preview:-1\" \/>\n<link rel=\"canonical\" href=\"https:\/\/regiaonews.net.br\/2022\/2023\/08\/18\/ministro-padilha-e-esperado-em-barretos-para-encontro-regional\/\" \/>\n<meta property=\"og:locale\" content=\"pt_BR\" \/>\n<meta property=\"og:type\" content=\"article\" \/>\n<meta property=\"og:title\" content=\"Ministro Padilha \u00e9 esperado em Barretos para Encontro Regional\" \/>\n<meta property=\"og:description\" content=\"A cidade de Barretos recebe hoje (19), a visita do Ministro das Rela\u00e7\u00f5es Institucionais, Alexandre Padilha. De acordo com\" \/>\n<meta property=\"og:url\" content=\"https:\/\/regiaonews.net.br\/2022\/2023\/08\/18\/ministro-padilha-e-esperado-em-barretos-para-encontro-regional\/\" \/>\n<meta property=\"og:site_name\" content=\"Regi\u00e3o News\" \/>\n<meta property=\"article:published_time\" content=\"2023-08-19T02:27:52+00:00\" \/>\n<meta property=\"article:modified_time\" content=\"2023-08-19T02:32:34+00:00\" \/>\n<meta property=\"og:image\" content=\"https:\/\/regiaonews.net.br\/2022\/wp-content\/uploads\/2023\/08\/WhatsApp-Image-2023-08-18-at-16.27.11.jpeg\" \/>\n\t<meta property=\"og:image:width\" content=\"1080\" \/>\n\t<meta property=\"og:image:height\" content=\"608\" \/>\n\t<meta property=\"og:image:type\" content=\"image\/jpeg\" \/>\n<meta name=\"author\" content=\"Roberto\" \/>\n<meta name=\"twitter:card\" content=\"summary_large_image\" \/>\n<meta name=\"twitter:label1\" content=\"Escrito por\" \/>\n\t<meta name=\"twitter:data1\" content=\"Roberto\" \/>\n\t<meta name=\"twitter:label2\" content=\"Est. tempo de leitura\" \/>\n\t<meta name=\"twitter:data2\" content=\"2 minutos\" \/>\n<script type=\"application\/ld+json\" class=\"yoast-schema-graph\">{\"@context\":\"https:\\\/\\\/schema.org\",\"@graph\":[{\"@type\":\"Article\",\"@id\":\"https:\\\/\\\/regiaonews.net.br\\\/2022\\\/2023\\\/08\\\/18\\\/ministro-padilha-e-esperado-em-barretos-para-encontro-regional\\\/#article\",\"isPartOf\":{\"@id\":\"https:\\\/\\\/regiaonews.net.br\\\/2022\\\/2023\\\/08\\\/18\\\/ministro-padilha-e-esperado-em-barretos-para-encontro-regional\\\/\"},\"author\":{\"name\":\"Roberto\",\"@id\":\"https:\\\/\\\/regiaonews.net.br\\\/2022\\\/#\\\/schema\\\/person\\\/2d205a608a5aa97ac279d7a5e6d89ad8\"},\"headline\":\"Ministro Padilha \u00e9 esperado em Barretos para Encontro Regional\",\"datePublished\":\"2023-08-19T02:27:52+00:00\",\"dateModified\":\"2023-08-19T02:32:34+00:00\",\"mainEntityOfPage\":{\"@id\":\"https:\\\/\\\/regiaonews.net.br\\\/2022\\\/2023\\\/08\\\/18\\\/ministro-padilha-e-esperado-em-barretos-para-encontro-regional\\\/\"},\"wordCount\":332,\"commentCount\":0,\"publisher\":{\"@id\":\"https:\\\/\\\/regiaonews.net.br\\\/2022\\\/#organization\"},\"image\":{\"@id\":\"https:\\\/\\\/regiaonews.net.br\\\/2022\\\/2023\\\/08\\\/18\\\/ministro-padilha-e-esperado-em-barretos-para-encontro-regional\\\/#primaryimage\"},\"thumbnailUrl\":\"https:\\\/\\\/regiaonews.net.br\\\/2022\\\/wp-content\\\/uploads\\\/2023\\\/08\\\/WhatsApp-Image-2023-08-18-at-16.27.11.jpeg\",\"articleSection\":[\"Barretos\",\"Cidades\",\"Pol\u00edtica\"],\"inLanguage\":\"pt-BR\",\"potentialAction\":[{\"@type\":\"CommentAction\",\"name\":\"Comment\",\"target\":[\"https:\\\/\\\/regiaonews.net.br\\\/2022\\\/2023\\\/08\\\/18\\\/ministro-padilha-e-esperado-em-barretos-para-encontro-regional\\\/#respond\"]}]},{\"@type\":\"WebPage\",\"@id\":\"https:\\\/\\\/regiaonews.net.br\\\/2022\\\/2023\\\/08\\\/18\\\/ministro-padilha-e-esperado-em-barretos-para-encontro-regional\\\/\",\"url\":\"https:\\\/\\\/regiaonews.net.br\\\/2022\\\/2023\\\/08\\\/18\\\/ministro-padilha-e-esperado-em-barretos-para-encontro-regional\\\/\",\"name\":\"Ministro Padilha \u00e9 esperado em Barretos para Encontro Regional\",\"isPartOf\":{\"@id\":\"https:\\\/\\\/regiaonews.net.br\\\/2022\\\/#website\"},\"primaryImageOfPage\":{\"@id\":\"https:\\\/\\\/regiaonews.net.br\\\/2022\\\/2023\\\/08\\\/18\\\/ministro-padilha-e-esperado-em-barretos-para-encontro-regional\\\/#primaryimage\"},\"image\":{\"@id\":\"https:\\\/\\\/regiaonews.net.br\\\/2022\\\/2023\\\/08\\\/18\\\/ministro-padilha-e-esperado-em-barretos-para-encontro-regional\\\/#primaryimage\"},\"thumbnailUrl\":\"https:\\\/\\\/regiaonews.net.br\\\/2022\\\/wp-content\\\/uploads\\\/2023\\\/08\\\/WhatsApp-Image-2023-08-18-at-16.27.11.jpeg\",\"datePublished\":\"2023-08-19T02:27:52+00:00\",\"dateModified\":\"2023-08-19T02:32:34+00:00\",\"description\":\"A cidade de Barretos recebe hoje (19), a visita do Ministro das Rela\u00e7\u00f5es Institucionais, Alexandre Padilha. De acordo com\",\"breadcrumb\":{\"@id\":\"https:\\\/\\\/regiaonews.net.br\\\/2022\\\/2023\\\/08\\\/18\\\/ministro-padilha-e-esperado-em-barretos-para-encontro-regional\\\/#breadcrumb\"},\"inLanguage\":\"pt-BR\",\"potentialAction\":[{\"@type\":\"ReadAction\",\"target\":[\"https:\\\/\\\/regiaonews.net.br\\\/2022\\\/2023\\\/08\\\/18\\\/ministro-padilha-e-esperado-em-barretos-para-encontro-regional\\\/\"]}]},{\"@type\":\"ImageObject\",\"inLanguage\":\"pt-BR\",\"@id\":\"https:\\\/\\\/regiaonews.net.br\\\/2022\\\/2023\\\/08\\\/18\\\/ministro-padilha-e-esperado-em-barretos-para-encontro-regional\\\/#primaryimage\",\"url\":\"https:\\\/\\\/regiaonews.net.br\\\/2022\\\/wp-content\\\/uploads\\\/2023\\\/08\\\/WhatsApp-Image-2023-08-18-at-16.27.11.jpeg\",\"contentUrl\":\"https:\\\/\\\/regiaonews.net.br\\\/2022\\\/wp-content\\\/uploads\\\/2023\\\/08\\\/WhatsApp-Image-2023-08-18-at-16.27.11.jpeg\",\"width\":1080,\"height\":608},{\"@type\":\"BreadcrumbList\",\"@id\":\"https:\\\/\\\/regiaonews.net.br\\\/2022\\\/2023\\\/08\\\/18\\\/ministro-padilha-e-esperado-em-barretos-para-encontro-regional\\\/#breadcrumb\",\"itemListElement\":[{\"@type\":\"ListItem\",\"position\":1,\"name\":\"In\u00edcio\",\"item\":\"https:\\\/\\\/regiaonews.net.br\\\/2022\\\/\"},{\"@type\":\"ListItem\",\"position\":2,\"name\":\"Ministro Padilha \u00e9 esperado em Barretos para Encontro Regional\"}]},{\"@type\":\"WebSite\",\"@id\":\"https:\\\/\\\/regiaonews.net.br\\\/2022\\\/#website\",\"url\":\"https:\\\/\\\/regiaonews.net.br\\\/2022\\\/\",\"name\":\"Regi\u00e3o News\",\"description\":\"Site de Not\u00edcias de Barretos e regi\u00e3o\",\"publisher\":{\"@id\":\"https:\\\/\\\/regiaonews.net.br\\\/2022\\\/#organization\"},\"potentialAction\":[{\"@type\":\"SearchAction\",\"target\":{\"@type\":\"EntryPoint\",\"urlTemplate\":\"https:\\\/\\\/regiaonews.net.br\\\/2022\\\/?s={search_term_string}\"},\"query-input\":{\"@type\":\"PropertyValueSpecification\",\"valueRequired\":true,\"valueName\":\"search_term_string\"}}],\"inLanguage\":\"pt-BR\"},{\"@type\":\"Organization\",\"@id\":\"https:\\\/\\\/regiaonews.net.br\\\/2022\\\/#organization\",\"name\":\"Regi\u00e3o News\",\"url\":\"https:\\\/\\\/regiaonews.net.br\\\/2022\\\/\",\"logo\":{\"@type\":\"ImageObject\",\"inLanguage\":\"pt-BR\",\"@id\":\"https:\\\/\\\/regiaonews.net.br\\\/2022\\\/#\\\/schema\\\/logo\\\/image\\\/\",\"url\":\"https:\\\/\\\/regiaonews.net.br\\\/2022\\\/wp-content\\\/uploads\\\/2026\\\/03\\\/regiao-13-anos-scaled.jpg\",\"contentUrl\":\"https:\\\/\\\/regiaonews.net.br\\\/2022\\\/wp-content\\\/uploads\\\/2026\\\/03\\\/regiao-13-anos-scaled.jpg\",\"width\":2560,\"height\":635,\"caption\":\"Regi\u00e3o News\"},\"image\":{\"@id\":\"https:\\\/\\\/regiaonews.net.br\\\/2022\\\/#\\\/schema\\\/logo\\\/image\\\/\"}},{\"@type\":\"Person\",\"@id\":\"https:\\\/\\\/regiaonews.net.br\\\/2022\\\/#\\\/schema\\\/person\\\/2d205a608a5aa97ac279d7a5e6d89ad8\",\"name\":\"Roberto\",\"image\":{\"@type\":\"ImageObject\",\"inLanguage\":\"pt-BR\",\"@id\":\"https:\\\/\\\/secure.gravatar.com\\\/avatar\\\/42749d8b712ff9d59ca93dc150494e5b55a44134482993f5baeb97e61b7ecc89?s=96&d=mm&r=g\",\"url\":\"https:\\\/\\\/secure.gravatar.com\\\/avatar\\\/42749d8b712ff9d59ca93dc150494e5b55a44134482993f5baeb97e61b7ecc89?s=96&d=mm&r=g\",\"contentUrl\":\"https:\\\/\\\/secure.gravatar.com\\\/avatar\\\/42749d8b712ff9d59ca93dc150494e5b55a44134482993f5baeb97e61b7ecc89?s=96&d=mm&r=g\",\"caption\":\"Roberto\"},\"url\":\"https:\\\/\\\/regiaonews.net.br\\\/2022\\\/author\\\/roberto\\\/\"}]}<\/script>\n<!-- \/ Yoast SEO plugin. -->","yoast_head_json":{"title":"Ministro Padilha \u00e9 esperado em Barretos para Encontro Regional","description":"A cidade de Barretos recebe hoje (19), a visita do Ministro das Rela\u00e7\u00f5es Institucionais, Alexandre Padilha. De acordo com","robots":{"index":"index","follow":"follow","max-snippet":"max-snippet:-1","max-image-preview":"max-image-preview:large","max-video-preview":"max-video-preview:-1"},"canonical":"https:\/\/regiaonews.net.br\/2022\/2023\/08\/18\/ministro-padilha-e-esperado-em-barretos-para-encontro-regional\/","og_locale":"pt_BR","og_type":"article","og_title":"Ministro Padilha \u00e9 esperado em Barretos para Encontro Regional","og_description":"A cidade de Barretos recebe hoje (19), a visita do Ministro das Rela\u00e7\u00f5es Institucionais, Alexandre Padilha. De acordo com","og_url":"https:\/\/regiaonews.net.br\/2022\/2023\/08\/18\/ministro-padilha-e-esperado-em-barretos-para-encontro-regional\/","og_site_name":"Regi\u00e3o News","article_published_time":"2023-08-19T02:27:52+00:00","article_modified_time":"2023-08-19T02:32:34+00:00","og_image":[{"width":1080,"height":608,"url":"https:\/\/regiaonews.net.br\/2022\/wp-content\/uploads\/2023\/08\/WhatsApp-Image-2023-08-18-at-16.27.11.jpeg","type":"image\/jpeg"}],"author":"Roberto","twitter_card":"summary_large_image","twitter_misc":{"Escrito por":"Roberto","Est. tempo de leitura":"2 minutos"},"schema":{"@context":"https:\/\/schema.org","@graph":[{"@type":"Article","@id":"https:\/\/regiaonews.net.br\/2022\/2023\/08\/18\/ministro-padilha-e-esperado-em-barretos-para-encontro-regional\/#article","isPartOf":{"@id":"https:\/\/regiaonews.net.br\/2022\/2023\/08\/18\/ministro-padilha-e-esperado-em-barretos-para-encontro-regional\/"},"author":{"name":"Roberto","@id":"https:\/\/regiaonews.net.br\/2022\/#\/schema\/person\/2d205a608a5aa97ac279d7a5e6d89ad8"},"headline":"Ministro Padilha \u00e9 esperado em Barretos para Encontro Regional","datePublished":"2023-08-19T02:27:52+00:00","dateModified":"2023-08-19T02:32:34+00:00","mainEntityOfPage":{"@id":"https:\/\/regiaonews.net.br\/2022\/2023\/08\/18\/ministro-padilha-e-esperado-em-barretos-para-encontro-regional\/"},"wordCount":332,"commentCount":0,"publisher":{"@id":"https:\/\/regiaonews.net.br\/2022\/#organization"},"image":{"@id":"https:\/\/regiaonews.net.br\/2022\/2023\/08\/18\/ministro-padilha-e-esperado-em-barretos-para-encontro-regional\/#primaryimage"},"thumbnailUrl":"https:\/\/regiaonews.net.br\/2022\/wp-content\/uploads\/2023\/08\/WhatsApp-Image-2023-08-18-at-16.27.11.jpeg","articleSection":["Barretos","Cidades","Pol\u00edtica"],"inLanguage":"pt-BR","potentialAction":[{"@type":"CommentAction","name":"Comment","target":["https:\/\/regiaonews.net.br\/2022\/2023\/08\/18\/ministro-padilha-e-esperado-em-barretos-para-encontro-regional\/#respond"]}]},{"@type":"WebPage","@id":"https:\/\/regiaonews.net.br\/2022\/2023\/08\/18\/ministro-padilha-e-esperado-em-barretos-para-encontro-regional\/","url":"https:\/\/regiaonews.net.br\/2022\/2023\/08\/18\/ministro-padilha-e-esperado-em-barretos-para-encontro-regional\/","name":"Ministro Padilha \u00e9 esperado em Barretos para Encontro Regional","isPartOf":{"@id":"https:\/\/regiaonews.net.br\/2022\/#website"},"primaryImageOfPage":{"@id":"https:\/\/regiaonews.net.br\/2022\/2023\/08\/18\/ministro-padilha-e-esperado-em-barretos-para-encontro-regional\/#primaryimage"},"image":{"@id":"https:\/\/regiaonews.net.br\/2022\/2023\/08\/18\/ministro-padilha-e-esperado-em-barretos-para-encontro-regional\/#primaryimage"},"thumbnailUrl":"https:\/\/regiaonews.net.br\/2022\/wp-content\/uploads\/2023\/08\/WhatsApp-Image-2023-08-18-at-16.27.11.jpeg","datePublished":"2023-08-19T02:27:52+00:00","dateModified":"2023-08-19T02:32:34+00:00","description":"A cidade de Barretos recebe hoje (19), a visita do Ministro das Rela\u00e7\u00f5es Institucionais, Alexandre Padilha. De acordo com","breadcrumb":{"@id":"https:\/\/regiaonews.net.br\/2022\/2023\/08\/18\/ministro-padilha-e-esperado-em-barretos-para-encontro-regional\/#breadcrumb"},"inLanguage":"pt-BR","potentialAction":[{"@type":"ReadAction","target":["https:\/\/regiaonews.net.br\/2022\/2023\/08\/18\/ministro-padilha-e-esperado-em-barretos-para-encontro-regional\/"]}]},{"@type":"ImageObject","inLanguage":"pt-BR","@id":"https:\/\/regiaonews.net.br\/2022\/2023\/08\/18\/ministro-padilha-e-esperado-em-barretos-para-encontro-regional\/#primaryimage","url":"https:\/\/regiaonews.net.br\/2022\/wp-content\/uploads\/2023\/08\/WhatsApp-Image-2023-08-18-at-16.27.11.jpeg","contentUrl":"https:\/\/regiaonews.net.br\/2022\/wp-content\/uploads\/2023\/08\/WhatsApp-Image-2023-08-18-at-16.27.11.jpeg","width":1080,"height":608},{"@type":"BreadcrumbList","@id":"https:\/\/regiaonews.net.br\/2022\/2023\/08\/18\/ministro-padilha-e-esperado-em-barretos-para-encontro-regional\/#breadcrumb","itemListElement":[{"@type":"ListItem","position":1,"name":"In\u00edcio","item":"https:\/\/regiaonews.net.br\/2022\/"},{"@type":"ListItem","position":2,"name":"Ministro Padilha \u00e9 esperado em Barretos para Encontro Regional"}]},{"@type":"WebSite","@id":"https:\/\/regiaonews.net.br\/2022\/#website","url":"https:\/\/regiaonews.net.br\/2022\/","name":"Regi\u00e3o News","description":"Site de Not\u00edcias de Barretos e regi\u00e3o","publisher":{"@id":"https:\/\/regiaonews.net.br\/2022\/#organization"},"potentialAction":[{"@type":"SearchAction","target":{"@type":"EntryPoint","urlTemplate":"https:\/\/regiaonews.net.br\/2022\/?s={search_term_string}"},"query-input":{"@type":"PropertyValueSpecification","valueRequired":true,"valueName":"search_term_string"}}],"inLanguage":"pt-BR"},{"@type":"Organization","@id":"https:\/\/regiaonews.net.br\/2022\/#organization","name":"Regi\u00e3o News","url":"https:\/\/regiaonews.net.br\/2022\/","logo":{"@type":"ImageObject","inLanguage":"pt-BR","@id":"https:\/\/regiaonews.net.br\/2022\/#\/schema\/logo\/image\/","url":"https:\/\/regiaonews.net.br\/2022\/wp-content\/uploads\/2026\/03\/regiao-13-anos-scaled.jpg","contentUrl":"https:\/\/regiaonews.net.br\/2022\/wp-content\/uploads\/2026\/03\/regiao-13-anos-scaled.jpg","width":2560,"height":635,"caption":"Regi\u00e3o News"},"image":{"@id":"https:\/\/regiaonews.net.br\/2022\/#\/schema\/logo\/image\/"}},{"@type":"Person","@id":"https:\/\/regiaonews.net.br\/2022\/#\/schema\/person\/2d205a608a5aa97ac279d7a5e6d89ad8","name":"Roberto","image":{"@type":"ImageObject","inLanguage":"pt-BR","@id":"https:\/\/secure.gravatar.com\/avatar\/42749d8b712ff9d59ca93dc150494e5b55a44134482993f5baeb97e61b7ecc89?s=96&d=mm&r=g","url":"https:\/\/secure.gravatar.com\/avatar\/42749d8b712ff9d59ca93dc150494e5b55a44134482993f5baeb97e61b7ecc89?s=96&d=mm&r=g","contentUrl":"https:\/\/secure.gravatar.com\/avatar\/42749d8b712ff9d59ca93dc150494e5b55a44134482993f5baeb97e61b7ecc89?s=96&d=mm&r=g","caption":"Roberto"},"url":"https:\/\/regiaonews.net.br\/2022\/author\/roberto\/"}]}},"publishpress_future_action":{"enabled":false,"date":"2026-05-03 03:15:26","action":"change-status","newStatus":"draft","terms":[],"taxonomy":"category","extraData":[]},"publishpress_future_workflow_manual_trigger":{"enabledWorkflows":[]},"_links":{"self":[{"href":"https:\/\/regiaonews.net.br\/2022\/wp-json\/wp\/v2\/posts\/93674","targetHints":{"allow":["GET"]}}],"collection":[{"href":"https:\/\/regiaonews.net.br\/2022\/wp-json\/wp\/v2\/posts"}],"about":[{"href":"https:\/\/regiaonews.net.br\/2022\/wp-json\/wp\/v2\/types\/post"}],"author":[{"embeddable":true,"href":"https:\/\/regiaonews.net.br\/2022\/wp-json\/wp\/v2\/users\/2"}],"replies":[{"embeddable":true,"href":"https:\/\/regiaonews.net.br\/2022\/wp-json\/wp\/v2\/comments?post=93674"}],"version-history":[{"count":2,"href":"https:\/\/regiaonews.net.br\/2022\/wp-json\/wp\/v2\/posts\/93674\/revisions"}],"predecessor-version":[{"id":93677,"href":"https:\/\/regiaonews.net.br\/2022\/wp-json\/wp\/v2\/posts\/93674\/revisions\/93677"}],"wp:featuredmedia":[{"embeddable":true,"href":"https:\/\/regiaonews.net.br\/2022\/wp-json\/wp\/v2\/media\/93675"}],"wp:attachment":[{"href":"https:\/\/regiaonews.net.br\/2022\/wp-json\/wp\/v2\/media?parent=93674"}],"wp:term":[{"taxonomy":"category","embeddable":true,"href":"https:\/\/regiaonews.net.br\/2022\/wp-json\/wp\/v2\/categories?post=93674"},{"taxonomy":"post_tag","embeddable":true,"href":"https:\/\/regiaonews.net.br\/2022\/wp-json\/wp\/v2\/tags?post=93674"}],"curies":[{"name":"wp","href":"https:\/\/api.w.org\/{rel}","templated":true}]}}