{"id":93668,"date":"2023-08-18T19:01:55","date_gmt":"2023-08-18T22:01:55","guid":{"rendered":"https:\/\/regiaonews.net.br\/2022\/?p=93668"},"modified":"2023-08-18T19:03:55","modified_gmt":"2023-08-18T22:03:55","slug":"brasil-e-convocado-para-jogos-das-eliminatorias","status":"publish","type":"post","link":"https:\/\/regiaonews.net.br\/2022\/2023\/08\/18\/brasil-e-convocado-para-jogos-das-eliminatorias\/","title":{"rendered":"Brasil \u00e9 convocado para jogos das eliminat\u00f3rias"},"content":{"rendered":"<header class=\"header-static navbar-sticky navbar-light\">\n<nav class=\"navbar\">\n<div class=\"container nav-item dropdown megamenu\">\n<div class=\"pos-absolute-center\"><\/div>\n<\/div>\n<\/nav>\n<\/header>\n<div class=\"region region-content\">\n<article class=\"container\">\n<div class=\"row\">\n<div class=\"col-lg-12 mb-3\">\n<div class=\"row\">\n<h2 class=\"col-10 offset-1 animated fadeInDown dealy-750 display-6 display-md-4 display-lg-5 font-weight-bold alt-font text-center my-1\"><\/h2>\n<\/div>\n<\/div>\n<div class=\"col-xl-7 offset-xl-1 col-lg-8 offset-lg-0 col-md-10 offset-md-1 mb-3\">\n<div class=\"post-item alt-font\">\n<div class=\"post-item-wrap\">\n<p>O t\u00e9cnico interino da sele\u00e7\u00e3o brasileira masculina, Fernando Diniz, deu in\u00edcio nesta sexta-feira (18) ao ciclo para a Copa do Mundo de futebol masculino de 2026 ao realizar a\u00a0<a href=\"https:\/\/www.youtube.com\/watch?v=iJtUoUQch6c\">primeira convoca\u00e7\u00e3o para as Eliminat\u00f3rias Sul-Americanas<\/a>, na sede da CBF, no Rio de Janeiro.\u00a0Entre as novidades na lista est\u00e3o o lateral-esquerdo Caio Henrique, do Monaco (Fran\u00e7a) e o goleiro Bento, do Athletico-PR, al\u00e9m do retorno do atacante Neymar, do Al-Hilal (Ar\u00e1bia Saudita), ap\u00f3s o Mundial do Catar. Boa parte da equipe, no entanto, segue a mesma das \u00faltimas convoca\u00e7\u00f5es. Outros destaques da rela\u00e7\u00e3o de Diniz, que segue no comando t\u00e9cnico do Fluminense, s\u00e3o o meio-campista Andr\u00e9 e o zagueiro Nino &#8211; ambos do Tricolor carioca &#8211; e Raphael Veiga (Palmeiras).\u00a0<img decoding=\"async\" src=\"https:\/\/agenciabrasil.ebc.com.br\/ebc.png?id=1549920&amp;o=node\" \/><img decoding=\"async\" src=\"https:\/\/agenciabrasil.ebc.com.br\/ebc.gif?id=1549920&amp;o=node\" \/><\/p>\n<p>O treinador, de 49 anos, contratado pela CBF at\u00e9 meados de 2024, esclareceu os crit\u00e9rios que usou para fechar a rela\u00e7\u00e3o de convocados.<\/p>\n<p>O Brasil estreia nas Eliminat\u00f3rias contra a Bol\u00edvia, em 8 de setembro (sexta-feira), \u00e0s 21h45 (hor\u00e1rio de Bras\u00edlia), no rec\u00e9m-inaugurado Est\u00e1dio Ol\u00edmpico do Par\u00e1, o Mangueir\u00e3o, em Bel\u00e9m. Quatro dias depois, a sele\u00e7\u00e3o visita o Peru, \u00e0s 23h, na capital Lima.<\/p>\n<p>As<a href=\"https:\/\/agenciabrasil.ebc.com.br\/esportes\/tabelas\/eliminatorias-copa-americadosul-2026.html\">\u00a0Eliminat\u00f3rias Sul-Americanas re\u00fanem ao todo 10 pa\u00edses<\/a>. Os seis primeiros colocados ao fim das 18 rodadas, asseguram vaga direta no Mundial. H\u00e1 ainda uma s\u00e9tima vaga para o continente sul-americano, que ser\u00e1 disputada na repescagem. A Copa de 2026, a primeira com 48 sele\u00e7\u00f5es, ser\u00e1 realizada nos Estados Unidos, Canad\u00e1 e M\u00e9xico.<\/p>\n<p>CONVOCADOS<\/p>\n<p><strong>Goleiros<\/strong><\/p>\n<p>Alisson &#8211; Liverpool (ING)<\/p>\n<p>Ederson- Manchester City (ING)<\/p>\n<p>Bento &#8211; Athletico<\/p>\n<p><strong>Laterais direitos<\/strong><\/p>\n<p>Danilo &#8211; Juventus (ITA)<\/p>\n<p>Vanderson &#8211; Monaco (FRA)<\/p>\n<p><strong>Laterais esquerdos<\/strong><\/p>\n<p>Renan Lodi &#8211; Olympique (FRA)<\/p>\n<p>Caio Henrique &#8211; Monaco (FRA)<\/p>\n<p><strong>Zagueiros<\/strong><\/p>\n<p>Iba\u00f1ez &#8211; Al-Ahli (Ar\u00e1bia Saudita)<\/p>\n<p>Gabriel Magalh\u00e3es &#8211; Arsenal (ING)<\/p>\n<p>Marquinhos &#8211; PSG (FRA)<\/p>\n<p>Nino &#8211; Fluminense<\/p>\n<p><strong>Meio-campistas<\/strong><\/p>\n<p>Andr\u00e9 &#8211; Fluminense<\/p>\n<p>Bruno Guimar\u00e3es &#8211; Newcastle (ING)<\/p>\n<p>Casemiro &#8211; Manchester United (ING)<\/p>\n<p>Joelinton &#8211; Newcastle (ING)<\/p>\n<p>Raphael Veiga &#8211; Palmeiras<\/p>\n<p><strong>Atacantes<\/strong><\/p>\n<p>Antony &#8211; Manchester United (ING)<\/p>\n<p>Gabriel Martinelli &#8211; Arsenal (ING)<\/p>\n<p>Richarlison &#8211; Tottenham (ING)<\/p>\n<p>Rodrygo &#8211; Real Madrid (ESP)<\/p>\n<p>Neymar &#8211; Al-Hilal (Ar\u00e1bia Saudita)<\/p>\n<p>Vinicius J\u00fanior &#8211; Real Madrid (ESP)<\/p>\n<p>Matheus Cunha &#8211; Wolverhampton (ING)<\/p>\n<\/div>\n<\/div>\n<\/div>\n<\/div>\n<\/article>\n<\/div>\n","protected":false},"excerpt":{"rendered":"<p>O t\u00e9cnico interino da sele\u00e7\u00e3o brasileira masculina, Fernando Diniz, deu<\/p>\n","protected":false},"author":2,"featured_media":93670,"comment_status":"open","ping_status":"open","sticky":false,"template":"","format":"standard","meta":{"footnotes":""},"categories":[21,69],"tags":[],"class_list":["post-93668","post","type-post","status-publish","format-standard","has-post-thumbnail","hentry","category-esporte","category-rio-de-janeiro"],"yoast_head":"<!-- This site is optimized with the Yoast SEO plugin v27.4 - https:\/\/yoast.com\/product\/yoast-seo-wordpress\/ -->\n<title>Brasil \u00e9 convocado para jogos das eliminat\u00f3rias - Regi\u00e3o News<\/title>\n<meta name=\"robots\" content=\"index, follow, max-snippet:-1, max-image-preview:large, max-video-preview:-1\" \/>\n<link rel=\"canonical\" href=\"https:\/\/regiaonews.net.br\/2022\/2023\/08\/18\/brasil-e-convocado-para-jogos-das-eliminatorias\/\" \/>\n<meta property=\"og:locale\" content=\"pt_BR\" \/>\n<meta property=\"og:type\" content=\"article\" \/>\n<meta property=\"og:title\" content=\"Brasil \u00e9 convocado para jogos das eliminat\u00f3rias - Regi\u00e3o News\" \/>\n<meta property=\"og:description\" content=\"O t\u00e9cnico interino da sele\u00e7\u00e3o brasileira masculina, Fernando Diniz, deu\" \/>\n<meta property=\"og:url\" content=\"https:\/\/regiaonews.net.br\/2022\/2023\/08\/18\/brasil-e-convocado-para-jogos-das-eliminatorias\/\" \/>\n<meta property=\"og:site_name\" content=\"Regi\u00e3o News\" \/>\n<meta property=\"article:published_time\" content=\"2023-08-18T22:01:55+00:00\" \/>\n<meta property=\"article:modified_time\" content=\"2023-08-18T22:03:55+00:00\" \/>\n<meta property=\"og:image\" content=\"https:\/\/regiaonews.net.br\/2022\/wp-content\/uploads\/2023\/08\/20230818142419_425.jpeg\" \/>\n\t<meta property=\"og:image:width\" content=\"620\" \/>\n\t<meta property=\"og:image:height\" content=\"620\" \/>\n\t<meta property=\"og:image:type\" content=\"image\/jpeg\" \/>\n<meta name=\"author\" content=\"Roberto\" \/>\n<meta name=\"twitter:card\" content=\"summary_large_image\" \/>\n<meta name=\"twitter:label1\" content=\"Escrito por\" \/>\n\t<meta name=\"twitter:data1\" content=\"Roberto\" \/>\n\t<meta name=\"twitter:label2\" content=\"Est. tempo de leitura\" \/>\n\t<meta name=\"twitter:data2\" content=\"3 minutos\" \/>\n<script type=\"application\/ld+json\" class=\"yoast-schema-graph\">{\"@context\":\"https:\\\/\\\/schema.org\",\"@graph\":[{\"@type\":\"Article\",\"@id\":\"https:\\\/\\\/regiaonews.net.br\\\/2022\\\/2023\\\/08\\\/18\\\/brasil-e-convocado-para-jogos-das-eliminatorias\\\/#article\",\"isPartOf\":{\"@id\":\"https:\\\/\\\/regiaonews.net.br\\\/2022\\\/2023\\\/08\\\/18\\\/brasil-e-convocado-para-jogos-das-eliminatorias\\\/\"},\"author\":{\"name\":\"Roberto\",\"@id\":\"https:\\\/\\\/regiaonews.net.br\\\/2022\\\/#\\\/schema\\\/person\\\/2d205a608a5aa97ac279d7a5e6d89ad8\"},\"headline\":\"Brasil \u00e9 convocado para jogos das eliminat\u00f3rias\",\"datePublished\":\"2023-08-18T22:01:55+00:00\",\"dateModified\":\"2023-08-18T22:03:55+00:00\",\"mainEntityOfPage\":{\"@id\":\"https:\\\/\\\/regiaonews.net.br\\\/2022\\\/2023\\\/08\\\/18\\\/brasil-e-convocado-para-jogos-das-eliminatorias\\\/\"},\"wordCount\":384,\"commentCount\":0,\"publisher\":{\"@id\":\"https:\\\/\\\/regiaonews.net.br\\\/2022\\\/#organization\"},\"image\":{\"@id\":\"https:\\\/\\\/regiaonews.net.br\\\/2022\\\/2023\\\/08\\\/18\\\/brasil-e-convocado-para-jogos-das-eliminatorias\\\/#primaryimage\"},\"thumbnailUrl\":\"https:\\\/\\\/regiaonews.net.br\\\/2022\\\/wp-content\\\/uploads\\\/2023\\\/08\\\/20230818142419_425.jpeg\",\"articleSection\":[\"Esporte\",\"Rio de Janeiro\"],\"inLanguage\":\"pt-BR\",\"potentialAction\":[{\"@type\":\"CommentAction\",\"name\":\"Comment\",\"target\":[\"https:\\\/\\\/regiaonews.net.br\\\/2022\\\/2023\\\/08\\\/18\\\/brasil-e-convocado-para-jogos-das-eliminatorias\\\/#respond\"]}]},{\"@type\":\"WebPage\",\"@id\":\"https:\\\/\\\/regiaonews.net.br\\\/2022\\\/2023\\\/08\\\/18\\\/brasil-e-convocado-para-jogos-das-eliminatorias\\\/\",\"url\":\"https:\\\/\\\/regiaonews.net.br\\\/2022\\\/2023\\\/08\\\/18\\\/brasil-e-convocado-para-jogos-das-eliminatorias\\\/\",\"name\":\"Brasil \u00e9 convocado para jogos das eliminat\u00f3rias - Regi\u00e3o News\",\"isPartOf\":{\"@id\":\"https:\\\/\\\/regiaonews.net.br\\\/2022\\\/#website\"},\"primaryImageOfPage\":{\"@id\":\"https:\\\/\\\/regiaonews.net.br\\\/2022\\\/2023\\\/08\\\/18\\\/brasil-e-convocado-para-jogos-das-eliminatorias\\\/#primaryimage\"},\"image\":{\"@id\":\"https:\\\/\\\/regiaonews.net.br\\\/2022\\\/2023\\\/08\\\/18\\\/brasil-e-convocado-para-jogos-das-eliminatorias\\\/#primaryimage\"},\"thumbnailUrl\":\"https:\\\/\\\/regiaonews.net.br\\\/2022\\\/wp-content\\\/uploads\\\/2023\\\/08\\\/20230818142419_425.jpeg\",\"datePublished\":\"2023-08-18T22:01:55+00:00\",\"dateModified\":\"2023-08-18T22:03:55+00:00\",\"breadcrumb\":{\"@id\":\"https:\\\/\\\/regiaonews.net.br\\\/2022\\\/2023\\\/08\\\/18\\\/brasil-e-convocado-para-jogos-das-eliminatorias\\\/#breadcrumb\"},\"inLanguage\":\"pt-BR\",\"potentialAction\":[{\"@type\":\"ReadAction\",\"target\":[\"https:\\\/\\\/regiaonews.net.br\\\/2022\\\/2023\\\/08\\\/18\\\/brasil-e-convocado-para-jogos-das-eliminatorias\\\/\"]}]},{\"@type\":\"ImageObject\",\"inLanguage\":\"pt-BR\",\"@id\":\"https:\\\/\\\/regiaonews.net.br\\\/2022\\\/2023\\\/08\\\/18\\\/brasil-e-convocado-para-jogos-das-eliminatorias\\\/#primaryimage\",\"url\":\"https:\\\/\\\/regiaonews.net.br\\\/2022\\\/wp-content\\\/uploads\\\/2023\\\/08\\\/20230818142419_425.jpeg\",\"contentUrl\":\"https:\\\/\\\/regiaonews.net.br\\\/2022\\\/wp-content\\\/uploads\\\/2023\\\/08\\\/20230818142419_425.jpeg\",\"width\":620,\"height\":620},{\"@type\":\"BreadcrumbList\",\"@id\":\"https:\\\/\\\/regiaonews.net.br\\\/2022\\\/2023\\\/08\\\/18\\\/brasil-e-convocado-para-jogos-das-eliminatorias\\\/#breadcrumb\",\"itemListElement\":[{\"@type\":\"ListItem\",\"position\":1,\"name\":\"In\u00edcio\",\"item\":\"https:\\\/\\\/regiaonews.net.br\\\/2022\\\/\"},{\"@type\":\"ListItem\",\"position\":2,\"name\":\"Brasil \u00e9 convocado para jogos das eliminat\u00f3rias\"}]},{\"@type\":\"WebSite\",\"@id\":\"https:\\\/\\\/regiaonews.net.br\\\/2022\\\/#website\",\"url\":\"https:\\\/\\\/regiaonews.net.br\\\/2022\\\/\",\"name\":\"Regi\u00e3o News\",\"description\":\"Site de Not\u00edcias de Barretos e regi\u00e3o\",\"publisher\":{\"@id\":\"https:\\\/\\\/regiaonews.net.br\\\/2022\\\/#organization\"},\"potentialAction\":[{\"@type\":\"SearchAction\",\"target\":{\"@type\":\"EntryPoint\",\"urlTemplate\":\"https:\\\/\\\/regiaonews.net.br\\\/2022\\\/?s={search_term_string}\"},\"query-input\":{\"@type\":\"PropertyValueSpecification\",\"valueRequired\":true,\"valueName\":\"search_term_string\"}}],\"inLanguage\":\"pt-BR\"},{\"@type\":\"Organization\",\"@id\":\"https:\\\/\\\/regiaonews.net.br\\\/2022\\\/#organization\",\"name\":\"Regi\u00e3o News\",\"url\":\"https:\\\/\\\/regiaonews.net.br\\\/2022\\\/\",\"logo\":{\"@type\":\"ImageObject\",\"inLanguage\":\"pt-BR\",\"@id\":\"https:\\\/\\\/regiaonews.net.br\\\/2022\\\/#\\\/schema\\\/logo\\\/image\\\/\",\"url\":\"https:\\\/\\\/regiaonews.net.br\\\/2022\\\/wp-content\\\/uploads\\\/2026\\\/03\\\/regiao-13-anos-scaled.jpg\",\"contentUrl\":\"https:\\\/\\\/regiaonews.net.br\\\/2022\\\/wp-content\\\/uploads\\\/2026\\\/03\\\/regiao-13-anos-scaled.jpg\",\"width\":2560,\"height\":635,\"caption\":\"Regi\u00e3o News\"},\"image\":{\"@id\":\"https:\\\/\\\/regiaonews.net.br\\\/2022\\\/#\\\/schema\\\/logo\\\/image\\\/\"}},{\"@type\":\"Person\",\"@id\":\"https:\\\/\\\/regiaonews.net.br\\\/2022\\\/#\\\/schema\\\/person\\\/2d205a608a5aa97ac279d7a5e6d89ad8\",\"name\":\"Roberto\",\"image\":{\"@type\":\"ImageObject\",\"inLanguage\":\"pt-BR\",\"@id\":\"https:\\\/\\\/secure.gravatar.com\\\/avatar\\\/42749d8b712ff9d59ca93dc150494e5b55a44134482993f5baeb97e61b7ecc89?s=96&d=mm&r=g\",\"url\":\"https:\\\/\\\/secure.gravatar.com\\\/avatar\\\/42749d8b712ff9d59ca93dc150494e5b55a44134482993f5baeb97e61b7ecc89?s=96&d=mm&r=g\",\"contentUrl\":\"https:\\\/\\\/secure.gravatar.com\\\/avatar\\\/42749d8b712ff9d59ca93dc150494e5b55a44134482993f5baeb97e61b7ecc89?s=96&d=mm&r=g\",\"caption\":\"Roberto\"},\"url\":\"https:\\\/\\\/regiaonews.net.br\\\/2022\\\/author\\\/roberto\\\/\"}]}<\/script>\n<!-- \/ Yoast SEO plugin. -->","yoast_head_json":{"title":"Brasil \u00e9 convocado para jogos das eliminat\u00f3rias - Regi\u00e3o News","robots":{"index":"index","follow":"follow","max-snippet":"max-snippet:-1","max-image-preview":"max-image-preview:large","max-video-preview":"max-video-preview:-1"},"canonical":"https:\/\/regiaonews.net.br\/2022\/2023\/08\/18\/brasil-e-convocado-para-jogos-das-eliminatorias\/","og_locale":"pt_BR","og_type":"article","og_title":"Brasil \u00e9 convocado para jogos das eliminat\u00f3rias - Regi\u00e3o News","og_description":"O t\u00e9cnico interino da sele\u00e7\u00e3o brasileira masculina, Fernando Diniz, deu","og_url":"https:\/\/regiaonews.net.br\/2022\/2023\/08\/18\/brasil-e-convocado-para-jogos-das-eliminatorias\/","og_site_name":"Regi\u00e3o News","article_published_time":"2023-08-18T22:01:55+00:00","article_modified_time":"2023-08-18T22:03:55+00:00","og_image":[{"width":620,"height":620,"url":"https:\/\/regiaonews.net.br\/2022\/wp-content\/uploads\/2023\/08\/20230818142419_425.jpeg","type":"image\/jpeg"}],"author":"Roberto","twitter_card":"summary_large_image","twitter_misc":{"Escrito por":"Roberto","Est. tempo de leitura":"3 minutos"},"schema":{"@context":"https:\/\/schema.org","@graph":[{"@type":"Article","@id":"https:\/\/regiaonews.net.br\/2022\/2023\/08\/18\/brasil-e-convocado-para-jogos-das-eliminatorias\/#article","isPartOf":{"@id":"https:\/\/regiaonews.net.br\/2022\/2023\/08\/18\/brasil-e-convocado-para-jogos-das-eliminatorias\/"},"author":{"name":"Roberto","@id":"https:\/\/regiaonews.net.br\/2022\/#\/schema\/person\/2d205a608a5aa97ac279d7a5e6d89ad8"},"headline":"Brasil \u00e9 convocado para jogos das eliminat\u00f3rias","datePublished":"2023-08-18T22:01:55+00:00","dateModified":"2023-08-18T22:03:55+00:00","mainEntityOfPage":{"@id":"https:\/\/regiaonews.net.br\/2022\/2023\/08\/18\/brasil-e-convocado-para-jogos-das-eliminatorias\/"},"wordCount":384,"commentCount":0,"publisher":{"@id":"https:\/\/regiaonews.net.br\/2022\/#organization"},"image":{"@id":"https:\/\/regiaonews.net.br\/2022\/2023\/08\/18\/brasil-e-convocado-para-jogos-das-eliminatorias\/#primaryimage"},"thumbnailUrl":"https:\/\/regiaonews.net.br\/2022\/wp-content\/uploads\/2023\/08\/20230818142419_425.jpeg","articleSection":["Esporte","Rio de Janeiro"],"inLanguage":"pt-BR","potentialAction":[{"@type":"CommentAction","name":"Comment","target":["https:\/\/regiaonews.net.br\/2022\/2023\/08\/18\/brasil-e-convocado-para-jogos-das-eliminatorias\/#respond"]}]},{"@type":"WebPage","@id":"https:\/\/regiaonews.net.br\/2022\/2023\/08\/18\/brasil-e-convocado-para-jogos-das-eliminatorias\/","url":"https:\/\/regiaonews.net.br\/2022\/2023\/08\/18\/brasil-e-convocado-para-jogos-das-eliminatorias\/","name":"Brasil \u00e9 convocado para jogos das eliminat\u00f3rias - Regi\u00e3o News","isPartOf":{"@id":"https:\/\/regiaonews.net.br\/2022\/#website"},"primaryImageOfPage":{"@id":"https:\/\/regiaonews.net.br\/2022\/2023\/08\/18\/brasil-e-convocado-para-jogos-das-eliminatorias\/#primaryimage"},"image":{"@id":"https:\/\/regiaonews.net.br\/2022\/2023\/08\/18\/brasil-e-convocado-para-jogos-das-eliminatorias\/#primaryimage"},"thumbnailUrl":"https:\/\/regiaonews.net.br\/2022\/wp-content\/uploads\/2023\/08\/20230818142419_425.jpeg","datePublished":"2023-08-18T22:01:55+00:00","dateModified":"2023-08-18T22:03:55+00:00","breadcrumb":{"@id":"https:\/\/regiaonews.net.br\/2022\/2023\/08\/18\/brasil-e-convocado-para-jogos-das-eliminatorias\/#breadcrumb"},"inLanguage":"pt-BR","potentialAction":[{"@type":"ReadAction","target":["https:\/\/regiaonews.net.br\/2022\/2023\/08\/18\/brasil-e-convocado-para-jogos-das-eliminatorias\/"]}]},{"@type":"ImageObject","inLanguage":"pt-BR","@id":"https:\/\/regiaonews.net.br\/2022\/2023\/08\/18\/brasil-e-convocado-para-jogos-das-eliminatorias\/#primaryimage","url":"https:\/\/regiaonews.net.br\/2022\/wp-content\/uploads\/2023\/08\/20230818142419_425.jpeg","contentUrl":"https:\/\/regiaonews.net.br\/2022\/wp-content\/uploads\/2023\/08\/20230818142419_425.jpeg","width":620,"height":620},{"@type":"BreadcrumbList","@id":"https:\/\/regiaonews.net.br\/2022\/2023\/08\/18\/brasil-e-convocado-para-jogos-das-eliminatorias\/#breadcrumb","itemListElement":[{"@type":"ListItem","position":1,"name":"In\u00edcio","item":"https:\/\/regiaonews.net.br\/2022\/"},{"@type":"ListItem","position":2,"name":"Brasil \u00e9 convocado para jogos das eliminat\u00f3rias"}]},{"@type":"WebSite","@id":"https:\/\/regiaonews.net.br\/2022\/#website","url":"https:\/\/regiaonews.net.br\/2022\/","name":"Regi\u00e3o News","description":"Site de Not\u00edcias de Barretos e regi\u00e3o","publisher":{"@id":"https:\/\/regiaonews.net.br\/2022\/#organization"},"potentialAction":[{"@type":"SearchAction","target":{"@type":"EntryPoint","urlTemplate":"https:\/\/regiaonews.net.br\/2022\/?s={search_term_string}"},"query-input":{"@type":"PropertyValueSpecification","valueRequired":true,"valueName":"search_term_string"}}],"inLanguage":"pt-BR"},{"@type":"Organization","@id":"https:\/\/regiaonews.net.br\/2022\/#organization","name":"Regi\u00e3o News","url":"https:\/\/regiaonews.net.br\/2022\/","logo":{"@type":"ImageObject","inLanguage":"pt-BR","@id":"https:\/\/regiaonews.net.br\/2022\/#\/schema\/logo\/image\/","url":"https:\/\/regiaonews.net.br\/2022\/wp-content\/uploads\/2026\/03\/regiao-13-anos-scaled.jpg","contentUrl":"https:\/\/regiaonews.net.br\/2022\/wp-content\/uploads\/2026\/03\/regiao-13-anos-scaled.jpg","width":2560,"height":635,"caption":"Regi\u00e3o News"},"image":{"@id":"https:\/\/regiaonews.net.br\/2022\/#\/schema\/logo\/image\/"}},{"@type":"Person","@id":"https:\/\/regiaonews.net.br\/2022\/#\/schema\/person\/2d205a608a5aa97ac279d7a5e6d89ad8","name":"Roberto","image":{"@type":"ImageObject","inLanguage":"pt-BR","@id":"https:\/\/secure.gravatar.com\/avatar\/42749d8b712ff9d59ca93dc150494e5b55a44134482993f5baeb97e61b7ecc89?s=96&d=mm&r=g","url":"https:\/\/secure.gravatar.com\/avatar\/42749d8b712ff9d59ca93dc150494e5b55a44134482993f5baeb97e61b7ecc89?s=96&d=mm&r=g","contentUrl":"https:\/\/secure.gravatar.com\/avatar\/42749d8b712ff9d59ca93dc150494e5b55a44134482993f5baeb97e61b7ecc89?s=96&d=mm&r=g","caption":"Roberto"},"url":"https:\/\/regiaonews.net.br\/2022\/author\/roberto\/"}]}},"publishpress_future_action":{"enabled":false,"date":"2026-05-03 06:46:45","action":"change-status","newStatus":"draft","terms":[],"taxonomy":"category","extraData":[]},"publishpress_future_workflow_manual_trigger":{"enabledWorkflows":[]},"_links":{"self":[{"href":"https:\/\/regiaonews.net.br\/2022\/wp-json\/wp\/v2\/posts\/93668","targetHints":{"allow":["GET"]}}],"collection":[{"href":"https:\/\/regiaonews.net.br\/2022\/wp-json\/wp\/v2\/posts"}],"about":[{"href":"https:\/\/regiaonews.net.br\/2022\/wp-json\/wp\/v2\/types\/post"}],"author":[{"embeddable":true,"href":"https:\/\/regiaonews.net.br\/2022\/wp-json\/wp\/v2\/users\/2"}],"replies":[{"embeddable":true,"href":"https:\/\/regiaonews.net.br\/2022\/wp-json\/wp\/v2\/comments?post=93668"}],"version-history":[{"count":1,"href":"https:\/\/regiaonews.net.br\/2022\/wp-json\/wp\/v2\/posts\/93668\/revisions"}],"predecessor-version":[{"id":93669,"href":"https:\/\/regiaonews.net.br\/2022\/wp-json\/wp\/v2\/posts\/93668\/revisions\/93669"}],"wp:featuredmedia":[{"embeddable":true,"href":"https:\/\/regiaonews.net.br\/2022\/wp-json\/wp\/v2\/media\/93670"}],"wp:attachment":[{"href":"https:\/\/regiaonews.net.br\/2022\/wp-json\/wp\/v2\/media?parent=93668"}],"wp:term":[{"taxonomy":"category","embeddable":true,"href":"https:\/\/regiaonews.net.br\/2022\/wp-json\/wp\/v2\/categories?post=93668"},{"taxonomy":"post_tag","embeddable":true,"href":"https:\/\/regiaonews.net.br\/2022\/wp-json\/wp\/v2\/tags?post=93668"}],"curies":[{"name":"wp","href":"https:\/\/api.w.org\/{rel}","templated":true}]}}