{"id":93659,"date":"2023-08-18T16:23:24","date_gmt":"2023-08-18T19:23:24","guid":{"rendered":"https:\/\/regiaonews.net.br\/2022\/?p=93659"},"modified":"2023-08-18T16:23:24","modified_gmt":"2023-08-18T19:23:24","slug":"estande-leva-informacoes-sobre-servicos-oferecidos-pela-prefeitura-e-sebrae-aos-visitantes-da-68a-edicao-da-festa-do-peao-de-boiadeiro","status":"publish","type":"post","link":"https:\/\/regiaonews.net.br\/2022\/2023\/08\/18\/estande-leva-informacoes-sobre-servicos-oferecidos-pela-prefeitura-e-sebrae-aos-visitantes-da-68a-edicao-da-festa-do-peao-de-boiadeiro\/","title":{"rendered":"Estande leva informa\u00e7\u00f5es sobre servi\u00e7os oferecidos pela Prefeitura e Sebrae aos visitantes da 68\u00aa edi\u00e7\u00e3o da Festa do Pe\u00e3o de Boiadeiro"},"content":{"rendered":"<h3 style=\"text-align: center;\">Evento, que atrai milhares de pessoas, \u00e9 uma grande oportunidade para o fomento do desenvolvimento local.<\/h3>\n<p>A Prefeitura da Est\u00e2ncia Tur\u00edstica de Barretos, por meio da Secretaria Municipal de Desenvolvimento Econ\u00f4mico, em parceria com o Servi\u00e7o Brasileiro de Apoio \u00e0s Micro e Pequenas Empresas (Sebrae), est\u00e1 presente na 68\u00aa edi\u00e7\u00e3o da Festa do Pe\u00e3o de Boiadeiro com um estande destinado a levar informa\u00e7\u00f5es sobre projetos e servi\u00e7os oferecidos para o desenvolvimento da cidade, no Parque do Pe\u00e3o.<br \/>\nO secret\u00e1rio de Desenvolvimento Econ\u00f4mico, Thyago Abra\u00e3o, destacou a import\u00e2ncia da a\u00e7\u00e3o. \u201cA Festa do Pe\u00e3o atrai milhares de pessoas para a nossa cidade e o estande \u00e9 uma forma de mostrar para o turista, para o empres\u00e1rio visitante, que Barretos \u00e9 uma terra de oportunidades, tem programas de incentivos como o Pr\u00f3Barretos, para o desenvolvimento da cidade, com gera\u00e7\u00e3o de emprego e renda\u201d, comentou.<\/p>\n","protected":false},"excerpt":{"rendered":"<p>Evento, que atrai milhares de pessoas, \u00e9 uma grande oportunidade<\/p>\n","protected":false},"author":2,"featured_media":93660,"comment_status":"open","ping_status":"open","sticky":false,"template":"","format":"standard","meta":{"footnotes":""},"categories":[14,3],"tags":[],"class_list":["post-93659","post","type-post","status-publish","format-standard","has-post-thumbnail","hentry","category-barretos","category-geral"],"yoast_head":"<!-- This site is optimized with the Yoast SEO plugin v27.4 - https:\/\/yoast.com\/product\/yoast-seo-wordpress\/ -->\n<title>Estande leva informa\u00e7\u00f5es sobre servi\u00e7os oferecidos pela Prefeitura e Sebrae aos visitantes da 68\u00aa edi\u00e7\u00e3o da Festa do Pe\u00e3o de Boiadeiro - Regi\u00e3o News<\/title>\n<meta name=\"robots\" content=\"index, follow, max-snippet:-1, max-image-preview:large, max-video-preview:-1\" \/>\n<link rel=\"canonical\" href=\"https:\/\/regiaonews.net.br\/2022\/2023\/08\/18\/estande-leva-informacoes-sobre-servicos-oferecidos-pela-prefeitura-e-sebrae-aos-visitantes-da-68a-edicao-da-festa-do-peao-de-boiadeiro\/\" \/>\n<meta property=\"og:locale\" content=\"pt_BR\" \/>\n<meta property=\"og:type\" content=\"article\" \/>\n<meta property=\"og:title\" content=\"Estande leva informa\u00e7\u00f5es sobre servi\u00e7os oferecidos pela Prefeitura e Sebrae aos visitantes da 68\u00aa edi\u00e7\u00e3o da Festa do Pe\u00e3o de Boiadeiro - Regi\u00e3o News\" \/>\n<meta property=\"og:description\" content=\"Evento, que atrai milhares de pessoas, \u00e9 uma grande oportunidade\" \/>\n<meta property=\"og:url\" content=\"https:\/\/regiaonews.net.br\/2022\/2023\/08\/18\/estande-leva-informacoes-sobre-servicos-oferecidos-pela-prefeitura-e-sebrae-aos-visitantes-da-68a-edicao-da-festa-do-peao-de-boiadeiro\/\" \/>\n<meta property=\"og:site_name\" content=\"Regi\u00e3o News\" \/>\n<meta property=\"article:published_time\" content=\"2023-08-18T19:23:24+00:00\" \/>\n<meta property=\"og:image\" content=\"https:\/\/regiaonews.net.br\/2022\/wp-content\/uploads\/2023\/08\/Imagem-do-WhatsApp-de-2023-08-18-as-15.52.42.jpg\" \/>\n\t<meta property=\"og:image:width\" content=\"1147\" \/>\n\t<meta property=\"og:image:height\" content=\"778\" \/>\n\t<meta property=\"og:image:type\" content=\"image\/jpeg\" \/>\n<meta name=\"author\" content=\"Roberto\" \/>\n<meta name=\"twitter:card\" content=\"summary_large_image\" \/>\n<meta name=\"twitter:label1\" content=\"Escrito por\" \/>\n\t<meta name=\"twitter:data1\" content=\"Roberto\" \/>\n\t<meta name=\"twitter:label2\" content=\"Est. tempo de leitura\" \/>\n\t<meta name=\"twitter:data2\" content=\"1 minuto\" \/>\n<script type=\"application\/ld+json\" class=\"yoast-schema-graph\">{\"@context\":\"https:\\\/\\\/schema.org\",\"@graph\":[{\"@type\":\"Article\",\"@id\":\"https:\\\/\\\/regiaonews.net.br\\\/2022\\\/2023\\\/08\\\/18\\\/estande-leva-informacoes-sobre-servicos-oferecidos-pela-prefeitura-e-sebrae-aos-visitantes-da-68a-edicao-da-festa-do-peao-de-boiadeiro\\\/#article\",\"isPartOf\":{\"@id\":\"https:\\\/\\\/regiaonews.net.br\\\/2022\\\/2023\\\/08\\\/18\\\/estande-leva-informacoes-sobre-servicos-oferecidos-pela-prefeitura-e-sebrae-aos-visitantes-da-68a-edicao-da-festa-do-peao-de-boiadeiro\\\/\"},\"author\":{\"name\":\"Roberto\",\"@id\":\"https:\\\/\\\/regiaonews.net.br\\\/2022\\\/#\\\/schema\\\/person\\\/2d205a608a5aa97ac279d7a5e6d89ad8\"},\"headline\":\"Estande leva informa\u00e7\u00f5es sobre servi\u00e7os oferecidos pela Prefeitura e Sebrae aos visitantes da 68\u00aa edi\u00e7\u00e3o da Festa do Pe\u00e3o de Boiadeiro\",\"datePublished\":\"2023-08-18T19:23:24+00:00\",\"mainEntityOfPage\":{\"@id\":\"https:\\\/\\\/regiaonews.net.br\\\/2022\\\/2023\\\/08\\\/18\\\/estande-leva-informacoes-sobre-servicos-oferecidos-pela-prefeitura-e-sebrae-aos-visitantes-da-68a-edicao-da-festa-do-peao-de-boiadeiro\\\/\"},\"wordCount\":180,\"commentCount\":0,\"publisher\":{\"@id\":\"https:\\\/\\\/regiaonews.net.br\\\/2022\\\/#organization\"},\"image\":{\"@id\":\"https:\\\/\\\/regiaonews.net.br\\\/2022\\\/2023\\\/08\\\/18\\\/estande-leva-informacoes-sobre-servicos-oferecidos-pela-prefeitura-e-sebrae-aos-visitantes-da-68a-edicao-da-festa-do-peao-de-boiadeiro\\\/#primaryimage\"},\"thumbnailUrl\":\"https:\\\/\\\/regiaonews.net.br\\\/2022\\\/wp-content\\\/uploads\\\/2023\\\/08\\\/Imagem-do-WhatsApp-de-2023-08-18-as-15.52.42.jpg\",\"articleSection\":[\"Barretos\",\"Geral\"],\"inLanguage\":\"pt-BR\",\"potentialAction\":[{\"@type\":\"CommentAction\",\"name\":\"Comment\",\"target\":[\"https:\\\/\\\/regiaonews.net.br\\\/2022\\\/2023\\\/08\\\/18\\\/estande-leva-informacoes-sobre-servicos-oferecidos-pela-prefeitura-e-sebrae-aos-visitantes-da-68a-edicao-da-festa-do-peao-de-boiadeiro\\\/#respond\"]}]},{\"@type\":\"WebPage\",\"@id\":\"https:\\\/\\\/regiaonews.net.br\\\/2022\\\/2023\\\/08\\\/18\\\/estande-leva-informacoes-sobre-servicos-oferecidos-pela-prefeitura-e-sebrae-aos-visitantes-da-68a-edicao-da-festa-do-peao-de-boiadeiro\\\/\",\"url\":\"https:\\\/\\\/regiaonews.net.br\\\/2022\\\/2023\\\/08\\\/18\\\/estande-leva-informacoes-sobre-servicos-oferecidos-pela-prefeitura-e-sebrae-aos-visitantes-da-68a-edicao-da-festa-do-peao-de-boiadeiro\\\/\",\"name\":\"Estande leva informa\u00e7\u00f5es sobre servi\u00e7os oferecidos pela Prefeitura e Sebrae aos visitantes da 68\u00aa edi\u00e7\u00e3o da Festa do Pe\u00e3o de Boiadeiro - Regi\u00e3o News\",\"isPartOf\":{\"@id\":\"https:\\\/\\\/regiaonews.net.br\\\/2022\\\/#website\"},\"primaryImageOfPage\":{\"@id\":\"https:\\\/\\\/regiaonews.net.br\\\/2022\\\/2023\\\/08\\\/18\\\/estande-leva-informacoes-sobre-servicos-oferecidos-pela-prefeitura-e-sebrae-aos-visitantes-da-68a-edicao-da-festa-do-peao-de-boiadeiro\\\/#primaryimage\"},\"image\":{\"@id\":\"https:\\\/\\\/regiaonews.net.br\\\/2022\\\/2023\\\/08\\\/18\\\/estande-leva-informacoes-sobre-servicos-oferecidos-pela-prefeitura-e-sebrae-aos-visitantes-da-68a-edicao-da-festa-do-peao-de-boiadeiro\\\/#primaryimage\"},\"thumbnailUrl\":\"https:\\\/\\\/regiaonews.net.br\\\/2022\\\/wp-content\\\/uploads\\\/2023\\\/08\\\/Imagem-do-WhatsApp-de-2023-08-18-as-15.52.42.jpg\",\"datePublished\":\"2023-08-18T19:23:24+00:00\",\"breadcrumb\":{\"@id\":\"https:\\\/\\\/regiaonews.net.br\\\/2022\\\/2023\\\/08\\\/18\\\/estande-leva-informacoes-sobre-servicos-oferecidos-pela-prefeitura-e-sebrae-aos-visitantes-da-68a-edicao-da-festa-do-peao-de-boiadeiro\\\/#breadcrumb\"},\"inLanguage\":\"pt-BR\",\"potentialAction\":[{\"@type\":\"ReadAction\",\"target\":[\"https:\\\/\\\/regiaonews.net.br\\\/2022\\\/2023\\\/08\\\/18\\\/estande-leva-informacoes-sobre-servicos-oferecidos-pela-prefeitura-e-sebrae-aos-visitantes-da-68a-edicao-da-festa-do-peao-de-boiadeiro\\\/\"]}]},{\"@type\":\"ImageObject\",\"inLanguage\":\"pt-BR\",\"@id\":\"https:\\\/\\\/regiaonews.net.br\\\/2022\\\/2023\\\/08\\\/18\\\/estande-leva-informacoes-sobre-servicos-oferecidos-pela-prefeitura-e-sebrae-aos-visitantes-da-68a-edicao-da-festa-do-peao-de-boiadeiro\\\/#primaryimage\",\"url\":\"https:\\\/\\\/regiaonews.net.br\\\/2022\\\/wp-content\\\/uploads\\\/2023\\\/08\\\/Imagem-do-WhatsApp-de-2023-08-18-as-15.52.42.jpg\",\"contentUrl\":\"https:\\\/\\\/regiaonews.net.br\\\/2022\\\/wp-content\\\/uploads\\\/2023\\\/08\\\/Imagem-do-WhatsApp-de-2023-08-18-as-15.52.42.jpg\",\"width\":1147,\"height\":778},{\"@type\":\"BreadcrumbList\",\"@id\":\"https:\\\/\\\/regiaonews.net.br\\\/2022\\\/2023\\\/08\\\/18\\\/estande-leva-informacoes-sobre-servicos-oferecidos-pela-prefeitura-e-sebrae-aos-visitantes-da-68a-edicao-da-festa-do-peao-de-boiadeiro\\\/#breadcrumb\",\"itemListElement\":[{\"@type\":\"ListItem\",\"position\":1,\"name\":\"In\u00edcio\",\"item\":\"https:\\\/\\\/regiaonews.net.br\\\/2022\\\/\"},{\"@type\":\"ListItem\",\"position\":2,\"name\":\"Estande leva informa\u00e7\u00f5es sobre servi\u00e7os oferecidos pela Prefeitura e Sebrae aos visitantes da 68\u00aa edi\u00e7\u00e3o da Festa do Pe\u00e3o de Boiadeiro\"}]},{\"@type\":\"WebSite\",\"@id\":\"https:\\\/\\\/regiaonews.net.br\\\/2022\\\/#website\",\"url\":\"https:\\\/\\\/regiaonews.net.br\\\/2022\\\/\",\"name\":\"Regi\u00e3o News\",\"description\":\"Site de Not\u00edcias de Barretos e regi\u00e3o\",\"publisher\":{\"@id\":\"https:\\\/\\\/regiaonews.net.br\\\/2022\\\/#organization\"},\"potentialAction\":[{\"@type\":\"SearchAction\",\"target\":{\"@type\":\"EntryPoint\",\"urlTemplate\":\"https:\\\/\\\/regiaonews.net.br\\\/2022\\\/?s={search_term_string}\"},\"query-input\":{\"@type\":\"PropertyValueSpecification\",\"valueRequired\":true,\"valueName\":\"search_term_string\"}}],\"inLanguage\":\"pt-BR\"},{\"@type\":\"Organization\",\"@id\":\"https:\\\/\\\/regiaonews.net.br\\\/2022\\\/#organization\",\"name\":\"Regi\u00e3o News\",\"url\":\"https:\\\/\\\/regiaonews.net.br\\\/2022\\\/\",\"logo\":{\"@type\":\"ImageObject\",\"inLanguage\":\"pt-BR\",\"@id\":\"https:\\\/\\\/regiaonews.net.br\\\/2022\\\/#\\\/schema\\\/logo\\\/image\\\/\",\"url\":\"https:\\\/\\\/regiaonews.net.br\\\/2022\\\/wp-content\\\/uploads\\\/2026\\\/03\\\/regiao-13-anos-scaled.jpg\",\"contentUrl\":\"https:\\\/\\\/regiaonews.net.br\\\/2022\\\/wp-content\\\/uploads\\\/2026\\\/03\\\/regiao-13-anos-scaled.jpg\",\"width\":2560,\"height\":635,\"caption\":\"Regi\u00e3o News\"},\"image\":{\"@id\":\"https:\\\/\\\/regiaonews.net.br\\\/2022\\\/#\\\/schema\\\/logo\\\/image\\\/\"}},{\"@type\":\"Person\",\"@id\":\"https:\\\/\\\/regiaonews.net.br\\\/2022\\\/#\\\/schema\\\/person\\\/2d205a608a5aa97ac279d7a5e6d89ad8\",\"name\":\"Roberto\",\"image\":{\"@type\":\"ImageObject\",\"inLanguage\":\"pt-BR\",\"@id\":\"https:\\\/\\\/secure.gravatar.com\\\/avatar\\\/42749d8b712ff9d59ca93dc150494e5b55a44134482993f5baeb97e61b7ecc89?s=96&d=mm&r=g\",\"url\":\"https:\\\/\\\/secure.gravatar.com\\\/avatar\\\/42749d8b712ff9d59ca93dc150494e5b55a44134482993f5baeb97e61b7ecc89?s=96&d=mm&r=g\",\"contentUrl\":\"https:\\\/\\\/secure.gravatar.com\\\/avatar\\\/42749d8b712ff9d59ca93dc150494e5b55a44134482993f5baeb97e61b7ecc89?s=96&d=mm&r=g\",\"caption\":\"Roberto\"},\"url\":\"https:\\\/\\\/regiaonews.net.br\\\/2022\\\/author\\\/roberto\\\/\"}]}<\/script>\n<!-- \/ Yoast SEO plugin. -->","yoast_head_json":{"title":"Estande leva informa\u00e7\u00f5es sobre servi\u00e7os oferecidos pela Prefeitura e Sebrae aos visitantes da 68\u00aa edi\u00e7\u00e3o da Festa do Pe\u00e3o de Boiadeiro - Regi\u00e3o News","robots":{"index":"index","follow":"follow","max-snippet":"max-snippet:-1","max-image-preview":"max-image-preview:large","max-video-preview":"max-video-preview:-1"},"canonical":"https:\/\/regiaonews.net.br\/2022\/2023\/08\/18\/estande-leva-informacoes-sobre-servicos-oferecidos-pela-prefeitura-e-sebrae-aos-visitantes-da-68a-edicao-da-festa-do-peao-de-boiadeiro\/","og_locale":"pt_BR","og_type":"article","og_title":"Estande leva informa\u00e7\u00f5es sobre servi\u00e7os oferecidos pela Prefeitura e Sebrae aos visitantes da 68\u00aa edi\u00e7\u00e3o da Festa do Pe\u00e3o de Boiadeiro - Regi\u00e3o News","og_description":"Evento, que atrai milhares de pessoas, \u00e9 uma grande oportunidade","og_url":"https:\/\/regiaonews.net.br\/2022\/2023\/08\/18\/estande-leva-informacoes-sobre-servicos-oferecidos-pela-prefeitura-e-sebrae-aos-visitantes-da-68a-edicao-da-festa-do-peao-de-boiadeiro\/","og_site_name":"Regi\u00e3o News","article_published_time":"2023-08-18T19:23:24+00:00","og_image":[{"width":1147,"height":778,"url":"https:\/\/regiaonews.net.br\/2022\/wp-content\/uploads\/2023\/08\/Imagem-do-WhatsApp-de-2023-08-18-as-15.52.42.jpg","type":"image\/jpeg"}],"author":"Roberto","twitter_card":"summary_large_image","twitter_misc":{"Escrito por":"Roberto","Est. tempo de leitura":"1 minuto"},"schema":{"@context":"https:\/\/schema.org","@graph":[{"@type":"Article","@id":"https:\/\/regiaonews.net.br\/2022\/2023\/08\/18\/estande-leva-informacoes-sobre-servicos-oferecidos-pela-prefeitura-e-sebrae-aos-visitantes-da-68a-edicao-da-festa-do-peao-de-boiadeiro\/#article","isPartOf":{"@id":"https:\/\/regiaonews.net.br\/2022\/2023\/08\/18\/estande-leva-informacoes-sobre-servicos-oferecidos-pela-prefeitura-e-sebrae-aos-visitantes-da-68a-edicao-da-festa-do-peao-de-boiadeiro\/"},"author":{"name":"Roberto","@id":"https:\/\/regiaonews.net.br\/2022\/#\/schema\/person\/2d205a608a5aa97ac279d7a5e6d89ad8"},"headline":"Estande leva informa\u00e7\u00f5es sobre servi\u00e7os oferecidos pela Prefeitura e Sebrae aos visitantes da 68\u00aa edi\u00e7\u00e3o da Festa do Pe\u00e3o de Boiadeiro","datePublished":"2023-08-18T19:23:24+00:00","mainEntityOfPage":{"@id":"https:\/\/regiaonews.net.br\/2022\/2023\/08\/18\/estande-leva-informacoes-sobre-servicos-oferecidos-pela-prefeitura-e-sebrae-aos-visitantes-da-68a-edicao-da-festa-do-peao-de-boiadeiro\/"},"wordCount":180,"commentCount":0,"publisher":{"@id":"https:\/\/regiaonews.net.br\/2022\/#organization"},"image":{"@id":"https:\/\/regiaonews.net.br\/2022\/2023\/08\/18\/estande-leva-informacoes-sobre-servicos-oferecidos-pela-prefeitura-e-sebrae-aos-visitantes-da-68a-edicao-da-festa-do-peao-de-boiadeiro\/#primaryimage"},"thumbnailUrl":"https:\/\/regiaonews.net.br\/2022\/wp-content\/uploads\/2023\/08\/Imagem-do-WhatsApp-de-2023-08-18-as-15.52.42.jpg","articleSection":["Barretos","Geral"],"inLanguage":"pt-BR","potentialAction":[{"@type":"CommentAction","name":"Comment","target":["https:\/\/regiaonews.net.br\/2022\/2023\/08\/18\/estande-leva-informacoes-sobre-servicos-oferecidos-pela-prefeitura-e-sebrae-aos-visitantes-da-68a-edicao-da-festa-do-peao-de-boiadeiro\/#respond"]}]},{"@type":"WebPage","@id":"https:\/\/regiaonews.net.br\/2022\/2023\/08\/18\/estande-leva-informacoes-sobre-servicos-oferecidos-pela-prefeitura-e-sebrae-aos-visitantes-da-68a-edicao-da-festa-do-peao-de-boiadeiro\/","url":"https:\/\/regiaonews.net.br\/2022\/2023\/08\/18\/estande-leva-informacoes-sobre-servicos-oferecidos-pela-prefeitura-e-sebrae-aos-visitantes-da-68a-edicao-da-festa-do-peao-de-boiadeiro\/","name":"Estande leva informa\u00e7\u00f5es sobre servi\u00e7os oferecidos pela Prefeitura e Sebrae aos visitantes da 68\u00aa edi\u00e7\u00e3o da Festa do Pe\u00e3o de Boiadeiro - Regi\u00e3o News","isPartOf":{"@id":"https:\/\/regiaonews.net.br\/2022\/#website"},"primaryImageOfPage":{"@id":"https:\/\/regiaonews.net.br\/2022\/2023\/08\/18\/estande-leva-informacoes-sobre-servicos-oferecidos-pela-prefeitura-e-sebrae-aos-visitantes-da-68a-edicao-da-festa-do-peao-de-boiadeiro\/#primaryimage"},"image":{"@id":"https:\/\/regiaonews.net.br\/2022\/2023\/08\/18\/estande-leva-informacoes-sobre-servicos-oferecidos-pela-prefeitura-e-sebrae-aos-visitantes-da-68a-edicao-da-festa-do-peao-de-boiadeiro\/#primaryimage"},"thumbnailUrl":"https:\/\/regiaonews.net.br\/2022\/wp-content\/uploads\/2023\/08\/Imagem-do-WhatsApp-de-2023-08-18-as-15.52.42.jpg","datePublished":"2023-08-18T19:23:24+00:00","breadcrumb":{"@id":"https:\/\/regiaonews.net.br\/2022\/2023\/08\/18\/estande-leva-informacoes-sobre-servicos-oferecidos-pela-prefeitura-e-sebrae-aos-visitantes-da-68a-edicao-da-festa-do-peao-de-boiadeiro\/#breadcrumb"},"inLanguage":"pt-BR","potentialAction":[{"@type":"ReadAction","target":["https:\/\/regiaonews.net.br\/2022\/2023\/08\/18\/estande-leva-informacoes-sobre-servicos-oferecidos-pela-prefeitura-e-sebrae-aos-visitantes-da-68a-edicao-da-festa-do-peao-de-boiadeiro\/"]}]},{"@type":"ImageObject","inLanguage":"pt-BR","@id":"https:\/\/regiaonews.net.br\/2022\/2023\/08\/18\/estande-leva-informacoes-sobre-servicos-oferecidos-pela-prefeitura-e-sebrae-aos-visitantes-da-68a-edicao-da-festa-do-peao-de-boiadeiro\/#primaryimage","url":"https:\/\/regiaonews.net.br\/2022\/wp-content\/uploads\/2023\/08\/Imagem-do-WhatsApp-de-2023-08-18-as-15.52.42.jpg","contentUrl":"https:\/\/regiaonews.net.br\/2022\/wp-content\/uploads\/2023\/08\/Imagem-do-WhatsApp-de-2023-08-18-as-15.52.42.jpg","width":1147,"height":778},{"@type":"BreadcrumbList","@id":"https:\/\/regiaonews.net.br\/2022\/2023\/08\/18\/estande-leva-informacoes-sobre-servicos-oferecidos-pela-prefeitura-e-sebrae-aos-visitantes-da-68a-edicao-da-festa-do-peao-de-boiadeiro\/#breadcrumb","itemListElement":[{"@type":"ListItem","position":1,"name":"In\u00edcio","item":"https:\/\/regiaonews.net.br\/2022\/"},{"@type":"ListItem","position":2,"name":"Estande leva informa\u00e7\u00f5es sobre servi\u00e7os oferecidos pela Prefeitura e Sebrae aos visitantes da 68\u00aa edi\u00e7\u00e3o da Festa do Pe\u00e3o de Boiadeiro"}]},{"@type":"WebSite","@id":"https:\/\/regiaonews.net.br\/2022\/#website","url":"https:\/\/regiaonews.net.br\/2022\/","name":"Regi\u00e3o News","description":"Site de Not\u00edcias de Barretos e regi\u00e3o","publisher":{"@id":"https:\/\/regiaonews.net.br\/2022\/#organization"},"potentialAction":[{"@type":"SearchAction","target":{"@type":"EntryPoint","urlTemplate":"https:\/\/regiaonews.net.br\/2022\/?s={search_term_string}"},"query-input":{"@type":"PropertyValueSpecification","valueRequired":true,"valueName":"search_term_string"}}],"inLanguage":"pt-BR"},{"@type":"Organization","@id":"https:\/\/regiaonews.net.br\/2022\/#organization","name":"Regi\u00e3o News","url":"https:\/\/regiaonews.net.br\/2022\/","logo":{"@type":"ImageObject","inLanguage":"pt-BR","@id":"https:\/\/regiaonews.net.br\/2022\/#\/schema\/logo\/image\/","url":"https:\/\/regiaonews.net.br\/2022\/wp-content\/uploads\/2026\/03\/regiao-13-anos-scaled.jpg","contentUrl":"https:\/\/regiaonews.net.br\/2022\/wp-content\/uploads\/2026\/03\/regiao-13-anos-scaled.jpg","width":2560,"height":635,"caption":"Regi\u00e3o News"},"image":{"@id":"https:\/\/regiaonews.net.br\/2022\/#\/schema\/logo\/image\/"}},{"@type":"Person","@id":"https:\/\/regiaonews.net.br\/2022\/#\/schema\/person\/2d205a608a5aa97ac279d7a5e6d89ad8","name":"Roberto","image":{"@type":"ImageObject","inLanguage":"pt-BR","@id":"https:\/\/secure.gravatar.com\/avatar\/42749d8b712ff9d59ca93dc150494e5b55a44134482993f5baeb97e61b7ecc89?s=96&d=mm&r=g","url":"https:\/\/secure.gravatar.com\/avatar\/42749d8b712ff9d59ca93dc150494e5b55a44134482993f5baeb97e61b7ecc89?s=96&d=mm&r=g","contentUrl":"https:\/\/secure.gravatar.com\/avatar\/42749d8b712ff9d59ca93dc150494e5b55a44134482993f5baeb97e61b7ecc89?s=96&d=mm&r=g","caption":"Roberto"},"url":"https:\/\/regiaonews.net.br\/2022\/author\/roberto\/"}]}},"publishpress_future_action":{"enabled":false,"date":"2026-05-03 06:46:45","action":"change-status","newStatus":"draft","terms":[],"taxonomy":"category","extraData":[]},"publishpress_future_workflow_manual_trigger":{"enabledWorkflows":[]},"_links":{"self":[{"href":"https:\/\/regiaonews.net.br\/2022\/wp-json\/wp\/v2\/posts\/93659","targetHints":{"allow":["GET"]}}],"collection":[{"href":"https:\/\/regiaonews.net.br\/2022\/wp-json\/wp\/v2\/posts"}],"about":[{"href":"https:\/\/regiaonews.net.br\/2022\/wp-json\/wp\/v2\/types\/post"}],"author":[{"embeddable":true,"href":"https:\/\/regiaonews.net.br\/2022\/wp-json\/wp\/v2\/users\/2"}],"replies":[{"embeddable":true,"href":"https:\/\/regiaonews.net.br\/2022\/wp-json\/wp\/v2\/comments?post=93659"}],"version-history":[{"count":1,"href":"https:\/\/regiaonews.net.br\/2022\/wp-json\/wp\/v2\/posts\/93659\/revisions"}],"predecessor-version":[{"id":93661,"href":"https:\/\/regiaonews.net.br\/2022\/wp-json\/wp\/v2\/posts\/93659\/revisions\/93661"}],"wp:featuredmedia":[{"embeddable":true,"href":"https:\/\/regiaonews.net.br\/2022\/wp-json\/wp\/v2\/media\/93660"}],"wp:attachment":[{"href":"https:\/\/regiaonews.net.br\/2022\/wp-json\/wp\/v2\/media?parent=93659"}],"wp:term":[{"taxonomy":"category","embeddable":true,"href":"https:\/\/regiaonews.net.br\/2022\/wp-json\/wp\/v2\/categories?post=93659"},{"taxonomy":"post_tag","embeddable":true,"href":"https:\/\/regiaonews.net.br\/2022\/wp-json\/wp\/v2\/tags?post=93659"}],"curies":[{"name":"wp","href":"https:\/\/api.w.org\/{rel}","templated":true}]}}