{"id":93652,"date":"2023-08-18T16:21:46","date_gmt":"2023-08-18T19:21:46","guid":{"rendered":"https:\/\/regiaonews.net.br\/2022\/?p=93652"},"modified":"2023-08-18T16:21:46","modified_gmt":"2023-08-18T19:21:46","slug":"camara-agenda-entrega-do-titulo-de-cidadao-emerito-de-barretos-ao-pecuarista-jose-uilson-freire","status":"publish","type":"post","link":"https:\/\/regiaonews.net.br\/2022\/2023\/08\/18\/camara-agenda-entrega-do-titulo-de-cidadao-emerito-de-barretos-ao-pecuarista-jose-uilson-freire\/","title":{"rendered":"C\u00e2mara agenda entrega do T\u00edtulo de Cidad\u00e3o Em\u00e9rito de Barretos ao pecuarista Jos\u00e9 Uilson Freire"},"content":{"rendered":"<h3 class=\"benchnine\" style=\"text-align: center;\">Homenageado \u00e9 idealizador do Rodeio pela Vida; T\u00edtulo foi proposto pelo vereador Paulo Correa (PL).<\/h3>\n<p>A C\u00e2mara de Barretos agendou para o dia\u00a0<strong>31 de agosto<\/strong>\u00a0(quinta-feira),<strong>\u00a0\u00e0s 19h<\/strong>,\u00a0<strong>Sess\u00e3o Solene\u00a0<\/strong>para a\u00a0<strong>entrega do T\u00edtulo de Cidad\u00e3o Em\u00e9rito\u00a0da Est\u00e2ncia Tur\u00edstica de Barretos<\/strong>\u00a0ao pecuarista e incentivador do Rodeio,\u00a0<strong>Jos\u00e9 Uilson Freire.<\/strong><\/p>\n<p>A homenagem foi proposta pelo vereador\u00a0<strong>Paulo Correa (PL)<\/strong>, por meio do\u00a0<a title=\"\" href=\"http:\/\/consulta.camarabarretos.sp.gov.br\/Documentos\/Documento\/394212\" target=\"_blank\" rel=\"noopener\" data-original-title=\"\"><strong>Projeto de Decreto Legislativo n\u00ba 26\/2023,<\/strong>\u00a0<\/a>aprovado por todos os vereadores.<\/p>\n<p>Os t\u00edtulos de\u00a0<strong>Cidad\u00e3o\u00a0Em\u00e9rito<\/strong>\u00a0s\u00e3o\u00a0concedidos ao barretense nato, ou aos que aqui ficarem radicados por longos anos, a ponto de se considerarem barretenses, e que,<strong>\u00a0por suas atividades intelectuais ou esportivas ou sociais, venham a projetar-se no cen\u00e1rio nacional ou internacional, constituindo-se, assim, num leg\u00edtimo orgulho da cidade onde nasceram ou se radicaram.<\/strong><\/p>\n<p>&nbsp;<\/p>\n<hr \/>\n<p>&nbsp;<\/p>\n<p><strong>O HOMENAGEADO<\/strong><\/p>\n<p>Jos\u00e9 Uilson Freire tem 63 anos e\u00a0nasceu em Jaborandi\/SP. \u00c9 filho de Francisco Freire e Maria Aparecida Freire. Pai de Thiago Henrique Freire, Nat\u00e1lia Martins Freire, Maria Luiza Freire, Maria do Carmo Freire e Jos\u00e9 Uilson Freire Filho.<\/p>\n<p><strong>Pecuarista, Jos\u00e9 Uilson \u00e9 um dos maiores incentivadores do rodeio no Brasil.<\/strong>\u00a0Tornou-se\u00a0<strong>um dos mais atuantes profissionais do meio, implementando inova\u00e7\u00f5es e\u00a0 trabalhando para a valoriza\u00e7\u00e3o e reconhecimento dos profissionais e animais do rodeio brasileiro, como o apoio \u00e0 cria\u00e7\u00e3o da\u00a0PRT \u2013 Profissionais de Rodeios em Touros e a implanta\u00e7\u00e3o da pontua\u00e7\u00e3o do rodeio nacional v\u00e1lida para a final mundial da modalidade, em \u00a0Las Vegas\/EUA.<\/strong><\/p>\n<p>Jos\u00e9 Uilson idealizou a &#8220;Festa dos Campe\u00f5es de Barretos&#8221; que\u00a0\u00a0por v\u00e1rios anos\u00a0homenageou os vencedores da maior Festa do Pe\u00e3o do Brasil, e criou o &#8220;Crystal Top Team&#8221;, torneio nacional que oferecia mais de R$ 1 milh\u00e3o em pr\u00eamios, revelando talentos que hoje s\u00e3o destaques no rodeio mundial.<\/p>\n<p><strong>Mais recentemente, em parceria com Henrique Prata e equipe, vem trabalhando na organiza\u00e7\u00e3o do Rodeio Pela Vida, evento solid\u00e1rio que tem 100% de arrecada\u00e7\u00e3o em prol do Hospital de Amor.<\/strong><\/p>\n","protected":false},"excerpt":{"rendered":"<p>Homenageado \u00e9 idealizador do Rodeio pela Vida; T\u00edtulo foi proposto<\/p>\n","protected":false},"author":2,"featured_media":93653,"comment_status":"open","ping_status":"open","sticky":false,"template":"","format":"standard","meta":{"footnotes":""},"categories":[14,3],"tags":[],"class_list":["post-93652","post","type-post","status-publish","format-standard","has-post-thumbnail","hentry","category-barretos","category-geral"],"yoast_head":"<!-- This site is optimized with the Yoast SEO plugin v27.4 - https:\/\/yoast.com\/product\/yoast-seo-wordpress\/ -->\n<title>C\u00e2mara agenda entrega do T\u00edtulo de Cidad\u00e3o Em\u00e9rito de Barretos ao pecuarista Jos\u00e9 Uilson Freire - Regi\u00e3o News<\/title>\n<meta name=\"robots\" content=\"index, follow, max-snippet:-1, max-image-preview:large, max-video-preview:-1\" \/>\n<link rel=\"canonical\" href=\"https:\/\/regiaonews.net.br\/2022\/2023\/08\/18\/camara-agenda-entrega-do-titulo-de-cidadao-emerito-de-barretos-ao-pecuarista-jose-uilson-freire\/\" \/>\n<meta property=\"og:locale\" content=\"pt_BR\" \/>\n<meta property=\"og:type\" content=\"article\" \/>\n<meta property=\"og:title\" content=\"C\u00e2mara agenda entrega do T\u00edtulo de Cidad\u00e3o Em\u00e9rito de Barretos ao pecuarista Jos\u00e9 Uilson Freire - Regi\u00e3o News\" \/>\n<meta property=\"og:description\" content=\"Homenageado \u00e9 idealizador do Rodeio pela Vida; T\u00edtulo foi proposto\" \/>\n<meta property=\"og:url\" content=\"https:\/\/regiaonews.net.br\/2022\/2023\/08\/18\/camara-agenda-entrega-do-titulo-de-cidadao-emerito-de-barretos-ao-pecuarista-jose-uilson-freire\/\" \/>\n<meta property=\"og:site_name\" content=\"Regi\u00e3o News\" \/>\n<meta property=\"article:published_time\" content=\"2023-08-18T19:21:46+00:00\" \/>\n<meta property=\"og:image\" content=\"https:\/\/regiaonews.net.br\/2022\/wp-content\/uploads\/2023\/08\/alta_169229574464de62403bfe8.jpg\" \/>\n\t<meta property=\"og:image:width\" content=\"1920\" \/>\n\t<meta property=\"og:image:height\" content=\"1080\" \/>\n\t<meta property=\"og:image:type\" content=\"image\/jpeg\" \/>\n<meta name=\"author\" content=\"Roberto\" \/>\n<meta name=\"twitter:card\" content=\"summary_large_image\" \/>\n<meta name=\"twitter:label1\" content=\"Escrito por\" \/>\n\t<meta name=\"twitter:data1\" content=\"Roberto\" \/>\n\t<meta name=\"twitter:label2\" content=\"Est. tempo de leitura\" \/>\n\t<meta name=\"twitter:data2\" content=\"2 minutos\" \/>\n<script type=\"application\/ld+json\" class=\"yoast-schema-graph\">{\"@context\":\"https:\\\/\\\/schema.org\",\"@graph\":[{\"@type\":\"Article\",\"@id\":\"https:\\\/\\\/regiaonews.net.br\\\/2022\\\/2023\\\/08\\\/18\\\/camara-agenda-entrega-do-titulo-de-cidadao-emerito-de-barretos-ao-pecuarista-jose-uilson-freire\\\/#article\",\"isPartOf\":{\"@id\":\"https:\\\/\\\/regiaonews.net.br\\\/2022\\\/2023\\\/08\\\/18\\\/camara-agenda-entrega-do-titulo-de-cidadao-emerito-de-barretos-ao-pecuarista-jose-uilson-freire\\\/\"},\"author\":{\"name\":\"Roberto\",\"@id\":\"https:\\\/\\\/regiaonews.net.br\\\/2022\\\/#\\\/schema\\\/person\\\/2d205a608a5aa97ac279d7a5e6d89ad8\"},\"headline\":\"C\u00e2mara agenda entrega do T\u00edtulo de Cidad\u00e3o Em\u00e9rito de Barretos ao pecuarista Jos\u00e9 Uilson Freire\",\"datePublished\":\"2023-08-18T19:21:46+00:00\",\"mainEntityOfPage\":{\"@id\":\"https:\\\/\\\/regiaonews.net.br\\\/2022\\\/2023\\\/08\\\/18\\\/camara-agenda-entrega-do-titulo-de-cidadao-emerito-de-barretos-ao-pecuarista-jose-uilson-freire\\\/\"},\"wordCount\":361,\"commentCount\":0,\"publisher\":{\"@id\":\"https:\\\/\\\/regiaonews.net.br\\\/2022\\\/#organization\"},\"image\":{\"@id\":\"https:\\\/\\\/regiaonews.net.br\\\/2022\\\/2023\\\/08\\\/18\\\/camara-agenda-entrega-do-titulo-de-cidadao-emerito-de-barretos-ao-pecuarista-jose-uilson-freire\\\/#primaryimage\"},\"thumbnailUrl\":\"https:\\\/\\\/regiaonews.net.br\\\/2022\\\/wp-content\\\/uploads\\\/2023\\\/08\\\/alta_169229574464de62403bfe8.jpg\",\"articleSection\":[\"Barretos\",\"Geral\"],\"inLanguage\":\"pt-BR\",\"potentialAction\":[{\"@type\":\"CommentAction\",\"name\":\"Comment\",\"target\":[\"https:\\\/\\\/regiaonews.net.br\\\/2022\\\/2023\\\/08\\\/18\\\/camara-agenda-entrega-do-titulo-de-cidadao-emerito-de-barretos-ao-pecuarista-jose-uilson-freire\\\/#respond\"]}]},{\"@type\":\"WebPage\",\"@id\":\"https:\\\/\\\/regiaonews.net.br\\\/2022\\\/2023\\\/08\\\/18\\\/camara-agenda-entrega-do-titulo-de-cidadao-emerito-de-barretos-ao-pecuarista-jose-uilson-freire\\\/\",\"url\":\"https:\\\/\\\/regiaonews.net.br\\\/2022\\\/2023\\\/08\\\/18\\\/camara-agenda-entrega-do-titulo-de-cidadao-emerito-de-barretos-ao-pecuarista-jose-uilson-freire\\\/\",\"name\":\"C\u00e2mara agenda entrega do T\u00edtulo de Cidad\u00e3o Em\u00e9rito de Barretos ao pecuarista Jos\u00e9 Uilson Freire - Regi\u00e3o News\",\"isPartOf\":{\"@id\":\"https:\\\/\\\/regiaonews.net.br\\\/2022\\\/#website\"},\"primaryImageOfPage\":{\"@id\":\"https:\\\/\\\/regiaonews.net.br\\\/2022\\\/2023\\\/08\\\/18\\\/camara-agenda-entrega-do-titulo-de-cidadao-emerito-de-barretos-ao-pecuarista-jose-uilson-freire\\\/#primaryimage\"},\"image\":{\"@id\":\"https:\\\/\\\/regiaonews.net.br\\\/2022\\\/2023\\\/08\\\/18\\\/camara-agenda-entrega-do-titulo-de-cidadao-emerito-de-barretos-ao-pecuarista-jose-uilson-freire\\\/#primaryimage\"},\"thumbnailUrl\":\"https:\\\/\\\/regiaonews.net.br\\\/2022\\\/wp-content\\\/uploads\\\/2023\\\/08\\\/alta_169229574464de62403bfe8.jpg\",\"datePublished\":\"2023-08-18T19:21:46+00:00\",\"breadcrumb\":{\"@id\":\"https:\\\/\\\/regiaonews.net.br\\\/2022\\\/2023\\\/08\\\/18\\\/camara-agenda-entrega-do-titulo-de-cidadao-emerito-de-barretos-ao-pecuarista-jose-uilson-freire\\\/#breadcrumb\"},\"inLanguage\":\"pt-BR\",\"potentialAction\":[{\"@type\":\"ReadAction\",\"target\":[\"https:\\\/\\\/regiaonews.net.br\\\/2022\\\/2023\\\/08\\\/18\\\/camara-agenda-entrega-do-titulo-de-cidadao-emerito-de-barretos-ao-pecuarista-jose-uilson-freire\\\/\"]}]},{\"@type\":\"ImageObject\",\"inLanguage\":\"pt-BR\",\"@id\":\"https:\\\/\\\/regiaonews.net.br\\\/2022\\\/2023\\\/08\\\/18\\\/camara-agenda-entrega-do-titulo-de-cidadao-emerito-de-barretos-ao-pecuarista-jose-uilson-freire\\\/#primaryimage\",\"url\":\"https:\\\/\\\/regiaonews.net.br\\\/2022\\\/wp-content\\\/uploads\\\/2023\\\/08\\\/alta_169229574464de62403bfe8.jpg\",\"contentUrl\":\"https:\\\/\\\/regiaonews.net.br\\\/2022\\\/wp-content\\\/uploads\\\/2023\\\/08\\\/alta_169229574464de62403bfe8.jpg\",\"width\":1920,\"height\":1080},{\"@type\":\"BreadcrumbList\",\"@id\":\"https:\\\/\\\/regiaonews.net.br\\\/2022\\\/2023\\\/08\\\/18\\\/camara-agenda-entrega-do-titulo-de-cidadao-emerito-de-barretos-ao-pecuarista-jose-uilson-freire\\\/#breadcrumb\",\"itemListElement\":[{\"@type\":\"ListItem\",\"position\":1,\"name\":\"In\u00edcio\",\"item\":\"https:\\\/\\\/regiaonews.net.br\\\/2022\\\/\"},{\"@type\":\"ListItem\",\"position\":2,\"name\":\"C\u00e2mara agenda entrega do T\u00edtulo de Cidad\u00e3o Em\u00e9rito de Barretos ao pecuarista Jos\u00e9 Uilson Freire\"}]},{\"@type\":\"WebSite\",\"@id\":\"https:\\\/\\\/regiaonews.net.br\\\/2022\\\/#website\",\"url\":\"https:\\\/\\\/regiaonews.net.br\\\/2022\\\/\",\"name\":\"Regi\u00e3o News\",\"description\":\"Site de Not\u00edcias de Barretos e regi\u00e3o\",\"publisher\":{\"@id\":\"https:\\\/\\\/regiaonews.net.br\\\/2022\\\/#organization\"},\"potentialAction\":[{\"@type\":\"SearchAction\",\"target\":{\"@type\":\"EntryPoint\",\"urlTemplate\":\"https:\\\/\\\/regiaonews.net.br\\\/2022\\\/?s={search_term_string}\"},\"query-input\":{\"@type\":\"PropertyValueSpecification\",\"valueRequired\":true,\"valueName\":\"search_term_string\"}}],\"inLanguage\":\"pt-BR\"},{\"@type\":\"Organization\",\"@id\":\"https:\\\/\\\/regiaonews.net.br\\\/2022\\\/#organization\",\"name\":\"Regi\u00e3o News\",\"url\":\"https:\\\/\\\/regiaonews.net.br\\\/2022\\\/\",\"logo\":{\"@type\":\"ImageObject\",\"inLanguage\":\"pt-BR\",\"@id\":\"https:\\\/\\\/regiaonews.net.br\\\/2022\\\/#\\\/schema\\\/logo\\\/image\\\/\",\"url\":\"https:\\\/\\\/regiaonews.net.br\\\/2022\\\/wp-content\\\/uploads\\\/2026\\\/03\\\/regiao-13-anos-scaled.jpg\",\"contentUrl\":\"https:\\\/\\\/regiaonews.net.br\\\/2022\\\/wp-content\\\/uploads\\\/2026\\\/03\\\/regiao-13-anos-scaled.jpg\",\"width\":2560,\"height\":635,\"caption\":\"Regi\u00e3o News\"},\"image\":{\"@id\":\"https:\\\/\\\/regiaonews.net.br\\\/2022\\\/#\\\/schema\\\/logo\\\/image\\\/\"}},{\"@type\":\"Person\",\"@id\":\"https:\\\/\\\/regiaonews.net.br\\\/2022\\\/#\\\/schema\\\/person\\\/2d205a608a5aa97ac279d7a5e6d89ad8\",\"name\":\"Roberto\",\"image\":{\"@type\":\"ImageObject\",\"inLanguage\":\"pt-BR\",\"@id\":\"https:\\\/\\\/secure.gravatar.com\\\/avatar\\\/42749d8b712ff9d59ca93dc150494e5b55a44134482993f5baeb97e61b7ecc89?s=96&d=mm&r=g\",\"url\":\"https:\\\/\\\/secure.gravatar.com\\\/avatar\\\/42749d8b712ff9d59ca93dc150494e5b55a44134482993f5baeb97e61b7ecc89?s=96&d=mm&r=g\",\"contentUrl\":\"https:\\\/\\\/secure.gravatar.com\\\/avatar\\\/42749d8b712ff9d59ca93dc150494e5b55a44134482993f5baeb97e61b7ecc89?s=96&d=mm&r=g\",\"caption\":\"Roberto\"},\"url\":\"https:\\\/\\\/regiaonews.net.br\\\/2022\\\/author\\\/roberto\\\/\"}]}<\/script>\n<!-- \/ Yoast SEO plugin. -->","yoast_head_json":{"title":"C\u00e2mara agenda entrega do T\u00edtulo de Cidad\u00e3o Em\u00e9rito de Barretos ao pecuarista Jos\u00e9 Uilson Freire - Regi\u00e3o News","robots":{"index":"index","follow":"follow","max-snippet":"max-snippet:-1","max-image-preview":"max-image-preview:large","max-video-preview":"max-video-preview:-1"},"canonical":"https:\/\/regiaonews.net.br\/2022\/2023\/08\/18\/camara-agenda-entrega-do-titulo-de-cidadao-emerito-de-barretos-ao-pecuarista-jose-uilson-freire\/","og_locale":"pt_BR","og_type":"article","og_title":"C\u00e2mara agenda entrega do T\u00edtulo de Cidad\u00e3o Em\u00e9rito de Barretos ao pecuarista Jos\u00e9 Uilson Freire - Regi\u00e3o News","og_description":"Homenageado \u00e9 idealizador do Rodeio pela Vida; T\u00edtulo foi proposto","og_url":"https:\/\/regiaonews.net.br\/2022\/2023\/08\/18\/camara-agenda-entrega-do-titulo-de-cidadao-emerito-de-barretos-ao-pecuarista-jose-uilson-freire\/","og_site_name":"Regi\u00e3o News","article_published_time":"2023-08-18T19:21:46+00:00","og_image":[{"width":1920,"height":1080,"url":"https:\/\/regiaonews.net.br\/2022\/wp-content\/uploads\/2023\/08\/alta_169229574464de62403bfe8.jpg","type":"image\/jpeg"}],"author":"Roberto","twitter_card":"summary_large_image","twitter_misc":{"Escrito por":"Roberto","Est. tempo de leitura":"2 minutos"},"schema":{"@context":"https:\/\/schema.org","@graph":[{"@type":"Article","@id":"https:\/\/regiaonews.net.br\/2022\/2023\/08\/18\/camara-agenda-entrega-do-titulo-de-cidadao-emerito-de-barretos-ao-pecuarista-jose-uilson-freire\/#article","isPartOf":{"@id":"https:\/\/regiaonews.net.br\/2022\/2023\/08\/18\/camara-agenda-entrega-do-titulo-de-cidadao-emerito-de-barretos-ao-pecuarista-jose-uilson-freire\/"},"author":{"name":"Roberto","@id":"https:\/\/regiaonews.net.br\/2022\/#\/schema\/person\/2d205a608a5aa97ac279d7a5e6d89ad8"},"headline":"C\u00e2mara agenda entrega do T\u00edtulo de Cidad\u00e3o Em\u00e9rito de Barretos ao pecuarista Jos\u00e9 Uilson Freire","datePublished":"2023-08-18T19:21:46+00:00","mainEntityOfPage":{"@id":"https:\/\/regiaonews.net.br\/2022\/2023\/08\/18\/camara-agenda-entrega-do-titulo-de-cidadao-emerito-de-barretos-ao-pecuarista-jose-uilson-freire\/"},"wordCount":361,"commentCount":0,"publisher":{"@id":"https:\/\/regiaonews.net.br\/2022\/#organization"},"image":{"@id":"https:\/\/regiaonews.net.br\/2022\/2023\/08\/18\/camara-agenda-entrega-do-titulo-de-cidadao-emerito-de-barretos-ao-pecuarista-jose-uilson-freire\/#primaryimage"},"thumbnailUrl":"https:\/\/regiaonews.net.br\/2022\/wp-content\/uploads\/2023\/08\/alta_169229574464de62403bfe8.jpg","articleSection":["Barretos","Geral"],"inLanguage":"pt-BR","potentialAction":[{"@type":"CommentAction","name":"Comment","target":["https:\/\/regiaonews.net.br\/2022\/2023\/08\/18\/camara-agenda-entrega-do-titulo-de-cidadao-emerito-de-barretos-ao-pecuarista-jose-uilson-freire\/#respond"]}]},{"@type":"WebPage","@id":"https:\/\/regiaonews.net.br\/2022\/2023\/08\/18\/camara-agenda-entrega-do-titulo-de-cidadao-emerito-de-barretos-ao-pecuarista-jose-uilson-freire\/","url":"https:\/\/regiaonews.net.br\/2022\/2023\/08\/18\/camara-agenda-entrega-do-titulo-de-cidadao-emerito-de-barretos-ao-pecuarista-jose-uilson-freire\/","name":"C\u00e2mara agenda entrega do T\u00edtulo de Cidad\u00e3o Em\u00e9rito de Barretos ao pecuarista Jos\u00e9 Uilson Freire - Regi\u00e3o News","isPartOf":{"@id":"https:\/\/regiaonews.net.br\/2022\/#website"},"primaryImageOfPage":{"@id":"https:\/\/regiaonews.net.br\/2022\/2023\/08\/18\/camara-agenda-entrega-do-titulo-de-cidadao-emerito-de-barretos-ao-pecuarista-jose-uilson-freire\/#primaryimage"},"image":{"@id":"https:\/\/regiaonews.net.br\/2022\/2023\/08\/18\/camara-agenda-entrega-do-titulo-de-cidadao-emerito-de-barretos-ao-pecuarista-jose-uilson-freire\/#primaryimage"},"thumbnailUrl":"https:\/\/regiaonews.net.br\/2022\/wp-content\/uploads\/2023\/08\/alta_169229574464de62403bfe8.jpg","datePublished":"2023-08-18T19:21:46+00:00","breadcrumb":{"@id":"https:\/\/regiaonews.net.br\/2022\/2023\/08\/18\/camara-agenda-entrega-do-titulo-de-cidadao-emerito-de-barretos-ao-pecuarista-jose-uilson-freire\/#breadcrumb"},"inLanguage":"pt-BR","potentialAction":[{"@type":"ReadAction","target":["https:\/\/regiaonews.net.br\/2022\/2023\/08\/18\/camara-agenda-entrega-do-titulo-de-cidadao-emerito-de-barretos-ao-pecuarista-jose-uilson-freire\/"]}]},{"@type":"ImageObject","inLanguage":"pt-BR","@id":"https:\/\/regiaonews.net.br\/2022\/2023\/08\/18\/camara-agenda-entrega-do-titulo-de-cidadao-emerito-de-barretos-ao-pecuarista-jose-uilson-freire\/#primaryimage","url":"https:\/\/regiaonews.net.br\/2022\/wp-content\/uploads\/2023\/08\/alta_169229574464de62403bfe8.jpg","contentUrl":"https:\/\/regiaonews.net.br\/2022\/wp-content\/uploads\/2023\/08\/alta_169229574464de62403bfe8.jpg","width":1920,"height":1080},{"@type":"BreadcrumbList","@id":"https:\/\/regiaonews.net.br\/2022\/2023\/08\/18\/camara-agenda-entrega-do-titulo-de-cidadao-emerito-de-barretos-ao-pecuarista-jose-uilson-freire\/#breadcrumb","itemListElement":[{"@type":"ListItem","position":1,"name":"In\u00edcio","item":"https:\/\/regiaonews.net.br\/2022\/"},{"@type":"ListItem","position":2,"name":"C\u00e2mara agenda entrega do T\u00edtulo de Cidad\u00e3o Em\u00e9rito de Barretos ao pecuarista Jos\u00e9 Uilson Freire"}]},{"@type":"WebSite","@id":"https:\/\/regiaonews.net.br\/2022\/#website","url":"https:\/\/regiaonews.net.br\/2022\/","name":"Regi\u00e3o News","description":"Site de Not\u00edcias de Barretos e regi\u00e3o","publisher":{"@id":"https:\/\/regiaonews.net.br\/2022\/#organization"},"potentialAction":[{"@type":"SearchAction","target":{"@type":"EntryPoint","urlTemplate":"https:\/\/regiaonews.net.br\/2022\/?s={search_term_string}"},"query-input":{"@type":"PropertyValueSpecification","valueRequired":true,"valueName":"search_term_string"}}],"inLanguage":"pt-BR"},{"@type":"Organization","@id":"https:\/\/regiaonews.net.br\/2022\/#organization","name":"Regi\u00e3o News","url":"https:\/\/regiaonews.net.br\/2022\/","logo":{"@type":"ImageObject","inLanguage":"pt-BR","@id":"https:\/\/regiaonews.net.br\/2022\/#\/schema\/logo\/image\/","url":"https:\/\/regiaonews.net.br\/2022\/wp-content\/uploads\/2026\/03\/regiao-13-anos-scaled.jpg","contentUrl":"https:\/\/regiaonews.net.br\/2022\/wp-content\/uploads\/2026\/03\/regiao-13-anos-scaled.jpg","width":2560,"height":635,"caption":"Regi\u00e3o News"},"image":{"@id":"https:\/\/regiaonews.net.br\/2022\/#\/schema\/logo\/image\/"}},{"@type":"Person","@id":"https:\/\/regiaonews.net.br\/2022\/#\/schema\/person\/2d205a608a5aa97ac279d7a5e6d89ad8","name":"Roberto","image":{"@type":"ImageObject","inLanguage":"pt-BR","@id":"https:\/\/secure.gravatar.com\/avatar\/42749d8b712ff9d59ca93dc150494e5b55a44134482993f5baeb97e61b7ecc89?s=96&d=mm&r=g","url":"https:\/\/secure.gravatar.com\/avatar\/42749d8b712ff9d59ca93dc150494e5b55a44134482993f5baeb97e61b7ecc89?s=96&d=mm&r=g","contentUrl":"https:\/\/secure.gravatar.com\/avatar\/42749d8b712ff9d59ca93dc150494e5b55a44134482993f5baeb97e61b7ecc89?s=96&d=mm&r=g","caption":"Roberto"},"url":"https:\/\/regiaonews.net.br\/2022\/author\/roberto\/"}]}},"publishpress_future_action":{"enabled":false,"date":"2026-05-03 10:13:01","action":"change-status","newStatus":"draft","terms":[],"taxonomy":"category","extraData":[]},"publishpress_future_workflow_manual_trigger":{"enabledWorkflows":[]},"_links":{"self":[{"href":"https:\/\/regiaonews.net.br\/2022\/wp-json\/wp\/v2\/posts\/93652","targetHints":{"allow":["GET"]}}],"collection":[{"href":"https:\/\/regiaonews.net.br\/2022\/wp-json\/wp\/v2\/posts"}],"about":[{"href":"https:\/\/regiaonews.net.br\/2022\/wp-json\/wp\/v2\/types\/post"}],"author":[{"embeddable":true,"href":"https:\/\/regiaonews.net.br\/2022\/wp-json\/wp\/v2\/users\/2"}],"replies":[{"embeddable":true,"href":"https:\/\/regiaonews.net.br\/2022\/wp-json\/wp\/v2\/comments?post=93652"}],"version-history":[{"count":1,"href":"https:\/\/regiaonews.net.br\/2022\/wp-json\/wp\/v2\/posts\/93652\/revisions"}],"predecessor-version":[{"id":93654,"href":"https:\/\/regiaonews.net.br\/2022\/wp-json\/wp\/v2\/posts\/93652\/revisions\/93654"}],"wp:featuredmedia":[{"embeddable":true,"href":"https:\/\/regiaonews.net.br\/2022\/wp-json\/wp\/v2\/media\/93653"}],"wp:attachment":[{"href":"https:\/\/regiaonews.net.br\/2022\/wp-json\/wp\/v2\/media?parent=93652"}],"wp:term":[{"taxonomy":"category","embeddable":true,"href":"https:\/\/regiaonews.net.br\/2022\/wp-json\/wp\/v2\/categories?post=93652"},{"taxonomy":"post_tag","embeddable":true,"href":"https:\/\/regiaonews.net.br\/2022\/wp-json\/wp\/v2\/tags?post=93652"}],"curies":[{"name":"wp","href":"https:\/\/api.w.org\/{rel}","templated":true}]}}