{"id":93644,"date":"2023-08-18T16:19:25","date_gmt":"2023-08-18T19:19:25","guid":{"rendered":"https:\/\/regiaonews.net.br\/2022\/?p=93644"},"modified":"2023-08-18T16:19:44","modified_gmt":"2023-08-18T19:19:44","slug":"israel-rodolffo-simone-mendes-e-mari-fernandez-agitam-primeira-noite-da-68a-festa-do-peao-de-barretos","status":"publish","type":"post","link":"https:\/\/regiaonews.net.br\/2022\/2023\/08\/18\/israel-rodolffo-simone-mendes-e-mari-fernandez-agitam-primeira-noite-da-68a-festa-do-peao-de-barretos\/","title":{"rendered":"Israel &#038; Rodolffo, Simone Mendes e Mari Fernandez agitam primeira noite da 68\u00aa Festa do Pe\u00e3o de Barretos"},"content":{"rendered":"<h3 class=\"subtitle\" style=\"text-align: center;\">Evento que \u00e9 o maior do g\u00eanero na Am\u00e9rica Latina segue at\u00e9 27 de agosto com programa\u00e7\u00e3o 24 horas.<\/h3>\n<p>Foi dada a largada. Come\u00e7ou oficialmente na noite desta quinta-feira (17), a 68\u00aa Festa do Pe\u00e3o de Barretos. O evento, que \u00e9 o maior do g\u00eanero na Am\u00e9rica Latina, segue at\u00e9 o dia 27 e neste ano re\u00fane diferentes gera\u00e7\u00f5es da m\u00fasica sertaneja, eletr\u00f4nica e outros ritmos em dois palcos principais: Est\u00e1dio e Amanhecer. Ser\u00e3o in\u00fameras atra\u00e7\u00f5es musicais, al\u00e9m de uma programa\u00e7\u00e3o intensa com competi\u00e7\u00f5es esportivas, apresenta\u00e7\u00f5es e concursos culturais, gastronomia e, ainda, atividades para o p\u00fablico infantil.<\/p>\n<p>Israel &amp; Rodolffo<\/p>\n<p>J\u00e1 na abertura, o cora\u00e7\u00e3o bateu mais forte com a tradicional queima de fogos que iluminou a arena. Na sequ\u00eancia, a dupla Israel &amp; Rodolffo foi a primeira a subir ao palco para um show repleto de estilos. No repert\u00f3rio, novos e antigos sucessos dos cantores como \u201cBombonzinho\u201d, que abriu a noite, o hit \u201cBatom de Cereja\u201d, \u201cPerdoou Nada\u201d, \u201cSeu Brilho Sumiu\u201d, \u201cVoltou Com Quem N\u00e3o Voltava\u201d, \u201cN\u00e3o Existe Amor Sem Briga\u201d e \u201cCasa Mobiliada\u201d foram mesclados com moda de viola, funk e pagode.<\/p>\n<p>A irrever\u00eancia dos sertanejos animou o p\u00fablico que estava com saudade de curtir o Barret\u00e3o. Durante o show inclusive, os artistas deixaram o palco principal e foram se apresentar mais pr\u00f3ximo dos f\u00e3s em um palco anexo montado no meio da arena e ligado por uma passarela. O Deezer Stage, uma parceira da Deezer com o Circuito Sertanejo 2023, permitiu ainda que superf\u00e3s acompanhassem o show perto dos artistas.<\/p>\n<p>Antes de encerrar a apresenta\u00e7\u00e3o, a dupla Israel &amp; Rodolffo pediu doa\u00e7\u00e3o para o Hospital do Amor, informando uma chave PIX espec\u00edfica dentro da campanha \u201cDesafio Artistas do Bem\u201d, que tem como objetivo envolver as atra\u00e7\u00f5es da grade musical do evento na capta\u00e7\u00e3o de recursos para a institui\u00e7\u00e3o.<\/p>\n<p>Simone Mendes<\/p>\n<p>Em sua primeira apresenta\u00e7\u00e3o na Festa do Pe\u00e3o de Barretos em carreira solo, Simone Mendes fez o segundo show da noite. Com a turn\u00ea \u201cSimone Cintilante\u201d, a cantora subiu ao palco ao som de \u201cErro Gostoso\u201d, que figura entre as m\u00fasicas mais tocadas do ano. O setlist contou ainda com sucessos de quando Simone fazia dupla com a irm\u00e3 Simaria como \u201cRegime Fechado\u201d, \u201cQuando o Mel \u00e9 Bom\u201d, \u201cMeu viol\u00e3o e o nosso cachorro\u201d. Ela tamb\u00e9m conversou com os f\u00e3s e foi acompanhada em coro pelo p\u00fablico durante todo o show.<\/p>\n<p>A can\u00e7\u00e3o \u201cManda Um Oi\u201d, da dupla Guilherme &amp; Benuto em parceria com Simone, foi mais um hit que empolgou os f\u00e3s. A lista ainda teve \u201cHaja Col\u00edrio\u201d, dos mesmos cantores e sucessos de Mar\u00edlia Mendon\u00e7a, Henrique &amp; Diego, al\u00e9m de uma sequ\u00eancia de cl\u00e1ssicos sertanejos.<\/p>\n<p>Emocionada com o carinho do p\u00fablico, a cantora ainda recebeu uma f\u00e3 com s\u00edndrome de Down no palco e anunciou que voltar\u00e1 a cantar na festa no s\u00e1bado (26), pen\u00faltimo dia do evento.<\/p>\n<p>Mari Fernandez<\/p>\n<p>A cearense Mari Fernandez completou o trio de apresenta\u00e7\u00f5es da primeira noite da festa, fazendo sua estreia cantando no Est\u00e1dio de Rodeio. Com apenas 22 anos e dois anos de carreira, Mari segurou o p\u00fablico com muita energia e m\u00fasicas de sucesso.<\/p>\n<p>Ela subiu ao palco ao som de \u201cComunica\u00e7\u00e3o Falhou\u201d, seguiu com \u201cNa?o Vitali?cio\u201d, \u201cPara de me assistir\u201d, \u201cS\u00f3 de imaginar\u201d e \u201cPode Apostar\u201d, dentre outras can\u00e7\u00f5es.<\/p>\n<p>\u201cEstou muito feliz por estar aqui. \u00c9 muito importante. Obrigado pelo carinho de todos voc\u00eas\u201d, declarou a cantora, nova promessa da m\u00fasica sertaneja.<\/p>\n<p>Com a arena lotada e as luzes acessas, Mari cantou \u201cIntui\u00e7\u00e3o\u201d e falou para o p\u00fablico curtir sem modera\u00e7\u00e3o a m\u00fasica mais pedida em seus shows. Mostrando sua versatilidade musical, a cantora ainda passou pop e forr\u00f3 e can\u00e7\u00f5es de outros artistas.<\/p>\n<p>Antes de encerrar, Mari Fernandes ainda desceu do palco e ficou bem pr\u00f3ximo ao p\u00fablico, interagindo com os f\u00e3s ao som de \u201cToda Fazendo Falta\u201d, engatando outros hits na sequ\u00eancia.<\/p>\n<p>Fonte &#8211; Site Os Independentes<\/p>\n","protected":false},"excerpt":{"rendered":"<p>Evento que \u00e9 o maior do g\u00eanero na Am\u00e9rica Latina<\/p>\n","protected":false},"author":2,"featured_media":93645,"comment_status":"open","ping_status":"open","sticky":false,"template":"","format":"standard","meta":{"footnotes":""},"categories":[14,3],"tags":[],"class_list":["post-93644","post","type-post","status-publish","format-standard","has-post-thumbnail","hentry","category-barretos","category-geral"],"yoast_head":"<!-- This site is optimized with the Yoast SEO plugin v27.4 - https:\/\/yoast.com\/product\/yoast-seo-wordpress\/ -->\n<title>Israel &amp; Rodolffo, Simone Mendes e Mari Fernandez agitam primeira noite da 68\u00aa Festa do Pe\u00e3o de Barretos - Regi\u00e3o News<\/title>\n<meta name=\"robots\" content=\"index, follow, max-snippet:-1, max-image-preview:large, max-video-preview:-1\" \/>\n<link rel=\"canonical\" href=\"https:\/\/regiaonews.net.br\/2022\/2023\/08\/18\/israel-rodolffo-simone-mendes-e-mari-fernandez-agitam-primeira-noite-da-68a-festa-do-peao-de-barretos\/\" \/>\n<meta property=\"og:locale\" content=\"pt_BR\" \/>\n<meta property=\"og:type\" content=\"article\" \/>\n<meta property=\"og:title\" content=\"Israel &amp; Rodolffo, Simone Mendes e Mari Fernandez agitam primeira noite da 68\u00aa Festa do Pe\u00e3o de Barretos - Regi\u00e3o News\" \/>\n<meta property=\"og:description\" content=\"Evento que \u00e9 o maior do g\u00eanero na Am\u00e9rica Latina\" \/>\n<meta property=\"og:url\" content=\"https:\/\/regiaonews.net.br\/2022\/2023\/08\/18\/israel-rodolffo-simone-mendes-e-mari-fernandez-agitam-primeira-noite-da-68a-festa-do-peao-de-barretos\/\" \/>\n<meta property=\"og:site_name\" content=\"Regi\u00e3o News\" \/>\n<meta property=\"article:published_time\" content=\"2023-08-18T19:19:25+00:00\" \/>\n<meta property=\"article:modified_time\" content=\"2023-08-18T19:19:44+00:00\" \/>\n<meta property=\"og:image\" content=\"https:\/\/regiaonews.net.br\/2022\/wp-content\/uploads\/2023\/08\/169234464964df214957862.jpg\" \/>\n\t<meta property=\"og:image:width\" content=\"800\" \/>\n\t<meta property=\"og:image:height\" content=\"450\" \/>\n\t<meta property=\"og:image:type\" content=\"image\/jpeg\" \/>\n<meta name=\"author\" content=\"Roberto\" \/>\n<meta name=\"twitter:card\" content=\"summary_large_image\" \/>\n<meta name=\"twitter:label1\" content=\"Escrito por\" \/>\n\t<meta name=\"twitter:data1\" content=\"Roberto\" \/>\n\t<meta name=\"twitter:label2\" content=\"Est. tempo de leitura\" \/>\n\t<meta name=\"twitter:data2\" content=\"4 minutos\" \/>\n<script type=\"application\/ld+json\" class=\"yoast-schema-graph\">{\"@context\":\"https:\\\/\\\/schema.org\",\"@graph\":[{\"@type\":\"Article\",\"@id\":\"https:\\\/\\\/regiaonews.net.br\\\/2022\\\/2023\\\/08\\\/18\\\/israel-rodolffo-simone-mendes-e-mari-fernandez-agitam-primeira-noite-da-68a-festa-do-peao-de-barretos\\\/#article\",\"isPartOf\":{\"@id\":\"https:\\\/\\\/regiaonews.net.br\\\/2022\\\/2023\\\/08\\\/18\\\/israel-rodolffo-simone-mendes-e-mari-fernandez-agitam-primeira-noite-da-68a-festa-do-peao-de-barretos\\\/\"},\"author\":{\"name\":\"Roberto\",\"@id\":\"https:\\\/\\\/regiaonews.net.br\\\/2022\\\/#\\\/schema\\\/person\\\/2d205a608a5aa97ac279d7a5e6d89ad8\"},\"headline\":\"Israel &#038; Rodolffo, Simone Mendes e Mari Fernandez agitam primeira noite da 68\u00aa Festa do Pe\u00e3o de Barretos\",\"datePublished\":\"2023-08-18T19:19:25+00:00\",\"dateModified\":\"2023-08-18T19:19:44+00:00\",\"mainEntityOfPage\":{\"@id\":\"https:\\\/\\\/regiaonews.net.br\\\/2022\\\/2023\\\/08\\\/18\\\/israel-rodolffo-simone-mendes-e-mari-fernandez-agitam-primeira-noite-da-68a-festa-do-peao-de-barretos\\\/\"},\"wordCount\":723,\"commentCount\":0,\"publisher\":{\"@id\":\"https:\\\/\\\/regiaonews.net.br\\\/2022\\\/#organization\"},\"image\":{\"@id\":\"https:\\\/\\\/regiaonews.net.br\\\/2022\\\/2023\\\/08\\\/18\\\/israel-rodolffo-simone-mendes-e-mari-fernandez-agitam-primeira-noite-da-68a-festa-do-peao-de-barretos\\\/#primaryimage\"},\"thumbnailUrl\":\"https:\\\/\\\/regiaonews.net.br\\\/2022\\\/wp-content\\\/uploads\\\/2023\\\/08\\\/169234464964df214957862.jpg\",\"articleSection\":[\"Barretos\",\"Geral\"],\"inLanguage\":\"pt-BR\",\"potentialAction\":[{\"@type\":\"CommentAction\",\"name\":\"Comment\",\"target\":[\"https:\\\/\\\/regiaonews.net.br\\\/2022\\\/2023\\\/08\\\/18\\\/israel-rodolffo-simone-mendes-e-mari-fernandez-agitam-primeira-noite-da-68a-festa-do-peao-de-barretos\\\/#respond\"]}]},{\"@type\":\"WebPage\",\"@id\":\"https:\\\/\\\/regiaonews.net.br\\\/2022\\\/2023\\\/08\\\/18\\\/israel-rodolffo-simone-mendes-e-mari-fernandez-agitam-primeira-noite-da-68a-festa-do-peao-de-barretos\\\/\",\"url\":\"https:\\\/\\\/regiaonews.net.br\\\/2022\\\/2023\\\/08\\\/18\\\/israel-rodolffo-simone-mendes-e-mari-fernandez-agitam-primeira-noite-da-68a-festa-do-peao-de-barretos\\\/\",\"name\":\"Israel & Rodolffo, Simone Mendes e Mari Fernandez agitam primeira noite da 68\u00aa Festa do Pe\u00e3o de Barretos - Regi\u00e3o News\",\"isPartOf\":{\"@id\":\"https:\\\/\\\/regiaonews.net.br\\\/2022\\\/#website\"},\"primaryImageOfPage\":{\"@id\":\"https:\\\/\\\/regiaonews.net.br\\\/2022\\\/2023\\\/08\\\/18\\\/israel-rodolffo-simone-mendes-e-mari-fernandez-agitam-primeira-noite-da-68a-festa-do-peao-de-barretos\\\/#primaryimage\"},\"image\":{\"@id\":\"https:\\\/\\\/regiaonews.net.br\\\/2022\\\/2023\\\/08\\\/18\\\/israel-rodolffo-simone-mendes-e-mari-fernandez-agitam-primeira-noite-da-68a-festa-do-peao-de-barretos\\\/#primaryimage\"},\"thumbnailUrl\":\"https:\\\/\\\/regiaonews.net.br\\\/2022\\\/wp-content\\\/uploads\\\/2023\\\/08\\\/169234464964df214957862.jpg\",\"datePublished\":\"2023-08-18T19:19:25+00:00\",\"dateModified\":\"2023-08-18T19:19:44+00:00\",\"breadcrumb\":{\"@id\":\"https:\\\/\\\/regiaonews.net.br\\\/2022\\\/2023\\\/08\\\/18\\\/israel-rodolffo-simone-mendes-e-mari-fernandez-agitam-primeira-noite-da-68a-festa-do-peao-de-barretos\\\/#breadcrumb\"},\"inLanguage\":\"pt-BR\",\"potentialAction\":[{\"@type\":\"ReadAction\",\"target\":[\"https:\\\/\\\/regiaonews.net.br\\\/2022\\\/2023\\\/08\\\/18\\\/israel-rodolffo-simone-mendes-e-mari-fernandez-agitam-primeira-noite-da-68a-festa-do-peao-de-barretos\\\/\"]}]},{\"@type\":\"ImageObject\",\"inLanguage\":\"pt-BR\",\"@id\":\"https:\\\/\\\/regiaonews.net.br\\\/2022\\\/2023\\\/08\\\/18\\\/israel-rodolffo-simone-mendes-e-mari-fernandez-agitam-primeira-noite-da-68a-festa-do-peao-de-barretos\\\/#primaryimage\",\"url\":\"https:\\\/\\\/regiaonews.net.br\\\/2022\\\/wp-content\\\/uploads\\\/2023\\\/08\\\/169234464964df214957862.jpg\",\"contentUrl\":\"https:\\\/\\\/regiaonews.net.br\\\/2022\\\/wp-content\\\/uploads\\\/2023\\\/08\\\/169234464964df214957862.jpg\",\"width\":800,\"height\":450,\"caption\":\"default\"},{\"@type\":\"BreadcrumbList\",\"@id\":\"https:\\\/\\\/regiaonews.net.br\\\/2022\\\/2023\\\/08\\\/18\\\/israel-rodolffo-simone-mendes-e-mari-fernandez-agitam-primeira-noite-da-68a-festa-do-peao-de-barretos\\\/#breadcrumb\",\"itemListElement\":[{\"@type\":\"ListItem\",\"position\":1,\"name\":\"In\u00edcio\",\"item\":\"https:\\\/\\\/regiaonews.net.br\\\/2022\\\/\"},{\"@type\":\"ListItem\",\"position\":2,\"name\":\"Israel &#038; Rodolffo, Simone Mendes e Mari Fernandez agitam primeira noite da 68\u00aa Festa do Pe\u00e3o de Barretos\"}]},{\"@type\":\"WebSite\",\"@id\":\"https:\\\/\\\/regiaonews.net.br\\\/2022\\\/#website\",\"url\":\"https:\\\/\\\/regiaonews.net.br\\\/2022\\\/\",\"name\":\"Regi\u00e3o News\",\"description\":\"Site de Not\u00edcias de Barretos e regi\u00e3o\",\"publisher\":{\"@id\":\"https:\\\/\\\/regiaonews.net.br\\\/2022\\\/#organization\"},\"potentialAction\":[{\"@type\":\"SearchAction\",\"target\":{\"@type\":\"EntryPoint\",\"urlTemplate\":\"https:\\\/\\\/regiaonews.net.br\\\/2022\\\/?s={search_term_string}\"},\"query-input\":{\"@type\":\"PropertyValueSpecification\",\"valueRequired\":true,\"valueName\":\"search_term_string\"}}],\"inLanguage\":\"pt-BR\"},{\"@type\":\"Organization\",\"@id\":\"https:\\\/\\\/regiaonews.net.br\\\/2022\\\/#organization\",\"name\":\"Regi\u00e3o News\",\"url\":\"https:\\\/\\\/regiaonews.net.br\\\/2022\\\/\",\"logo\":{\"@type\":\"ImageObject\",\"inLanguage\":\"pt-BR\",\"@id\":\"https:\\\/\\\/regiaonews.net.br\\\/2022\\\/#\\\/schema\\\/logo\\\/image\\\/\",\"url\":\"https:\\\/\\\/regiaonews.net.br\\\/2022\\\/wp-content\\\/uploads\\\/2026\\\/03\\\/regiao-13-anos-scaled.jpg\",\"contentUrl\":\"https:\\\/\\\/regiaonews.net.br\\\/2022\\\/wp-content\\\/uploads\\\/2026\\\/03\\\/regiao-13-anos-scaled.jpg\",\"width\":2560,\"height\":635,\"caption\":\"Regi\u00e3o News\"},\"image\":{\"@id\":\"https:\\\/\\\/regiaonews.net.br\\\/2022\\\/#\\\/schema\\\/logo\\\/image\\\/\"}},{\"@type\":\"Person\",\"@id\":\"https:\\\/\\\/regiaonews.net.br\\\/2022\\\/#\\\/schema\\\/person\\\/2d205a608a5aa97ac279d7a5e6d89ad8\",\"name\":\"Roberto\",\"image\":{\"@type\":\"ImageObject\",\"inLanguage\":\"pt-BR\",\"@id\":\"https:\\\/\\\/secure.gravatar.com\\\/avatar\\\/42749d8b712ff9d59ca93dc150494e5b55a44134482993f5baeb97e61b7ecc89?s=96&d=mm&r=g\",\"url\":\"https:\\\/\\\/secure.gravatar.com\\\/avatar\\\/42749d8b712ff9d59ca93dc150494e5b55a44134482993f5baeb97e61b7ecc89?s=96&d=mm&r=g\",\"contentUrl\":\"https:\\\/\\\/secure.gravatar.com\\\/avatar\\\/42749d8b712ff9d59ca93dc150494e5b55a44134482993f5baeb97e61b7ecc89?s=96&d=mm&r=g\",\"caption\":\"Roberto\"},\"url\":\"https:\\\/\\\/regiaonews.net.br\\\/2022\\\/author\\\/roberto\\\/\"}]}<\/script>\n<!-- \/ Yoast SEO plugin. -->","yoast_head_json":{"title":"Israel & Rodolffo, Simone Mendes e Mari Fernandez agitam primeira noite da 68\u00aa Festa do Pe\u00e3o de Barretos - Regi\u00e3o News","robots":{"index":"index","follow":"follow","max-snippet":"max-snippet:-1","max-image-preview":"max-image-preview:large","max-video-preview":"max-video-preview:-1"},"canonical":"https:\/\/regiaonews.net.br\/2022\/2023\/08\/18\/israel-rodolffo-simone-mendes-e-mari-fernandez-agitam-primeira-noite-da-68a-festa-do-peao-de-barretos\/","og_locale":"pt_BR","og_type":"article","og_title":"Israel & Rodolffo, Simone Mendes e Mari Fernandez agitam primeira noite da 68\u00aa Festa do Pe\u00e3o de Barretos - Regi\u00e3o News","og_description":"Evento que \u00e9 o maior do g\u00eanero na Am\u00e9rica Latina","og_url":"https:\/\/regiaonews.net.br\/2022\/2023\/08\/18\/israel-rodolffo-simone-mendes-e-mari-fernandez-agitam-primeira-noite-da-68a-festa-do-peao-de-barretos\/","og_site_name":"Regi\u00e3o News","article_published_time":"2023-08-18T19:19:25+00:00","article_modified_time":"2023-08-18T19:19:44+00:00","og_image":[{"width":800,"height":450,"url":"https:\/\/regiaonews.net.br\/2022\/wp-content\/uploads\/2023\/08\/169234464964df214957862.jpg","type":"image\/jpeg"}],"author":"Roberto","twitter_card":"summary_large_image","twitter_misc":{"Escrito por":"Roberto","Est. tempo de leitura":"4 minutos"},"schema":{"@context":"https:\/\/schema.org","@graph":[{"@type":"Article","@id":"https:\/\/regiaonews.net.br\/2022\/2023\/08\/18\/israel-rodolffo-simone-mendes-e-mari-fernandez-agitam-primeira-noite-da-68a-festa-do-peao-de-barretos\/#article","isPartOf":{"@id":"https:\/\/regiaonews.net.br\/2022\/2023\/08\/18\/israel-rodolffo-simone-mendes-e-mari-fernandez-agitam-primeira-noite-da-68a-festa-do-peao-de-barretos\/"},"author":{"name":"Roberto","@id":"https:\/\/regiaonews.net.br\/2022\/#\/schema\/person\/2d205a608a5aa97ac279d7a5e6d89ad8"},"headline":"Israel &#038; Rodolffo, Simone Mendes e Mari Fernandez agitam primeira noite da 68\u00aa Festa do Pe\u00e3o de Barretos","datePublished":"2023-08-18T19:19:25+00:00","dateModified":"2023-08-18T19:19:44+00:00","mainEntityOfPage":{"@id":"https:\/\/regiaonews.net.br\/2022\/2023\/08\/18\/israel-rodolffo-simone-mendes-e-mari-fernandez-agitam-primeira-noite-da-68a-festa-do-peao-de-barretos\/"},"wordCount":723,"commentCount":0,"publisher":{"@id":"https:\/\/regiaonews.net.br\/2022\/#organization"},"image":{"@id":"https:\/\/regiaonews.net.br\/2022\/2023\/08\/18\/israel-rodolffo-simone-mendes-e-mari-fernandez-agitam-primeira-noite-da-68a-festa-do-peao-de-barretos\/#primaryimage"},"thumbnailUrl":"https:\/\/regiaonews.net.br\/2022\/wp-content\/uploads\/2023\/08\/169234464964df214957862.jpg","articleSection":["Barretos","Geral"],"inLanguage":"pt-BR","potentialAction":[{"@type":"CommentAction","name":"Comment","target":["https:\/\/regiaonews.net.br\/2022\/2023\/08\/18\/israel-rodolffo-simone-mendes-e-mari-fernandez-agitam-primeira-noite-da-68a-festa-do-peao-de-barretos\/#respond"]}]},{"@type":"WebPage","@id":"https:\/\/regiaonews.net.br\/2022\/2023\/08\/18\/israel-rodolffo-simone-mendes-e-mari-fernandez-agitam-primeira-noite-da-68a-festa-do-peao-de-barretos\/","url":"https:\/\/regiaonews.net.br\/2022\/2023\/08\/18\/israel-rodolffo-simone-mendes-e-mari-fernandez-agitam-primeira-noite-da-68a-festa-do-peao-de-barretos\/","name":"Israel & Rodolffo, Simone Mendes e Mari Fernandez agitam primeira noite da 68\u00aa Festa do Pe\u00e3o de Barretos - Regi\u00e3o News","isPartOf":{"@id":"https:\/\/regiaonews.net.br\/2022\/#website"},"primaryImageOfPage":{"@id":"https:\/\/regiaonews.net.br\/2022\/2023\/08\/18\/israel-rodolffo-simone-mendes-e-mari-fernandez-agitam-primeira-noite-da-68a-festa-do-peao-de-barretos\/#primaryimage"},"image":{"@id":"https:\/\/regiaonews.net.br\/2022\/2023\/08\/18\/israel-rodolffo-simone-mendes-e-mari-fernandez-agitam-primeira-noite-da-68a-festa-do-peao-de-barretos\/#primaryimage"},"thumbnailUrl":"https:\/\/regiaonews.net.br\/2022\/wp-content\/uploads\/2023\/08\/169234464964df214957862.jpg","datePublished":"2023-08-18T19:19:25+00:00","dateModified":"2023-08-18T19:19:44+00:00","breadcrumb":{"@id":"https:\/\/regiaonews.net.br\/2022\/2023\/08\/18\/israel-rodolffo-simone-mendes-e-mari-fernandez-agitam-primeira-noite-da-68a-festa-do-peao-de-barretos\/#breadcrumb"},"inLanguage":"pt-BR","potentialAction":[{"@type":"ReadAction","target":["https:\/\/regiaonews.net.br\/2022\/2023\/08\/18\/israel-rodolffo-simone-mendes-e-mari-fernandez-agitam-primeira-noite-da-68a-festa-do-peao-de-barretos\/"]}]},{"@type":"ImageObject","inLanguage":"pt-BR","@id":"https:\/\/regiaonews.net.br\/2022\/2023\/08\/18\/israel-rodolffo-simone-mendes-e-mari-fernandez-agitam-primeira-noite-da-68a-festa-do-peao-de-barretos\/#primaryimage","url":"https:\/\/regiaonews.net.br\/2022\/wp-content\/uploads\/2023\/08\/169234464964df214957862.jpg","contentUrl":"https:\/\/regiaonews.net.br\/2022\/wp-content\/uploads\/2023\/08\/169234464964df214957862.jpg","width":800,"height":450,"caption":"default"},{"@type":"BreadcrumbList","@id":"https:\/\/regiaonews.net.br\/2022\/2023\/08\/18\/israel-rodolffo-simone-mendes-e-mari-fernandez-agitam-primeira-noite-da-68a-festa-do-peao-de-barretos\/#breadcrumb","itemListElement":[{"@type":"ListItem","position":1,"name":"In\u00edcio","item":"https:\/\/regiaonews.net.br\/2022\/"},{"@type":"ListItem","position":2,"name":"Israel &#038; Rodolffo, Simone Mendes e Mari Fernandez agitam primeira noite da 68\u00aa Festa do Pe\u00e3o de Barretos"}]},{"@type":"WebSite","@id":"https:\/\/regiaonews.net.br\/2022\/#website","url":"https:\/\/regiaonews.net.br\/2022\/","name":"Regi\u00e3o News","description":"Site de Not\u00edcias de Barretos e regi\u00e3o","publisher":{"@id":"https:\/\/regiaonews.net.br\/2022\/#organization"},"potentialAction":[{"@type":"SearchAction","target":{"@type":"EntryPoint","urlTemplate":"https:\/\/regiaonews.net.br\/2022\/?s={search_term_string}"},"query-input":{"@type":"PropertyValueSpecification","valueRequired":true,"valueName":"search_term_string"}}],"inLanguage":"pt-BR"},{"@type":"Organization","@id":"https:\/\/regiaonews.net.br\/2022\/#organization","name":"Regi\u00e3o News","url":"https:\/\/regiaonews.net.br\/2022\/","logo":{"@type":"ImageObject","inLanguage":"pt-BR","@id":"https:\/\/regiaonews.net.br\/2022\/#\/schema\/logo\/image\/","url":"https:\/\/regiaonews.net.br\/2022\/wp-content\/uploads\/2026\/03\/regiao-13-anos-scaled.jpg","contentUrl":"https:\/\/regiaonews.net.br\/2022\/wp-content\/uploads\/2026\/03\/regiao-13-anos-scaled.jpg","width":2560,"height":635,"caption":"Regi\u00e3o News"},"image":{"@id":"https:\/\/regiaonews.net.br\/2022\/#\/schema\/logo\/image\/"}},{"@type":"Person","@id":"https:\/\/regiaonews.net.br\/2022\/#\/schema\/person\/2d205a608a5aa97ac279d7a5e6d89ad8","name":"Roberto","image":{"@type":"ImageObject","inLanguage":"pt-BR","@id":"https:\/\/secure.gravatar.com\/avatar\/42749d8b712ff9d59ca93dc150494e5b55a44134482993f5baeb97e61b7ecc89?s=96&d=mm&r=g","url":"https:\/\/secure.gravatar.com\/avatar\/42749d8b712ff9d59ca93dc150494e5b55a44134482993f5baeb97e61b7ecc89?s=96&d=mm&r=g","contentUrl":"https:\/\/secure.gravatar.com\/avatar\/42749d8b712ff9d59ca93dc150494e5b55a44134482993f5baeb97e61b7ecc89?s=96&d=mm&r=g","caption":"Roberto"},"url":"https:\/\/regiaonews.net.br\/2022\/author\/roberto\/"}]}},"publishpress_future_action":{"enabled":false,"date":"2026-05-03 13:27:46","action":"change-status","newStatus":"draft","terms":[],"taxonomy":"category","extraData":[]},"publishpress_future_workflow_manual_trigger":{"enabledWorkflows":[]},"_links":{"self":[{"href":"https:\/\/regiaonews.net.br\/2022\/wp-json\/wp\/v2\/posts\/93644","targetHints":{"allow":["GET"]}}],"collection":[{"href":"https:\/\/regiaonews.net.br\/2022\/wp-json\/wp\/v2\/posts"}],"about":[{"href":"https:\/\/regiaonews.net.br\/2022\/wp-json\/wp\/v2\/types\/post"}],"author":[{"embeddable":true,"href":"https:\/\/regiaonews.net.br\/2022\/wp-json\/wp\/v2\/users\/2"}],"replies":[{"embeddable":true,"href":"https:\/\/regiaonews.net.br\/2022\/wp-json\/wp\/v2\/comments?post=93644"}],"version-history":[{"count":2,"href":"https:\/\/regiaonews.net.br\/2022\/wp-json\/wp\/v2\/posts\/93644\/revisions"}],"predecessor-version":[{"id":93647,"href":"https:\/\/regiaonews.net.br\/2022\/wp-json\/wp\/v2\/posts\/93644\/revisions\/93647"}],"wp:featuredmedia":[{"embeddable":true,"href":"https:\/\/regiaonews.net.br\/2022\/wp-json\/wp\/v2\/media\/93645"}],"wp:attachment":[{"href":"https:\/\/regiaonews.net.br\/2022\/wp-json\/wp\/v2\/media?parent=93644"}],"wp:term":[{"taxonomy":"category","embeddable":true,"href":"https:\/\/regiaonews.net.br\/2022\/wp-json\/wp\/v2\/categories?post=93644"},{"taxonomy":"post_tag","embeddable":true,"href":"https:\/\/regiaonews.net.br\/2022\/wp-json\/wp\/v2\/tags?post=93644"}],"curies":[{"name":"wp","href":"https:\/\/api.w.org\/{rel}","templated":true}]}}