{"id":93638,"date":"2023-08-18T13:47:51","date_gmt":"2023-08-18T16:47:51","guid":{"rendered":"https:\/\/regiaonews.net.br\/2022\/?p=93638"},"modified":"2023-08-18T13:47:51","modified_gmt":"2023-08-18T16:47:51","slug":"pm-forma-668-sargentos-no-curso-tecnologo-de-policia-ostensiva-e-preservacao-da-ordem-publica","status":"publish","type":"post","link":"https:\/\/regiaonews.net.br\/2022\/2023\/08\/18\/pm-forma-668-sargentos-no-curso-tecnologo-de-policia-ostensiva-e-preservacao-da-ordem-publica\/","title":{"rendered":"PM forma 668 sargentos no Curso Tecn\u00f3logo de Pol\u00edcia Ostensiva e Preserva\u00e7\u00e3o da Ordem P\u00fablica"},"content":{"rendered":"<div>\n<h3 class=\"titulopreto ng-binding\" style=\"text-align: center;\">Curso prepara cabos da Pol\u00edcia Militar para se tornarem 3\u00b0 sargento.<\/h3>\n<p><center><\/p>\n<p class=\"titulopreto ng-binding\" style=\"text-align: left;\">A Pol\u00edcia Militar formou na manh\u00e3 desta sexta-feira (18) 668 sargentos no Curso Superior Tecn\u00f3logo de Pol\u00edcia Ostensiva e Preserva\u00e7\u00e3o da Ordem P\u00fablica. A solenidade ocorreu na sede da Escola Superior de Sargentos (Essgt), no Tatuap\u00e9, zona leste da capital, e contou com a presen\u00e7a do secret\u00e1rio da Seguran\u00e7a P\u00fablica, Guilherme Derrite.<\/p>\n<p><\/center><\/div>\n<div id=\"notCorpo\" class=\"ng-binding\">\n<div>\u201cOs sargentos s\u00e3o pe\u00e7as fundamentais para que continuemos vencendo a guerra contra o crime organizado, e n\u00f3s estamos vencendo. Voc\u00eas t\u00eam um papel primordial na Seguran\u00e7a P\u00fablica e n\u00f3s estaremos sempre apoiando voc\u00eas nas miss\u00f5es di\u00e1rias\u201d, ressaltou o secret\u00e1rio. \u201cEu quero parabenizar cada um dos senhores que h\u00e1 um ano tomaram a decis\u00e3o de enfrentar um dif\u00edcil curso de forma\u00e7\u00e3o para hoje receberem essa importante forma\u00e7\u00e3o\u201d, parabenizou Derrite.<\/div>\n<div><\/div>\n<div>O curso, realizado na Essgt, qualifica os cabos da Pol\u00edcia Militar para se tornarem 3\u00ba sargento. Nesta edi\u00e7\u00e3o, a turma foi composta por 546 homens e 122 mulheres que durante 9 meses tiveram aulas nas \u00e1reas policiais, institucionais, humanas, administrativas e jur\u00eddicas, al\u00e9m de atividades de treinamento de campo e complementares.<\/div>\n<div><\/div>\n<div>No evento, foram prestadas homenagens aos familiares do patrono da turma, PM Ronaldo Ruas Silva, e ao paraninfo, coronel PM Miguel Elias Daffara.<\/div>\n<div><\/div>\n<div>Ao primeiro colocado do curso, o 3\u00ba sargento PM Raphael Nascimento, foi entregue a medalha Pedro Dias de Campos, em reconhecimento ao seu desempenho intelectual. Ele obteve m\u00e9dia de 9,736 na somat\u00f3ria das notas de todas as aulas lecionadas. O segundo colocado, 3\u00ba sgt PM Mathaus Lopes, obteve m\u00e9dia de 9,717, enquanto a 3\u00aa sgt PM Pamela Cristina Petroli, com m\u00e9dia 9,659, ficou na terceira coloca\u00e7\u00e3o.<\/div>\n<div><\/div>\n<div>\u201cForam meses de esfor\u00e7o, dificuldade, abdica\u00e7\u00e3o de coisas particulares para se dedicar aos estudos, mas hoje sou grato. Estou realizado, ainda mais por ter conseguido ser o primeiro colocado\u201d, afirmou o 3\u00ba sargento Raphael.<\/div>\n<div><\/div>\n<\/div>\n<div>Assessoria de Imprensa e Comunica\u00e7\u00e3o da Secretaria da Seguran\u00e7a P\u00fablica<\/div>\n","protected":false},"excerpt":{"rendered":"<p>Curso prepara cabos da Pol\u00edcia Militar para se tornarem 3\u00b0<\/p>\n","protected":false},"author":2,"featured_media":93639,"comment_status":"open","ping_status":"open","sticky":false,"template":"","format":"standard","meta":{"footnotes":""},"categories":[3,23],"tags":[],"class_list":["post-93638","post","type-post","status-publish","format-standard","has-post-thumbnail","hentry","category-geral","category-policia"],"yoast_head":"<!-- This site is optimized with the Yoast SEO plugin v27.4 - https:\/\/yoast.com\/product\/yoast-seo-wordpress\/ -->\n<title>PM forma 668 sargentos no Curso Tecn\u00f3logo de Pol\u00edcia Ostensiva e Preserva\u00e7\u00e3o da Ordem P\u00fablica - Regi\u00e3o News<\/title>\n<meta name=\"robots\" content=\"index, follow, max-snippet:-1, max-image-preview:large, max-video-preview:-1\" \/>\n<link rel=\"canonical\" href=\"https:\/\/regiaonews.net.br\/2022\/2023\/08\/18\/pm-forma-668-sargentos-no-curso-tecnologo-de-policia-ostensiva-e-preservacao-da-ordem-publica\/\" \/>\n<meta property=\"og:locale\" content=\"pt_BR\" \/>\n<meta property=\"og:type\" content=\"article\" \/>\n<meta property=\"og:title\" content=\"PM forma 668 sargentos no Curso Tecn\u00f3logo de Pol\u00edcia Ostensiva e Preserva\u00e7\u00e3o da Ordem P\u00fablica - Regi\u00e3o News\" \/>\n<meta property=\"og:description\" content=\"Curso prepara cabos da Pol\u00edcia Militar para se tornarem 3\u00b0\" \/>\n<meta property=\"og:url\" content=\"https:\/\/regiaonews.net.br\/2022\/2023\/08\/18\/pm-forma-668-sargentos-no-curso-tecnologo-de-policia-ostensiva-e-preservacao-da-ordem-publica\/\" \/>\n<meta property=\"og:site_name\" content=\"Regi\u00e3o News\" \/>\n<meta property=\"article:published_time\" content=\"2023-08-18T16:47:51+00:00\" \/>\n<meta property=\"og:image\" content=\"https:\/\/regiaonews.net.br\/2022\/wp-content\/uploads\/2023\/08\/00051149.jpeg\" \/>\n\t<meta property=\"og:image:width\" content=\"800\" \/>\n\t<meta property=\"og:image:height\" content=\"525\" \/>\n\t<meta property=\"og:image:type\" content=\"image\/jpeg\" \/>\n<meta name=\"author\" content=\"Roberto\" \/>\n<meta name=\"twitter:card\" content=\"summary_large_image\" \/>\n<meta name=\"twitter:label1\" content=\"Escrito por\" \/>\n\t<meta name=\"twitter:data1\" content=\"Roberto\" \/>\n\t<meta name=\"twitter:label2\" content=\"Est. tempo de leitura\" \/>\n\t<meta name=\"twitter:data2\" content=\"2 minutos\" \/>\n<script type=\"application\/ld+json\" class=\"yoast-schema-graph\">{\"@context\":\"https:\\\/\\\/schema.org\",\"@graph\":[{\"@type\":\"Article\",\"@id\":\"https:\\\/\\\/regiaonews.net.br\\\/2022\\\/2023\\\/08\\\/18\\\/pm-forma-668-sargentos-no-curso-tecnologo-de-policia-ostensiva-e-preservacao-da-ordem-publica\\\/#article\",\"isPartOf\":{\"@id\":\"https:\\\/\\\/regiaonews.net.br\\\/2022\\\/2023\\\/08\\\/18\\\/pm-forma-668-sargentos-no-curso-tecnologo-de-policia-ostensiva-e-preservacao-da-ordem-publica\\\/\"},\"author\":{\"name\":\"Roberto\",\"@id\":\"https:\\\/\\\/regiaonews.net.br\\\/2022\\\/#\\\/schema\\\/person\\\/2d205a608a5aa97ac279d7a5e6d89ad8\"},\"headline\":\"PM forma 668 sargentos no Curso Tecn\u00f3logo de Pol\u00edcia Ostensiva e Preserva\u00e7\u00e3o da Ordem P\u00fablica\",\"datePublished\":\"2023-08-18T16:47:51+00:00\",\"mainEntityOfPage\":{\"@id\":\"https:\\\/\\\/regiaonews.net.br\\\/2022\\\/2023\\\/08\\\/18\\\/pm-forma-668-sargentos-no-curso-tecnologo-de-policia-ostensiva-e-preservacao-da-ordem-publica\\\/\"},\"wordCount\":359,\"commentCount\":0,\"publisher\":{\"@id\":\"https:\\\/\\\/regiaonews.net.br\\\/2022\\\/#organization\"},\"image\":{\"@id\":\"https:\\\/\\\/regiaonews.net.br\\\/2022\\\/2023\\\/08\\\/18\\\/pm-forma-668-sargentos-no-curso-tecnologo-de-policia-ostensiva-e-preservacao-da-ordem-publica\\\/#primaryimage\"},\"thumbnailUrl\":\"https:\\\/\\\/regiaonews.net.br\\\/2022\\\/wp-content\\\/uploads\\\/2023\\\/08\\\/00051149.jpeg\",\"articleSection\":[\"Geral\",\"Policia\"],\"inLanguage\":\"pt-BR\",\"potentialAction\":[{\"@type\":\"CommentAction\",\"name\":\"Comment\",\"target\":[\"https:\\\/\\\/regiaonews.net.br\\\/2022\\\/2023\\\/08\\\/18\\\/pm-forma-668-sargentos-no-curso-tecnologo-de-policia-ostensiva-e-preservacao-da-ordem-publica\\\/#respond\"]}]},{\"@type\":\"WebPage\",\"@id\":\"https:\\\/\\\/regiaonews.net.br\\\/2022\\\/2023\\\/08\\\/18\\\/pm-forma-668-sargentos-no-curso-tecnologo-de-policia-ostensiva-e-preservacao-da-ordem-publica\\\/\",\"url\":\"https:\\\/\\\/regiaonews.net.br\\\/2022\\\/2023\\\/08\\\/18\\\/pm-forma-668-sargentos-no-curso-tecnologo-de-policia-ostensiva-e-preservacao-da-ordem-publica\\\/\",\"name\":\"PM forma 668 sargentos no Curso Tecn\u00f3logo de Pol\u00edcia Ostensiva e Preserva\u00e7\u00e3o da Ordem P\u00fablica - Regi\u00e3o News\",\"isPartOf\":{\"@id\":\"https:\\\/\\\/regiaonews.net.br\\\/2022\\\/#website\"},\"primaryImageOfPage\":{\"@id\":\"https:\\\/\\\/regiaonews.net.br\\\/2022\\\/2023\\\/08\\\/18\\\/pm-forma-668-sargentos-no-curso-tecnologo-de-policia-ostensiva-e-preservacao-da-ordem-publica\\\/#primaryimage\"},\"image\":{\"@id\":\"https:\\\/\\\/regiaonews.net.br\\\/2022\\\/2023\\\/08\\\/18\\\/pm-forma-668-sargentos-no-curso-tecnologo-de-policia-ostensiva-e-preservacao-da-ordem-publica\\\/#primaryimage\"},\"thumbnailUrl\":\"https:\\\/\\\/regiaonews.net.br\\\/2022\\\/wp-content\\\/uploads\\\/2023\\\/08\\\/00051149.jpeg\",\"datePublished\":\"2023-08-18T16:47:51+00:00\",\"breadcrumb\":{\"@id\":\"https:\\\/\\\/regiaonews.net.br\\\/2022\\\/2023\\\/08\\\/18\\\/pm-forma-668-sargentos-no-curso-tecnologo-de-policia-ostensiva-e-preservacao-da-ordem-publica\\\/#breadcrumb\"},\"inLanguage\":\"pt-BR\",\"potentialAction\":[{\"@type\":\"ReadAction\",\"target\":[\"https:\\\/\\\/regiaonews.net.br\\\/2022\\\/2023\\\/08\\\/18\\\/pm-forma-668-sargentos-no-curso-tecnologo-de-policia-ostensiva-e-preservacao-da-ordem-publica\\\/\"]}]},{\"@type\":\"ImageObject\",\"inLanguage\":\"pt-BR\",\"@id\":\"https:\\\/\\\/regiaonews.net.br\\\/2022\\\/2023\\\/08\\\/18\\\/pm-forma-668-sargentos-no-curso-tecnologo-de-policia-ostensiva-e-preservacao-da-ordem-publica\\\/#primaryimage\",\"url\":\"https:\\\/\\\/regiaonews.net.br\\\/2022\\\/wp-content\\\/uploads\\\/2023\\\/08\\\/00051149.jpeg\",\"contentUrl\":\"https:\\\/\\\/regiaonews.net.br\\\/2022\\\/wp-content\\\/uploads\\\/2023\\\/08\\\/00051149.jpeg\",\"width\":800,\"height\":525},{\"@type\":\"BreadcrumbList\",\"@id\":\"https:\\\/\\\/regiaonews.net.br\\\/2022\\\/2023\\\/08\\\/18\\\/pm-forma-668-sargentos-no-curso-tecnologo-de-policia-ostensiva-e-preservacao-da-ordem-publica\\\/#breadcrumb\",\"itemListElement\":[{\"@type\":\"ListItem\",\"position\":1,\"name\":\"In\u00edcio\",\"item\":\"https:\\\/\\\/regiaonews.net.br\\\/2022\\\/\"},{\"@type\":\"ListItem\",\"position\":2,\"name\":\"PM forma 668 sargentos no Curso Tecn\u00f3logo de Pol\u00edcia Ostensiva e Preserva\u00e7\u00e3o da Ordem P\u00fablica\"}]},{\"@type\":\"WebSite\",\"@id\":\"https:\\\/\\\/regiaonews.net.br\\\/2022\\\/#website\",\"url\":\"https:\\\/\\\/regiaonews.net.br\\\/2022\\\/\",\"name\":\"Regi\u00e3o News\",\"description\":\"Site de Not\u00edcias de Barretos e regi\u00e3o\",\"publisher\":{\"@id\":\"https:\\\/\\\/regiaonews.net.br\\\/2022\\\/#organization\"},\"potentialAction\":[{\"@type\":\"SearchAction\",\"target\":{\"@type\":\"EntryPoint\",\"urlTemplate\":\"https:\\\/\\\/regiaonews.net.br\\\/2022\\\/?s={search_term_string}\"},\"query-input\":{\"@type\":\"PropertyValueSpecification\",\"valueRequired\":true,\"valueName\":\"search_term_string\"}}],\"inLanguage\":\"pt-BR\"},{\"@type\":\"Organization\",\"@id\":\"https:\\\/\\\/regiaonews.net.br\\\/2022\\\/#organization\",\"name\":\"Regi\u00e3o News\",\"url\":\"https:\\\/\\\/regiaonews.net.br\\\/2022\\\/\",\"logo\":{\"@type\":\"ImageObject\",\"inLanguage\":\"pt-BR\",\"@id\":\"https:\\\/\\\/regiaonews.net.br\\\/2022\\\/#\\\/schema\\\/logo\\\/image\\\/\",\"url\":\"https:\\\/\\\/regiaonews.net.br\\\/2022\\\/wp-content\\\/uploads\\\/2026\\\/03\\\/regiao-13-anos-scaled.jpg\",\"contentUrl\":\"https:\\\/\\\/regiaonews.net.br\\\/2022\\\/wp-content\\\/uploads\\\/2026\\\/03\\\/regiao-13-anos-scaled.jpg\",\"width\":2560,\"height\":635,\"caption\":\"Regi\u00e3o News\"},\"image\":{\"@id\":\"https:\\\/\\\/regiaonews.net.br\\\/2022\\\/#\\\/schema\\\/logo\\\/image\\\/\"}},{\"@type\":\"Person\",\"@id\":\"https:\\\/\\\/regiaonews.net.br\\\/2022\\\/#\\\/schema\\\/person\\\/2d205a608a5aa97ac279d7a5e6d89ad8\",\"name\":\"Roberto\",\"image\":{\"@type\":\"ImageObject\",\"inLanguage\":\"pt-BR\",\"@id\":\"https:\\\/\\\/secure.gravatar.com\\\/avatar\\\/42749d8b712ff9d59ca93dc150494e5b55a44134482993f5baeb97e61b7ecc89?s=96&d=mm&r=g\",\"url\":\"https:\\\/\\\/secure.gravatar.com\\\/avatar\\\/42749d8b712ff9d59ca93dc150494e5b55a44134482993f5baeb97e61b7ecc89?s=96&d=mm&r=g\",\"contentUrl\":\"https:\\\/\\\/secure.gravatar.com\\\/avatar\\\/42749d8b712ff9d59ca93dc150494e5b55a44134482993f5baeb97e61b7ecc89?s=96&d=mm&r=g\",\"caption\":\"Roberto\"},\"url\":\"https:\\\/\\\/regiaonews.net.br\\\/2022\\\/author\\\/roberto\\\/\"}]}<\/script>\n<!-- \/ Yoast SEO plugin. -->","yoast_head_json":{"title":"PM forma 668 sargentos no Curso Tecn\u00f3logo de Pol\u00edcia Ostensiva e Preserva\u00e7\u00e3o da Ordem P\u00fablica - Regi\u00e3o News","robots":{"index":"index","follow":"follow","max-snippet":"max-snippet:-1","max-image-preview":"max-image-preview:large","max-video-preview":"max-video-preview:-1"},"canonical":"https:\/\/regiaonews.net.br\/2022\/2023\/08\/18\/pm-forma-668-sargentos-no-curso-tecnologo-de-policia-ostensiva-e-preservacao-da-ordem-publica\/","og_locale":"pt_BR","og_type":"article","og_title":"PM forma 668 sargentos no Curso Tecn\u00f3logo de Pol\u00edcia Ostensiva e Preserva\u00e7\u00e3o da Ordem P\u00fablica - Regi\u00e3o News","og_description":"Curso prepara cabos da Pol\u00edcia Militar para se tornarem 3\u00b0","og_url":"https:\/\/regiaonews.net.br\/2022\/2023\/08\/18\/pm-forma-668-sargentos-no-curso-tecnologo-de-policia-ostensiva-e-preservacao-da-ordem-publica\/","og_site_name":"Regi\u00e3o News","article_published_time":"2023-08-18T16:47:51+00:00","og_image":[{"width":800,"height":525,"url":"https:\/\/regiaonews.net.br\/2022\/wp-content\/uploads\/2023\/08\/00051149.jpeg","type":"image\/jpeg"}],"author":"Roberto","twitter_card":"summary_large_image","twitter_misc":{"Escrito por":"Roberto","Est. tempo de leitura":"2 minutos"},"schema":{"@context":"https:\/\/schema.org","@graph":[{"@type":"Article","@id":"https:\/\/regiaonews.net.br\/2022\/2023\/08\/18\/pm-forma-668-sargentos-no-curso-tecnologo-de-policia-ostensiva-e-preservacao-da-ordem-publica\/#article","isPartOf":{"@id":"https:\/\/regiaonews.net.br\/2022\/2023\/08\/18\/pm-forma-668-sargentos-no-curso-tecnologo-de-policia-ostensiva-e-preservacao-da-ordem-publica\/"},"author":{"name":"Roberto","@id":"https:\/\/regiaonews.net.br\/2022\/#\/schema\/person\/2d205a608a5aa97ac279d7a5e6d89ad8"},"headline":"PM forma 668 sargentos no Curso Tecn\u00f3logo de Pol\u00edcia Ostensiva e Preserva\u00e7\u00e3o da Ordem P\u00fablica","datePublished":"2023-08-18T16:47:51+00:00","mainEntityOfPage":{"@id":"https:\/\/regiaonews.net.br\/2022\/2023\/08\/18\/pm-forma-668-sargentos-no-curso-tecnologo-de-policia-ostensiva-e-preservacao-da-ordem-publica\/"},"wordCount":359,"commentCount":0,"publisher":{"@id":"https:\/\/regiaonews.net.br\/2022\/#organization"},"image":{"@id":"https:\/\/regiaonews.net.br\/2022\/2023\/08\/18\/pm-forma-668-sargentos-no-curso-tecnologo-de-policia-ostensiva-e-preservacao-da-ordem-publica\/#primaryimage"},"thumbnailUrl":"https:\/\/regiaonews.net.br\/2022\/wp-content\/uploads\/2023\/08\/00051149.jpeg","articleSection":["Geral","Policia"],"inLanguage":"pt-BR","potentialAction":[{"@type":"CommentAction","name":"Comment","target":["https:\/\/regiaonews.net.br\/2022\/2023\/08\/18\/pm-forma-668-sargentos-no-curso-tecnologo-de-policia-ostensiva-e-preservacao-da-ordem-publica\/#respond"]}]},{"@type":"WebPage","@id":"https:\/\/regiaonews.net.br\/2022\/2023\/08\/18\/pm-forma-668-sargentos-no-curso-tecnologo-de-policia-ostensiva-e-preservacao-da-ordem-publica\/","url":"https:\/\/regiaonews.net.br\/2022\/2023\/08\/18\/pm-forma-668-sargentos-no-curso-tecnologo-de-policia-ostensiva-e-preservacao-da-ordem-publica\/","name":"PM forma 668 sargentos no Curso Tecn\u00f3logo de Pol\u00edcia Ostensiva e Preserva\u00e7\u00e3o da Ordem P\u00fablica - Regi\u00e3o News","isPartOf":{"@id":"https:\/\/regiaonews.net.br\/2022\/#website"},"primaryImageOfPage":{"@id":"https:\/\/regiaonews.net.br\/2022\/2023\/08\/18\/pm-forma-668-sargentos-no-curso-tecnologo-de-policia-ostensiva-e-preservacao-da-ordem-publica\/#primaryimage"},"image":{"@id":"https:\/\/regiaonews.net.br\/2022\/2023\/08\/18\/pm-forma-668-sargentos-no-curso-tecnologo-de-policia-ostensiva-e-preservacao-da-ordem-publica\/#primaryimage"},"thumbnailUrl":"https:\/\/regiaonews.net.br\/2022\/wp-content\/uploads\/2023\/08\/00051149.jpeg","datePublished":"2023-08-18T16:47:51+00:00","breadcrumb":{"@id":"https:\/\/regiaonews.net.br\/2022\/2023\/08\/18\/pm-forma-668-sargentos-no-curso-tecnologo-de-policia-ostensiva-e-preservacao-da-ordem-publica\/#breadcrumb"},"inLanguage":"pt-BR","potentialAction":[{"@type":"ReadAction","target":["https:\/\/regiaonews.net.br\/2022\/2023\/08\/18\/pm-forma-668-sargentos-no-curso-tecnologo-de-policia-ostensiva-e-preservacao-da-ordem-publica\/"]}]},{"@type":"ImageObject","inLanguage":"pt-BR","@id":"https:\/\/regiaonews.net.br\/2022\/2023\/08\/18\/pm-forma-668-sargentos-no-curso-tecnologo-de-policia-ostensiva-e-preservacao-da-ordem-publica\/#primaryimage","url":"https:\/\/regiaonews.net.br\/2022\/wp-content\/uploads\/2023\/08\/00051149.jpeg","contentUrl":"https:\/\/regiaonews.net.br\/2022\/wp-content\/uploads\/2023\/08\/00051149.jpeg","width":800,"height":525},{"@type":"BreadcrumbList","@id":"https:\/\/regiaonews.net.br\/2022\/2023\/08\/18\/pm-forma-668-sargentos-no-curso-tecnologo-de-policia-ostensiva-e-preservacao-da-ordem-publica\/#breadcrumb","itemListElement":[{"@type":"ListItem","position":1,"name":"In\u00edcio","item":"https:\/\/regiaonews.net.br\/2022\/"},{"@type":"ListItem","position":2,"name":"PM forma 668 sargentos no Curso Tecn\u00f3logo de Pol\u00edcia Ostensiva e Preserva\u00e7\u00e3o da Ordem P\u00fablica"}]},{"@type":"WebSite","@id":"https:\/\/regiaonews.net.br\/2022\/#website","url":"https:\/\/regiaonews.net.br\/2022\/","name":"Regi\u00e3o News","description":"Site de Not\u00edcias de Barretos e regi\u00e3o","publisher":{"@id":"https:\/\/regiaonews.net.br\/2022\/#organization"},"potentialAction":[{"@type":"SearchAction","target":{"@type":"EntryPoint","urlTemplate":"https:\/\/regiaonews.net.br\/2022\/?s={search_term_string}"},"query-input":{"@type":"PropertyValueSpecification","valueRequired":true,"valueName":"search_term_string"}}],"inLanguage":"pt-BR"},{"@type":"Organization","@id":"https:\/\/regiaonews.net.br\/2022\/#organization","name":"Regi\u00e3o News","url":"https:\/\/regiaonews.net.br\/2022\/","logo":{"@type":"ImageObject","inLanguage":"pt-BR","@id":"https:\/\/regiaonews.net.br\/2022\/#\/schema\/logo\/image\/","url":"https:\/\/regiaonews.net.br\/2022\/wp-content\/uploads\/2026\/03\/regiao-13-anos-scaled.jpg","contentUrl":"https:\/\/regiaonews.net.br\/2022\/wp-content\/uploads\/2026\/03\/regiao-13-anos-scaled.jpg","width":2560,"height":635,"caption":"Regi\u00e3o News"},"image":{"@id":"https:\/\/regiaonews.net.br\/2022\/#\/schema\/logo\/image\/"}},{"@type":"Person","@id":"https:\/\/regiaonews.net.br\/2022\/#\/schema\/person\/2d205a608a5aa97ac279d7a5e6d89ad8","name":"Roberto","image":{"@type":"ImageObject","inLanguage":"pt-BR","@id":"https:\/\/secure.gravatar.com\/avatar\/42749d8b712ff9d59ca93dc150494e5b55a44134482993f5baeb97e61b7ecc89?s=96&d=mm&r=g","url":"https:\/\/secure.gravatar.com\/avatar\/42749d8b712ff9d59ca93dc150494e5b55a44134482993f5baeb97e61b7ecc89?s=96&d=mm&r=g","contentUrl":"https:\/\/secure.gravatar.com\/avatar\/42749d8b712ff9d59ca93dc150494e5b55a44134482993f5baeb97e61b7ecc89?s=96&d=mm&r=g","caption":"Roberto"},"url":"https:\/\/regiaonews.net.br\/2022\/author\/roberto\/"}]}},"publishpress_future_action":{"enabled":false,"date":"2026-05-03 13:12:52","action":"change-status","newStatus":"draft","terms":[],"taxonomy":"category","extraData":[]},"publishpress_future_workflow_manual_trigger":{"enabledWorkflows":[]},"_links":{"self":[{"href":"https:\/\/regiaonews.net.br\/2022\/wp-json\/wp\/v2\/posts\/93638","targetHints":{"allow":["GET"]}}],"collection":[{"href":"https:\/\/regiaonews.net.br\/2022\/wp-json\/wp\/v2\/posts"}],"about":[{"href":"https:\/\/regiaonews.net.br\/2022\/wp-json\/wp\/v2\/types\/post"}],"author":[{"embeddable":true,"href":"https:\/\/regiaonews.net.br\/2022\/wp-json\/wp\/v2\/users\/2"}],"replies":[{"embeddable":true,"href":"https:\/\/regiaonews.net.br\/2022\/wp-json\/wp\/v2\/comments?post=93638"}],"version-history":[{"count":1,"href":"https:\/\/regiaonews.net.br\/2022\/wp-json\/wp\/v2\/posts\/93638\/revisions"}],"predecessor-version":[{"id":93640,"href":"https:\/\/regiaonews.net.br\/2022\/wp-json\/wp\/v2\/posts\/93638\/revisions\/93640"}],"wp:featuredmedia":[{"embeddable":true,"href":"https:\/\/regiaonews.net.br\/2022\/wp-json\/wp\/v2\/media\/93639"}],"wp:attachment":[{"href":"https:\/\/regiaonews.net.br\/2022\/wp-json\/wp\/v2\/media?parent=93638"}],"wp:term":[{"taxonomy":"category","embeddable":true,"href":"https:\/\/regiaonews.net.br\/2022\/wp-json\/wp\/v2\/categories?post=93638"},{"taxonomy":"post_tag","embeddable":true,"href":"https:\/\/regiaonews.net.br\/2022\/wp-json\/wp\/v2\/tags?post=93638"}],"curies":[{"name":"wp","href":"https:\/\/api.w.org\/{rel}","templated":true}]}}