{"id":93628,"date":"2023-08-18T01:36:54","date_gmt":"2023-08-18T04:36:54","guid":{"rendered":"https:\/\/regiaonews.net.br\/2022\/?p=93628"},"modified":"2023-08-18T01:36:54","modified_gmt":"2023-08-18T04:36:54","slug":"policiais-civis-de-barretos-capacitam-agentes-na-acadepol-para-combate-a-roubo-de-cargas","status":"publish","type":"post","link":"https:\/\/regiaonews.net.br\/2022\/2023\/08\/18\/policiais-civis-de-barretos-capacitam-agentes-na-acadepol-para-combate-a-roubo-de-cargas\/","title":{"rendered":"Policiais Civis de Barretos capacitam agentes na Acadepol para combate a roubo de cargas"},"content":{"rendered":"<p>O Investigador de Pol\u00edcia Alex Fornel Maringolo, atualmente lotado na Delegacia Seccional de Barretos e o Delegado de Pol\u00edcia Rafael Faria Domingos, titular da DIG de Barretos, encerraram na \u00faltima quarta-feira (16), em Ribeir\u00e3o Preto, uma s\u00e9rie de encontros visando \u00e0 capacita\u00e7\u00e3o de policiais civis para repress\u00e3o e investiga\u00e7\u00e3o de roubos, furtos e desvios de cargas.<\/p>\n<p>Desde o in\u00edcio do ano, os policiais barretenses, que tamb\u00e9m s\u00e3o professores concursados da Academia de Pol\u00edcia (ACADEPOL), especializaram 180 policiais civis do interior e da capital &#8211; inclusive outros professores da Acadepol &#8211; para atuarem em investiga\u00e7\u00f5es de delitos que envolvem cargas.<\/p>\n<p>Os policiais ministraram, neste ano, aulas em 6 turmas junto \u00e0s unidades da Academia de Pol\u00edcia em Ribeir\u00e3o Preto e S\u00e3o Paulo, difundindo, em tr\u00eas dias de curso, t\u00e9cnicas de investiga\u00e7\u00e3o visando \u00e0 atua\u00e7\u00e3o de forma eficaz de delegados, investigadores, escriv\u00e3es e agentes policiais na repress\u00e3o a estes crimes.<\/p>\n","protected":false},"excerpt":{"rendered":"<p>O Investigador de Pol\u00edcia Alex Fornel Maringolo, atualmente lotado na<\/p>\n","protected":false},"author":2,"featured_media":93629,"comment_status":"open","ping_status":"open","sticky":false,"template":"","format":"standard","meta":{"footnotes":""},"categories":[23,32],"tags":[],"class_list":["post-93628","post","type-post","status-publish","format-standard","has-post-thumbnail","hentry","category-policia","category-ribeirao-preto"],"yoast_head":"<!-- This site is optimized with the Yoast SEO plugin v27.4 - https:\/\/yoast.com\/product\/yoast-seo-wordpress\/ -->\n<title>Policiais Civis de Barretos capacitam agentes na Acadepol<\/title>\n<meta name=\"description\" content=\"O Investigador de Pol\u00edcia Alex Fornel Maringolo, atualmente lotado na Delegacia Seccional de Barretos e o Delegado de Pol\u00edcia\" \/>\n<meta name=\"robots\" content=\"index, follow, max-snippet:-1, max-image-preview:large, max-video-preview:-1\" \/>\n<link rel=\"canonical\" href=\"https:\/\/regiaonews.net.br\/2022\/2023\/08\/18\/policiais-civis-de-barretos-capacitam-agentes-na-acadepol-para-combate-a-roubo-de-cargas\/\" \/>\n<meta property=\"og:locale\" content=\"pt_BR\" \/>\n<meta property=\"og:type\" content=\"article\" \/>\n<meta property=\"og:title\" content=\"Policiais Civis de Barretos capacitam agentes na Acadepol\" \/>\n<meta property=\"og:description\" content=\"O Investigador de Pol\u00edcia Alex Fornel Maringolo, atualmente lotado na Delegacia Seccional de Barretos e o Delegado de Pol\u00edcia\" \/>\n<meta property=\"og:url\" content=\"https:\/\/regiaonews.net.br\/2022\/2023\/08\/18\/policiais-civis-de-barretos-capacitam-agentes-na-acadepol-para-combate-a-roubo-de-cargas\/\" \/>\n<meta property=\"og:site_name\" content=\"Regi\u00e3o News\" \/>\n<meta property=\"article:published_time\" content=\"2023-08-18T04:36:54+00:00\" \/>\n<meta property=\"og:image\" content=\"https:\/\/regiaonews.net.br\/2022\/wp-content\/uploads\/2023\/08\/WhatsApp-Image-2023-08-16-at-20.27.42.jpeg\" \/>\n\t<meta property=\"og:image:width\" content=\"1599\" \/>\n\t<meta property=\"og:image:height\" content=\"1126\" \/>\n\t<meta property=\"og:image:type\" content=\"image\/jpeg\" \/>\n<meta name=\"author\" content=\"Roberto\" \/>\n<meta name=\"twitter:card\" content=\"summary_large_image\" \/>\n<meta name=\"twitter:label1\" content=\"Escrito por\" \/>\n\t<meta name=\"twitter:data1\" content=\"Roberto\" \/>\n\t<meta name=\"twitter:label2\" content=\"Est. tempo de leitura\" \/>\n\t<meta name=\"twitter:data2\" content=\"1 minuto\" \/>\n<script type=\"application\/ld+json\" class=\"yoast-schema-graph\">{\"@context\":\"https:\\\/\\\/schema.org\",\"@graph\":[{\"@type\":\"Article\",\"@id\":\"https:\\\/\\\/regiaonews.net.br\\\/2022\\\/2023\\\/08\\\/18\\\/policiais-civis-de-barretos-capacitam-agentes-na-acadepol-para-combate-a-roubo-de-cargas\\\/#article\",\"isPartOf\":{\"@id\":\"https:\\\/\\\/regiaonews.net.br\\\/2022\\\/2023\\\/08\\\/18\\\/policiais-civis-de-barretos-capacitam-agentes-na-acadepol-para-combate-a-roubo-de-cargas\\\/\"},\"author\":{\"name\":\"Roberto\",\"@id\":\"https:\\\/\\\/regiaonews.net.br\\\/2022\\\/#\\\/schema\\\/person\\\/2d205a608a5aa97ac279d7a5e6d89ad8\"},\"headline\":\"Policiais Civis de Barretos capacitam agentes na Acadepol para combate a roubo de cargas\",\"datePublished\":\"2023-08-18T04:36:54+00:00\",\"mainEntityOfPage\":{\"@id\":\"https:\\\/\\\/regiaonews.net.br\\\/2022\\\/2023\\\/08\\\/18\\\/policiais-civis-de-barretos-capacitam-agentes-na-acadepol-para-combate-a-roubo-de-cargas\\\/\"},\"wordCount\":178,\"commentCount\":0,\"publisher\":{\"@id\":\"https:\\\/\\\/regiaonews.net.br\\\/2022\\\/#organization\"},\"image\":{\"@id\":\"https:\\\/\\\/regiaonews.net.br\\\/2022\\\/2023\\\/08\\\/18\\\/policiais-civis-de-barretos-capacitam-agentes-na-acadepol-para-combate-a-roubo-de-cargas\\\/#primaryimage\"},\"thumbnailUrl\":\"https:\\\/\\\/regiaonews.net.br\\\/2022\\\/wp-content\\\/uploads\\\/2023\\\/08\\\/WhatsApp-Image-2023-08-16-at-20.27.42.jpeg\",\"articleSection\":[\"Policia\",\"Ribeir\u00e3o Preto\"],\"inLanguage\":\"pt-BR\",\"potentialAction\":[{\"@type\":\"CommentAction\",\"name\":\"Comment\",\"target\":[\"https:\\\/\\\/regiaonews.net.br\\\/2022\\\/2023\\\/08\\\/18\\\/policiais-civis-de-barretos-capacitam-agentes-na-acadepol-para-combate-a-roubo-de-cargas\\\/#respond\"]}]},{\"@type\":\"WebPage\",\"@id\":\"https:\\\/\\\/regiaonews.net.br\\\/2022\\\/2023\\\/08\\\/18\\\/policiais-civis-de-barretos-capacitam-agentes-na-acadepol-para-combate-a-roubo-de-cargas\\\/\",\"url\":\"https:\\\/\\\/regiaonews.net.br\\\/2022\\\/2023\\\/08\\\/18\\\/policiais-civis-de-barretos-capacitam-agentes-na-acadepol-para-combate-a-roubo-de-cargas\\\/\",\"name\":\"Policiais Civis de Barretos capacitam agentes na Acadepol\",\"isPartOf\":{\"@id\":\"https:\\\/\\\/regiaonews.net.br\\\/2022\\\/#website\"},\"primaryImageOfPage\":{\"@id\":\"https:\\\/\\\/regiaonews.net.br\\\/2022\\\/2023\\\/08\\\/18\\\/policiais-civis-de-barretos-capacitam-agentes-na-acadepol-para-combate-a-roubo-de-cargas\\\/#primaryimage\"},\"image\":{\"@id\":\"https:\\\/\\\/regiaonews.net.br\\\/2022\\\/2023\\\/08\\\/18\\\/policiais-civis-de-barretos-capacitam-agentes-na-acadepol-para-combate-a-roubo-de-cargas\\\/#primaryimage\"},\"thumbnailUrl\":\"https:\\\/\\\/regiaonews.net.br\\\/2022\\\/wp-content\\\/uploads\\\/2023\\\/08\\\/WhatsApp-Image-2023-08-16-at-20.27.42.jpeg\",\"datePublished\":\"2023-08-18T04:36:54+00:00\",\"description\":\"O Investigador de Pol\u00edcia Alex Fornel Maringolo, atualmente lotado na Delegacia Seccional de Barretos e o Delegado de Pol\u00edcia\",\"breadcrumb\":{\"@id\":\"https:\\\/\\\/regiaonews.net.br\\\/2022\\\/2023\\\/08\\\/18\\\/policiais-civis-de-barretos-capacitam-agentes-na-acadepol-para-combate-a-roubo-de-cargas\\\/#breadcrumb\"},\"inLanguage\":\"pt-BR\",\"potentialAction\":[{\"@type\":\"ReadAction\",\"target\":[\"https:\\\/\\\/regiaonews.net.br\\\/2022\\\/2023\\\/08\\\/18\\\/policiais-civis-de-barretos-capacitam-agentes-na-acadepol-para-combate-a-roubo-de-cargas\\\/\"]}]},{\"@type\":\"ImageObject\",\"inLanguage\":\"pt-BR\",\"@id\":\"https:\\\/\\\/regiaonews.net.br\\\/2022\\\/2023\\\/08\\\/18\\\/policiais-civis-de-barretos-capacitam-agentes-na-acadepol-para-combate-a-roubo-de-cargas\\\/#primaryimage\",\"url\":\"https:\\\/\\\/regiaonews.net.br\\\/2022\\\/wp-content\\\/uploads\\\/2023\\\/08\\\/WhatsApp-Image-2023-08-16-at-20.27.42.jpeg\",\"contentUrl\":\"https:\\\/\\\/regiaonews.net.br\\\/2022\\\/wp-content\\\/uploads\\\/2023\\\/08\\\/WhatsApp-Image-2023-08-16-at-20.27.42.jpeg\",\"width\":1599,\"height\":1126},{\"@type\":\"BreadcrumbList\",\"@id\":\"https:\\\/\\\/regiaonews.net.br\\\/2022\\\/2023\\\/08\\\/18\\\/policiais-civis-de-barretos-capacitam-agentes-na-acadepol-para-combate-a-roubo-de-cargas\\\/#breadcrumb\",\"itemListElement\":[{\"@type\":\"ListItem\",\"position\":1,\"name\":\"In\u00edcio\",\"item\":\"https:\\\/\\\/regiaonews.net.br\\\/2022\\\/\"},{\"@type\":\"ListItem\",\"position\":2,\"name\":\"Policiais Civis de Barretos capacitam agentes na Acadepol para combate a roubo de cargas\"}]},{\"@type\":\"WebSite\",\"@id\":\"https:\\\/\\\/regiaonews.net.br\\\/2022\\\/#website\",\"url\":\"https:\\\/\\\/regiaonews.net.br\\\/2022\\\/\",\"name\":\"Regi\u00e3o News\",\"description\":\"Site de Not\u00edcias de Barretos e regi\u00e3o\",\"publisher\":{\"@id\":\"https:\\\/\\\/regiaonews.net.br\\\/2022\\\/#organization\"},\"potentialAction\":[{\"@type\":\"SearchAction\",\"target\":{\"@type\":\"EntryPoint\",\"urlTemplate\":\"https:\\\/\\\/regiaonews.net.br\\\/2022\\\/?s={search_term_string}\"},\"query-input\":{\"@type\":\"PropertyValueSpecification\",\"valueRequired\":true,\"valueName\":\"search_term_string\"}}],\"inLanguage\":\"pt-BR\"},{\"@type\":\"Organization\",\"@id\":\"https:\\\/\\\/regiaonews.net.br\\\/2022\\\/#organization\",\"name\":\"Regi\u00e3o News\",\"url\":\"https:\\\/\\\/regiaonews.net.br\\\/2022\\\/\",\"logo\":{\"@type\":\"ImageObject\",\"inLanguage\":\"pt-BR\",\"@id\":\"https:\\\/\\\/regiaonews.net.br\\\/2022\\\/#\\\/schema\\\/logo\\\/image\\\/\",\"url\":\"https:\\\/\\\/regiaonews.net.br\\\/2022\\\/wp-content\\\/uploads\\\/2026\\\/03\\\/regiao-13-anos-scaled.jpg\",\"contentUrl\":\"https:\\\/\\\/regiaonews.net.br\\\/2022\\\/wp-content\\\/uploads\\\/2026\\\/03\\\/regiao-13-anos-scaled.jpg\",\"width\":2560,\"height\":635,\"caption\":\"Regi\u00e3o News\"},\"image\":{\"@id\":\"https:\\\/\\\/regiaonews.net.br\\\/2022\\\/#\\\/schema\\\/logo\\\/image\\\/\"}},{\"@type\":\"Person\",\"@id\":\"https:\\\/\\\/regiaonews.net.br\\\/2022\\\/#\\\/schema\\\/person\\\/2d205a608a5aa97ac279d7a5e6d89ad8\",\"name\":\"Roberto\",\"image\":{\"@type\":\"ImageObject\",\"inLanguage\":\"pt-BR\",\"@id\":\"https:\\\/\\\/secure.gravatar.com\\\/avatar\\\/42749d8b712ff9d59ca93dc150494e5b55a44134482993f5baeb97e61b7ecc89?s=96&d=mm&r=g\",\"url\":\"https:\\\/\\\/secure.gravatar.com\\\/avatar\\\/42749d8b712ff9d59ca93dc150494e5b55a44134482993f5baeb97e61b7ecc89?s=96&d=mm&r=g\",\"contentUrl\":\"https:\\\/\\\/secure.gravatar.com\\\/avatar\\\/42749d8b712ff9d59ca93dc150494e5b55a44134482993f5baeb97e61b7ecc89?s=96&d=mm&r=g\",\"caption\":\"Roberto\"},\"url\":\"https:\\\/\\\/regiaonews.net.br\\\/2022\\\/author\\\/roberto\\\/\"}]}<\/script>\n<!-- \/ Yoast SEO plugin. -->","yoast_head_json":{"title":"Policiais Civis de Barretos capacitam agentes na Acadepol","description":"O Investigador de Pol\u00edcia Alex Fornel Maringolo, atualmente lotado na Delegacia Seccional de Barretos e o Delegado de Pol\u00edcia","robots":{"index":"index","follow":"follow","max-snippet":"max-snippet:-1","max-image-preview":"max-image-preview:large","max-video-preview":"max-video-preview:-1"},"canonical":"https:\/\/regiaonews.net.br\/2022\/2023\/08\/18\/policiais-civis-de-barretos-capacitam-agentes-na-acadepol-para-combate-a-roubo-de-cargas\/","og_locale":"pt_BR","og_type":"article","og_title":"Policiais Civis de Barretos capacitam agentes na Acadepol","og_description":"O Investigador de Pol\u00edcia Alex Fornel Maringolo, atualmente lotado na Delegacia Seccional de Barretos e o Delegado de Pol\u00edcia","og_url":"https:\/\/regiaonews.net.br\/2022\/2023\/08\/18\/policiais-civis-de-barretos-capacitam-agentes-na-acadepol-para-combate-a-roubo-de-cargas\/","og_site_name":"Regi\u00e3o News","article_published_time":"2023-08-18T04:36:54+00:00","og_image":[{"width":1599,"height":1126,"url":"https:\/\/regiaonews.net.br\/2022\/wp-content\/uploads\/2023\/08\/WhatsApp-Image-2023-08-16-at-20.27.42.jpeg","type":"image\/jpeg"}],"author":"Roberto","twitter_card":"summary_large_image","twitter_misc":{"Escrito por":"Roberto","Est. tempo de leitura":"1 minuto"},"schema":{"@context":"https:\/\/schema.org","@graph":[{"@type":"Article","@id":"https:\/\/regiaonews.net.br\/2022\/2023\/08\/18\/policiais-civis-de-barretos-capacitam-agentes-na-acadepol-para-combate-a-roubo-de-cargas\/#article","isPartOf":{"@id":"https:\/\/regiaonews.net.br\/2022\/2023\/08\/18\/policiais-civis-de-barretos-capacitam-agentes-na-acadepol-para-combate-a-roubo-de-cargas\/"},"author":{"name":"Roberto","@id":"https:\/\/regiaonews.net.br\/2022\/#\/schema\/person\/2d205a608a5aa97ac279d7a5e6d89ad8"},"headline":"Policiais Civis de Barretos capacitam agentes na Acadepol para combate a roubo de cargas","datePublished":"2023-08-18T04:36:54+00:00","mainEntityOfPage":{"@id":"https:\/\/regiaonews.net.br\/2022\/2023\/08\/18\/policiais-civis-de-barretos-capacitam-agentes-na-acadepol-para-combate-a-roubo-de-cargas\/"},"wordCount":178,"commentCount":0,"publisher":{"@id":"https:\/\/regiaonews.net.br\/2022\/#organization"},"image":{"@id":"https:\/\/regiaonews.net.br\/2022\/2023\/08\/18\/policiais-civis-de-barretos-capacitam-agentes-na-acadepol-para-combate-a-roubo-de-cargas\/#primaryimage"},"thumbnailUrl":"https:\/\/regiaonews.net.br\/2022\/wp-content\/uploads\/2023\/08\/WhatsApp-Image-2023-08-16-at-20.27.42.jpeg","articleSection":["Policia","Ribeir\u00e3o Preto"],"inLanguage":"pt-BR","potentialAction":[{"@type":"CommentAction","name":"Comment","target":["https:\/\/regiaonews.net.br\/2022\/2023\/08\/18\/policiais-civis-de-barretos-capacitam-agentes-na-acadepol-para-combate-a-roubo-de-cargas\/#respond"]}]},{"@type":"WebPage","@id":"https:\/\/regiaonews.net.br\/2022\/2023\/08\/18\/policiais-civis-de-barretos-capacitam-agentes-na-acadepol-para-combate-a-roubo-de-cargas\/","url":"https:\/\/regiaonews.net.br\/2022\/2023\/08\/18\/policiais-civis-de-barretos-capacitam-agentes-na-acadepol-para-combate-a-roubo-de-cargas\/","name":"Policiais Civis de Barretos capacitam agentes na Acadepol","isPartOf":{"@id":"https:\/\/regiaonews.net.br\/2022\/#website"},"primaryImageOfPage":{"@id":"https:\/\/regiaonews.net.br\/2022\/2023\/08\/18\/policiais-civis-de-barretos-capacitam-agentes-na-acadepol-para-combate-a-roubo-de-cargas\/#primaryimage"},"image":{"@id":"https:\/\/regiaonews.net.br\/2022\/2023\/08\/18\/policiais-civis-de-barretos-capacitam-agentes-na-acadepol-para-combate-a-roubo-de-cargas\/#primaryimage"},"thumbnailUrl":"https:\/\/regiaonews.net.br\/2022\/wp-content\/uploads\/2023\/08\/WhatsApp-Image-2023-08-16-at-20.27.42.jpeg","datePublished":"2023-08-18T04:36:54+00:00","description":"O Investigador de Pol\u00edcia Alex Fornel Maringolo, atualmente lotado na Delegacia Seccional de Barretos e o Delegado de Pol\u00edcia","breadcrumb":{"@id":"https:\/\/regiaonews.net.br\/2022\/2023\/08\/18\/policiais-civis-de-barretos-capacitam-agentes-na-acadepol-para-combate-a-roubo-de-cargas\/#breadcrumb"},"inLanguage":"pt-BR","potentialAction":[{"@type":"ReadAction","target":["https:\/\/regiaonews.net.br\/2022\/2023\/08\/18\/policiais-civis-de-barretos-capacitam-agentes-na-acadepol-para-combate-a-roubo-de-cargas\/"]}]},{"@type":"ImageObject","inLanguage":"pt-BR","@id":"https:\/\/regiaonews.net.br\/2022\/2023\/08\/18\/policiais-civis-de-barretos-capacitam-agentes-na-acadepol-para-combate-a-roubo-de-cargas\/#primaryimage","url":"https:\/\/regiaonews.net.br\/2022\/wp-content\/uploads\/2023\/08\/WhatsApp-Image-2023-08-16-at-20.27.42.jpeg","contentUrl":"https:\/\/regiaonews.net.br\/2022\/wp-content\/uploads\/2023\/08\/WhatsApp-Image-2023-08-16-at-20.27.42.jpeg","width":1599,"height":1126},{"@type":"BreadcrumbList","@id":"https:\/\/regiaonews.net.br\/2022\/2023\/08\/18\/policiais-civis-de-barretos-capacitam-agentes-na-acadepol-para-combate-a-roubo-de-cargas\/#breadcrumb","itemListElement":[{"@type":"ListItem","position":1,"name":"In\u00edcio","item":"https:\/\/regiaonews.net.br\/2022\/"},{"@type":"ListItem","position":2,"name":"Policiais Civis de Barretos capacitam agentes na Acadepol para combate a roubo de cargas"}]},{"@type":"WebSite","@id":"https:\/\/regiaonews.net.br\/2022\/#website","url":"https:\/\/regiaonews.net.br\/2022\/","name":"Regi\u00e3o News","description":"Site de Not\u00edcias de Barretos e regi\u00e3o","publisher":{"@id":"https:\/\/regiaonews.net.br\/2022\/#organization"},"potentialAction":[{"@type":"SearchAction","target":{"@type":"EntryPoint","urlTemplate":"https:\/\/regiaonews.net.br\/2022\/?s={search_term_string}"},"query-input":{"@type":"PropertyValueSpecification","valueRequired":true,"valueName":"search_term_string"}}],"inLanguage":"pt-BR"},{"@type":"Organization","@id":"https:\/\/regiaonews.net.br\/2022\/#organization","name":"Regi\u00e3o News","url":"https:\/\/regiaonews.net.br\/2022\/","logo":{"@type":"ImageObject","inLanguage":"pt-BR","@id":"https:\/\/regiaonews.net.br\/2022\/#\/schema\/logo\/image\/","url":"https:\/\/regiaonews.net.br\/2022\/wp-content\/uploads\/2026\/03\/regiao-13-anos-scaled.jpg","contentUrl":"https:\/\/regiaonews.net.br\/2022\/wp-content\/uploads\/2026\/03\/regiao-13-anos-scaled.jpg","width":2560,"height":635,"caption":"Regi\u00e3o News"},"image":{"@id":"https:\/\/regiaonews.net.br\/2022\/#\/schema\/logo\/image\/"}},{"@type":"Person","@id":"https:\/\/regiaonews.net.br\/2022\/#\/schema\/person\/2d205a608a5aa97ac279d7a5e6d89ad8","name":"Roberto","image":{"@type":"ImageObject","inLanguage":"pt-BR","@id":"https:\/\/secure.gravatar.com\/avatar\/42749d8b712ff9d59ca93dc150494e5b55a44134482993f5baeb97e61b7ecc89?s=96&d=mm&r=g","url":"https:\/\/secure.gravatar.com\/avatar\/42749d8b712ff9d59ca93dc150494e5b55a44134482993f5baeb97e61b7ecc89?s=96&d=mm&r=g","contentUrl":"https:\/\/secure.gravatar.com\/avatar\/42749d8b712ff9d59ca93dc150494e5b55a44134482993f5baeb97e61b7ecc89?s=96&d=mm&r=g","caption":"Roberto"},"url":"https:\/\/regiaonews.net.br\/2022\/author\/roberto\/"}]}},"publishpress_future_action":{"enabled":false,"date":"2026-05-03 07:10:57","action":"change-status","newStatus":"draft","terms":[],"taxonomy":"category","extraData":[]},"publishpress_future_workflow_manual_trigger":{"enabledWorkflows":[]},"_links":{"self":[{"href":"https:\/\/regiaonews.net.br\/2022\/wp-json\/wp\/v2\/posts\/93628","targetHints":{"allow":["GET"]}}],"collection":[{"href":"https:\/\/regiaonews.net.br\/2022\/wp-json\/wp\/v2\/posts"}],"about":[{"href":"https:\/\/regiaonews.net.br\/2022\/wp-json\/wp\/v2\/types\/post"}],"author":[{"embeddable":true,"href":"https:\/\/regiaonews.net.br\/2022\/wp-json\/wp\/v2\/users\/2"}],"replies":[{"embeddable":true,"href":"https:\/\/regiaonews.net.br\/2022\/wp-json\/wp\/v2\/comments?post=93628"}],"version-history":[{"count":1,"href":"https:\/\/regiaonews.net.br\/2022\/wp-json\/wp\/v2\/posts\/93628\/revisions"}],"predecessor-version":[{"id":93630,"href":"https:\/\/regiaonews.net.br\/2022\/wp-json\/wp\/v2\/posts\/93628\/revisions\/93630"}],"wp:featuredmedia":[{"embeddable":true,"href":"https:\/\/regiaonews.net.br\/2022\/wp-json\/wp\/v2\/media\/93629"}],"wp:attachment":[{"href":"https:\/\/regiaonews.net.br\/2022\/wp-json\/wp\/v2\/media?parent=93628"}],"wp:term":[{"taxonomy":"category","embeddable":true,"href":"https:\/\/regiaonews.net.br\/2022\/wp-json\/wp\/v2\/categories?post=93628"},{"taxonomy":"post_tag","embeddable":true,"href":"https:\/\/regiaonews.net.br\/2022\/wp-json\/wp\/v2\/tags?post=93628"}],"curies":[{"name":"wp","href":"https:\/\/api.w.org\/{rel}","templated":true}]}}