{"id":93417,"date":"2023-08-14T20:07:22","date_gmt":"2023-08-14T23:07:22","guid":{"rendered":"https:\/\/regiaonews.net.br\/2022\/?p=93417"},"modified":"2023-08-14T22:47:14","modified_gmt":"2023-08-15T01:47:14","slug":"filme-o-menino-e-o-mundo-sera-exibido-no-cine-barretos-nesta-quarta-feira-dia-16","status":"publish","type":"post","link":"https:\/\/regiaonews.net.br\/2022\/2023\/08\/14\/filme-o-menino-e-o-mundo-sera-exibido-no-cine-barretos-nesta-quarta-feira-dia-16\/","title":{"rendered":"Filme \u201cO Menino e o mundo\u201d ser\u00e1 exibido no Cine Barretos nesta quarta-feira, dia 16"},"content":{"rendered":"<p>&nbsp;<\/p>\n<p>Apresenta\u00e7\u00e3o integra mostra do Programa Ponto MIS, realizado em parceria com a Prefeitura de Barretos<\/p>\n<p>O Programa Pontos MIS de difus\u00e3o audiovisual, em parceria com a Prefeitura da Est\u00e2ncia Tur\u00edstica de Barretos, por meio da Secretaria Municipal de Cultura, exibe gratuitamente o filme \u201cO Menino e o mundo\u201d na manh\u00e3 de quarta-feira, dia 16, no Centro Cultural \u201cOs\u00f3rio Falleiros da Rocha\u201d \u2013 Cine Barretos. A apresenta\u00e7\u00e3o \u00e9 realizada \u00e0s 9h, com classifica\u00e7\u00e3o livre. O filme tem produ\u00e7\u00e3o brasileira e dura\u00e7\u00e3o de 1h20 minutos. O Cine Barretos fica na Rua 20, n. 864 \u2013 Centro.<\/p>\n<p>Sobre o filme:<br \/>\nSinopse: Sofrendo com a falta do pai, um menino deixa sua aldeia e descobre um mundo fant\u00e1stico dominado por m\u00e1quinas-bichos e estranhos seres. Para a sua surpresa, a crian\u00e7a encontra uma sociedade marcada pela pobreza, explora\u00e7\u00e3o de trabalhadores e falta de perspectivas.<br \/>\nPr\u00eamios: Lan\u00e7ado em 2014, levou mais de 100 mil espectadores aos cinemas franceses e conquistou o Pr\u00eamio Cristal de melhor longa-metragem no 38\u00ba Festival de cinema de Annecy, na Fran\u00e7a, considerado o maior pr\u00eamio da anima\u00e7\u00e3o mundial.<\/p>\n<p>&nbsp;<\/p>\n","protected":false},"excerpt":{"rendered":"<p>&nbsp; Apresenta\u00e7\u00e3o integra mostra do Programa Ponto MIS, realizado em<\/p>\n","protected":false},"author":2,"featured_media":93418,"comment_status":"open","ping_status":"open","sticky":false,"template":"","format":"standard","meta":{"footnotes":""},"categories":[14,25],"tags":[],"class_list":["post-93417","post","type-post","status-publish","format-standard","has-post-thumbnail","hentry","category-barretos","category-cidades"],"yoast_head":"<!-- This site is optimized with the Yoast SEO plugin v27.4 - https:\/\/yoast.com\/product\/yoast-seo-wordpress\/ -->\n<title>Filme \u201cO Menino e o mundo\u201d ser\u00e1 exibido no Cine Barretos nesta<\/title>\n<meta name=\"description\" content=\"Programa Pontos MIS de difus\u00e3o audiovisual, em parceria com a Prefeitura da Est\u00e2ncia Tur\u00edstica de Barretos, por meio da Secretaria\" \/>\n<meta name=\"robots\" content=\"index, follow, max-snippet:-1, max-image-preview:large, max-video-preview:-1\" \/>\n<link rel=\"canonical\" href=\"https:\/\/regiaonews.net.br\/2022\/2023\/08\/14\/filme-o-menino-e-o-mundo-sera-exibido-no-cine-barretos-nesta-quarta-feira-dia-16\/\" \/>\n<meta property=\"og:locale\" content=\"pt_BR\" \/>\n<meta property=\"og:type\" content=\"article\" \/>\n<meta property=\"og:title\" content=\"Filme \u201cO Menino e o mundo\u201d ser\u00e1 exibido no Cine Barretos nesta\" \/>\n<meta property=\"og:description\" content=\"Programa Pontos MIS de difus\u00e3o audiovisual, em parceria com a Prefeitura da Est\u00e2ncia Tur\u00edstica de Barretos, por meio da Secretaria\" \/>\n<meta property=\"og:url\" content=\"https:\/\/regiaonews.net.br\/2022\/2023\/08\/14\/filme-o-menino-e-o-mundo-sera-exibido-no-cine-barretos-nesta-quarta-feira-dia-16\/\" \/>\n<meta property=\"og:site_name\" content=\"Regi\u00e3o News\" \/>\n<meta property=\"article:published_time\" content=\"2023-08-14T23:07:22+00:00\" \/>\n<meta property=\"article:modified_time\" content=\"2023-08-15T01:47:14+00:00\" \/>\n<meta property=\"og:image\" content=\"https:\/\/regiaonews.net.br\/2022\/wp-content\/uploads\/2023\/08\/WhatsApp-Image-2023-08-14-at-19.10.02.jpeg\" \/>\n\t<meta property=\"og:image:width\" content=\"1080\" \/>\n\t<meta property=\"og:image:height\" content=\"1080\" \/>\n\t<meta property=\"og:image:type\" content=\"image\/jpeg\" \/>\n<meta name=\"author\" content=\"Roberto\" \/>\n<meta name=\"twitter:card\" content=\"summary_large_image\" \/>\n<meta name=\"twitter:label1\" content=\"Escrito por\" \/>\n\t<meta name=\"twitter:data1\" content=\"Roberto\" \/>\n\t<meta name=\"twitter:label2\" content=\"Est. tempo de leitura\" \/>\n\t<meta name=\"twitter:data2\" content=\"1 minuto\" \/>\n<script type=\"application\/ld+json\" class=\"yoast-schema-graph\">{\"@context\":\"https:\\\/\\\/schema.org\",\"@graph\":[{\"@type\":\"Article\",\"@id\":\"https:\\\/\\\/regiaonews.net.br\\\/2022\\\/2023\\\/08\\\/14\\\/filme-o-menino-e-o-mundo-sera-exibido-no-cine-barretos-nesta-quarta-feira-dia-16\\\/#article\",\"isPartOf\":{\"@id\":\"https:\\\/\\\/regiaonews.net.br\\\/2022\\\/2023\\\/08\\\/14\\\/filme-o-menino-e-o-mundo-sera-exibido-no-cine-barretos-nesta-quarta-feira-dia-16\\\/\"},\"author\":{\"name\":\"Roberto\",\"@id\":\"https:\\\/\\\/regiaonews.net.br\\\/2022\\\/#\\\/schema\\\/person\\\/2d205a608a5aa97ac279d7a5e6d89ad8\"},\"headline\":\"Filme \u201cO Menino e o mundo\u201d ser\u00e1 exibido no Cine Barretos nesta quarta-feira, dia 16\",\"datePublished\":\"2023-08-14T23:07:22+00:00\",\"dateModified\":\"2023-08-15T01:47:14+00:00\",\"mainEntityOfPage\":{\"@id\":\"https:\\\/\\\/regiaonews.net.br\\\/2022\\\/2023\\\/08\\\/14\\\/filme-o-menino-e-o-mundo-sera-exibido-no-cine-barretos-nesta-quarta-feira-dia-16\\\/\"},\"wordCount\":202,\"commentCount\":0,\"publisher\":{\"@id\":\"https:\\\/\\\/regiaonews.net.br\\\/2022\\\/#organization\"},\"image\":{\"@id\":\"https:\\\/\\\/regiaonews.net.br\\\/2022\\\/2023\\\/08\\\/14\\\/filme-o-menino-e-o-mundo-sera-exibido-no-cine-barretos-nesta-quarta-feira-dia-16\\\/#primaryimage\"},\"thumbnailUrl\":\"https:\\\/\\\/regiaonews.net.br\\\/2022\\\/wp-content\\\/uploads\\\/2023\\\/08\\\/WhatsApp-Image-2023-08-14-at-19.10.02.jpeg\",\"articleSection\":[\"Barretos\",\"Cidades\"],\"inLanguage\":\"pt-BR\",\"potentialAction\":[{\"@type\":\"CommentAction\",\"name\":\"Comment\",\"target\":[\"https:\\\/\\\/regiaonews.net.br\\\/2022\\\/2023\\\/08\\\/14\\\/filme-o-menino-e-o-mundo-sera-exibido-no-cine-barretos-nesta-quarta-feira-dia-16\\\/#respond\"]}]},{\"@type\":\"WebPage\",\"@id\":\"https:\\\/\\\/regiaonews.net.br\\\/2022\\\/2023\\\/08\\\/14\\\/filme-o-menino-e-o-mundo-sera-exibido-no-cine-barretos-nesta-quarta-feira-dia-16\\\/\",\"url\":\"https:\\\/\\\/regiaonews.net.br\\\/2022\\\/2023\\\/08\\\/14\\\/filme-o-menino-e-o-mundo-sera-exibido-no-cine-barretos-nesta-quarta-feira-dia-16\\\/\",\"name\":\"Filme \u201cO Menino e o mundo\u201d ser\u00e1 exibido no Cine Barretos nesta\",\"isPartOf\":{\"@id\":\"https:\\\/\\\/regiaonews.net.br\\\/2022\\\/#website\"},\"primaryImageOfPage\":{\"@id\":\"https:\\\/\\\/regiaonews.net.br\\\/2022\\\/2023\\\/08\\\/14\\\/filme-o-menino-e-o-mundo-sera-exibido-no-cine-barretos-nesta-quarta-feira-dia-16\\\/#primaryimage\"},\"image\":{\"@id\":\"https:\\\/\\\/regiaonews.net.br\\\/2022\\\/2023\\\/08\\\/14\\\/filme-o-menino-e-o-mundo-sera-exibido-no-cine-barretos-nesta-quarta-feira-dia-16\\\/#primaryimage\"},\"thumbnailUrl\":\"https:\\\/\\\/regiaonews.net.br\\\/2022\\\/wp-content\\\/uploads\\\/2023\\\/08\\\/WhatsApp-Image-2023-08-14-at-19.10.02.jpeg\",\"datePublished\":\"2023-08-14T23:07:22+00:00\",\"dateModified\":\"2023-08-15T01:47:14+00:00\",\"description\":\"Programa Pontos MIS de difus\u00e3o audiovisual, em parceria com a Prefeitura da Est\u00e2ncia Tur\u00edstica de Barretos, por meio da Secretaria\",\"breadcrumb\":{\"@id\":\"https:\\\/\\\/regiaonews.net.br\\\/2022\\\/2023\\\/08\\\/14\\\/filme-o-menino-e-o-mundo-sera-exibido-no-cine-barretos-nesta-quarta-feira-dia-16\\\/#breadcrumb\"},\"inLanguage\":\"pt-BR\",\"potentialAction\":[{\"@type\":\"ReadAction\",\"target\":[\"https:\\\/\\\/regiaonews.net.br\\\/2022\\\/2023\\\/08\\\/14\\\/filme-o-menino-e-o-mundo-sera-exibido-no-cine-barretos-nesta-quarta-feira-dia-16\\\/\"]}]},{\"@type\":\"ImageObject\",\"inLanguage\":\"pt-BR\",\"@id\":\"https:\\\/\\\/regiaonews.net.br\\\/2022\\\/2023\\\/08\\\/14\\\/filme-o-menino-e-o-mundo-sera-exibido-no-cine-barretos-nesta-quarta-feira-dia-16\\\/#primaryimage\",\"url\":\"https:\\\/\\\/regiaonews.net.br\\\/2022\\\/wp-content\\\/uploads\\\/2023\\\/08\\\/WhatsApp-Image-2023-08-14-at-19.10.02.jpeg\",\"contentUrl\":\"https:\\\/\\\/regiaonews.net.br\\\/2022\\\/wp-content\\\/uploads\\\/2023\\\/08\\\/WhatsApp-Image-2023-08-14-at-19.10.02.jpeg\",\"width\":1080,\"height\":1080},{\"@type\":\"BreadcrumbList\",\"@id\":\"https:\\\/\\\/regiaonews.net.br\\\/2022\\\/2023\\\/08\\\/14\\\/filme-o-menino-e-o-mundo-sera-exibido-no-cine-barretos-nesta-quarta-feira-dia-16\\\/#breadcrumb\",\"itemListElement\":[{\"@type\":\"ListItem\",\"position\":1,\"name\":\"In\u00edcio\",\"item\":\"https:\\\/\\\/regiaonews.net.br\\\/2022\\\/\"},{\"@type\":\"ListItem\",\"position\":2,\"name\":\"Filme \u201cO Menino e o mundo\u201d ser\u00e1 exibido no Cine Barretos nesta quarta-feira, dia 16\"}]},{\"@type\":\"WebSite\",\"@id\":\"https:\\\/\\\/regiaonews.net.br\\\/2022\\\/#website\",\"url\":\"https:\\\/\\\/regiaonews.net.br\\\/2022\\\/\",\"name\":\"Regi\u00e3o News\",\"description\":\"Site de Not\u00edcias de Barretos e regi\u00e3o\",\"publisher\":{\"@id\":\"https:\\\/\\\/regiaonews.net.br\\\/2022\\\/#organization\"},\"potentialAction\":[{\"@type\":\"SearchAction\",\"target\":{\"@type\":\"EntryPoint\",\"urlTemplate\":\"https:\\\/\\\/regiaonews.net.br\\\/2022\\\/?s={search_term_string}\"},\"query-input\":{\"@type\":\"PropertyValueSpecification\",\"valueRequired\":true,\"valueName\":\"search_term_string\"}}],\"inLanguage\":\"pt-BR\"},{\"@type\":\"Organization\",\"@id\":\"https:\\\/\\\/regiaonews.net.br\\\/2022\\\/#organization\",\"name\":\"Regi\u00e3o News\",\"url\":\"https:\\\/\\\/regiaonews.net.br\\\/2022\\\/\",\"logo\":{\"@type\":\"ImageObject\",\"inLanguage\":\"pt-BR\",\"@id\":\"https:\\\/\\\/regiaonews.net.br\\\/2022\\\/#\\\/schema\\\/logo\\\/image\\\/\",\"url\":\"https:\\\/\\\/regiaonews.net.br\\\/2022\\\/wp-content\\\/uploads\\\/2026\\\/03\\\/regiao-13-anos-scaled.jpg\",\"contentUrl\":\"https:\\\/\\\/regiaonews.net.br\\\/2022\\\/wp-content\\\/uploads\\\/2026\\\/03\\\/regiao-13-anos-scaled.jpg\",\"width\":2560,\"height\":635,\"caption\":\"Regi\u00e3o News\"},\"image\":{\"@id\":\"https:\\\/\\\/regiaonews.net.br\\\/2022\\\/#\\\/schema\\\/logo\\\/image\\\/\"}},{\"@type\":\"Person\",\"@id\":\"https:\\\/\\\/regiaonews.net.br\\\/2022\\\/#\\\/schema\\\/person\\\/2d205a608a5aa97ac279d7a5e6d89ad8\",\"name\":\"Roberto\",\"image\":{\"@type\":\"ImageObject\",\"inLanguage\":\"pt-BR\",\"@id\":\"https:\\\/\\\/secure.gravatar.com\\\/avatar\\\/42749d8b712ff9d59ca93dc150494e5b55a44134482993f5baeb97e61b7ecc89?s=96&d=mm&r=g\",\"url\":\"https:\\\/\\\/secure.gravatar.com\\\/avatar\\\/42749d8b712ff9d59ca93dc150494e5b55a44134482993f5baeb97e61b7ecc89?s=96&d=mm&r=g\",\"contentUrl\":\"https:\\\/\\\/secure.gravatar.com\\\/avatar\\\/42749d8b712ff9d59ca93dc150494e5b55a44134482993f5baeb97e61b7ecc89?s=96&d=mm&r=g\",\"caption\":\"Roberto\"},\"url\":\"https:\\\/\\\/regiaonews.net.br\\\/2022\\\/author\\\/roberto\\\/\"}]}<\/script>\n<!-- \/ Yoast SEO plugin. -->","yoast_head_json":{"title":"Filme \u201cO Menino e o mundo\u201d ser\u00e1 exibido no Cine Barretos nesta","description":"Programa Pontos MIS de difus\u00e3o audiovisual, em parceria com a Prefeitura da Est\u00e2ncia Tur\u00edstica de Barretos, por meio da Secretaria","robots":{"index":"index","follow":"follow","max-snippet":"max-snippet:-1","max-image-preview":"max-image-preview:large","max-video-preview":"max-video-preview:-1"},"canonical":"https:\/\/regiaonews.net.br\/2022\/2023\/08\/14\/filme-o-menino-e-o-mundo-sera-exibido-no-cine-barretos-nesta-quarta-feira-dia-16\/","og_locale":"pt_BR","og_type":"article","og_title":"Filme \u201cO Menino e o mundo\u201d ser\u00e1 exibido no Cine Barretos nesta","og_description":"Programa Pontos MIS de difus\u00e3o audiovisual, em parceria com a Prefeitura da Est\u00e2ncia Tur\u00edstica de Barretos, por meio da Secretaria","og_url":"https:\/\/regiaonews.net.br\/2022\/2023\/08\/14\/filme-o-menino-e-o-mundo-sera-exibido-no-cine-barretos-nesta-quarta-feira-dia-16\/","og_site_name":"Regi\u00e3o News","article_published_time":"2023-08-14T23:07:22+00:00","article_modified_time":"2023-08-15T01:47:14+00:00","og_image":[{"width":1080,"height":1080,"url":"https:\/\/regiaonews.net.br\/2022\/wp-content\/uploads\/2023\/08\/WhatsApp-Image-2023-08-14-at-19.10.02.jpeg","type":"image\/jpeg"}],"author":"Roberto","twitter_card":"summary_large_image","twitter_misc":{"Escrito por":"Roberto","Est. tempo de leitura":"1 minuto"},"schema":{"@context":"https:\/\/schema.org","@graph":[{"@type":"Article","@id":"https:\/\/regiaonews.net.br\/2022\/2023\/08\/14\/filme-o-menino-e-o-mundo-sera-exibido-no-cine-barretos-nesta-quarta-feira-dia-16\/#article","isPartOf":{"@id":"https:\/\/regiaonews.net.br\/2022\/2023\/08\/14\/filme-o-menino-e-o-mundo-sera-exibido-no-cine-barretos-nesta-quarta-feira-dia-16\/"},"author":{"name":"Roberto","@id":"https:\/\/regiaonews.net.br\/2022\/#\/schema\/person\/2d205a608a5aa97ac279d7a5e6d89ad8"},"headline":"Filme \u201cO Menino e o mundo\u201d ser\u00e1 exibido no Cine Barretos nesta quarta-feira, dia 16","datePublished":"2023-08-14T23:07:22+00:00","dateModified":"2023-08-15T01:47:14+00:00","mainEntityOfPage":{"@id":"https:\/\/regiaonews.net.br\/2022\/2023\/08\/14\/filme-o-menino-e-o-mundo-sera-exibido-no-cine-barretos-nesta-quarta-feira-dia-16\/"},"wordCount":202,"commentCount":0,"publisher":{"@id":"https:\/\/regiaonews.net.br\/2022\/#organization"},"image":{"@id":"https:\/\/regiaonews.net.br\/2022\/2023\/08\/14\/filme-o-menino-e-o-mundo-sera-exibido-no-cine-barretos-nesta-quarta-feira-dia-16\/#primaryimage"},"thumbnailUrl":"https:\/\/regiaonews.net.br\/2022\/wp-content\/uploads\/2023\/08\/WhatsApp-Image-2023-08-14-at-19.10.02.jpeg","articleSection":["Barretos","Cidades"],"inLanguage":"pt-BR","potentialAction":[{"@type":"CommentAction","name":"Comment","target":["https:\/\/regiaonews.net.br\/2022\/2023\/08\/14\/filme-o-menino-e-o-mundo-sera-exibido-no-cine-barretos-nesta-quarta-feira-dia-16\/#respond"]}]},{"@type":"WebPage","@id":"https:\/\/regiaonews.net.br\/2022\/2023\/08\/14\/filme-o-menino-e-o-mundo-sera-exibido-no-cine-barretos-nesta-quarta-feira-dia-16\/","url":"https:\/\/regiaonews.net.br\/2022\/2023\/08\/14\/filme-o-menino-e-o-mundo-sera-exibido-no-cine-barretos-nesta-quarta-feira-dia-16\/","name":"Filme \u201cO Menino e o mundo\u201d ser\u00e1 exibido no Cine Barretos nesta","isPartOf":{"@id":"https:\/\/regiaonews.net.br\/2022\/#website"},"primaryImageOfPage":{"@id":"https:\/\/regiaonews.net.br\/2022\/2023\/08\/14\/filme-o-menino-e-o-mundo-sera-exibido-no-cine-barretos-nesta-quarta-feira-dia-16\/#primaryimage"},"image":{"@id":"https:\/\/regiaonews.net.br\/2022\/2023\/08\/14\/filme-o-menino-e-o-mundo-sera-exibido-no-cine-barretos-nesta-quarta-feira-dia-16\/#primaryimage"},"thumbnailUrl":"https:\/\/regiaonews.net.br\/2022\/wp-content\/uploads\/2023\/08\/WhatsApp-Image-2023-08-14-at-19.10.02.jpeg","datePublished":"2023-08-14T23:07:22+00:00","dateModified":"2023-08-15T01:47:14+00:00","description":"Programa Pontos MIS de difus\u00e3o audiovisual, em parceria com a Prefeitura da Est\u00e2ncia Tur\u00edstica de Barretos, por meio da Secretaria","breadcrumb":{"@id":"https:\/\/regiaonews.net.br\/2022\/2023\/08\/14\/filme-o-menino-e-o-mundo-sera-exibido-no-cine-barretos-nesta-quarta-feira-dia-16\/#breadcrumb"},"inLanguage":"pt-BR","potentialAction":[{"@type":"ReadAction","target":["https:\/\/regiaonews.net.br\/2022\/2023\/08\/14\/filme-o-menino-e-o-mundo-sera-exibido-no-cine-barretos-nesta-quarta-feira-dia-16\/"]}]},{"@type":"ImageObject","inLanguage":"pt-BR","@id":"https:\/\/regiaonews.net.br\/2022\/2023\/08\/14\/filme-o-menino-e-o-mundo-sera-exibido-no-cine-barretos-nesta-quarta-feira-dia-16\/#primaryimage","url":"https:\/\/regiaonews.net.br\/2022\/wp-content\/uploads\/2023\/08\/WhatsApp-Image-2023-08-14-at-19.10.02.jpeg","contentUrl":"https:\/\/regiaonews.net.br\/2022\/wp-content\/uploads\/2023\/08\/WhatsApp-Image-2023-08-14-at-19.10.02.jpeg","width":1080,"height":1080},{"@type":"BreadcrumbList","@id":"https:\/\/regiaonews.net.br\/2022\/2023\/08\/14\/filme-o-menino-e-o-mundo-sera-exibido-no-cine-barretos-nesta-quarta-feira-dia-16\/#breadcrumb","itemListElement":[{"@type":"ListItem","position":1,"name":"In\u00edcio","item":"https:\/\/regiaonews.net.br\/2022\/"},{"@type":"ListItem","position":2,"name":"Filme \u201cO Menino e o mundo\u201d ser\u00e1 exibido no Cine Barretos nesta quarta-feira, dia 16"}]},{"@type":"WebSite","@id":"https:\/\/regiaonews.net.br\/2022\/#website","url":"https:\/\/regiaonews.net.br\/2022\/","name":"Regi\u00e3o News","description":"Site de Not\u00edcias de Barretos e regi\u00e3o","publisher":{"@id":"https:\/\/regiaonews.net.br\/2022\/#organization"},"potentialAction":[{"@type":"SearchAction","target":{"@type":"EntryPoint","urlTemplate":"https:\/\/regiaonews.net.br\/2022\/?s={search_term_string}"},"query-input":{"@type":"PropertyValueSpecification","valueRequired":true,"valueName":"search_term_string"}}],"inLanguage":"pt-BR"},{"@type":"Organization","@id":"https:\/\/regiaonews.net.br\/2022\/#organization","name":"Regi\u00e3o News","url":"https:\/\/regiaonews.net.br\/2022\/","logo":{"@type":"ImageObject","inLanguage":"pt-BR","@id":"https:\/\/regiaonews.net.br\/2022\/#\/schema\/logo\/image\/","url":"https:\/\/regiaonews.net.br\/2022\/wp-content\/uploads\/2026\/03\/regiao-13-anos-scaled.jpg","contentUrl":"https:\/\/regiaonews.net.br\/2022\/wp-content\/uploads\/2026\/03\/regiao-13-anos-scaled.jpg","width":2560,"height":635,"caption":"Regi\u00e3o News"},"image":{"@id":"https:\/\/regiaonews.net.br\/2022\/#\/schema\/logo\/image\/"}},{"@type":"Person","@id":"https:\/\/regiaonews.net.br\/2022\/#\/schema\/person\/2d205a608a5aa97ac279d7a5e6d89ad8","name":"Roberto","image":{"@type":"ImageObject","inLanguage":"pt-BR","@id":"https:\/\/secure.gravatar.com\/avatar\/42749d8b712ff9d59ca93dc150494e5b55a44134482993f5baeb97e61b7ecc89?s=96&d=mm&r=g","url":"https:\/\/secure.gravatar.com\/avatar\/42749d8b712ff9d59ca93dc150494e5b55a44134482993f5baeb97e61b7ecc89?s=96&d=mm&r=g","contentUrl":"https:\/\/secure.gravatar.com\/avatar\/42749d8b712ff9d59ca93dc150494e5b55a44134482993f5baeb97e61b7ecc89?s=96&d=mm&r=g","caption":"Roberto"},"url":"https:\/\/regiaonews.net.br\/2022\/author\/roberto\/"}]}},"publishpress_future_action":{"enabled":false,"date":"2026-05-03 03:15:46","action":"change-status","newStatus":"draft","terms":[],"taxonomy":"category","extraData":[]},"publishpress_future_workflow_manual_trigger":{"enabledWorkflows":[]},"_links":{"self":[{"href":"https:\/\/regiaonews.net.br\/2022\/wp-json\/wp\/v2\/posts\/93417","targetHints":{"allow":["GET"]}}],"collection":[{"href":"https:\/\/regiaonews.net.br\/2022\/wp-json\/wp\/v2\/posts"}],"about":[{"href":"https:\/\/regiaonews.net.br\/2022\/wp-json\/wp\/v2\/types\/post"}],"author":[{"embeddable":true,"href":"https:\/\/regiaonews.net.br\/2022\/wp-json\/wp\/v2\/users\/2"}],"replies":[{"embeddable":true,"href":"https:\/\/regiaonews.net.br\/2022\/wp-json\/wp\/v2\/comments?post=93417"}],"version-history":[{"count":3,"href":"https:\/\/regiaonews.net.br\/2022\/wp-json\/wp\/v2\/posts\/93417\/revisions"}],"predecessor-version":[{"id":93421,"href":"https:\/\/regiaonews.net.br\/2022\/wp-json\/wp\/v2\/posts\/93417\/revisions\/93421"}],"wp:featuredmedia":[{"embeddable":true,"href":"https:\/\/regiaonews.net.br\/2022\/wp-json\/wp\/v2\/media\/93418"}],"wp:attachment":[{"href":"https:\/\/regiaonews.net.br\/2022\/wp-json\/wp\/v2\/media?parent=93417"}],"wp:term":[{"taxonomy":"category","embeddable":true,"href":"https:\/\/regiaonews.net.br\/2022\/wp-json\/wp\/v2\/categories?post=93417"},{"taxonomy":"post_tag","embeddable":true,"href":"https:\/\/regiaonews.net.br\/2022\/wp-json\/wp\/v2\/tags?post=93417"}],"curies":[{"name":"wp","href":"https:\/\/api.w.org\/{rel}","templated":true}]}}