{"id":93414,"date":"2023-08-14T20:03:14","date_gmt":"2023-08-14T23:03:14","guid":{"rendered":"https:\/\/regiaonews.net.br\/2022\/?p=93414"},"modified":"2023-08-14T22:50:34","modified_gmt":"2023-08-15T01:50:34","slug":"primeira-atividade-do-programa-viagem-literaria-ocorre-nesta-terca-15-na-biblioteca-municipal","status":"publish","type":"post","link":"https:\/\/regiaonews.net.br\/2022\/2023\/08\/14\/primeira-atividade-do-programa-viagem-literaria-ocorre-nesta-terca-15-na-biblioteca-municipal\/","title":{"rendered":"Primeira atividade do programa \u201cViagem Liter\u00e1ria\u201d ocorre nesta ter\u00e7a (15), na Biblioteca Municipal"},"content":{"rendered":"<p>Conta\u00e7\u00e3o de Hist\u00f3rias com a dupla Elton Pinheiro e Leandro Pedro abre s\u00e9rie de tr\u00eas eventos que ocorrem at\u00e9 o m\u00eas de novembro<\/p>\n<p>A primeira atividade da 15\u00aa edi\u00e7\u00e3o do programa Viagem Liter\u00e1ria do Sistema Estadual de Bibliotecas (SISEB) na Est\u00e2ncia Tur\u00edstica de Barretos ser\u00e1 realizada nesta ter\u00e7a-feira, 15 de agosto, \u00e0s 9h e \u00e0s 14h, com Conta\u00e7\u00e3o de Hist\u00f3rias na Biblioteca Municipal Afonso d\u00b4Escragnolle Taunay.<br \/>\nNo evento, que \u00e9 gratuito, a dupla Elton Pinheiro e Leandro Pedro, da produtora \u201cIh, Contei\u201d, trabalhar\u00e1 o tema \u201cP\u00e9 de lendas: \u00e1rvores do Brasil\u201d. Os dois desenvolvem projetos de conta\u00e7\u00e3o de hist\u00f3rias, publica\u00e7\u00e3o de livros, oficinas, festivais, interven\u00e7\u00f5es po\u00e9ticas e produ\u00e7\u00f5es de eventos especialmente voltados \u00e0 inf\u00e2ncia.<br \/>\nAt\u00e9 o m\u00eas de novembro, a Biblioteca Municipal Afonso d\u00b4Escragnolle Taunay tamb\u00e9m sediar\u00e1 outras duas atividades gratuitas: Oficina \u201cMonstruosidades e fraturas na inf\u00e2ncia\u201d e bate-papo com a escritora Monique Malcher, no dia 17 de outubro; e oficina on-line de Escrita Criativa com o autor Ademiro Alves de Sousa, o Sacolinha, no dia 7 de novembro.<br \/>\nOs interessados em participar do \u201cViagem Liter\u00e1ria\u201d dever\u00e3o entrar em contato com a Biblioteca Municipal pelo telefone (17) 3612-2777.<\/p>\n","protected":false},"excerpt":{"rendered":"<p>Conta\u00e7\u00e3o de Hist\u00f3rias com a dupla Elton Pinheiro e Leandro<\/p>\n","protected":false},"author":2,"featured_media":93415,"comment_status":"open","ping_status":"open","sticky":false,"template":"","format":"standard","meta":{"footnotes":""},"categories":[14,25],"tags":[],"class_list":["post-93414","post","type-post","status-publish","format-standard","has-post-thumbnail","hentry","category-barretos","category-cidades"],"yoast_head":"<!-- This site is optimized with the Yoast SEO plugin v27.4 - https:\/\/yoast.com\/product\/yoast-seo-wordpress\/ -->\n<title>Primeira atividade do programa \u201cViagem Liter\u00e1ria\u201d ocorre<\/title>\n<meta name=\"description\" content=\"primeira atividade da 15\u00aa edi\u00e7\u00e3o do programa Viagem Liter\u00e1ria do Sistema Estadual de Bibliotecas (SISEB) na Est\u00e2ncia Tur\u00edstica de Barretos\" \/>\n<meta name=\"robots\" content=\"index, follow, max-snippet:-1, max-image-preview:large, max-video-preview:-1\" \/>\n<link rel=\"canonical\" href=\"https:\/\/regiaonews.net.br\/2022\/2023\/08\/14\/primeira-atividade-do-programa-viagem-literaria-ocorre-nesta-terca-15-na-biblioteca-municipal\/\" \/>\n<meta property=\"og:locale\" content=\"pt_BR\" \/>\n<meta property=\"og:type\" content=\"article\" \/>\n<meta property=\"og:title\" content=\"Primeira atividade do programa \u201cViagem Liter\u00e1ria\u201d ocorre\" \/>\n<meta property=\"og:description\" content=\"primeira atividade da 15\u00aa edi\u00e7\u00e3o do programa Viagem Liter\u00e1ria do Sistema Estadual de Bibliotecas (SISEB) na Est\u00e2ncia Tur\u00edstica de Barretos\" \/>\n<meta property=\"og:url\" content=\"https:\/\/regiaonews.net.br\/2022\/2023\/08\/14\/primeira-atividade-do-programa-viagem-literaria-ocorre-nesta-terca-15-na-biblioteca-municipal\/\" \/>\n<meta property=\"og:site_name\" content=\"Regi\u00e3o News\" \/>\n<meta property=\"article:published_time\" content=\"2023-08-14T23:03:14+00:00\" \/>\n<meta property=\"article:modified_time\" content=\"2023-08-15T01:50:34+00:00\" \/>\n<meta property=\"og:image\" content=\"https:\/\/regiaonews.net.br\/2022\/wp-content\/uploads\/2023\/08\/WhatsApp-Image-2023-08-14-at-19.10.01-1.jpeg\" \/>\n\t<meta property=\"og:image:width\" content=\"1080\" \/>\n\t<meta property=\"og:image:height\" content=\"1080\" \/>\n\t<meta property=\"og:image:type\" content=\"image\/jpeg\" \/>\n<meta name=\"author\" content=\"Roberto\" \/>\n<meta name=\"twitter:card\" content=\"summary_large_image\" \/>\n<meta name=\"twitter:label1\" content=\"Escrito por\" \/>\n\t<meta name=\"twitter:data1\" content=\"Roberto\" \/>\n\t<meta name=\"twitter:label2\" content=\"Est. tempo de leitura\" \/>\n\t<meta name=\"twitter:data2\" content=\"2 minutos\" \/>\n<script type=\"application\/ld+json\" class=\"yoast-schema-graph\">{\"@context\":\"https:\\\/\\\/schema.org\",\"@graph\":[{\"@type\":\"Article\",\"@id\":\"https:\\\/\\\/regiaonews.net.br\\\/2022\\\/2023\\\/08\\\/14\\\/primeira-atividade-do-programa-viagem-literaria-ocorre-nesta-terca-15-na-biblioteca-municipal\\\/#article\",\"isPartOf\":{\"@id\":\"https:\\\/\\\/regiaonews.net.br\\\/2022\\\/2023\\\/08\\\/14\\\/primeira-atividade-do-programa-viagem-literaria-ocorre-nesta-terca-15-na-biblioteca-municipal\\\/\"},\"author\":{\"name\":\"Roberto\",\"@id\":\"https:\\\/\\\/regiaonews.net.br\\\/2022\\\/#\\\/schema\\\/person\\\/2d205a608a5aa97ac279d7a5e6d89ad8\"},\"headline\":\"Primeira atividade do programa \u201cViagem Liter\u00e1ria\u201d ocorre nesta ter\u00e7a (15), na Biblioteca Municipal\",\"datePublished\":\"2023-08-14T23:03:14+00:00\",\"dateModified\":\"2023-08-15T01:50:34+00:00\",\"mainEntityOfPage\":{\"@id\":\"https:\\\/\\\/regiaonews.net.br\\\/2022\\\/2023\\\/08\\\/14\\\/primeira-atividade-do-programa-viagem-literaria-ocorre-nesta-terca-15-na-biblioteca-municipal\\\/\"},\"wordCount\":221,\"commentCount\":0,\"publisher\":{\"@id\":\"https:\\\/\\\/regiaonews.net.br\\\/2022\\\/#organization\"},\"image\":{\"@id\":\"https:\\\/\\\/regiaonews.net.br\\\/2022\\\/2023\\\/08\\\/14\\\/primeira-atividade-do-programa-viagem-literaria-ocorre-nesta-terca-15-na-biblioteca-municipal\\\/#primaryimage\"},\"thumbnailUrl\":\"https:\\\/\\\/regiaonews.net.br\\\/2022\\\/wp-content\\\/uploads\\\/2023\\\/08\\\/WhatsApp-Image-2023-08-14-at-19.10.01-1.jpeg\",\"articleSection\":[\"Barretos\",\"Cidades\"],\"inLanguage\":\"pt-BR\",\"potentialAction\":[{\"@type\":\"CommentAction\",\"name\":\"Comment\",\"target\":[\"https:\\\/\\\/regiaonews.net.br\\\/2022\\\/2023\\\/08\\\/14\\\/primeira-atividade-do-programa-viagem-literaria-ocorre-nesta-terca-15-na-biblioteca-municipal\\\/#respond\"]}]},{\"@type\":\"WebPage\",\"@id\":\"https:\\\/\\\/regiaonews.net.br\\\/2022\\\/2023\\\/08\\\/14\\\/primeira-atividade-do-programa-viagem-literaria-ocorre-nesta-terca-15-na-biblioteca-municipal\\\/\",\"url\":\"https:\\\/\\\/regiaonews.net.br\\\/2022\\\/2023\\\/08\\\/14\\\/primeira-atividade-do-programa-viagem-literaria-ocorre-nesta-terca-15-na-biblioteca-municipal\\\/\",\"name\":\"Primeira atividade do programa \u201cViagem Liter\u00e1ria\u201d ocorre\",\"isPartOf\":{\"@id\":\"https:\\\/\\\/regiaonews.net.br\\\/2022\\\/#website\"},\"primaryImageOfPage\":{\"@id\":\"https:\\\/\\\/regiaonews.net.br\\\/2022\\\/2023\\\/08\\\/14\\\/primeira-atividade-do-programa-viagem-literaria-ocorre-nesta-terca-15-na-biblioteca-municipal\\\/#primaryimage\"},\"image\":{\"@id\":\"https:\\\/\\\/regiaonews.net.br\\\/2022\\\/2023\\\/08\\\/14\\\/primeira-atividade-do-programa-viagem-literaria-ocorre-nesta-terca-15-na-biblioteca-municipal\\\/#primaryimage\"},\"thumbnailUrl\":\"https:\\\/\\\/regiaonews.net.br\\\/2022\\\/wp-content\\\/uploads\\\/2023\\\/08\\\/WhatsApp-Image-2023-08-14-at-19.10.01-1.jpeg\",\"datePublished\":\"2023-08-14T23:03:14+00:00\",\"dateModified\":\"2023-08-15T01:50:34+00:00\",\"description\":\"primeira atividade da 15\u00aa edi\u00e7\u00e3o do programa Viagem Liter\u00e1ria do Sistema Estadual de Bibliotecas (SISEB) na Est\u00e2ncia Tur\u00edstica de Barretos\",\"breadcrumb\":{\"@id\":\"https:\\\/\\\/regiaonews.net.br\\\/2022\\\/2023\\\/08\\\/14\\\/primeira-atividade-do-programa-viagem-literaria-ocorre-nesta-terca-15-na-biblioteca-municipal\\\/#breadcrumb\"},\"inLanguage\":\"pt-BR\",\"potentialAction\":[{\"@type\":\"ReadAction\",\"target\":[\"https:\\\/\\\/regiaonews.net.br\\\/2022\\\/2023\\\/08\\\/14\\\/primeira-atividade-do-programa-viagem-literaria-ocorre-nesta-terca-15-na-biblioteca-municipal\\\/\"]}]},{\"@type\":\"ImageObject\",\"inLanguage\":\"pt-BR\",\"@id\":\"https:\\\/\\\/regiaonews.net.br\\\/2022\\\/2023\\\/08\\\/14\\\/primeira-atividade-do-programa-viagem-literaria-ocorre-nesta-terca-15-na-biblioteca-municipal\\\/#primaryimage\",\"url\":\"https:\\\/\\\/regiaonews.net.br\\\/2022\\\/wp-content\\\/uploads\\\/2023\\\/08\\\/WhatsApp-Image-2023-08-14-at-19.10.01-1.jpeg\",\"contentUrl\":\"https:\\\/\\\/regiaonews.net.br\\\/2022\\\/wp-content\\\/uploads\\\/2023\\\/08\\\/WhatsApp-Image-2023-08-14-at-19.10.01-1.jpeg\",\"width\":1080,\"height\":1080},{\"@type\":\"BreadcrumbList\",\"@id\":\"https:\\\/\\\/regiaonews.net.br\\\/2022\\\/2023\\\/08\\\/14\\\/primeira-atividade-do-programa-viagem-literaria-ocorre-nesta-terca-15-na-biblioteca-municipal\\\/#breadcrumb\",\"itemListElement\":[{\"@type\":\"ListItem\",\"position\":1,\"name\":\"In\u00edcio\",\"item\":\"https:\\\/\\\/regiaonews.net.br\\\/2022\\\/\"},{\"@type\":\"ListItem\",\"position\":2,\"name\":\"Primeira atividade do programa \u201cViagem Liter\u00e1ria\u201d ocorre nesta ter\u00e7a (15), na Biblioteca Municipal\"}]},{\"@type\":\"WebSite\",\"@id\":\"https:\\\/\\\/regiaonews.net.br\\\/2022\\\/#website\",\"url\":\"https:\\\/\\\/regiaonews.net.br\\\/2022\\\/\",\"name\":\"Regi\u00e3o News\",\"description\":\"Site de Not\u00edcias de Barretos e regi\u00e3o\",\"publisher\":{\"@id\":\"https:\\\/\\\/regiaonews.net.br\\\/2022\\\/#organization\"},\"potentialAction\":[{\"@type\":\"SearchAction\",\"target\":{\"@type\":\"EntryPoint\",\"urlTemplate\":\"https:\\\/\\\/regiaonews.net.br\\\/2022\\\/?s={search_term_string}\"},\"query-input\":{\"@type\":\"PropertyValueSpecification\",\"valueRequired\":true,\"valueName\":\"search_term_string\"}}],\"inLanguage\":\"pt-BR\"},{\"@type\":\"Organization\",\"@id\":\"https:\\\/\\\/regiaonews.net.br\\\/2022\\\/#organization\",\"name\":\"Regi\u00e3o News\",\"url\":\"https:\\\/\\\/regiaonews.net.br\\\/2022\\\/\",\"logo\":{\"@type\":\"ImageObject\",\"inLanguage\":\"pt-BR\",\"@id\":\"https:\\\/\\\/regiaonews.net.br\\\/2022\\\/#\\\/schema\\\/logo\\\/image\\\/\",\"url\":\"https:\\\/\\\/regiaonews.net.br\\\/2022\\\/wp-content\\\/uploads\\\/2026\\\/03\\\/regiao-13-anos-scaled.jpg\",\"contentUrl\":\"https:\\\/\\\/regiaonews.net.br\\\/2022\\\/wp-content\\\/uploads\\\/2026\\\/03\\\/regiao-13-anos-scaled.jpg\",\"width\":2560,\"height\":635,\"caption\":\"Regi\u00e3o News\"},\"image\":{\"@id\":\"https:\\\/\\\/regiaonews.net.br\\\/2022\\\/#\\\/schema\\\/logo\\\/image\\\/\"}},{\"@type\":\"Person\",\"@id\":\"https:\\\/\\\/regiaonews.net.br\\\/2022\\\/#\\\/schema\\\/person\\\/2d205a608a5aa97ac279d7a5e6d89ad8\",\"name\":\"Roberto\",\"image\":{\"@type\":\"ImageObject\",\"inLanguage\":\"pt-BR\",\"@id\":\"https:\\\/\\\/secure.gravatar.com\\\/avatar\\\/42749d8b712ff9d59ca93dc150494e5b55a44134482993f5baeb97e61b7ecc89?s=96&d=mm&r=g\",\"url\":\"https:\\\/\\\/secure.gravatar.com\\\/avatar\\\/42749d8b712ff9d59ca93dc150494e5b55a44134482993f5baeb97e61b7ecc89?s=96&d=mm&r=g\",\"contentUrl\":\"https:\\\/\\\/secure.gravatar.com\\\/avatar\\\/42749d8b712ff9d59ca93dc150494e5b55a44134482993f5baeb97e61b7ecc89?s=96&d=mm&r=g\",\"caption\":\"Roberto\"},\"url\":\"https:\\\/\\\/regiaonews.net.br\\\/2022\\\/author\\\/roberto\\\/\"}]}<\/script>\n<!-- \/ Yoast SEO plugin. -->","yoast_head_json":{"title":"Primeira atividade do programa \u201cViagem Liter\u00e1ria\u201d ocorre","description":"primeira atividade da 15\u00aa edi\u00e7\u00e3o do programa Viagem Liter\u00e1ria do Sistema Estadual de Bibliotecas (SISEB) na Est\u00e2ncia Tur\u00edstica de Barretos","robots":{"index":"index","follow":"follow","max-snippet":"max-snippet:-1","max-image-preview":"max-image-preview:large","max-video-preview":"max-video-preview:-1"},"canonical":"https:\/\/regiaonews.net.br\/2022\/2023\/08\/14\/primeira-atividade-do-programa-viagem-literaria-ocorre-nesta-terca-15-na-biblioteca-municipal\/","og_locale":"pt_BR","og_type":"article","og_title":"Primeira atividade do programa \u201cViagem Liter\u00e1ria\u201d ocorre","og_description":"primeira atividade da 15\u00aa edi\u00e7\u00e3o do programa Viagem Liter\u00e1ria do Sistema Estadual de Bibliotecas (SISEB) na Est\u00e2ncia Tur\u00edstica de Barretos","og_url":"https:\/\/regiaonews.net.br\/2022\/2023\/08\/14\/primeira-atividade-do-programa-viagem-literaria-ocorre-nesta-terca-15-na-biblioteca-municipal\/","og_site_name":"Regi\u00e3o News","article_published_time":"2023-08-14T23:03:14+00:00","article_modified_time":"2023-08-15T01:50:34+00:00","og_image":[{"width":1080,"height":1080,"url":"https:\/\/regiaonews.net.br\/2022\/wp-content\/uploads\/2023\/08\/WhatsApp-Image-2023-08-14-at-19.10.01-1.jpeg","type":"image\/jpeg"}],"author":"Roberto","twitter_card":"summary_large_image","twitter_misc":{"Escrito por":"Roberto","Est. tempo de leitura":"2 minutos"},"schema":{"@context":"https:\/\/schema.org","@graph":[{"@type":"Article","@id":"https:\/\/regiaonews.net.br\/2022\/2023\/08\/14\/primeira-atividade-do-programa-viagem-literaria-ocorre-nesta-terca-15-na-biblioteca-municipal\/#article","isPartOf":{"@id":"https:\/\/regiaonews.net.br\/2022\/2023\/08\/14\/primeira-atividade-do-programa-viagem-literaria-ocorre-nesta-terca-15-na-biblioteca-municipal\/"},"author":{"name":"Roberto","@id":"https:\/\/regiaonews.net.br\/2022\/#\/schema\/person\/2d205a608a5aa97ac279d7a5e6d89ad8"},"headline":"Primeira atividade do programa \u201cViagem Liter\u00e1ria\u201d ocorre nesta ter\u00e7a (15), na Biblioteca Municipal","datePublished":"2023-08-14T23:03:14+00:00","dateModified":"2023-08-15T01:50:34+00:00","mainEntityOfPage":{"@id":"https:\/\/regiaonews.net.br\/2022\/2023\/08\/14\/primeira-atividade-do-programa-viagem-literaria-ocorre-nesta-terca-15-na-biblioteca-municipal\/"},"wordCount":221,"commentCount":0,"publisher":{"@id":"https:\/\/regiaonews.net.br\/2022\/#organization"},"image":{"@id":"https:\/\/regiaonews.net.br\/2022\/2023\/08\/14\/primeira-atividade-do-programa-viagem-literaria-ocorre-nesta-terca-15-na-biblioteca-municipal\/#primaryimage"},"thumbnailUrl":"https:\/\/regiaonews.net.br\/2022\/wp-content\/uploads\/2023\/08\/WhatsApp-Image-2023-08-14-at-19.10.01-1.jpeg","articleSection":["Barretos","Cidades"],"inLanguage":"pt-BR","potentialAction":[{"@type":"CommentAction","name":"Comment","target":["https:\/\/regiaonews.net.br\/2022\/2023\/08\/14\/primeira-atividade-do-programa-viagem-literaria-ocorre-nesta-terca-15-na-biblioteca-municipal\/#respond"]}]},{"@type":"WebPage","@id":"https:\/\/regiaonews.net.br\/2022\/2023\/08\/14\/primeira-atividade-do-programa-viagem-literaria-ocorre-nesta-terca-15-na-biblioteca-municipal\/","url":"https:\/\/regiaonews.net.br\/2022\/2023\/08\/14\/primeira-atividade-do-programa-viagem-literaria-ocorre-nesta-terca-15-na-biblioteca-municipal\/","name":"Primeira atividade do programa \u201cViagem Liter\u00e1ria\u201d ocorre","isPartOf":{"@id":"https:\/\/regiaonews.net.br\/2022\/#website"},"primaryImageOfPage":{"@id":"https:\/\/regiaonews.net.br\/2022\/2023\/08\/14\/primeira-atividade-do-programa-viagem-literaria-ocorre-nesta-terca-15-na-biblioteca-municipal\/#primaryimage"},"image":{"@id":"https:\/\/regiaonews.net.br\/2022\/2023\/08\/14\/primeira-atividade-do-programa-viagem-literaria-ocorre-nesta-terca-15-na-biblioteca-municipal\/#primaryimage"},"thumbnailUrl":"https:\/\/regiaonews.net.br\/2022\/wp-content\/uploads\/2023\/08\/WhatsApp-Image-2023-08-14-at-19.10.01-1.jpeg","datePublished":"2023-08-14T23:03:14+00:00","dateModified":"2023-08-15T01:50:34+00:00","description":"primeira atividade da 15\u00aa edi\u00e7\u00e3o do programa Viagem Liter\u00e1ria do Sistema Estadual de Bibliotecas (SISEB) na Est\u00e2ncia Tur\u00edstica de Barretos","breadcrumb":{"@id":"https:\/\/regiaonews.net.br\/2022\/2023\/08\/14\/primeira-atividade-do-programa-viagem-literaria-ocorre-nesta-terca-15-na-biblioteca-municipal\/#breadcrumb"},"inLanguage":"pt-BR","potentialAction":[{"@type":"ReadAction","target":["https:\/\/regiaonews.net.br\/2022\/2023\/08\/14\/primeira-atividade-do-programa-viagem-literaria-ocorre-nesta-terca-15-na-biblioteca-municipal\/"]}]},{"@type":"ImageObject","inLanguage":"pt-BR","@id":"https:\/\/regiaonews.net.br\/2022\/2023\/08\/14\/primeira-atividade-do-programa-viagem-literaria-ocorre-nesta-terca-15-na-biblioteca-municipal\/#primaryimage","url":"https:\/\/regiaonews.net.br\/2022\/wp-content\/uploads\/2023\/08\/WhatsApp-Image-2023-08-14-at-19.10.01-1.jpeg","contentUrl":"https:\/\/regiaonews.net.br\/2022\/wp-content\/uploads\/2023\/08\/WhatsApp-Image-2023-08-14-at-19.10.01-1.jpeg","width":1080,"height":1080},{"@type":"BreadcrumbList","@id":"https:\/\/regiaonews.net.br\/2022\/2023\/08\/14\/primeira-atividade-do-programa-viagem-literaria-ocorre-nesta-terca-15-na-biblioteca-municipal\/#breadcrumb","itemListElement":[{"@type":"ListItem","position":1,"name":"In\u00edcio","item":"https:\/\/regiaonews.net.br\/2022\/"},{"@type":"ListItem","position":2,"name":"Primeira atividade do programa \u201cViagem Liter\u00e1ria\u201d ocorre nesta ter\u00e7a (15), na Biblioteca Municipal"}]},{"@type":"WebSite","@id":"https:\/\/regiaonews.net.br\/2022\/#website","url":"https:\/\/regiaonews.net.br\/2022\/","name":"Regi\u00e3o News","description":"Site de Not\u00edcias de Barretos e regi\u00e3o","publisher":{"@id":"https:\/\/regiaonews.net.br\/2022\/#organization"},"potentialAction":[{"@type":"SearchAction","target":{"@type":"EntryPoint","urlTemplate":"https:\/\/regiaonews.net.br\/2022\/?s={search_term_string}"},"query-input":{"@type":"PropertyValueSpecification","valueRequired":true,"valueName":"search_term_string"}}],"inLanguage":"pt-BR"},{"@type":"Organization","@id":"https:\/\/regiaonews.net.br\/2022\/#organization","name":"Regi\u00e3o News","url":"https:\/\/regiaonews.net.br\/2022\/","logo":{"@type":"ImageObject","inLanguage":"pt-BR","@id":"https:\/\/regiaonews.net.br\/2022\/#\/schema\/logo\/image\/","url":"https:\/\/regiaonews.net.br\/2022\/wp-content\/uploads\/2026\/03\/regiao-13-anos-scaled.jpg","contentUrl":"https:\/\/regiaonews.net.br\/2022\/wp-content\/uploads\/2026\/03\/regiao-13-anos-scaled.jpg","width":2560,"height":635,"caption":"Regi\u00e3o News"},"image":{"@id":"https:\/\/regiaonews.net.br\/2022\/#\/schema\/logo\/image\/"}},{"@type":"Person","@id":"https:\/\/regiaonews.net.br\/2022\/#\/schema\/person\/2d205a608a5aa97ac279d7a5e6d89ad8","name":"Roberto","image":{"@type":"ImageObject","inLanguage":"pt-BR","@id":"https:\/\/secure.gravatar.com\/avatar\/42749d8b712ff9d59ca93dc150494e5b55a44134482993f5baeb97e61b7ecc89?s=96&d=mm&r=g","url":"https:\/\/secure.gravatar.com\/avatar\/42749d8b712ff9d59ca93dc150494e5b55a44134482993f5baeb97e61b7ecc89?s=96&d=mm&r=g","contentUrl":"https:\/\/secure.gravatar.com\/avatar\/42749d8b712ff9d59ca93dc150494e5b55a44134482993f5baeb97e61b7ecc89?s=96&d=mm&r=g","caption":"Roberto"},"url":"https:\/\/regiaonews.net.br\/2022\/author\/roberto\/"}]}},"publishpress_future_action":{"enabled":false,"date":"2026-05-03 04:52:30","action":"change-status","newStatus":"draft","terms":[],"taxonomy":"category","extraData":[]},"publishpress_future_workflow_manual_trigger":{"enabledWorkflows":[]},"_links":{"self":[{"href":"https:\/\/regiaonews.net.br\/2022\/wp-json\/wp\/v2\/posts\/93414","targetHints":{"allow":["GET"]}}],"collection":[{"href":"https:\/\/regiaonews.net.br\/2022\/wp-json\/wp\/v2\/posts"}],"about":[{"href":"https:\/\/regiaonews.net.br\/2022\/wp-json\/wp\/v2\/types\/post"}],"author":[{"embeddable":true,"href":"https:\/\/regiaonews.net.br\/2022\/wp-json\/wp\/v2\/users\/2"}],"replies":[{"embeddable":true,"href":"https:\/\/regiaonews.net.br\/2022\/wp-json\/wp\/v2\/comments?post=93414"}],"version-history":[{"count":1,"href":"https:\/\/regiaonews.net.br\/2022\/wp-json\/wp\/v2\/posts\/93414\/revisions"}],"predecessor-version":[{"id":93416,"href":"https:\/\/regiaonews.net.br\/2022\/wp-json\/wp\/v2\/posts\/93414\/revisions\/93416"}],"wp:featuredmedia":[{"embeddable":true,"href":"https:\/\/regiaonews.net.br\/2022\/wp-json\/wp\/v2\/media\/93415"}],"wp:attachment":[{"href":"https:\/\/regiaonews.net.br\/2022\/wp-json\/wp\/v2\/media?parent=93414"}],"wp:term":[{"taxonomy":"category","embeddable":true,"href":"https:\/\/regiaonews.net.br\/2022\/wp-json\/wp\/v2\/categories?post=93414"},{"taxonomy":"post_tag","embeddable":true,"href":"https:\/\/regiaonews.net.br\/2022\/wp-json\/wp\/v2\/tags?post=93414"}],"curies":[{"name":"wp","href":"https:\/\/api.w.org\/{rel}","templated":true}]}}