{"id":93411,"date":"2023-08-14T20:00:44","date_gmt":"2023-08-14T23:00:44","guid":{"rendered":"https:\/\/regiaonews.net.br\/2022\/?p=93411"},"modified":"2023-08-14T22:54:08","modified_gmt":"2023-08-15T01:54:08","slug":"via-dos-coqueiros-recebera-o-tradicional-desfile-civico-em-comemoracao-ao-aniversario-de-barretos","status":"publish","type":"post","link":"https:\/\/regiaonews.net.br\/2022\/2023\/08\/14\/via-dos-coqueiros-recebera-o-tradicional-desfile-civico-em-comemoracao-ao-aniversario-de-barretos\/","title":{"rendered":"Via dos Coqueiros receber\u00e1 o tradicional desfile c\u00edvico em comemora\u00e7\u00e3o ao anivers\u00e1rio de Barretos"},"content":{"rendered":"<p>Com o t\u00edtulo \u201cNossa Hist\u00f3ria \u00e9 nossa maior for\u00e7a\u201d, evento ser\u00e1 realizado no pr\u00f3ximo dia 20 de agosto<\/p>\n<p>Com o t\u00edtulo \u201cNossa Hist\u00f3ria \u00e9 nossa maior for\u00e7a\u201d, onde tem\u00e1ticas da cultura local ser\u00e3o apresentadas, o desfile c\u00edvico, t\u00edpico e folcl\u00f3rico em comemora\u00e7\u00e3o pelos 169 anos da Est\u00e2ncia Tur\u00edstica de Barretos ser\u00e1 realizado no pr\u00f3ximo dia 20 de agosto (domingo), a partir das 9h. A edi\u00e7\u00e3o deste ano do tradicional evento ocorre em novo local, na Avenida Ant\u00f4nio Frederico Ozanam, a popular Via dos Coqueiros, devido \u00e0s obras de revitaliza\u00e7\u00e3o da Pra\u00e7a Francisco Barreto.<br \/>\nA prefeita Paula Lemos convida os barretenses e turistas que estiverem na cidade a prestigiarem o desfile. \u201cA gente quer toda a popula\u00e7\u00e3o barretense presente. Esse evento \u00e9 realizado com muito carinho para nosso povo e para os turistas que estar\u00e3o na cidade. O desfile \u00e9 sempre um sucesso, uma tradi\u00e7\u00e3o da nossa cidade que est\u00e1 comemorando 169 anos. Ser\u00e1 um desfile muito especial, em um novo local que \u00e9 a Via dos Coqueiros, pois a Pra\u00e7a Francisco Barreto est\u00e1 em reforma\u201d, disse.<br \/>\nDividido em quatro blocos tem\u00e1ticos, o desfile deve reunir cerca de 1800 pessoas, entre profissionais da Educa\u00e7\u00e3o, estudantes, artistas, m\u00fasicos, grupos tradicionais e folcl\u00f3ricos e for\u00e7as de seguran\u00e7a, al\u00e9m de integrantes de todas as Secretarias de Governo, iniciativa privada, associa\u00e7\u00f5es, ONGs, entidades, conselhos municipais e parceiros para celebrar a hist\u00f3ria e for\u00e7a de Barretos, destacando o desenvolvimento e miscigena\u00e7\u00e3o do nosso povo e a valoriza\u00e7\u00e3o do nosso patrim\u00f4nio cultural.<\/p>\n<p>O trajeto<br \/>\nA prefeitura, por meio da Secretaria Municipal de Ordem P\u00fablica, informa que o desfile ocorrer\u00e1 na Av. Ant\u00f4nio Frederico Ozanam (Via dos Coqueiros), com in\u00edcio do trajeto na altura da Rua 30, nas proximidades do Almoxarifado, seguindo at\u00e9 a Rua 22, onde ocorre a dispers\u00e3o.<br \/>\nFicar\u00e3o bloqueadas para o tr\u00e2nsito, a partir das 6h, al\u00e9m da Av. Ant\u00f4nio Frederico Ozanam, entre as ruas 36 e 20; as ruas 32, 30, Duque de Caxias e 28, da Avenida 51 \u00e0 Via dos Coqueiros; as avenidas 53, 55, 57 e 59, a partir da Rua 34; a Avenida S\u00e3o Lourenco, entre as ruas 28 e 22; e o corredor da Avenida Rio Dalva. As vias ser\u00e3o liberadas ap\u00f3s o encerramento do desfile.<\/p>\n<p>Transporte p\u00fablico<br \/>\nA Secretaria de Ordem P\u00fablica tamb\u00e9m destaca que, durante o desfile dia 20, o transporte p\u00fablico municipal ter\u00e1 esquema especial de funcionamento. Confira os hor\u00e1rios e rotas:<br \/>\n&#8211; Linhas das 6h: saem do Terminal, fazem a rota normal e voltam ao Terminal;<br \/>\n&#8211; Linhas das 7h30: saem do Terminal, fazem a rota normal e param na Rua 20 (Av. Ant\u00f4nio F. Ozanam x Av. S\u00e3o Louren\u00e7o);<br \/>\n&#8211; \u00e0s 11h: Saem da Rua 20 (Av. Ant\u00f4nio F. Ozanam x Av. S\u00e3o Louren\u00e7o), fazem a rota normal e voltam \u00e0 Rua 20 (Av.51 x Av.53);<br \/>\n&#8211; \u00e0s 12h30: Saem da Rua 20 (Av. Ant\u00f4nio F. Ozanam x Av. S\u00e3o Louren\u00e7o), fazem a rota normal e encerram no Terminal;<br \/>\n&#8211; demais hor\u00e1rios seguem suas rotas.<\/p>\n","protected":false},"excerpt":{"rendered":"<p>Com o t\u00edtulo \u201cNossa Hist\u00f3ria \u00e9 nossa maior for\u00e7a\u201d, evento<\/p>\n","protected":false},"author":2,"featured_media":93412,"comment_status":"open","ping_status":"open","sticky":false,"template":"","format":"standard","meta":{"footnotes":""},"categories":[14,45],"tags":[],"class_list":["post-93411","post","type-post","status-publish","format-standard","has-post-thumbnail","hentry","category-barretos","category-festa-do-peao"],"yoast_head":"<!-- This site is optimized with the Yoast SEO plugin v27.4 - https:\/\/yoast.com\/product\/yoast-seo-wordpress\/ -->\n<title>Via dos Coqueiros receber\u00e1 o tradicional desfile c\u00edvico em<\/title>\n<meta name=\"description\" content=\"Com o t\u00edtulo \u201cNossa Hist\u00f3ria \u00e9 nossa maior for\u00e7a\u201d, onde tem\u00e1ticas da cultura local ser\u00e3o apresentadas, o desfile c\u00edvico\" \/>\n<meta name=\"robots\" content=\"index, follow, max-snippet:-1, max-image-preview:large, max-video-preview:-1\" \/>\n<link rel=\"canonical\" href=\"https:\/\/regiaonews.net.br\/2022\/2023\/08\/14\/via-dos-coqueiros-recebera-o-tradicional-desfile-civico-em-comemoracao-ao-aniversario-de-barretos\/\" \/>\n<meta property=\"og:locale\" content=\"pt_BR\" \/>\n<meta property=\"og:type\" content=\"article\" \/>\n<meta property=\"og:title\" content=\"Via dos Coqueiros receber\u00e1 o tradicional desfile c\u00edvico em\" \/>\n<meta property=\"og:description\" content=\"Com o t\u00edtulo \u201cNossa Hist\u00f3ria \u00e9 nossa maior for\u00e7a\u201d, onde tem\u00e1ticas da cultura local ser\u00e3o apresentadas, o desfile c\u00edvico\" \/>\n<meta property=\"og:url\" content=\"https:\/\/regiaonews.net.br\/2022\/2023\/08\/14\/via-dos-coqueiros-recebera-o-tradicional-desfile-civico-em-comemoracao-ao-aniversario-de-barretos\/\" \/>\n<meta property=\"og:site_name\" content=\"Regi\u00e3o News\" \/>\n<meta property=\"article:published_time\" content=\"2023-08-14T23:00:44+00:00\" \/>\n<meta property=\"article:modified_time\" content=\"2023-08-15T01:54:08+00:00\" \/>\n<meta property=\"og:image\" content=\"https:\/\/regiaonews.net.br\/2022\/wp-content\/uploads\/2023\/08\/WhatsApp-Image-2023-08-14-at-19.10.01.jpeg\" \/>\n\t<meta property=\"og:image:width\" content=\"800\" \/>\n\t<meta property=\"og:image:height\" content=\"800\" \/>\n\t<meta property=\"og:image:type\" content=\"image\/jpeg\" \/>\n<meta name=\"author\" content=\"Roberto\" \/>\n<meta name=\"twitter:card\" content=\"summary_large_image\" \/>\n<meta name=\"twitter:label1\" content=\"Escrito por\" \/>\n\t<meta name=\"twitter:data1\" content=\"Roberto\" \/>\n\t<meta name=\"twitter:label2\" content=\"Est. tempo de leitura\" \/>\n\t<meta name=\"twitter:data2\" content=\"3 minutos\" \/>\n<script type=\"application\/ld+json\" class=\"yoast-schema-graph\">{\"@context\":\"https:\\\/\\\/schema.org\",\"@graph\":[{\"@type\":\"Article\",\"@id\":\"https:\\\/\\\/regiaonews.net.br\\\/2022\\\/2023\\\/08\\\/14\\\/via-dos-coqueiros-recebera-o-tradicional-desfile-civico-em-comemoracao-ao-aniversario-de-barretos\\\/#article\",\"isPartOf\":{\"@id\":\"https:\\\/\\\/regiaonews.net.br\\\/2022\\\/2023\\\/08\\\/14\\\/via-dos-coqueiros-recebera-o-tradicional-desfile-civico-em-comemoracao-ao-aniversario-de-barretos\\\/\"},\"author\":{\"name\":\"Roberto\",\"@id\":\"https:\\\/\\\/regiaonews.net.br\\\/2022\\\/#\\\/schema\\\/person\\\/2d205a608a5aa97ac279d7a5e6d89ad8\"},\"headline\":\"Via dos Coqueiros receber\u00e1 o tradicional desfile c\u00edvico em comemora\u00e7\u00e3o ao anivers\u00e1rio de Barretos\",\"datePublished\":\"2023-08-14T23:00:44+00:00\",\"dateModified\":\"2023-08-15T01:54:08+00:00\",\"mainEntityOfPage\":{\"@id\":\"https:\\\/\\\/regiaonews.net.br\\\/2022\\\/2023\\\/08\\\/14\\\/via-dos-coqueiros-recebera-o-tradicional-desfile-civico-em-comemoracao-ao-aniversario-de-barretos\\\/\"},\"wordCount\":539,\"commentCount\":0,\"publisher\":{\"@id\":\"https:\\\/\\\/regiaonews.net.br\\\/2022\\\/#organization\"},\"image\":{\"@id\":\"https:\\\/\\\/regiaonews.net.br\\\/2022\\\/2023\\\/08\\\/14\\\/via-dos-coqueiros-recebera-o-tradicional-desfile-civico-em-comemoracao-ao-aniversario-de-barretos\\\/#primaryimage\"},\"thumbnailUrl\":\"https:\\\/\\\/regiaonews.net.br\\\/2022\\\/wp-content\\\/uploads\\\/2023\\\/08\\\/WhatsApp-Image-2023-08-14-at-19.10.01.jpeg\",\"articleSection\":[\"Barretos\",\"Festa do Pe\u00e3o\"],\"inLanguage\":\"pt-BR\",\"potentialAction\":[{\"@type\":\"CommentAction\",\"name\":\"Comment\",\"target\":[\"https:\\\/\\\/regiaonews.net.br\\\/2022\\\/2023\\\/08\\\/14\\\/via-dos-coqueiros-recebera-o-tradicional-desfile-civico-em-comemoracao-ao-aniversario-de-barretos\\\/#respond\"]}]},{\"@type\":\"WebPage\",\"@id\":\"https:\\\/\\\/regiaonews.net.br\\\/2022\\\/2023\\\/08\\\/14\\\/via-dos-coqueiros-recebera-o-tradicional-desfile-civico-em-comemoracao-ao-aniversario-de-barretos\\\/\",\"url\":\"https:\\\/\\\/regiaonews.net.br\\\/2022\\\/2023\\\/08\\\/14\\\/via-dos-coqueiros-recebera-o-tradicional-desfile-civico-em-comemoracao-ao-aniversario-de-barretos\\\/\",\"name\":\"Via dos Coqueiros receber\u00e1 o tradicional desfile c\u00edvico em\",\"isPartOf\":{\"@id\":\"https:\\\/\\\/regiaonews.net.br\\\/2022\\\/#website\"},\"primaryImageOfPage\":{\"@id\":\"https:\\\/\\\/regiaonews.net.br\\\/2022\\\/2023\\\/08\\\/14\\\/via-dos-coqueiros-recebera-o-tradicional-desfile-civico-em-comemoracao-ao-aniversario-de-barretos\\\/#primaryimage\"},\"image\":{\"@id\":\"https:\\\/\\\/regiaonews.net.br\\\/2022\\\/2023\\\/08\\\/14\\\/via-dos-coqueiros-recebera-o-tradicional-desfile-civico-em-comemoracao-ao-aniversario-de-barretos\\\/#primaryimage\"},\"thumbnailUrl\":\"https:\\\/\\\/regiaonews.net.br\\\/2022\\\/wp-content\\\/uploads\\\/2023\\\/08\\\/WhatsApp-Image-2023-08-14-at-19.10.01.jpeg\",\"datePublished\":\"2023-08-14T23:00:44+00:00\",\"dateModified\":\"2023-08-15T01:54:08+00:00\",\"description\":\"Com o t\u00edtulo \u201cNossa Hist\u00f3ria \u00e9 nossa maior for\u00e7a\u201d, onde tem\u00e1ticas da cultura local ser\u00e3o apresentadas, o desfile c\u00edvico\",\"breadcrumb\":{\"@id\":\"https:\\\/\\\/regiaonews.net.br\\\/2022\\\/2023\\\/08\\\/14\\\/via-dos-coqueiros-recebera-o-tradicional-desfile-civico-em-comemoracao-ao-aniversario-de-barretos\\\/#breadcrumb\"},\"inLanguage\":\"pt-BR\",\"potentialAction\":[{\"@type\":\"ReadAction\",\"target\":[\"https:\\\/\\\/regiaonews.net.br\\\/2022\\\/2023\\\/08\\\/14\\\/via-dos-coqueiros-recebera-o-tradicional-desfile-civico-em-comemoracao-ao-aniversario-de-barretos\\\/\"]}]},{\"@type\":\"ImageObject\",\"inLanguage\":\"pt-BR\",\"@id\":\"https:\\\/\\\/regiaonews.net.br\\\/2022\\\/2023\\\/08\\\/14\\\/via-dos-coqueiros-recebera-o-tradicional-desfile-civico-em-comemoracao-ao-aniversario-de-barretos\\\/#primaryimage\",\"url\":\"https:\\\/\\\/regiaonews.net.br\\\/2022\\\/wp-content\\\/uploads\\\/2023\\\/08\\\/WhatsApp-Image-2023-08-14-at-19.10.01.jpeg\",\"contentUrl\":\"https:\\\/\\\/regiaonews.net.br\\\/2022\\\/wp-content\\\/uploads\\\/2023\\\/08\\\/WhatsApp-Image-2023-08-14-at-19.10.01.jpeg\",\"width\":800,\"height\":800},{\"@type\":\"BreadcrumbList\",\"@id\":\"https:\\\/\\\/regiaonews.net.br\\\/2022\\\/2023\\\/08\\\/14\\\/via-dos-coqueiros-recebera-o-tradicional-desfile-civico-em-comemoracao-ao-aniversario-de-barretos\\\/#breadcrumb\",\"itemListElement\":[{\"@type\":\"ListItem\",\"position\":1,\"name\":\"In\u00edcio\",\"item\":\"https:\\\/\\\/regiaonews.net.br\\\/2022\\\/\"},{\"@type\":\"ListItem\",\"position\":2,\"name\":\"Via dos Coqueiros receber\u00e1 o tradicional desfile c\u00edvico em comemora\u00e7\u00e3o ao anivers\u00e1rio de Barretos\"}]},{\"@type\":\"WebSite\",\"@id\":\"https:\\\/\\\/regiaonews.net.br\\\/2022\\\/#website\",\"url\":\"https:\\\/\\\/regiaonews.net.br\\\/2022\\\/\",\"name\":\"Regi\u00e3o News\",\"description\":\"Site de Not\u00edcias de Barretos e regi\u00e3o\",\"publisher\":{\"@id\":\"https:\\\/\\\/regiaonews.net.br\\\/2022\\\/#organization\"},\"potentialAction\":[{\"@type\":\"SearchAction\",\"target\":{\"@type\":\"EntryPoint\",\"urlTemplate\":\"https:\\\/\\\/regiaonews.net.br\\\/2022\\\/?s={search_term_string}\"},\"query-input\":{\"@type\":\"PropertyValueSpecification\",\"valueRequired\":true,\"valueName\":\"search_term_string\"}}],\"inLanguage\":\"pt-BR\"},{\"@type\":\"Organization\",\"@id\":\"https:\\\/\\\/regiaonews.net.br\\\/2022\\\/#organization\",\"name\":\"Regi\u00e3o News\",\"url\":\"https:\\\/\\\/regiaonews.net.br\\\/2022\\\/\",\"logo\":{\"@type\":\"ImageObject\",\"inLanguage\":\"pt-BR\",\"@id\":\"https:\\\/\\\/regiaonews.net.br\\\/2022\\\/#\\\/schema\\\/logo\\\/image\\\/\",\"url\":\"https:\\\/\\\/regiaonews.net.br\\\/2022\\\/wp-content\\\/uploads\\\/2026\\\/03\\\/regiao-13-anos-scaled.jpg\",\"contentUrl\":\"https:\\\/\\\/regiaonews.net.br\\\/2022\\\/wp-content\\\/uploads\\\/2026\\\/03\\\/regiao-13-anos-scaled.jpg\",\"width\":2560,\"height\":635,\"caption\":\"Regi\u00e3o News\"},\"image\":{\"@id\":\"https:\\\/\\\/regiaonews.net.br\\\/2022\\\/#\\\/schema\\\/logo\\\/image\\\/\"}},{\"@type\":\"Person\",\"@id\":\"https:\\\/\\\/regiaonews.net.br\\\/2022\\\/#\\\/schema\\\/person\\\/2d205a608a5aa97ac279d7a5e6d89ad8\",\"name\":\"Roberto\",\"image\":{\"@type\":\"ImageObject\",\"inLanguage\":\"pt-BR\",\"@id\":\"https:\\\/\\\/secure.gravatar.com\\\/avatar\\\/42749d8b712ff9d59ca93dc150494e5b55a44134482993f5baeb97e61b7ecc89?s=96&d=mm&r=g\",\"url\":\"https:\\\/\\\/secure.gravatar.com\\\/avatar\\\/42749d8b712ff9d59ca93dc150494e5b55a44134482993f5baeb97e61b7ecc89?s=96&d=mm&r=g\",\"contentUrl\":\"https:\\\/\\\/secure.gravatar.com\\\/avatar\\\/42749d8b712ff9d59ca93dc150494e5b55a44134482993f5baeb97e61b7ecc89?s=96&d=mm&r=g\",\"caption\":\"Roberto\"},\"url\":\"https:\\\/\\\/regiaonews.net.br\\\/2022\\\/author\\\/roberto\\\/\"}]}<\/script>\n<!-- \/ Yoast SEO plugin. -->","yoast_head_json":{"title":"Via dos Coqueiros receber\u00e1 o tradicional desfile c\u00edvico em","description":"Com o t\u00edtulo \u201cNossa Hist\u00f3ria \u00e9 nossa maior for\u00e7a\u201d, onde tem\u00e1ticas da cultura local ser\u00e3o apresentadas, o desfile c\u00edvico","robots":{"index":"index","follow":"follow","max-snippet":"max-snippet:-1","max-image-preview":"max-image-preview:large","max-video-preview":"max-video-preview:-1"},"canonical":"https:\/\/regiaonews.net.br\/2022\/2023\/08\/14\/via-dos-coqueiros-recebera-o-tradicional-desfile-civico-em-comemoracao-ao-aniversario-de-barretos\/","og_locale":"pt_BR","og_type":"article","og_title":"Via dos Coqueiros receber\u00e1 o tradicional desfile c\u00edvico em","og_description":"Com o t\u00edtulo \u201cNossa Hist\u00f3ria \u00e9 nossa maior for\u00e7a\u201d, onde tem\u00e1ticas da cultura local ser\u00e3o apresentadas, o desfile c\u00edvico","og_url":"https:\/\/regiaonews.net.br\/2022\/2023\/08\/14\/via-dos-coqueiros-recebera-o-tradicional-desfile-civico-em-comemoracao-ao-aniversario-de-barretos\/","og_site_name":"Regi\u00e3o News","article_published_time":"2023-08-14T23:00:44+00:00","article_modified_time":"2023-08-15T01:54:08+00:00","og_image":[{"width":800,"height":800,"url":"https:\/\/regiaonews.net.br\/2022\/wp-content\/uploads\/2023\/08\/WhatsApp-Image-2023-08-14-at-19.10.01.jpeg","type":"image\/jpeg"}],"author":"Roberto","twitter_card":"summary_large_image","twitter_misc":{"Escrito por":"Roberto","Est. tempo de leitura":"3 minutos"},"schema":{"@context":"https:\/\/schema.org","@graph":[{"@type":"Article","@id":"https:\/\/regiaonews.net.br\/2022\/2023\/08\/14\/via-dos-coqueiros-recebera-o-tradicional-desfile-civico-em-comemoracao-ao-aniversario-de-barretos\/#article","isPartOf":{"@id":"https:\/\/regiaonews.net.br\/2022\/2023\/08\/14\/via-dos-coqueiros-recebera-o-tradicional-desfile-civico-em-comemoracao-ao-aniversario-de-barretos\/"},"author":{"name":"Roberto","@id":"https:\/\/regiaonews.net.br\/2022\/#\/schema\/person\/2d205a608a5aa97ac279d7a5e6d89ad8"},"headline":"Via dos Coqueiros receber\u00e1 o tradicional desfile c\u00edvico em comemora\u00e7\u00e3o ao anivers\u00e1rio de Barretos","datePublished":"2023-08-14T23:00:44+00:00","dateModified":"2023-08-15T01:54:08+00:00","mainEntityOfPage":{"@id":"https:\/\/regiaonews.net.br\/2022\/2023\/08\/14\/via-dos-coqueiros-recebera-o-tradicional-desfile-civico-em-comemoracao-ao-aniversario-de-barretos\/"},"wordCount":539,"commentCount":0,"publisher":{"@id":"https:\/\/regiaonews.net.br\/2022\/#organization"},"image":{"@id":"https:\/\/regiaonews.net.br\/2022\/2023\/08\/14\/via-dos-coqueiros-recebera-o-tradicional-desfile-civico-em-comemoracao-ao-aniversario-de-barretos\/#primaryimage"},"thumbnailUrl":"https:\/\/regiaonews.net.br\/2022\/wp-content\/uploads\/2023\/08\/WhatsApp-Image-2023-08-14-at-19.10.01.jpeg","articleSection":["Barretos","Festa do Pe\u00e3o"],"inLanguage":"pt-BR","potentialAction":[{"@type":"CommentAction","name":"Comment","target":["https:\/\/regiaonews.net.br\/2022\/2023\/08\/14\/via-dos-coqueiros-recebera-o-tradicional-desfile-civico-em-comemoracao-ao-aniversario-de-barretos\/#respond"]}]},{"@type":"WebPage","@id":"https:\/\/regiaonews.net.br\/2022\/2023\/08\/14\/via-dos-coqueiros-recebera-o-tradicional-desfile-civico-em-comemoracao-ao-aniversario-de-barretos\/","url":"https:\/\/regiaonews.net.br\/2022\/2023\/08\/14\/via-dos-coqueiros-recebera-o-tradicional-desfile-civico-em-comemoracao-ao-aniversario-de-barretos\/","name":"Via dos Coqueiros receber\u00e1 o tradicional desfile c\u00edvico em","isPartOf":{"@id":"https:\/\/regiaonews.net.br\/2022\/#website"},"primaryImageOfPage":{"@id":"https:\/\/regiaonews.net.br\/2022\/2023\/08\/14\/via-dos-coqueiros-recebera-o-tradicional-desfile-civico-em-comemoracao-ao-aniversario-de-barretos\/#primaryimage"},"image":{"@id":"https:\/\/regiaonews.net.br\/2022\/2023\/08\/14\/via-dos-coqueiros-recebera-o-tradicional-desfile-civico-em-comemoracao-ao-aniversario-de-barretos\/#primaryimage"},"thumbnailUrl":"https:\/\/regiaonews.net.br\/2022\/wp-content\/uploads\/2023\/08\/WhatsApp-Image-2023-08-14-at-19.10.01.jpeg","datePublished":"2023-08-14T23:00:44+00:00","dateModified":"2023-08-15T01:54:08+00:00","description":"Com o t\u00edtulo \u201cNossa Hist\u00f3ria \u00e9 nossa maior for\u00e7a\u201d, onde tem\u00e1ticas da cultura local ser\u00e3o apresentadas, o desfile c\u00edvico","breadcrumb":{"@id":"https:\/\/regiaonews.net.br\/2022\/2023\/08\/14\/via-dos-coqueiros-recebera-o-tradicional-desfile-civico-em-comemoracao-ao-aniversario-de-barretos\/#breadcrumb"},"inLanguage":"pt-BR","potentialAction":[{"@type":"ReadAction","target":["https:\/\/regiaonews.net.br\/2022\/2023\/08\/14\/via-dos-coqueiros-recebera-o-tradicional-desfile-civico-em-comemoracao-ao-aniversario-de-barretos\/"]}]},{"@type":"ImageObject","inLanguage":"pt-BR","@id":"https:\/\/regiaonews.net.br\/2022\/2023\/08\/14\/via-dos-coqueiros-recebera-o-tradicional-desfile-civico-em-comemoracao-ao-aniversario-de-barretos\/#primaryimage","url":"https:\/\/regiaonews.net.br\/2022\/wp-content\/uploads\/2023\/08\/WhatsApp-Image-2023-08-14-at-19.10.01.jpeg","contentUrl":"https:\/\/regiaonews.net.br\/2022\/wp-content\/uploads\/2023\/08\/WhatsApp-Image-2023-08-14-at-19.10.01.jpeg","width":800,"height":800},{"@type":"BreadcrumbList","@id":"https:\/\/regiaonews.net.br\/2022\/2023\/08\/14\/via-dos-coqueiros-recebera-o-tradicional-desfile-civico-em-comemoracao-ao-aniversario-de-barretos\/#breadcrumb","itemListElement":[{"@type":"ListItem","position":1,"name":"In\u00edcio","item":"https:\/\/regiaonews.net.br\/2022\/"},{"@type":"ListItem","position":2,"name":"Via dos Coqueiros receber\u00e1 o tradicional desfile c\u00edvico em comemora\u00e7\u00e3o ao anivers\u00e1rio de Barretos"}]},{"@type":"WebSite","@id":"https:\/\/regiaonews.net.br\/2022\/#website","url":"https:\/\/regiaonews.net.br\/2022\/","name":"Regi\u00e3o News","description":"Site de Not\u00edcias de Barretos e regi\u00e3o","publisher":{"@id":"https:\/\/regiaonews.net.br\/2022\/#organization"},"potentialAction":[{"@type":"SearchAction","target":{"@type":"EntryPoint","urlTemplate":"https:\/\/regiaonews.net.br\/2022\/?s={search_term_string}"},"query-input":{"@type":"PropertyValueSpecification","valueRequired":true,"valueName":"search_term_string"}}],"inLanguage":"pt-BR"},{"@type":"Organization","@id":"https:\/\/regiaonews.net.br\/2022\/#organization","name":"Regi\u00e3o News","url":"https:\/\/regiaonews.net.br\/2022\/","logo":{"@type":"ImageObject","inLanguage":"pt-BR","@id":"https:\/\/regiaonews.net.br\/2022\/#\/schema\/logo\/image\/","url":"https:\/\/regiaonews.net.br\/2022\/wp-content\/uploads\/2026\/03\/regiao-13-anos-scaled.jpg","contentUrl":"https:\/\/regiaonews.net.br\/2022\/wp-content\/uploads\/2026\/03\/regiao-13-anos-scaled.jpg","width":2560,"height":635,"caption":"Regi\u00e3o News"},"image":{"@id":"https:\/\/regiaonews.net.br\/2022\/#\/schema\/logo\/image\/"}},{"@type":"Person","@id":"https:\/\/regiaonews.net.br\/2022\/#\/schema\/person\/2d205a608a5aa97ac279d7a5e6d89ad8","name":"Roberto","image":{"@type":"ImageObject","inLanguage":"pt-BR","@id":"https:\/\/secure.gravatar.com\/avatar\/42749d8b712ff9d59ca93dc150494e5b55a44134482993f5baeb97e61b7ecc89?s=96&d=mm&r=g","url":"https:\/\/secure.gravatar.com\/avatar\/42749d8b712ff9d59ca93dc150494e5b55a44134482993f5baeb97e61b7ecc89?s=96&d=mm&r=g","contentUrl":"https:\/\/secure.gravatar.com\/avatar\/42749d8b712ff9d59ca93dc150494e5b55a44134482993f5baeb97e61b7ecc89?s=96&d=mm&r=g","caption":"Roberto"},"url":"https:\/\/regiaonews.net.br\/2022\/author\/roberto\/"}]}},"publishpress_future_action":{"enabled":false,"date":"2026-05-03 06:34:02","action":"change-status","newStatus":"draft","terms":[],"taxonomy":"category","extraData":[]},"publishpress_future_workflow_manual_trigger":{"enabledWorkflows":[]},"_links":{"self":[{"href":"https:\/\/regiaonews.net.br\/2022\/wp-json\/wp\/v2\/posts\/93411","targetHints":{"allow":["GET"]}}],"collection":[{"href":"https:\/\/regiaonews.net.br\/2022\/wp-json\/wp\/v2\/posts"}],"about":[{"href":"https:\/\/regiaonews.net.br\/2022\/wp-json\/wp\/v2\/types\/post"}],"author":[{"embeddable":true,"href":"https:\/\/regiaonews.net.br\/2022\/wp-json\/wp\/v2\/users\/2"}],"replies":[{"embeddable":true,"href":"https:\/\/regiaonews.net.br\/2022\/wp-json\/wp\/v2\/comments?post=93411"}],"version-history":[{"count":1,"href":"https:\/\/regiaonews.net.br\/2022\/wp-json\/wp\/v2\/posts\/93411\/revisions"}],"predecessor-version":[{"id":93413,"href":"https:\/\/regiaonews.net.br\/2022\/wp-json\/wp\/v2\/posts\/93411\/revisions\/93413"}],"wp:featuredmedia":[{"embeddable":true,"href":"https:\/\/regiaonews.net.br\/2022\/wp-json\/wp\/v2\/media\/93412"}],"wp:attachment":[{"href":"https:\/\/regiaonews.net.br\/2022\/wp-json\/wp\/v2\/media?parent=93411"}],"wp:term":[{"taxonomy":"category","embeddable":true,"href":"https:\/\/regiaonews.net.br\/2022\/wp-json\/wp\/v2\/categories?post=93411"},{"taxonomy":"post_tag","embeddable":true,"href":"https:\/\/regiaonews.net.br\/2022\/wp-json\/wp\/v2\/tags?post=93411"}],"curies":[{"name":"wp","href":"https:\/\/api.w.org\/{rel}","templated":true}]}}