{"id":93406,"date":"2023-08-14T19:46:52","date_gmt":"2023-08-14T22:46:52","guid":{"rendered":"https:\/\/regiaonews.net.br\/2022\/?p=93406"},"modified":"2023-08-14T22:56:21","modified_gmt":"2023-08-15T01:56:21","slug":"rainha-da-festa-do-peao-de-barretos-recebeu-carteira-de-advogada-inscrita-na-oab-e-sonha-em-ser-juiza","status":"publish","type":"post","link":"https:\/\/regiaonews.net.br\/2022\/2023\/08\/14\/rainha-da-festa-do-peao-de-barretos-recebeu-carteira-de-advogada-inscrita-na-oab-e-sonha-em-ser-juiza\/","title":{"rendered":"Rainha da Festa do Pe\u00e3o de Barretos recebeu carteira de advogada inscrita na OAB e sonha em ser ju\u00edza"},"content":{"rendered":"<div>\n<p>&nbsp;<\/p>\n<\/div>\n<div>\n<p><em>Junto da fam\u00edlia, Natacha Cardoso recebeu a carteira da Ordem no dia da advocacia, 11 de agosto<\/em><\/p>\n<\/div>\n<div>\n<p>A advogada Natacha Aparecida Tapi Cardoso, 23 anos, atual Rainha &#8220;Os Independentes\u201d recebeu a carteira oficial de inscri\u00e7\u00e3o na Ordem dos Advogados do Brasil &#8211; OAB em cerim\u00f4nia na Casa da Advocacia e Cidadania de Barretos, no<\/p>\n<p>\u201cDia da Advocacia\u201d, 11 de agosto. Al\u00e9m de Natacha, a 7\u00aa Subse\u00e7\u00e3o realizou a entrega de mais dezenove carteiras da Ordem a novos profissionais do direito.<\/p>\n<p>&nbsp;<\/p>\n<p>Acompanhada da m\u00e3e Rosangela Jacinto Tati, do padrasto Uilian Rog\u00e9rio Bergamo e do namorado Igor Aguiar, Natacha contou brevemente sobre a sua trajet\u00f3ria profissional. \u201cSou filha \u00fanica, de fam\u00edlia humilde, sou a primeira pessoa da fam\u00edlia a fazer uma gradua\u00e7\u00e3o, me formei em direito no UNIFEB, bolsista PROUNI, em 2022, estagiei na pr\u00f3pria faculdade, e hoje trabalho na \u00e1rea, na empresa Minerva Foods, auxiliar no setor societ\u00e1rio, ou seja, trabalhamos diretamente com s\u00f3cios e acionista, eu amo que fa\u00e7o, e o meu sonho \u00e9 atuar na magistratura, quero ser ju\u00edza\u201d, afirmou Natacha.<\/p>\n<p>&nbsp;<\/p>\n<p>Natural da cidade de Terra Roxa\/SP, morando h\u00e1 cinco anos em Barretos,\u00a0Natasha relatou como foi ser eleita a Rainha &#8220;Os Independentes&#8221; em 2023, no tradicional concurso, que aconteceu no dia 4 de agosto, no North Shopping. \u201cAquele momento foi emocionante, inexplic\u00e1vel, passou muitos pensamentos\u00a0na cabe\u00e7a, s\u00f3 com o tempo fui entendendo. \u00c9\u00a0muito honroso estar nesta posi\u00e7\u00e3o dentro do rodeio, algo que deve ser muito valorizado, representar as mulheres que gostam do rodeio e da festa, \u00e9 uma grande responsabilidade, enfim \u00e9 maravilhoso, e \u00e9 \u00fanico tudo que estou vivendo\u201d, explicou a advogada.<\/p>\n<p>&nbsp;<\/p>\n<p>A advogada concorreu com mais 11 candidatas, e junto dela, ficando com o t\u00edtulo de Princesa da Festa, venceu a modelo Vit\u00f3ria Carvalho, de 21 anos.<\/p>\n<p><em>Na foto, Natacha recebe a carteira de advogada das m\u00e3os da presidente da OAB Barretos, Arany L\u00b4Apiccirella.<\/em><\/p>\n<p><strong><em>Fotos: M\u00e1rcio Oliveira<\/em><\/strong><\/p>\n<\/div>\n","protected":false},"excerpt":{"rendered":"<p>&nbsp; Junto da fam\u00edlia, Natacha Cardoso recebeu a carteira da<\/p>\n","protected":false},"author":2,"featured_media":93407,"comment_status":"open","ping_status":"open","sticky":false,"template":"","format":"standard","meta":{"footnotes":""},"categories":[14,25],"tags":[],"class_list":["post-93406","post","type-post","status-publish","format-standard","has-post-thumbnail","hentry","category-barretos","category-cidades"],"yoast_head":"<!-- This site is optimized with the Yoast SEO plugin v27.4 - https:\/\/yoast.com\/product\/yoast-seo-wordpress\/ -->\n<title>Rainha da Festa do Pe\u00e3o de Barretos recebeu carteira<\/title>\n<meta name=\"description\" content=\"A advogada Natacha Aparecida Tapi Cardoso, 23 anos, atual Rainha &quot;Os Independentes\u201d recebeu a carteira oficial de inscri\u00e7\u00e3o\" \/>\n<meta name=\"robots\" content=\"index, follow, max-snippet:-1, max-image-preview:large, max-video-preview:-1\" \/>\n<link rel=\"canonical\" href=\"https:\/\/regiaonews.net.br\/2022\/2023\/08\/14\/rainha-da-festa-do-peao-de-barretos-recebeu-carteira-de-advogada-inscrita-na-oab-e-sonha-em-ser-juiza\/\" \/>\n<meta property=\"og:locale\" content=\"pt_BR\" \/>\n<meta property=\"og:type\" content=\"article\" \/>\n<meta property=\"og:title\" content=\"Rainha da Festa do Pe\u00e3o de Barretos recebeu carteira\" \/>\n<meta property=\"og:description\" content=\"A advogada Natacha Aparecida Tapi Cardoso, 23 anos, atual Rainha &quot;Os Independentes\u201d recebeu a carteira oficial de inscri\u00e7\u00e3o\" \/>\n<meta property=\"og:url\" content=\"https:\/\/regiaonews.net.br\/2022\/2023\/08\/14\/rainha-da-festa-do-peao-de-barretos-recebeu-carteira-de-advogada-inscrita-na-oab-e-sonha-em-ser-juiza\/\" \/>\n<meta property=\"og:site_name\" content=\"Regi\u00e3o News\" \/>\n<meta property=\"article:published_time\" content=\"2023-08-14T22:46:52+00:00\" \/>\n<meta property=\"article:modified_time\" content=\"2023-08-15T01:56:21+00:00\" \/>\n<meta property=\"og:image\" content=\"https:\/\/regiaonews.net.br\/2022\/wp-content\/uploads\/2023\/08\/8ed333a7-54cc-4d89-a1b1-f8b34c7867da.jpeg\" \/>\n\t<meta property=\"og:image:width\" content=\"1068\" \/>\n\t<meta property=\"og:image:height\" content=\"1600\" \/>\n\t<meta property=\"og:image:type\" content=\"image\/jpeg\" \/>\n<meta name=\"author\" content=\"Roberto\" \/>\n<meta name=\"twitter:card\" content=\"summary_large_image\" \/>\n<meta name=\"twitter:label1\" content=\"Escrito por\" \/>\n\t<meta name=\"twitter:data1\" content=\"Roberto\" \/>\n\t<meta name=\"twitter:label2\" content=\"Est. tempo de leitura\" \/>\n\t<meta name=\"twitter:data2\" content=\"2 minutos\" \/>\n<script type=\"application\/ld+json\" class=\"yoast-schema-graph\">{\"@context\":\"https:\\\/\\\/schema.org\",\"@graph\":[{\"@type\":\"Article\",\"@id\":\"https:\\\/\\\/regiaonews.net.br\\\/2022\\\/2023\\\/08\\\/14\\\/rainha-da-festa-do-peao-de-barretos-recebeu-carteira-de-advogada-inscrita-na-oab-e-sonha-em-ser-juiza\\\/#article\",\"isPartOf\":{\"@id\":\"https:\\\/\\\/regiaonews.net.br\\\/2022\\\/2023\\\/08\\\/14\\\/rainha-da-festa-do-peao-de-barretos-recebeu-carteira-de-advogada-inscrita-na-oab-e-sonha-em-ser-juiza\\\/\"},\"author\":{\"name\":\"Roberto\",\"@id\":\"https:\\\/\\\/regiaonews.net.br\\\/2022\\\/#\\\/schema\\\/person\\\/2d205a608a5aa97ac279d7a5e6d89ad8\"},\"headline\":\"Rainha da Festa do Pe\u00e3o de Barretos recebeu carteira de advogada inscrita na OAB e sonha em ser ju\u00edza\",\"datePublished\":\"2023-08-14T22:46:52+00:00\",\"dateModified\":\"2023-08-15T01:56:21+00:00\",\"mainEntityOfPage\":{\"@id\":\"https:\\\/\\\/regiaonews.net.br\\\/2022\\\/2023\\\/08\\\/14\\\/rainha-da-festa-do-peao-de-barretos-recebeu-carteira-de-advogada-inscrita-na-oab-e-sonha-em-ser-juiza\\\/\"},\"wordCount\":349,\"commentCount\":0,\"publisher\":{\"@id\":\"https:\\\/\\\/regiaonews.net.br\\\/2022\\\/#organization\"},\"image\":{\"@id\":\"https:\\\/\\\/regiaonews.net.br\\\/2022\\\/2023\\\/08\\\/14\\\/rainha-da-festa-do-peao-de-barretos-recebeu-carteira-de-advogada-inscrita-na-oab-e-sonha-em-ser-juiza\\\/#primaryimage\"},\"thumbnailUrl\":\"https:\\\/\\\/regiaonews.net.br\\\/2022\\\/wp-content\\\/uploads\\\/2023\\\/08\\\/8ed333a7-54cc-4d89-a1b1-f8b34c7867da.jpeg\",\"articleSection\":[\"Barretos\",\"Cidades\"],\"inLanguage\":\"pt-BR\",\"potentialAction\":[{\"@type\":\"CommentAction\",\"name\":\"Comment\",\"target\":[\"https:\\\/\\\/regiaonews.net.br\\\/2022\\\/2023\\\/08\\\/14\\\/rainha-da-festa-do-peao-de-barretos-recebeu-carteira-de-advogada-inscrita-na-oab-e-sonha-em-ser-juiza\\\/#respond\"]}]},{\"@type\":\"WebPage\",\"@id\":\"https:\\\/\\\/regiaonews.net.br\\\/2022\\\/2023\\\/08\\\/14\\\/rainha-da-festa-do-peao-de-barretos-recebeu-carteira-de-advogada-inscrita-na-oab-e-sonha-em-ser-juiza\\\/\",\"url\":\"https:\\\/\\\/regiaonews.net.br\\\/2022\\\/2023\\\/08\\\/14\\\/rainha-da-festa-do-peao-de-barretos-recebeu-carteira-de-advogada-inscrita-na-oab-e-sonha-em-ser-juiza\\\/\",\"name\":\"Rainha da Festa do Pe\u00e3o de Barretos recebeu carteira\",\"isPartOf\":{\"@id\":\"https:\\\/\\\/regiaonews.net.br\\\/2022\\\/#website\"},\"primaryImageOfPage\":{\"@id\":\"https:\\\/\\\/regiaonews.net.br\\\/2022\\\/2023\\\/08\\\/14\\\/rainha-da-festa-do-peao-de-barretos-recebeu-carteira-de-advogada-inscrita-na-oab-e-sonha-em-ser-juiza\\\/#primaryimage\"},\"image\":{\"@id\":\"https:\\\/\\\/regiaonews.net.br\\\/2022\\\/2023\\\/08\\\/14\\\/rainha-da-festa-do-peao-de-barretos-recebeu-carteira-de-advogada-inscrita-na-oab-e-sonha-em-ser-juiza\\\/#primaryimage\"},\"thumbnailUrl\":\"https:\\\/\\\/regiaonews.net.br\\\/2022\\\/wp-content\\\/uploads\\\/2023\\\/08\\\/8ed333a7-54cc-4d89-a1b1-f8b34c7867da.jpeg\",\"datePublished\":\"2023-08-14T22:46:52+00:00\",\"dateModified\":\"2023-08-15T01:56:21+00:00\",\"description\":\"A advogada Natacha Aparecida Tapi Cardoso, 23 anos, atual Rainha \\\"Os Independentes\u201d recebeu a carteira oficial de inscri\u00e7\u00e3o\",\"breadcrumb\":{\"@id\":\"https:\\\/\\\/regiaonews.net.br\\\/2022\\\/2023\\\/08\\\/14\\\/rainha-da-festa-do-peao-de-barretos-recebeu-carteira-de-advogada-inscrita-na-oab-e-sonha-em-ser-juiza\\\/#breadcrumb\"},\"inLanguage\":\"pt-BR\",\"potentialAction\":[{\"@type\":\"ReadAction\",\"target\":[\"https:\\\/\\\/regiaonews.net.br\\\/2022\\\/2023\\\/08\\\/14\\\/rainha-da-festa-do-peao-de-barretos-recebeu-carteira-de-advogada-inscrita-na-oab-e-sonha-em-ser-juiza\\\/\"]}]},{\"@type\":\"ImageObject\",\"inLanguage\":\"pt-BR\",\"@id\":\"https:\\\/\\\/regiaonews.net.br\\\/2022\\\/2023\\\/08\\\/14\\\/rainha-da-festa-do-peao-de-barretos-recebeu-carteira-de-advogada-inscrita-na-oab-e-sonha-em-ser-juiza\\\/#primaryimage\",\"url\":\"https:\\\/\\\/regiaonews.net.br\\\/2022\\\/wp-content\\\/uploads\\\/2023\\\/08\\\/8ed333a7-54cc-4d89-a1b1-f8b34c7867da.jpeg\",\"contentUrl\":\"https:\\\/\\\/regiaonews.net.br\\\/2022\\\/wp-content\\\/uploads\\\/2023\\\/08\\\/8ed333a7-54cc-4d89-a1b1-f8b34c7867da.jpeg\",\"width\":1068,\"height\":1600},{\"@type\":\"BreadcrumbList\",\"@id\":\"https:\\\/\\\/regiaonews.net.br\\\/2022\\\/2023\\\/08\\\/14\\\/rainha-da-festa-do-peao-de-barretos-recebeu-carteira-de-advogada-inscrita-na-oab-e-sonha-em-ser-juiza\\\/#breadcrumb\",\"itemListElement\":[{\"@type\":\"ListItem\",\"position\":1,\"name\":\"In\u00edcio\",\"item\":\"https:\\\/\\\/regiaonews.net.br\\\/2022\\\/\"},{\"@type\":\"ListItem\",\"position\":2,\"name\":\"Rainha da Festa do Pe\u00e3o de Barretos recebeu carteira de advogada inscrita na OAB e sonha em ser ju\u00edza\"}]},{\"@type\":\"WebSite\",\"@id\":\"https:\\\/\\\/regiaonews.net.br\\\/2022\\\/#website\",\"url\":\"https:\\\/\\\/regiaonews.net.br\\\/2022\\\/\",\"name\":\"Regi\u00e3o News\",\"description\":\"Site de Not\u00edcias de Barretos e regi\u00e3o\",\"publisher\":{\"@id\":\"https:\\\/\\\/regiaonews.net.br\\\/2022\\\/#organization\"},\"potentialAction\":[{\"@type\":\"SearchAction\",\"target\":{\"@type\":\"EntryPoint\",\"urlTemplate\":\"https:\\\/\\\/regiaonews.net.br\\\/2022\\\/?s={search_term_string}\"},\"query-input\":{\"@type\":\"PropertyValueSpecification\",\"valueRequired\":true,\"valueName\":\"search_term_string\"}}],\"inLanguage\":\"pt-BR\"},{\"@type\":\"Organization\",\"@id\":\"https:\\\/\\\/regiaonews.net.br\\\/2022\\\/#organization\",\"name\":\"Regi\u00e3o News\",\"url\":\"https:\\\/\\\/regiaonews.net.br\\\/2022\\\/\",\"logo\":{\"@type\":\"ImageObject\",\"inLanguage\":\"pt-BR\",\"@id\":\"https:\\\/\\\/regiaonews.net.br\\\/2022\\\/#\\\/schema\\\/logo\\\/image\\\/\",\"url\":\"https:\\\/\\\/regiaonews.net.br\\\/2022\\\/wp-content\\\/uploads\\\/2026\\\/03\\\/regiao-13-anos-scaled.jpg\",\"contentUrl\":\"https:\\\/\\\/regiaonews.net.br\\\/2022\\\/wp-content\\\/uploads\\\/2026\\\/03\\\/regiao-13-anos-scaled.jpg\",\"width\":2560,\"height\":635,\"caption\":\"Regi\u00e3o News\"},\"image\":{\"@id\":\"https:\\\/\\\/regiaonews.net.br\\\/2022\\\/#\\\/schema\\\/logo\\\/image\\\/\"}},{\"@type\":\"Person\",\"@id\":\"https:\\\/\\\/regiaonews.net.br\\\/2022\\\/#\\\/schema\\\/person\\\/2d205a608a5aa97ac279d7a5e6d89ad8\",\"name\":\"Roberto\",\"image\":{\"@type\":\"ImageObject\",\"inLanguage\":\"pt-BR\",\"@id\":\"https:\\\/\\\/secure.gravatar.com\\\/avatar\\\/42749d8b712ff9d59ca93dc150494e5b55a44134482993f5baeb97e61b7ecc89?s=96&d=mm&r=g\",\"url\":\"https:\\\/\\\/secure.gravatar.com\\\/avatar\\\/42749d8b712ff9d59ca93dc150494e5b55a44134482993f5baeb97e61b7ecc89?s=96&d=mm&r=g\",\"contentUrl\":\"https:\\\/\\\/secure.gravatar.com\\\/avatar\\\/42749d8b712ff9d59ca93dc150494e5b55a44134482993f5baeb97e61b7ecc89?s=96&d=mm&r=g\",\"caption\":\"Roberto\"},\"url\":\"https:\\\/\\\/regiaonews.net.br\\\/2022\\\/author\\\/roberto\\\/\"}]}<\/script>\n<!-- \/ Yoast SEO plugin. -->","yoast_head_json":{"title":"Rainha da Festa do Pe\u00e3o de Barretos recebeu carteira","description":"A advogada Natacha Aparecida Tapi Cardoso, 23 anos, atual Rainha \"Os Independentes\u201d recebeu a carteira oficial de inscri\u00e7\u00e3o","robots":{"index":"index","follow":"follow","max-snippet":"max-snippet:-1","max-image-preview":"max-image-preview:large","max-video-preview":"max-video-preview:-1"},"canonical":"https:\/\/regiaonews.net.br\/2022\/2023\/08\/14\/rainha-da-festa-do-peao-de-barretos-recebeu-carteira-de-advogada-inscrita-na-oab-e-sonha-em-ser-juiza\/","og_locale":"pt_BR","og_type":"article","og_title":"Rainha da Festa do Pe\u00e3o de Barretos recebeu carteira","og_description":"A advogada Natacha Aparecida Tapi Cardoso, 23 anos, atual Rainha \"Os Independentes\u201d recebeu a carteira oficial de inscri\u00e7\u00e3o","og_url":"https:\/\/regiaonews.net.br\/2022\/2023\/08\/14\/rainha-da-festa-do-peao-de-barretos-recebeu-carteira-de-advogada-inscrita-na-oab-e-sonha-em-ser-juiza\/","og_site_name":"Regi\u00e3o News","article_published_time":"2023-08-14T22:46:52+00:00","article_modified_time":"2023-08-15T01:56:21+00:00","og_image":[{"width":1068,"height":1600,"url":"https:\/\/regiaonews.net.br\/2022\/wp-content\/uploads\/2023\/08\/8ed333a7-54cc-4d89-a1b1-f8b34c7867da.jpeg","type":"image\/jpeg"}],"author":"Roberto","twitter_card":"summary_large_image","twitter_misc":{"Escrito por":"Roberto","Est. tempo de leitura":"2 minutos"},"schema":{"@context":"https:\/\/schema.org","@graph":[{"@type":"Article","@id":"https:\/\/regiaonews.net.br\/2022\/2023\/08\/14\/rainha-da-festa-do-peao-de-barretos-recebeu-carteira-de-advogada-inscrita-na-oab-e-sonha-em-ser-juiza\/#article","isPartOf":{"@id":"https:\/\/regiaonews.net.br\/2022\/2023\/08\/14\/rainha-da-festa-do-peao-de-barretos-recebeu-carteira-de-advogada-inscrita-na-oab-e-sonha-em-ser-juiza\/"},"author":{"name":"Roberto","@id":"https:\/\/regiaonews.net.br\/2022\/#\/schema\/person\/2d205a608a5aa97ac279d7a5e6d89ad8"},"headline":"Rainha da Festa do Pe\u00e3o de Barretos recebeu carteira de advogada inscrita na OAB e sonha em ser ju\u00edza","datePublished":"2023-08-14T22:46:52+00:00","dateModified":"2023-08-15T01:56:21+00:00","mainEntityOfPage":{"@id":"https:\/\/regiaonews.net.br\/2022\/2023\/08\/14\/rainha-da-festa-do-peao-de-barretos-recebeu-carteira-de-advogada-inscrita-na-oab-e-sonha-em-ser-juiza\/"},"wordCount":349,"commentCount":0,"publisher":{"@id":"https:\/\/regiaonews.net.br\/2022\/#organization"},"image":{"@id":"https:\/\/regiaonews.net.br\/2022\/2023\/08\/14\/rainha-da-festa-do-peao-de-barretos-recebeu-carteira-de-advogada-inscrita-na-oab-e-sonha-em-ser-juiza\/#primaryimage"},"thumbnailUrl":"https:\/\/regiaonews.net.br\/2022\/wp-content\/uploads\/2023\/08\/8ed333a7-54cc-4d89-a1b1-f8b34c7867da.jpeg","articleSection":["Barretos","Cidades"],"inLanguage":"pt-BR","potentialAction":[{"@type":"CommentAction","name":"Comment","target":["https:\/\/regiaonews.net.br\/2022\/2023\/08\/14\/rainha-da-festa-do-peao-de-barretos-recebeu-carteira-de-advogada-inscrita-na-oab-e-sonha-em-ser-juiza\/#respond"]}]},{"@type":"WebPage","@id":"https:\/\/regiaonews.net.br\/2022\/2023\/08\/14\/rainha-da-festa-do-peao-de-barretos-recebeu-carteira-de-advogada-inscrita-na-oab-e-sonha-em-ser-juiza\/","url":"https:\/\/regiaonews.net.br\/2022\/2023\/08\/14\/rainha-da-festa-do-peao-de-barretos-recebeu-carteira-de-advogada-inscrita-na-oab-e-sonha-em-ser-juiza\/","name":"Rainha da Festa do Pe\u00e3o de Barretos recebeu carteira","isPartOf":{"@id":"https:\/\/regiaonews.net.br\/2022\/#website"},"primaryImageOfPage":{"@id":"https:\/\/regiaonews.net.br\/2022\/2023\/08\/14\/rainha-da-festa-do-peao-de-barretos-recebeu-carteira-de-advogada-inscrita-na-oab-e-sonha-em-ser-juiza\/#primaryimage"},"image":{"@id":"https:\/\/regiaonews.net.br\/2022\/2023\/08\/14\/rainha-da-festa-do-peao-de-barretos-recebeu-carteira-de-advogada-inscrita-na-oab-e-sonha-em-ser-juiza\/#primaryimage"},"thumbnailUrl":"https:\/\/regiaonews.net.br\/2022\/wp-content\/uploads\/2023\/08\/8ed333a7-54cc-4d89-a1b1-f8b34c7867da.jpeg","datePublished":"2023-08-14T22:46:52+00:00","dateModified":"2023-08-15T01:56:21+00:00","description":"A advogada Natacha Aparecida Tapi Cardoso, 23 anos, atual Rainha \"Os Independentes\u201d recebeu a carteira oficial de inscri\u00e7\u00e3o","breadcrumb":{"@id":"https:\/\/regiaonews.net.br\/2022\/2023\/08\/14\/rainha-da-festa-do-peao-de-barretos-recebeu-carteira-de-advogada-inscrita-na-oab-e-sonha-em-ser-juiza\/#breadcrumb"},"inLanguage":"pt-BR","potentialAction":[{"@type":"ReadAction","target":["https:\/\/regiaonews.net.br\/2022\/2023\/08\/14\/rainha-da-festa-do-peao-de-barretos-recebeu-carteira-de-advogada-inscrita-na-oab-e-sonha-em-ser-juiza\/"]}]},{"@type":"ImageObject","inLanguage":"pt-BR","@id":"https:\/\/regiaonews.net.br\/2022\/2023\/08\/14\/rainha-da-festa-do-peao-de-barretos-recebeu-carteira-de-advogada-inscrita-na-oab-e-sonha-em-ser-juiza\/#primaryimage","url":"https:\/\/regiaonews.net.br\/2022\/wp-content\/uploads\/2023\/08\/8ed333a7-54cc-4d89-a1b1-f8b34c7867da.jpeg","contentUrl":"https:\/\/regiaonews.net.br\/2022\/wp-content\/uploads\/2023\/08\/8ed333a7-54cc-4d89-a1b1-f8b34c7867da.jpeg","width":1068,"height":1600},{"@type":"BreadcrumbList","@id":"https:\/\/regiaonews.net.br\/2022\/2023\/08\/14\/rainha-da-festa-do-peao-de-barretos-recebeu-carteira-de-advogada-inscrita-na-oab-e-sonha-em-ser-juiza\/#breadcrumb","itemListElement":[{"@type":"ListItem","position":1,"name":"In\u00edcio","item":"https:\/\/regiaonews.net.br\/2022\/"},{"@type":"ListItem","position":2,"name":"Rainha da Festa do Pe\u00e3o de Barretos recebeu carteira de advogada inscrita na OAB e sonha em ser ju\u00edza"}]},{"@type":"WebSite","@id":"https:\/\/regiaonews.net.br\/2022\/#website","url":"https:\/\/regiaonews.net.br\/2022\/","name":"Regi\u00e3o News","description":"Site de Not\u00edcias de Barretos e regi\u00e3o","publisher":{"@id":"https:\/\/regiaonews.net.br\/2022\/#organization"},"potentialAction":[{"@type":"SearchAction","target":{"@type":"EntryPoint","urlTemplate":"https:\/\/regiaonews.net.br\/2022\/?s={search_term_string}"},"query-input":{"@type":"PropertyValueSpecification","valueRequired":true,"valueName":"search_term_string"}}],"inLanguage":"pt-BR"},{"@type":"Organization","@id":"https:\/\/regiaonews.net.br\/2022\/#organization","name":"Regi\u00e3o News","url":"https:\/\/regiaonews.net.br\/2022\/","logo":{"@type":"ImageObject","inLanguage":"pt-BR","@id":"https:\/\/regiaonews.net.br\/2022\/#\/schema\/logo\/image\/","url":"https:\/\/regiaonews.net.br\/2022\/wp-content\/uploads\/2026\/03\/regiao-13-anos-scaled.jpg","contentUrl":"https:\/\/regiaonews.net.br\/2022\/wp-content\/uploads\/2026\/03\/regiao-13-anos-scaled.jpg","width":2560,"height":635,"caption":"Regi\u00e3o News"},"image":{"@id":"https:\/\/regiaonews.net.br\/2022\/#\/schema\/logo\/image\/"}},{"@type":"Person","@id":"https:\/\/regiaonews.net.br\/2022\/#\/schema\/person\/2d205a608a5aa97ac279d7a5e6d89ad8","name":"Roberto","image":{"@type":"ImageObject","inLanguage":"pt-BR","@id":"https:\/\/secure.gravatar.com\/avatar\/42749d8b712ff9d59ca93dc150494e5b55a44134482993f5baeb97e61b7ecc89?s=96&d=mm&r=g","url":"https:\/\/secure.gravatar.com\/avatar\/42749d8b712ff9d59ca93dc150494e5b55a44134482993f5baeb97e61b7ecc89?s=96&d=mm&r=g","contentUrl":"https:\/\/secure.gravatar.com\/avatar\/42749d8b712ff9d59ca93dc150494e5b55a44134482993f5baeb97e61b7ecc89?s=96&d=mm&r=g","caption":"Roberto"},"url":"https:\/\/regiaonews.net.br\/2022\/author\/roberto\/"}]}},"publishpress_future_action":{"enabled":false,"date":"2026-05-03 09:50:56","action":"change-status","newStatus":"draft","terms":[],"taxonomy":"category","extraData":[]},"publishpress_future_workflow_manual_trigger":{"enabledWorkflows":[]},"_links":{"self":[{"href":"https:\/\/regiaonews.net.br\/2022\/wp-json\/wp\/v2\/posts\/93406","targetHints":{"allow":["GET"]}}],"collection":[{"href":"https:\/\/regiaonews.net.br\/2022\/wp-json\/wp\/v2\/posts"}],"about":[{"href":"https:\/\/regiaonews.net.br\/2022\/wp-json\/wp\/v2\/types\/post"}],"author":[{"embeddable":true,"href":"https:\/\/regiaonews.net.br\/2022\/wp-json\/wp\/v2\/users\/2"}],"replies":[{"embeddable":true,"href":"https:\/\/regiaonews.net.br\/2022\/wp-json\/wp\/v2\/comments?post=93406"}],"version-history":[{"count":1,"href":"https:\/\/regiaonews.net.br\/2022\/wp-json\/wp\/v2\/posts\/93406\/revisions"}],"predecessor-version":[{"id":93408,"href":"https:\/\/regiaonews.net.br\/2022\/wp-json\/wp\/v2\/posts\/93406\/revisions\/93408"}],"wp:featuredmedia":[{"embeddable":true,"href":"https:\/\/regiaonews.net.br\/2022\/wp-json\/wp\/v2\/media\/93407"}],"wp:attachment":[{"href":"https:\/\/regiaonews.net.br\/2022\/wp-json\/wp\/v2\/media?parent=93406"}],"wp:term":[{"taxonomy":"category","embeddable":true,"href":"https:\/\/regiaonews.net.br\/2022\/wp-json\/wp\/v2\/categories?post=93406"},{"taxonomy":"post_tag","embeddable":true,"href":"https:\/\/regiaonews.net.br\/2022\/wp-json\/wp\/v2\/tags?post=93406"}],"curies":[{"name":"wp","href":"https:\/\/api.w.org\/{rel}","templated":true}]}}