{"id":93403,"date":"2023-08-14T19:42:46","date_gmt":"2023-08-14T22:42:46","guid":{"rendered":"https:\/\/regiaonews.net.br\/2022\/?p=93403"},"modified":"2023-08-14T19:42:46","modified_gmt":"2023-08-14T22:42:46","slug":"evento-em-comemoracao-ao-dia-internacional-da-juventude-e-concluido-com-palestras-sobre-tecnologia-e-inovacao","status":"publish","type":"post","link":"https:\/\/regiaonews.net.br\/2022\/2023\/08\/14\/evento-em-comemoracao-ao-dia-internacional-da-juventude-e-concluido-com-palestras-sobre-tecnologia-e-inovacao\/","title":{"rendered":"Evento em comemora\u00e7\u00e3o ao Dia Internacional da Juventude \u00e9 conclu\u00eddo com palestras sobre tecnologia e inova\u00e7\u00e3o"},"content":{"rendered":"<p>&nbsp;<\/p>\n<p>Em parceria com o Sebrae e Bruto Valley, a\u00e7\u00e3o teve como objetivo promover a acessibilidade \u00e0 informa\u00e7\u00e3o, bem como inclus\u00e3o social e produtiva aos jovens<\/p>\n<p>A Casa da Juventude, gerida pela Prefeitura da Est\u00e2ncia Tur\u00edstica de Barretos, por meio da Secretaria Municipal de Assist\u00eancia Social e Desenvolvimento Humano, concluiu na sexta-feira, dia 11, a programa\u00e7\u00e3o em comemora\u00e7\u00e3o ao Dia Internacional da Juventude, celebrado em 12 de agosto. 70 estudantes de 10 escolas das Redes Estadual e Municipal participaram do segundo dia de atividades, quando foram realizadas palestras com temas relacionados a empreendedorismo, startups, inova\u00e7\u00e3o e tecnologia.<\/p>\n<p>Henrique Vianna, consultor de neg\u00f3cios do Sebrae e l\u00edder de comunidade no Bruto Valley, explicou aos estudantes sobre o trabalho do Sebrae frente \u00e0s iniciativas de inova\u00e7\u00e3o e comunidades de startups, inova\u00e7\u00e3o e tecnologia. \u201cConsidero de extrema import\u00e2ncia participar e promover eventos com esse objetivo, pois os jovens s\u00e3o os maiores respons\u00e1veis por pensar e agir de maneira diferente e conduzir a cria\u00e7\u00e3o de neg\u00f3cios inovadores. A iniciativa da prefeitura \u00e9 o papel primordial para garantir acessibilidade \u00e0 informa\u00e7\u00e3o, bem como inclus\u00e3o social e produtiva aos jovens\u201d, afirmou. Para ele, essa a\u00e7\u00e3o \u00e9 necess\u00e1ria e foi muito positiva. \u201cEstendemos as possibilidades de acesso ao mercado de trabalho. Empreender tamb\u00e9m \u00e9 uma forma de se ter emprego e renda\u201d, observou.<\/p>\n<p>\u201cConseguimos, a partir dos conte\u00fados abordados, plantar a semente da cultura de inova\u00e7\u00e3o e empreendedorismo nos jovens presentes. \u00c9 a partir do despertar da curiosidade que conseguimos atingir o resultado e colher no futuro novos neg\u00f3cios inovadores, novas startups e novos empreendedores de sucesso\u201d, concluiu Henrique.<\/p>\n<p>O empreendedor, fundador da Startup Cownter e L\u00edder de Comunidade no Bruto Valley, Maur\u00edcio Iacovone, que conduziu a palestra \u201cO que \u00e9 essa tal de Inova\u00e7\u00e3o?\u201d, afirmou que o evento foi outra iniciativa louv\u00e1vel para apoiar a juventude nestes tempos de mudan\u00e7as t\u00e3o intensas e r\u00e1pidas. \u201c\u00c9 preciso encontrar oportunidades frente aos avan\u00e7os tecnol\u00f3gicos, globaliza\u00e7\u00e3o, pandemia e como isso afeta as demandas do mercado, concorr\u00eancia, efici\u00eancia, sustentabilidade. Encontrar maneiras de como sobreviver frente a este cen\u00e1rio\u201d, destacou.<\/p>\n<p>Maur\u00edcio lembrou que o Bruto Valley, como um ecossistema de inova\u00e7\u00e3o de Barretos e regi\u00e3o, busca nestes eventos estimular e apoiar os jovens frente \u00e0s oportunidades da inova\u00e7\u00e3o. \u201cBuscamos provoc\u00e1-los a tomar iniciativas, oferecendo mentorias, divulga\u00e7\u00e3o e principalmente conex\u00f5es com outros grupos, idealizadores, investidores ou o que for necess\u00e1rio para transformar suas ideias em inova\u00e7\u00e3o, fundando startups e saindo do lugar comum\u201d, ressaltou. Ele definiu o evento como uma experi\u00eancia \u00fanica. \u201cEncontramos olhares diferentes frente aos desafios. Ainda mais empolgante, quando vimos as futuras mulheres l\u00edderes j\u00e1 se sobressaindo com ideias fant\u00e1sticas\u201d, observou.<\/p>\n<p>O coordenador da Casa da Juventude, Vitor Santiago, contou que o tema da primeira palestra ati\u00e7ou a curiosidade. \u201cDeixou os alunos refletindo da import\u00e2ncia, trazendo an\u00e1lises e reflex\u00f5es de sua realidade para a \u00e1rea de inova\u00e7\u00e3o e tecnologia. Logo ap\u00f3s, o Lucas Mustaf\u00e1, presidente do Conselho Municipal de Ci\u00eancia, Tecnologia e Inova\u00e7\u00e3o de Barretos (CoMCiTI) e l\u00edder da comunidade Bruto Valley, trouxe para eles as fases de valores e um pouco da burocracia de uma startup\u201d, conta, agradecendo \u00e0 Comunidade e ao Sebrae.<\/p>\n<p>Vitor mencionou ainda o entusiasmo dos presentes com a din\u00e2mica para trabalharem suas habilidades, abrindo reflex\u00f5es sobre as competi\u00e7\u00f5es do mercado e os valores sobre suas habilidades. \u201cPara finalizar, teve os cases de sucesso dentro da \u00e1rea de ecossistema e sustentabilidade, mostrando que a ideia de inova\u00e7\u00e3o pode realmente transformar e descobrimos que diversos alunos j\u00e1 t\u00eam como projeto de vida a \u00e1rea da tecnologia e desenvolvimento. Entre eles, as \u00e1reas de programa\u00e7\u00e3o, design gr\u00e1fico e ciberseguran\u00e7a. Ficamos felizes pois foi realmente est\u00e1 plantada a sementinha da criatividade e gera\u00e7\u00e3o de inova\u00e7\u00f5es\u201d, pontuou o coordenador.<\/p>\n<p>O evento foi conclu\u00eddo com sorteio de livros e de um equipamento doado pelo palestrante Alexandre Bueno.<\/p>\n","protected":false},"excerpt":{"rendered":"<p>&nbsp; Em parceria com o Sebrae e Bruto Valley, a\u00e7\u00e3o<\/p>\n","protected":false},"author":2,"featured_media":93404,"comment_status":"open","ping_status":"open","sticky":false,"template":"","format":"standard","meta":{"footnotes":""},"categories":[14,25],"tags":[],"class_list":["post-93403","post","type-post","status-publish","format-standard","has-post-thumbnail","hentry","category-barretos","category-cidades"],"yoast_head":"<!-- This site is optimized with the Yoast SEO plugin v27.4 - https:\/\/yoast.com\/product\/yoast-seo-wordpress\/ -->\n<title>Evento em comemora\u00e7\u00e3o ao Dia Internacional da Juventude \u00e9 conclu\u00eddo com palestras sobre tecnologia e inova\u00e7\u00e3o - Regi\u00e3o News<\/title>\n<meta name=\"robots\" content=\"index, follow, max-snippet:-1, max-image-preview:large, max-video-preview:-1\" \/>\n<link rel=\"canonical\" href=\"https:\/\/regiaonews.net.br\/2022\/2023\/08\/14\/evento-em-comemoracao-ao-dia-internacional-da-juventude-e-concluido-com-palestras-sobre-tecnologia-e-inovacao\/\" \/>\n<meta property=\"og:locale\" content=\"pt_BR\" \/>\n<meta property=\"og:type\" content=\"article\" \/>\n<meta property=\"og:title\" content=\"Evento em comemora\u00e7\u00e3o ao Dia Internacional da Juventude \u00e9 conclu\u00eddo com palestras sobre tecnologia e inova\u00e7\u00e3o - Regi\u00e3o News\" \/>\n<meta property=\"og:description\" content=\"&nbsp; Em parceria com o Sebrae e Bruto Valley, a\u00e7\u00e3o\" \/>\n<meta property=\"og:url\" content=\"https:\/\/regiaonews.net.br\/2022\/2023\/08\/14\/evento-em-comemoracao-ao-dia-internacional-da-juventude-e-concluido-com-palestras-sobre-tecnologia-e-inovacao\/\" \/>\n<meta property=\"og:site_name\" content=\"Regi\u00e3o News\" \/>\n<meta property=\"article:published_time\" content=\"2023-08-14T22:42:46+00:00\" \/>\n<meta property=\"og:image\" content=\"https:\/\/regiaonews.net.br\/2022\/wp-content\/uploads\/2023\/08\/WhatsApp-Image-2023-08-14-at-19.10.03.jpeg\" \/>\n\t<meta property=\"og:image:width\" content=\"1600\" \/>\n\t<meta property=\"og:image:height\" content=\"721\" \/>\n\t<meta property=\"og:image:type\" content=\"image\/jpeg\" \/>\n<meta name=\"author\" content=\"Roberto\" \/>\n<meta name=\"twitter:card\" content=\"summary_large_image\" \/>\n<meta name=\"twitter:label1\" content=\"Escrito por\" \/>\n\t<meta name=\"twitter:data1\" content=\"Roberto\" \/>\n\t<meta name=\"twitter:label2\" content=\"Est. tempo de leitura\" \/>\n\t<meta name=\"twitter:data2\" content=\"4 minutos\" \/>\n<script type=\"application\/ld+json\" class=\"yoast-schema-graph\">{\"@context\":\"https:\\\/\\\/schema.org\",\"@graph\":[{\"@type\":\"Article\",\"@id\":\"https:\\\/\\\/regiaonews.net.br\\\/2022\\\/2023\\\/08\\\/14\\\/evento-em-comemoracao-ao-dia-internacional-da-juventude-e-concluido-com-palestras-sobre-tecnologia-e-inovacao\\\/#article\",\"isPartOf\":{\"@id\":\"https:\\\/\\\/regiaonews.net.br\\\/2022\\\/2023\\\/08\\\/14\\\/evento-em-comemoracao-ao-dia-internacional-da-juventude-e-concluido-com-palestras-sobre-tecnologia-e-inovacao\\\/\"},\"author\":{\"name\":\"Roberto\",\"@id\":\"https:\\\/\\\/regiaonews.net.br\\\/2022\\\/#\\\/schema\\\/person\\\/2d205a608a5aa97ac279d7a5e6d89ad8\"},\"headline\":\"Evento em comemora\u00e7\u00e3o ao Dia Internacional da Juventude \u00e9 conclu\u00eddo com palestras sobre tecnologia e inova\u00e7\u00e3o\",\"datePublished\":\"2023-08-14T22:42:46+00:00\",\"mainEntityOfPage\":{\"@id\":\"https:\\\/\\\/regiaonews.net.br\\\/2022\\\/2023\\\/08\\\/14\\\/evento-em-comemoracao-ao-dia-internacional-da-juventude-e-concluido-com-palestras-sobre-tecnologia-e-inovacao\\\/\"},\"wordCount\":703,\"commentCount\":0,\"publisher\":{\"@id\":\"https:\\\/\\\/regiaonews.net.br\\\/2022\\\/#organization\"},\"image\":{\"@id\":\"https:\\\/\\\/regiaonews.net.br\\\/2022\\\/2023\\\/08\\\/14\\\/evento-em-comemoracao-ao-dia-internacional-da-juventude-e-concluido-com-palestras-sobre-tecnologia-e-inovacao\\\/#primaryimage\"},\"thumbnailUrl\":\"https:\\\/\\\/regiaonews.net.br\\\/2022\\\/wp-content\\\/uploads\\\/2023\\\/08\\\/WhatsApp-Image-2023-08-14-at-19.10.03.jpeg\",\"articleSection\":[\"Barretos\",\"Cidades\"],\"inLanguage\":\"pt-BR\",\"potentialAction\":[{\"@type\":\"CommentAction\",\"name\":\"Comment\",\"target\":[\"https:\\\/\\\/regiaonews.net.br\\\/2022\\\/2023\\\/08\\\/14\\\/evento-em-comemoracao-ao-dia-internacional-da-juventude-e-concluido-com-palestras-sobre-tecnologia-e-inovacao\\\/#respond\"]}]},{\"@type\":\"WebPage\",\"@id\":\"https:\\\/\\\/regiaonews.net.br\\\/2022\\\/2023\\\/08\\\/14\\\/evento-em-comemoracao-ao-dia-internacional-da-juventude-e-concluido-com-palestras-sobre-tecnologia-e-inovacao\\\/\",\"url\":\"https:\\\/\\\/regiaonews.net.br\\\/2022\\\/2023\\\/08\\\/14\\\/evento-em-comemoracao-ao-dia-internacional-da-juventude-e-concluido-com-palestras-sobre-tecnologia-e-inovacao\\\/\",\"name\":\"Evento em comemora\u00e7\u00e3o ao Dia Internacional da Juventude \u00e9 conclu\u00eddo com palestras sobre tecnologia e inova\u00e7\u00e3o - Regi\u00e3o News\",\"isPartOf\":{\"@id\":\"https:\\\/\\\/regiaonews.net.br\\\/2022\\\/#website\"},\"primaryImageOfPage\":{\"@id\":\"https:\\\/\\\/regiaonews.net.br\\\/2022\\\/2023\\\/08\\\/14\\\/evento-em-comemoracao-ao-dia-internacional-da-juventude-e-concluido-com-palestras-sobre-tecnologia-e-inovacao\\\/#primaryimage\"},\"image\":{\"@id\":\"https:\\\/\\\/regiaonews.net.br\\\/2022\\\/2023\\\/08\\\/14\\\/evento-em-comemoracao-ao-dia-internacional-da-juventude-e-concluido-com-palestras-sobre-tecnologia-e-inovacao\\\/#primaryimage\"},\"thumbnailUrl\":\"https:\\\/\\\/regiaonews.net.br\\\/2022\\\/wp-content\\\/uploads\\\/2023\\\/08\\\/WhatsApp-Image-2023-08-14-at-19.10.03.jpeg\",\"datePublished\":\"2023-08-14T22:42:46+00:00\",\"breadcrumb\":{\"@id\":\"https:\\\/\\\/regiaonews.net.br\\\/2022\\\/2023\\\/08\\\/14\\\/evento-em-comemoracao-ao-dia-internacional-da-juventude-e-concluido-com-palestras-sobre-tecnologia-e-inovacao\\\/#breadcrumb\"},\"inLanguage\":\"pt-BR\",\"potentialAction\":[{\"@type\":\"ReadAction\",\"target\":[\"https:\\\/\\\/regiaonews.net.br\\\/2022\\\/2023\\\/08\\\/14\\\/evento-em-comemoracao-ao-dia-internacional-da-juventude-e-concluido-com-palestras-sobre-tecnologia-e-inovacao\\\/\"]}]},{\"@type\":\"ImageObject\",\"inLanguage\":\"pt-BR\",\"@id\":\"https:\\\/\\\/regiaonews.net.br\\\/2022\\\/2023\\\/08\\\/14\\\/evento-em-comemoracao-ao-dia-internacional-da-juventude-e-concluido-com-palestras-sobre-tecnologia-e-inovacao\\\/#primaryimage\",\"url\":\"https:\\\/\\\/regiaonews.net.br\\\/2022\\\/wp-content\\\/uploads\\\/2023\\\/08\\\/WhatsApp-Image-2023-08-14-at-19.10.03.jpeg\",\"contentUrl\":\"https:\\\/\\\/regiaonews.net.br\\\/2022\\\/wp-content\\\/uploads\\\/2023\\\/08\\\/WhatsApp-Image-2023-08-14-at-19.10.03.jpeg\",\"width\":1600,\"height\":721},{\"@type\":\"BreadcrumbList\",\"@id\":\"https:\\\/\\\/regiaonews.net.br\\\/2022\\\/2023\\\/08\\\/14\\\/evento-em-comemoracao-ao-dia-internacional-da-juventude-e-concluido-com-palestras-sobre-tecnologia-e-inovacao\\\/#breadcrumb\",\"itemListElement\":[{\"@type\":\"ListItem\",\"position\":1,\"name\":\"In\u00edcio\",\"item\":\"https:\\\/\\\/regiaonews.net.br\\\/2022\\\/\"},{\"@type\":\"ListItem\",\"position\":2,\"name\":\"Evento em comemora\u00e7\u00e3o ao Dia Internacional da Juventude \u00e9 conclu\u00eddo com palestras sobre tecnologia e inova\u00e7\u00e3o\"}]},{\"@type\":\"WebSite\",\"@id\":\"https:\\\/\\\/regiaonews.net.br\\\/2022\\\/#website\",\"url\":\"https:\\\/\\\/regiaonews.net.br\\\/2022\\\/\",\"name\":\"Regi\u00e3o News\",\"description\":\"Site de Not\u00edcias de Barretos e regi\u00e3o\",\"publisher\":{\"@id\":\"https:\\\/\\\/regiaonews.net.br\\\/2022\\\/#organization\"},\"potentialAction\":[{\"@type\":\"SearchAction\",\"target\":{\"@type\":\"EntryPoint\",\"urlTemplate\":\"https:\\\/\\\/regiaonews.net.br\\\/2022\\\/?s={search_term_string}\"},\"query-input\":{\"@type\":\"PropertyValueSpecification\",\"valueRequired\":true,\"valueName\":\"search_term_string\"}}],\"inLanguage\":\"pt-BR\"},{\"@type\":\"Organization\",\"@id\":\"https:\\\/\\\/regiaonews.net.br\\\/2022\\\/#organization\",\"name\":\"Regi\u00e3o News\",\"url\":\"https:\\\/\\\/regiaonews.net.br\\\/2022\\\/\",\"logo\":{\"@type\":\"ImageObject\",\"inLanguage\":\"pt-BR\",\"@id\":\"https:\\\/\\\/regiaonews.net.br\\\/2022\\\/#\\\/schema\\\/logo\\\/image\\\/\",\"url\":\"https:\\\/\\\/regiaonews.net.br\\\/2022\\\/wp-content\\\/uploads\\\/2026\\\/03\\\/regiao-13-anos-scaled.jpg\",\"contentUrl\":\"https:\\\/\\\/regiaonews.net.br\\\/2022\\\/wp-content\\\/uploads\\\/2026\\\/03\\\/regiao-13-anos-scaled.jpg\",\"width\":2560,\"height\":635,\"caption\":\"Regi\u00e3o News\"},\"image\":{\"@id\":\"https:\\\/\\\/regiaonews.net.br\\\/2022\\\/#\\\/schema\\\/logo\\\/image\\\/\"}},{\"@type\":\"Person\",\"@id\":\"https:\\\/\\\/regiaonews.net.br\\\/2022\\\/#\\\/schema\\\/person\\\/2d205a608a5aa97ac279d7a5e6d89ad8\",\"name\":\"Roberto\",\"image\":{\"@type\":\"ImageObject\",\"inLanguage\":\"pt-BR\",\"@id\":\"https:\\\/\\\/secure.gravatar.com\\\/avatar\\\/42749d8b712ff9d59ca93dc150494e5b55a44134482993f5baeb97e61b7ecc89?s=96&d=mm&r=g\",\"url\":\"https:\\\/\\\/secure.gravatar.com\\\/avatar\\\/42749d8b712ff9d59ca93dc150494e5b55a44134482993f5baeb97e61b7ecc89?s=96&d=mm&r=g\",\"contentUrl\":\"https:\\\/\\\/secure.gravatar.com\\\/avatar\\\/42749d8b712ff9d59ca93dc150494e5b55a44134482993f5baeb97e61b7ecc89?s=96&d=mm&r=g\",\"caption\":\"Roberto\"},\"url\":\"https:\\\/\\\/regiaonews.net.br\\\/2022\\\/author\\\/roberto\\\/\"}]}<\/script>\n<!-- \/ Yoast SEO plugin. -->","yoast_head_json":{"title":"Evento em comemora\u00e7\u00e3o ao Dia Internacional da Juventude \u00e9 conclu\u00eddo com palestras sobre tecnologia e inova\u00e7\u00e3o - Regi\u00e3o News","robots":{"index":"index","follow":"follow","max-snippet":"max-snippet:-1","max-image-preview":"max-image-preview:large","max-video-preview":"max-video-preview:-1"},"canonical":"https:\/\/regiaonews.net.br\/2022\/2023\/08\/14\/evento-em-comemoracao-ao-dia-internacional-da-juventude-e-concluido-com-palestras-sobre-tecnologia-e-inovacao\/","og_locale":"pt_BR","og_type":"article","og_title":"Evento em comemora\u00e7\u00e3o ao Dia Internacional da Juventude \u00e9 conclu\u00eddo com palestras sobre tecnologia e inova\u00e7\u00e3o - Regi\u00e3o News","og_description":"&nbsp; Em parceria com o Sebrae e Bruto Valley, a\u00e7\u00e3o","og_url":"https:\/\/regiaonews.net.br\/2022\/2023\/08\/14\/evento-em-comemoracao-ao-dia-internacional-da-juventude-e-concluido-com-palestras-sobre-tecnologia-e-inovacao\/","og_site_name":"Regi\u00e3o News","article_published_time":"2023-08-14T22:42:46+00:00","og_image":[{"width":1600,"height":721,"url":"https:\/\/regiaonews.net.br\/2022\/wp-content\/uploads\/2023\/08\/WhatsApp-Image-2023-08-14-at-19.10.03.jpeg","type":"image\/jpeg"}],"author":"Roberto","twitter_card":"summary_large_image","twitter_misc":{"Escrito por":"Roberto","Est. tempo de leitura":"4 minutos"},"schema":{"@context":"https:\/\/schema.org","@graph":[{"@type":"Article","@id":"https:\/\/regiaonews.net.br\/2022\/2023\/08\/14\/evento-em-comemoracao-ao-dia-internacional-da-juventude-e-concluido-com-palestras-sobre-tecnologia-e-inovacao\/#article","isPartOf":{"@id":"https:\/\/regiaonews.net.br\/2022\/2023\/08\/14\/evento-em-comemoracao-ao-dia-internacional-da-juventude-e-concluido-com-palestras-sobre-tecnologia-e-inovacao\/"},"author":{"name":"Roberto","@id":"https:\/\/regiaonews.net.br\/2022\/#\/schema\/person\/2d205a608a5aa97ac279d7a5e6d89ad8"},"headline":"Evento em comemora\u00e7\u00e3o ao Dia Internacional da Juventude \u00e9 conclu\u00eddo com palestras sobre tecnologia e inova\u00e7\u00e3o","datePublished":"2023-08-14T22:42:46+00:00","mainEntityOfPage":{"@id":"https:\/\/regiaonews.net.br\/2022\/2023\/08\/14\/evento-em-comemoracao-ao-dia-internacional-da-juventude-e-concluido-com-palestras-sobre-tecnologia-e-inovacao\/"},"wordCount":703,"commentCount":0,"publisher":{"@id":"https:\/\/regiaonews.net.br\/2022\/#organization"},"image":{"@id":"https:\/\/regiaonews.net.br\/2022\/2023\/08\/14\/evento-em-comemoracao-ao-dia-internacional-da-juventude-e-concluido-com-palestras-sobre-tecnologia-e-inovacao\/#primaryimage"},"thumbnailUrl":"https:\/\/regiaonews.net.br\/2022\/wp-content\/uploads\/2023\/08\/WhatsApp-Image-2023-08-14-at-19.10.03.jpeg","articleSection":["Barretos","Cidades"],"inLanguage":"pt-BR","potentialAction":[{"@type":"CommentAction","name":"Comment","target":["https:\/\/regiaonews.net.br\/2022\/2023\/08\/14\/evento-em-comemoracao-ao-dia-internacional-da-juventude-e-concluido-com-palestras-sobre-tecnologia-e-inovacao\/#respond"]}]},{"@type":"WebPage","@id":"https:\/\/regiaonews.net.br\/2022\/2023\/08\/14\/evento-em-comemoracao-ao-dia-internacional-da-juventude-e-concluido-com-palestras-sobre-tecnologia-e-inovacao\/","url":"https:\/\/regiaonews.net.br\/2022\/2023\/08\/14\/evento-em-comemoracao-ao-dia-internacional-da-juventude-e-concluido-com-palestras-sobre-tecnologia-e-inovacao\/","name":"Evento em comemora\u00e7\u00e3o ao Dia Internacional da Juventude \u00e9 conclu\u00eddo com palestras sobre tecnologia e inova\u00e7\u00e3o - Regi\u00e3o News","isPartOf":{"@id":"https:\/\/regiaonews.net.br\/2022\/#website"},"primaryImageOfPage":{"@id":"https:\/\/regiaonews.net.br\/2022\/2023\/08\/14\/evento-em-comemoracao-ao-dia-internacional-da-juventude-e-concluido-com-palestras-sobre-tecnologia-e-inovacao\/#primaryimage"},"image":{"@id":"https:\/\/regiaonews.net.br\/2022\/2023\/08\/14\/evento-em-comemoracao-ao-dia-internacional-da-juventude-e-concluido-com-palestras-sobre-tecnologia-e-inovacao\/#primaryimage"},"thumbnailUrl":"https:\/\/regiaonews.net.br\/2022\/wp-content\/uploads\/2023\/08\/WhatsApp-Image-2023-08-14-at-19.10.03.jpeg","datePublished":"2023-08-14T22:42:46+00:00","breadcrumb":{"@id":"https:\/\/regiaonews.net.br\/2022\/2023\/08\/14\/evento-em-comemoracao-ao-dia-internacional-da-juventude-e-concluido-com-palestras-sobre-tecnologia-e-inovacao\/#breadcrumb"},"inLanguage":"pt-BR","potentialAction":[{"@type":"ReadAction","target":["https:\/\/regiaonews.net.br\/2022\/2023\/08\/14\/evento-em-comemoracao-ao-dia-internacional-da-juventude-e-concluido-com-palestras-sobre-tecnologia-e-inovacao\/"]}]},{"@type":"ImageObject","inLanguage":"pt-BR","@id":"https:\/\/regiaonews.net.br\/2022\/2023\/08\/14\/evento-em-comemoracao-ao-dia-internacional-da-juventude-e-concluido-com-palestras-sobre-tecnologia-e-inovacao\/#primaryimage","url":"https:\/\/regiaonews.net.br\/2022\/wp-content\/uploads\/2023\/08\/WhatsApp-Image-2023-08-14-at-19.10.03.jpeg","contentUrl":"https:\/\/regiaonews.net.br\/2022\/wp-content\/uploads\/2023\/08\/WhatsApp-Image-2023-08-14-at-19.10.03.jpeg","width":1600,"height":721},{"@type":"BreadcrumbList","@id":"https:\/\/regiaonews.net.br\/2022\/2023\/08\/14\/evento-em-comemoracao-ao-dia-internacional-da-juventude-e-concluido-com-palestras-sobre-tecnologia-e-inovacao\/#breadcrumb","itemListElement":[{"@type":"ListItem","position":1,"name":"In\u00edcio","item":"https:\/\/regiaonews.net.br\/2022\/"},{"@type":"ListItem","position":2,"name":"Evento em comemora\u00e7\u00e3o ao Dia Internacional da Juventude \u00e9 conclu\u00eddo com palestras sobre tecnologia e inova\u00e7\u00e3o"}]},{"@type":"WebSite","@id":"https:\/\/regiaonews.net.br\/2022\/#website","url":"https:\/\/regiaonews.net.br\/2022\/","name":"Regi\u00e3o News","description":"Site de Not\u00edcias de Barretos e regi\u00e3o","publisher":{"@id":"https:\/\/regiaonews.net.br\/2022\/#organization"},"potentialAction":[{"@type":"SearchAction","target":{"@type":"EntryPoint","urlTemplate":"https:\/\/regiaonews.net.br\/2022\/?s={search_term_string}"},"query-input":{"@type":"PropertyValueSpecification","valueRequired":true,"valueName":"search_term_string"}}],"inLanguage":"pt-BR"},{"@type":"Organization","@id":"https:\/\/regiaonews.net.br\/2022\/#organization","name":"Regi\u00e3o News","url":"https:\/\/regiaonews.net.br\/2022\/","logo":{"@type":"ImageObject","inLanguage":"pt-BR","@id":"https:\/\/regiaonews.net.br\/2022\/#\/schema\/logo\/image\/","url":"https:\/\/regiaonews.net.br\/2022\/wp-content\/uploads\/2026\/03\/regiao-13-anos-scaled.jpg","contentUrl":"https:\/\/regiaonews.net.br\/2022\/wp-content\/uploads\/2026\/03\/regiao-13-anos-scaled.jpg","width":2560,"height":635,"caption":"Regi\u00e3o News"},"image":{"@id":"https:\/\/regiaonews.net.br\/2022\/#\/schema\/logo\/image\/"}},{"@type":"Person","@id":"https:\/\/regiaonews.net.br\/2022\/#\/schema\/person\/2d205a608a5aa97ac279d7a5e6d89ad8","name":"Roberto","image":{"@type":"ImageObject","inLanguage":"pt-BR","@id":"https:\/\/secure.gravatar.com\/avatar\/42749d8b712ff9d59ca93dc150494e5b55a44134482993f5baeb97e61b7ecc89?s=96&d=mm&r=g","url":"https:\/\/secure.gravatar.com\/avatar\/42749d8b712ff9d59ca93dc150494e5b55a44134482993f5baeb97e61b7ecc89?s=96&d=mm&r=g","contentUrl":"https:\/\/secure.gravatar.com\/avatar\/42749d8b712ff9d59ca93dc150494e5b55a44134482993f5baeb97e61b7ecc89?s=96&d=mm&r=g","caption":"Roberto"},"url":"https:\/\/regiaonews.net.br\/2022\/author\/roberto\/"}]}},"publishpress_future_action":{"enabled":false,"date":"2026-05-03 11:13:49","action":"change-status","newStatus":"draft","terms":[],"taxonomy":"category","extraData":[]},"publishpress_future_workflow_manual_trigger":{"enabledWorkflows":[]},"_links":{"self":[{"href":"https:\/\/regiaonews.net.br\/2022\/wp-json\/wp\/v2\/posts\/93403","targetHints":{"allow":["GET"]}}],"collection":[{"href":"https:\/\/regiaonews.net.br\/2022\/wp-json\/wp\/v2\/posts"}],"about":[{"href":"https:\/\/regiaonews.net.br\/2022\/wp-json\/wp\/v2\/types\/post"}],"author":[{"embeddable":true,"href":"https:\/\/regiaonews.net.br\/2022\/wp-json\/wp\/v2\/users\/2"}],"replies":[{"embeddable":true,"href":"https:\/\/regiaonews.net.br\/2022\/wp-json\/wp\/v2\/comments?post=93403"}],"version-history":[{"count":1,"href":"https:\/\/regiaonews.net.br\/2022\/wp-json\/wp\/v2\/posts\/93403\/revisions"}],"predecessor-version":[{"id":93405,"href":"https:\/\/regiaonews.net.br\/2022\/wp-json\/wp\/v2\/posts\/93403\/revisions\/93405"}],"wp:featuredmedia":[{"embeddable":true,"href":"https:\/\/regiaonews.net.br\/2022\/wp-json\/wp\/v2\/media\/93404"}],"wp:attachment":[{"href":"https:\/\/regiaonews.net.br\/2022\/wp-json\/wp\/v2\/media?parent=93403"}],"wp:term":[{"taxonomy":"category","embeddable":true,"href":"https:\/\/regiaonews.net.br\/2022\/wp-json\/wp\/v2\/categories?post=93403"},{"taxonomy":"post_tag","embeddable":true,"href":"https:\/\/regiaonews.net.br\/2022\/wp-json\/wp\/v2\/tags?post=93403"}],"curies":[{"name":"wp","href":"https:\/\/api.w.org\/{rel}","templated":true}]}}