{"id":93394,"date":"2023-08-14T10:01:05","date_gmt":"2023-08-14T13:01:05","guid":{"rendered":"https:\/\/regiaonews.net.br\/2022\/?p=93394"},"modified":"2023-08-14T22:58:43","modified_gmt":"2023-08-15T01:58:43","slug":"deputado-federal-luiz-carlos-motta-repudia-plano-de-demissao-de-seis-mil-funcionarios-da-casas-bahia","status":"publish","type":"post","link":"https:\/\/regiaonews.net.br\/2022\/2023\/08\/14\/deputado-federal-luiz-carlos-motta-repudia-plano-de-demissao-de-seis-mil-funcionarios-da-casas-bahia\/","title":{"rendered":"Deputado Federal Luiz Carlos Motta repudia plano de demiss\u00e3o de seis mil funcion\u00e1rios da Casas Bahia"},"content":{"rendered":"<h3 align=\"center\">Deputado, que preside a CNTC e a Fecomerci\u00e1rios pretende mobilizar a base sindical para abrir frente de di\u00e1logo com a empresa.<\/h3>\n<div>O Deputado Federal Luiz Carlos Motta (PL\/SP) manifestou veemente rep\u00fadio ao plano de demiss\u00e3o de aproximadamente seis mil funcion\u00e1rios da Casas Bahia, uma das mais conhecidas redes varejistas do Brasil. O an\u00fancio de fechamento de 100 lojas da empresa gerou preocupa\u00e7\u00e3o n\u00e3o somente em rela\u00e7\u00e3o \u00e0 economia, mas tamb\u00e9m ao impacto social dessas demiss\u00f5es em larga escala.<\/div>\n<div><\/div>\n<div>Motta, que tamb\u00e9m preside a CNTC (Confedera\u00e7\u00e3o Nacional dos Trabalhadores no Com\u00e9rcio) e a Federa\u00e7\u00e3o dos Comerci\u00e1rios (Fecomerci\u00e1rios), pretende mobilizar a base sindical comerci\u00e1ria, e, juntamente com os sindicalistas, abrir uma frente de di\u00e1logo com a empresa. Ele diz: \u201cFechamento de lojas e demiss\u00f5es n\u00e3o podem ser feitos sem uma conversa pr\u00e9via com os Sindicatos. Deve haver alternativas para manter as lojas abertas e preservar os empregos. Do contr\u00e1rio, \u00e9 fundamental negociar acordos para beneficiar os comerci\u00e1rios com a dispensa\u201d.<\/div>\n<div><\/div>\n<div>Motta reafirmou que a sua miss\u00e3o \u00e9 proteger os empregos, os sal\u00e1rios e todos os direitos econ\u00f4micos e sociais dos trabalhadores. Por isso, ressalta a import\u00e2ncia de se buscar alternativas para evitar tais demiss\u00f5es. Ele refor\u00e7ou a necessidade de di\u00e1logo, inclusive para conciliar os interesses da loja.<\/div>\n<div><\/div>\n<div>Sob a lideran\u00e7a de Motta, o movimento sindical comerci\u00e1rio \u00e9 uma voz atuante na promo\u00e7\u00e3o de condi\u00e7\u00f5es justas de trabalho. Seus representantes refor\u00e7am os seus compromissos na luta unit\u00e1ria em defesa da categoria em todos os setores do com\u00e9rcio, buscando sempre fortalecer as rela\u00e7\u00f5es entre capital e trabalho.<\/div>\n<div><\/div>\n<div>Nesse contexto, o Deputado Motta se coloca \u00e0 disposi\u00e7\u00e3o para buscar solu\u00e7\u00f5es que minimizem os impactos das demiss\u00f5es na Casas Bahia e garantam a dignidade e o sustento das fam\u00edlias atingidas. Suas atua\u00e7\u00f5es pol\u00edticas e sindicais evidenciam o seu comprometimento pela manuten\u00e7\u00e3o das condi\u00e7\u00f5es de vida e de trabalho dos comerci\u00e1rios, ainda mais diante de um cen\u00e1rio t\u00e3o amea\u00e7ador como este da Casas Bahia.<\/div>\n<div><\/div>\n<div><strong>Sobre o Deputado Federal Luiz Carlos Motta (PL\/SP)<\/strong><\/div>\n<div>Luiz Carlos Motta \u00e9 Deputado Federal pelo estado de S\u00e3o Paulo, filiado ao Partido Liberal (PL). Com uma trajet\u00f3ria marcada pelo compromisso com os direitos sociais, trabalhistas e dos aposentados, Motta exerce tamb\u00e9m a presid\u00eancia da Fecomerci\u00e1rios, onde tem pautado sua atua\u00e7\u00e3o na defesa dos trabalhadores do com\u00e9rcio, servi\u00e7os e turismo. Sua atua\u00e7\u00e3o na C\u00e2mara dos Deputados e na Fecomerci\u00e1rios reflete sua dedica\u00e7\u00e3o em busca de um Brasil mais justo e inclusivo.<\/div>\n","protected":false},"excerpt":{"rendered":"<p>Deputado, que preside a CNTC e a Fecomerci\u00e1rios pretende mobilizar<\/p>\n","protected":false},"author":2,"featured_media":93395,"comment_status":"open","ping_status":"open","sticky":false,"template":"","format":"standard","meta":{"footnotes":""},"categories":[24,22],"tags":[],"class_list":["post-93394","post","type-post","status-publish","format-standard","has-post-thumbnail","hentry","category-brasil","category-politica"],"yoast_head":"<!-- This site is optimized with the Yoast SEO plugin v27.4 - https:\/\/yoast.com\/product\/yoast-seo-wordpress\/ -->\n<title>Deputado Federal Luiz Carlos Motta repudia plano de demiss\u00e3o<\/title>\n<meta name=\"description\" content=\"Deputado Federal Luiz Carlos Motta (PL\/SP) manifestou veemente rep\u00fadio ao plano de demiss\u00e3o de aproximadamente\" \/>\n<meta name=\"robots\" content=\"index, follow, max-snippet:-1, max-image-preview:large, max-video-preview:-1\" \/>\n<link rel=\"canonical\" href=\"https:\/\/regiaonews.net.br\/2022\/2023\/08\/14\/deputado-federal-luiz-carlos-motta-repudia-plano-de-demissao-de-seis-mil-funcionarios-da-casas-bahia\/\" \/>\n<meta property=\"og:locale\" content=\"pt_BR\" \/>\n<meta property=\"og:type\" content=\"article\" \/>\n<meta property=\"og:title\" content=\"Deputado Federal Luiz Carlos Motta repudia plano de demiss\u00e3o\" \/>\n<meta property=\"og:description\" content=\"Deputado Federal Luiz Carlos Motta (PL\/SP) manifestou veemente rep\u00fadio ao plano de demiss\u00e3o de aproximadamente\" \/>\n<meta property=\"og:url\" content=\"https:\/\/regiaonews.net.br\/2022\/2023\/08\/14\/deputado-federal-luiz-carlos-motta-repudia-plano-de-demissao-de-seis-mil-funcionarios-da-casas-bahia\/\" \/>\n<meta property=\"og:site_name\" content=\"Regi\u00e3o News\" \/>\n<meta property=\"article:published_time\" content=\"2023-08-14T13:01:05+00:00\" \/>\n<meta property=\"article:modified_time\" content=\"2023-08-15T01:58:43+00:00\" \/>\n<meta property=\"og:image\" content=\"https:\/\/regiaonews.net.br\/2022\/wp-content\/uploads\/2023\/08\/IMG_0256-scaled.jpg\" \/>\n\t<meta property=\"og:image:width\" content=\"2560\" \/>\n\t<meta property=\"og:image:height\" content=\"1707\" \/>\n\t<meta property=\"og:image:type\" content=\"image\/jpeg\" \/>\n<meta name=\"author\" content=\"Roberto\" \/>\n<meta name=\"twitter:card\" content=\"summary_large_image\" \/>\n<meta name=\"twitter:label1\" content=\"Escrito por\" \/>\n\t<meta name=\"twitter:data1\" content=\"Roberto\" \/>\n\t<meta name=\"twitter:label2\" content=\"Est. tempo de leitura\" \/>\n\t<meta name=\"twitter:data2\" content=\"3 minutos\" \/>\n<script type=\"application\/ld+json\" class=\"yoast-schema-graph\">{\"@context\":\"https:\\\/\\\/schema.org\",\"@graph\":[{\"@type\":\"Article\",\"@id\":\"https:\\\/\\\/regiaonews.net.br\\\/2022\\\/2023\\\/08\\\/14\\\/deputado-federal-luiz-carlos-motta-repudia-plano-de-demissao-de-seis-mil-funcionarios-da-casas-bahia\\\/#article\",\"isPartOf\":{\"@id\":\"https:\\\/\\\/regiaonews.net.br\\\/2022\\\/2023\\\/08\\\/14\\\/deputado-federal-luiz-carlos-motta-repudia-plano-de-demissao-de-seis-mil-funcionarios-da-casas-bahia\\\/\"},\"author\":{\"name\":\"Roberto\",\"@id\":\"https:\\\/\\\/regiaonews.net.br\\\/2022\\\/#\\\/schema\\\/person\\\/2d205a608a5aa97ac279d7a5e6d89ad8\"},\"headline\":\"Deputado Federal Luiz Carlos Motta repudia plano de demiss\u00e3o de seis mil funcion\u00e1rios da Casas Bahia\",\"datePublished\":\"2023-08-14T13:01:05+00:00\",\"dateModified\":\"2023-08-15T01:58:43+00:00\",\"mainEntityOfPage\":{\"@id\":\"https:\\\/\\\/regiaonews.net.br\\\/2022\\\/2023\\\/08\\\/14\\\/deputado-federal-luiz-carlos-motta-repudia-plano-de-demissao-de-seis-mil-funcionarios-da-casas-bahia\\\/\"},\"wordCount\":473,\"commentCount\":0,\"publisher\":{\"@id\":\"https:\\\/\\\/regiaonews.net.br\\\/2022\\\/#organization\"},\"image\":{\"@id\":\"https:\\\/\\\/regiaonews.net.br\\\/2022\\\/2023\\\/08\\\/14\\\/deputado-federal-luiz-carlos-motta-repudia-plano-de-demissao-de-seis-mil-funcionarios-da-casas-bahia\\\/#primaryimage\"},\"thumbnailUrl\":\"https:\\\/\\\/regiaonews.net.br\\\/2022\\\/wp-content\\\/uploads\\\/2023\\\/08\\\/IMG_0256-scaled.jpg\",\"articleSection\":[\"Brasil\",\"Pol\u00edtica\"],\"inLanguage\":\"pt-BR\",\"potentialAction\":[{\"@type\":\"CommentAction\",\"name\":\"Comment\",\"target\":[\"https:\\\/\\\/regiaonews.net.br\\\/2022\\\/2023\\\/08\\\/14\\\/deputado-federal-luiz-carlos-motta-repudia-plano-de-demissao-de-seis-mil-funcionarios-da-casas-bahia\\\/#respond\"]}]},{\"@type\":\"WebPage\",\"@id\":\"https:\\\/\\\/regiaonews.net.br\\\/2022\\\/2023\\\/08\\\/14\\\/deputado-federal-luiz-carlos-motta-repudia-plano-de-demissao-de-seis-mil-funcionarios-da-casas-bahia\\\/\",\"url\":\"https:\\\/\\\/regiaonews.net.br\\\/2022\\\/2023\\\/08\\\/14\\\/deputado-federal-luiz-carlos-motta-repudia-plano-de-demissao-de-seis-mil-funcionarios-da-casas-bahia\\\/\",\"name\":\"Deputado Federal Luiz Carlos Motta repudia plano de demiss\u00e3o\",\"isPartOf\":{\"@id\":\"https:\\\/\\\/regiaonews.net.br\\\/2022\\\/#website\"},\"primaryImageOfPage\":{\"@id\":\"https:\\\/\\\/regiaonews.net.br\\\/2022\\\/2023\\\/08\\\/14\\\/deputado-federal-luiz-carlos-motta-repudia-plano-de-demissao-de-seis-mil-funcionarios-da-casas-bahia\\\/#primaryimage\"},\"image\":{\"@id\":\"https:\\\/\\\/regiaonews.net.br\\\/2022\\\/2023\\\/08\\\/14\\\/deputado-federal-luiz-carlos-motta-repudia-plano-de-demissao-de-seis-mil-funcionarios-da-casas-bahia\\\/#primaryimage\"},\"thumbnailUrl\":\"https:\\\/\\\/regiaonews.net.br\\\/2022\\\/wp-content\\\/uploads\\\/2023\\\/08\\\/IMG_0256-scaled.jpg\",\"datePublished\":\"2023-08-14T13:01:05+00:00\",\"dateModified\":\"2023-08-15T01:58:43+00:00\",\"description\":\"Deputado Federal Luiz Carlos Motta (PL\\\/SP) manifestou veemente rep\u00fadio ao plano de demiss\u00e3o de aproximadamente\",\"breadcrumb\":{\"@id\":\"https:\\\/\\\/regiaonews.net.br\\\/2022\\\/2023\\\/08\\\/14\\\/deputado-federal-luiz-carlos-motta-repudia-plano-de-demissao-de-seis-mil-funcionarios-da-casas-bahia\\\/#breadcrumb\"},\"inLanguage\":\"pt-BR\",\"potentialAction\":[{\"@type\":\"ReadAction\",\"target\":[\"https:\\\/\\\/regiaonews.net.br\\\/2022\\\/2023\\\/08\\\/14\\\/deputado-federal-luiz-carlos-motta-repudia-plano-de-demissao-de-seis-mil-funcionarios-da-casas-bahia\\\/\"]}]},{\"@type\":\"ImageObject\",\"inLanguage\":\"pt-BR\",\"@id\":\"https:\\\/\\\/regiaonews.net.br\\\/2022\\\/2023\\\/08\\\/14\\\/deputado-federal-luiz-carlos-motta-repudia-plano-de-demissao-de-seis-mil-funcionarios-da-casas-bahia\\\/#primaryimage\",\"url\":\"https:\\\/\\\/regiaonews.net.br\\\/2022\\\/wp-content\\\/uploads\\\/2023\\\/08\\\/IMG_0256-scaled.jpg\",\"contentUrl\":\"https:\\\/\\\/regiaonews.net.br\\\/2022\\\/wp-content\\\/uploads\\\/2023\\\/08\\\/IMG_0256-scaled.jpg\",\"width\":2560,\"height\":1707},{\"@type\":\"BreadcrumbList\",\"@id\":\"https:\\\/\\\/regiaonews.net.br\\\/2022\\\/2023\\\/08\\\/14\\\/deputado-federal-luiz-carlos-motta-repudia-plano-de-demissao-de-seis-mil-funcionarios-da-casas-bahia\\\/#breadcrumb\",\"itemListElement\":[{\"@type\":\"ListItem\",\"position\":1,\"name\":\"In\u00edcio\",\"item\":\"https:\\\/\\\/regiaonews.net.br\\\/2022\\\/\"},{\"@type\":\"ListItem\",\"position\":2,\"name\":\"Deputado Federal Luiz Carlos Motta repudia plano de demiss\u00e3o de seis mil funcion\u00e1rios da Casas Bahia\"}]},{\"@type\":\"WebSite\",\"@id\":\"https:\\\/\\\/regiaonews.net.br\\\/2022\\\/#website\",\"url\":\"https:\\\/\\\/regiaonews.net.br\\\/2022\\\/\",\"name\":\"Regi\u00e3o News\",\"description\":\"Site de Not\u00edcias de Barretos e regi\u00e3o\",\"publisher\":{\"@id\":\"https:\\\/\\\/regiaonews.net.br\\\/2022\\\/#organization\"},\"potentialAction\":[{\"@type\":\"SearchAction\",\"target\":{\"@type\":\"EntryPoint\",\"urlTemplate\":\"https:\\\/\\\/regiaonews.net.br\\\/2022\\\/?s={search_term_string}\"},\"query-input\":{\"@type\":\"PropertyValueSpecification\",\"valueRequired\":true,\"valueName\":\"search_term_string\"}}],\"inLanguage\":\"pt-BR\"},{\"@type\":\"Organization\",\"@id\":\"https:\\\/\\\/regiaonews.net.br\\\/2022\\\/#organization\",\"name\":\"Regi\u00e3o News\",\"url\":\"https:\\\/\\\/regiaonews.net.br\\\/2022\\\/\",\"logo\":{\"@type\":\"ImageObject\",\"inLanguage\":\"pt-BR\",\"@id\":\"https:\\\/\\\/regiaonews.net.br\\\/2022\\\/#\\\/schema\\\/logo\\\/image\\\/\",\"url\":\"https:\\\/\\\/regiaonews.net.br\\\/2022\\\/wp-content\\\/uploads\\\/2026\\\/03\\\/regiao-13-anos-scaled.jpg\",\"contentUrl\":\"https:\\\/\\\/regiaonews.net.br\\\/2022\\\/wp-content\\\/uploads\\\/2026\\\/03\\\/regiao-13-anos-scaled.jpg\",\"width\":2560,\"height\":635,\"caption\":\"Regi\u00e3o News\"},\"image\":{\"@id\":\"https:\\\/\\\/regiaonews.net.br\\\/2022\\\/#\\\/schema\\\/logo\\\/image\\\/\"}},{\"@type\":\"Person\",\"@id\":\"https:\\\/\\\/regiaonews.net.br\\\/2022\\\/#\\\/schema\\\/person\\\/2d205a608a5aa97ac279d7a5e6d89ad8\",\"name\":\"Roberto\",\"image\":{\"@type\":\"ImageObject\",\"inLanguage\":\"pt-BR\",\"@id\":\"https:\\\/\\\/secure.gravatar.com\\\/avatar\\\/42749d8b712ff9d59ca93dc150494e5b55a44134482993f5baeb97e61b7ecc89?s=96&d=mm&r=g\",\"url\":\"https:\\\/\\\/secure.gravatar.com\\\/avatar\\\/42749d8b712ff9d59ca93dc150494e5b55a44134482993f5baeb97e61b7ecc89?s=96&d=mm&r=g\",\"contentUrl\":\"https:\\\/\\\/secure.gravatar.com\\\/avatar\\\/42749d8b712ff9d59ca93dc150494e5b55a44134482993f5baeb97e61b7ecc89?s=96&d=mm&r=g\",\"caption\":\"Roberto\"},\"url\":\"https:\\\/\\\/regiaonews.net.br\\\/2022\\\/author\\\/roberto\\\/\"}]}<\/script>\n<!-- \/ Yoast SEO plugin. -->","yoast_head_json":{"title":"Deputado Federal Luiz Carlos Motta repudia plano de demiss\u00e3o","description":"Deputado Federal Luiz Carlos Motta (PL\/SP) manifestou veemente rep\u00fadio ao plano de demiss\u00e3o de aproximadamente","robots":{"index":"index","follow":"follow","max-snippet":"max-snippet:-1","max-image-preview":"max-image-preview:large","max-video-preview":"max-video-preview:-1"},"canonical":"https:\/\/regiaonews.net.br\/2022\/2023\/08\/14\/deputado-federal-luiz-carlos-motta-repudia-plano-de-demissao-de-seis-mil-funcionarios-da-casas-bahia\/","og_locale":"pt_BR","og_type":"article","og_title":"Deputado Federal Luiz Carlos Motta repudia plano de demiss\u00e3o","og_description":"Deputado Federal Luiz Carlos Motta (PL\/SP) manifestou veemente rep\u00fadio ao plano de demiss\u00e3o de aproximadamente","og_url":"https:\/\/regiaonews.net.br\/2022\/2023\/08\/14\/deputado-federal-luiz-carlos-motta-repudia-plano-de-demissao-de-seis-mil-funcionarios-da-casas-bahia\/","og_site_name":"Regi\u00e3o News","article_published_time":"2023-08-14T13:01:05+00:00","article_modified_time":"2023-08-15T01:58:43+00:00","og_image":[{"width":2560,"height":1707,"url":"https:\/\/regiaonews.net.br\/2022\/wp-content\/uploads\/2023\/08\/IMG_0256-scaled.jpg","type":"image\/jpeg"}],"author":"Roberto","twitter_card":"summary_large_image","twitter_misc":{"Escrito por":"Roberto","Est. tempo de leitura":"3 minutos"},"schema":{"@context":"https:\/\/schema.org","@graph":[{"@type":"Article","@id":"https:\/\/regiaonews.net.br\/2022\/2023\/08\/14\/deputado-federal-luiz-carlos-motta-repudia-plano-de-demissao-de-seis-mil-funcionarios-da-casas-bahia\/#article","isPartOf":{"@id":"https:\/\/regiaonews.net.br\/2022\/2023\/08\/14\/deputado-federal-luiz-carlos-motta-repudia-plano-de-demissao-de-seis-mil-funcionarios-da-casas-bahia\/"},"author":{"name":"Roberto","@id":"https:\/\/regiaonews.net.br\/2022\/#\/schema\/person\/2d205a608a5aa97ac279d7a5e6d89ad8"},"headline":"Deputado Federal Luiz Carlos Motta repudia plano de demiss\u00e3o de seis mil funcion\u00e1rios da Casas Bahia","datePublished":"2023-08-14T13:01:05+00:00","dateModified":"2023-08-15T01:58:43+00:00","mainEntityOfPage":{"@id":"https:\/\/regiaonews.net.br\/2022\/2023\/08\/14\/deputado-federal-luiz-carlos-motta-repudia-plano-de-demissao-de-seis-mil-funcionarios-da-casas-bahia\/"},"wordCount":473,"commentCount":0,"publisher":{"@id":"https:\/\/regiaonews.net.br\/2022\/#organization"},"image":{"@id":"https:\/\/regiaonews.net.br\/2022\/2023\/08\/14\/deputado-federal-luiz-carlos-motta-repudia-plano-de-demissao-de-seis-mil-funcionarios-da-casas-bahia\/#primaryimage"},"thumbnailUrl":"https:\/\/regiaonews.net.br\/2022\/wp-content\/uploads\/2023\/08\/IMG_0256-scaled.jpg","articleSection":["Brasil","Pol\u00edtica"],"inLanguage":"pt-BR","potentialAction":[{"@type":"CommentAction","name":"Comment","target":["https:\/\/regiaonews.net.br\/2022\/2023\/08\/14\/deputado-federal-luiz-carlos-motta-repudia-plano-de-demissao-de-seis-mil-funcionarios-da-casas-bahia\/#respond"]}]},{"@type":"WebPage","@id":"https:\/\/regiaonews.net.br\/2022\/2023\/08\/14\/deputado-federal-luiz-carlos-motta-repudia-plano-de-demissao-de-seis-mil-funcionarios-da-casas-bahia\/","url":"https:\/\/regiaonews.net.br\/2022\/2023\/08\/14\/deputado-federal-luiz-carlos-motta-repudia-plano-de-demissao-de-seis-mil-funcionarios-da-casas-bahia\/","name":"Deputado Federal Luiz Carlos Motta repudia plano de demiss\u00e3o","isPartOf":{"@id":"https:\/\/regiaonews.net.br\/2022\/#website"},"primaryImageOfPage":{"@id":"https:\/\/regiaonews.net.br\/2022\/2023\/08\/14\/deputado-federal-luiz-carlos-motta-repudia-plano-de-demissao-de-seis-mil-funcionarios-da-casas-bahia\/#primaryimage"},"image":{"@id":"https:\/\/regiaonews.net.br\/2022\/2023\/08\/14\/deputado-federal-luiz-carlos-motta-repudia-plano-de-demissao-de-seis-mil-funcionarios-da-casas-bahia\/#primaryimage"},"thumbnailUrl":"https:\/\/regiaonews.net.br\/2022\/wp-content\/uploads\/2023\/08\/IMG_0256-scaled.jpg","datePublished":"2023-08-14T13:01:05+00:00","dateModified":"2023-08-15T01:58:43+00:00","description":"Deputado Federal Luiz Carlos Motta (PL\/SP) manifestou veemente rep\u00fadio ao plano de demiss\u00e3o de aproximadamente","breadcrumb":{"@id":"https:\/\/regiaonews.net.br\/2022\/2023\/08\/14\/deputado-federal-luiz-carlos-motta-repudia-plano-de-demissao-de-seis-mil-funcionarios-da-casas-bahia\/#breadcrumb"},"inLanguage":"pt-BR","potentialAction":[{"@type":"ReadAction","target":["https:\/\/regiaonews.net.br\/2022\/2023\/08\/14\/deputado-federal-luiz-carlos-motta-repudia-plano-de-demissao-de-seis-mil-funcionarios-da-casas-bahia\/"]}]},{"@type":"ImageObject","inLanguage":"pt-BR","@id":"https:\/\/regiaonews.net.br\/2022\/2023\/08\/14\/deputado-federal-luiz-carlos-motta-repudia-plano-de-demissao-de-seis-mil-funcionarios-da-casas-bahia\/#primaryimage","url":"https:\/\/regiaonews.net.br\/2022\/wp-content\/uploads\/2023\/08\/IMG_0256-scaled.jpg","contentUrl":"https:\/\/regiaonews.net.br\/2022\/wp-content\/uploads\/2023\/08\/IMG_0256-scaled.jpg","width":2560,"height":1707},{"@type":"BreadcrumbList","@id":"https:\/\/regiaonews.net.br\/2022\/2023\/08\/14\/deputado-federal-luiz-carlos-motta-repudia-plano-de-demissao-de-seis-mil-funcionarios-da-casas-bahia\/#breadcrumb","itemListElement":[{"@type":"ListItem","position":1,"name":"In\u00edcio","item":"https:\/\/regiaonews.net.br\/2022\/"},{"@type":"ListItem","position":2,"name":"Deputado Federal Luiz Carlos Motta repudia plano de demiss\u00e3o de seis mil funcion\u00e1rios da Casas Bahia"}]},{"@type":"WebSite","@id":"https:\/\/regiaonews.net.br\/2022\/#website","url":"https:\/\/regiaonews.net.br\/2022\/","name":"Regi\u00e3o News","description":"Site de Not\u00edcias de Barretos e regi\u00e3o","publisher":{"@id":"https:\/\/regiaonews.net.br\/2022\/#organization"},"potentialAction":[{"@type":"SearchAction","target":{"@type":"EntryPoint","urlTemplate":"https:\/\/regiaonews.net.br\/2022\/?s={search_term_string}"},"query-input":{"@type":"PropertyValueSpecification","valueRequired":true,"valueName":"search_term_string"}}],"inLanguage":"pt-BR"},{"@type":"Organization","@id":"https:\/\/regiaonews.net.br\/2022\/#organization","name":"Regi\u00e3o News","url":"https:\/\/regiaonews.net.br\/2022\/","logo":{"@type":"ImageObject","inLanguage":"pt-BR","@id":"https:\/\/regiaonews.net.br\/2022\/#\/schema\/logo\/image\/","url":"https:\/\/regiaonews.net.br\/2022\/wp-content\/uploads\/2026\/03\/regiao-13-anos-scaled.jpg","contentUrl":"https:\/\/regiaonews.net.br\/2022\/wp-content\/uploads\/2026\/03\/regiao-13-anos-scaled.jpg","width":2560,"height":635,"caption":"Regi\u00e3o News"},"image":{"@id":"https:\/\/regiaonews.net.br\/2022\/#\/schema\/logo\/image\/"}},{"@type":"Person","@id":"https:\/\/regiaonews.net.br\/2022\/#\/schema\/person\/2d205a608a5aa97ac279d7a5e6d89ad8","name":"Roberto","image":{"@type":"ImageObject","inLanguage":"pt-BR","@id":"https:\/\/secure.gravatar.com\/avatar\/42749d8b712ff9d59ca93dc150494e5b55a44134482993f5baeb97e61b7ecc89?s=96&d=mm&r=g","url":"https:\/\/secure.gravatar.com\/avatar\/42749d8b712ff9d59ca93dc150494e5b55a44134482993f5baeb97e61b7ecc89?s=96&d=mm&r=g","contentUrl":"https:\/\/secure.gravatar.com\/avatar\/42749d8b712ff9d59ca93dc150494e5b55a44134482993f5baeb97e61b7ecc89?s=96&d=mm&r=g","caption":"Roberto"},"url":"https:\/\/regiaonews.net.br\/2022\/author\/roberto\/"}]}},"publishpress_future_action":{"enabled":false,"date":"2026-05-03 17:34:44","action":"change-status","newStatus":"draft","terms":[],"taxonomy":"category","extraData":[]},"publishpress_future_workflow_manual_trigger":{"enabledWorkflows":[]},"_links":{"self":[{"href":"https:\/\/regiaonews.net.br\/2022\/wp-json\/wp\/v2\/posts\/93394","targetHints":{"allow":["GET"]}}],"collection":[{"href":"https:\/\/regiaonews.net.br\/2022\/wp-json\/wp\/v2\/posts"}],"about":[{"href":"https:\/\/regiaonews.net.br\/2022\/wp-json\/wp\/v2\/types\/post"}],"author":[{"embeddable":true,"href":"https:\/\/regiaonews.net.br\/2022\/wp-json\/wp\/v2\/users\/2"}],"replies":[{"embeddable":true,"href":"https:\/\/regiaonews.net.br\/2022\/wp-json\/wp\/v2\/comments?post=93394"}],"version-history":[{"count":3,"href":"https:\/\/regiaonews.net.br\/2022\/wp-json\/wp\/v2\/posts\/93394\/revisions"}],"predecessor-version":[{"id":93424,"href":"https:\/\/regiaonews.net.br\/2022\/wp-json\/wp\/v2\/posts\/93394\/revisions\/93424"}],"wp:featuredmedia":[{"embeddable":true,"href":"https:\/\/regiaonews.net.br\/2022\/wp-json\/wp\/v2\/media\/93395"}],"wp:attachment":[{"href":"https:\/\/regiaonews.net.br\/2022\/wp-json\/wp\/v2\/media?parent=93394"}],"wp:term":[{"taxonomy":"category","embeddable":true,"href":"https:\/\/regiaonews.net.br\/2022\/wp-json\/wp\/v2\/categories?post=93394"},{"taxonomy":"post_tag","embeddable":true,"href":"https:\/\/regiaonews.net.br\/2022\/wp-json\/wp\/v2\/tags?post=93394"}],"curies":[{"name":"wp","href":"https:\/\/api.w.org\/{rel}","templated":true}]}}