{"id":93391,"date":"2023-08-14T09:59:10","date_gmt":"2023-08-14T12:59:10","guid":{"rendered":"https:\/\/regiaonews.net.br\/2022\/?p=93391"},"modified":"2023-08-14T23:00:44","modified_gmt":"2023-08-15T02:00:44","slug":"curso-de-engenharia-civil-do-unifeb-e-impulsionado-pela-alta-demanda-de-profissionais-para-atuarem-em-barretos-e-regiao","status":"publish","type":"post","link":"https:\/\/regiaonews.net.br\/2022\/2023\/08\/14\/curso-de-engenharia-civil-do-unifeb-e-impulsionado-pela-alta-demanda-de-profissionais-para-atuarem-em-barretos-e-regiao\/","title":{"rendered":"Curso de Engenharia Civil do UNIFEB \u00e9 impulsionado pela alta demanda de profissionais para atuarem em Barretos e regi\u00e3o\u00a0"},"content":{"rendered":"<p style=\"text-align: center;\"><b>Segundo dados recentes do CAGED (Cadastro Geral de Empregados e Desempregados), a constru\u00e7\u00e3o civil \u00e9 um dos segmentos que lideram a gera\u00e7\u00e3o de empregos na cidade\u00a0<\/b><\/p>\n<p>\u00c9 not\u00e1vel a crescente verticaliza\u00e7\u00e3o dos im\u00f3veis por toda a cidade de\u00a0Barretos. Al\u00e9m da constru\u00e7\u00e3o de novos pr\u00e9dios, o transporte rodovi\u00e1rio\u00a0ganhou for\u00e7a com as pavimenta\u00e7\u00f5es das rodovias que ligam Barretos \u00e0s cidades da regi\u00e3o, o que tem impulsionado as contrata\u00e7\u00f5es de engenheiros civis para atuarem nessas obras. Segundo\u00a0dados do\u00a0CAGED\u00a0(Cadastro Geral de Empregados e Desempregados),\u00a0em julho passado\u00a0o munic\u00edpio de Barretos registrou saldo positivo\u00a0na cria\u00e7\u00e3o de\u00a0vagas de trabalho com carteira assinada, com destaque para a constru\u00e7\u00e3o civil que esteve entre os segmentos que mais contrataram, perdendo apenas para o com\u00e9rcio.<\/p>\n<p>De acordo com o coordenador do curso de Engenharia Civil do UNIFEB (Centro Universit\u00e1rio da Funda\u00e7\u00e3o Educacional de Barretos), Prof. Me. Ricardo Paganelli de Lima, o setor tur\u00edstico e a \u00e1rea da sa\u00fade tamb\u00e9m impulsionam a demanda por mais obras. \u201cEstamos acompanhando o aumento da conscientiza\u00e7\u00e3o da popula\u00e7\u00e3o sobre a necessidade e import\u00e2ncia de em todo tipo de obra contar com um engenheiro civil, o que \u00e9 muito bom para os rec\u00e9m-formados. O Brasil e a engenharia dependem da disponibiliza\u00e7\u00e3o de recursos, se houver incentivos, o setor cresce exponencialmente\u201d, destacou.<\/p>\n<p>A Engenharia Civil do UNIFEB foi o primeiro curso implantado na institui\u00e7\u00e3o, que em 2024 completa 60 anos de atua\u00e7\u00e3o no ensino superior. Centenas de grandes profissionais da \u00e1rea, de renome nacional e internacional, foram formados em Barretos. Em fun\u00e7\u00e3o disso, o curso se tornou refer\u00eancia no interior do Estado de S\u00e3o Paulo e as principais empresas de constru\u00e7\u00e3o civil priorizam demandar profissionais formados ou ainda em forma\u00e7\u00e3o no Centro Universit\u00e1rio. \u201cAs empresas que chegam na cidade, al\u00e9m das que j\u00e1 existem aqui, procuram seus profissionais conosco. E n\u00e3o estamos falando apenas das empresas atuando em Barretos, toda regi\u00e3o busca por nossos futuros engenheiros. Hoje nossos alunos t\u00eam o privil\u00e9gio de escolher\u00a0onde querem estagiar. Semanalmente temos muitas empresas solicitando estagi\u00e1rios, auxiliares e engenheiros rec\u00e9m-formados. Isso motiva nossos alunos a terem certeza que estar\u00e3o\u00a0empregados durante e ao final de sua gradua\u00e7\u00e3o\u201d, destacou Paganelli.<\/p>\n<p>Segundo o coordenador, a \u00e1rea da Engenharia Civil \u00e9 muito ampla. \u201cO profissional pode atuar em execu\u00e7\u00e3o de obras residenciais, pavimenta\u00e7\u00e3o, pontes, infraestrutura e tamb\u00e9m gerenciar e fornecer consultorias de obras. Al\u00e9m disso, ele pode atuar na \u00e1rea projetual, projetos estruturais, hidr\u00e1ulicos, de infraestrutura, pavimenta\u00e7\u00e3o ou simplesmente um projeto residencial. O engenheiro civil \u00e9 um profissional privilegiado, porque tem um amplo campo de atua\u00e7\u00e3o e sempre ter\u00e1. Devemos considerar que cada vez mais as ferramentas de trabalho se tornam\u00a0tecnol\u00f3gicas e\u00a0o profissional, para se manter no mercado, precisa de constante atualiza\u00e7\u00e3o das novas tecnologias construtivas. O futuro do bom engenheiro civil \u00e9 dominar e evoluir as\u00a0t\u00e9cnicas\u00a0construtivas, para atender este mercado que quer tudo para ontem\u201d, explicou.<\/p>\n<p>Para Paganelli, no UNIFEB o grande diferencial do curso \u00e9 a multidisciplinaridade permitindo que o futuro engenheiro se transforme de acordo com o cen\u00e1rio econ\u00f4mico. \u201cTrabalhamos com uma metodologia de aula, que mostra desde os primeiros meses a atua\u00e7\u00e3o do engenheiro civil, unindo a teoria e a pr\u00e1tica das grandes \u00e1reas de atua\u00e7\u00e3o profissional. Contamos com professores especializados nas grandes \u00e1reas de atua\u00e7\u00e3o profissional sejam em obras ou escrit\u00f3rios. Isso traz para nossos alunos uma grande experi\u00eancia profissional enriquecendo fortemente sua forma\u00e7\u00e3o profissional\u201d, finalizou.<\/p>\n<p><b>VESTIBULAR\/2024<\/b><b>\u00a0<\/b><\/p>\n<p>Est\u00e3o abertas as inscri\u00e7\u00f5es para o Vestibular\/2024 do UNIFEB com vagas para os cursos de Administra\u00e7\u00e3o, Agronomia, Arquitetura e Urbanismo, Biomedicina, Ci\u00eancias Cont\u00e1beis, Direito, Educa\u00e7\u00e3o F\u00edsica, Engenharia Civil, Engenharia El\u00e9trica, Engenharia Mec\u00e2nica, Engenharia de Produ\u00e7\u00e3o, Engenharia Qu\u00edmica, Farm\u00e1cia, Fisioterapia, Medicina Veterin\u00e1ria, Odontologia, Pedagogia e Sistemas de Informa\u00e7\u00e3o. Todas as vagas s\u00e3o para o per\u00edodo noturno.<\/p>\n<p>Os interessados podem se inscrever pelo site\u00a0<a id=\"m_3890591683408430328OWAd105b194-23cf-7693-a102-66bbbaee4400\" href=\"http:\/\/www.vestibular.unifeb.edu.br\/\" target=\"_blank\" rel=\"noopener\" data-saferedirecturl=\"https:\/\/www.google.com\/url?q=http:\/\/www.vestibular.unifeb.edu.br\/&amp;source=gmail&amp;ust=1692104072077000&amp;usg=AOvVaw22iw9fD9Tt7xIVWh5-jihS\">www.vestibular.unifeb.<wbr \/>edu.br<\/a>, lembrando que a taxa para participa\u00e7\u00e3o da prova \u00e9 isenta. Outra op\u00e7\u00e3o para ingresso \u00e9 via ENEM (Exame Nacional do Ensino M\u00e9dio), onde o candidato pode utilizar sua pontua\u00e7\u00e3o obtida na avalia\u00e7\u00e3o.<\/p>\n<p>A prova presencial acontece no dia 24 de setembro, \u00e0s 14h, no campus do Centro Universit\u00e1rio.<\/p>\n","protected":false},"excerpt":{"rendered":"<p>Segundo dados recentes do CAGED (Cadastro Geral de Empregados e<\/p>\n","protected":false},"author":2,"featured_media":93392,"comment_status":"open","ping_status":"open","sticky":false,"template":"","format":"standard","meta":{"footnotes":""},"categories":[14,3],"tags":[],"class_list":["post-93391","post","type-post","status-publish","format-standard","has-post-thumbnail","hentry","category-barretos","category-geral"],"yoast_head":"<!-- This site is optimized with the Yoast SEO plugin v27.4 - https:\/\/yoast.com\/product\/yoast-seo-wordpress\/ -->\n<title>Curso de Engenharia Civil do UNIFEB \u00e9 impulsionado pela alt<\/title>\n<meta name=\"description\" content=\"\u00c9 not\u00e1vel a crescente verticaliza\u00e7\u00e3o dos im\u00f3veis por toda a cidade de\u00a0Barretos. Al\u00e9m da constru\u00e7\u00e3o de novos pr\u00e9dios, o transporte rodovi\u00e1rio\u00a0\" \/>\n<meta name=\"robots\" content=\"index, follow, max-snippet:-1, max-image-preview:large, max-video-preview:-1\" \/>\n<link rel=\"canonical\" href=\"https:\/\/regiaonews.net.br\/2022\/2023\/08\/14\/curso-de-engenharia-civil-do-unifeb-e-impulsionado-pela-alta-demanda-de-profissionais-para-atuarem-em-barretos-e-regiao\/\" \/>\n<meta property=\"og:locale\" content=\"pt_BR\" \/>\n<meta property=\"og:type\" content=\"article\" \/>\n<meta property=\"og:title\" content=\"Curso de Engenharia Civil do UNIFEB \u00e9 impulsionado pela alt\" \/>\n<meta property=\"og:description\" content=\"\u00c9 not\u00e1vel a crescente verticaliza\u00e7\u00e3o dos im\u00f3veis por toda a cidade de\u00a0Barretos. Al\u00e9m da constru\u00e7\u00e3o de novos pr\u00e9dios, o transporte rodovi\u00e1rio\u00a0\" \/>\n<meta property=\"og:url\" content=\"https:\/\/regiaonews.net.br\/2022\/2023\/08\/14\/curso-de-engenharia-civil-do-unifeb-e-impulsionado-pela-alta-demanda-de-profissionais-para-atuarem-em-barretos-e-regiao\/\" \/>\n<meta property=\"og:site_name\" content=\"Regi\u00e3o News\" \/>\n<meta property=\"article:published_time\" content=\"2023-08-14T12:59:10+00:00\" \/>\n<meta property=\"article:modified_time\" content=\"2023-08-15T02:00:44+00:00\" \/>\n<meta property=\"og:image\" content=\"https:\/\/regiaonews.net.br\/2022\/wp-content\/uploads\/2023\/08\/Ricardo-Paganelli-scaled.jpg\" \/>\n\t<meta property=\"og:image:width\" content=\"2560\" \/>\n\t<meta property=\"og:image:height\" content=\"1920\" \/>\n\t<meta property=\"og:image:type\" content=\"image\/jpeg\" \/>\n<meta name=\"author\" content=\"Roberto\" \/>\n<meta name=\"twitter:card\" content=\"summary_large_image\" \/>\n<meta name=\"twitter:label1\" content=\"Escrito por\" \/>\n\t<meta name=\"twitter:data1\" content=\"Roberto\" \/>\n\t<meta name=\"twitter:label2\" content=\"Est. tempo de leitura\" \/>\n\t<meta name=\"twitter:data2\" content=\"4 minutos\" \/>\n<script type=\"application\/ld+json\" class=\"yoast-schema-graph\">{\"@context\":\"https:\\\/\\\/schema.org\",\"@graph\":[{\"@type\":\"Article\",\"@id\":\"https:\\\/\\\/regiaonews.net.br\\\/2022\\\/2023\\\/08\\\/14\\\/curso-de-engenharia-civil-do-unifeb-e-impulsionado-pela-alta-demanda-de-profissionais-para-atuarem-em-barretos-e-regiao\\\/#article\",\"isPartOf\":{\"@id\":\"https:\\\/\\\/regiaonews.net.br\\\/2022\\\/2023\\\/08\\\/14\\\/curso-de-engenharia-civil-do-unifeb-e-impulsionado-pela-alta-demanda-de-profissionais-para-atuarem-em-barretos-e-regiao\\\/\"},\"author\":{\"name\":\"Roberto\",\"@id\":\"https:\\\/\\\/regiaonews.net.br\\\/2022\\\/#\\\/schema\\\/person\\\/2d205a608a5aa97ac279d7a5e6d89ad8\"},\"headline\":\"Curso de Engenharia Civil do UNIFEB \u00e9 impulsionado pela alta demanda de profissionais para atuarem em Barretos e regi\u00e3o\u00a0\",\"datePublished\":\"2023-08-14T12:59:10+00:00\",\"dateModified\":\"2023-08-15T02:00:44+00:00\",\"mainEntityOfPage\":{\"@id\":\"https:\\\/\\\/regiaonews.net.br\\\/2022\\\/2023\\\/08\\\/14\\\/curso-de-engenharia-civil-do-unifeb-e-impulsionado-pela-alta-demanda-de-profissionais-para-atuarem-em-barretos-e-regiao\\\/\"},\"wordCount\":768,\"commentCount\":0,\"publisher\":{\"@id\":\"https:\\\/\\\/regiaonews.net.br\\\/2022\\\/#organization\"},\"image\":{\"@id\":\"https:\\\/\\\/regiaonews.net.br\\\/2022\\\/2023\\\/08\\\/14\\\/curso-de-engenharia-civil-do-unifeb-e-impulsionado-pela-alta-demanda-de-profissionais-para-atuarem-em-barretos-e-regiao\\\/#primaryimage\"},\"thumbnailUrl\":\"https:\\\/\\\/regiaonews.net.br\\\/2022\\\/wp-content\\\/uploads\\\/2023\\\/08\\\/Ricardo-Paganelli-scaled.jpg\",\"articleSection\":[\"Barretos\",\"Geral\"],\"inLanguage\":\"pt-BR\",\"potentialAction\":[{\"@type\":\"CommentAction\",\"name\":\"Comment\",\"target\":[\"https:\\\/\\\/regiaonews.net.br\\\/2022\\\/2023\\\/08\\\/14\\\/curso-de-engenharia-civil-do-unifeb-e-impulsionado-pela-alta-demanda-de-profissionais-para-atuarem-em-barretos-e-regiao\\\/#respond\"]}]},{\"@type\":\"WebPage\",\"@id\":\"https:\\\/\\\/regiaonews.net.br\\\/2022\\\/2023\\\/08\\\/14\\\/curso-de-engenharia-civil-do-unifeb-e-impulsionado-pela-alta-demanda-de-profissionais-para-atuarem-em-barretos-e-regiao\\\/\",\"url\":\"https:\\\/\\\/regiaonews.net.br\\\/2022\\\/2023\\\/08\\\/14\\\/curso-de-engenharia-civil-do-unifeb-e-impulsionado-pela-alta-demanda-de-profissionais-para-atuarem-em-barretos-e-regiao\\\/\",\"name\":\"Curso de Engenharia Civil do UNIFEB \u00e9 impulsionado pela alt\",\"isPartOf\":{\"@id\":\"https:\\\/\\\/regiaonews.net.br\\\/2022\\\/#website\"},\"primaryImageOfPage\":{\"@id\":\"https:\\\/\\\/regiaonews.net.br\\\/2022\\\/2023\\\/08\\\/14\\\/curso-de-engenharia-civil-do-unifeb-e-impulsionado-pela-alta-demanda-de-profissionais-para-atuarem-em-barretos-e-regiao\\\/#primaryimage\"},\"image\":{\"@id\":\"https:\\\/\\\/regiaonews.net.br\\\/2022\\\/2023\\\/08\\\/14\\\/curso-de-engenharia-civil-do-unifeb-e-impulsionado-pela-alta-demanda-de-profissionais-para-atuarem-em-barretos-e-regiao\\\/#primaryimage\"},\"thumbnailUrl\":\"https:\\\/\\\/regiaonews.net.br\\\/2022\\\/wp-content\\\/uploads\\\/2023\\\/08\\\/Ricardo-Paganelli-scaled.jpg\",\"datePublished\":\"2023-08-14T12:59:10+00:00\",\"dateModified\":\"2023-08-15T02:00:44+00:00\",\"description\":\"\u00c9 not\u00e1vel a crescente verticaliza\u00e7\u00e3o dos im\u00f3veis por toda a cidade de\u00a0Barretos. Al\u00e9m da constru\u00e7\u00e3o de novos pr\u00e9dios, o transporte rodovi\u00e1rio\u00a0\",\"breadcrumb\":{\"@id\":\"https:\\\/\\\/regiaonews.net.br\\\/2022\\\/2023\\\/08\\\/14\\\/curso-de-engenharia-civil-do-unifeb-e-impulsionado-pela-alta-demanda-de-profissionais-para-atuarem-em-barretos-e-regiao\\\/#breadcrumb\"},\"inLanguage\":\"pt-BR\",\"potentialAction\":[{\"@type\":\"ReadAction\",\"target\":[\"https:\\\/\\\/regiaonews.net.br\\\/2022\\\/2023\\\/08\\\/14\\\/curso-de-engenharia-civil-do-unifeb-e-impulsionado-pela-alta-demanda-de-profissionais-para-atuarem-em-barretos-e-regiao\\\/\"]}]},{\"@type\":\"ImageObject\",\"inLanguage\":\"pt-BR\",\"@id\":\"https:\\\/\\\/regiaonews.net.br\\\/2022\\\/2023\\\/08\\\/14\\\/curso-de-engenharia-civil-do-unifeb-e-impulsionado-pela-alta-demanda-de-profissionais-para-atuarem-em-barretos-e-regiao\\\/#primaryimage\",\"url\":\"https:\\\/\\\/regiaonews.net.br\\\/2022\\\/wp-content\\\/uploads\\\/2023\\\/08\\\/Ricardo-Paganelli-scaled.jpg\",\"contentUrl\":\"https:\\\/\\\/regiaonews.net.br\\\/2022\\\/wp-content\\\/uploads\\\/2023\\\/08\\\/Ricardo-Paganelli-scaled.jpg\",\"width\":2560,\"height\":1920},{\"@type\":\"BreadcrumbList\",\"@id\":\"https:\\\/\\\/regiaonews.net.br\\\/2022\\\/2023\\\/08\\\/14\\\/curso-de-engenharia-civil-do-unifeb-e-impulsionado-pela-alta-demanda-de-profissionais-para-atuarem-em-barretos-e-regiao\\\/#breadcrumb\",\"itemListElement\":[{\"@type\":\"ListItem\",\"position\":1,\"name\":\"In\u00edcio\",\"item\":\"https:\\\/\\\/regiaonews.net.br\\\/2022\\\/\"},{\"@type\":\"ListItem\",\"position\":2,\"name\":\"Curso de Engenharia Civil do UNIFEB \u00e9 impulsionado pela alta demanda de profissionais para atuarem em Barretos e regi\u00e3o\u00a0\"}]},{\"@type\":\"WebSite\",\"@id\":\"https:\\\/\\\/regiaonews.net.br\\\/2022\\\/#website\",\"url\":\"https:\\\/\\\/regiaonews.net.br\\\/2022\\\/\",\"name\":\"Regi\u00e3o News\",\"description\":\"Site de Not\u00edcias de Barretos e regi\u00e3o\",\"publisher\":{\"@id\":\"https:\\\/\\\/regiaonews.net.br\\\/2022\\\/#organization\"},\"potentialAction\":[{\"@type\":\"SearchAction\",\"target\":{\"@type\":\"EntryPoint\",\"urlTemplate\":\"https:\\\/\\\/regiaonews.net.br\\\/2022\\\/?s={search_term_string}\"},\"query-input\":{\"@type\":\"PropertyValueSpecification\",\"valueRequired\":true,\"valueName\":\"search_term_string\"}}],\"inLanguage\":\"pt-BR\"},{\"@type\":\"Organization\",\"@id\":\"https:\\\/\\\/regiaonews.net.br\\\/2022\\\/#organization\",\"name\":\"Regi\u00e3o News\",\"url\":\"https:\\\/\\\/regiaonews.net.br\\\/2022\\\/\",\"logo\":{\"@type\":\"ImageObject\",\"inLanguage\":\"pt-BR\",\"@id\":\"https:\\\/\\\/regiaonews.net.br\\\/2022\\\/#\\\/schema\\\/logo\\\/image\\\/\",\"url\":\"https:\\\/\\\/regiaonews.net.br\\\/2022\\\/wp-content\\\/uploads\\\/2026\\\/03\\\/regiao-13-anos-scaled.jpg\",\"contentUrl\":\"https:\\\/\\\/regiaonews.net.br\\\/2022\\\/wp-content\\\/uploads\\\/2026\\\/03\\\/regiao-13-anos-scaled.jpg\",\"width\":2560,\"height\":635,\"caption\":\"Regi\u00e3o News\"},\"image\":{\"@id\":\"https:\\\/\\\/regiaonews.net.br\\\/2022\\\/#\\\/schema\\\/logo\\\/image\\\/\"}},{\"@type\":\"Person\",\"@id\":\"https:\\\/\\\/regiaonews.net.br\\\/2022\\\/#\\\/schema\\\/person\\\/2d205a608a5aa97ac279d7a5e6d89ad8\",\"name\":\"Roberto\",\"image\":{\"@type\":\"ImageObject\",\"inLanguage\":\"pt-BR\",\"@id\":\"https:\\\/\\\/secure.gravatar.com\\\/avatar\\\/42749d8b712ff9d59ca93dc150494e5b55a44134482993f5baeb97e61b7ecc89?s=96&d=mm&r=g\",\"url\":\"https:\\\/\\\/secure.gravatar.com\\\/avatar\\\/42749d8b712ff9d59ca93dc150494e5b55a44134482993f5baeb97e61b7ecc89?s=96&d=mm&r=g\",\"contentUrl\":\"https:\\\/\\\/secure.gravatar.com\\\/avatar\\\/42749d8b712ff9d59ca93dc150494e5b55a44134482993f5baeb97e61b7ecc89?s=96&d=mm&r=g\",\"caption\":\"Roberto\"},\"url\":\"https:\\\/\\\/regiaonews.net.br\\\/2022\\\/author\\\/roberto\\\/\"}]}<\/script>\n<!-- \/ Yoast SEO plugin. -->","yoast_head_json":{"title":"Curso de Engenharia Civil do UNIFEB \u00e9 impulsionado pela alt","description":"\u00c9 not\u00e1vel a crescente verticaliza\u00e7\u00e3o dos im\u00f3veis por toda a cidade de\u00a0Barretos. Al\u00e9m da constru\u00e7\u00e3o de novos pr\u00e9dios, o transporte rodovi\u00e1rio\u00a0","robots":{"index":"index","follow":"follow","max-snippet":"max-snippet:-1","max-image-preview":"max-image-preview:large","max-video-preview":"max-video-preview:-1"},"canonical":"https:\/\/regiaonews.net.br\/2022\/2023\/08\/14\/curso-de-engenharia-civil-do-unifeb-e-impulsionado-pela-alta-demanda-de-profissionais-para-atuarem-em-barretos-e-regiao\/","og_locale":"pt_BR","og_type":"article","og_title":"Curso de Engenharia Civil do UNIFEB \u00e9 impulsionado pela alt","og_description":"\u00c9 not\u00e1vel a crescente verticaliza\u00e7\u00e3o dos im\u00f3veis por toda a cidade de\u00a0Barretos. Al\u00e9m da constru\u00e7\u00e3o de novos pr\u00e9dios, o transporte rodovi\u00e1rio\u00a0","og_url":"https:\/\/regiaonews.net.br\/2022\/2023\/08\/14\/curso-de-engenharia-civil-do-unifeb-e-impulsionado-pela-alta-demanda-de-profissionais-para-atuarem-em-barretos-e-regiao\/","og_site_name":"Regi\u00e3o News","article_published_time":"2023-08-14T12:59:10+00:00","article_modified_time":"2023-08-15T02:00:44+00:00","og_image":[{"width":2560,"height":1920,"url":"https:\/\/regiaonews.net.br\/2022\/wp-content\/uploads\/2023\/08\/Ricardo-Paganelli-scaled.jpg","type":"image\/jpeg"}],"author":"Roberto","twitter_card":"summary_large_image","twitter_misc":{"Escrito por":"Roberto","Est. tempo de leitura":"4 minutos"},"schema":{"@context":"https:\/\/schema.org","@graph":[{"@type":"Article","@id":"https:\/\/regiaonews.net.br\/2022\/2023\/08\/14\/curso-de-engenharia-civil-do-unifeb-e-impulsionado-pela-alta-demanda-de-profissionais-para-atuarem-em-barretos-e-regiao\/#article","isPartOf":{"@id":"https:\/\/regiaonews.net.br\/2022\/2023\/08\/14\/curso-de-engenharia-civil-do-unifeb-e-impulsionado-pela-alta-demanda-de-profissionais-para-atuarem-em-barretos-e-regiao\/"},"author":{"name":"Roberto","@id":"https:\/\/regiaonews.net.br\/2022\/#\/schema\/person\/2d205a608a5aa97ac279d7a5e6d89ad8"},"headline":"Curso de Engenharia Civil do UNIFEB \u00e9 impulsionado pela alta demanda de profissionais para atuarem em Barretos e regi\u00e3o\u00a0","datePublished":"2023-08-14T12:59:10+00:00","dateModified":"2023-08-15T02:00:44+00:00","mainEntityOfPage":{"@id":"https:\/\/regiaonews.net.br\/2022\/2023\/08\/14\/curso-de-engenharia-civil-do-unifeb-e-impulsionado-pela-alta-demanda-de-profissionais-para-atuarem-em-barretos-e-regiao\/"},"wordCount":768,"commentCount":0,"publisher":{"@id":"https:\/\/regiaonews.net.br\/2022\/#organization"},"image":{"@id":"https:\/\/regiaonews.net.br\/2022\/2023\/08\/14\/curso-de-engenharia-civil-do-unifeb-e-impulsionado-pela-alta-demanda-de-profissionais-para-atuarem-em-barretos-e-regiao\/#primaryimage"},"thumbnailUrl":"https:\/\/regiaonews.net.br\/2022\/wp-content\/uploads\/2023\/08\/Ricardo-Paganelli-scaled.jpg","articleSection":["Barretos","Geral"],"inLanguage":"pt-BR","potentialAction":[{"@type":"CommentAction","name":"Comment","target":["https:\/\/regiaonews.net.br\/2022\/2023\/08\/14\/curso-de-engenharia-civil-do-unifeb-e-impulsionado-pela-alta-demanda-de-profissionais-para-atuarem-em-barretos-e-regiao\/#respond"]}]},{"@type":"WebPage","@id":"https:\/\/regiaonews.net.br\/2022\/2023\/08\/14\/curso-de-engenharia-civil-do-unifeb-e-impulsionado-pela-alta-demanda-de-profissionais-para-atuarem-em-barretos-e-regiao\/","url":"https:\/\/regiaonews.net.br\/2022\/2023\/08\/14\/curso-de-engenharia-civil-do-unifeb-e-impulsionado-pela-alta-demanda-de-profissionais-para-atuarem-em-barretos-e-regiao\/","name":"Curso de Engenharia Civil do UNIFEB \u00e9 impulsionado pela alt","isPartOf":{"@id":"https:\/\/regiaonews.net.br\/2022\/#website"},"primaryImageOfPage":{"@id":"https:\/\/regiaonews.net.br\/2022\/2023\/08\/14\/curso-de-engenharia-civil-do-unifeb-e-impulsionado-pela-alta-demanda-de-profissionais-para-atuarem-em-barretos-e-regiao\/#primaryimage"},"image":{"@id":"https:\/\/regiaonews.net.br\/2022\/2023\/08\/14\/curso-de-engenharia-civil-do-unifeb-e-impulsionado-pela-alta-demanda-de-profissionais-para-atuarem-em-barretos-e-regiao\/#primaryimage"},"thumbnailUrl":"https:\/\/regiaonews.net.br\/2022\/wp-content\/uploads\/2023\/08\/Ricardo-Paganelli-scaled.jpg","datePublished":"2023-08-14T12:59:10+00:00","dateModified":"2023-08-15T02:00:44+00:00","description":"\u00c9 not\u00e1vel a crescente verticaliza\u00e7\u00e3o dos im\u00f3veis por toda a cidade de\u00a0Barretos. Al\u00e9m da constru\u00e7\u00e3o de novos pr\u00e9dios, o transporte rodovi\u00e1rio\u00a0","breadcrumb":{"@id":"https:\/\/regiaonews.net.br\/2022\/2023\/08\/14\/curso-de-engenharia-civil-do-unifeb-e-impulsionado-pela-alta-demanda-de-profissionais-para-atuarem-em-barretos-e-regiao\/#breadcrumb"},"inLanguage":"pt-BR","potentialAction":[{"@type":"ReadAction","target":["https:\/\/regiaonews.net.br\/2022\/2023\/08\/14\/curso-de-engenharia-civil-do-unifeb-e-impulsionado-pela-alta-demanda-de-profissionais-para-atuarem-em-barretos-e-regiao\/"]}]},{"@type":"ImageObject","inLanguage":"pt-BR","@id":"https:\/\/regiaonews.net.br\/2022\/2023\/08\/14\/curso-de-engenharia-civil-do-unifeb-e-impulsionado-pela-alta-demanda-de-profissionais-para-atuarem-em-barretos-e-regiao\/#primaryimage","url":"https:\/\/regiaonews.net.br\/2022\/wp-content\/uploads\/2023\/08\/Ricardo-Paganelli-scaled.jpg","contentUrl":"https:\/\/regiaonews.net.br\/2022\/wp-content\/uploads\/2023\/08\/Ricardo-Paganelli-scaled.jpg","width":2560,"height":1920},{"@type":"BreadcrumbList","@id":"https:\/\/regiaonews.net.br\/2022\/2023\/08\/14\/curso-de-engenharia-civil-do-unifeb-e-impulsionado-pela-alta-demanda-de-profissionais-para-atuarem-em-barretos-e-regiao\/#breadcrumb","itemListElement":[{"@type":"ListItem","position":1,"name":"In\u00edcio","item":"https:\/\/regiaonews.net.br\/2022\/"},{"@type":"ListItem","position":2,"name":"Curso de Engenharia Civil do UNIFEB \u00e9 impulsionado pela alta demanda de profissionais para atuarem em Barretos e regi\u00e3o\u00a0"}]},{"@type":"WebSite","@id":"https:\/\/regiaonews.net.br\/2022\/#website","url":"https:\/\/regiaonews.net.br\/2022\/","name":"Regi\u00e3o News","description":"Site de Not\u00edcias de Barretos e regi\u00e3o","publisher":{"@id":"https:\/\/regiaonews.net.br\/2022\/#organization"},"potentialAction":[{"@type":"SearchAction","target":{"@type":"EntryPoint","urlTemplate":"https:\/\/regiaonews.net.br\/2022\/?s={search_term_string}"},"query-input":{"@type":"PropertyValueSpecification","valueRequired":true,"valueName":"search_term_string"}}],"inLanguage":"pt-BR"},{"@type":"Organization","@id":"https:\/\/regiaonews.net.br\/2022\/#organization","name":"Regi\u00e3o News","url":"https:\/\/regiaonews.net.br\/2022\/","logo":{"@type":"ImageObject","inLanguage":"pt-BR","@id":"https:\/\/regiaonews.net.br\/2022\/#\/schema\/logo\/image\/","url":"https:\/\/regiaonews.net.br\/2022\/wp-content\/uploads\/2026\/03\/regiao-13-anos-scaled.jpg","contentUrl":"https:\/\/regiaonews.net.br\/2022\/wp-content\/uploads\/2026\/03\/regiao-13-anos-scaled.jpg","width":2560,"height":635,"caption":"Regi\u00e3o News"},"image":{"@id":"https:\/\/regiaonews.net.br\/2022\/#\/schema\/logo\/image\/"}},{"@type":"Person","@id":"https:\/\/regiaonews.net.br\/2022\/#\/schema\/person\/2d205a608a5aa97ac279d7a5e6d89ad8","name":"Roberto","image":{"@type":"ImageObject","inLanguage":"pt-BR","@id":"https:\/\/secure.gravatar.com\/avatar\/42749d8b712ff9d59ca93dc150494e5b55a44134482993f5baeb97e61b7ecc89?s=96&d=mm&r=g","url":"https:\/\/secure.gravatar.com\/avatar\/42749d8b712ff9d59ca93dc150494e5b55a44134482993f5baeb97e61b7ecc89?s=96&d=mm&r=g","contentUrl":"https:\/\/secure.gravatar.com\/avatar\/42749d8b712ff9d59ca93dc150494e5b55a44134482993f5baeb97e61b7ecc89?s=96&d=mm&r=g","caption":"Roberto"},"url":"https:\/\/regiaonews.net.br\/2022\/author\/roberto\/"}]}},"publishpress_future_action":{"enabled":false,"date":"2026-05-03 14:20:04","action":"change-status","newStatus":"draft","terms":[],"taxonomy":"category","extraData":[]},"publishpress_future_workflow_manual_trigger":{"enabledWorkflows":[]},"_links":{"self":[{"href":"https:\/\/regiaonews.net.br\/2022\/wp-json\/wp\/v2\/posts\/93391","targetHints":{"allow":["GET"]}}],"collection":[{"href":"https:\/\/regiaonews.net.br\/2022\/wp-json\/wp\/v2\/posts"}],"about":[{"href":"https:\/\/regiaonews.net.br\/2022\/wp-json\/wp\/v2\/types\/post"}],"author":[{"embeddable":true,"href":"https:\/\/regiaonews.net.br\/2022\/wp-json\/wp\/v2\/users\/2"}],"replies":[{"embeddable":true,"href":"https:\/\/regiaonews.net.br\/2022\/wp-json\/wp\/v2\/comments?post=93391"}],"version-history":[{"count":1,"href":"https:\/\/regiaonews.net.br\/2022\/wp-json\/wp\/v2\/posts\/93391\/revisions"}],"predecessor-version":[{"id":93393,"href":"https:\/\/regiaonews.net.br\/2022\/wp-json\/wp\/v2\/posts\/93391\/revisions\/93393"}],"wp:featuredmedia":[{"embeddable":true,"href":"https:\/\/regiaonews.net.br\/2022\/wp-json\/wp\/v2\/media\/93392"}],"wp:attachment":[{"href":"https:\/\/regiaonews.net.br\/2022\/wp-json\/wp\/v2\/media?parent=93391"}],"wp:term":[{"taxonomy":"category","embeddable":true,"href":"https:\/\/regiaonews.net.br\/2022\/wp-json\/wp\/v2\/categories?post=93391"},{"taxonomy":"post_tag","embeddable":true,"href":"https:\/\/regiaonews.net.br\/2022\/wp-json\/wp\/v2\/tags?post=93391"}],"curies":[{"name":"wp","href":"https:\/\/api.w.org\/{rel}","templated":true}]}}