{"id":93387,"date":"2023-08-14T09:03:10","date_gmt":"2023-08-14T12:03:10","guid":{"rendered":"https:\/\/regiaonews.net.br\/2022\/?p=93387"},"modified":"2023-08-14T09:03:56","modified_gmt":"2023-08-14T12:03:56","slug":"meu-sertao-vence-37a-edicao-da-violeira-rose-abrao","status":"publish","type":"post","link":"https:\/\/regiaonews.net.br\/2022\/2023\/08\/14\/meu-sertao-vence-37a-edicao-da-violeira-rose-abrao\/","title":{"rendered":"Meu Sert\u00e3o vence 37\u00aa edi\u00e7\u00e3o da Violeira Rose Abr\u00e3o"},"content":{"rendered":"<p>Apresenta\u00e7\u00e3o das cinco m\u00fasicas classificadas ocorreu no Mercado Municipal de Barretos na noite de s\u00e1bado, 12 de agosto<\/p>\n<p>Interpretada pela dupla Charles &amp; Murilo, de Franca\/SP, a m\u00fasica Meu Sert\u00e3o foi a grande vencedora do tradicional concurso de m\u00fasica caipira que integra a programa\u00e7\u00e3o da Festa do Pe\u00e3o de Barretos. A Violeira Rose Abr\u00e3o \u00e9 o festival mais antigo do g\u00eanero que se tem not\u00edcia e neste ano chegou \u00e0 sua 37\u00aa edi\u00e7\u00e3o dando voz a grandes talentos.<br \/>\nComposta por Charles Davi, integrante da dupla que se apresentou no evento, a can\u00e7\u00e3o Meu Sert\u00e3o conquistou o corpo de jurados, especialista em m\u00fasica caipira. Entre as regras do concurso, a composi\u00e7\u00e3o precisa necessariamente ser in\u00e9dita.<br \/>\nA dupla de Franca j\u00e1 havia participado do concurso na edi\u00e7\u00e3o de 2022, quando conquistou o terceiro lugar.<br \/>\nClassificadas<br \/>\nTamb\u00e9m participaram da apresenta\u00e7\u00e3o final em Barretos as seguintes can\u00e7\u00f5es: Festa no Barret\u00e3o, de Jos\u00e9 Alberto Silva, Parceiro de Profiss\u00e3o, de C\u00e9lio e Leandro, Viver no Sert\u00e3o, de Valter e Adriano e Vida de Roceiro, de Rick de Carvalho e Ruan.<br \/>\nA Violeira Rose Abr\u00e3o \u00e9 uma realiza\u00e7\u00e3o da Associa\u00e7\u00e3o Os Independentes e apoio da Secretaria Municipal Cultura da Est\u00e2ncia Tur\u00edstica de Barretos.<\/p>\n<p><a href=\"https:\/\/regiaonews.net.br\/2022\/wp-content\/uploads\/2023\/08\/WhatsApp-Image-2023-08-14-at-08.28.00.jpeg\"><img loading=\"lazy\" decoding=\"async\" class=\"alignnone size-medium wp-image-93388\" src=\"https:\/\/regiaonews.net.br\/2022\/wp-content\/uploads\/2023\/08\/WhatsApp-Image-2023-08-14-at-08.28.00-300x225.jpeg\" alt=\"\" width=\"300\" height=\"225\" srcset=\"https:\/\/regiaonews.net.br\/2022\/wp-content\/uploads\/2023\/08\/WhatsApp-Image-2023-08-14-at-08.28.00-300x225.jpeg 300w, https:\/\/regiaonews.net.br\/2022\/wp-content\/uploads\/2023\/08\/WhatsApp-Image-2023-08-14-at-08.28.00-768x576.jpeg 768w, https:\/\/regiaonews.net.br\/2022\/wp-content\/uploads\/2023\/08\/WhatsApp-Image-2023-08-14-at-08.28.00-250x188.jpeg 250w, https:\/\/regiaonews.net.br\/2022\/wp-content\/uploads\/2023\/08\/WhatsApp-Image-2023-08-14-at-08.28.00-200x150.jpeg 200w, https:\/\/regiaonews.net.br\/2022\/wp-content\/uploads\/2023\/08\/WhatsApp-Image-2023-08-14-at-08.28.00.jpeg 800w\" sizes=\"auto, (max-width: 300px) 100vw, 300px\" \/><\/a><\/p>\n<p>Dupla vencedora com o diretor social de Os Independentes Fernando Moni, o secret\u00e1rio de cultura de Barretos, Rog\u00e9rio Teod\u00f3sio, e o produtor do evento Diogo Violino (Guilherme Diniz)<\/p>\n","protected":false},"excerpt":{"rendered":"<p>Apresenta\u00e7\u00e3o das cinco m\u00fasicas classificadas ocorreu no Mercado Municipal de<\/p>\n","protected":false},"author":2,"featured_media":93388,"comment_status":"open","ping_status":"open","sticky":false,"template":"","format":"standard","meta":{"footnotes":""},"categories":[14,45],"tags":[],"class_list":["post-93387","post","type-post","status-publish","format-standard","has-post-thumbnail","hentry","category-barretos","category-festa-do-peao"],"yoast_head":"<!-- This site is optimized with the Yoast SEO plugin v27.4 - https:\/\/yoast.com\/product\/yoast-seo-wordpress\/ -->\n<title>Meu Sert\u00e3o vence 37\u00aa edi\u00e7\u00e3o da Violeira Rose Abr\u00e3o - Regi\u00e3o News<\/title>\n<meta name=\"description\" content=\"Interpretada pela dupla Charles &amp; Murilo, de Franca\/SP, a m\u00fasica Meu Sert\u00e3o foi a grande vencedora do tradicional concurso de m\u00fasica\" \/>\n<meta name=\"robots\" content=\"index, follow, max-snippet:-1, max-image-preview:large, max-video-preview:-1\" \/>\n<link rel=\"canonical\" href=\"https:\/\/regiaonews.net.br\/2022\/2023\/08\/14\/meu-sertao-vence-37a-edicao-da-violeira-rose-abrao\/\" \/>\n<meta property=\"og:locale\" content=\"pt_BR\" \/>\n<meta property=\"og:type\" content=\"article\" \/>\n<meta property=\"og:title\" content=\"Meu Sert\u00e3o vence 37\u00aa edi\u00e7\u00e3o da Violeira Rose Abr\u00e3o - Regi\u00e3o News\" \/>\n<meta property=\"og:description\" content=\"Interpretada pela dupla Charles &amp; Murilo, de Franca\/SP, a m\u00fasica Meu Sert\u00e3o foi a grande vencedora do tradicional concurso de m\u00fasica\" \/>\n<meta property=\"og:url\" content=\"https:\/\/regiaonews.net.br\/2022\/2023\/08\/14\/meu-sertao-vence-37a-edicao-da-violeira-rose-abrao\/\" \/>\n<meta property=\"og:site_name\" content=\"Regi\u00e3o News\" \/>\n<meta property=\"article:published_time\" content=\"2023-08-14T12:03:10+00:00\" \/>\n<meta property=\"article:modified_time\" content=\"2023-08-14T12:03:56+00:00\" \/>\n<meta property=\"og:image\" content=\"https:\/\/regiaonews.net.br\/2022\/wp-content\/uploads\/2023\/08\/WhatsApp-Image-2023-08-14-at-08.28.00.jpeg\" \/>\n\t<meta property=\"og:image:width\" content=\"800\" \/>\n\t<meta property=\"og:image:height\" content=\"600\" \/>\n\t<meta property=\"og:image:type\" content=\"image\/jpeg\" \/>\n<meta name=\"author\" content=\"Roberto\" \/>\n<meta name=\"twitter:card\" content=\"summary_large_image\" \/>\n<meta name=\"twitter:label1\" content=\"Escrito por\" \/>\n\t<meta name=\"twitter:data1\" content=\"Roberto\" \/>\n\t<meta name=\"twitter:label2\" content=\"Est. tempo de leitura\" \/>\n\t<meta name=\"twitter:data2\" content=\"2 minutos\" \/>\n<script type=\"application\/ld+json\" class=\"yoast-schema-graph\">{\"@context\":\"https:\\\/\\\/schema.org\",\"@graph\":[{\"@type\":\"Article\",\"@id\":\"https:\\\/\\\/regiaonews.net.br\\\/2022\\\/2023\\\/08\\\/14\\\/meu-sertao-vence-37a-edicao-da-violeira-rose-abrao\\\/#article\",\"isPartOf\":{\"@id\":\"https:\\\/\\\/regiaonews.net.br\\\/2022\\\/2023\\\/08\\\/14\\\/meu-sertao-vence-37a-edicao-da-violeira-rose-abrao\\\/\"},\"author\":{\"name\":\"Roberto\",\"@id\":\"https:\\\/\\\/regiaonews.net.br\\\/2022\\\/#\\\/schema\\\/person\\\/2d205a608a5aa97ac279d7a5e6d89ad8\"},\"headline\":\"Meu Sert\u00e3o vence 37\u00aa edi\u00e7\u00e3o da Violeira Rose Abr\u00e3o\",\"datePublished\":\"2023-08-14T12:03:10+00:00\",\"dateModified\":\"2023-08-14T12:03:56+00:00\",\"mainEntityOfPage\":{\"@id\":\"https:\\\/\\\/regiaonews.net.br\\\/2022\\\/2023\\\/08\\\/14\\\/meu-sertao-vence-37a-edicao-da-violeira-rose-abrao\\\/\"},\"wordCount\":263,\"commentCount\":0,\"publisher\":{\"@id\":\"https:\\\/\\\/regiaonews.net.br\\\/2022\\\/#organization\"},\"image\":{\"@id\":\"https:\\\/\\\/regiaonews.net.br\\\/2022\\\/2023\\\/08\\\/14\\\/meu-sertao-vence-37a-edicao-da-violeira-rose-abrao\\\/#primaryimage\"},\"thumbnailUrl\":\"https:\\\/\\\/regiaonews.net.br\\\/2022\\\/wp-content\\\/uploads\\\/2023\\\/08\\\/WhatsApp-Image-2023-08-14-at-08.28.00.jpeg\",\"articleSection\":[\"Barretos\",\"Festa do Pe\u00e3o\"],\"inLanguage\":\"pt-BR\",\"potentialAction\":[{\"@type\":\"CommentAction\",\"name\":\"Comment\",\"target\":[\"https:\\\/\\\/regiaonews.net.br\\\/2022\\\/2023\\\/08\\\/14\\\/meu-sertao-vence-37a-edicao-da-violeira-rose-abrao\\\/#respond\"]}]},{\"@type\":\"WebPage\",\"@id\":\"https:\\\/\\\/regiaonews.net.br\\\/2022\\\/2023\\\/08\\\/14\\\/meu-sertao-vence-37a-edicao-da-violeira-rose-abrao\\\/\",\"url\":\"https:\\\/\\\/regiaonews.net.br\\\/2022\\\/2023\\\/08\\\/14\\\/meu-sertao-vence-37a-edicao-da-violeira-rose-abrao\\\/\",\"name\":\"Meu Sert\u00e3o vence 37\u00aa edi\u00e7\u00e3o da Violeira Rose Abr\u00e3o - Regi\u00e3o News\",\"isPartOf\":{\"@id\":\"https:\\\/\\\/regiaonews.net.br\\\/2022\\\/#website\"},\"primaryImageOfPage\":{\"@id\":\"https:\\\/\\\/regiaonews.net.br\\\/2022\\\/2023\\\/08\\\/14\\\/meu-sertao-vence-37a-edicao-da-violeira-rose-abrao\\\/#primaryimage\"},\"image\":{\"@id\":\"https:\\\/\\\/regiaonews.net.br\\\/2022\\\/2023\\\/08\\\/14\\\/meu-sertao-vence-37a-edicao-da-violeira-rose-abrao\\\/#primaryimage\"},\"thumbnailUrl\":\"https:\\\/\\\/regiaonews.net.br\\\/2022\\\/wp-content\\\/uploads\\\/2023\\\/08\\\/WhatsApp-Image-2023-08-14-at-08.28.00.jpeg\",\"datePublished\":\"2023-08-14T12:03:10+00:00\",\"dateModified\":\"2023-08-14T12:03:56+00:00\",\"description\":\"Interpretada pela dupla Charles & Murilo, de Franca\\\/SP, a m\u00fasica Meu Sert\u00e3o foi a grande vencedora do tradicional concurso de m\u00fasica\",\"breadcrumb\":{\"@id\":\"https:\\\/\\\/regiaonews.net.br\\\/2022\\\/2023\\\/08\\\/14\\\/meu-sertao-vence-37a-edicao-da-violeira-rose-abrao\\\/#breadcrumb\"},\"inLanguage\":\"pt-BR\",\"potentialAction\":[{\"@type\":\"ReadAction\",\"target\":[\"https:\\\/\\\/regiaonews.net.br\\\/2022\\\/2023\\\/08\\\/14\\\/meu-sertao-vence-37a-edicao-da-violeira-rose-abrao\\\/\"]}]},{\"@type\":\"ImageObject\",\"inLanguage\":\"pt-BR\",\"@id\":\"https:\\\/\\\/regiaonews.net.br\\\/2022\\\/2023\\\/08\\\/14\\\/meu-sertao-vence-37a-edicao-da-violeira-rose-abrao\\\/#primaryimage\",\"url\":\"https:\\\/\\\/regiaonews.net.br\\\/2022\\\/wp-content\\\/uploads\\\/2023\\\/08\\\/WhatsApp-Image-2023-08-14-at-08.28.00.jpeg\",\"contentUrl\":\"https:\\\/\\\/regiaonews.net.br\\\/2022\\\/wp-content\\\/uploads\\\/2023\\\/08\\\/WhatsApp-Image-2023-08-14-at-08.28.00.jpeg\",\"width\":800,\"height\":600},{\"@type\":\"BreadcrumbList\",\"@id\":\"https:\\\/\\\/regiaonews.net.br\\\/2022\\\/2023\\\/08\\\/14\\\/meu-sertao-vence-37a-edicao-da-violeira-rose-abrao\\\/#breadcrumb\",\"itemListElement\":[{\"@type\":\"ListItem\",\"position\":1,\"name\":\"In\u00edcio\",\"item\":\"https:\\\/\\\/regiaonews.net.br\\\/2022\\\/\"},{\"@type\":\"ListItem\",\"position\":2,\"name\":\"Meu Sert\u00e3o vence 37\u00aa edi\u00e7\u00e3o da Violeira Rose Abr\u00e3o\"}]},{\"@type\":\"WebSite\",\"@id\":\"https:\\\/\\\/regiaonews.net.br\\\/2022\\\/#website\",\"url\":\"https:\\\/\\\/regiaonews.net.br\\\/2022\\\/\",\"name\":\"Regi\u00e3o News\",\"description\":\"Site de Not\u00edcias de Barretos e regi\u00e3o\",\"publisher\":{\"@id\":\"https:\\\/\\\/regiaonews.net.br\\\/2022\\\/#organization\"},\"potentialAction\":[{\"@type\":\"SearchAction\",\"target\":{\"@type\":\"EntryPoint\",\"urlTemplate\":\"https:\\\/\\\/regiaonews.net.br\\\/2022\\\/?s={search_term_string}\"},\"query-input\":{\"@type\":\"PropertyValueSpecification\",\"valueRequired\":true,\"valueName\":\"search_term_string\"}}],\"inLanguage\":\"pt-BR\"},{\"@type\":\"Organization\",\"@id\":\"https:\\\/\\\/regiaonews.net.br\\\/2022\\\/#organization\",\"name\":\"Regi\u00e3o News\",\"url\":\"https:\\\/\\\/regiaonews.net.br\\\/2022\\\/\",\"logo\":{\"@type\":\"ImageObject\",\"inLanguage\":\"pt-BR\",\"@id\":\"https:\\\/\\\/regiaonews.net.br\\\/2022\\\/#\\\/schema\\\/logo\\\/image\\\/\",\"url\":\"https:\\\/\\\/regiaonews.net.br\\\/2022\\\/wp-content\\\/uploads\\\/2026\\\/03\\\/regiao-13-anos-scaled.jpg\",\"contentUrl\":\"https:\\\/\\\/regiaonews.net.br\\\/2022\\\/wp-content\\\/uploads\\\/2026\\\/03\\\/regiao-13-anos-scaled.jpg\",\"width\":2560,\"height\":635,\"caption\":\"Regi\u00e3o News\"},\"image\":{\"@id\":\"https:\\\/\\\/regiaonews.net.br\\\/2022\\\/#\\\/schema\\\/logo\\\/image\\\/\"}},{\"@type\":\"Person\",\"@id\":\"https:\\\/\\\/regiaonews.net.br\\\/2022\\\/#\\\/schema\\\/person\\\/2d205a608a5aa97ac279d7a5e6d89ad8\",\"name\":\"Roberto\",\"image\":{\"@type\":\"ImageObject\",\"inLanguage\":\"pt-BR\",\"@id\":\"https:\\\/\\\/secure.gravatar.com\\\/avatar\\\/42749d8b712ff9d59ca93dc150494e5b55a44134482993f5baeb97e61b7ecc89?s=96&d=mm&r=g\",\"url\":\"https:\\\/\\\/secure.gravatar.com\\\/avatar\\\/42749d8b712ff9d59ca93dc150494e5b55a44134482993f5baeb97e61b7ecc89?s=96&d=mm&r=g\",\"contentUrl\":\"https:\\\/\\\/secure.gravatar.com\\\/avatar\\\/42749d8b712ff9d59ca93dc150494e5b55a44134482993f5baeb97e61b7ecc89?s=96&d=mm&r=g\",\"caption\":\"Roberto\"},\"url\":\"https:\\\/\\\/regiaonews.net.br\\\/2022\\\/author\\\/roberto\\\/\"}]}<\/script>\n<!-- \/ Yoast SEO plugin. -->","yoast_head_json":{"title":"Meu Sert\u00e3o vence 37\u00aa edi\u00e7\u00e3o da Violeira Rose Abr\u00e3o - Regi\u00e3o News","description":"Interpretada pela dupla Charles & Murilo, de Franca\/SP, a m\u00fasica Meu Sert\u00e3o foi a grande vencedora do tradicional concurso de m\u00fasica","robots":{"index":"index","follow":"follow","max-snippet":"max-snippet:-1","max-image-preview":"max-image-preview:large","max-video-preview":"max-video-preview:-1"},"canonical":"https:\/\/regiaonews.net.br\/2022\/2023\/08\/14\/meu-sertao-vence-37a-edicao-da-violeira-rose-abrao\/","og_locale":"pt_BR","og_type":"article","og_title":"Meu Sert\u00e3o vence 37\u00aa edi\u00e7\u00e3o da Violeira Rose Abr\u00e3o - Regi\u00e3o News","og_description":"Interpretada pela dupla Charles & Murilo, de Franca\/SP, a m\u00fasica Meu Sert\u00e3o foi a grande vencedora do tradicional concurso de m\u00fasica","og_url":"https:\/\/regiaonews.net.br\/2022\/2023\/08\/14\/meu-sertao-vence-37a-edicao-da-violeira-rose-abrao\/","og_site_name":"Regi\u00e3o News","article_published_time":"2023-08-14T12:03:10+00:00","article_modified_time":"2023-08-14T12:03:56+00:00","og_image":[{"width":800,"height":600,"url":"https:\/\/regiaonews.net.br\/2022\/wp-content\/uploads\/2023\/08\/WhatsApp-Image-2023-08-14-at-08.28.00.jpeg","type":"image\/jpeg"}],"author":"Roberto","twitter_card":"summary_large_image","twitter_misc":{"Escrito por":"Roberto","Est. tempo de leitura":"2 minutos"},"schema":{"@context":"https:\/\/schema.org","@graph":[{"@type":"Article","@id":"https:\/\/regiaonews.net.br\/2022\/2023\/08\/14\/meu-sertao-vence-37a-edicao-da-violeira-rose-abrao\/#article","isPartOf":{"@id":"https:\/\/regiaonews.net.br\/2022\/2023\/08\/14\/meu-sertao-vence-37a-edicao-da-violeira-rose-abrao\/"},"author":{"name":"Roberto","@id":"https:\/\/regiaonews.net.br\/2022\/#\/schema\/person\/2d205a608a5aa97ac279d7a5e6d89ad8"},"headline":"Meu Sert\u00e3o vence 37\u00aa edi\u00e7\u00e3o da Violeira Rose Abr\u00e3o","datePublished":"2023-08-14T12:03:10+00:00","dateModified":"2023-08-14T12:03:56+00:00","mainEntityOfPage":{"@id":"https:\/\/regiaonews.net.br\/2022\/2023\/08\/14\/meu-sertao-vence-37a-edicao-da-violeira-rose-abrao\/"},"wordCount":263,"commentCount":0,"publisher":{"@id":"https:\/\/regiaonews.net.br\/2022\/#organization"},"image":{"@id":"https:\/\/regiaonews.net.br\/2022\/2023\/08\/14\/meu-sertao-vence-37a-edicao-da-violeira-rose-abrao\/#primaryimage"},"thumbnailUrl":"https:\/\/regiaonews.net.br\/2022\/wp-content\/uploads\/2023\/08\/WhatsApp-Image-2023-08-14-at-08.28.00.jpeg","articleSection":["Barretos","Festa do Pe\u00e3o"],"inLanguage":"pt-BR","potentialAction":[{"@type":"CommentAction","name":"Comment","target":["https:\/\/regiaonews.net.br\/2022\/2023\/08\/14\/meu-sertao-vence-37a-edicao-da-violeira-rose-abrao\/#respond"]}]},{"@type":"WebPage","@id":"https:\/\/regiaonews.net.br\/2022\/2023\/08\/14\/meu-sertao-vence-37a-edicao-da-violeira-rose-abrao\/","url":"https:\/\/regiaonews.net.br\/2022\/2023\/08\/14\/meu-sertao-vence-37a-edicao-da-violeira-rose-abrao\/","name":"Meu Sert\u00e3o vence 37\u00aa edi\u00e7\u00e3o da Violeira Rose Abr\u00e3o - Regi\u00e3o News","isPartOf":{"@id":"https:\/\/regiaonews.net.br\/2022\/#website"},"primaryImageOfPage":{"@id":"https:\/\/regiaonews.net.br\/2022\/2023\/08\/14\/meu-sertao-vence-37a-edicao-da-violeira-rose-abrao\/#primaryimage"},"image":{"@id":"https:\/\/regiaonews.net.br\/2022\/2023\/08\/14\/meu-sertao-vence-37a-edicao-da-violeira-rose-abrao\/#primaryimage"},"thumbnailUrl":"https:\/\/regiaonews.net.br\/2022\/wp-content\/uploads\/2023\/08\/WhatsApp-Image-2023-08-14-at-08.28.00.jpeg","datePublished":"2023-08-14T12:03:10+00:00","dateModified":"2023-08-14T12:03:56+00:00","description":"Interpretada pela dupla Charles & Murilo, de Franca\/SP, a m\u00fasica Meu Sert\u00e3o foi a grande vencedora do tradicional concurso de m\u00fasica","breadcrumb":{"@id":"https:\/\/regiaonews.net.br\/2022\/2023\/08\/14\/meu-sertao-vence-37a-edicao-da-violeira-rose-abrao\/#breadcrumb"},"inLanguage":"pt-BR","potentialAction":[{"@type":"ReadAction","target":["https:\/\/regiaonews.net.br\/2022\/2023\/08\/14\/meu-sertao-vence-37a-edicao-da-violeira-rose-abrao\/"]}]},{"@type":"ImageObject","inLanguage":"pt-BR","@id":"https:\/\/regiaonews.net.br\/2022\/2023\/08\/14\/meu-sertao-vence-37a-edicao-da-violeira-rose-abrao\/#primaryimage","url":"https:\/\/regiaonews.net.br\/2022\/wp-content\/uploads\/2023\/08\/WhatsApp-Image-2023-08-14-at-08.28.00.jpeg","contentUrl":"https:\/\/regiaonews.net.br\/2022\/wp-content\/uploads\/2023\/08\/WhatsApp-Image-2023-08-14-at-08.28.00.jpeg","width":800,"height":600},{"@type":"BreadcrumbList","@id":"https:\/\/regiaonews.net.br\/2022\/2023\/08\/14\/meu-sertao-vence-37a-edicao-da-violeira-rose-abrao\/#breadcrumb","itemListElement":[{"@type":"ListItem","position":1,"name":"In\u00edcio","item":"https:\/\/regiaonews.net.br\/2022\/"},{"@type":"ListItem","position":2,"name":"Meu Sert\u00e3o vence 37\u00aa edi\u00e7\u00e3o da Violeira Rose Abr\u00e3o"}]},{"@type":"WebSite","@id":"https:\/\/regiaonews.net.br\/2022\/#website","url":"https:\/\/regiaonews.net.br\/2022\/","name":"Regi\u00e3o News","description":"Site de Not\u00edcias de Barretos e regi\u00e3o","publisher":{"@id":"https:\/\/regiaonews.net.br\/2022\/#organization"},"potentialAction":[{"@type":"SearchAction","target":{"@type":"EntryPoint","urlTemplate":"https:\/\/regiaonews.net.br\/2022\/?s={search_term_string}"},"query-input":{"@type":"PropertyValueSpecification","valueRequired":true,"valueName":"search_term_string"}}],"inLanguage":"pt-BR"},{"@type":"Organization","@id":"https:\/\/regiaonews.net.br\/2022\/#organization","name":"Regi\u00e3o News","url":"https:\/\/regiaonews.net.br\/2022\/","logo":{"@type":"ImageObject","inLanguage":"pt-BR","@id":"https:\/\/regiaonews.net.br\/2022\/#\/schema\/logo\/image\/","url":"https:\/\/regiaonews.net.br\/2022\/wp-content\/uploads\/2026\/03\/regiao-13-anos-scaled.jpg","contentUrl":"https:\/\/regiaonews.net.br\/2022\/wp-content\/uploads\/2026\/03\/regiao-13-anos-scaled.jpg","width":2560,"height":635,"caption":"Regi\u00e3o News"},"image":{"@id":"https:\/\/regiaonews.net.br\/2022\/#\/schema\/logo\/image\/"}},{"@type":"Person","@id":"https:\/\/regiaonews.net.br\/2022\/#\/schema\/person\/2d205a608a5aa97ac279d7a5e6d89ad8","name":"Roberto","image":{"@type":"ImageObject","inLanguage":"pt-BR","@id":"https:\/\/secure.gravatar.com\/avatar\/42749d8b712ff9d59ca93dc150494e5b55a44134482993f5baeb97e61b7ecc89?s=96&d=mm&r=g","url":"https:\/\/secure.gravatar.com\/avatar\/42749d8b712ff9d59ca93dc150494e5b55a44134482993f5baeb97e61b7ecc89?s=96&d=mm&r=g","contentUrl":"https:\/\/secure.gravatar.com\/avatar\/42749d8b712ff9d59ca93dc150494e5b55a44134482993f5baeb97e61b7ecc89?s=96&d=mm&r=g","caption":"Roberto"},"url":"https:\/\/regiaonews.net.br\/2022\/author\/roberto\/"}]}},"publishpress_future_action":{"enabled":false,"date":"2026-05-03 14:19:54","action":"change-status","newStatus":"draft","terms":[],"taxonomy":"category","extraData":[]},"publishpress_future_workflow_manual_trigger":{"enabledWorkflows":[]},"_links":{"self":[{"href":"https:\/\/regiaonews.net.br\/2022\/wp-json\/wp\/v2\/posts\/93387","targetHints":{"allow":["GET"]}}],"collection":[{"href":"https:\/\/regiaonews.net.br\/2022\/wp-json\/wp\/v2\/posts"}],"about":[{"href":"https:\/\/regiaonews.net.br\/2022\/wp-json\/wp\/v2\/types\/post"}],"author":[{"embeddable":true,"href":"https:\/\/regiaonews.net.br\/2022\/wp-json\/wp\/v2\/users\/2"}],"replies":[{"embeddable":true,"href":"https:\/\/regiaonews.net.br\/2022\/wp-json\/wp\/v2\/comments?post=93387"}],"version-history":[{"count":2,"href":"https:\/\/regiaonews.net.br\/2022\/wp-json\/wp\/v2\/posts\/93387\/revisions"}],"predecessor-version":[{"id":93390,"href":"https:\/\/regiaonews.net.br\/2022\/wp-json\/wp\/v2\/posts\/93387\/revisions\/93390"}],"wp:featuredmedia":[{"embeddable":true,"href":"https:\/\/regiaonews.net.br\/2022\/wp-json\/wp\/v2\/media\/93388"}],"wp:attachment":[{"href":"https:\/\/regiaonews.net.br\/2022\/wp-json\/wp\/v2\/media?parent=93387"}],"wp:term":[{"taxonomy":"category","embeddable":true,"href":"https:\/\/regiaonews.net.br\/2022\/wp-json\/wp\/v2\/categories?post=93387"},{"taxonomy":"post_tag","embeddable":true,"href":"https:\/\/regiaonews.net.br\/2022\/wp-json\/wp\/v2\/tags?post=93387"}],"curies":[{"name":"wp","href":"https:\/\/api.w.org\/{rel}","templated":true}]}}